{"id":91,"date":"2018-12-19T07:28:49","date_gmt":"2018-12-19T09:28:49","guid":{"rendered":"http:\/\/serv3xceler.com.br\/vivian-loureiro\/blog\/?p=91"},"modified":"2021-02-16T16:53:09","modified_gmt":"2021-02-16T19:53:09","slug":"rotina-de-skincare-produtos-dermatologicos-qual-a-ordem-correta-de-aplicacao","status":"publish","type":"post","link":"https:\/\/www.dravivianloureiro.com.br\/blog\/rotina-de-skincare-produtos-dermatologicos-qual-a-ordem-correta-de-aplicacao\/","title":{"rendered":"Rotina de Skincare 2021: Qual a Ordem Correta dos Produtos?"},"content":{"rendered":"<p class=\"estimated-read-time\">Tempo de leitura:<small> 2 minutos<\/small><\/p> <p>S\u00e3o tantos produtos dermatol\u00f3gicos dispon\u00edveis no mercado que, n\u00e3o raramente,\u00a0as pessoas acabam se confundindo\u00a0com a\u00a0ordem em que eles devem ser aplicados.\u00a0Seguir as etapas corretamente facilita a rotina di\u00e1ria e otimiza os efeitos esperados.<\/p>\n<p>Nem todo mundo precisa usar tudo para ter uma pele bonita e saud\u00e1vel. \u00c9 muito importante adequar o tratamento \u00e0s reais necessidades\u00a0de cada paciente.<\/p>\n<p>De modo geral, podemos seguir a seguinte sequ\u00eancia:<\/p>\n<h2>Cuidados com a pele pela Manh\u00e3<\/h2>\n<ol>\n<li>Lavar o rosto com sabonete (barra ou l\u00edquido) ou gel de limpeza,\u00a0espec\u00edfico para o seu tipo de pele &#8211; por exemplo, peles oleosas devem utilizar produtos que auxiliam no controle da oleosidade<\/li>\n<li>Aplicar lo\u00e7\u00e3o t\u00f4nica ou lo\u00e7\u00e3o adstringente, se houver necessidade<\/li>\n<li>Aplicar o produto para contorno dos olhos<\/li>\n<li>Aplicar o produto para o rosto e pesco\u00e7o &#8211; o tipo varia conforme a necessidade de cada um\u00a0(por exemplo, produtos anti-envelhecimento, clareadores, antioxidantes, hidratantes etc)<\/li>\n<li>Aplicar o protetor solar (usar diariamente, mesmo se chuva ou se tempo nublado) &#8211; a escolha do protetor tamb\u00e9m deve ser adequada para cada tipo de pele<\/li>\n<li>Por fim, aplicar a maquiagem<\/li>\n<\/ol>\n<p>Obs: \u00e9 muito importante lembrar de aplicar o <a href=\"https:\/\/www.dravivianloureiro.com.br\/blog\/protetor-solar-e-importante-usar-protetor-no-dia-a-dia\/\">protetor solar<\/a> em todas as \u00e1reas expostas, isto \u00e9, rosto, pesco\u00e7o, m\u00e3os e, dependendo da roupa, bra\u00e7os e pernas. Os homens n\u00e3o devem esquecer de aplicar tamb\u00e9m nas orelhas e na <a href=\"https:\/\/www.dravivianloureiro.com.br\/blog\/queda-de-cabelo-quando-devemos-nos-preocupar\/\">\u00e1rea da calvice<\/a>, se for o caso.<\/p>\n<h2>Rotina Skincare na parte da Noite<\/h2>\n<ol>\n<li>Remover a maquiagem &#8211; utilizar, se necess\u00e1rio, um demaquilante espec\u00edfico para \u00e1rea dos olhos e outro, para o restante do rosto<\/li>\n<li>Lavar o rosto\u00a0com sabonete (barra ou l\u00edquido)\u00a0ou gel de limpeza &#8211; em geral, \u00e9\u00a0o mesmo produto que se usa para a lavagem da manh\u00e3<\/li>\n<li>Aplicar lo\u00e7\u00e3o t\u00f4nica ou lo\u00e7\u00e3o\u00a0adstringente, se houver necessidade<\/li>\n<li>Aplicar produto para contorno dos olhos<\/li>\n<li>Aplicar demais produtos: rosto, pesco\u00e7o e colo &#8211;\u00a0 a escolha desses produtos leva em considera\u00e7\u00e3o as necessidades de cada pessoa<\/li>\n<\/ol>\n<p>Devemos esperar alguns minutos entre as etapas, para que os produtos\u00a0sejam totalmente absorvidos.<\/p>\n<p>Aplicando da forma correta, conseguimos\u00a0garantir a a\u00e7\u00e3o esperada de cada produto, otimizando,\u00a0assim,\u00a0os resultados.<\/p>\n","protected":false},"excerpt":{"rendered":"<p><small> 2 minutos<\/small> S\u00e3o tantos produtos dermatol\u00f3gicos dispon\u00edveis no mercado que, n\u00e3o raramente,\u00a0as pessoas acabam se confundindo\u00a0com a\u00a0ordem em que eles devem ser aplicados.\u00a0Seguir as etapas corretamente facilita a rotina di\u00e1ria e otimiza os efeitos esperados. Nem todo mundo precisa usar tudo para ter uma pele bonita e saud\u00e1vel. \u00c9 muito importante adequar o tratamento \u00e0s reais necessidades\u00a0de cada paciente. De modo geral, podemos seguir a seguinte sequ\u00eancia: Cuidados com a pele pela Manh\u00e3 Lavar o rosto com sabonete (barra ou l\u00edquido) ou gel de <a href=\"https:\/\/www.dravivianloureiro.com.br\/blog\/rotina-de-skincare-produtos-dermatologicos-qual-a-ordem-correta-de-aplicacao\/\" class=\"more-link\"><span>Continue lendo<\/span>\u2192<\/a><\/p>\n","protected":false},"author":1,"featured_media":92,"comment_status":"open","ping_status":"open","sticky":false,"template":"","format":"standard","meta":[],"categories":[7],"tags":[180,184,182,116,183,179,181,178,177],"yoast_head":"<!-- This site is optimized with the Yoast SEO plugin v20.6 - https:\/\/yoast.com\/wordpress\/plugins\/seo\/ -->\n<title>Rotina de Skincare Qual a Ordem Correta dos Produtos Dermatol\u00f3gicos?<\/title>\n<meta name=\"description\" content=\"Dra. Vivian Loureiro Responde Com a Ordem Correta de Aplica\u00e7\u00e3o dos Produtos e Todas as Precau\u00e7\u00f5es que Devemos Tomar na Rotina de Skincare.\" \/>\n<meta name=\"robots\" content=\"index, follow, max-snippet:-1, max-image-preview:large, max-video-preview:-1\" \/>\n<link rel=\"canonical\" href=\"https:\/\/www.dravivianloureiro.com.br\/blog\/rotina-de-skincare-produtos-dermatologicos-qual-a-ordem-correta-de-aplicacao\/\" \/>\n<meta property=\"og:locale\" content=\"pt_BR\" \/>\n<meta property=\"og:type\" content=\"article\" \/>\n<meta property=\"og:title\" content=\"Rotina de Skincare Qual a Ordem Correta dos Produtos Dermatol\u00f3gicos?\" \/>\n<meta property=\"og:description\" content=\"Dra. Vivian Loureiro Responde Com a Ordem Correta de Aplica\u00e7\u00e3o dos Produtos e Todas as Precau\u00e7\u00f5es que Devemos Tomar na Rotina de Skincare.\" \/>\n<meta property=\"og:url\" content=\"https:\/\/www.dravivianloureiro.com.br\/blog\/rotina-de-skincare-produtos-dermatologicos-qual-a-ordem-correta-de-aplicacao\/\" \/>\n<meta property=\"og:site_name\" content=\"Dra. Vivian Loureiro\" \/>\n<meta property=\"article:publisher\" content=\"https:\/\/pt-br.facebook.com\/vivianloureirodermatologia\/\" \/>\n<meta property=\"article:author\" content=\"https:\/\/pt-br.facebook.com\/vivianloureirodermatologia\/\" \/>\n<meta property=\"article:published_time\" content=\"2018-12-19T09:28:49+00:00\" \/>\n<meta property=\"article:modified_time\" content=\"2021-02-16T19:53:09+00:00\" \/>\n<meta property=\"og:image\" content=\"https:\/\/www.dravivianloureiro.com.br\/blog\/wp-content\/uploads\/2018\/12\/produtos-dermatologicos-como-utilizar.jpg\" \/>\n\t<meta property=\"og:image:width\" content=\"1494\" \/>\n\t<meta property=\"og:image:height\" content=\"1272\" \/>\n\t<meta property=\"og:image:type\" content=\"image\/jpeg\" \/>\n<meta name=\"author\" content=\"Vivian Loureiro\" \/>\n<meta name=\"twitter:card\" content=\"summary_large_image\" \/>\n<meta name=\"twitter:label1\" content=\"Escrito por\" \/>\n\t<meta name=\"twitter:data1\" content=\"Vivian Loureiro\" \/>\n\t<meta name=\"twitter:label2\" content=\"Est. tempo de leitura\" \/>\n\t<meta name=\"twitter:data2\" content=\"2 minutos\" \/>\n<script type=\"application\/ld+json\" class=\"yoast-schema-graph\">{\"@context\":\"https:\/\/schema.org\",\"@graph\":[{\"@type\":\"Article\",\"@id\":\"https:\/\/www.dravivianloureiro.com.br\/blog\/rotina-de-skincare-produtos-dermatologicos-qual-a-ordem-correta-de-aplicacao\/#article\",\"isPartOf\":{\"@id\":\"https:\/\/www.dravivianloureiro.com.br\/blog\/rotina-de-skincare-produtos-dermatologicos-qual-a-ordem-correta-de-aplicacao\/\"},\"author\":{\"name\":\"Vivian Loureiro\",\"@id\":\"https:\/\/www.dravivianloureiro.com.br\/blog\/#\/schema\/person\/f6272c0e48dae4364ef626c598c5cb84\"},\"headline\":\"Rotina de Skincare 2021: Qual a Ordem Correta dos Produtos?\",\"datePublished\":\"2018-12-19T09:28:49+00:00\",\"dateModified\":\"2021-02-16T19:53:09+00:00\",\"mainEntityOfPage\":{\"@id\":\"https:\/\/www.dravivianloureiro.com.br\/blog\/rotina-de-skincare-produtos-dermatologicos-qual-a-ordem-correta-de-aplicacao\/\"},\"wordCount\":381,\"commentCount\":0,\"publisher\":{\"@id\":\"https:\/\/www.dravivianloureiro.com.br\/blog\/#organization\"},\"keywords\":[\"aplica\u00e7\u00e3o de produtos dermatol\u00f3gicos\",\"dermato skincare itaim\",\"dermatologista especialista em produtos dermatol\u00f3gicos\",\"dra vivian loureiro\",\"especialista em rotina skincare\",\"ordem da rotina skincare\",\"ordem de aplicar produtos na pele\",\"ordem dos cremes para pele\",\"rotina skincare\"],\"articleSection\":[\"Dicas e Cuidados\"],\"inLanguage\":\"pt-BR\",\"potentialAction\":[{\"@type\":\"CommentAction\",\"name\":\"Comment\",\"target\":[\"https:\/\/www.dravivianloureiro.com.br\/blog\/rotina-de-skincare-produtos-dermatologicos-qual-a-ordem-correta-de-aplicacao\/#respond\"]}]},{\"@type\":\"WebPage\",\"@id\":\"https:\/\/www.dravivianloureiro.com.br\/blog\/rotina-de-skincare-produtos-dermatologicos-qual-a-ordem-correta-de-aplicacao\/\",\"url\":\"https:\/\/www.dravivianloureiro.com.br\/blog\/rotina-de-skincare-produtos-dermatologicos-qual-a-ordem-correta-de-aplicacao\/\",\"name\":\"Rotina de Skincare Qual a Ordem Correta dos Produtos Dermatol\u00f3gicos?\",\"isPartOf\":{\"@id\":\"https:\/\/www.dravivianloureiro.com.br\/blog\/#website\"},\"datePublished\":\"2018-12-19T09:28:49+00:00\",\"dateModified\":\"2021-02-16T19:53:09+00:00\",\"description\":\"Dra. Vivian Loureiro Responde Com a Ordem Correta de Aplica\u00e7\u00e3o dos Produtos e Todas as Precau\u00e7\u00f5es que Devemos Tomar na Rotina de Skincare.\",\"breadcrumb\":{\"@id\":\"https:\/\/www.dravivianloureiro.com.br\/blog\/rotina-de-skincare-produtos-dermatologicos-qual-a-ordem-correta-de-aplicacao\/#breadcrumb\"},\"inLanguage\":\"pt-BR\",\"potentialAction\":[{\"@type\":\"ReadAction\",\"target\":[\"https:\/\/www.dravivianloureiro.com.br\/blog\/rotina-de-skincare-produtos-dermatologicos-qual-a-ordem-correta-de-aplicacao\/\"]}]},{\"@type\":\"BreadcrumbList\",\"@id\":\"https:\/\/www.dravivianloureiro.com.br\/blog\/rotina-de-skincare-produtos-dermatologicos-qual-a-ordem-correta-de-aplicacao\/#breadcrumb\",\"itemListElement\":[{\"@type\":\"ListItem\",\"position\":1,\"name\":\"In\u00edcio\",\"item\":\"https:\/\/www.dravivianloureiro.com.br\/blog\/\"},{\"@type\":\"ListItem\",\"position\":2,\"name\":\"Rotina de Skincare 2021: Qual a Ordem Correta dos Produtos?\"}]},{\"@type\":\"WebSite\",\"@id\":\"https:\/\/www.dravivianloureiro.com.br\/blog\/#website\",\"url\":\"https:\/\/www.dravivianloureiro.com.br\/blog\/\",\"name\":\"Dermatologista Vivian Loureiro\",\"description\":\"\",\"publisher\":{\"@id\":\"https:\/\/www.dravivianloureiro.com.br\/blog\/#organization\"},\"potentialAction\":[{\"@type\":\"SearchAction\",\"target\":{\"@type\":\"EntryPoint\",\"urlTemplate\":\"https:\/\/www.dravivianloureiro.com.br\/blog\/?s={search_term_string}\"},\"query-input\":\"required name=search_term_string\"}],\"inLanguage\":\"pt-BR\"},{\"@type\":\"Organization\",\"@id\":\"https:\/\/www.dravivianloureiro.com.br\/blog\/#organization\",\"name\":\"Dra. Vivian Loureiro - Dermatologista Em S\u00e3o Paulo\",\"url\":\"https:\/\/www.dravivianloureiro.com.br\/blog\/\",\"logo\":{\"@type\":\"ImageObject\",\"inLanguage\":\"pt-BR\",\"@id\":\"https:\/\/www.dravivianloureiro.com.br\/blog\/#\/schema\/logo\/image\/\",\"url\":\"https:\/\/www.dravivianloureiro.com.br\/blog\/wp-content\/uploads\/2018\/08\/favicon.jpg\",\"contentUrl\":\"https:\/\/www.dravivianloureiro.com.br\/blog\/wp-content\/uploads\/2018\/08\/favicon.jpg\",\"width\":112,\"height\":112,\"caption\":\"Dra. Vivian Loureiro - Dermatologista Em S\u00e3o Paulo\"},\"image\":{\"@id\":\"https:\/\/www.dravivianloureiro.com.br\/blog\/#\/schema\/logo\/image\/\"},\"sameAs\":[\"https:\/\/pt-br.facebook.com\/vivianloureirodermatologia\/\",\"https:\/\/www.instagram.com\/vivianloureirodermatologia\/\",\"https:\/\/www.linkedin.com\/in\/vivian-barzi-loureiro-a6412887\/\"]},{\"@type\":\"Person\",\"@id\":\"https:\/\/www.dravivianloureiro.com.br\/blog\/#\/schema\/person\/f6272c0e48dae4364ef626c598c5cb84\",\"name\":\"Vivian Loureiro\",\"image\":{\"@type\":\"ImageObject\",\"inLanguage\":\"pt-BR\",\"@id\":\"https:\/\/www.dravivianloureiro.com.br\/blog\/#\/schema\/person\/image\/\",\"url\":\"https:\/\/secure.gravatar.com\/avatar\/8ee2b0fae98657240c77e822ae139ad3?s=96&d=wp_user_avatar&r=g\",\"contentUrl\":\"https:\/\/secure.gravatar.com\/avatar\/8ee2b0fae98657240c77e822ae139ad3?s=96&d=wp_user_avatar&r=g\",\"caption\":\"Vivian Loureiro\"},\"description\":\"M\u00e9dica formada pela Universidade de S\u00e3o Paulo (USP). Realizou resid\u00eancia m\u00e9dica em Dermatologia e complementa\u00e7\u00e3o em Cosmiatria e Laser pelo departamento de Dermatologia do Hospital das Cl\u00ednicas da Faculdade de Medicina da Universidade de S\u00e3o Paulo (USP). Possui t\u00edtulo de especialista em Dermatologia. \u00c9 membro da Sociedade Brasileira de Dermatologia (SBD) e Sociedade Brasileira de Cirurgia Dermatol\u00f3gica (SBCD) e m\u00e9dica do grupo Fleury. Atua nas \u00e1reas de Dermatologia Cl\u00ednica, Cir\u00fargica, Pedi\u00e1trica e Est\u00e9tica. Frequenta e palestra nos principais cursos e congressos de dermatologia, nacionais e internacionais, a fim de se manter em constante atualiza\u00e7\u00e3o.\",\"sameAs\":[\"https:\/\/www.dravivianloureiro.com.br\/\",\"https:\/\/pt-br.facebook.com\/vivianloureirodermatologia\/\",\"https:\/\/www.instagram.com\/vivianloureirodermatologia\/\",\"https:\/\/www.linkedin.com\/in\/vivian-barzi-loureiro-a6412887\/\"]}]}<\/script>\n<!-- \/ Yoast SEO plugin. -->","yoast_head_json":{"title":"Rotina de Skincare Qual a Ordem Correta dos Produtos Dermatol\u00f3gicos?","description":"Dra. Vivian Loureiro Responde Com a Ordem Correta de Aplica\u00e7\u00e3o dos Produtos e Todas as Precau\u00e7\u00f5es que Devemos Tomar na Rotina de Skincare.","robots":{"index":"index","follow":"follow","max-snippet":"max-snippet:-1","max-image-preview":"max-image-preview:large","max-video-preview":"max-video-preview:-1"},"canonical":"https:\/\/www.dravivianloureiro.com.br\/blog\/rotina-de-skincare-produtos-dermatologicos-qual-a-ordem-correta-de-aplicacao\/","og_locale":"pt_BR","og_type":"article","og_title":"Rotina de Skincare Qual a Ordem Correta dos Produtos Dermatol\u00f3gicos?","og_description":"Dra. Vivian Loureiro Responde Com a Ordem Correta de Aplica\u00e7\u00e3o dos Produtos e Todas as Precau\u00e7\u00f5es que Devemos Tomar na Rotina de Skincare.","og_url":"https:\/\/www.dravivianloureiro.com.br\/blog\/rotina-de-skincare-produtos-dermatologicos-qual-a-ordem-correta-de-aplicacao\/","og_site_name":"Dra. Vivian Loureiro","article_publisher":"https:\/\/pt-br.facebook.com\/vivianloureirodermatologia\/","article_author":"https:\/\/pt-br.facebook.com\/vivianloureirodermatologia\/","article_published_time":"2018-12-19T09:28:49+00:00","article_modified_time":"2021-02-16T19:53:09+00:00","og_image":[{"width":1494,"height":1272,"url":"https:\/\/www.dravivianloureiro.com.br\/blog\/wp-content\/uploads\/2018\/12\/produtos-dermatologicos-como-utilizar.jpg","type":"image\/jpeg"}],"author":"Vivian Loureiro","twitter_card":"summary_large_image","twitter_misc":{"Escrito por":"Vivian Loureiro","Est. tempo de leitura":"2 minutos"},"schema":{"@context":"https:\/\/schema.org","@graph":[{"@type":"Article","@id":"https:\/\/www.dravivianloureiro.com.br\/blog\/rotina-de-skincare-produtos-dermatologicos-qual-a-ordem-correta-de-aplicacao\/#article","isPartOf":{"@id":"https:\/\/www.dravivianloureiro.com.br\/blog\/rotina-de-skincare-produtos-dermatologicos-qual-a-ordem-correta-de-aplicacao\/"},"author":{"name":"Vivian Loureiro","@id":"https:\/\/www.dravivianloureiro.com.br\/blog\/#\/schema\/person\/f6272c0e48dae4364ef626c598c5cb84"},"headline":"Rotina de Skincare 2021: Qual a Ordem Correta dos Produtos?","datePublished":"2018-12-19T09:28:49+00:00","dateModified":"2021-02-16T19:53:09+00:00","mainEntityOfPage":{"@id":"https:\/\/www.dravivianloureiro.com.br\/blog\/rotina-de-skincare-produtos-dermatologicos-qual-a-ordem-correta-de-aplicacao\/"},"wordCount":381,"commentCount":0,"publisher":{"@id":"https:\/\/www.dravivianloureiro.com.br\/blog\/#organization"},"keywords":["aplica\u00e7\u00e3o de produtos dermatol\u00f3gicos","dermato skincare itaim","dermatologista especialista em produtos dermatol\u00f3gicos","dra vivian loureiro","especialista em rotina skincare","ordem da rotina skincare","ordem de aplicar produtos na pele","ordem dos cremes para pele","rotina skincare"],"articleSection":["Dicas e Cuidados"],"inLanguage":"pt-BR","potentialAction":[{"@type":"CommentAction","name":"Comment","target":["https:\/\/www.dravivianloureiro.com.br\/blog\/rotina-de-skincare-produtos-dermatologicos-qual-a-ordem-correta-de-aplicacao\/#respond"]}]},{"@type":"WebPage","@id":"https:\/\/www.dravivianloureiro.com.br\/blog\/rotina-de-skincare-produtos-dermatologicos-qual-a-ordem-correta-de-aplicacao\/","url":"https:\/\/www.dravivianloureiro.com.br\/blog\/rotina-de-skincare-produtos-dermatologicos-qual-a-ordem-correta-de-aplicacao\/","name":"Rotina de Skincare Qual a Ordem Correta dos Produtos Dermatol\u00f3gicos?","isPartOf":{"@id":"https:\/\/www.dravivianloureiro.com.br\/blog\/#website"},"datePublished":"2018-12-19T09:28:49+00:00","dateModified":"2021-02-16T19:53:09+00:00","description":"Dra. Vivian Loureiro Responde Com a Ordem Correta de Aplica\u00e7\u00e3o dos Produtos e Todas as Precau\u00e7\u00f5es que Devemos Tomar na Rotina de Skincare.","breadcrumb":{"@id":"https:\/\/www.dravivianloureiro.com.br\/blog\/rotina-de-skincare-produtos-dermatologicos-qual-a-ordem-correta-de-aplicacao\/#breadcrumb"},"inLanguage":"pt-BR","potentialAction":[{"@type":"ReadAction","target":["https:\/\/www.dravivianloureiro.com.br\/blog\/rotina-de-skincare-produtos-dermatologicos-qual-a-ordem-correta-de-aplicacao\/"]}]},{"@type":"BreadcrumbList","@id":"https:\/\/www.dravivianloureiro.com.br\/blog\/rotina-de-skincare-produtos-dermatologicos-qual-a-ordem-correta-de-aplicacao\/#breadcrumb","itemListElement":[{"@type":"ListItem","position":1,"name":"In\u00edcio","item":"https:\/\/www.dravivianloureiro.com.br\/blog\/"},{"@type":"ListItem","position":2,"name":"Rotina de Skincare 2021: Qual a Ordem Correta dos Produtos?"}]},{"@type":"WebSite","@id":"https:\/\/www.dravivianloureiro.com.br\/blog\/#website","url":"https:\/\/www.dravivianloureiro.com.br\/blog\/","name":"Dermatologista Vivian Loureiro","description":"","publisher":{"@id":"https:\/\/www.dravivianloureiro.com.br\/blog\/#organization"},"potentialAction":[{"@type":"SearchAction","target":{"@type":"EntryPoint","urlTemplate":"https:\/\/www.dravivianloureiro.com.br\/blog\/?s={search_term_string}"},"query-input":"required name=search_term_string"}],"inLanguage":"pt-BR"},{"@type":"Organization","@id":"https:\/\/www.dravivianloureiro.com.br\/blog\/#organization","name":"Dra. Vivian Loureiro - Dermatologista Em S\u00e3o Paulo","url":"https:\/\/www.dravivianloureiro.com.br\/blog\/","logo":{"@type":"ImageObject","inLanguage":"pt-BR","@id":"https:\/\/www.dravivianloureiro.com.br\/blog\/#\/schema\/logo\/image\/","url":"https:\/\/www.dravivianloureiro.com.br\/blog\/wp-content\/uploads\/2018\/08\/favicon.jpg","contentUrl":"https:\/\/www.dravivianloureiro.com.br\/blog\/wp-content\/uploads\/2018\/08\/favicon.jpg","width":112,"height":112,"caption":"Dra. Vivian Loureiro - Dermatologista Em S\u00e3o Paulo"},"image":{"@id":"https:\/\/www.dravivianloureiro.com.br\/blog\/#\/schema\/logo\/image\/"},"sameAs":["https:\/\/pt-br.facebook.com\/vivianloureirodermatologia\/","https:\/\/www.instagram.com\/vivianloureirodermatologia\/","https:\/\/www.linkedin.com\/in\/vivian-barzi-loureiro-a6412887\/"]},{"@type":"Person","@id":"https:\/\/www.dravivianloureiro.com.br\/blog\/#\/schema\/person\/f6272c0e48dae4364ef626c598c5cb84","name":"Vivian Loureiro","image":{"@type":"ImageObject","inLanguage":"pt-BR","@id":"https:\/\/www.dravivianloureiro.com.br\/blog\/#\/schema\/person\/image\/","url":"https:\/\/secure.gravatar.com\/avatar\/8ee2b0fae98657240c77e822ae139ad3?s=96&d=wp_user_avatar&r=g","contentUrl":"https:\/\/secure.gravatar.com\/avatar\/8ee2b0fae98657240c77e822ae139ad3?s=96&d=wp_user_avatar&r=g","caption":"Vivian Loureiro"},"description":"M\u00e9dica formada pela Universidade de S\u00e3o Paulo (USP). Realizou resid\u00eancia m\u00e9dica em Dermatologia e complementa\u00e7\u00e3o em Cosmiatria e Laser pelo departamento de Dermatologia do Hospital das Cl\u00ednicas da Faculdade de Medicina da Universidade de S\u00e3o Paulo (USP). Possui t\u00edtulo de especialista em Dermatologia. \u00c9 membro da Sociedade Brasileira de Dermatologia (SBD) e Sociedade Brasileira de Cirurgia Dermatol\u00f3gica (SBCD) e m\u00e9dica do grupo Fleury. Atua nas \u00e1reas de Dermatologia Cl\u00ednica, Cir\u00fargica, Pedi\u00e1trica e Est\u00e9tica. Frequenta e palestra nos principais cursos e congressos de dermatologia, nacionais e internacionais, a fim de se manter em constante atualiza\u00e7\u00e3o.","sameAs":["https:\/\/www.dravivianloureiro.com.br\/","https:\/\/pt-br.facebook.com\/vivianloureirodermatologia\/","https:\/\/www.instagram.com\/vivianloureirodermatologia\/","https:\/\/www.linkedin.com\/in\/vivian-barzi-loureiro-a6412887\/"]}]}},"amp_enabled":true,"_links":{"self":[{"href":"https:\/\/www.dravivianloureiro.com.br\/blog\/wp-json\/wp\/v2\/posts\/91"}],"collection":[{"href":"https:\/\/www.dravivianloureiro.com.br\/blog\/wp-json\/wp\/v2\/posts"}],"about":[{"href":"https:\/\/www.dravivianloureiro.com.br\/blog\/wp-json\/wp\/v2\/types\/post"}],"author":[{"embeddable":true,"href":"https:\/\/www.dravivianloureiro.com.br\/blog\/wp-json\/wp\/v2\/users\/1"}],"replies":[{"embeddable":true,"href":"https:\/\/www.dravivianloureiro.com.br\/blog\/wp-json\/wp\/v2\/comments?post=91"}],"version-history":[{"count":0,"href":"https:\/\/www.dravivianloureiro.com.br\/blog\/wp-json\/wp\/v2\/posts\/91\/revisions"}],"wp:featuredmedia":[{"embeddable":true,"href":"https:\/\/www.dravivianloureiro.com.br\/blog\/wp-json\/wp\/v2\/media\/92"}],"wp:attachment":[{"href":"https:\/\/www.dravivianloureiro.com.br\/blog\/wp-json\/wp\/v2\/media?parent=91"}],"wp:term":[{"taxonomy":"category","embeddable":true,"href":"https:\/\/www.dravivianloureiro.com.br\/blog\/wp-json\/wp\/v2\/categories?post=91"},{"taxonomy":"post_tag","embeddable":true,"href":"https:\/\/www.dravivianloureiro.com.br\/blog\/wp-json\/wp\/v2\/tags?post=91"}],"curies":[{"name":"wp","href":"https:\/\/api.w.org\/{rel}","templated":true}]}}