{"id":84,"date":"2018-12-19T07:18:37","date_gmt":"2018-12-19T09:18:37","guid":{"rendered":"http:\/\/serv3xceler.com.br\/vivian-loureiro\/blog\/?p=84"},"modified":"2021-02-15T23:13:55","modified_gmt":"2021-02-16T02:13:55","slug":"queda-de-cabelo-quando-devemos-nos-preocupar","status":"publish","type":"post","link":"https:\/\/www.dravivianloureiro.com.br\/blog\/queda-de-cabelo-quando-devemos-nos-preocupar\/","title":{"rendered":"Queda de Cabelo: Quando Devo me Preocupar?"},"content":{"rendered":"<p class=\"estimated-read-time\">Tempo de leitura:<small> 1 minuto<\/small><\/p> <p>Os fios n\u00e3o crescem continuamente. O ciclo do cabelo \u00e9 dividido em 3 fases:<\/p>\n<ul>\n<li><strong>fase an\u00e1gena:<\/strong> \u00e9 a fase de crescimento. Tem dura\u00e7\u00e3o de 2 a 5 anos<\/li>\n<li><strong>fase cat\u00e1gena:<\/strong> a atividade da raiz do pelo vai diminuindo at\u00e9 cessar. \u00c9 a fase de repouso e tem dura\u00e7\u00e3o de 3 a 4 semanas<\/li>\n<li><strong>fase tel\u00f3gena:<\/strong> fase de despreendimento do fio, ou seja, de queda. Tem dura\u00e7\u00e3o de 4 meses.<\/li>\n<\/ul>\n<h2>O que podemos considerar uma queda normal?<\/h2>\n<p>Normalmente, cerca de 100 fios caem todos os dias. A queda faz parte do ciclo do cabelo e, portanto,\u00a0\u00e9 um processo fisiol\u00f3gico.<\/p>\n<h2>Condi\u00e7\u00f5es que podem agravar a queda do cabelo<\/h2>\n<p>Algumas situa\u00e7\u00f5es, no entanto, podem aumentar a taxa de queda. As principais causas de queda excessiva s\u00e3o:<\/p>\n<ul>\n<li>altera\u00e7\u00f5es da tire\u00f3ide<\/li>\n<li>anemia e defici\u00eancia de ferro<\/li>\n<li>alguns medicamentos<\/li>\n<li>quimioterapia<\/li>\n<li>p\u00f3s-parto<\/li>\n<li>infec\u00e7\u00f5es, doen\u00e7as graves e cirurgias<\/li>\n<li>dietas muito restritivas<\/li>\n<li>ingest\u00e3o insuficiente de prote\u00edna<\/li>\n<\/ul>\n<p>A alopecia androgenetica (calv\u00edcie) pode provocar uma queda lenta, por\u00e9m progressiva, dos fios. Acomete tanto homens como mulheres. Apesar do seu car\u00e1ter gen\u00e9tico, que n\u00e3o pode ser anulado, o tratamento adequado consegue retardar a sua progress\u00e3o.<\/p>\n<p>Muitas outras doen\u00e7as podem afetar o couro cabeludo como dermatite seborreica, psor\u00edase, alopecia areata.<\/p>\n<p>Para uma avalia\u00e7\u00e3o e tratamentos adequados, consulte sempre um dermatologista.<\/p>\n","protected":false},"excerpt":{"rendered":"<p><small> 1 minuto<\/small> Os fios n\u00e3o crescem continuamente. O ciclo do cabelo \u00e9 dividido em 3 fases: fase an\u00e1gena: \u00e9 a fase de crescimento. Tem dura\u00e7\u00e3o de 2 a 5 anos fase cat\u00e1gena: a atividade da raiz do pelo vai diminuindo at\u00e9 cessar. \u00c9 a fase de repouso e tem dura\u00e7\u00e3o de 3 a 4 semanas fase tel\u00f3gena: fase de despreendimento do fio, ou seja, de queda. Tem dura\u00e7\u00e3o de 4 meses. O que podemos considerar uma queda normal? Normalmente, cerca de 100 fios caem <a href=\"https:\/\/www.dravivianloureiro.com.br\/blog\/queda-de-cabelo-quando-devemos-nos-preocupar\/\" class=\"more-link\"><span>Continue lendo<\/span>\u2192<\/a><\/p>\n","protected":false},"author":1,"featured_media":85,"comment_status":"open","ping_status":"open","sticky":false,"template":"","format":"standard","meta":[],"categories":[6],"tags":[159,166,163,165,164,161,160,158,162,167],"yoast_head":"<!-- This site is optimized with the Yoast SEO plugin v20.6 - https:\/\/yoast.com\/wordpress\/plugins\/seo\/ -->\n<title>Queda de Cabelo Quando Devo me Preocupar? Dra Vivian Loureiro Conta<\/title>\n<meta name=\"description\" content=\"Entenda Como Funciona a Queda De Cabelo e Quais S\u00e3o os Tratamentos Dispon\u00edveis com a Especialista em Queda de Cabelo Dra. Vivian Loureiro.\" \/>\n<meta name=\"robots\" content=\"index, follow, max-snippet:-1, max-image-preview:large, max-video-preview:-1\" \/>\n<link rel=\"canonical\" href=\"https:\/\/www.dravivianloureiro.com.br\/blog\/queda-de-cabelo-quando-devemos-nos-preocupar\/\" \/>\n<meta property=\"og:locale\" content=\"pt_BR\" \/>\n<meta property=\"og:type\" content=\"article\" \/>\n<meta property=\"og:title\" content=\"Queda de Cabelo Quando Devo me Preocupar? Dra Vivian Loureiro Conta\" \/>\n<meta property=\"og:description\" content=\"Entenda Como Funciona a Queda De Cabelo e Quais S\u00e3o os Tratamentos Dispon\u00edveis com a Especialista em Queda de Cabelo Dra. Vivian Loureiro.\" \/>\n<meta property=\"og:url\" content=\"https:\/\/www.dravivianloureiro.com.br\/blog\/queda-de-cabelo-quando-devemos-nos-preocupar\/\" \/>\n<meta property=\"og:site_name\" content=\"Dra. Vivian Loureiro\" \/>\n<meta property=\"article:publisher\" content=\"https:\/\/pt-br.facebook.com\/vivianloureirodermatologia\/\" \/>\n<meta property=\"article:author\" content=\"https:\/\/pt-br.facebook.com\/vivianloureirodermatologia\/\" \/>\n<meta property=\"article:published_time\" content=\"2018-12-19T09:18:37+00:00\" \/>\n<meta property=\"article:modified_time\" content=\"2021-02-16T02:13:55+00:00\" \/>\n<meta property=\"og:image\" content=\"https:\/\/www.dravivianloureiro.com.br\/blog\/wp-content\/uploads\/2018\/12\/queda-de-cabelo-quando-devemos-nos-preocupar.jpg\" \/>\n\t<meta property=\"og:image:width\" content=\"1688\" \/>\n\t<meta property=\"og:image:height\" content=\"1125\" \/>\n\t<meta property=\"og:image:type\" content=\"image\/jpeg\" \/>\n<meta name=\"author\" content=\"Vivian Loureiro\" \/>\n<meta name=\"twitter:card\" content=\"summary_large_image\" \/>\n<meta name=\"twitter:label1\" content=\"Escrito por\" \/>\n\t<meta name=\"twitter:data1\" content=\"Vivian Loureiro\" \/>\n\t<meta name=\"twitter:label2\" content=\"Est. tempo de leitura\" \/>\n\t<meta name=\"twitter:data2\" content=\"1 minuto\" \/>\n<script type=\"application\/ld+json\" class=\"yoast-schema-graph\">{\"@context\":\"https:\/\/schema.org\",\"@graph\":[{\"@type\":\"Article\",\"@id\":\"https:\/\/www.dravivianloureiro.com.br\/blog\/queda-de-cabelo-quando-devemos-nos-preocupar\/#article\",\"isPartOf\":{\"@id\":\"https:\/\/www.dravivianloureiro.com.br\/blog\/queda-de-cabelo-quando-devemos-nos-preocupar\/\"},\"author\":{\"name\":\"Vivian Loureiro\",\"@id\":\"https:\/\/www.dravivianloureiro.com.br\/blog\/#\/schema\/person\/f6272c0e48dae4364ef626c598c5cb84\"},\"headline\":\"Queda de Cabelo: Quando Devo me Preocupar?\",\"datePublished\":\"2018-12-19T09:18:37+00:00\",\"dateModified\":\"2021-02-16T02:13:55+00:00\",\"mainEntityOfPage\":{\"@id\":\"https:\/\/www.dravivianloureiro.com.br\/blog\/queda-de-cabelo-quando-devemos-nos-preocupar\/\"},\"wordCount\":232,\"commentCount\":0,\"publisher\":{\"@id\":\"https:\/\/www.dravivianloureiro.com.br\/blog\/#organization\"},\"keywords\":[\"alopecia\",\"cabelo caindo\",\"calvicie\",\"calvicie feminina\",\"calvicie masculina\",\"dermatologista cabelo\",\"especialista em queda de cabelo\",\"queda de cabelo\",\"tratamento queda de cabelo\",\"vivian loureiro\"],\"articleSection\":[\"Queda de Cabelo\"],\"inLanguage\":\"pt-BR\",\"potentialAction\":[{\"@type\":\"CommentAction\",\"name\":\"Comment\",\"target\":[\"https:\/\/www.dravivianloureiro.com.br\/blog\/queda-de-cabelo-quando-devemos-nos-preocupar\/#respond\"]}]},{\"@type\":\"WebPage\",\"@id\":\"https:\/\/www.dravivianloureiro.com.br\/blog\/queda-de-cabelo-quando-devemos-nos-preocupar\/\",\"url\":\"https:\/\/www.dravivianloureiro.com.br\/blog\/queda-de-cabelo-quando-devemos-nos-preocupar\/\",\"name\":\"Queda de Cabelo Quando Devo me Preocupar? Dra Vivian Loureiro Conta\",\"isPartOf\":{\"@id\":\"https:\/\/www.dravivianloureiro.com.br\/blog\/#website\"},\"datePublished\":\"2018-12-19T09:18:37+00:00\",\"dateModified\":\"2021-02-16T02:13:55+00:00\",\"description\":\"Entenda Como Funciona a Queda De Cabelo e Quais S\u00e3o os Tratamentos Dispon\u00edveis com a Especialista em Queda de Cabelo Dra. Vivian Loureiro.\",\"breadcrumb\":{\"@id\":\"https:\/\/www.dravivianloureiro.com.br\/blog\/queda-de-cabelo-quando-devemos-nos-preocupar\/#breadcrumb\"},\"inLanguage\":\"pt-BR\",\"potentialAction\":[{\"@type\":\"ReadAction\",\"target\":[\"https:\/\/www.dravivianloureiro.com.br\/blog\/queda-de-cabelo-quando-devemos-nos-preocupar\/\"]}]},{\"@type\":\"BreadcrumbList\",\"@id\":\"https:\/\/www.dravivianloureiro.com.br\/blog\/queda-de-cabelo-quando-devemos-nos-preocupar\/#breadcrumb\",\"itemListElement\":[{\"@type\":\"ListItem\",\"position\":1,\"name\":\"In\u00edcio\",\"item\":\"https:\/\/www.dravivianloureiro.com.br\/blog\/\"},{\"@type\":\"ListItem\",\"position\":2,\"name\":\"Queda de Cabelo: Quando Devo me Preocupar?\"}]},{\"@type\":\"WebSite\",\"@id\":\"https:\/\/www.dravivianloureiro.com.br\/blog\/#website\",\"url\":\"https:\/\/www.dravivianloureiro.com.br\/blog\/\",\"name\":\"Dermatologista Vivian Loureiro\",\"description\":\"\",\"publisher\":{\"@id\":\"https:\/\/www.dravivianloureiro.com.br\/blog\/#organization\"},\"potentialAction\":[{\"@type\":\"SearchAction\",\"target\":{\"@type\":\"EntryPoint\",\"urlTemplate\":\"https:\/\/www.dravivianloureiro.com.br\/blog\/?s={search_term_string}\"},\"query-input\":\"required name=search_term_string\"}],\"inLanguage\":\"pt-BR\"},{\"@type\":\"Organization\",\"@id\":\"https:\/\/www.dravivianloureiro.com.br\/blog\/#organization\",\"name\":\"Dra. Vivian Loureiro - Dermatologista Em S\u00e3o Paulo\",\"url\":\"https:\/\/www.dravivianloureiro.com.br\/blog\/\",\"logo\":{\"@type\":\"ImageObject\",\"inLanguage\":\"pt-BR\",\"@id\":\"https:\/\/www.dravivianloureiro.com.br\/blog\/#\/schema\/logo\/image\/\",\"url\":\"https:\/\/www.dravivianloureiro.com.br\/blog\/wp-content\/uploads\/2018\/08\/favicon.jpg\",\"contentUrl\":\"https:\/\/www.dravivianloureiro.com.br\/blog\/wp-content\/uploads\/2018\/08\/favicon.jpg\",\"width\":112,\"height\":112,\"caption\":\"Dra. Vivian Loureiro - Dermatologista Em S\u00e3o Paulo\"},\"image\":{\"@id\":\"https:\/\/www.dravivianloureiro.com.br\/blog\/#\/schema\/logo\/image\/\"},\"sameAs\":[\"https:\/\/pt-br.facebook.com\/vivianloureirodermatologia\/\",\"https:\/\/www.instagram.com\/vivianloureirodermatologia\/\",\"https:\/\/www.linkedin.com\/in\/vivian-barzi-loureiro-a6412887\/\"]},{\"@type\":\"Person\",\"@id\":\"https:\/\/www.dravivianloureiro.com.br\/blog\/#\/schema\/person\/f6272c0e48dae4364ef626c598c5cb84\",\"name\":\"Vivian Loureiro\",\"image\":{\"@type\":\"ImageObject\",\"inLanguage\":\"pt-BR\",\"@id\":\"https:\/\/www.dravivianloureiro.com.br\/blog\/#\/schema\/person\/image\/\",\"url\":\"https:\/\/secure.gravatar.com\/avatar\/8ee2b0fae98657240c77e822ae139ad3?s=96&d=wp_user_avatar&r=g\",\"contentUrl\":\"https:\/\/secure.gravatar.com\/avatar\/8ee2b0fae98657240c77e822ae139ad3?s=96&d=wp_user_avatar&r=g\",\"caption\":\"Vivian Loureiro\"},\"description\":\"M\u00e9dica formada pela Universidade de S\u00e3o Paulo (USP). Realizou resid\u00eancia m\u00e9dica em Dermatologia e complementa\u00e7\u00e3o em Cosmiatria e Laser pelo departamento de Dermatologia do Hospital das Cl\u00ednicas da Faculdade de Medicina da Universidade de S\u00e3o Paulo (USP). Possui t\u00edtulo de especialista em Dermatologia. \u00c9 membro da Sociedade Brasileira de Dermatologia (SBD) e Sociedade Brasileira de Cirurgia Dermatol\u00f3gica (SBCD) e m\u00e9dica do grupo Fleury. Atua nas \u00e1reas de Dermatologia Cl\u00ednica, Cir\u00fargica, Pedi\u00e1trica e Est\u00e9tica. Frequenta e palestra nos principais cursos e congressos de dermatologia, nacionais e internacionais, a fim de se manter em constante atualiza\u00e7\u00e3o.\",\"sameAs\":[\"https:\/\/www.dravivianloureiro.com.br\/\",\"https:\/\/pt-br.facebook.com\/vivianloureirodermatologia\/\",\"https:\/\/www.instagram.com\/vivianloureirodermatologia\/\",\"https:\/\/www.linkedin.com\/in\/vivian-barzi-loureiro-a6412887\/\"]}]}<\/script>\n<!-- \/ Yoast SEO plugin. -->","yoast_head_json":{"title":"Queda de Cabelo Quando Devo me Preocupar? Dra Vivian Loureiro Conta","description":"Entenda Como Funciona a Queda De Cabelo e Quais S\u00e3o os Tratamentos Dispon\u00edveis com a Especialista em Queda de Cabelo Dra. Vivian Loureiro.","robots":{"index":"index","follow":"follow","max-snippet":"max-snippet:-1","max-image-preview":"max-image-preview:large","max-video-preview":"max-video-preview:-1"},"canonical":"https:\/\/www.dravivianloureiro.com.br\/blog\/queda-de-cabelo-quando-devemos-nos-preocupar\/","og_locale":"pt_BR","og_type":"article","og_title":"Queda de Cabelo Quando Devo me Preocupar? Dra Vivian Loureiro Conta","og_description":"Entenda Como Funciona a Queda De Cabelo e Quais S\u00e3o os Tratamentos Dispon\u00edveis com a Especialista em Queda de Cabelo Dra. Vivian Loureiro.","og_url":"https:\/\/www.dravivianloureiro.com.br\/blog\/queda-de-cabelo-quando-devemos-nos-preocupar\/","og_site_name":"Dra. Vivian Loureiro","article_publisher":"https:\/\/pt-br.facebook.com\/vivianloureirodermatologia\/","article_author":"https:\/\/pt-br.facebook.com\/vivianloureirodermatologia\/","article_published_time":"2018-12-19T09:18:37+00:00","article_modified_time":"2021-02-16T02:13:55+00:00","og_image":[{"width":1688,"height":1125,"url":"https:\/\/www.dravivianloureiro.com.br\/blog\/wp-content\/uploads\/2018\/12\/queda-de-cabelo-quando-devemos-nos-preocupar.jpg","type":"image\/jpeg"}],"author":"Vivian Loureiro","twitter_card":"summary_large_image","twitter_misc":{"Escrito por":"Vivian Loureiro","Est. tempo de leitura":"1 minuto"},"schema":{"@context":"https:\/\/schema.org","@graph":[{"@type":"Article","@id":"https:\/\/www.dravivianloureiro.com.br\/blog\/queda-de-cabelo-quando-devemos-nos-preocupar\/#article","isPartOf":{"@id":"https:\/\/www.dravivianloureiro.com.br\/blog\/queda-de-cabelo-quando-devemos-nos-preocupar\/"},"author":{"name":"Vivian Loureiro","@id":"https:\/\/www.dravivianloureiro.com.br\/blog\/#\/schema\/person\/f6272c0e48dae4364ef626c598c5cb84"},"headline":"Queda de Cabelo: Quando Devo me Preocupar?","datePublished":"2018-12-19T09:18:37+00:00","dateModified":"2021-02-16T02:13:55+00:00","mainEntityOfPage":{"@id":"https:\/\/www.dravivianloureiro.com.br\/blog\/queda-de-cabelo-quando-devemos-nos-preocupar\/"},"wordCount":232,"commentCount":0,"publisher":{"@id":"https:\/\/www.dravivianloureiro.com.br\/blog\/#organization"},"keywords":["alopecia","cabelo caindo","calvicie","calvicie feminina","calvicie masculina","dermatologista cabelo","especialista em queda de cabelo","queda de cabelo","tratamento queda de cabelo","vivian loureiro"],"articleSection":["Queda de Cabelo"],"inLanguage":"pt-BR","potentialAction":[{"@type":"CommentAction","name":"Comment","target":["https:\/\/www.dravivianloureiro.com.br\/blog\/queda-de-cabelo-quando-devemos-nos-preocupar\/#respond"]}]},{"@type":"WebPage","@id":"https:\/\/www.dravivianloureiro.com.br\/blog\/queda-de-cabelo-quando-devemos-nos-preocupar\/","url":"https:\/\/www.dravivianloureiro.com.br\/blog\/queda-de-cabelo-quando-devemos-nos-preocupar\/","name":"Queda de Cabelo Quando Devo me Preocupar? Dra Vivian Loureiro Conta","isPartOf":{"@id":"https:\/\/www.dravivianloureiro.com.br\/blog\/#website"},"datePublished":"2018-12-19T09:18:37+00:00","dateModified":"2021-02-16T02:13:55+00:00","description":"Entenda Como Funciona a Queda De Cabelo e Quais S\u00e3o os Tratamentos Dispon\u00edveis com a Especialista em Queda de Cabelo Dra. Vivian Loureiro.","breadcrumb":{"@id":"https:\/\/www.dravivianloureiro.com.br\/blog\/queda-de-cabelo-quando-devemos-nos-preocupar\/#breadcrumb"},"inLanguage":"pt-BR","potentialAction":[{"@type":"ReadAction","target":["https:\/\/www.dravivianloureiro.com.br\/blog\/queda-de-cabelo-quando-devemos-nos-preocupar\/"]}]},{"@type":"BreadcrumbList","@id":"https:\/\/www.dravivianloureiro.com.br\/blog\/queda-de-cabelo-quando-devemos-nos-preocupar\/#breadcrumb","itemListElement":[{"@type":"ListItem","position":1,"name":"In\u00edcio","item":"https:\/\/www.dravivianloureiro.com.br\/blog\/"},{"@type":"ListItem","position":2,"name":"Queda de Cabelo: Quando Devo me Preocupar?"}]},{"@type":"WebSite","@id":"https:\/\/www.dravivianloureiro.com.br\/blog\/#website","url":"https:\/\/www.dravivianloureiro.com.br\/blog\/","name":"Dermatologista Vivian Loureiro","description":"","publisher":{"@id":"https:\/\/www.dravivianloureiro.com.br\/blog\/#organization"},"potentialAction":[{"@type":"SearchAction","target":{"@type":"EntryPoint","urlTemplate":"https:\/\/www.dravivianloureiro.com.br\/blog\/?s={search_term_string}"},"query-input":"required name=search_term_string"}],"inLanguage":"pt-BR"},{"@type":"Organization","@id":"https:\/\/www.dravivianloureiro.com.br\/blog\/#organization","name":"Dra. Vivian Loureiro - Dermatologista Em S\u00e3o Paulo","url":"https:\/\/www.dravivianloureiro.com.br\/blog\/","logo":{"@type":"ImageObject","inLanguage":"pt-BR","@id":"https:\/\/www.dravivianloureiro.com.br\/blog\/#\/schema\/logo\/image\/","url":"https:\/\/www.dravivianloureiro.com.br\/blog\/wp-content\/uploads\/2018\/08\/favicon.jpg","contentUrl":"https:\/\/www.dravivianloureiro.com.br\/blog\/wp-content\/uploads\/2018\/08\/favicon.jpg","width":112,"height":112,"caption":"Dra. Vivian Loureiro - Dermatologista Em S\u00e3o Paulo"},"image":{"@id":"https:\/\/www.dravivianloureiro.com.br\/blog\/#\/schema\/logo\/image\/"},"sameAs":["https:\/\/pt-br.facebook.com\/vivianloureirodermatologia\/","https:\/\/www.instagram.com\/vivianloureirodermatologia\/","https:\/\/www.linkedin.com\/in\/vivian-barzi-loureiro-a6412887\/"]},{"@type":"Person","@id":"https:\/\/www.dravivianloureiro.com.br\/blog\/#\/schema\/person\/f6272c0e48dae4364ef626c598c5cb84","name":"Vivian Loureiro","image":{"@type":"ImageObject","inLanguage":"pt-BR","@id":"https:\/\/www.dravivianloureiro.com.br\/blog\/#\/schema\/person\/image\/","url":"https:\/\/secure.gravatar.com\/avatar\/8ee2b0fae98657240c77e822ae139ad3?s=96&d=wp_user_avatar&r=g","contentUrl":"https:\/\/secure.gravatar.com\/avatar\/8ee2b0fae98657240c77e822ae139ad3?s=96&d=wp_user_avatar&r=g","caption":"Vivian Loureiro"},"description":"M\u00e9dica formada pela Universidade de S\u00e3o Paulo (USP). Realizou resid\u00eancia m\u00e9dica em Dermatologia e complementa\u00e7\u00e3o em Cosmiatria e Laser pelo departamento de Dermatologia do Hospital das Cl\u00ednicas da Faculdade de Medicina da Universidade de S\u00e3o Paulo (USP). Possui t\u00edtulo de especialista em Dermatologia. \u00c9 membro da Sociedade Brasileira de Dermatologia (SBD) e Sociedade Brasileira de Cirurgia Dermatol\u00f3gica (SBCD) e m\u00e9dica do grupo Fleury. Atua nas \u00e1reas de Dermatologia Cl\u00ednica, Cir\u00fargica, Pedi\u00e1trica e Est\u00e9tica. Frequenta e palestra nos principais cursos e congressos de dermatologia, nacionais e internacionais, a fim de se manter em constante atualiza\u00e7\u00e3o.","sameAs":["https:\/\/www.dravivianloureiro.com.br\/","https:\/\/pt-br.facebook.com\/vivianloureirodermatologia\/","https:\/\/www.instagram.com\/vivianloureirodermatologia\/","https:\/\/www.linkedin.com\/in\/vivian-barzi-loureiro-a6412887\/"]}]}},"amp_enabled":true,"_links":{"self":[{"href":"https:\/\/www.dravivianloureiro.com.br\/blog\/wp-json\/wp\/v2\/posts\/84"}],"collection":[{"href":"https:\/\/www.dravivianloureiro.com.br\/blog\/wp-json\/wp\/v2\/posts"}],"about":[{"href":"https:\/\/www.dravivianloureiro.com.br\/blog\/wp-json\/wp\/v2\/types\/post"}],"author":[{"embeddable":true,"href":"https:\/\/www.dravivianloureiro.com.br\/blog\/wp-json\/wp\/v2\/users\/1"}],"replies":[{"embeddable":true,"href":"https:\/\/www.dravivianloureiro.com.br\/blog\/wp-json\/wp\/v2\/comments?post=84"}],"version-history":[{"count":0,"href":"https:\/\/www.dravivianloureiro.com.br\/blog\/wp-json\/wp\/v2\/posts\/84\/revisions"}],"wp:featuredmedia":[{"embeddable":true,"href":"https:\/\/www.dravivianloureiro.com.br\/blog\/wp-json\/wp\/v2\/media\/85"}],"wp:attachment":[{"href":"https:\/\/www.dravivianloureiro.com.br\/blog\/wp-json\/wp\/v2\/media?parent=84"}],"wp:term":[{"taxonomy":"category","embeddable":true,"href":"https:\/\/www.dravivianloureiro.com.br\/blog\/wp-json\/wp\/v2\/categories?post=84"},{"taxonomy":"post_tag","embeddable":true,"href":"https:\/\/www.dravivianloureiro.com.br\/blog\/wp-json\/wp\/v2\/tags?post=84"}],"curies":[{"name":"wp","href":"https:\/\/api.w.org\/{rel}","templated":true}]}}