{"id":81,"date":"2018-12-19T07:14:42","date_gmt":"2018-12-19T09:14:42","guid":{"rendered":"http:\/\/serv3xceler.com.br\/vivian-loureiro\/blog\/?p=81"},"modified":"2021-02-15T21:14:00","modified_gmt":"2021-02-16T00:14:00","slug":"radiofrequencia-para-o-tratamento-da-flacidez-facial-e-corporal","status":"publish","type":"post","link":"https:\/\/www.dravivianloureiro.com.br\/blog\/radiofrequencia-para-o-tratamento-da-flacidez-facial-e-corporal\/","title":{"rendered":"Tratamento Para Flacidez Corporal com Radiofrequ\u00eancia"},"content":{"rendered":"<p class=\"estimated-read-time\">Tempo de leitura:<small> 1 minuto<\/small><\/p> <p>A radiofrequ\u00eancia \u00e9 uma tecnologia que, atrav\u00e9s da gera\u00e7\u00e3o de calor, estimula a contra\u00e7\u00e3o e forma\u00e7\u00e3o de fibras col\u00e1genas. Dessa maneira, \u00e9 uma boa op\u00e7\u00e3o para o tratamento da flacidez da pele.<\/p>\n<h2>Quais regi\u00f5es do corpo podem ser tratadas com Radiofrequ\u00eancia?<\/h2>\n<p>Pode ser aplicada tanto no rosto como no corpo. Tamb\u00e9m age\u00a0no tratamento da celulite e gordura localizada.<\/p>\n<h2>O tratamento com Radiofrequ\u00eancia d\u00f3i?<\/h2>\n<p>\u00c9 um procedimento n\u00e3o invasivo, n\u00e3o doloroso e, portanto, bem tolerado. A sensa\u00e7\u00e3o \u00e9 de calor local.<\/p>\n<h2>Quantas sess\u00f5es de radiofrequ\u00eancia s\u00e3o necess\u00e1rias para um bom resultado?<\/h2>\n<p>Em geral, s\u00e3o necess\u00e1rias algumas sess\u00f5es (4 a 8), feitas com intervalos regulares.<\/p>\n<h2>Mantendo os resultados da radiofrequ\u00eancia<\/h2>\n<p>Dieta saud\u00e1vel e atividade f\u00edsica ajudam a otimizar os resultados do tratamento corporal.<\/p>\n<p>Essa tecnologia produz um efeito imediato, por\u00e9m transit\u00f3rio, chamado &#8220;efeito cinderela&#8221;, que dura 24 a 48 horas. Assim, pode ser utilizada na v\u00e9spera de eventos importantes para dar um &#8220;up&#8221; no visual.<\/p>\n<p>Os resultados permanentes s\u00e3o progressivos e a longo prazo. Em geral, aparecem 2 a 3 meses ap\u00f3s o in\u00edcio do tratamento.<\/p>\n<p>A radiofrequ\u00eancia pode ser feita em qualquer tipo de pele e n\u00e3o h\u00e1 restri\u00e7\u00f5es em rela\u00e7\u00e3o \u00e0 exposi\u00e7\u00e3o solar.<\/p>\n","protected":false},"excerpt":{"rendered":"<p><small> 1 minuto<\/small> A radiofrequ\u00eancia \u00e9 uma tecnologia que, atrav\u00e9s da gera\u00e7\u00e3o de calor, estimula a contra\u00e7\u00e3o e forma\u00e7\u00e3o de fibras col\u00e1genas. Dessa maneira, \u00e9 uma boa op\u00e7\u00e3o para o tratamento da flacidez da pele. Quais regi\u00f5es do corpo podem ser tratadas com Radiofrequ\u00eancia? Pode ser aplicada tanto no rosto como no corpo. Tamb\u00e9m age\u00a0no tratamento da celulite e gordura localizada. O tratamento com Radiofrequ\u00eancia d\u00f3i? \u00c9 um procedimento n\u00e3o invasivo, n\u00e3o doloroso e, portanto, bem tolerado. A sensa\u00e7\u00e3o \u00e9 de calor local. Quantas sess\u00f5es <a href=\"https:\/\/www.dravivianloureiro.com.br\/blog\/radiofrequencia-para-o-tratamento-da-flacidez-facial-e-corporal\/\" class=\"more-link\"><span>Continue lendo<\/span>\u2192<\/a><\/p>\n","protected":false},"author":1,"featured_media":82,"comment_status":"open","ping_status":"open","sticky":false,"template":"","format":"standard","meta":[],"categories":[5,3],"tags":[157,154,155,156,151,152,153],"yoast_head":"<!-- This site is optimized with the Yoast SEO plugin v20.6 - https:\/\/yoast.com\/wordpress\/plugins\/seo\/ -->\n<title>Como Funciona o Tratamento Para Flacidez com Radiofrequ\u00eancia?<\/title>\n<meta name=\"description\" content=\"Dra. Vivian, Especialista em Tratamentos com Radiofrequ\u00eancia, Explica Como Funciona o Tratamento Ideal Para Tratar Flacidez. Conhe\u00e7a!\" \/>\n<meta name=\"robots\" content=\"index, follow, max-snippet:-1, max-image-preview:large, max-video-preview:-1\" \/>\n<link rel=\"canonical\" href=\"https:\/\/www.dravivianloureiro.com.br\/blog\/radiofrequencia-para-o-tratamento-da-flacidez-facial-e-corporal\/\" \/>\n<meta property=\"og:locale\" content=\"pt_BR\" \/>\n<meta property=\"og:type\" content=\"article\" \/>\n<meta property=\"og:title\" content=\"Como Funciona o Tratamento Para Flacidez com Radiofrequ\u00eancia?\" \/>\n<meta property=\"og:description\" content=\"Dra. Vivian, Especialista em Tratamentos com Radiofrequ\u00eancia, Explica Como Funciona o Tratamento Ideal Para Tratar Flacidez. Conhe\u00e7a!\" \/>\n<meta property=\"og:url\" content=\"https:\/\/www.dravivianloureiro.com.br\/blog\/radiofrequencia-para-o-tratamento-da-flacidez-facial-e-corporal\/\" \/>\n<meta property=\"og:site_name\" content=\"Dra. Vivian Loureiro\" \/>\n<meta property=\"article:publisher\" content=\"https:\/\/pt-br.facebook.com\/vivianloureirodermatologia\/\" \/>\n<meta property=\"article:author\" content=\"https:\/\/pt-br.facebook.com\/vivianloureirodermatologia\/\" \/>\n<meta property=\"article:published_time\" content=\"2018-12-19T09:14:42+00:00\" \/>\n<meta property=\"article:modified_time\" content=\"2021-02-16T00:14:00+00:00\" \/>\n<meta property=\"og:image\" content=\"https:\/\/www.dravivianloureiro.com.br\/blog\/wp-content\/uploads\/2018\/12\/tratamento-para-flacidez.jpg\" \/>\n\t<meta property=\"og:image:width\" content=\"566\" \/>\n\t<meta property=\"og:image:height\" content=\"454\" \/>\n\t<meta property=\"og:image:type\" content=\"image\/jpeg\" \/>\n<meta name=\"author\" content=\"Vivian Loureiro\" \/>\n<meta name=\"twitter:card\" content=\"summary_large_image\" \/>\n<meta name=\"twitter:label1\" content=\"Escrito por\" \/>\n\t<meta name=\"twitter:data1\" content=\"Vivian Loureiro\" \/>\n\t<meta name=\"twitter:label2\" content=\"Est. tempo de leitura\" \/>\n\t<meta name=\"twitter:data2\" content=\"1 minuto\" \/>\n<script type=\"application\/ld+json\" class=\"yoast-schema-graph\">{\"@context\":\"https:\/\/schema.org\",\"@graph\":[{\"@type\":\"Article\",\"@id\":\"https:\/\/www.dravivianloureiro.com.br\/blog\/radiofrequencia-para-o-tratamento-da-flacidez-facial-e-corporal\/#article\",\"isPartOf\":{\"@id\":\"https:\/\/www.dravivianloureiro.com.br\/blog\/radiofrequencia-para-o-tratamento-da-flacidez-facial-e-corporal\/\"},\"author\":{\"name\":\"Vivian Loureiro\",\"@id\":\"https:\/\/www.dravivianloureiro.com.br\/blog\/#\/schema\/person\/f6272c0e48dae4364ef626c598c5cb84\"},\"headline\":\"Tratamento Para Flacidez Corporal com Radiofrequ\u00eancia\",\"datePublished\":\"2018-12-19T09:14:42+00:00\",\"dateModified\":\"2021-02-16T00:14:00+00:00\",\"mainEntityOfPage\":{\"@id\":\"https:\/\/www.dravivianloureiro.com.br\/blog\/radiofrequencia-para-o-tratamento-da-flacidez-facial-e-corporal\/\"},\"wordCount\":226,\"commentCount\":0,\"publisher\":{\"@id\":\"https:\/\/www.dravivianloureiro.com.br\/blog\/#organization\"},\"keywords\":[\"dermato especialista em flacidez\",\"dermatologista itaim\",\"dermatologista tratamento pele fl\u00e1cida\",\"radiofrequencia no itaim\",\"radiofrequencia para flacidez\",\"tratamento flacidez itaim\",\"tratar flacidez\"],\"articleSection\":[\"Flacidez\",\"Pele\"],\"inLanguage\":\"pt-BR\",\"potentialAction\":[{\"@type\":\"CommentAction\",\"name\":\"Comment\",\"target\":[\"https:\/\/www.dravivianloureiro.com.br\/blog\/radiofrequencia-para-o-tratamento-da-flacidez-facial-e-corporal\/#respond\"]}]},{\"@type\":\"WebPage\",\"@id\":\"https:\/\/www.dravivianloureiro.com.br\/blog\/radiofrequencia-para-o-tratamento-da-flacidez-facial-e-corporal\/\",\"url\":\"https:\/\/www.dravivianloureiro.com.br\/blog\/radiofrequencia-para-o-tratamento-da-flacidez-facial-e-corporal\/\",\"name\":\"Como Funciona o Tratamento Para Flacidez com Radiofrequ\u00eancia?\",\"isPartOf\":{\"@id\":\"https:\/\/www.dravivianloureiro.com.br\/blog\/#website\"},\"datePublished\":\"2018-12-19T09:14:42+00:00\",\"dateModified\":\"2021-02-16T00:14:00+00:00\",\"description\":\"Dra. Vivian, Especialista em Tratamentos com Radiofrequ\u00eancia, Explica Como Funciona o Tratamento Ideal Para Tratar Flacidez. Conhe\u00e7a!\",\"breadcrumb\":{\"@id\":\"https:\/\/www.dravivianloureiro.com.br\/blog\/radiofrequencia-para-o-tratamento-da-flacidez-facial-e-corporal\/#breadcrumb\"},\"inLanguage\":\"pt-BR\",\"potentialAction\":[{\"@type\":\"ReadAction\",\"target\":[\"https:\/\/www.dravivianloureiro.com.br\/blog\/radiofrequencia-para-o-tratamento-da-flacidez-facial-e-corporal\/\"]}]},{\"@type\":\"BreadcrumbList\",\"@id\":\"https:\/\/www.dravivianloureiro.com.br\/blog\/radiofrequencia-para-o-tratamento-da-flacidez-facial-e-corporal\/#breadcrumb\",\"itemListElement\":[{\"@type\":\"ListItem\",\"position\":1,\"name\":\"In\u00edcio\",\"item\":\"https:\/\/www.dravivianloureiro.com.br\/blog\/\"},{\"@type\":\"ListItem\",\"position\":2,\"name\":\"Tratamento Para Flacidez Corporal com Radiofrequ\u00eancia\"}]},{\"@type\":\"WebSite\",\"@id\":\"https:\/\/www.dravivianloureiro.com.br\/blog\/#website\",\"url\":\"https:\/\/www.dravivianloureiro.com.br\/blog\/\",\"name\":\"Dermatologista Vivian Loureiro\",\"description\":\"\",\"publisher\":{\"@id\":\"https:\/\/www.dravivianloureiro.com.br\/blog\/#organization\"},\"potentialAction\":[{\"@type\":\"SearchAction\",\"target\":{\"@type\":\"EntryPoint\",\"urlTemplate\":\"https:\/\/www.dravivianloureiro.com.br\/blog\/?s={search_term_string}\"},\"query-input\":\"required name=search_term_string\"}],\"inLanguage\":\"pt-BR\"},{\"@type\":\"Organization\",\"@id\":\"https:\/\/www.dravivianloureiro.com.br\/blog\/#organization\",\"name\":\"Dra. Vivian Loureiro - Dermatologista Em S\u00e3o Paulo\",\"url\":\"https:\/\/www.dravivianloureiro.com.br\/blog\/\",\"logo\":{\"@type\":\"ImageObject\",\"inLanguage\":\"pt-BR\",\"@id\":\"https:\/\/www.dravivianloureiro.com.br\/blog\/#\/schema\/logo\/image\/\",\"url\":\"https:\/\/www.dravivianloureiro.com.br\/blog\/wp-content\/uploads\/2018\/08\/favicon.jpg\",\"contentUrl\":\"https:\/\/www.dravivianloureiro.com.br\/blog\/wp-content\/uploads\/2018\/08\/favicon.jpg\",\"width\":112,\"height\":112,\"caption\":\"Dra. Vivian Loureiro - Dermatologista Em S\u00e3o Paulo\"},\"image\":{\"@id\":\"https:\/\/www.dravivianloureiro.com.br\/blog\/#\/schema\/logo\/image\/\"},\"sameAs\":[\"https:\/\/pt-br.facebook.com\/vivianloureirodermatologia\/\",\"https:\/\/www.instagram.com\/vivianloureirodermatologia\/\",\"https:\/\/www.linkedin.com\/in\/vivian-barzi-loureiro-a6412887\/\"]},{\"@type\":\"Person\",\"@id\":\"https:\/\/www.dravivianloureiro.com.br\/blog\/#\/schema\/person\/f6272c0e48dae4364ef626c598c5cb84\",\"name\":\"Vivian Loureiro\",\"image\":{\"@type\":\"ImageObject\",\"inLanguage\":\"pt-BR\",\"@id\":\"https:\/\/www.dravivianloureiro.com.br\/blog\/#\/schema\/person\/image\/\",\"url\":\"https:\/\/secure.gravatar.com\/avatar\/8ee2b0fae98657240c77e822ae139ad3?s=96&d=wp_user_avatar&r=g\",\"contentUrl\":\"https:\/\/secure.gravatar.com\/avatar\/8ee2b0fae98657240c77e822ae139ad3?s=96&d=wp_user_avatar&r=g\",\"caption\":\"Vivian Loureiro\"},\"description\":\"M\u00e9dica formada pela Universidade de S\u00e3o Paulo (USP). Realizou resid\u00eancia m\u00e9dica em Dermatologia e complementa\u00e7\u00e3o em Cosmiatria e Laser pelo departamento de Dermatologia do Hospital das Cl\u00ednicas da Faculdade de Medicina da Universidade de S\u00e3o Paulo (USP). Possui t\u00edtulo de especialista em Dermatologia. \u00c9 membro da Sociedade Brasileira de Dermatologia (SBD) e Sociedade Brasileira de Cirurgia Dermatol\u00f3gica (SBCD) e m\u00e9dica do grupo Fleury. Atua nas \u00e1reas de Dermatologia Cl\u00ednica, Cir\u00fargica, Pedi\u00e1trica e Est\u00e9tica. Frequenta e palestra nos principais cursos e congressos de dermatologia, nacionais e internacionais, a fim de se manter em constante atualiza\u00e7\u00e3o.\",\"sameAs\":[\"https:\/\/www.dravivianloureiro.com.br\/\",\"https:\/\/pt-br.facebook.com\/vivianloureirodermatologia\/\",\"https:\/\/www.instagram.com\/vivianloureirodermatologia\/\",\"https:\/\/www.linkedin.com\/in\/vivian-barzi-loureiro-a6412887\/\"]}]}<\/script>\n<!-- \/ Yoast SEO plugin. -->","yoast_head_json":{"title":"Como Funciona o Tratamento Para Flacidez com Radiofrequ\u00eancia?","description":"Dra. Vivian, Especialista em Tratamentos com Radiofrequ\u00eancia, Explica Como Funciona o Tratamento Ideal Para Tratar Flacidez. Conhe\u00e7a!","robots":{"index":"index","follow":"follow","max-snippet":"max-snippet:-1","max-image-preview":"max-image-preview:large","max-video-preview":"max-video-preview:-1"},"canonical":"https:\/\/www.dravivianloureiro.com.br\/blog\/radiofrequencia-para-o-tratamento-da-flacidez-facial-e-corporal\/","og_locale":"pt_BR","og_type":"article","og_title":"Como Funciona o Tratamento Para Flacidez com Radiofrequ\u00eancia?","og_description":"Dra. Vivian, Especialista em Tratamentos com Radiofrequ\u00eancia, Explica Como Funciona o Tratamento Ideal Para Tratar Flacidez. Conhe\u00e7a!","og_url":"https:\/\/www.dravivianloureiro.com.br\/blog\/radiofrequencia-para-o-tratamento-da-flacidez-facial-e-corporal\/","og_site_name":"Dra. Vivian Loureiro","article_publisher":"https:\/\/pt-br.facebook.com\/vivianloureirodermatologia\/","article_author":"https:\/\/pt-br.facebook.com\/vivianloureirodermatologia\/","article_published_time":"2018-12-19T09:14:42+00:00","article_modified_time":"2021-02-16T00:14:00+00:00","og_image":[{"width":566,"height":454,"url":"https:\/\/www.dravivianloureiro.com.br\/blog\/wp-content\/uploads\/2018\/12\/tratamento-para-flacidez.jpg","type":"image\/jpeg"}],"author":"Vivian Loureiro","twitter_card":"summary_large_image","twitter_misc":{"Escrito por":"Vivian Loureiro","Est. tempo de leitura":"1 minuto"},"schema":{"@context":"https:\/\/schema.org","@graph":[{"@type":"Article","@id":"https:\/\/www.dravivianloureiro.com.br\/blog\/radiofrequencia-para-o-tratamento-da-flacidez-facial-e-corporal\/#article","isPartOf":{"@id":"https:\/\/www.dravivianloureiro.com.br\/blog\/radiofrequencia-para-o-tratamento-da-flacidez-facial-e-corporal\/"},"author":{"name":"Vivian Loureiro","@id":"https:\/\/www.dravivianloureiro.com.br\/blog\/#\/schema\/person\/f6272c0e48dae4364ef626c598c5cb84"},"headline":"Tratamento Para Flacidez Corporal com Radiofrequ\u00eancia","datePublished":"2018-12-19T09:14:42+00:00","dateModified":"2021-02-16T00:14:00+00:00","mainEntityOfPage":{"@id":"https:\/\/www.dravivianloureiro.com.br\/blog\/radiofrequencia-para-o-tratamento-da-flacidez-facial-e-corporal\/"},"wordCount":226,"commentCount":0,"publisher":{"@id":"https:\/\/www.dravivianloureiro.com.br\/blog\/#organization"},"keywords":["dermato especialista em flacidez","dermatologista itaim","dermatologista tratamento pele fl\u00e1cida","radiofrequencia no itaim","radiofrequencia para flacidez","tratamento flacidez itaim","tratar flacidez"],"articleSection":["Flacidez","Pele"],"inLanguage":"pt-BR","potentialAction":[{"@type":"CommentAction","name":"Comment","target":["https:\/\/www.dravivianloureiro.com.br\/blog\/radiofrequencia-para-o-tratamento-da-flacidez-facial-e-corporal\/#respond"]}]},{"@type":"WebPage","@id":"https:\/\/www.dravivianloureiro.com.br\/blog\/radiofrequencia-para-o-tratamento-da-flacidez-facial-e-corporal\/","url":"https:\/\/www.dravivianloureiro.com.br\/blog\/radiofrequencia-para-o-tratamento-da-flacidez-facial-e-corporal\/","name":"Como Funciona o Tratamento Para Flacidez com Radiofrequ\u00eancia?","isPartOf":{"@id":"https:\/\/www.dravivianloureiro.com.br\/blog\/#website"},"datePublished":"2018-12-19T09:14:42+00:00","dateModified":"2021-02-16T00:14:00+00:00","description":"Dra. Vivian, Especialista em Tratamentos com Radiofrequ\u00eancia, Explica Como Funciona o Tratamento Ideal Para Tratar Flacidez. Conhe\u00e7a!","breadcrumb":{"@id":"https:\/\/www.dravivianloureiro.com.br\/blog\/radiofrequencia-para-o-tratamento-da-flacidez-facial-e-corporal\/#breadcrumb"},"inLanguage":"pt-BR","potentialAction":[{"@type":"ReadAction","target":["https:\/\/www.dravivianloureiro.com.br\/blog\/radiofrequencia-para-o-tratamento-da-flacidez-facial-e-corporal\/"]}]},{"@type":"BreadcrumbList","@id":"https:\/\/www.dravivianloureiro.com.br\/blog\/radiofrequencia-para-o-tratamento-da-flacidez-facial-e-corporal\/#breadcrumb","itemListElement":[{"@type":"ListItem","position":1,"name":"In\u00edcio","item":"https:\/\/www.dravivianloureiro.com.br\/blog\/"},{"@type":"ListItem","position":2,"name":"Tratamento Para Flacidez Corporal com Radiofrequ\u00eancia"}]},{"@type":"WebSite","@id":"https:\/\/www.dravivianloureiro.com.br\/blog\/#website","url":"https:\/\/www.dravivianloureiro.com.br\/blog\/","name":"Dermatologista Vivian Loureiro","description":"","publisher":{"@id":"https:\/\/www.dravivianloureiro.com.br\/blog\/#organization"},"potentialAction":[{"@type":"SearchAction","target":{"@type":"EntryPoint","urlTemplate":"https:\/\/www.dravivianloureiro.com.br\/blog\/?s={search_term_string}"},"query-input":"required name=search_term_string"}],"inLanguage":"pt-BR"},{"@type":"Organization","@id":"https:\/\/www.dravivianloureiro.com.br\/blog\/#organization","name":"Dra. Vivian Loureiro - Dermatologista Em S\u00e3o Paulo","url":"https:\/\/www.dravivianloureiro.com.br\/blog\/","logo":{"@type":"ImageObject","inLanguage":"pt-BR","@id":"https:\/\/www.dravivianloureiro.com.br\/blog\/#\/schema\/logo\/image\/","url":"https:\/\/www.dravivianloureiro.com.br\/blog\/wp-content\/uploads\/2018\/08\/favicon.jpg","contentUrl":"https:\/\/www.dravivianloureiro.com.br\/blog\/wp-content\/uploads\/2018\/08\/favicon.jpg","width":112,"height":112,"caption":"Dra. Vivian Loureiro - Dermatologista Em S\u00e3o Paulo"},"image":{"@id":"https:\/\/www.dravivianloureiro.com.br\/blog\/#\/schema\/logo\/image\/"},"sameAs":["https:\/\/pt-br.facebook.com\/vivianloureirodermatologia\/","https:\/\/www.instagram.com\/vivianloureirodermatologia\/","https:\/\/www.linkedin.com\/in\/vivian-barzi-loureiro-a6412887\/"]},{"@type":"Person","@id":"https:\/\/www.dravivianloureiro.com.br\/blog\/#\/schema\/person\/f6272c0e48dae4364ef626c598c5cb84","name":"Vivian Loureiro","image":{"@type":"ImageObject","inLanguage":"pt-BR","@id":"https:\/\/www.dravivianloureiro.com.br\/blog\/#\/schema\/person\/image\/","url":"https:\/\/secure.gravatar.com\/avatar\/8ee2b0fae98657240c77e822ae139ad3?s=96&d=wp_user_avatar&r=g","contentUrl":"https:\/\/secure.gravatar.com\/avatar\/8ee2b0fae98657240c77e822ae139ad3?s=96&d=wp_user_avatar&r=g","caption":"Vivian Loureiro"},"description":"M\u00e9dica formada pela Universidade de S\u00e3o Paulo (USP). Realizou resid\u00eancia m\u00e9dica em Dermatologia e complementa\u00e7\u00e3o em Cosmiatria e Laser pelo departamento de Dermatologia do Hospital das Cl\u00ednicas da Faculdade de Medicina da Universidade de S\u00e3o Paulo (USP). Possui t\u00edtulo de especialista em Dermatologia. \u00c9 membro da Sociedade Brasileira de Dermatologia (SBD) e Sociedade Brasileira de Cirurgia Dermatol\u00f3gica (SBCD) e m\u00e9dica do grupo Fleury. Atua nas \u00e1reas de Dermatologia Cl\u00ednica, Cir\u00fargica, Pedi\u00e1trica e Est\u00e9tica. Frequenta e palestra nos principais cursos e congressos de dermatologia, nacionais e internacionais, a fim de se manter em constante atualiza\u00e7\u00e3o.","sameAs":["https:\/\/www.dravivianloureiro.com.br\/","https:\/\/pt-br.facebook.com\/vivianloureirodermatologia\/","https:\/\/www.instagram.com\/vivianloureirodermatologia\/","https:\/\/www.linkedin.com\/in\/vivian-barzi-loureiro-a6412887\/"]}]}},"amp_enabled":true,"_links":{"self":[{"href":"https:\/\/www.dravivianloureiro.com.br\/blog\/wp-json\/wp\/v2\/posts\/81"}],"collection":[{"href":"https:\/\/www.dravivianloureiro.com.br\/blog\/wp-json\/wp\/v2\/posts"}],"about":[{"href":"https:\/\/www.dravivianloureiro.com.br\/blog\/wp-json\/wp\/v2\/types\/post"}],"author":[{"embeddable":true,"href":"https:\/\/www.dravivianloureiro.com.br\/blog\/wp-json\/wp\/v2\/users\/1"}],"replies":[{"embeddable":true,"href":"https:\/\/www.dravivianloureiro.com.br\/blog\/wp-json\/wp\/v2\/comments?post=81"}],"version-history":[{"count":0,"href":"https:\/\/www.dravivianloureiro.com.br\/blog\/wp-json\/wp\/v2\/posts\/81\/revisions"}],"wp:featuredmedia":[{"embeddable":true,"href":"https:\/\/www.dravivianloureiro.com.br\/blog\/wp-json\/wp\/v2\/media\/82"}],"wp:attachment":[{"href":"https:\/\/www.dravivianloureiro.com.br\/blog\/wp-json\/wp\/v2\/media?parent=81"}],"wp:term":[{"taxonomy":"category","embeddable":true,"href":"https:\/\/www.dravivianloureiro.com.br\/blog\/wp-json\/wp\/v2\/categories?post=81"},{"taxonomy":"post_tag","embeddable":true,"href":"https:\/\/www.dravivianloureiro.com.br\/blog\/wp-json\/wp\/v2\/tags?post=81"}],"curies":[{"name":"wp","href":"https:\/\/api.w.org\/{rel}","templated":true}]}}