{"id":68,"date":"2018-12-19T07:04:15","date_gmt":"2018-12-19T09:04:15","guid":{"rendered":"http:\/\/serv3xceler.com.br\/vivian-loureiro\/blog\/?p=68"},"modified":"2021-02-13T19:18:15","modified_gmt":"2021-02-13T22:18:15","slug":"alteracoes-da-pele-na-gestacao","status":"publish","type":"post","link":"https:\/\/www.dravivianloureiro.com.br\/blog\/alteracoes-da-pele-na-gestacao\/","title":{"rendered":"Cuidados com a Pele na Gesta\u00e7\u00e3o"},"content":{"rendered":"<p class=\"estimated-read-time\">Tempo de leitura:<small> 2 minutos<\/small><\/p> <p>A gesta\u00e7\u00e3o \u00e9 um per\u00edodo muito especial na vida de uma mulher e, portanto,\u00a0merece cuidados especiais.<\/p>\n<h2>Altera\u00e7\u00f5es mais comuns na pele durante a gesta\u00e7\u00e3o<\/h2>\n<p>Nessa fase, n\u00e3o \u00e9 s\u00f3 a barriga que cresce e o peso que muda. Todo o organismo passa por diversas altera\u00e7\u00f5es hormonais, anat\u00f4micas,\u00a0metab\u00f3licas e bioqu\u00edmicas que visam a adapta\u00e7\u00e3o do corpo materno ao desenvolvimento adequado do beb\u00ea. Todas essas mudan\u00e7as podem ter impacto\u00a0na pele e anexos cut\u00e2neos.<\/p>\n<h2>Altera\u00e7\u00f5es pigmentares<\/h2>\n<p>Cerca de 90% das gr\u00e1vidas apresentam aumento da pigmenta\u00e7\u00e3o. Isso pode ocorrer no rosto (melasma), mamilos, regi\u00e3o de dobras (axilas, virilha) e abdome (linha nigra). Algumas pintas podem surgir ou crescer durante a gesta\u00e7\u00e3o.<\/p>\n<h2>Altera\u00e7\u00f5es dos Pelos e Cabelos<\/h2>\n<p>Quase todas as gestantes apresentam um certo aumento dos pelos, ao longo dos 9 meses. O cabelo fica mais volumoso e pelos inconvenientes podem surgir, por exemplo, no rosto. Por outro lado, no p\u00f3s parto, \u00e9 comum observar uma queda acentuada dos cabelos (efl\u00favio tel\u00f3geno), decorrente da diminui\u00e7\u00e3o abrupta dos horm\u00f4nios da gravidez.<\/p>\n<h2>Surgimento de Estrias na Gravidez<\/h2>\n<p>Aparecem em fun\u00e7\u00e3o da distens\u00e3o da pele. Surgem em geral no \u00faltimo trimestre, principalmente na regi\u00e3o do abdome, mamas e n\u00e1degas. Fatores de risco para o surgimento das indesej\u00e1veis estrias s\u00e3o: idade, ganho excessivo de peso, predisposi\u00e7\u00e3o gen\u00e9tica, disfun\u00e7\u00e3o hormonal e alguns medicamentos.<\/p>\n<h2>Altera\u00e7\u00f5es Vasculares<\/h2>\n<p>Os horm\u00f4nios estimulam a dilata\u00e7\u00e3o e prolifera\u00e7\u00e3o de vasos sangu\u00edneos. \u00c9 relativamente comum ver gestantes com o rosto e as palmas um pouco mais avermelhadas. Spiders (ou aranhas vasculares) surgem em at\u00e9 70% das gr\u00e1vidas. As veias das pernas podem ficar mais dilatadas. O incha\u00e7o dos membros inferiores pode ser evitado ou melhorado com o uso de meias el\u00e1sticas.<\/p>\n<h2>Altera\u00e7\u00f5es no Crescimento das Unhas na Gravidez<\/h2>\n<p>Durante a gesta\u00e7\u00e3o as unhas crescem mais rapidamente. No entanto, podem ficar mais fr\u00e1geis.<\/p>\n<h2>Mais Sobre Gesta\u00e7\u00e3o e Cuidados com a Pele<\/h2>\n<p>Al\u00e9m das altera\u00e7\u00f5es fisiol\u00f3gicas esperadas, algumas doen\u00e7as dermatol\u00f3gicas podem se manifestar especificamente na gesta\u00e7\u00e3o, como herpes gestacional, prurido grav\u00eddico, p\u00e1pulas e placas urticadas pruriginosas. Essas doen\u00e7as devem ser corretamente diagnosticadas e tratadas.<\/p>\n<p>Condi\u00e7\u00f5es pr\u00e9 existentes, como acne, ros\u00e1cea, dermatite, psor\u00edase e\u00a0doen\u00e7as auto-imunes,\u00a0podem melhorar ou piorar\u00a0durante a\u00a0gesta\u00e7\u00e3o.<\/p>\n<p>Nem todos os produtos e medicamentos podem ser utilizados nessa fase, pois podem prejudicar ou colocar em risco o bem-estar do feto.<\/p>\n<p>Para garantir uma gesta\u00e7\u00e3o tranquila e saud\u00e1vel, e para o correto manejo das poss\u00edveis altera\u00e7\u00f5es t\u00edpicas dessa fase, \u00e9 fundamental o acompanhamento com o dermatologista, ao longo da gesta\u00e7\u00e3o e no per\u00edodo p\u00f3s parto.<\/p>\n","protected":false},"excerpt":{"rendered":"<p><small> 2 minutos<\/small> A gesta\u00e7\u00e3o \u00e9 um per\u00edodo muito especial na vida de uma mulher e, portanto,\u00a0merece cuidados especiais. Altera\u00e7\u00f5es mais comuns na pele durante a gesta\u00e7\u00e3o Nessa fase, n\u00e3o \u00e9 s\u00f3 a barriga que cresce e o peso que muda. Todo o organismo passa por diversas altera\u00e7\u00f5es hormonais, anat\u00f4micas,\u00a0metab\u00f3licas e bioqu\u00edmicas que visam a adapta\u00e7\u00e3o do corpo materno ao desenvolvimento adequado do beb\u00ea. Todas essas mudan\u00e7as podem ter impacto\u00a0na pele e anexos cut\u00e2neos. Altera\u00e7\u00f5es pigmentares Cerca de 90% das gr\u00e1vidas apresentam aumento da pigmenta\u00e7\u00e3o. <a href=\"https:\/\/www.dravivianloureiro.com.br\/blog\/alteracoes-da-pele-na-gestacao\/\" class=\"more-link\"><span>Continue lendo<\/span>\u2192<\/a><\/p>\n","protected":false},"author":1,"featured_media":69,"comment_status":"open","ping_status":"open","sticky":false,"template":"","format":"standard","meta":[],"categories":[3],"tags":[126,133,124,128,129,127,125,131,130,123,132],"yoast_head":"<!-- This site is optimized with the Yoast SEO plugin v20.6 - https:\/\/yoast.com\/wordpress\/plugins\/seo\/ -->\n<title>Altera\u00e7\u00f5es da Pele na Gesta\u00e7\u00e3o: O que Esperar e Como Cuidar da Pele<\/title>\n<meta name=\"description\" content=\"Entenda Quais S\u00e3o as Altera\u00e7\u00f5es da Pele Esperadas na Gesta\u00e7\u00e3o e Saiba os Cuidados que Voc\u00ea Pode ter coo a Pele no Per\u00edodo da Gravidez.\" \/>\n<meta name=\"robots\" content=\"index, follow, max-snippet:-1, max-image-preview:large, max-video-preview:-1\" \/>\n<link rel=\"canonical\" href=\"https:\/\/www.dravivianloureiro.com.br\/blog\/alteracoes-da-pele-na-gestacao\/\" \/>\n<meta property=\"og:locale\" content=\"pt_BR\" \/>\n<meta property=\"og:type\" content=\"article\" \/>\n<meta property=\"og:title\" content=\"Altera\u00e7\u00f5es da Pele na Gesta\u00e7\u00e3o: O que Esperar e Como Cuidar da Pele\" \/>\n<meta property=\"og:description\" content=\"Entenda Quais S\u00e3o as Altera\u00e7\u00f5es da Pele Esperadas na Gesta\u00e7\u00e3o e Saiba os Cuidados que Voc\u00ea Pode ter coo a Pele no Per\u00edodo da Gravidez.\" \/>\n<meta property=\"og:url\" content=\"https:\/\/www.dravivianloureiro.com.br\/blog\/alteracoes-da-pele-na-gestacao\/\" \/>\n<meta property=\"og:site_name\" content=\"Dra. Vivian Loureiro\" \/>\n<meta property=\"article:publisher\" content=\"https:\/\/pt-br.facebook.com\/vivianloureirodermatologia\/\" \/>\n<meta property=\"article:author\" content=\"https:\/\/pt-br.facebook.com\/vivianloureirodermatologia\/\" \/>\n<meta property=\"article:published_time\" content=\"2018-12-19T09:04:15+00:00\" \/>\n<meta property=\"article:modified_time\" content=\"2021-02-13T22:18:15+00:00\" \/>\n<meta property=\"og:image\" content=\"https:\/\/www.dravivianloureiro.com.br\/blog\/wp-content\/uploads\/2018\/12\/gestacao-e-pele-quais-alteracoes-esperar.jpg\" \/>\n\t<meta property=\"og:image:width\" content=\"1651\" \/>\n\t<meta property=\"og:image:height\" content=\"1151\" \/>\n\t<meta property=\"og:image:type\" content=\"image\/jpeg\" \/>\n<meta name=\"author\" content=\"Vivian Loureiro\" \/>\n<meta name=\"twitter:card\" content=\"summary_large_image\" \/>\n<meta name=\"twitter:label1\" content=\"Escrito por\" \/>\n\t<meta name=\"twitter:data1\" content=\"Vivian Loureiro\" \/>\n\t<meta name=\"twitter:label2\" content=\"Est. tempo de leitura\" \/>\n\t<meta name=\"twitter:data2\" content=\"2 minutos\" \/>\n<script type=\"application\/ld+json\" class=\"yoast-schema-graph\">{\"@context\":\"https:\/\/schema.org\",\"@graph\":[{\"@type\":\"Article\",\"@id\":\"https:\/\/www.dravivianloureiro.com.br\/blog\/alteracoes-da-pele-na-gestacao\/#article\",\"isPartOf\":{\"@id\":\"https:\/\/www.dravivianloureiro.com.br\/blog\/alteracoes-da-pele-na-gestacao\/\"},\"author\":{\"name\":\"Vivian Loureiro\",\"@id\":\"https:\/\/www.dravivianloureiro.com.br\/blog\/#\/schema\/person\/f6272c0e48dae4364ef626c598c5cb84\"},\"headline\":\"Cuidados com a Pele na Gesta\u00e7\u00e3o\",\"datePublished\":\"2018-12-19T09:04:15+00:00\",\"dateModified\":\"2021-02-13T22:18:15+00:00\",\"mainEntityOfPage\":{\"@id\":\"https:\/\/www.dravivianloureiro.com.br\/blog\/alteracoes-da-pele-na-gestacao\/\"},\"wordCount\":477,\"commentCount\":0,\"publisher\":{\"@id\":\"https:\/\/www.dravivianloureiro.com.br\/blog\/#organization\"},\"keywords\":[\"altera\u00e7\u00f5es da pele na gesta\u00e7\u00e3o\",\"autocuidado\",\"cuidados com a pele na gesta\u00e7\u00e3o\",\"dermatologista especialista em gr\u00e1vidas\",\"dermatologista gesta\u00e7\u00e3o\",\"gesta\u00e7\u00e3o e dermatologia\",\"gesta\u00e7\u00e3o e pele\",\"maternidade\",\"mudan\u00e7as na pele na gravidez\",\"pele e gravidez\",\"puerperio\"],\"articleSection\":[\"Pele\"],\"inLanguage\":\"pt-BR\",\"potentialAction\":[{\"@type\":\"CommentAction\",\"name\":\"Comment\",\"target\":[\"https:\/\/www.dravivianloureiro.com.br\/blog\/alteracoes-da-pele-na-gestacao\/#respond\"]}]},{\"@type\":\"WebPage\",\"@id\":\"https:\/\/www.dravivianloureiro.com.br\/blog\/alteracoes-da-pele-na-gestacao\/\",\"url\":\"https:\/\/www.dravivianloureiro.com.br\/blog\/alteracoes-da-pele-na-gestacao\/\",\"name\":\"Altera\u00e7\u00f5es da Pele na Gesta\u00e7\u00e3o: O que Esperar e Como Cuidar da Pele\",\"isPartOf\":{\"@id\":\"https:\/\/www.dravivianloureiro.com.br\/blog\/#website\"},\"datePublished\":\"2018-12-19T09:04:15+00:00\",\"dateModified\":\"2021-02-13T22:18:15+00:00\",\"description\":\"Entenda Quais S\u00e3o as Altera\u00e7\u00f5es da Pele Esperadas na Gesta\u00e7\u00e3o e Saiba os Cuidados que Voc\u00ea Pode ter coo a Pele no Per\u00edodo da Gravidez.\",\"breadcrumb\":{\"@id\":\"https:\/\/www.dravivianloureiro.com.br\/blog\/alteracoes-da-pele-na-gestacao\/#breadcrumb\"},\"inLanguage\":\"pt-BR\",\"potentialAction\":[{\"@type\":\"ReadAction\",\"target\":[\"https:\/\/www.dravivianloureiro.com.br\/blog\/alteracoes-da-pele-na-gestacao\/\"]}]},{\"@type\":\"BreadcrumbList\",\"@id\":\"https:\/\/www.dravivianloureiro.com.br\/blog\/alteracoes-da-pele-na-gestacao\/#breadcrumb\",\"itemListElement\":[{\"@type\":\"ListItem\",\"position\":1,\"name\":\"In\u00edcio\",\"item\":\"https:\/\/www.dravivianloureiro.com.br\/blog\/\"},{\"@type\":\"ListItem\",\"position\":2,\"name\":\"Cuidados com a Pele na Gesta\u00e7\u00e3o\"}]},{\"@type\":\"WebSite\",\"@id\":\"https:\/\/www.dravivianloureiro.com.br\/blog\/#website\",\"url\":\"https:\/\/www.dravivianloureiro.com.br\/blog\/\",\"name\":\"Dermatologista Vivian Loureiro\",\"description\":\"\",\"publisher\":{\"@id\":\"https:\/\/www.dravivianloureiro.com.br\/blog\/#organization\"},\"potentialAction\":[{\"@type\":\"SearchAction\",\"target\":{\"@type\":\"EntryPoint\",\"urlTemplate\":\"https:\/\/www.dravivianloureiro.com.br\/blog\/?s={search_term_string}\"},\"query-input\":\"required name=search_term_string\"}],\"inLanguage\":\"pt-BR\"},{\"@type\":\"Organization\",\"@id\":\"https:\/\/www.dravivianloureiro.com.br\/blog\/#organization\",\"name\":\"Dra. Vivian Loureiro - Dermatologista Em S\u00e3o Paulo\",\"url\":\"https:\/\/www.dravivianloureiro.com.br\/blog\/\",\"logo\":{\"@type\":\"ImageObject\",\"inLanguage\":\"pt-BR\",\"@id\":\"https:\/\/www.dravivianloureiro.com.br\/blog\/#\/schema\/logo\/image\/\",\"url\":\"https:\/\/www.dravivianloureiro.com.br\/blog\/wp-content\/uploads\/2018\/08\/favicon.jpg\",\"contentUrl\":\"https:\/\/www.dravivianloureiro.com.br\/blog\/wp-content\/uploads\/2018\/08\/favicon.jpg\",\"width\":112,\"height\":112,\"caption\":\"Dra. Vivian Loureiro - Dermatologista Em S\u00e3o Paulo\"},\"image\":{\"@id\":\"https:\/\/www.dravivianloureiro.com.br\/blog\/#\/schema\/logo\/image\/\"},\"sameAs\":[\"https:\/\/pt-br.facebook.com\/vivianloureirodermatologia\/\",\"https:\/\/www.instagram.com\/vivianloureirodermatologia\/\",\"https:\/\/www.linkedin.com\/in\/vivian-barzi-loureiro-a6412887\/\"]},{\"@type\":\"Person\",\"@id\":\"https:\/\/www.dravivianloureiro.com.br\/blog\/#\/schema\/person\/f6272c0e48dae4364ef626c598c5cb84\",\"name\":\"Vivian Loureiro\",\"image\":{\"@type\":\"ImageObject\",\"inLanguage\":\"pt-BR\",\"@id\":\"https:\/\/www.dravivianloureiro.com.br\/blog\/#\/schema\/person\/image\/\",\"url\":\"https:\/\/secure.gravatar.com\/avatar\/8ee2b0fae98657240c77e822ae139ad3?s=96&d=wp_user_avatar&r=g\",\"contentUrl\":\"https:\/\/secure.gravatar.com\/avatar\/8ee2b0fae98657240c77e822ae139ad3?s=96&d=wp_user_avatar&r=g\",\"caption\":\"Vivian Loureiro\"},\"description\":\"M\u00e9dica formada pela Universidade de S\u00e3o Paulo (USP). Realizou resid\u00eancia m\u00e9dica em Dermatologia e complementa\u00e7\u00e3o em Cosmiatria e Laser pelo departamento de Dermatologia do Hospital das Cl\u00ednicas da Faculdade de Medicina da Universidade de S\u00e3o Paulo (USP). Possui t\u00edtulo de especialista em Dermatologia. \u00c9 membro da Sociedade Brasileira de Dermatologia (SBD) e Sociedade Brasileira de Cirurgia Dermatol\u00f3gica (SBCD) e m\u00e9dica do grupo Fleury. Atua nas \u00e1reas de Dermatologia Cl\u00ednica, Cir\u00fargica, Pedi\u00e1trica e Est\u00e9tica. Frequenta e palestra nos principais cursos e congressos de dermatologia, nacionais e internacionais, a fim de se manter em constante atualiza\u00e7\u00e3o.\",\"sameAs\":[\"https:\/\/www.dravivianloureiro.com.br\/\",\"https:\/\/pt-br.facebook.com\/vivianloureirodermatologia\/\",\"https:\/\/www.instagram.com\/vivianloureirodermatologia\/\",\"https:\/\/www.linkedin.com\/in\/vivian-barzi-loureiro-a6412887\/\"]}]}<\/script>\n<!-- \/ Yoast SEO plugin. -->","yoast_head_json":{"title":"Altera\u00e7\u00f5es da Pele na Gesta\u00e7\u00e3o: O que Esperar e Como Cuidar da Pele","description":"Entenda Quais S\u00e3o as Altera\u00e7\u00f5es da Pele Esperadas na Gesta\u00e7\u00e3o e Saiba os Cuidados que Voc\u00ea Pode ter coo a Pele no Per\u00edodo da Gravidez.","robots":{"index":"index","follow":"follow","max-snippet":"max-snippet:-1","max-image-preview":"max-image-preview:large","max-video-preview":"max-video-preview:-1"},"canonical":"https:\/\/www.dravivianloureiro.com.br\/blog\/alteracoes-da-pele-na-gestacao\/","og_locale":"pt_BR","og_type":"article","og_title":"Altera\u00e7\u00f5es da Pele na Gesta\u00e7\u00e3o: O que Esperar e Como Cuidar da Pele","og_description":"Entenda Quais S\u00e3o as Altera\u00e7\u00f5es da Pele Esperadas na Gesta\u00e7\u00e3o e Saiba os Cuidados que Voc\u00ea Pode ter coo a Pele no Per\u00edodo da Gravidez.","og_url":"https:\/\/www.dravivianloureiro.com.br\/blog\/alteracoes-da-pele-na-gestacao\/","og_site_name":"Dra. Vivian Loureiro","article_publisher":"https:\/\/pt-br.facebook.com\/vivianloureirodermatologia\/","article_author":"https:\/\/pt-br.facebook.com\/vivianloureirodermatologia\/","article_published_time":"2018-12-19T09:04:15+00:00","article_modified_time":"2021-02-13T22:18:15+00:00","og_image":[{"width":1651,"height":1151,"url":"https:\/\/www.dravivianloureiro.com.br\/blog\/wp-content\/uploads\/2018\/12\/gestacao-e-pele-quais-alteracoes-esperar.jpg","type":"image\/jpeg"}],"author":"Vivian Loureiro","twitter_card":"summary_large_image","twitter_misc":{"Escrito por":"Vivian Loureiro","Est. tempo de leitura":"2 minutos"},"schema":{"@context":"https:\/\/schema.org","@graph":[{"@type":"Article","@id":"https:\/\/www.dravivianloureiro.com.br\/blog\/alteracoes-da-pele-na-gestacao\/#article","isPartOf":{"@id":"https:\/\/www.dravivianloureiro.com.br\/blog\/alteracoes-da-pele-na-gestacao\/"},"author":{"name":"Vivian Loureiro","@id":"https:\/\/www.dravivianloureiro.com.br\/blog\/#\/schema\/person\/f6272c0e48dae4364ef626c598c5cb84"},"headline":"Cuidados com a Pele na Gesta\u00e7\u00e3o","datePublished":"2018-12-19T09:04:15+00:00","dateModified":"2021-02-13T22:18:15+00:00","mainEntityOfPage":{"@id":"https:\/\/www.dravivianloureiro.com.br\/blog\/alteracoes-da-pele-na-gestacao\/"},"wordCount":477,"commentCount":0,"publisher":{"@id":"https:\/\/www.dravivianloureiro.com.br\/blog\/#organization"},"keywords":["altera\u00e7\u00f5es da pele na gesta\u00e7\u00e3o","autocuidado","cuidados com a pele na gesta\u00e7\u00e3o","dermatologista especialista em gr\u00e1vidas","dermatologista gesta\u00e7\u00e3o","gesta\u00e7\u00e3o e dermatologia","gesta\u00e7\u00e3o e pele","maternidade","mudan\u00e7as na pele na gravidez","pele e gravidez","puerperio"],"articleSection":["Pele"],"inLanguage":"pt-BR","potentialAction":[{"@type":"CommentAction","name":"Comment","target":["https:\/\/www.dravivianloureiro.com.br\/blog\/alteracoes-da-pele-na-gestacao\/#respond"]}]},{"@type":"WebPage","@id":"https:\/\/www.dravivianloureiro.com.br\/blog\/alteracoes-da-pele-na-gestacao\/","url":"https:\/\/www.dravivianloureiro.com.br\/blog\/alteracoes-da-pele-na-gestacao\/","name":"Altera\u00e7\u00f5es da Pele na Gesta\u00e7\u00e3o: O que Esperar e Como Cuidar da Pele","isPartOf":{"@id":"https:\/\/www.dravivianloureiro.com.br\/blog\/#website"},"datePublished":"2018-12-19T09:04:15+00:00","dateModified":"2021-02-13T22:18:15+00:00","description":"Entenda Quais S\u00e3o as Altera\u00e7\u00f5es da Pele Esperadas na Gesta\u00e7\u00e3o e Saiba os Cuidados que Voc\u00ea Pode ter coo a Pele no Per\u00edodo da Gravidez.","breadcrumb":{"@id":"https:\/\/www.dravivianloureiro.com.br\/blog\/alteracoes-da-pele-na-gestacao\/#breadcrumb"},"inLanguage":"pt-BR","potentialAction":[{"@type":"ReadAction","target":["https:\/\/www.dravivianloureiro.com.br\/blog\/alteracoes-da-pele-na-gestacao\/"]}]},{"@type":"BreadcrumbList","@id":"https:\/\/www.dravivianloureiro.com.br\/blog\/alteracoes-da-pele-na-gestacao\/#breadcrumb","itemListElement":[{"@type":"ListItem","position":1,"name":"In\u00edcio","item":"https:\/\/www.dravivianloureiro.com.br\/blog\/"},{"@type":"ListItem","position":2,"name":"Cuidados com a Pele na Gesta\u00e7\u00e3o"}]},{"@type":"WebSite","@id":"https:\/\/www.dravivianloureiro.com.br\/blog\/#website","url":"https:\/\/www.dravivianloureiro.com.br\/blog\/","name":"Dermatologista Vivian Loureiro","description":"","publisher":{"@id":"https:\/\/www.dravivianloureiro.com.br\/blog\/#organization"},"potentialAction":[{"@type":"SearchAction","target":{"@type":"EntryPoint","urlTemplate":"https:\/\/www.dravivianloureiro.com.br\/blog\/?s={search_term_string}"},"query-input":"required name=search_term_string"}],"inLanguage":"pt-BR"},{"@type":"Organization","@id":"https:\/\/www.dravivianloureiro.com.br\/blog\/#organization","name":"Dra. Vivian Loureiro - Dermatologista Em S\u00e3o Paulo","url":"https:\/\/www.dravivianloureiro.com.br\/blog\/","logo":{"@type":"ImageObject","inLanguage":"pt-BR","@id":"https:\/\/www.dravivianloureiro.com.br\/blog\/#\/schema\/logo\/image\/","url":"https:\/\/www.dravivianloureiro.com.br\/blog\/wp-content\/uploads\/2018\/08\/favicon.jpg","contentUrl":"https:\/\/www.dravivianloureiro.com.br\/blog\/wp-content\/uploads\/2018\/08\/favicon.jpg","width":112,"height":112,"caption":"Dra. Vivian Loureiro - Dermatologista Em S\u00e3o Paulo"},"image":{"@id":"https:\/\/www.dravivianloureiro.com.br\/blog\/#\/schema\/logo\/image\/"},"sameAs":["https:\/\/pt-br.facebook.com\/vivianloureirodermatologia\/","https:\/\/www.instagram.com\/vivianloureirodermatologia\/","https:\/\/www.linkedin.com\/in\/vivian-barzi-loureiro-a6412887\/"]},{"@type":"Person","@id":"https:\/\/www.dravivianloureiro.com.br\/blog\/#\/schema\/person\/f6272c0e48dae4364ef626c598c5cb84","name":"Vivian Loureiro","image":{"@type":"ImageObject","inLanguage":"pt-BR","@id":"https:\/\/www.dravivianloureiro.com.br\/blog\/#\/schema\/person\/image\/","url":"https:\/\/secure.gravatar.com\/avatar\/8ee2b0fae98657240c77e822ae139ad3?s=96&d=wp_user_avatar&r=g","contentUrl":"https:\/\/secure.gravatar.com\/avatar\/8ee2b0fae98657240c77e822ae139ad3?s=96&d=wp_user_avatar&r=g","caption":"Vivian Loureiro"},"description":"M\u00e9dica formada pela Universidade de S\u00e3o Paulo (USP). Realizou resid\u00eancia m\u00e9dica em Dermatologia e complementa\u00e7\u00e3o em Cosmiatria e Laser pelo departamento de Dermatologia do Hospital das Cl\u00ednicas da Faculdade de Medicina da Universidade de S\u00e3o Paulo (USP). Possui t\u00edtulo de especialista em Dermatologia. \u00c9 membro da Sociedade Brasileira de Dermatologia (SBD) e Sociedade Brasileira de Cirurgia Dermatol\u00f3gica (SBCD) e m\u00e9dica do grupo Fleury. Atua nas \u00e1reas de Dermatologia Cl\u00ednica, Cir\u00fargica, Pedi\u00e1trica e Est\u00e9tica. Frequenta e palestra nos principais cursos e congressos de dermatologia, nacionais e internacionais, a fim de se manter em constante atualiza\u00e7\u00e3o.","sameAs":["https:\/\/www.dravivianloureiro.com.br\/","https:\/\/pt-br.facebook.com\/vivianloureirodermatologia\/","https:\/\/www.instagram.com\/vivianloureirodermatologia\/","https:\/\/www.linkedin.com\/in\/vivian-barzi-loureiro-a6412887\/"]}]}},"amp_enabled":true,"_links":{"self":[{"href":"https:\/\/www.dravivianloureiro.com.br\/blog\/wp-json\/wp\/v2\/posts\/68"}],"collection":[{"href":"https:\/\/www.dravivianloureiro.com.br\/blog\/wp-json\/wp\/v2\/posts"}],"about":[{"href":"https:\/\/www.dravivianloureiro.com.br\/blog\/wp-json\/wp\/v2\/types\/post"}],"author":[{"embeddable":true,"href":"https:\/\/www.dravivianloureiro.com.br\/blog\/wp-json\/wp\/v2\/users\/1"}],"replies":[{"embeddable":true,"href":"https:\/\/www.dravivianloureiro.com.br\/blog\/wp-json\/wp\/v2\/comments?post=68"}],"version-history":[{"count":0,"href":"https:\/\/www.dravivianloureiro.com.br\/blog\/wp-json\/wp\/v2\/posts\/68\/revisions"}],"wp:featuredmedia":[{"embeddable":true,"href":"https:\/\/www.dravivianloureiro.com.br\/blog\/wp-json\/wp\/v2\/media\/69"}],"wp:attachment":[{"href":"https:\/\/www.dravivianloureiro.com.br\/blog\/wp-json\/wp\/v2\/media?parent=68"}],"wp:term":[{"taxonomy":"category","embeddable":true,"href":"https:\/\/www.dravivianloureiro.com.br\/blog\/wp-json\/wp\/v2\/categories?post=68"},{"taxonomy":"post_tag","embeddable":true,"href":"https:\/\/www.dravivianloureiro.com.br\/blog\/wp-json\/wp\/v2\/tags?post=68"}],"curies":[{"name":"wp","href":"https:\/\/api.w.org\/{rel}","templated":true}]}}