{"id":602,"date":"2014-12-22T21:49:33","date_gmt":"2014-12-22T21:49:33","guid":{"rendered":"http:\/\/www.gabrielacasabona.com.br\/blog\/?p=602"},"modified":"2014-12-22T21:49:33","modified_gmt":"2014-12-22T21:49:33","slug":"florescer-a-grande-oportunidade-de-se-reinventar","status":"publish","type":"post","link":"https:\/\/www.dravivianloureiro.com.br\/blog\/florescer-a-grande-oportunidade-de-se-reinventar\/","title":{"rendered":"Florescer: a grande oportunidade de se reiventar"},"content":{"rendered":"<p class=\"estimated-read-time\">Tempo de leitura:<small> 2 minutos<\/small><\/p> <p>Que interessante \u00e9 acompanhar o florescer&#8230; a queda e o rebrotar das orqu\u00eddeas. S\u00e3o flores T\u00c3O lindas, de beleza rara, presentes nos eventos mais importantes. Expressam delicadeza, classe e impon\u00eancia ao mesmo tempo.\u00a0 Se fossem seres humanos, poderia dizer que sustentam uma identidade bem definida, tem consci\u00eancia de si e do efeito encantador que\u00a0 transmitem aos que as observam. Este ano tive a oportunidade de aprender com elas!!<\/p>\n<p>Sempre que ganho ou compro uma orqu\u00eddea e ela perde sua majestade e fica sem flores, eu as coloco no ber\u00e7\u00e1rio de orqu\u00eddeas na minha varanda. Observo que algumas florescem de novo depois de alguns meses, mas sempre com uma ou duas flores. Para minha surpresa, neste ano, depois de 8 meses, todas floresceram juntas e com um n\u00famero absurdo de brotos em cada galho. Comecei a me perguntar o porqu\u00ea desse comportamento e descobri que a \u00fanica coisa que havia mudado \u00e9 que hav\u00edamos limpado as ra\u00edzes, deixando-as mais livres; e que o adubo l\u00edquido estava sendo espirrado nas ra\u00edzes. Que interessante&#8230; \u00a0Pensei: quer dizer que, para florescer, a flor deve ficar mais livre e ser alimentada com o nutriente adequado, aplicado no lugar certo?!<\/p>\n<p>\u00c9 claro que fiz uma correla\u00e7\u00e3o com minha vida, afinal, aspectos da natureza ao nosso redor refletem aspectos da nossa pr\u00f3pria vida!!<\/p>\n<p>Uma das coisas mais gratificantes na nossa exist\u00eancia \u00e9 poder nascer, brilhar e saber que \u00e9 poss\u00edvel florescer de novo quando aquele ciclo termina! Mas para isso, precisamos nos alimentar do nutriente \u201cbom\u201d e sermos livres o bastante para nos reinventar. A minha carreira \u00e9 um reflexo disso e n\u00e3o h\u00e1 nada que traga mais vida e alegria para nos motivar a seguir em frente!<\/p>\n<p>SE voc\u00ea est\u00e1 na fase do <em>cair das flores<\/em>, <em>se alegre!<\/em>\u00a0 Pois \u00e9 tempo de se alimentar para se reinventar e florescer novamente com muito mais fruto !!<\/p>\n<p>SE voc\u00ea est\u00e1 na fase de <em>brilho, BRILHE!<\/em>\u00a0 Mas n\u00e3o se esque\u00e7a de continuar se alimentando de novas experi\u00eancias para que possa aproveitar este ciclo com o melhor que ele tem para dar, e&#8230;<\/p>\n<p>SE voc\u00ea est\u00e1 na fase de <em>repouso, alimente-se!<\/em>\u00a0 E tenha <em>liberdade e confian\u00e7a<\/em> para se <em>reinventar,<\/em> pois o fruto ser\u00e1 ainda mais abundante e belo que o primeiro!<\/p>\n","protected":false},"excerpt":{"rendered":"<p><small> 2 minutos<\/small> Que interessante \u00e9 acompanhar o florescer&#8230; a queda e o rebrotar das orqu\u00eddeas. S\u00e3o flores T\u00c3O lindas, de beleza rara, presentes nos eventos mais importantes. Expressam delicadeza, classe e impon\u00eancia ao mesmo tempo.\u00a0 Se fossem seres humanos, poderia dizer que sustentam uma identidade bem definida, tem consci\u00eancia de si e do efeito encantador que\u00a0 transmitem aos que as observam. Este ano tive a oportunidade de aprender com elas!! Sempre que ganho ou compro uma orqu\u00eddea e ela perde sua majestade e fica <a href=\"https:\/\/www.dravivianloureiro.com.br\/blog\/florescer-a-grande-oportunidade-de-se-reinventar\/\" class=\"more-link\"><span>Continue lendo<\/span>\u2192<\/a><\/p>\n","protected":false},"author":1,"featured_media":3505,"comment_status":"open","ping_status":"open","sticky":false,"template":"","format":"standard","meta":[],"categories":[539],"tags":[540,541],"yoast_head":"<!-- This site is optimized with the Yoast SEO plugin v20.6 - https:\/\/yoast.com\/wordpress\/plugins\/seo\/ -->\n<title>Florescer: A grande oportunidade de se Reinventar<\/title>\n<meta name=\"description\" content=\"Se voc\u00ea est\u00e1 na fase do cair das flores, alegre-se! Pois \u00e9 tempo de se alimentar para se reinventar e florescer com muito mais fruto - Gabriela Casabona Dermatologista Especialista em Rejuvenescimento da Pele em S\u00e3o Paulo. Telefones: 11 3668-5910 ou 11 3661-9502\" \/>\n<meta name=\"robots\" content=\"index, follow, max-snippet:-1, max-image-preview:large, max-video-preview:-1\" \/>\n<link rel=\"canonical\" href=\"https:\/\/www.dravivianloureiro.com.br\/blog\/florescer-a-grande-oportunidade-de-se-reinventar\/\" \/>\n<meta property=\"og:locale\" content=\"pt_BR\" \/>\n<meta property=\"og:type\" content=\"article\" \/>\n<meta property=\"og:title\" content=\"Florescer: A grande oportunidade de se Reinventar\" \/>\n<meta property=\"og:description\" content=\"Se voc\u00ea est\u00e1 na fase do cair das flores, alegre-se! Pois \u00e9 tempo de se alimentar para se reinventar e florescer com muito mais fruto - Gabriela Casabona Dermatologista Especialista em Rejuvenescimento da Pele em S\u00e3o Paulo. Telefones: 11 3668-5910 ou 11 3661-9502\" \/>\n<meta property=\"og:url\" content=\"https:\/\/www.dravivianloureiro.com.br\/blog\/florescer-a-grande-oportunidade-de-se-reinventar\/\" \/>\n<meta property=\"og:site_name\" content=\"Dra. Vivian Loureiro\" \/>\n<meta property=\"article:publisher\" content=\"https:\/\/pt-br.facebook.com\/vivianloureirodermatologia\/\" \/>\n<meta property=\"article:author\" content=\"https:\/\/pt-br.facebook.com\/vivianloureirodermatologia\/\" \/>\n<meta property=\"article:published_time\" content=\"2014-12-22T21:49:33+00:00\" \/>\n<meta name=\"author\" content=\"Vivian Loureiro\" \/>\n<meta name=\"twitter:card\" content=\"summary_large_image\" \/>\n<meta name=\"twitter:label1\" content=\"Escrito por\" \/>\n\t<meta name=\"twitter:data1\" content=\"Vivian Loureiro\" \/>\n\t<meta name=\"twitter:label2\" content=\"Est. tempo de leitura\" \/>\n\t<meta name=\"twitter:data2\" content=\"2 minutos\" \/>\n<script type=\"application\/ld+json\" class=\"yoast-schema-graph\">{\"@context\":\"https:\/\/schema.org\",\"@graph\":[{\"@type\":\"Article\",\"@id\":\"https:\/\/www.dravivianloureiro.com.br\/blog\/florescer-a-grande-oportunidade-de-se-reinventar\/#article\",\"isPartOf\":{\"@id\":\"https:\/\/www.dravivianloureiro.com.br\/blog\/florescer-a-grande-oportunidade-de-se-reinventar\/\"},\"author\":{\"name\":\"Vivian Loureiro\",\"@id\":\"https:\/\/www.dravivianloureiro.com.br\/blog\/#\/schema\/person\/f6272c0e48dae4364ef626c598c5cb84\"},\"headline\":\"Florescer: a grande oportunidade de se reiventar\",\"datePublished\":\"2014-12-22T21:49:33+00:00\",\"dateModified\":\"2014-12-22T21:49:33+00:00\",\"mainEntityOfPage\":{\"@id\":\"https:\/\/www.dravivianloureiro.com.br\/blog\/florescer-a-grande-oportunidade-de-se-reinventar\/\"},\"wordCount\":391,\"commentCount\":0,\"publisher\":{\"@id\":\"https:\/\/www.dravivianloureiro.com.br\/blog\/#organization\"},\"keywords\":[\"reinventar\",\"renova\u00e7\u00e3o\"],\"articleSection\":[\"N\u00e3o categorizado\"],\"inLanguage\":\"pt-BR\",\"potentialAction\":[{\"@type\":\"CommentAction\",\"name\":\"Comment\",\"target\":[\"https:\/\/www.dravivianloureiro.com.br\/blog\/florescer-a-grande-oportunidade-de-se-reinventar\/#respond\"]}]},{\"@type\":\"WebPage\",\"@id\":\"https:\/\/www.dravivianloureiro.com.br\/blog\/florescer-a-grande-oportunidade-de-se-reinventar\/\",\"url\":\"https:\/\/www.dravivianloureiro.com.br\/blog\/florescer-a-grande-oportunidade-de-se-reinventar\/\",\"name\":\"Florescer: A grande oportunidade de se Reinventar\",\"isPartOf\":{\"@id\":\"https:\/\/www.dravivianloureiro.com.br\/blog\/#website\"},\"datePublished\":\"2014-12-22T21:49:33+00:00\",\"dateModified\":\"2014-12-22T21:49:33+00:00\",\"description\":\"Se voc\u00ea est\u00e1 na fase do cair das flores, alegre-se! Pois \u00e9 tempo de se alimentar para se reinventar e florescer com muito mais fruto - Gabriela Casabona Dermatologista Especialista em Rejuvenescimento da Pele em S\u00e3o Paulo. Telefones: 11 3668-5910 ou 11 3661-9502\",\"breadcrumb\":{\"@id\":\"https:\/\/www.dravivianloureiro.com.br\/blog\/florescer-a-grande-oportunidade-de-se-reinventar\/#breadcrumb\"},\"inLanguage\":\"pt-BR\",\"potentialAction\":[{\"@type\":\"ReadAction\",\"target\":[\"https:\/\/www.dravivianloureiro.com.br\/blog\/florescer-a-grande-oportunidade-de-se-reinventar\/\"]}]},{\"@type\":\"BreadcrumbList\",\"@id\":\"https:\/\/www.dravivianloureiro.com.br\/blog\/florescer-a-grande-oportunidade-de-se-reinventar\/#breadcrumb\",\"itemListElement\":[{\"@type\":\"ListItem\",\"position\":1,\"name\":\"In\u00edcio\",\"item\":\"https:\/\/www.dravivianloureiro.com.br\/blog\/\"},{\"@type\":\"ListItem\",\"position\":2,\"name\":\"Florescer: a grande oportunidade de se reiventar\"}]},{\"@type\":\"WebSite\",\"@id\":\"https:\/\/www.dravivianloureiro.com.br\/blog\/#website\",\"url\":\"https:\/\/www.dravivianloureiro.com.br\/blog\/\",\"name\":\"Dermatologista Vivian Loureiro\",\"description\":\"\",\"publisher\":{\"@id\":\"https:\/\/www.dravivianloureiro.com.br\/blog\/#organization\"},\"potentialAction\":[{\"@type\":\"SearchAction\",\"target\":{\"@type\":\"EntryPoint\",\"urlTemplate\":\"https:\/\/www.dravivianloureiro.com.br\/blog\/?s={search_term_string}\"},\"query-input\":\"required name=search_term_string\"}],\"inLanguage\":\"pt-BR\"},{\"@type\":\"Organization\",\"@id\":\"https:\/\/www.dravivianloureiro.com.br\/blog\/#organization\",\"name\":\"Dra. Vivian Loureiro - Dermatologista Em S\u00e3o Paulo\",\"url\":\"https:\/\/www.dravivianloureiro.com.br\/blog\/\",\"logo\":{\"@type\":\"ImageObject\",\"inLanguage\":\"pt-BR\",\"@id\":\"https:\/\/www.dravivianloureiro.com.br\/blog\/#\/schema\/logo\/image\/\",\"url\":\"https:\/\/www.dravivianloureiro.com.br\/blog\/wp-content\/uploads\/2018\/08\/favicon.jpg\",\"contentUrl\":\"https:\/\/www.dravivianloureiro.com.br\/blog\/wp-content\/uploads\/2018\/08\/favicon.jpg\",\"width\":112,\"height\":112,\"caption\":\"Dra. Vivian Loureiro - Dermatologista Em S\u00e3o Paulo\"},\"image\":{\"@id\":\"https:\/\/www.dravivianloureiro.com.br\/blog\/#\/schema\/logo\/image\/\"},\"sameAs\":[\"https:\/\/pt-br.facebook.com\/vivianloureirodermatologia\/\",\"https:\/\/www.instagram.com\/vivianloureirodermatologia\/\",\"https:\/\/www.linkedin.com\/in\/vivian-barzi-loureiro-a6412887\/\"]},{\"@type\":\"Person\",\"@id\":\"https:\/\/www.dravivianloureiro.com.br\/blog\/#\/schema\/person\/f6272c0e48dae4364ef626c598c5cb84\",\"name\":\"Vivian Loureiro\",\"image\":{\"@type\":\"ImageObject\",\"inLanguage\":\"pt-BR\",\"@id\":\"https:\/\/www.dravivianloureiro.com.br\/blog\/#\/schema\/person\/image\/\",\"url\":\"https:\/\/secure.gravatar.com\/avatar\/8ee2b0fae98657240c77e822ae139ad3?s=96&d=wp_user_avatar&r=g\",\"contentUrl\":\"https:\/\/secure.gravatar.com\/avatar\/8ee2b0fae98657240c77e822ae139ad3?s=96&d=wp_user_avatar&r=g\",\"caption\":\"Vivian Loureiro\"},\"description\":\"M\u00e9dica formada pela Universidade de S\u00e3o Paulo (USP). Realizou resid\u00eancia m\u00e9dica em Dermatologia e complementa\u00e7\u00e3o em Cosmiatria e Laser pelo departamento de Dermatologia do Hospital das Cl\u00ednicas da Faculdade de Medicina da Universidade de S\u00e3o Paulo (USP). Possui t\u00edtulo de especialista em Dermatologia. \u00c9 membro da Sociedade Brasileira de Dermatologia (SBD) e Sociedade Brasileira de Cirurgia Dermatol\u00f3gica (SBCD) e m\u00e9dica do grupo Fleury. Atua nas \u00e1reas de Dermatologia Cl\u00ednica, Cir\u00fargica, Pedi\u00e1trica e Est\u00e9tica. Frequenta e palestra nos principais cursos e congressos de dermatologia, nacionais e internacionais, a fim de se manter em constante atualiza\u00e7\u00e3o.\",\"sameAs\":[\"https:\/\/www.dravivianloureiro.com.br\/\",\"https:\/\/pt-br.facebook.com\/vivianloureirodermatologia\/\",\"https:\/\/www.instagram.com\/vivianloureirodermatologia\/\",\"https:\/\/www.linkedin.com\/in\/vivian-barzi-loureiro-a6412887\/\"]}]}<\/script>\n<!-- \/ Yoast SEO plugin. -->","yoast_head_json":{"title":"Florescer: A grande oportunidade de se Reinventar","description":"Se voc\u00ea est\u00e1 na fase do cair das flores, alegre-se! Pois \u00e9 tempo de se alimentar para se reinventar e florescer com muito mais fruto - Gabriela Casabona Dermatologista Especialista em Rejuvenescimento da Pele em S\u00e3o Paulo. Telefones: 11 3668-5910 ou 11 3661-9502","robots":{"index":"index","follow":"follow","max-snippet":"max-snippet:-1","max-image-preview":"max-image-preview:large","max-video-preview":"max-video-preview:-1"},"canonical":"https:\/\/www.dravivianloureiro.com.br\/blog\/florescer-a-grande-oportunidade-de-se-reinventar\/","og_locale":"pt_BR","og_type":"article","og_title":"Florescer: A grande oportunidade de se Reinventar","og_description":"Se voc\u00ea est\u00e1 na fase do cair das flores, alegre-se! Pois \u00e9 tempo de se alimentar para se reinventar e florescer com muito mais fruto - Gabriela Casabona Dermatologista Especialista em Rejuvenescimento da Pele em S\u00e3o Paulo. Telefones: 11 3668-5910 ou 11 3661-9502","og_url":"https:\/\/www.dravivianloureiro.com.br\/blog\/florescer-a-grande-oportunidade-de-se-reinventar\/","og_site_name":"Dra. Vivian Loureiro","article_publisher":"https:\/\/pt-br.facebook.com\/vivianloureirodermatologia\/","article_author":"https:\/\/pt-br.facebook.com\/vivianloureirodermatologia\/","article_published_time":"2014-12-22T21:49:33+00:00","author":"Vivian Loureiro","twitter_card":"summary_large_image","twitter_misc":{"Escrito por":"Vivian Loureiro","Est. tempo de leitura":"2 minutos"},"schema":{"@context":"https:\/\/schema.org","@graph":[{"@type":"Article","@id":"https:\/\/www.dravivianloureiro.com.br\/blog\/florescer-a-grande-oportunidade-de-se-reinventar\/#article","isPartOf":{"@id":"https:\/\/www.dravivianloureiro.com.br\/blog\/florescer-a-grande-oportunidade-de-se-reinventar\/"},"author":{"name":"Vivian Loureiro","@id":"https:\/\/www.dravivianloureiro.com.br\/blog\/#\/schema\/person\/f6272c0e48dae4364ef626c598c5cb84"},"headline":"Florescer: a grande oportunidade de se reiventar","datePublished":"2014-12-22T21:49:33+00:00","dateModified":"2014-12-22T21:49:33+00:00","mainEntityOfPage":{"@id":"https:\/\/www.dravivianloureiro.com.br\/blog\/florescer-a-grande-oportunidade-de-se-reinventar\/"},"wordCount":391,"commentCount":0,"publisher":{"@id":"https:\/\/www.dravivianloureiro.com.br\/blog\/#organization"},"keywords":["reinventar","renova\u00e7\u00e3o"],"articleSection":["N\u00e3o categorizado"],"inLanguage":"pt-BR","potentialAction":[{"@type":"CommentAction","name":"Comment","target":["https:\/\/www.dravivianloureiro.com.br\/blog\/florescer-a-grande-oportunidade-de-se-reinventar\/#respond"]}]},{"@type":"WebPage","@id":"https:\/\/www.dravivianloureiro.com.br\/blog\/florescer-a-grande-oportunidade-de-se-reinventar\/","url":"https:\/\/www.dravivianloureiro.com.br\/blog\/florescer-a-grande-oportunidade-de-se-reinventar\/","name":"Florescer: A grande oportunidade de se Reinventar","isPartOf":{"@id":"https:\/\/www.dravivianloureiro.com.br\/blog\/#website"},"datePublished":"2014-12-22T21:49:33+00:00","dateModified":"2014-12-22T21:49:33+00:00","description":"Se voc\u00ea est\u00e1 na fase do cair das flores, alegre-se! Pois \u00e9 tempo de se alimentar para se reinventar e florescer com muito mais fruto - Gabriela Casabona Dermatologista Especialista em Rejuvenescimento da Pele em S\u00e3o Paulo. Telefones: 11 3668-5910 ou 11 3661-9502","breadcrumb":{"@id":"https:\/\/www.dravivianloureiro.com.br\/blog\/florescer-a-grande-oportunidade-de-se-reinventar\/#breadcrumb"},"inLanguage":"pt-BR","potentialAction":[{"@type":"ReadAction","target":["https:\/\/www.dravivianloureiro.com.br\/blog\/florescer-a-grande-oportunidade-de-se-reinventar\/"]}]},{"@type":"BreadcrumbList","@id":"https:\/\/www.dravivianloureiro.com.br\/blog\/florescer-a-grande-oportunidade-de-se-reinventar\/#breadcrumb","itemListElement":[{"@type":"ListItem","position":1,"name":"In\u00edcio","item":"https:\/\/www.dravivianloureiro.com.br\/blog\/"},{"@type":"ListItem","position":2,"name":"Florescer: a grande oportunidade de se reiventar"}]},{"@type":"WebSite","@id":"https:\/\/www.dravivianloureiro.com.br\/blog\/#website","url":"https:\/\/www.dravivianloureiro.com.br\/blog\/","name":"Dermatologista Vivian Loureiro","description":"","publisher":{"@id":"https:\/\/www.dravivianloureiro.com.br\/blog\/#organization"},"potentialAction":[{"@type":"SearchAction","target":{"@type":"EntryPoint","urlTemplate":"https:\/\/www.dravivianloureiro.com.br\/blog\/?s={search_term_string}"},"query-input":"required name=search_term_string"}],"inLanguage":"pt-BR"},{"@type":"Organization","@id":"https:\/\/www.dravivianloureiro.com.br\/blog\/#organization","name":"Dra. Vivian Loureiro - Dermatologista Em S\u00e3o Paulo","url":"https:\/\/www.dravivianloureiro.com.br\/blog\/","logo":{"@type":"ImageObject","inLanguage":"pt-BR","@id":"https:\/\/www.dravivianloureiro.com.br\/blog\/#\/schema\/logo\/image\/","url":"https:\/\/www.dravivianloureiro.com.br\/blog\/wp-content\/uploads\/2018\/08\/favicon.jpg","contentUrl":"https:\/\/www.dravivianloureiro.com.br\/blog\/wp-content\/uploads\/2018\/08\/favicon.jpg","width":112,"height":112,"caption":"Dra. Vivian Loureiro - Dermatologista Em S\u00e3o Paulo"},"image":{"@id":"https:\/\/www.dravivianloureiro.com.br\/blog\/#\/schema\/logo\/image\/"},"sameAs":["https:\/\/pt-br.facebook.com\/vivianloureirodermatologia\/","https:\/\/www.instagram.com\/vivianloureirodermatologia\/","https:\/\/www.linkedin.com\/in\/vivian-barzi-loureiro-a6412887\/"]},{"@type":"Person","@id":"https:\/\/www.dravivianloureiro.com.br\/blog\/#\/schema\/person\/f6272c0e48dae4364ef626c598c5cb84","name":"Vivian Loureiro","image":{"@type":"ImageObject","inLanguage":"pt-BR","@id":"https:\/\/www.dravivianloureiro.com.br\/blog\/#\/schema\/person\/image\/","url":"https:\/\/secure.gravatar.com\/avatar\/8ee2b0fae98657240c77e822ae139ad3?s=96&d=wp_user_avatar&r=g","contentUrl":"https:\/\/secure.gravatar.com\/avatar\/8ee2b0fae98657240c77e822ae139ad3?s=96&d=wp_user_avatar&r=g","caption":"Vivian Loureiro"},"description":"M\u00e9dica formada pela Universidade de S\u00e3o Paulo (USP). Realizou resid\u00eancia m\u00e9dica em Dermatologia e complementa\u00e7\u00e3o em Cosmiatria e Laser pelo departamento de Dermatologia do Hospital das Cl\u00ednicas da Faculdade de Medicina da Universidade de S\u00e3o Paulo (USP). Possui t\u00edtulo de especialista em Dermatologia. \u00c9 membro da Sociedade Brasileira de Dermatologia (SBD) e Sociedade Brasileira de Cirurgia Dermatol\u00f3gica (SBCD) e m\u00e9dica do grupo Fleury. Atua nas \u00e1reas de Dermatologia Cl\u00ednica, Cir\u00fargica, Pedi\u00e1trica e Est\u00e9tica. Frequenta e palestra nos principais cursos e congressos de dermatologia, nacionais e internacionais, a fim de se manter em constante atualiza\u00e7\u00e3o.","sameAs":["https:\/\/www.dravivianloureiro.com.br\/","https:\/\/pt-br.facebook.com\/vivianloureirodermatologia\/","https:\/\/www.instagram.com\/vivianloureirodermatologia\/","https:\/\/www.linkedin.com\/in\/vivian-barzi-loureiro-a6412887\/"]}]}},"amp_enabled":true,"_links":{"self":[{"href":"https:\/\/www.dravivianloureiro.com.br\/blog\/wp-json\/wp\/v2\/posts\/602"}],"collection":[{"href":"https:\/\/www.dravivianloureiro.com.br\/blog\/wp-json\/wp\/v2\/posts"}],"about":[{"href":"https:\/\/www.dravivianloureiro.com.br\/blog\/wp-json\/wp\/v2\/types\/post"}],"author":[{"embeddable":true,"href":"https:\/\/www.dravivianloureiro.com.br\/blog\/wp-json\/wp\/v2\/users\/1"}],"replies":[{"embeddable":true,"href":"https:\/\/www.dravivianloureiro.com.br\/blog\/wp-json\/wp\/v2\/comments?post=602"}],"version-history":[{"count":0,"href":"https:\/\/www.dravivianloureiro.com.br\/blog\/wp-json\/wp\/v2\/posts\/602\/revisions"}],"wp:featuredmedia":[{"embeddable":true,"href":"https:\/\/www.dravivianloureiro.com.br\/blog\/wp-json\/"}],"wp:attachment":[{"href":"https:\/\/www.dravivianloureiro.com.br\/blog\/wp-json\/wp\/v2\/media?parent=602"}],"wp:term":[{"taxonomy":"category","embeddable":true,"href":"https:\/\/www.dravivianloureiro.com.br\/blog\/wp-json\/wp\/v2\/categories?post=602"},{"taxonomy":"post_tag","embeddable":true,"href":"https:\/\/www.dravivianloureiro.com.br\/blog\/wp-json\/wp\/v2\/tags?post=602"}],"curies":[{"name":"wp","href":"https:\/\/api.w.org\/{rel}","templated":true}]}}