{"id":581,"date":"2014-11-18T20:49:05","date_gmt":"2014-11-18T20:49:05","guid":{"rendered":"http:\/\/www.gabrielacasabona.com.br\/blog\/?p=581"},"modified":"2014-11-18T20:49:05","modified_gmt":"2014-11-18T20:49:05","slug":"como-tratar-a-celulite-em-pele-flacida-ou-edematosa","status":"publish","type":"post","link":"https:\/\/www.dravivianloureiro.com.br\/blog\/como-tratar-a-celulite-em-pele-flacida-ou-edematosa\/","title":{"rendered":"Como tratar a Celulite em pele Fl\u00e1cida ou Edematosa"},"content":{"rendered":"<p class=\"estimated-read-time\">Tempo de leitura:<small> 6 minutos<\/small><\/p> <p dir=\"ltr\">Qual mulher n\u00e3o se viu assustada ao notar aquelas indesej\u00e1veis ondula\u00e7\u00f5es na pele causada pelos temidos furinhos da <a href=\"https:\/\/gabrielacasabona.com.br\/tag\/celulite\/\">celulite<\/a>? Quando isso se junta \u00e0 flacidez ent\u00e3o, nem se fala. O desespero da mulherada \u00e9 ainda maior. Mesmo sendo resultado do envelhecimento natural da pele, a flacidez tem solu\u00e7\u00e3o. E a celulite tamb\u00e9m! Basta um pouco de disciplina, for\u00e7a de vontade e disposi\u00e7\u00e3o financeira para investir em tratamentos que v\u00e3o deixar a sua pele MAIS lisinha e tonificada e voc\u00ea ainda mais bonita.<\/p>\n<p dir=\"ltr\">Quem j\u00e1 n\u00e3o ouviu falar <a href=\"https:\/\/www.dravivianloureiro.com.br\/tratamento-para-celulite.php\" target=\"_blank\" rel=\"noopener\">sobre celulite<\/a>? Ou melhor ainda, quem n\u00e3o tem celulite? O mundo da est\u00e9tica n\u00e3o para de produzir f\u00f3rmulas milagrosas, tratamentos de curta dura\u00e7\u00e3o e cosm\u00e9ticos que prometem al\u00e9m de evitar, tratar e desaparecer com os furinhos que deixam qualquer mulher maluca. Mas voc\u00ea j\u00e1 procurou saber o que \u00e9 realmente celulite? Ent\u00e3o fique atenta e tire suas d\u00favidas sobre esse mal t\u00e3o comum.<\/p>\n<h2>Forma\u00e7\u00e3o e aparecimento<\/h2>\n<p dir=\"ltr\">Nas camadas mais profundas da nossa pele existe um tipo de c\u00e9lula chamada lip\u00f3cito, que basicamente \u00e9 uma c\u00e9lula de gordura, e que existe em quantidade vari\u00e1vel em pessoas com excesso de peso ou n\u00e3o. Essas c\u00e9lulas se acumulam no tecido da pele, e se houver um s\u00fabito aumento na sua quantidade pode haver uma expans\u00e3o local, ou seja, elas passam a ocupar um lugar maior do que a elas destinado.<\/p>\n<p dir=\"ltr\">Sendo assim, essa expans\u00e3o das c\u00e9lulas de gordura acaba prejudicando o sistema circulat\u00f3rio e o sistema linf\u00e1tico, que s\u00e3o seus vizinhos e que t\u00eam o espa\u00e7o ent\u00e3o diminu\u00eddo. Com esse preju\u00edzo a esses sistemas de circula\u00e7\u00e3o, distribui\u00e7\u00e3o de nutrientes e elimina\u00e7\u00e3o de res\u00edduos temos o chamado edema, ou seja, a pele fica inchada naquele local.<\/p>\n<p dir=\"ltr\">Temos a impress\u00e3o de que o tecido fica mais macio, j\u00e1 que h\u00e1 a reten\u00e7\u00e3o de l\u00edquidos na regi\u00e3o. Gra\u00e7as ao horm\u00f4nio feminino, a gordura residual do nosso corpo vai diretamente para o quadril, o que pode prejudicar a est\u00e9tica feminina e fazer com que a celulite piore a cada dia, principalmente em per\u00edodos de varia\u00e7\u00e3o desse horm\u00f4nio (puberdade, menstrua\u00e7\u00e3o e menopausa). Esse excesso de tecido gorduroso e desarranjo das c\u00e9lulas acaba causando pequenas depress\u00f5es, que representam finalmente a celulite. As altera\u00e7\u00f5es na pele e a n\u00e3o elimina\u00e7\u00e3o correta de toxinas causa inflama\u00e7\u00e3o das c\u00e9lulas, gerando mais incha\u00e7o e em muitos casos dor local.<\/p>\n<h2 dir=\"ltr\">Conceito<\/h2>\n<p dir=\"ltr\">O LIPODISTROFIA GINOIDE (LG) \u00e9 o nome da patologia mais conhecida como celulite. \u00c9 uma inflama\u00e7\u00e3o celular que afeta principalmente as mulheres depois da puberdade, que desenvolvem um tipo de hernia\u00e7\u00e3o do tecido adiposo.<\/p>\n<p dir=\"ltr\">Ocorrem altera\u00e7\u00f5es nas fibras el\u00e1sticas da derme e deposi\u00e7\u00e3o de l\u00edquidos entre os adip\u00f3citos. A principal caracter\u00edstica \u00e9 o aparecimento de ondula\u00e7\u00f5es na pele causada por aumento do tecido fibroso e disfun\u00e7\u00e3o na microcircula\u00e7\u00e3o.<\/p>\n<h2 dir=\"ltr\">Est\u00e1gios e Tipos<\/h2>\n<p dir=\"ltr\">A celulite se divide em est\u00e1gios e tipos e \u00e9 exatamente por isso que \u00e9 muito dif\u00edcil que a sua celulite seja igualzinha de sua amiga. Existem quatro tipos de celulite: edematosa, dura ou consistente, mole ou fl\u00e1cida e mista, que \u00e9 a combina\u00e7\u00e3o de pelo menos dois tipos. A celulite tamb\u00e9m pode se dividir em quatro est\u00e1gios ou graus:<\/p>\n<p dir=\"ltr\" style=\"padding-left: 30px;\">Grau I:\u00a0forma\u00e7\u00e3o de edema e d\u00e9ficit na permeabilidade capilar;<br \/>\nGrau II:\u00a0forma\u00e7\u00e3o de fibrose;<br \/>\nGrau III:\u00a0forma\u00e7\u00e3o de micron\u00f3dulos;<br \/>\nGrau IV:\u00a0destrui\u00e7\u00e3o das fibras el\u00e1sticas e forma\u00e7\u00e3o de grandes n\u00f3dulos;<\/p>\n<h2 dir=\"ltr\">Causas<\/h2>\n<p dir=\"ltr\">N\u00e3o existe uma \u00fanica causa e sim v\u00e1rias, desde causas gen\u00e9ticas at\u00e9 ambientais, que depende apenas do que voc\u00ea consome e dos seus cuidados:<\/p>\n<p dir=\"ltr\" style=\"padding-left: 30px;\">M\u00e1 alimenta\u00e7\u00e3o (Dieta com alimentos de alto \u00edndice glic\u00eamico);<br \/>\nSedentarismo (Diminui\u00e7\u00e3o de libera\u00e7\u00e3o de adrenalina, o que estimula a reten\u00e7\u00e3o de gordura localizada);<br \/>\nPredisposi\u00e7\u00e3o gen\u00e9tica;<br \/>\nExcesso de estr\u00f3geno;<br \/>\nSexo &#8211; g\u00eanero;<br \/>\nBi\u00f3tipo corporal;<br \/>\nDistribui\u00e7\u00e3o de tecido adiposo;<br \/>\nGravidez;<br \/>\nEstresse;<br \/>\nUso de medica\u00e7\u00f5es;<\/p>\n<h2 dir=\"ltr\">Formas da Celulite<\/h2>\n<p dir=\"ltr\">A celulite quando um problema est\u00e9tico costuma apresentar ondula\u00e7\u00f5es na pele, e em alguns graus tamb\u00e9m n\u00f3dulos mais duros, que \u00e9 quando acontece a fibrose, ou seja, as fibras de col\u00e1geno endurecem. Nesse grau ela tamb\u00e9m pode causar dor localizada na \u00e1rea atingida, a dor aparecendo mais mediante o toque ou a contra\u00e7\u00e3o dos m\u00fasculos. Quanto maior o grau da celulite, mais se tem \u00e1gua, gordura e toxinas acumulada embaixo da pele.<\/p>\n<h2 dir=\"ltr\">Tratamento<\/h2>\n<p dir=\"ltr\">Para realizar um <a href=\"https:\/\/www.dravivianloureiro.com.br\/tratamento-para-celulite.php\" target=\"_blank\" rel=\"noopener\">bom tratamento<\/a> e combater a celulite de uma vez por todas, o primeiro passo e o mais importante de todos \u00e9 saber qual o seu tipo de celulite. O mercado da beleza possui tratamentos infinitos e incont\u00e1veis, por isso \u00e9 necess\u00e1rio fazer uma boa pesquisa antes de escolher qual voc\u00ea quer seguir.<\/p>\n<p dir=\"ltr\">O ideal para tratar a celulite \u00e9 manter uma dieta equilibrada e fazer exerc\u00edcios regularmente, tirar do card\u00e1pio alimentos com muita a\u00e7\u00facar, principalmente a refinada, refrigerante, corantes, gordura trans e outros alimentos que trazem toxinas para o corpo. Manter os rins e o f\u00edgado saud\u00e1veis tamb\u00e9m ajuda, pois eles que eliminam as toxinas. Para manter esses \u00f3rg\u00e3os saud\u00e1veis \u00e9 bom tomar muita \u00e1gua, comer frutas como ma\u00e7\u00e3 e uva, comidas amargas tamb\u00e9m fazem bem ao f\u00edgado e n\u00e3o ingerir bebida alco\u00f3lica em exagero.<\/p>\n<p dir=\"ltr\">Tenho visto excelente resultados na combina\u00e7\u00e3o de tratamentos, s\u00e3o formados por uma cadeia de a\u00e7\u00f5es que ir\u00e1 gerar um resultado satisfat\u00f3rio, sendo eles:<\/p>\n<p dir=\"ltr\">Dieta, exerc\u00edcios e tratamentos eficazes para cada caso.<\/p>\n<h3 dir=\"ltr\">Pele com celulite e fl\u00e1cida:<\/h3>\n<p dir=\"ltr\" style=\"padding-left: 30px;\">Microagulhamento<br \/>\nMassagem<br \/>\nMesoterapia<\/p>\n<h3 dir=\"ltr\">Pele com celulite edematosa:<\/h3>\n<p dir=\"ltr\" style=\"padding-left: 30px;\">Radiofrequ\u00eancia<br \/>\nLiquido espanhol que causa hiperemia<br \/>\nMesoterapia<br \/>\nMassagem<\/p>\n<p dir=\"ltr\">Seja l\u00e1 qual for o seu problema, preste bem aten\u00e7\u00e3o nessas dicas dos especialistas.<\/p>\n<h2 dir=\"ltr\">M\u00fasculos fl\u00e1cidos<\/h2>\n<p dir=\"ltr\">Muscula\u00e7\u00e3o \u00e9 o melhor rem\u00e9dio, n\u00e3o tem como escapar. Os pesinhos v\u00e3o ajudar a barrar esse tipo de flacidez. O treinamento ideal consiste em menos carga e mais repeti\u00e7\u00f5es. Tem que ser localizado, de resist\u00eancia e praticado, no m\u00ednimo, de 2 a 3 vezes por semana.<\/p>\n<p dir=\"ltr\">A ingest\u00e3o da prote\u00edna de col\u00e1geno tamb\u00e9m pode ajudar. Seja em p\u00f3, c\u00e1psula ou bala, a vers\u00e3o hidrolisada \u00e9 facilmente absorvida pelo organismo. Alimentos que contenham Vitamina C, sil\u00edcio org\u00e2nico e sel\u00eanio tamb\u00e9m ajudam na consolida\u00e7\u00e3o do tratamento, j\u00e1 que atuam como fonte de col\u00e1geno.<\/p>\n<p dir=\"ltr\">E a orienta\u00e7\u00e3o de seu Dermatologista para tratamentos que realmente resultar\u00e3o em total satisfa\u00e7\u00e3o.<\/p>\n<p dir=\"ltr\">Depois disso tudo, curta a vida em toda sua plenitude, a Beleza n\u00e3o \u00e9 s\u00f3 um fator est\u00e9tico \u00e9 olhar para seu corpo e querer que a sa\u00fade e a alegria reine nele.<\/p>\n<p>&nbsp;<\/p>\n","protected":false},"excerpt":{"rendered":"<p><small> 6 minutos<\/small> Qual mulher n\u00e3o se viu assustada ao notar aquelas indesej\u00e1veis ondula\u00e7\u00f5es na pele causada pelos temidos furinhos da celulite? Quando isso se junta \u00e0 flacidez ent\u00e3o, nem se fala. O desespero da mulherada \u00e9 ainda maior. Mesmo sendo resultado do envelhecimento natural da pele, a flacidez tem solu\u00e7\u00e3o. E a celulite tamb\u00e9m! Basta um pouco de disciplina, for\u00e7a de vontade e disposi\u00e7\u00e3o financeira para investir em tratamentos que v\u00e3o deixar a sua pele MAIS lisinha e tonificada e voc\u00ea ainda mais bonita. <a href=\"https:\/\/www.dravivianloureiro.com.br\/blog\/como-tratar-a-celulite-em-pele-flacida-ou-edematosa\/\" class=\"more-link\"><span>Continue lendo<\/span>\u2192<\/a><\/p>\n","protected":false},"author":1,"featured_media":3502,"comment_status":"open","ping_status":"open","sticky":false,"template":"","format":"standard","meta":[],"categories":[375,363,368],"tags":[537,431,538],"yoast_head":"<!-- This site is optimized with the Yoast SEO plugin v20.6 - https:\/\/yoast.com\/wordpress\/plugins\/seo\/ -->\n<title>Como tratar a celulite em pele Fl\u00e1cida ou Edematosa<\/title>\n<meta name=\"description\" content=\"Para realizar um bom tratamento e combater a celulite de uma vez por todas, o primeiro passo e o mais importante de todos \u00e9 saber qual seu tipo de celulite. Gabriela Casabona Dermatologista Especialista em Tratamento de Celulite em Pele Fl\u00e1cida em S\u00e3o Paulo. Telefones: 11 3668-5910 ou 11 3661-9502\" \/>\n<meta name=\"robots\" content=\"index, follow, max-snippet:-1, max-image-preview:large, max-video-preview:-1\" \/>\n<link rel=\"canonical\" href=\"https:\/\/www.dravivianloureiro.com.br\/blog\/como-tratar-a-celulite-em-pele-flacida-ou-edematosa\/\" \/>\n<meta property=\"og:locale\" content=\"pt_BR\" \/>\n<meta property=\"og:type\" content=\"article\" \/>\n<meta property=\"og:title\" content=\"Como tratar a celulite em pele Fl\u00e1cida ou Edematosa\" \/>\n<meta property=\"og:description\" content=\"Para realizar um bom tratamento e combater a celulite de uma vez por todas, o primeiro passo e o mais importante de todos \u00e9 saber qual seu tipo de celulite. Gabriela Casabona Dermatologista Especialista em Tratamento de Celulite em Pele Fl\u00e1cida em S\u00e3o Paulo. Telefones: 11 3668-5910 ou 11 3661-9502\" \/>\n<meta property=\"og:url\" content=\"https:\/\/www.dravivianloureiro.com.br\/blog\/como-tratar-a-celulite-em-pele-flacida-ou-edematosa\/\" \/>\n<meta property=\"og:site_name\" content=\"Dra. Vivian Loureiro\" \/>\n<meta property=\"article:publisher\" content=\"https:\/\/pt-br.facebook.com\/vivianloureirodermatologia\/\" \/>\n<meta property=\"article:author\" content=\"https:\/\/pt-br.facebook.com\/vivianloureirodermatologia\/\" \/>\n<meta property=\"article:published_time\" content=\"2014-11-18T20:49:05+00:00\" \/>\n<meta name=\"author\" content=\"Vivian Loureiro\" \/>\n<meta name=\"twitter:card\" content=\"summary_large_image\" \/>\n<meta name=\"twitter:label1\" content=\"Escrito por\" \/>\n\t<meta name=\"twitter:data1\" content=\"Vivian Loureiro\" \/>\n\t<meta name=\"twitter:label2\" content=\"Est. tempo de leitura\" \/>\n\t<meta name=\"twitter:data2\" content=\"5 minutos\" \/>\n<script type=\"application\/ld+json\" class=\"yoast-schema-graph\">{\"@context\":\"https:\/\/schema.org\",\"@graph\":[{\"@type\":\"Article\",\"@id\":\"https:\/\/www.dravivianloureiro.com.br\/blog\/como-tratar-a-celulite-em-pele-flacida-ou-edematosa\/#article\",\"isPartOf\":{\"@id\":\"https:\/\/www.dravivianloureiro.com.br\/blog\/como-tratar-a-celulite-em-pele-flacida-ou-edematosa\/\"},\"author\":{\"name\":\"Vivian Loureiro\",\"@id\":\"https:\/\/www.dravivianloureiro.com.br\/blog\/#\/schema\/person\/f6272c0e48dae4364ef626c598c5cb84\"},\"headline\":\"Como tratar a Celulite em pele Fl\u00e1cida ou Edematosa\",\"datePublished\":\"2014-11-18T20:49:05+00:00\",\"dateModified\":\"2014-11-18T20:49:05+00:00\",\"mainEntityOfPage\":{\"@id\":\"https:\/\/www.dravivianloureiro.com.br\/blog\/como-tratar-a-celulite-em-pele-flacida-ou-edematosa\/\"},\"wordCount\":1183,\"commentCount\":0,\"publisher\":{\"@id\":\"https:\/\/www.dravivianloureiro.com.br\/blog\/#organization\"},\"keywords\":[\"causas celulite\",\"celulite\",\"tratamento celulite\"],\"articleSection\":[\"Celulite\",\"Dicas\",\"Est\u00e9ticos\"],\"inLanguage\":\"pt-BR\",\"potentialAction\":[{\"@type\":\"CommentAction\",\"name\":\"Comment\",\"target\":[\"https:\/\/www.dravivianloureiro.com.br\/blog\/como-tratar-a-celulite-em-pele-flacida-ou-edematosa\/#respond\"]}]},{\"@type\":\"WebPage\",\"@id\":\"https:\/\/www.dravivianloureiro.com.br\/blog\/como-tratar-a-celulite-em-pele-flacida-ou-edematosa\/\",\"url\":\"https:\/\/www.dravivianloureiro.com.br\/blog\/como-tratar-a-celulite-em-pele-flacida-ou-edematosa\/\",\"name\":\"Como tratar a celulite em pele Fl\u00e1cida ou Edematosa\",\"isPartOf\":{\"@id\":\"https:\/\/www.dravivianloureiro.com.br\/blog\/#website\"},\"datePublished\":\"2014-11-18T20:49:05+00:00\",\"dateModified\":\"2014-11-18T20:49:05+00:00\",\"description\":\"Para realizar um bom tratamento e combater a celulite de uma vez por todas, o primeiro passo e o mais importante de todos \u00e9 saber qual seu tipo de celulite. Gabriela Casabona Dermatologista Especialista em Tratamento de Celulite em Pele Fl\u00e1cida em S\u00e3o Paulo. Telefones: 11 3668-5910 ou 11 3661-9502\",\"breadcrumb\":{\"@id\":\"https:\/\/www.dravivianloureiro.com.br\/blog\/como-tratar-a-celulite-em-pele-flacida-ou-edematosa\/#breadcrumb\"},\"inLanguage\":\"pt-BR\",\"potentialAction\":[{\"@type\":\"ReadAction\",\"target\":[\"https:\/\/www.dravivianloureiro.com.br\/blog\/como-tratar-a-celulite-em-pele-flacida-ou-edematosa\/\"]}]},{\"@type\":\"BreadcrumbList\",\"@id\":\"https:\/\/www.dravivianloureiro.com.br\/blog\/como-tratar-a-celulite-em-pele-flacida-ou-edematosa\/#breadcrumb\",\"itemListElement\":[{\"@type\":\"ListItem\",\"position\":1,\"name\":\"In\u00edcio\",\"item\":\"https:\/\/www.dravivianloureiro.com.br\/blog\/\"},{\"@type\":\"ListItem\",\"position\":2,\"name\":\"Como tratar a Celulite em pele Fl\u00e1cida ou Edematosa\"}]},{\"@type\":\"WebSite\",\"@id\":\"https:\/\/www.dravivianloureiro.com.br\/blog\/#website\",\"url\":\"https:\/\/www.dravivianloureiro.com.br\/blog\/\",\"name\":\"Dermatologista Vivian Loureiro\",\"description\":\"\",\"publisher\":{\"@id\":\"https:\/\/www.dravivianloureiro.com.br\/blog\/#organization\"},\"potentialAction\":[{\"@type\":\"SearchAction\",\"target\":{\"@type\":\"EntryPoint\",\"urlTemplate\":\"https:\/\/www.dravivianloureiro.com.br\/blog\/?s={search_term_string}\"},\"query-input\":\"required name=search_term_string\"}],\"inLanguage\":\"pt-BR\"},{\"@type\":\"Organization\",\"@id\":\"https:\/\/www.dravivianloureiro.com.br\/blog\/#organization\",\"name\":\"Dra. Vivian Loureiro - Dermatologista Em S\u00e3o Paulo\",\"url\":\"https:\/\/www.dravivianloureiro.com.br\/blog\/\",\"logo\":{\"@type\":\"ImageObject\",\"inLanguage\":\"pt-BR\",\"@id\":\"https:\/\/www.dravivianloureiro.com.br\/blog\/#\/schema\/logo\/image\/\",\"url\":\"https:\/\/www.dravivianloureiro.com.br\/blog\/wp-content\/uploads\/2018\/08\/favicon.jpg\",\"contentUrl\":\"https:\/\/www.dravivianloureiro.com.br\/blog\/wp-content\/uploads\/2018\/08\/favicon.jpg\",\"width\":112,\"height\":112,\"caption\":\"Dra. Vivian Loureiro - Dermatologista Em S\u00e3o Paulo\"},\"image\":{\"@id\":\"https:\/\/www.dravivianloureiro.com.br\/blog\/#\/schema\/logo\/image\/\"},\"sameAs\":[\"https:\/\/pt-br.facebook.com\/vivianloureirodermatologia\/\",\"https:\/\/www.instagram.com\/vivianloureirodermatologia\/\",\"https:\/\/www.linkedin.com\/in\/vivian-barzi-loureiro-a6412887\/\"]},{\"@type\":\"Person\",\"@id\":\"https:\/\/www.dravivianloureiro.com.br\/blog\/#\/schema\/person\/f6272c0e48dae4364ef626c598c5cb84\",\"name\":\"Vivian Loureiro\",\"image\":{\"@type\":\"ImageObject\",\"inLanguage\":\"pt-BR\",\"@id\":\"https:\/\/www.dravivianloureiro.com.br\/blog\/#\/schema\/person\/image\/\",\"url\":\"https:\/\/secure.gravatar.com\/avatar\/8ee2b0fae98657240c77e822ae139ad3?s=96&d=wp_user_avatar&r=g\",\"contentUrl\":\"https:\/\/secure.gravatar.com\/avatar\/8ee2b0fae98657240c77e822ae139ad3?s=96&d=wp_user_avatar&r=g\",\"caption\":\"Vivian Loureiro\"},\"description\":\"M\u00e9dica formada pela Universidade de S\u00e3o Paulo (USP). Realizou resid\u00eancia m\u00e9dica em Dermatologia e complementa\u00e7\u00e3o em Cosmiatria e Laser pelo departamento de Dermatologia do Hospital das Cl\u00ednicas da Faculdade de Medicina da Universidade de S\u00e3o Paulo (USP). Possui t\u00edtulo de especialista em Dermatologia. \u00c9 membro da Sociedade Brasileira de Dermatologia (SBD) e Sociedade Brasileira de Cirurgia Dermatol\u00f3gica (SBCD) e m\u00e9dica do grupo Fleury. Atua nas \u00e1reas de Dermatologia Cl\u00ednica, Cir\u00fargica, Pedi\u00e1trica e Est\u00e9tica. Frequenta e palestra nos principais cursos e congressos de dermatologia, nacionais e internacionais, a fim de se manter em constante atualiza\u00e7\u00e3o.\",\"sameAs\":[\"https:\/\/www.dravivianloureiro.com.br\/\",\"https:\/\/pt-br.facebook.com\/vivianloureirodermatologia\/\",\"https:\/\/www.instagram.com\/vivianloureirodermatologia\/\",\"https:\/\/www.linkedin.com\/in\/vivian-barzi-loureiro-a6412887\/\"]}]}<\/script>\n<!-- \/ Yoast SEO plugin. -->","yoast_head_json":{"title":"Como tratar a celulite em pele Fl\u00e1cida ou Edematosa","description":"Para realizar um bom tratamento e combater a celulite de uma vez por todas, o primeiro passo e o mais importante de todos \u00e9 saber qual seu tipo de celulite. Gabriela Casabona Dermatologista Especialista em Tratamento de Celulite em Pele Fl\u00e1cida em S\u00e3o Paulo. Telefones: 11 3668-5910 ou 11 3661-9502","robots":{"index":"index","follow":"follow","max-snippet":"max-snippet:-1","max-image-preview":"max-image-preview:large","max-video-preview":"max-video-preview:-1"},"canonical":"https:\/\/www.dravivianloureiro.com.br\/blog\/como-tratar-a-celulite-em-pele-flacida-ou-edematosa\/","og_locale":"pt_BR","og_type":"article","og_title":"Como tratar a celulite em pele Fl\u00e1cida ou Edematosa","og_description":"Para realizar um bom tratamento e combater a celulite de uma vez por todas, o primeiro passo e o mais importante de todos \u00e9 saber qual seu tipo de celulite. Gabriela Casabona Dermatologista Especialista em Tratamento de Celulite em Pele Fl\u00e1cida em S\u00e3o Paulo. Telefones: 11 3668-5910 ou 11 3661-9502","og_url":"https:\/\/www.dravivianloureiro.com.br\/blog\/como-tratar-a-celulite-em-pele-flacida-ou-edematosa\/","og_site_name":"Dra. Vivian Loureiro","article_publisher":"https:\/\/pt-br.facebook.com\/vivianloureirodermatologia\/","article_author":"https:\/\/pt-br.facebook.com\/vivianloureirodermatologia\/","article_published_time":"2014-11-18T20:49:05+00:00","author":"Vivian Loureiro","twitter_card":"summary_large_image","twitter_misc":{"Escrito por":"Vivian Loureiro","Est. tempo de leitura":"5 minutos"},"schema":{"@context":"https:\/\/schema.org","@graph":[{"@type":"Article","@id":"https:\/\/www.dravivianloureiro.com.br\/blog\/como-tratar-a-celulite-em-pele-flacida-ou-edematosa\/#article","isPartOf":{"@id":"https:\/\/www.dravivianloureiro.com.br\/blog\/como-tratar-a-celulite-em-pele-flacida-ou-edematosa\/"},"author":{"name":"Vivian Loureiro","@id":"https:\/\/www.dravivianloureiro.com.br\/blog\/#\/schema\/person\/f6272c0e48dae4364ef626c598c5cb84"},"headline":"Como tratar a Celulite em pele Fl\u00e1cida ou Edematosa","datePublished":"2014-11-18T20:49:05+00:00","dateModified":"2014-11-18T20:49:05+00:00","mainEntityOfPage":{"@id":"https:\/\/www.dravivianloureiro.com.br\/blog\/como-tratar-a-celulite-em-pele-flacida-ou-edematosa\/"},"wordCount":1183,"commentCount":0,"publisher":{"@id":"https:\/\/www.dravivianloureiro.com.br\/blog\/#organization"},"keywords":["causas celulite","celulite","tratamento celulite"],"articleSection":["Celulite","Dicas","Est\u00e9ticos"],"inLanguage":"pt-BR","potentialAction":[{"@type":"CommentAction","name":"Comment","target":["https:\/\/www.dravivianloureiro.com.br\/blog\/como-tratar-a-celulite-em-pele-flacida-ou-edematosa\/#respond"]}]},{"@type":"WebPage","@id":"https:\/\/www.dravivianloureiro.com.br\/blog\/como-tratar-a-celulite-em-pele-flacida-ou-edematosa\/","url":"https:\/\/www.dravivianloureiro.com.br\/blog\/como-tratar-a-celulite-em-pele-flacida-ou-edematosa\/","name":"Como tratar a celulite em pele Fl\u00e1cida ou Edematosa","isPartOf":{"@id":"https:\/\/www.dravivianloureiro.com.br\/blog\/#website"},"datePublished":"2014-11-18T20:49:05+00:00","dateModified":"2014-11-18T20:49:05+00:00","description":"Para realizar um bom tratamento e combater a celulite de uma vez por todas, o primeiro passo e o mais importante de todos \u00e9 saber qual seu tipo de celulite. Gabriela Casabona Dermatologista Especialista em Tratamento de Celulite em Pele Fl\u00e1cida em S\u00e3o Paulo. Telefones: 11 3668-5910 ou 11 3661-9502","breadcrumb":{"@id":"https:\/\/www.dravivianloureiro.com.br\/blog\/como-tratar-a-celulite-em-pele-flacida-ou-edematosa\/#breadcrumb"},"inLanguage":"pt-BR","potentialAction":[{"@type":"ReadAction","target":["https:\/\/www.dravivianloureiro.com.br\/blog\/como-tratar-a-celulite-em-pele-flacida-ou-edematosa\/"]}]},{"@type":"BreadcrumbList","@id":"https:\/\/www.dravivianloureiro.com.br\/blog\/como-tratar-a-celulite-em-pele-flacida-ou-edematosa\/#breadcrumb","itemListElement":[{"@type":"ListItem","position":1,"name":"In\u00edcio","item":"https:\/\/www.dravivianloureiro.com.br\/blog\/"},{"@type":"ListItem","position":2,"name":"Como tratar a Celulite em pele Fl\u00e1cida ou Edematosa"}]},{"@type":"WebSite","@id":"https:\/\/www.dravivianloureiro.com.br\/blog\/#website","url":"https:\/\/www.dravivianloureiro.com.br\/blog\/","name":"Dermatologista Vivian Loureiro","description":"","publisher":{"@id":"https:\/\/www.dravivianloureiro.com.br\/blog\/#organization"},"potentialAction":[{"@type":"SearchAction","target":{"@type":"EntryPoint","urlTemplate":"https:\/\/www.dravivianloureiro.com.br\/blog\/?s={search_term_string}"},"query-input":"required name=search_term_string"}],"inLanguage":"pt-BR"},{"@type":"Organization","@id":"https:\/\/www.dravivianloureiro.com.br\/blog\/#organization","name":"Dra. Vivian Loureiro - Dermatologista Em S\u00e3o Paulo","url":"https:\/\/www.dravivianloureiro.com.br\/blog\/","logo":{"@type":"ImageObject","inLanguage":"pt-BR","@id":"https:\/\/www.dravivianloureiro.com.br\/blog\/#\/schema\/logo\/image\/","url":"https:\/\/www.dravivianloureiro.com.br\/blog\/wp-content\/uploads\/2018\/08\/favicon.jpg","contentUrl":"https:\/\/www.dravivianloureiro.com.br\/blog\/wp-content\/uploads\/2018\/08\/favicon.jpg","width":112,"height":112,"caption":"Dra. Vivian Loureiro - Dermatologista Em S\u00e3o Paulo"},"image":{"@id":"https:\/\/www.dravivianloureiro.com.br\/blog\/#\/schema\/logo\/image\/"},"sameAs":["https:\/\/pt-br.facebook.com\/vivianloureirodermatologia\/","https:\/\/www.instagram.com\/vivianloureirodermatologia\/","https:\/\/www.linkedin.com\/in\/vivian-barzi-loureiro-a6412887\/"]},{"@type":"Person","@id":"https:\/\/www.dravivianloureiro.com.br\/blog\/#\/schema\/person\/f6272c0e48dae4364ef626c598c5cb84","name":"Vivian Loureiro","image":{"@type":"ImageObject","inLanguage":"pt-BR","@id":"https:\/\/www.dravivianloureiro.com.br\/blog\/#\/schema\/person\/image\/","url":"https:\/\/secure.gravatar.com\/avatar\/8ee2b0fae98657240c77e822ae139ad3?s=96&d=wp_user_avatar&r=g","contentUrl":"https:\/\/secure.gravatar.com\/avatar\/8ee2b0fae98657240c77e822ae139ad3?s=96&d=wp_user_avatar&r=g","caption":"Vivian Loureiro"},"description":"M\u00e9dica formada pela Universidade de S\u00e3o Paulo (USP). Realizou resid\u00eancia m\u00e9dica em Dermatologia e complementa\u00e7\u00e3o em Cosmiatria e Laser pelo departamento de Dermatologia do Hospital das Cl\u00ednicas da Faculdade de Medicina da Universidade de S\u00e3o Paulo (USP). Possui t\u00edtulo de especialista em Dermatologia. \u00c9 membro da Sociedade Brasileira de Dermatologia (SBD) e Sociedade Brasileira de Cirurgia Dermatol\u00f3gica (SBCD) e m\u00e9dica do grupo Fleury. Atua nas \u00e1reas de Dermatologia Cl\u00ednica, Cir\u00fargica, Pedi\u00e1trica e Est\u00e9tica. Frequenta e palestra nos principais cursos e congressos de dermatologia, nacionais e internacionais, a fim de se manter em constante atualiza\u00e7\u00e3o.","sameAs":["https:\/\/www.dravivianloureiro.com.br\/","https:\/\/pt-br.facebook.com\/vivianloureirodermatologia\/","https:\/\/www.instagram.com\/vivianloureirodermatologia\/","https:\/\/www.linkedin.com\/in\/vivian-barzi-loureiro-a6412887\/"]}]}},"amp_enabled":true,"_links":{"self":[{"href":"https:\/\/www.dravivianloureiro.com.br\/blog\/wp-json\/wp\/v2\/posts\/581"}],"collection":[{"href":"https:\/\/www.dravivianloureiro.com.br\/blog\/wp-json\/wp\/v2\/posts"}],"about":[{"href":"https:\/\/www.dravivianloureiro.com.br\/blog\/wp-json\/wp\/v2\/types\/post"}],"author":[{"embeddable":true,"href":"https:\/\/www.dravivianloureiro.com.br\/blog\/wp-json\/wp\/v2\/users\/1"}],"replies":[{"embeddable":true,"href":"https:\/\/www.dravivianloureiro.com.br\/blog\/wp-json\/wp\/v2\/comments?post=581"}],"version-history":[{"count":0,"href":"https:\/\/www.dravivianloureiro.com.br\/blog\/wp-json\/wp\/v2\/posts\/581\/revisions"}],"wp:featuredmedia":[{"embeddable":true,"href":"https:\/\/www.dravivianloureiro.com.br\/blog\/wp-json\/"}],"wp:attachment":[{"href":"https:\/\/www.dravivianloureiro.com.br\/blog\/wp-json\/wp\/v2\/media?parent=581"}],"wp:term":[{"taxonomy":"category","embeddable":true,"href":"https:\/\/www.dravivianloureiro.com.br\/blog\/wp-json\/wp\/v2\/categories?post=581"},{"taxonomy":"post_tag","embeddable":true,"href":"https:\/\/www.dravivianloureiro.com.br\/blog\/wp-json\/wp\/v2\/tags?post=581"}],"curies":[{"name":"wp","href":"https:\/\/api.w.org\/{rel}","templated":true}]}}