{"id":556,"date":"2014-11-04T18:24:20","date_gmt":"2014-11-04T18:24:20","guid":{"rendered":"http:\/\/www.gabrielacasabona.com.br\/blog\/?p=556"},"modified":"2014-11-04T18:24:20","modified_gmt":"2014-11-04T18:24:20","slug":"fios-de-cabelos-e-seus-tratamentos","status":"publish","type":"post","link":"https:\/\/www.dravivianloureiro.com.br\/blog\/fios-de-cabelos-e-seus-tratamentos\/","title":{"rendered":"Fios de Cabelos e seus tratamentos"},"content":{"rendered":"<p class=\"estimated-read-time\">Tempo de leitura:<small> 9 minutos<\/small><\/p> <p><strong>Os cabelos n\u00e3o servem s\u00f3 como um aliado est\u00e9tico (dando forma e valorizando o rosto) mas tamb\u00e9m funcionam como um isolante t\u00e9rmico, protegendo a\u00a0cabe\u00e7a\u00a0das\u00a0radia\u00e7\u00f5es solares e da abras\u00e3o mec\u00e2nica. Tamb\u00e9m podem ser um indicativo de diversas doen\u00e7as que se manifestam alterando sua estrutura.<\/strong><br \/>\n<strong>A haste do cabelo \u00e9 a parte do fio que emerge do\u00a0couro cabeludo. Podemos dividir o cabelo em tr\u00eas partes:\u00a0cut\u00edcula,\u00a0c\u00f3rtex\u00a0e\u00a0medula.<\/strong><\/p>\n<h2>Cut\u00edcula<\/h2>\n<p>A cut\u00edcula \u00e9 a camada protetora externa que recobre o c\u00f3rtex de cada fio de cabelo humano e \u00e9 respons\u00e1vel por seu brilho e textura. Uma cut\u00edcula em estado normal \u00e9 suave, permite o reflexo da luz e limita a fric\u00e7\u00e3o entre os fios capilares.<br \/>\nEla \u00e9 composta de 6 a 8 camadas de c\u00e9lulas planas sobrepostas e coberta por uma camada invis\u00edvel de lip\u00eddios resistente \u00e0 \u00e1gua, que age como um hidratante condicionador natural. Os cientistas a chamam camada de gordura. Essa camada \u00e1cida de lip\u00eddios \u00e9 o que d\u00e1 naturalmente aos fios uma textura sedosa e macia ao toque.<\/p>\n<h2>C\u00f3rtex<\/h2>\n<p>O c\u00f3rtex \u00e9 respons\u00e1vel por quase todas as propriedades que definem e fazem \u00fanico cada cabelo humano, como a forma, a cor, a resist\u00eancia, a elasticidade e a quantidade natural de umidade dos fios. Ele \u00e9 mais resistente que o a\u00e7o, e pode se alongar at\u00e9 30% sem grandes danos significativos. Entretanto, assim como a cut\u00edcula, necessita de cuidados e sofre pelos mesmos vil\u00f5es j\u00e1 mencionados, como qu\u00edmicos, excesso de calor e fric\u00e7\u00e3o. Como esta camada do fio \u00e9 mais interna, seus danos s\u00e3o piores quando ocorrem, geralmente rompendo a capacidade do c\u00f3rtex de manter a umidade (hidrata\u00e7\u00e3o) dos fios e deixando o cabelo ressecado e fr\u00e1gil.<\/p>\n<h2>Medula<\/h2>\n<p>\u00c9 a parte central do fio. H\u00e1 fios de cabelos que n\u00e3o possuem medula, n\u00e3o modificando em nada sua estrutura. O canal da medula pode estar vazio ou preenchido com queratina esponjosa. Ainda n\u00e3o foi determinada a fun\u00e7\u00e3o desta regi\u00e3o. Contudo estudos recentes apontam as pesquisas para uma associa\u00e7\u00e3o da medula com o primeiro instante da fase de germina\u00e7\u00e3o do fio onde a medula serviria como um &#8220;direcionador&#8221; do novo fio em dire\u00e7\u00e3o ao poro.<\/p>\n<h2>Como se forma a cor do cabelo<\/h2>\n<p>Voc\u00ea j\u00e1 se perguntou alguma vez qual a composi\u00e7\u00e3o que forma a cor natural do seu cabelo? A resposta \u00e9 a melanina, o mesmo pigmento que d\u00e1 cor \u00e0 nossa pele. Ela \u00e9 produzida no interior do fol\u00edculo de cabelo e se distribui ao longo do fio, nem sempre uniformemente, causando as &#8220;mechas naturais&#8221;. Existem 2 subtipos distintos de melanina que se combinam em diferentes propor\u00e7\u00f5es, o que explica o porqu\u00ea de tantas variedades de cor. O primeiro subtipo \u00e9 a eumelanina, respons\u00e1vel pelos pigmentos pretos e castanhos escuros. O segundo \u00e9 a feomelanina, que forma quase exclusivamente o cabelo ruivo. A mescla dos dois e a menor quantidade dos mesmos causa os cabelos castanhos claros, loiros e intermedi\u00e1rios.<\/p>\n<h2>Os fios de cabelos brancos<\/h2>\n<p>A gen\u00e9tica desempenha o papel mais importante na defini\u00e7\u00e3o do tempo inicial e quantidade dos fios de cabelo brancos. Mas qual \u00e9 sua causa? Com o passar do tempo, as c\u00e9lulas que produzem o pigmento de melanina diminuem sua atividade, produzindo cada vez menos quantidade; e se extingue a renova\u00e7\u00e3o de c\u00e9lulas pigmentadoras. Aos 50 anos, uma m\u00e9dia de 50% das pessoas possui 50% do cabelo branco. \u00c9 importante mencionar que a falta de cor do cabelo n\u00e3o \u00e9 um sin\u00f4nimo de danos, os fios tamb\u00e9m v\u00e3o perdendo seu di\u00e2metro por outras altera\u00e7\u00f5es celulares com a idade, o que os deixa mais finos e fr\u00e1geis.<\/p>\n<h2>Como saber se o cabelo precisa de hidrata\u00e7\u00e3o, nutri\u00e7\u00e3o ou reconstru\u00e7\u00e3o?<\/h2>\n<h3>Quando hidratar?<\/h3>\n<p>A hidrata\u00e7\u00e3o \u00e9 o ponto de partida para quem quer tratar os fios: &#8220;o cabelo danificado deve ser preparado para receber os nutrientes necess\u00e1rios. A hidrata\u00e7\u00e3o \u00e9 a melhor forma&#8221;. Esse m\u00e9todo nada mais \u00e9 que a reposi\u00e7\u00e3o de \u00e1gua que os fios perdem por conta da agress\u00e3o sofrida por qu\u00edmicas, colora\u00e7\u00f5es e at\u00e9 mesmo shampoos e condicionadores. O cabelo perde sua resist\u00eancia h\u00eddrica natural e fica ressecado e quebradi\u00e7o. O cabelo humano \u00e9 considerado um tecido morto, logo, a parte viva se encontra no bulbo na derme do couro cabeludo. Al\u00e9m disso, \u00e9 suscet\u00edvel a quest\u00f5es alimentares, ou seja, se a pessoa tiver uma boa alimenta\u00e7\u00e3o ou consumir muita \u00e1gua, estar\u00e1 beneficiando as c\u00e9lulas do bulbo e obter\u00e1 cabelos mais fortes e saud\u00e1veis. Entretanto, isso n\u00e3o ocorre em todo o comprimento dos fios &#8211; e quanto maior for o cabelo, aumenta a dificuldade. Sendo assim, \u00e9 preciso hidratar a &#8220;parte morta&#8221; com cremes e\u00a0cosm\u00e9ticos que rep\u00f5em a \u00e1gua perdida\u00a0aos cabelos.<\/p>\n<p>Assim, pela pr\u00f3pria composi\u00e7\u00e3o do fio do cabelo, d\u00e1 pra notar que\u00a0<strong>ele precisa de hidrata\u00e7\u00e3o, de nutri\u00e7\u00e3o e de reconstru\u00e7\u00e3o, s\u00f3 que esses necessidades variam de cabelo para cabelo<\/strong>, e n\u00e3o s\u00f3 isso, pois um cabelo que hoje precisa de muita hidrata\u00e7\u00e3o pode, daqui um m\u00eas, precisar de mais reconstru\u00e7\u00e3o ou nutri\u00e7\u00e3o por exemplo.<\/p>\n<p>Muita gente acha que s\u00f3 precisa tratar o cabelo se fizer alguma qu\u00edmica capilar, e isso est\u00e1 errado, pois os fios perdem nutrientes todos os dias em decorr\u00eancia de processos mec\u00e2nicos (escova, chapinha, etc), da exposi\u00e7\u00e3o solar, do vento, das mudan\u00e7as clim\u00e1ticas, dos banhos de mar, dos banhos de piscina e muitas outras coisas.<\/p>\n<p>Ou seja,\u00a0<strong>o cabelo perde nutrientes o tempo todo, e \u00e9 preciso rep\u00f4-los, em maior ou menor grau.<\/strong><\/p>\n<h3>Quando nutrir?<\/h3>\n<p>J\u00e1 a nutri\u00e7\u00e3o &#8211; que \u00e9 interligada \u00e0 hidrata\u00e7\u00e3o &#8211; trata-se da reposi\u00e7\u00e3o de nutrientes. No caso dos cabelos, \u00e9 utilizado para repor os lip\u00eddeos naturalmente presentes nos cabelos com a fun\u00e7\u00e3o de impermeabiliz\u00e1-los, al\u00e9m de deix\u00e1-los macios, flex\u00edveis e brilhantes. A produ\u00e7\u00e3o das gl\u00e2ndulas seb\u00e1ceas somada \u00e0 prote\u00e7\u00e3o das gl\u00e2ndulas sudor\u00edparas, e mais os res\u00edduos da desintegra\u00e7\u00e3o da epiderme, comp\u00f5em o manto hidrolip\u00eddico &#8211; um fator de prote\u00e7\u00e3o a pele do couro cabeludo. A principal tarefa dos lip\u00eddeos \u00e9 formar uma camada de prote\u00e7\u00e3o nos fios. Como os produtos nutricosm\u00e9ticos possuem efeito demorado, \u00e9 indicado us\u00e1-los antes da hidrata\u00e7\u00e3o, para garantir que os resultados sejam eficazes durante os outros processos.<\/p>\n<p>Para identificar do que o seu cabelo precisa, olhe pra ele com aten\u00e7\u00e3o, e com papel e caneta na m\u00e3o!\u00a0Al\u00e9m de olhar, pegue nos fios, passe os dedos nas mechas com suavidade e observe o que \u201cele est\u00e1 dizendo e pedindo\u201d. Sim,\u00a0<strong>cabelo n\u00e3o fala mas diz muita coisa, ent\u00e3o trate de \u201cler\u201d os sinais que ele manda.<\/strong><\/p>\n<p>Ele est\u00e1 ressecado, \u00a0sem brilho, poroso, sem vida, sem balan\u00e7o, desbotado, el\u00e1stico, fr\u00e1gil, caindo, quebrando, com frizz, crescendo direitinho, secando r\u00e1pido, embara\u00e7ando f\u00e1cil, com caspa, muito volumoso ou perdeu volume, ficou muito oleoso?<\/p>\n<p>Em suma, a nutri\u00e7\u00e3o \u00e9 uma forma de manter a hidrata\u00e7\u00e3o nos cabelos e outros nutrientes presentes. Produtos que cont\u00e9m manteiga de karit\u00e9, manteiga de cacau, \u00f3leo de argan, \u00f3leo de coco, entre outros, s\u00e3o ricos em lip\u00eddeos.<\/p>\n<h3>Quando reconstruir?<\/h3>\n<p>A reconstru\u00e7\u00e3o nada mais \u00e9 que a reposi\u00e7\u00e3o de prote\u00ednas. O cabelo s\u00f3 estar\u00e1 preparado para a reconstru\u00e7\u00e3o depois da hidrata\u00e7\u00e3o correta. Apontada como a etapa principal, a\u00a0queratina exerce fun\u00e7\u00e3o estrutural,\u00a0isto \u00e9, fornece rigidez e consist\u00eancia ao tecido que forma a estrutura do fio. A estrutura do cabelo pode ser danificada pelos processos qu\u00edmicos e uso frequente de escova e chapinha, resultando em pequenas fissuras no fio capilar. Para amenizar esse problemas, geralmente a reconstru\u00e7\u00e3o \u00e9 recomendada ap\u00f3s a hidrata\u00e7\u00e3o e nutri\u00e7\u00e3o.<\/p>\n<p>Seria bom fazer um question\u00e1rio. Voc\u00ea faz ou fez alguma qu\u00edmica capilar? Descolore? Pinta? Faz luzes ou mechas? Fez ou faz? Progressiva, relaxamento, alisamento ou similares (pl\u00e1stica dos fios, botox, \u00a0etc)? Quais ativos voc\u00ea usou pra relaxar, alisar, fazer progressiva ou qualquer outra escova?<\/p>\n<p>Anote tudo e analise agora a estrutura e as caracter\u00edsticas do seu cabelo. Ele \u00e9 liso, ondulado, indefinido, cacheado, afro, fino, grosso, oleoso ou seco?<\/p>\n<p>E quais s\u00e3o os produtos que voc\u00ea usa? Eles s\u00e3o espec\u00edficos para o seu tipo de cabelo? Quais s\u00e3o os ativos predominantes nesses produtos?<\/p>\n<p>T\u00e1 tudo anotado? Calma que tem mais! Vamos analisar a sua rotina\u2026 Voc\u00ea passa o dia numa sala com ar condicionado ou trabalha exposta ao sol? Usa muito secador e muita chapinha? \u00c9 frequentadora de praia ou de piscina?<\/p>\n<h3>Est\u00e1 na hora de reconstruir<\/h3>\n<p>A queratina em excesso pode ser prejudicial se aplicada em grandes quantidades. Quando a pessoa faz uso da mesma sem necessidade, as madeixas tendem a ficar saturadas e quebradi\u00e7as. A reconstru\u00e7\u00e3o pode ser realizada no cabelo com produtos que contenham ingredientes como queratina hidrolisada, prote\u00edna do trigo hidrolisada, prote\u00edna de soja hidrolisada e amino\u00e1cidos &#8211; que s\u00e3o os formadores das prote\u00ednas, como tamb\u00e9m a ciste\u00edna e arginina.<\/p>\n<p>De forma muito resumida, s\u00f3 pra voc\u00eas terem um par\u00e2metro, a regra \u00e9 essa:<\/p>\n<ul>\n<li>O cabelo\u00a0est\u00e1 sem brilho e ressecado? Ent\u00e3o ele precisa de hidrata\u00e7\u00e3o!<\/li>\n<li>O cabelo est\u00e1 com frizz, volumoso, desalinhado ou poroso? Ele t\u00e1 pedindo por nutri\u00e7\u00e3o!<\/li>\n<li>O cabelo \u00a0est\u00e1 fino, fr\u00e1gil, quebradi\u00e7o e \u201cel\u00e1stico\u201d? Ele grita por reconstru\u00e7\u00e3o!<\/li>\n<\/ul>\n<p>Espero que com essas no\u00e7\u00f5es voc\u00ea possa conhecer seu cabelo de uma forma mais ampla e possa ter cuidados certos e aplic\u00e1-los corretamente. Al\u00e9m dessas orienta\u00e7\u00f5es deixo tamb\u00e9m alguma patologias que acometem o cabelo e o couro cabeludo, para que possam reconhec\u00ea-los e procurar um dermatologista e come\u00e7ar o tratamento o mais cedo poss\u00edvel.<\/p>\n<h3>Patologias:<\/h3>\n<ul>\n<li>Dermatite Seborreica<\/li>\n<li>Caspa<\/li>\n<li>Alop\u00e9cia<\/li>\n<li>Tricoptilose<\/li>\n<li>Trichonodosis<\/li>\n<li>T\u00ednea Capitis<\/li>\n<li>Eczema ou Dermatite<\/li>\n<li>Pitir\u00edase Versicolor<\/li>\n<li>Pediculose<\/li>\n<li>Foliculite<\/li>\n<\/ul>\n<p>&nbsp;<\/p>\n","protected":false},"excerpt":{"rendered":"<p><small> 9 minutos<\/small> Os cabelos n\u00e3o servem s\u00f3 como um aliado est\u00e9tico (dando forma e valorizando o rosto) mas tamb\u00e9m funcionam como um isolante t\u00e9rmico, protegendo a\u00a0cabe\u00e7a\u00a0das\u00a0radia\u00e7\u00f5es solares e da abras\u00e3o mec\u00e2nica. Tamb\u00e9m podem ser um indicativo de diversas doen\u00e7as que se manifestam alterando sua estrutura. A haste do cabelo \u00e9 a parte do fio que emerge do\u00a0couro cabeludo. Podemos dividir o cabelo em tr\u00eas partes:\u00a0cut\u00edcula,\u00a0c\u00f3rtex\u00a0e\u00a0medula. Cut\u00edcula A cut\u00edcula \u00e9 a camada protetora externa que recobre o c\u00f3rtex de cada fio de cabelo humano e <a href=\"https:\/\/www.dravivianloureiro.com.br\/blog\/fios-de-cabelos-e-seus-tratamentos\/\" class=\"more-link\"><span>Continue lendo<\/span>\u2192<\/a><\/p>\n","protected":false},"author":1,"featured_media":3587,"comment_status":"open","ping_status":"open","sticky":false,"template":"","format":"standard","meta":[],"categories":[374],"tags":[427,390,536],"yoast_head":"<!-- This site is optimized with the Yoast SEO plugin v20.6 - https:\/\/yoast.com\/wordpress\/plugins\/seo\/ -->\n<title>Tratamentos para os Cabelos, Entenda como funcionam os fios - Beauty Beyond Skin Dermatologia Especializada<\/title>\n<meta name=\"description\" content=\"Tudo anotado? Calma que tem mais! Vamos analisar sua rotina: Voc\u00ea passa o dia com ar condicionado ou exposta ao sol? Usa muito secador e chapinha no cabelo? Gabriela Casabona Dermatologista Especialista em Cabelos em S\u00e3o Paulo. Telefones: 11 3668-5910 ou 11 3661-9502\" \/>\n<meta name=\"robots\" content=\"index, follow, max-snippet:-1, max-image-preview:large, max-video-preview:-1\" \/>\n<link rel=\"canonical\" href=\"https:\/\/www.dravivianloureiro.com.br\/blog\/fios-de-cabelos-e-seus-tratamentos\/\" \/>\n<meta property=\"og:locale\" content=\"pt_BR\" \/>\n<meta property=\"og:type\" content=\"article\" \/>\n<meta property=\"og:title\" content=\"Tratamentos para os Cabelos, Entenda como funcionam os fios - Beauty Beyond Skin Dermatologia Especializada\" \/>\n<meta property=\"og:description\" content=\"Tudo anotado? Calma que tem mais! Vamos analisar sua rotina: Voc\u00ea passa o dia com ar condicionado ou exposta ao sol? Usa muito secador e chapinha no cabelo? Gabriela Casabona Dermatologista Especialista em Cabelos em S\u00e3o Paulo. Telefones: 11 3668-5910 ou 11 3661-9502\" \/>\n<meta property=\"og:url\" content=\"https:\/\/www.dravivianloureiro.com.br\/blog\/fios-de-cabelos-e-seus-tratamentos\/\" \/>\n<meta property=\"og:site_name\" content=\"Dra. Vivian Loureiro\" \/>\n<meta property=\"article:publisher\" content=\"https:\/\/pt-br.facebook.com\/vivianloureirodermatologia\/\" \/>\n<meta property=\"article:author\" content=\"https:\/\/pt-br.facebook.com\/vivianloureirodermatologia\/\" \/>\n<meta property=\"article:published_time\" content=\"2014-11-04T18:24:20+00:00\" \/>\n<meta name=\"author\" content=\"Vivian Loureiro\" \/>\n<meta name=\"twitter:card\" content=\"summary_large_image\" \/>\n<meta name=\"twitter:label1\" content=\"Escrito por\" \/>\n\t<meta name=\"twitter:data1\" content=\"Vivian Loureiro\" \/>\n\t<meta name=\"twitter:label2\" content=\"Est. tempo de leitura\" \/>\n\t<meta name=\"twitter:data2\" content=\"8 minutos\" \/>\n<script type=\"application\/ld+json\" class=\"yoast-schema-graph\">{\"@context\":\"https:\/\/schema.org\",\"@graph\":[{\"@type\":\"Article\",\"@id\":\"https:\/\/www.dravivianloureiro.com.br\/blog\/fios-de-cabelos-e-seus-tratamentos\/#article\",\"isPartOf\":{\"@id\":\"https:\/\/www.dravivianloureiro.com.br\/blog\/fios-de-cabelos-e-seus-tratamentos\/\"},\"author\":{\"name\":\"Vivian Loureiro\",\"@id\":\"https:\/\/www.dravivianloureiro.com.br\/blog\/#\/schema\/person\/f6272c0e48dae4364ef626c598c5cb84\"},\"headline\":\"Fios de Cabelos e seus tratamentos\",\"datePublished\":\"2014-11-04T18:24:20+00:00\",\"dateModified\":\"2014-11-04T18:24:20+00:00\",\"mainEntityOfPage\":{\"@id\":\"https:\/\/www.dravivianloureiro.com.br\/blog\/fios-de-cabelos-e-seus-tratamentos\/\"},\"wordCount\":1704,\"commentCount\":1,\"publisher\":{\"@id\":\"https:\/\/www.dravivianloureiro.com.br\/blog\/#organization\"},\"keywords\":[\"cabelo\",\"hidrata\u00e7\u00e3o\",\"tratamento cabelo\"],\"articleSection\":[\"Cabelos\"],\"inLanguage\":\"pt-BR\",\"potentialAction\":[{\"@type\":\"CommentAction\",\"name\":\"Comment\",\"target\":[\"https:\/\/www.dravivianloureiro.com.br\/blog\/fios-de-cabelos-e-seus-tratamentos\/#respond\"]}]},{\"@type\":\"WebPage\",\"@id\":\"https:\/\/www.dravivianloureiro.com.br\/blog\/fios-de-cabelos-e-seus-tratamentos\/\",\"url\":\"https:\/\/www.dravivianloureiro.com.br\/blog\/fios-de-cabelos-e-seus-tratamentos\/\",\"name\":\"Tratamentos para os Cabelos, Entenda como funcionam os fios - Beauty Beyond Skin Dermatologia Especializada\",\"isPartOf\":{\"@id\":\"https:\/\/www.dravivianloureiro.com.br\/blog\/#website\"},\"datePublished\":\"2014-11-04T18:24:20+00:00\",\"dateModified\":\"2014-11-04T18:24:20+00:00\",\"description\":\"Tudo anotado? Calma que tem mais! Vamos analisar sua rotina: Voc\u00ea passa o dia com ar condicionado ou exposta ao sol? Usa muito secador e chapinha no cabelo? Gabriela Casabona Dermatologista Especialista em Cabelos em S\u00e3o Paulo. Telefones: 11 3668-5910 ou 11 3661-9502\",\"breadcrumb\":{\"@id\":\"https:\/\/www.dravivianloureiro.com.br\/blog\/fios-de-cabelos-e-seus-tratamentos\/#breadcrumb\"},\"inLanguage\":\"pt-BR\",\"potentialAction\":[{\"@type\":\"ReadAction\",\"target\":[\"https:\/\/www.dravivianloureiro.com.br\/blog\/fios-de-cabelos-e-seus-tratamentos\/\"]}]},{\"@type\":\"BreadcrumbList\",\"@id\":\"https:\/\/www.dravivianloureiro.com.br\/blog\/fios-de-cabelos-e-seus-tratamentos\/#breadcrumb\",\"itemListElement\":[{\"@type\":\"ListItem\",\"position\":1,\"name\":\"In\u00edcio\",\"item\":\"https:\/\/www.dravivianloureiro.com.br\/blog\/\"},{\"@type\":\"ListItem\",\"position\":2,\"name\":\"Fios de Cabelos e seus tratamentos\"}]},{\"@type\":\"WebSite\",\"@id\":\"https:\/\/www.dravivianloureiro.com.br\/blog\/#website\",\"url\":\"https:\/\/www.dravivianloureiro.com.br\/blog\/\",\"name\":\"Dermatologista Vivian Loureiro\",\"description\":\"\",\"publisher\":{\"@id\":\"https:\/\/www.dravivianloureiro.com.br\/blog\/#organization\"},\"potentialAction\":[{\"@type\":\"SearchAction\",\"target\":{\"@type\":\"EntryPoint\",\"urlTemplate\":\"https:\/\/www.dravivianloureiro.com.br\/blog\/?s={search_term_string}\"},\"query-input\":\"required name=search_term_string\"}],\"inLanguage\":\"pt-BR\"},{\"@type\":\"Organization\",\"@id\":\"https:\/\/www.dravivianloureiro.com.br\/blog\/#organization\",\"name\":\"Dra. Vivian Loureiro - Dermatologista Em S\u00e3o Paulo\",\"url\":\"https:\/\/www.dravivianloureiro.com.br\/blog\/\",\"logo\":{\"@type\":\"ImageObject\",\"inLanguage\":\"pt-BR\",\"@id\":\"https:\/\/www.dravivianloureiro.com.br\/blog\/#\/schema\/logo\/image\/\",\"url\":\"https:\/\/www.dravivianloureiro.com.br\/blog\/wp-content\/uploads\/2018\/08\/favicon.jpg\",\"contentUrl\":\"https:\/\/www.dravivianloureiro.com.br\/blog\/wp-content\/uploads\/2018\/08\/favicon.jpg\",\"width\":112,\"height\":112,\"caption\":\"Dra. Vivian Loureiro - Dermatologista Em S\u00e3o Paulo\"},\"image\":{\"@id\":\"https:\/\/www.dravivianloureiro.com.br\/blog\/#\/schema\/logo\/image\/\"},\"sameAs\":[\"https:\/\/pt-br.facebook.com\/vivianloureirodermatologia\/\",\"https:\/\/www.instagram.com\/vivianloureirodermatologia\/\",\"https:\/\/www.linkedin.com\/in\/vivian-barzi-loureiro-a6412887\/\"]},{\"@type\":\"Person\",\"@id\":\"https:\/\/www.dravivianloureiro.com.br\/blog\/#\/schema\/person\/f6272c0e48dae4364ef626c598c5cb84\",\"name\":\"Vivian Loureiro\",\"image\":{\"@type\":\"ImageObject\",\"inLanguage\":\"pt-BR\",\"@id\":\"https:\/\/www.dravivianloureiro.com.br\/blog\/#\/schema\/person\/image\/\",\"url\":\"https:\/\/secure.gravatar.com\/avatar\/8ee2b0fae98657240c77e822ae139ad3?s=96&d=wp_user_avatar&r=g\",\"contentUrl\":\"https:\/\/secure.gravatar.com\/avatar\/8ee2b0fae98657240c77e822ae139ad3?s=96&d=wp_user_avatar&r=g\",\"caption\":\"Vivian Loureiro\"},\"description\":\"M\u00e9dica formada pela Universidade de S\u00e3o Paulo (USP). Realizou resid\u00eancia m\u00e9dica em Dermatologia e complementa\u00e7\u00e3o em Cosmiatria e Laser pelo departamento de Dermatologia do Hospital das Cl\u00ednicas da Faculdade de Medicina da Universidade de S\u00e3o Paulo (USP). Possui t\u00edtulo de especialista em Dermatologia. \u00c9 membro da Sociedade Brasileira de Dermatologia (SBD) e Sociedade Brasileira de Cirurgia Dermatol\u00f3gica (SBCD) e m\u00e9dica do grupo Fleury. Atua nas \u00e1reas de Dermatologia Cl\u00ednica, Cir\u00fargica, Pedi\u00e1trica e Est\u00e9tica. Frequenta e palestra nos principais cursos e congressos de dermatologia, nacionais e internacionais, a fim de se manter em constante atualiza\u00e7\u00e3o.\",\"sameAs\":[\"https:\/\/www.dravivianloureiro.com.br\/\",\"https:\/\/pt-br.facebook.com\/vivianloureirodermatologia\/\",\"https:\/\/www.instagram.com\/vivianloureirodermatologia\/\",\"https:\/\/www.linkedin.com\/in\/vivian-barzi-loureiro-a6412887\/\"]}]}<\/script>\n<!-- \/ Yoast SEO plugin. -->","yoast_head_json":{"title":"Tratamentos para os Cabelos, Entenda como funcionam os fios - Beauty Beyond Skin Dermatologia Especializada","description":"Tudo anotado? Calma que tem mais! Vamos analisar sua rotina: Voc\u00ea passa o dia com ar condicionado ou exposta ao sol? Usa muito secador e chapinha no cabelo? Gabriela Casabona Dermatologista Especialista em Cabelos em S\u00e3o Paulo. Telefones: 11 3668-5910 ou 11 3661-9502","robots":{"index":"index","follow":"follow","max-snippet":"max-snippet:-1","max-image-preview":"max-image-preview:large","max-video-preview":"max-video-preview:-1"},"canonical":"https:\/\/www.dravivianloureiro.com.br\/blog\/fios-de-cabelos-e-seus-tratamentos\/","og_locale":"pt_BR","og_type":"article","og_title":"Tratamentos para os Cabelos, Entenda como funcionam os fios - Beauty Beyond Skin Dermatologia Especializada","og_description":"Tudo anotado? Calma que tem mais! Vamos analisar sua rotina: Voc\u00ea passa o dia com ar condicionado ou exposta ao sol? Usa muito secador e chapinha no cabelo? Gabriela Casabona Dermatologista Especialista em Cabelos em S\u00e3o Paulo. Telefones: 11 3668-5910 ou 11 3661-9502","og_url":"https:\/\/www.dravivianloureiro.com.br\/blog\/fios-de-cabelos-e-seus-tratamentos\/","og_site_name":"Dra. Vivian Loureiro","article_publisher":"https:\/\/pt-br.facebook.com\/vivianloureirodermatologia\/","article_author":"https:\/\/pt-br.facebook.com\/vivianloureirodermatologia\/","article_published_time":"2014-11-04T18:24:20+00:00","author":"Vivian Loureiro","twitter_card":"summary_large_image","twitter_misc":{"Escrito por":"Vivian Loureiro","Est. tempo de leitura":"8 minutos"},"schema":{"@context":"https:\/\/schema.org","@graph":[{"@type":"Article","@id":"https:\/\/www.dravivianloureiro.com.br\/blog\/fios-de-cabelos-e-seus-tratamentos\/#article","isPartOf":{"@id":"https:\/\/www.dravivianloureiro.com.br\/blog\/fios-de-cabelos-e-seus-tratamentos\/"},"author":{"name":"Vivian Loureiro","@id":"https:\/\/www.dravivianloureiro.com.br\/blog\/#\/schema\/person\/f6272c0e48dae4364ef626c598c5cb84"},"headline":"Fios de Cabelos e seus tratamentos","datePublished":"2014-11-04T18:24:20+00:00","dateModified":"2014-11-04T18:24:20+00:00","mainEntityOfPage":{"@id":"https:\/\/www.dravivianloureiro.com.br\/blog\/fios-de-cabelos-e-seus-tratamentos\/"},"wordCount":1704,"commentCount":1,"publisher":{"@id":"https:\/\/www.dravivianloureiro.com.br\/blog\/#organization"},"keywords":["cabelo","hidrata\u00e7\u00e3o","tratamento cabelo"],"articleSection":["Cabelos"],"inLanguage":"pt-BR","potentialAction":[{"@type":"CommentAction","name":"Comment","target":["https:\/\/www.dravivianloureiro.com.br\/blog\/fios-de-cabelos-e-seus-tratamentos\/#respond"]}]},{"@type":"WebPage","@id":"https:\/\/www.dravivianloureiro.com.br\/blog\/fios-de-cabelos-e-seus-tratamentos\/","url":"https:\/\/www.dravivianloureiro.com.br\/blog\/fios-de-cabelos-e-seus-tratamentos\/","name":"Tratamentos para os Cabelos, Entenda como funcionam os fios - Beauty Beyond Skin Dermatologia Especializada","isPartOf":{"@id":"https:\/\/www.dravivianloureiro.com.br\/blog\/#website"},"datePublished":"2014-11-04T18:24:20+00:00","dateModified":"2014-11-04T18:24:20+00:00","description":"Tudo anotado? Calma que tem mais! Vamos analisar sua rotina: Voc\u00ea passa o dia com ar condicionado ou exposta ao sol? Usa muito secador e chapinha no cabelo? Gabriela Casabona Dermatologista Especialista em Cabelos em S\u00e3o Paulo. Telefones: 11 3668-5910 ou 11 3661-9502","breadcrumb":{"@id":"https:\/\/www.dravivianloureiro.com.br\/blog\/fios-de-cabelos-e-seus-tratamentos\/#breadcrumb"},"inLanguage":"pt-BR","potentialAction":[{"@type":"ReadAction","target":["https:\/\/www.dravivianloureiro.com.br\/blog\/fios-de-cabelos-e-seus-tratamentos\/"]}]},{"@type":"BreadcrumbList","@id":"https:\/\/www.dravivianloureiro.com.br\/blog\/fios-de-cabelos-e-seus-tratamentos\/#breadcrumb","itemListElement":[{"@type":"ListItem","position":1,"name":"In\u00edcio","item":"https:\/\/www.dravivianloureiro.com.br\/blog\/"},{"@type":"ListItem","position":2,"name":"Fios de Cabelos e seus tratamentos"}]},{"@type":"WebSite","@id":"https:\/\/www.dravivianloureiro.com.br\/blog\/#website","url":"https:\/\/www.dravivianloureiro.com.br\/blog\/","name":"Dermatologista Vivian Loureiro","description":"","publisher":{"@id":"https:\/\/www.dravivianloureiro.com.br\/blog\/#organization"},"potentialAction":[{"@type":"SearchAction","target":{"@type":"EntryPoint","urlTemplate":"https:\/\/www.dravivianloureiro.com.br\/blog\/?s={search_term_string}"},"query-input":"required name=search_term_string"}],"inLanguage":"pt-BR"},{"@type":"Organization","@id":"https:\/\/www.dravivianloureiro.com.br\/blog\/#organization","name":"Dra. Vivian Loureiro - Dermatologista Em S\u00e3o Paulo","url":"https:\/\/www.dravivianloureiro.com.br\/blog\/","logo":{"@type":"ImageObject","inLanguage":"pt-BR","@id":"https:\/\/www.dravivianloureiro.com.br\/blog\/#\/schema\/logo\/image\/","url":"https:\/\/www.dravivianloureiro.com.br\/blog\/wp-content\/uploads\/2018\/08\/favicon.jpg","contentUrl":"https:\/\/www.dravivianloureiro.com.br\/blog\/wp-content\/uploads\/2018\/08\/favicon.jpg","width":112,"height":112,"caption":"Dra. Vivian Loureiro - Dermatologista Em S\u00e3o Paulo"},"image":{"@id":"https:\/\/www.dravivianloureiro.com.br\/blog\/#\/schema\/logo\/image\/"},"sameAs":["https:\/\/pt-br.facebook.com\/vivianloureirodermatologia\/","https:\/\/www.instagram.com\/vivianloureirodermatologia\/","https:\/\/www.linkedin.com\/in\/vivian-barzi-loureiro-a6412887\/"]},{"@type":"Person","@id":"https:\/\/www.dravivianloureiro.com.br\/blog\/#\/schema\/person\/f6272c0e48dae4364ef626c598c5cb84","name":"Vivian Loureiro","image":{"@type":"ImageObject","inLanguage":"pt-BR","@id":"https:\/\/www.dravivianloureiro.com.br\/blog\/#\/schema\/person\/image\/","url":"https:\/\/secure.gravatar.com\/avatar\/8ee2b0fae98657240c77e822ae139ad3?s=96&d=wp_user_avatar&r=g","contentUrl":"https:\/\/secure.gravatar.com\/avatar\/8ee2b0fae98657240c77e822ae139ad3?s=96&d=wp_user_avatar&r=g","caption":"Vivian Loureiro"},"description":"M\u00e9dica formada pela Universidade de S\u00e3o Paulo (USP). Realizou resid\u00eancia m\u00e9dica em Dermatologia e complementa\u00e7\u00e3o em Cosmiatria e Laser pelo departamento de Dermatologia do Hospital das Cl\u00ednicas da Faculdade de Medicina da Universidade de S\u00e3o Paulo (USP). Possui t\u00edtulo de especialista em Dermatologia. \u00c9 membro da Sociedade Brasileira de Dermatologia (SBD) e Sociedade Brasileira de Cirurgia Dermatol\u00f3gica (SBCD) e m\u00e9dica do grupo Fleury. Atua nas \u00e1reas de Dermatologia Cl\u00ednica, Cir\u00fargica, Pedi\u00e1trica e Est\u00e9tica. Frequenta e palestra nos principais cursos e congressos de dermatologia, nacionais e internacionais, a fim de se manter em constante atualiza\u00e7\u00e3o.","sameAs":["https:\/\/www.dravivianloureiro.com.br\/","https:\/\/pt-br.facebook.com\/vivianloureirodermatologia\/","https:\/\/www.instagram.com\/vivianloureirodermatologia\/","https:\/\/www.linkedin.com\/in\/vivian-barzi-loureiro-a6412887\/"]}]}},"amp_enabled":true,"_links":{"self":[{"href":"https:\/\/www.dravivianloureiro.com.br\/blog\/wp-json\/wp\/v2\/posts\/556"}],"collection":[{"href":"https:\/\/www.dravivianloureiro.com.br\/blog\/wp-json\/wp\/v2\/posts"}],"about":[{"href":"https:\/\/www.dravivianloureiro.com.br\/blog\/wp-json\/wp\/v2\/types\/post"}],"author":[{"embeddable":true,"href":"https:\/\/www.dravivianloureiro.com.br\/blog\/wp-json\/wp\/v2\/users\/1"}],"replies":[{"embeddable":true,"href":"https:\/\/www.dravivianloureiro.com.br\/blog\/wp-json\/wp\/v2\/comments?post=556"}],"version-history":[{"count":0,"href":"https:\/\/www.dravivianloureiro.com.br\/blog\/wp-json\/wp\/v2\/posts\/556\/revisions"}],"wp:featuredmedia":[{"embeddable":true,"href":"https:\/\/www.dravivianloureiro.com.br\/blog\/wp-json\/"}],"wp:attachment":[{"href":"https:\/\/www.dravivianloureiro.com.br\/blog\/wp-json\/wp\/v2\/media?parent=556"}],"wp:term":[{"taxonomy":"category","embeddable":true,"href":"https:\/\/www.dravivianloureiro.com.br\/blog\/wp-json\/wp\/v2\/categories?post=556"},{"taxonomy":"post_tag","embeddable":true,"href":"https:\/\/www.dravivianloureiro.com.br\/blog\/wp-json\/wp\/v2\/tags?post=556"}],"curies":[{"name":"wp","href":"https:\/\/api.w.org\/{rel}","templated":true}]}}