{"id":549,"date":"2014-10-27T15:02:35","date_gmt":"2014-10-27T15:02:35","guid":{"rendered":"http:\/\/www.gabrielacasabona.com.br\/blog\/?p=549"},"modified":"2014-10-27T15:02:35","modified_gmt":"2014-10-27T15:02:35","slug":"podemos-evitar-o-envelhecimento-das-maos","status":"publish","type":"post","link":"https:\/\/www.dravivianloureiro.com.br\/blog\/podemos-evitar-o-envelhecimento-das-maos\/","title":{"rendered":"Podemos evitar o envelhecimento das m\u00e3os"},"content":{"rendered":"<p class=\"estimated-read-time\">Tempo de leitura:<small> 7 minutos<\/small><\/p> <p>Costumamos nos preocupar com o rosto, corpo e esquecemos de olhar para pesco\u00e7o, m\u00e3os e colo. E nossas m\u00e3os revelam muito sobre n\u00f3s, sendo a primeira a demonstrar o envelhecimento.<\/p>\n<p>Podemos estar com o corpo impec\u00e1vel, cabelos tratados, pele do rosto vi\u00e7osa. E mesmo sendo vaidosas, somos tra\u00eddas por essa parte do corpo que \u00e9 mais dif\u00edcil de disfar\u00e7ar a passagem do tempo.<\/p>\n<p>As m\u00e3os est\u00e3o entre as partes mais importantes do nosso corpo. N\u00e3o s\u00f3 por causa da fun\u00e7\u00e3o, respons\u00e1vel por maior parte da evolu\u00e7\u00e3o humana, mas como unidade est\u00e9tica do maior \u00f3rg\u00e3o do corpo sujeito ao envelhecimento. Por alta exposi\u00e7\u00e3o \u00e0s radia\u00e7\u00f5es solares e da neglig\u00eancia dos que se preocupam s\u00f3 com a pela do rosto.<\/p>\n<p>As m\u00e3os s\u00e3o as que mais sofrem, com a\u00e7\u00e3o do tempo, pelos seguintes motivos: al\u00e9m da tend\u00eancia natural de perder gordura e elasticidade com o avan\u00e7o da idade, tem grande exposi\u00e7\u00e3o a agentes externos, tais como poeira e produtos qu\u00edmicos.<\/p>\n<p>Seja por uso profissional, pela exposi\u00e7\u00e3o solar, por emagrecimento, a pele da m\u00e3o vai se tornando mais enrrugada, com aspecto emagrecido devido a perda do tecido subcut\u00e2neo e com manchas acastanhadas dando aspecto de envelhecimento.<\/p>\n<p>Existem fatores mais agressivos, como clima seco, detergentes dom\u00e9sticos, \u00e1gua em excesso e flu\u00eddos de limpeza, s\u00e3o fatores que agridem as m\u00e3os, fazendo com que elas envelhe\u00e7am precocemente, comprometendo a beleza e harmonia est\u00e9tica.<\/p>\n<p>O cuidado di\u00e1rio \u00e9 o primeiro passo, para quem quer recuperar o tempo perdido. Al\u00e9m de fotoprote\u00e7\u00e3o, ativos clareadores e associa\u00e7\u00e3o de tratamentos est\u00e9ticos para a preven\u00e7\u00e3o e clareamento das manchas e o envelhecimento j\u00e1 existente..<\/p>\n<p>A perda muscular se acentua, entre a 5\u00aa e 6\u00aa d\u00e9cadas as m\u00e3os se tornam mais magra, principalmente na regi\u00e3o dorsal, pois al\u00e9m da perda de gordura no local h\u00e1 uma substancial perda da massa muscular daquela regi\u00e3o.<\/p>\n<h2>Inimigos invis\u00edveis<\/h2>\n<p>Existem dois grupos de fatores que causam envelhecimento da pele: os interno e os externos.<\/p>\n<h2>Fatores internos<\/h2>\n<p>S\u00e3o determinados pela gen\u00e9tica, independem do que se fa\u00e7a e fogem do nosso controle. Pela gen\u00e9tica, a partir dos 30 anos a produ\u00e7\u00e3o de col\u00e1geno e elastina diminui. S\u00e3o elas que d\u00e3o firmeza \u00e0 pele. A hidrata\u00e7\u00e3o da pele tamb\u00e9m \u00e9 afetada. A pele das m\u00e3os fica fina, menos el\u00e1stica e ressecada. Com o tempo, a quantidade de gordura sob a pele diminui, por isso, veias e tend\u00f5es das m\u00e3os ficam vis\u00edveis.<\/p>\n<h2>Fatores Externos<\/h2>\n<p>S\u00e3o agentes do meio ambiente que aceleram o envelhecimento da pele. Nesse grupo, o estilo da vida conta muito. O principal agente \u00e9 o Sol. Outros fatores, s\u00e3o o que j\u00e1 citamos, produtos qu\u00edmicos, detergente etc..<\/p>\n<p>O ideal \u00e9 proteger as m\u00e3os com luvas e hidratar constantemente com cremes potentes.<\/p>\n<p>A m\u00e3o fotoenvelhecida \u00e9 caracterizada por uma s\u00e9rie de altera\u00e7\u00f5es, como o adelga\u00e7amento e ressecamento que confere uma cor amarelada, a diminui\u00e7\u00e3o das secre\u00e7\u00f5es glandulares e da pilifica\u00e7\u00e3o, a redu\u00e7\u00e3o da elasticidade, a presen\u00e7a de rugas e acentua\u00e7\u00e3o de sulcos pr\u00e9-existentes. Sobrep\u00f5em-se a estas altera\u00e7\u00f5es in\u00fameras les\u00f5es. As benignas s\u00e3o as melanoses solares (manchas senis), queratoses seborr\u00e9icas (mais salientes), p\u00farpuras senis(hematomas espont\u00e2neos\u00a0 ou fragilidade capilar), leucodermias gutatas (manchas brancas em confete), os m\u00edlios coloides ( les\u00f5es milim\u00e9tricas no dorso das m\u00e3os) e as telangiectasias (vasos dilatados).<\/p>\n<p>Hoje existem tratamentos est\u00e9ticos que melhoram muito a apar\u00eancia das m\u00e3os e se tornaram aliados essenciais para reverter esse quadro.<\/p>\n<h2>Tratamento de rejuvenescimento<\/h2>\n<h3>Cremes<\/h3>\n<p>Al\u00e9m do filtro solar, devemos usar nas m\u00e3os hidratantes que contenham, ur\u00e9ia, lactato de am\u00f4nio, \u00e1cido hialur\u00f4nico. Deve-se usar tamb\u00e9m cremes \u00e0 base de \u00e1cido retinoico ou glic\u00f3lico \u00e0 noite e isso deve ser prescrito por um dermatologista. O tratamento com esses cremes, hidrata, acelera a renova\u00e7\u00e3o celular melhorando a textura da pele, e retarda o envelhecimento mas, dificilmente remove manchas.<\/p>\n<h3>LIP para manchas<\/h3>\n<p>O tratamento com Luz Intensa Pulsada para remover manchas senis \u00e9 fant\u00e1stico. Bastam algumas sess\u00f5es e as manchas somem ou suavizam consideravelmente. Depois da sess\u00e3o surgem casquinhas que caem em duas semanas.<\/p>\n<h3>Laseres fracionados para estimular o col\u00e1geno<\/h3>\n<p>As boas op\u00e7\u00f5es s\u00e3o o laseres fracionados, como o diodo fracionado n\u00e3o ablativo, yag micropulsado ou at\u00e9 mesmo os ablativos como CO2. Eles agridem a pele em pontos salteados e estimulam a forma\u00e7\u00e3o de col\u00e1geno novo. O laseres fracionados atenuam muito as rugas e manchas, devolvendo vi\u00e7o, textura e jovialidade das m\u00e3os.<\/p>\n<h3>Peelings Quimicos<\/h3>\n<p>Os peeling combinados ( v\u00e1rios \u00e1cidos juntos) s\u00e3o bem indicados para refinamento e remo\u00e7\u00e3o de pele envelhecida. O efeito \u00e9 uma pele rejuvenescida e mais firme. Para o tratamento dar certo, \u00e9 preciso repetir a aplica\u00e7\u00e3o algumas vezes por ano.<\/p>\n<h3>Hidrata\u00e7\u00e3o e Eletropora\u00e7\u00e3o<\/h3>\n<p>Com DMAE incrementam a hidrata\u00e7\u00e3o local. O efeito \u00e9 a pele rejuvenescida e mais firme.<\/p>\n<h3>Radiofrequ\u00eancia<\/h3>\n<p>A radiofrequ\u00eancia tem por objetivo aumentar a densidade d\u00e9rmica atrav\u00e9s do estimulo de col\u00e1geno por calor dando um aspecto mais saud\u00e1vel e jovial para o dorso das m\u00e3os.<\/p>\n<h3>Drug Delivery com Microagulhamento<\/h3>\n<p>Processo que \u00e9 feito com caneta de microagulhas pequenas para criar um pertuito de entrada para que as medica\u00e7\u00f5es ( Vit C, DMAE, Proteoglicanos, AC hialuronico) tenham uma penetra\u00e7\u00e3o e a\u00e7\u00e3o mais eficazes. Al\u00e9m da criar penetra\u00e7\u00e3o de medicamentos o microagulhamento gera um processo de remodela\u00e7\u00e3o de col\u00e1geno e estimulo de c\u00e9lulas tronco bastante eficaz e ben\u00e9fico para o rejuvenescimento da pele das m\u00e3os.<\/p>\n<h3>Preenchedores<\/h3>\n<p>J\u00e1 o preenchimento tempor\u00e1rio pode ser feito com preenchedores comuns, quando a perda de massa da m\u00e3o \u00e9 pequena, ou com volumizadores, quando houver perda significativa.\u00a0O tratamento deixa o tecido com um aspecto mais jovem, com menos vasos e tend\u00f5es aparentes.<\/p>\n<p>\u2014 A flacidez pode ser tratada com preenchedores muito delicados \u00e0 base de \u00e1cido hialur\u00f4nico, aplicado com uma t\u00e9cnica nova, chamada Skinbooster. Ela utiliza pequenos volumes em v\u00e1rias sess\u00f5es, realizadas a cada duas ou tr\u00eas semanas, e estimula a produ\u00e7\u00e3o de col\u00e1geno do pr\u00f3prio paciente. J\u00e1 no caso dos volumizadores, \u00e9 feita apenas uma sess\u00e3o ao ano.<\/p>\n<p>Ainda em se tratando de preenchedores, h\u00e1 a op\u00e7\u00e3o de aplica\u00e7\u00e3o do hydroxiapatita de calcio, que gera um aumento da espessura da pele e da produ\u00e7\u00e3o de col\u00e1geno, suavizando as linhas.<\/p>\n<h2>Dicas para o dia a dia<\/h2>\n<p style=\"padding-left: 30px;\"><strong>Uma esfolia\u00e7\u00e3o semanal ajuda a manter a cor da pele mais uniforme.<\/strong><br \/>\n<strong>Evitar a \u00e1gua quente na hora do banho tamb\u00e9m ajuda a manter as m\u00e3os mais jovens por mais tempo.<\/strong><br \/>\n<strong>Utilizar luvas quando estiver manipulando produtos qu\u00edmicos e aplicar constantemente cremes hidratantes espec\u00edficos para as m\u00e3os.<\/strong><br \/>\n<strong>Uso de protetor solar diariamente, luvas de tecido com prote\u00e7\u00e3o UV ao dirigir e o uso de luvas de l\u00e1tex ou silicone na hora da limpeza de casa.<\/strong><br \/>\n<strong>Os produtos qu\u00edmicos, como: sab\u00e3o, detergentes e outros produtos de limpeza agridem a pele e a deixam desidratada.<\/strong><br \/>\n<strong>Os peelings, promovem a descama\u00e7\u00e3o da \u00e1rea das m\u00e3os e , consequentemente a renova\u00e7\u00e3o celular e o clareamento dos mesmas.<\/strong><\/p>\n<p>Os tratamentos em 3D conseguem excelentes resultados, informe-se.<\/p>\n","protected":false},"excerpt":{"rendered":"<p><small> 7 minutos<\/small> Costumamos nos preocupar com o rosto, corpo e esquecemos de olhar para pesco\u00e7o, m\u00e3os e colo. E nossas m\u00e3os revelam muito sobre n\u00f3s, sendo a primeira a demonstrar o envelhecimento. Podemos estar com o corpo impec\u00e1vel, cabelos tratados, pele do rosto vi\u00e7osa. E mesmo sendo vaidosas, somos tra\u00eddas por essa parte do corpo que \u00e9 mais dif\u00edcil de disfar\u00e7ar a passagem do tempo. As m\u00e3os est\u00e3o entre as partes mais importantes do nosso corpo. N\u00e3o s\u00f3 por causa da fun\u00e7\u00e3o, respons\u00e1vel por <a href=\"https:\/\/www.dravivianloureiro.com.br\/blog\/podemos-evitar-o-envelhecimento-das-maos\/\" class=\"more-link\"><span>Continue lendo<\/span>\u2192<\/a><\/p>\n","protected":false},"author":1,"featured_media":3589,"comment_status":"open","ping_status":"open","sticky":false,"template":"","format":"standard","meta":[],"categories":[368],"tags":[534,422,535],"yoast_head":"<!-- This site is optimized with the Yoast SEO plugin v20.6 - https:\/\/yoast.com\/wordpress\/plugins\/seo\/ -->\n<title>Melhores tratamentos para as M\u00e3os - Beauty Beyond Skin Dermatologia Aplicada<\/title>\n<meta name=\"description\" content=\"Costumamos nos preocupar com o rosto, corpo e esquecemos de olhar para pesco\u00e7o, m\u00e3os e colo. Saiba como manter suas m\u00e3os jovens por mais tempo. Gabriela Casabona Dermatologista Especialista em M\u00e3os em S\u00e3o Paulo. Telefones: 11 3668-5910 ou 11 3661-9502\" \/>\n<meta name=\"robots\" content=\"index, follow, max-snippet:-1, max-image-preview:large, max-video-preview:-1\" \/>\n<link rel=\"canonical\" href=\"https:\/\/www.dravivianloureiro.com.br\/blog\/podemos-evitar-o-envelhecimento-das-maos\/\" \/>\n<meta property=\"og:locale\" content=\"pt_BR\" \/>\n<meta property=\"og:type\" content=\"article\" \/>\n<meta property=\"og:title\" content=\"Melhores tratamentos para as M\u00e3os - Beauty Beyond Skin Dermatologia Aplicada\" \/>\n<meta property=\"og:description\" content=\"Costumamos nos preocupar com o rosto, corpo e esquecemos de olhar para pesco\u00e7o, m\u00e3os e colo. Saiba como manter suas m\u00e3os jovens por mais tempo. Gabriela Casabona Dermatologista Especialista em M\u00e3os em S\u00e3o Paulo. Telefones: 11 3668-5910 ou 11 3661-9502\" \/>\n<meta property=\"og:url\" content=\"https:\/\/www.dravivianloureiro.com.br\/blog\/podemos-evitar-o-envelhecimento-das-maos\/\" \/>\n<meta property=\"og:site_name\" content=\"Dra. Vivian Loureiro\" \/>\n<meta property=\"article:publisher\" content=\"https:\/\/pt-br.facebook.com\/vivianloureirodermatologia\/\" \/>\n<meta property=\"article:author\" content=\"https:\/\/pt-br.facebook.com\/vivianloureirodermatologia\/\" \/>\n<meta property=\"article:published_time\" content=\"2014-10-27T15:02:35+00:00\" \/>\n<meta name=\"author\" content=\"Vivian Loureiro\" \/>\n<meta name=\"twitter:card\" content=\"summary_large_image\" \/>\n<meta name=\"twitter:label1\" content=\"Escrito por\" \/>\n\t<meta name=\"twitter:data1\" content=\"Vivian Loureiro\" \/>\n\t<meta name=\"twitter:label2\" content=\"Est. tempo de leitura\" \/>\n\t<meta name=\"twitter:data2\" content=\"6 minutos\" \/>\n<script type=\"application\/ld+json\" class=\"yoast-schema-graph\">{\"@context\":\"https:\/\/schema.org\",\"@graph\":[{\"@type\":\"Article\",\"@id\":\"https:\/\/www.dravivianloureiro.com.br\/blog\/podemos-evitar-o-envelhecimento-das-maos\/#article\",\"isPartOf\":{\"@id\":\"https:\/\/www.dravivianloureiro.com.br\/blog\/podemos-evitar-o-envelhecimento-das-maos\/\"},\"author\":{\"name\":\"Vivian Loureiro\",\"@id\":\"https:\/\/www.dravivianloureiro.com.br\/blog\/#\/schema\/person\/f6272c0e48dae4364ef626c598c5cb84\"},\"headline\":\"Podemos evitar o envelhecimento das m\u00e3os\",\"datePublished\":\"2014-10-27T15:02:35+00:00\",\"dateModified\":\"2014-10-27T15:02:35+00:00\",\"mainEntityOfPage\":{\"@id\":\"https:\/\/www.dravivianloureiro.com.br\/blog\/podemos-evitar-o-envelhecimento-das-maos\/\"},\"wordCount\":1272,\"commentCount\":0,\"publisher\":{\"@id\":\"https:\/\/www.dravivianloureiro.com.br\/blog\/#organization\"},\"keywords\":[\"m\u00e3os\",\"rejuvenescimento das m\u00e3os\",\"tratamento m\u00e3os\"],\"articleSection\":[\"Est\u00e9ticos\"],\"inLanguage\":\"pt-BR\",\"potentialAction\":[{\"@type\":\"CommentAction\",\"name\":\"Comment\",\"target\":[\"https:\/\/www.dravivianloureiro.com.br\/blog\/podemos-evitar-o-envelhecimento-das-maos\/#respond\"]}]},{\"@type\":\"WebPage\",\"@id\":\"https:\/\/www.dravivianloureiro.com.br\/blog\/podemos-evitar-o-envelhecimento-das-maos\/\",\"url\":\"https:\/\/www.dravivianloureiro.com.br\/blog\/podemos-evitar-o-envelhecimento-das-maos\/\",\"name\":\"Melhores tratamentos para as M\u00e3os - Beauty Beyond Skin Dermatologia Aplicada\",\"isPartOf\":{\"@id\":\"https:\/\/www.dravivianloureiro.com.br\/blog\/#website\"},\"datePublished\":\"2014-10-27T15:02:35+00:00\",\"dateModified\":\"2014-10-27T15:02:35+00:00\",\"description\":\"Costumamos nos preocupar com o rosto, corpo e esquecemos de olhar para pesco\u00e7o, m\u00e3os e colo. Saiba como manter suas m\u00e3os jovens por mais tempo. Gabriela Casabona Dermatologista Especialista em M\u00e3os em S\u00e3o Paulo. Telefones: 11 3668-5910 ou 11 3661-9502\",\"breadcrumb\":{\"@id\":\"https:\/\/www.dravivianloureiro.com.br\/blog\/podemos-evitar-o-envelhecimento-das-maos\/#breadcrumb\"},\"inLanguage\":\"pt-BR\",\"potentialAction\":[{\"@type\":\"ReadAction\",\"target\":[\"https:\/\/www.dravivianloureiro.com.br\/blog\/podemos-evitar-o-envelhecimento-das-maos\/\"]}]},{\"@type\":\"BreadcrumbList\",\"@id\":\"https:\/\/www.dravivianloureiro.com.br\/blog\/podemos-evitar-o-envelhecimento-das-maos\/#breadcrumb\",\"itemListElement\":[{\"@type\":\"ListItem\",\"position\":1,\"name\":\"In\u00edcio\",\"item\":\"https:\/\/www.dravivianloureiro.com.br\/blog\/\"},{\"@type\":\"ListItem\",\"position\":2,\"name\":\"Podemos evitar o envelhecimento das m\u00e3os\"}]},{\"@type\":\"WebSite\",\"@id\":\"https:\/\/www.dravivianloureiro.com.br\/blog\/#website\",\"url\":\"https:\/\/www.dravivianloureiro.com.br\/blog\/\",\"name\":\"Dermatologista Vivian Loureiro\",\"description\":\"\",\"publisher\":{\"@id\":\"https:\/\/www.dravivianloureiro.com.br\/blog\/#organization\"},\"potentialAction\":[{\"@type\":\"SearchAction\",\"target\":{\"@type\":\"EntryPoint\",\"urlTemplate\":\"https:\/\/www.dravivianloureiro.com.br\/blog\/?s={search_term_string}\"},\"query-input\":\"required name=search_term_string\"}],\"inLanguage\":\"pt-BR\"},{\"@type\":\"Organization\",\"@id\":\"https:\/\/www.dravivianloureiro.com.br\/blog\/#organization\",\"name\":\"Dra. Vivian Loureiro - Dermatologista Em S\u00e3o Paulo\",\"url\":\"https:\/\/www.dravivianloureiro.com.br\/blog\/\",\"logo\":{\"@type\":\"ImageObject\",\"inLanguage\":\"pt-BR\",\"@id\":\"https:\/\/www.dravivianloureiro.com.br\/blog\/#\/schema\/logo\/image\/\",\"url\":\"https:\/\/www.dravivianloureiro.com.br\/blog\/wp-content\/uploads\/2018\/08\/favicon.jpg\",\"contentUrl\":\"https:\/\/www.dravivianloureiro.com.br\/blog\/wp-content\/uploads\/2018\/08\/favicon.jpg\",\"width\":112,\"height\":112,\"caption\":\"Dra. Vivian Loureiro - Dermatologista Em S\u00e3o Paulo\"},\"image\":{\"@id\":\"https:\/\/www.dravivianloureiro.com.br\/blog\/#\/schema\/logo\/image\/\"},\"sameAs\":[\"https:\/\/pt-br.facebook.com\/vivianloureirodermatologia\/\",\"https:\/\/www.instagram.com\/vivianloureirodermatologia\/\",\"https:\/\/www.linkedin.com\/in\/vivian-barzi-loureiro-a6412887\/\"]},{\"@type\":\"Person\",\"@id\":\"https:\/\/www.dravivianloureiro.com.br\/blog\/#\/schema\/person\/f6272c0e48dae4364ef626c598c5cb84\",\"name\":\"Vivian Loureiro\",\"image\":{\"@type\":\"ImageObject\",\"inLanguage\":\"pt-BR\",\"@id\":\"https:\/\/www.dravivianloureiro.com.br\/blog\/#\/schema\/person\/image\/\",\"url\":\"https:\/\/secure.gravatar.com\/avatar\/8ee2b0fae98657240c77e822ae139ad3?s=96&d=wp_user_avatar&r=g\",\"contentUrl\":\"https:\/\/secure.gravatar.com\/avatar\/8ee2b0fae98657240c77e822ae139ad3?s=96&d=wp_user_avatar&r=g\",\"caption\":\"Vivian Loureiro\"},\"description\":\"M\u00e9dica formada pela Universidade de S\u00e3o Paulo (USP). Realizou resid\u00eancia m\u00e9dica em Dermatologia e complementa\u00e7\u00e3o em Cosmiatria e Laser pelo departamento de Dermatologia do Hospital das Cl\u00ednicas da Faculdade de Medicina da Universidade de S\u00e3o Paulo (USP). Possui t\u00edtulo de especialista em Dermatologia. \u00c9 membro da Sociedade Brasileira de Dermatologia (SBD) e Sociedade Brasileira de Cirurgia Dermatol\u00f3gica (SBCD) e m\u00e9dica do grupo Fleury. Atua nas \u00e1reas de Dermatologia Cl\u00ednica, Cir\u00fargica, Pedi\u00e1trica e Est\u00e9tica. Frequenta e palestra nos principais cursos e congressos de dermatologia, nacionais e internacionais, a fim de se manter em constante atualiza\u00e7\u00e3o.\",\"sameAs\":[\"https:\/\/www.dravivianloureiro.com.br\/\",\"https:\/\/pt-br.facebook.com\/vivianloureirodermatologia\/\",\"https:\/\/www.instagram.com\/vivianloureirodermatologia\/\",\"https:\/\/www.linkedin.com\/in\/vivian-barzi-loureiro-a6412887\/\"]}]}<\/script>\n<!-- \/ Yoast SEO plugin. -->","yoast_head_json":{"title":"Melhores tratamentos para as M\u00e3os - Beauty Beyond Skin Dermatologia Aplicada","description":"Costumamos nos preocupar com o rosto, corpo e esquecemos de olhar para pesco\u00e7o, m\u00e3os e colo. Saiba como manter suas m\u00e3os jovens por mais tempo. Gabriela Casabona Dermatologista Especialista em M\u00e3os em S\u00e3o Paulo. Telefones: 11 3668-5910 ou 11 3661-9502","robots":{"index":"index","follow":"follow","max-snippet":"max-snippet:-1","max-image-preview":"max-image-preview:large","max-video-preview":"max-video-preview:-1"},"canonical":"https:\/\/www.dravivianloureiro.com.br\/blog\/podemos-evitar-o-envelhecimento-das-maos\/","og_locale":"pt_BR","og_type":"article","og_title":"Melhores tratamentos para as M\u00e3os - Beauty Beyond Skin Dermatologia Aplicada","og_description":"Costumamos nos preocupar com o rosto, corpo e esquecemos de olhar para pesco\u00e7o, m\u00e3os e colo. Saiba como manter suas m\u00e3os jovens por mais tempo. Gabriela Casabona Dermatologista Especialista em M\u00e3os em S\u00e3o Paulo. Telefones: 11 3668-5910 ou 11 3661-9502","og_url":"https:\/\/www.dravivianloureiro.com.br\/blog\/podemos-evitar-o-envelhecimento-das-maos\/","og_site_name":"Dra. Vivian Loureiro","article_publisher":"https:\/\/pt-br.facebook.com\/vivianloureirodermatologia\/","article_author":"https:\/\/pt-br.facebook.com\/vivianloureirodermatologia\/","article_published_time":"2014-10-27T15:02:35+00:00","author":"Vivian Loureiro","twitter_card":"summary_large_image","twitter_misc":{"Escrito por":"Vivian Loureiro","Est. tempo de leitura":"6 minutos"},"schema":{"@context":"https:\/\/schema.org","@graph":[{"@type":"Article","@id":"https:\/\/www.dravivianloureiro.com.br\/blog\/podemos-evitar-o-envelhecimento-das-maos\/#article","isPartOf":{"@id":"https:\/\/www.dravivianloureiro.com.br\/blog\/podemos-evitar-o-envelhecimento-das-maos\/"},"author":{"name":"Vivian Loureiro","@id":"https:\/\/www.dravivianloureiro.com.br\/blog\/#\/schema\/person\/f6272c0e48dae4364ef626c598c5cb84"},"headline":"Podemos evitar o envelhecimento das m\u00e3os","datePublished":"2014-10-27T15:02:35+00:00","dateModified":"2014-10-27T15:02:35+00:00","mainEntityOfPage":{"@id":"https:\/\/www.dravivianloureiro.com.br\/blog\/podemos-evitar-o-envelhecimento-das-maos\/"},"wordCount":1272,"commentCount":0,"publisher":{"@id":"https:\/\/www.dravivianloureiro.com.br\/blog\/#organization"},"keywords":["m\u00e3os","rejuvenescimento das m\u00e3os","tratamento m\u00e3os"],"articleSection":["Est\u00e9ticos"],"inLanguage":"pt-BR","potentialAction":[{"@type":"CommentAction","name":"Comment","target":["https:\/\/www.dravivianloureiro.com.br\/blog\/podemos-evitar-o-envelhecimento-das-maos\/#respond"]}]},{"@type":"WebPage","@id":"https:\/\/www.dravivianloureiro.com.br\/blog\/podemos-evitar-o-envelhecimento-das-maos\/","url":"https:\/\/www.dravivianloureiro.com.br\/blog\/podemos-evitar-o-envelhecimento-das-maos\/","name":"Melhores tratamentos para as M\u00e3os - Beauty Beyond Skin Dermatologia Aplicada","isPartOf":{"@id":"https:\/\/www.dravivianloureiro.com.br\/blog\/#website"},"datePublished":"2014-10-27T15:02:35+00:00","dateModified":"2014-10-27T15:02:35+00:00","description":"Costumamos nos preocupar com o rosto, corpo e esquecemos de olhar para pesco\u00e7o, m\u00e3os e colo. Saiba como manter suas m\u00e3os jovens por mais tempo. Gabriela Casabona Dermatologista Especialista em M\u00e3os em S\u00e3o Paulo. Telefones: 11 3668-5910 ou 11 3661-9502","breadcrumb":{"@id":"https:\/\/www.dravivianloureiro.com.br\/blog\/podemos-evitar-o-envelhecimento-das-maos\/#breadcrumb"},"inLanguage":"pt-BR","potentialAction":[{"@type":"ReadAction","target":["https:\/\/www.dravivianloureiro.com.br\/blog\/podemos-evitar-o-envelhecimento-das-maos\/"]}]},{"@type":"BreadcrumbList","@id":"https:\/\/www.dravivianloureiro.com.br\/blog\/podemos-evitar-o-envelhecimento-das-maos\/#breadcrumb","itemListElement":[{"@type":"ListItem","position":1,"name":"In\u00edcio","item":"https:\/\/www.dravivianloureiro.com.br\/blog\/"},{"@type":"ListItem","position":2,"name":"Podemos evitar o envelhecimento das m\u00e3os"}]},{"@type":"WebSite","@id":"https:\/\/www.dravivianloureiro.com.br\/blog\/#website","url":"https:\/\/www.dravivianloureiro.com.br\/blog\/","name":"Dermatologista Vivian Loureiro","description":"","publisher":{"@id":"https:\/\/www.dravivianloureiro.com.br\/blog\/#organization"},"potentialAction":[{"@type":"SearchAction","target":{"@type":"EntryPoint","urlTemplate":"https:\/\/www.dravivianloureiro.com.br\/blog\/?s={search_term_string}"},"query-input":"required name=search_term_string"}],"inLanguage":"pt-BR"},{"@type":"Organization","@id":"https:\/\/www.dravivianloureiro.com.br\/blog\/#organization","name":"Dra. Vivian Loureiro - Dermatologista Em S\u00e3o Paulo","url":"https:\/\/www.dravivianloureiro.com.br\/blog\/","logo":{"@type":"ImageObject","inLanguage":"pt-BR","@id":"https:\/\/www.dravivianloureiro.com.br\/blog\/#\/schema\/logo\/image\/","url":"https:\/\/www.dravivianloureiro.com.br\/blog\/wp-content\/uploads\/2018\/08\/favicon.jpg","contentUrl":"https:\/\/www.dravivianloureiro.com.br\/blog\/wp-content\/uploads\/2018\/08\/favicon.jpg","width":112,"height":112,"caption":"Dra. Vivian Loureiro - Dermatologista Em S\u00e3o Paulo"},"image":{"@id":"https:\/\/www.dravivianloureiro.com.br\/blog\/#\/schema\/logo\/image\/"},"sameAs":["https:\/\/pt-br.facebook.com\/vivianloureirodermatologia\/","https:\/\/www.instagram.com\/vivianloureirodermatologia\/","https:\/\/www.linkedin.com\/in\/vivian-barzi-loureiro-a6412887\/"]},{"@type":"Person","@id":"https:\/\/www.dravivianloureiro.com.br\/blog\/#\/schema\/person\/f6272c0e48dae4364ef626c598c5cb84","name":"Vivian Loureiro","image":{"@type":"ImageObject","inLanguage":"pt-BR","@id":"https:\/\/www.dravivianloureiro.com.br\/blog\/#\/schema\/person\/image\/","url":"https:\/\/secure.gravatar.com\/avatar\/8ee2b0fae98657240c77e822ae139ad3?s=96&d=wp_user_avatar&r=g","contentUrl":"https:\/\/secure.gravatar.com\/avatar\/8ee2b0fae98657240c77e822ae139ad3?s=96&d=wp_user_avatar&r=g","caption":"Vivian Loureiro"},"description":"M\u00e9dica formada pela Universidade de S\u00e3o Paulo (USP). Realizou resid\u00eancia m\u00e9dica em Dermatologia e complementa\u00e7\u00e3o em Cosmiatria e Laser pelo departamento de Dermatologia do Hospital das Cl\u00ednicas da Faculdade de Medicina da Universidade de S\u00e3o Paulo (USP). Possui t\u00edtulo de especialista em Dermatologia. \u00c9 membro da Sociedade Brasileira de Dermatologia (SBD) e Sociedade Brasileira de Cirurgia Dermatol\u00f3gica (SBCD) e m\u00e9dica do grupo Fleury. Atua nas \u00e1reas de Dermatologia Cl\u00ednica, Cir\u00fargica, Pedi\u00e1trica e Est\u00e9tica. Frequenta e palestra nos principais cursos e congressos de dermatologia, nacionais e internacionais, a fim de se manter em constante atualiza\u00e7\u00e3o.","sameAs":["https:\/\/www.dravivianloureiro.com.br\/","https:\/\/pt-br.facebook.com\/vivianloureirodermatologia\/","https:\/\/www.instagram.com\/vivianloureirodermatologia\/","https:\/\/www.linkedin.com\/in\/vivian-barzi-loureiro-a6412887\/"]}]}},"amp_enabled":true,"_links":{"self":[{"href":"https:\/\/www.dravivianloureiro.com.br\/blog\/wp-json\/wp\/v2\/posts\/549"}],"collection":[{"href":"https:\/\/www.dravivianloureiro.com.br\/blog\/wp-json\/wp\/v2\/posts"}],"about":[{"href":"https:\/\/www.dravivianloureiro.com.br\/blog\/wp-json\/wp\/v2\/types\/post"}],"author":[{"embeddable":true,"href":"https:\/\/www.dravivianloureiro.com.br\/blog\/wp-json\/wp\/v2\/users\/1"}],"replies":[{"embeddable":true,"href":"https:\/\/www.dravivianloureiro.com.br\/blog\/wp-json\/wp\/v2\/comments?post=549"}],"version-history":[{"count":0,"href":"https:\/\/www.dravivianloureiro.com.br\/blog\/wp-json\/wp\/v2\/posts\/549\/revisions"}],"wp:featuredmedia":[{"embeddable":true,"href":"https:\/\/www.dravivianloureiro.com.br\/blog\/wp-json\/"}],"wp:attachment":[{"href":"https:\/\/www.dravivianloureiro.com.br\/blog\/wp-json\/wp\/v2\/media?parent=549"}],"wp:term":[{"taxonomy":"category","embeddable":true,"href":"https:\/\/www.dravivianloureiro.com.br\/blog\/wp-json\/wp\/v2\/categories?post=549"},{"taxonomy":"post_tag","embeddable":true,"href":"https:\/\/www.dravivianloureiro.com.br\/blog\/wp-json\/wp\/v2\/tags?post=549"}],"curies":[{"name":"wp","href":"https:\/\/api.w.org\/{rel}","templated":true}]}}