{"id":510,"date":"2014-06-27T21:59:14","date_gmt":"2014-06-27T21:59:14","guid":{"rendered":"http:\/\/www.gabrielacasabona.com.br\/blog\/?p=510"},"modified":"2014-06-27T21:59:14","modified_gmt":"2014-06-27T21:59:14","slug":"queda-de-cabelo-entenda-os-tipos-de-queda-e-saiba-o-tratamento-ideal","status":"publish","type":"post","link":"https:\/\/www.dravivianloureiro.com.br\/blog\/queda-de-cabelo-entenda-os-tipos-de-queda-e-saiba-o-tratamento-ideal\/","title":{"rendered":"Queda de Cabelo &#8211; Entenda os tipos de queda e saiba o tratamento ideal"},"content":{"rendered":"<p class=\"estimated-read-time\">Tempo de leitura:<small> 3 minutos<\/small><\/p> <p>Com o tempo percebi o que as pessoas buscam respostas para a queda de cabelo localizada. Querem saber o que \u00e9 poss\u00edvel fazer para melhorar aquela \u00e1rea.\u00a0Resolvi fazer uma s\u00e9rie de posts interligados que v\u00e3o desmistificar esse assunto, respondendo d\u00favidas e trazendo as novidades eficazes para cada tema.<\/p>\n<p>O corpo \u00e9 como um rel\u00f3gio e as altera\u00e7\u00f5es de uma parte pequena como ferro pode gerar uma grande defici\u00eancia em v\u00e1rios pontos como unhas, cabelo e indiretamente ganho de peso ou perda de massa muscular. Pois muitas vezes a perda de ferro traz um cansa\u00e7o excessivo que dificulta a realiza\u00e7\u00e3o de outras atividades.<\/p>\n<p>Falando em cabelo, recebo um n\u00famero alto de pacientes com queda cr\u00f4nica que piorou nos \u00faltimos meses.<br \/>\nEnt\u00e3o resolvi escrever sobre o tema e as novidades que temos sobre o assunto.\u00a0N\u00e3o podemos esquecer que o crescimento do cabelo tem 3 fases;<\/p>\n<p>A maioria das quedas tem rela\u00e7\u00e3o direta com a fase <strong>Tel\u00f3gena \u2013 Efl\u00favio Tel\u00f3geno<\/strong> que pode ser cr\u00f4nico, ou seja, ter uma dura\u00e7\u00e3o maior que 6 meses onde h\u00e1 queixa referente a queda de cabelo e piora no banho.\u00a0Existe tamb\u00e9m a queda de cabelo de padr\u00e3o <strong>androgen\u00e9tico<\/strong> que \u00e9 a mais famosa. \u00c9 gen\u00e9tica e pode atingir homens e mulheres, n\u00e3o h\u00e1 queixa de queda e sim de perda de volume a afinamento do cabelo.\u00a0Em alguns casos a soma dos dois fatores acaba piorando o quadro e quando o paciente nota, muitas vezes entra em desespero.<\/p>\n<p><img loading=\"lazy\" class=\"aligncenter wp-image-2120 size-full\" src=\"https:\/\/gabrielacasabona.com.br\/wp-content\/uploads\/2014\/06\/fases21.jpg\" alt=\"fases2\" width=\"570\" height=\"200\" \/><\/p>\n<h2>Vamos ao que tem de novo e funciona, ou seja, tem literatura comprovando a seguran\u00e7a e efic\u00e1cia do uso.<\/h2>\n<h3>Efl\u00favio Tel\u00f3geno:<\/h3>\n<ul>\n<li>Diagn\u00f3stico cl\u00ednico (exames laboratoriais inclusive metais pesados), Dermatoscopia e em Raros casos Tricograma que \u00e9 um exame dos fios.<\/li>\n<li><strong>Tratamento:<\/strong> Medicamentos orais e vitaminas (pp ferro e zinco).<\/li>\n<\/ul>\n<p style=\"padding-left: 30px;\"><strong>Local:<\/strong> Visa melhora do couro cabeludo e oleosidade local que pode se somar e piorar a queda = esfolia\u00e7\u00e3o de couro cabeludo.<\/p>\n<p style=\"padding-left: 30px;\"><strong>Mesoterapia Capilar: <\/strong>Inje\u00e7\u00e3o vitaminas e novas combina\u00e7\u00f5es com de vitaminas e medicamentos.<\/p>\n<p style=\"padding-left: 30px;\"><strong>Microagulhamento Capilar: <\/strong>Estimula c\u00e9lula tronco que tem redor dos cabelos melhorando a vitalidade dos fios finos e estimula\u00e7\u00e3o de crescimento (<strong>fase An\u00e1gena<\/strong>).<br \/>\nInfravermelhos s\u00e3o lasers de baixa intensidade que apesar de muito usados ainda n\u00e3o tem comprova\u00e7\u00e3o cientifica no uso das queda.<\/p>\n<p style=\"padding-left: 30px;\"><strong>Aplica\u00e7\u00e3o de medicamentos p\u00f3s esfolia\u00e7\u00e3o com uso de alta frequ\u00eancia que faz penetra\u00e7\u00e3o ativa e mais r\u00e1pida da droga<br \/>\n<\/strong>Para cabelos, c\u00edlios e sobrancelhas: uso de bimatoprosta que \u00e9 uma droga de prescri\u00e7\u00e3o e alonga os fios destes locais e pode ser usado como adjuvante.<\/p>\n<h3>Alop\u00e9cia Androgen\u00e9tica:<\/h3>\n<ul>\n<li>Diagn\u00f3stico clinico (exames laboratoriais),\u00a0Dermatoscopia,\u00a0Controle miniaturiza\u00e7\u00e3o fios.<\/li>\n<li>Tricograma e\u00a0<strong>teste gen\u00e9tico (teste que se faz por coleta de saliva em consult\u00f3rio)<\/strong><\/li>\n<\/ul>\n<p style=\"padding-left: 30px;\"><strong>Tratamento:<\/strong><\/p>\n<ul style=\"padding-left: 60px;\">\n<li><strong>Local<\/strong>: Medicamentos orais (Finasterida, Dutasterida, Espironolactona, Glucoformina),\u00a0<strong>teste gen\u00e9tico de sensibilidade \u00e0 droga Finasterida<\/strong>, vitaminas ( pp, ferro e zinco )<\/li>\n<li><strong>Mesoterapia capilar<\/strong><\/li>\n<li><span style=\"font-weight: bold;\">Microagulhamento: Interessante combinado com algumas drogas como Finasterida e deve ser feito semanal ou quinzenalmente.<\/span><\/li>\n<li><span style=\"font-weight: bold;\">Aplica\u00e7\u00e3o de medicamentos p\u00f3s esfolia\u00e7\u00e3o com uso de alta frequ\u00eancia que faz penetra\u00e7\u00e3o ativa e mais r\u00e1pida da droga\n<p><\/span><\/li>\n<\/ul>\n<h3><strong>Alop\u00e9cia<\/strong> Areata<\/h3>\n<p>Tipo de queda abrupta que normalmente n\u00e3o e difusa. Pode evoluir com \u00e1reas de pelada ou clareiras.<strong><br \/>\n<\/strong>Diagnostico clinico (exames laboratoriais),\u00a0Dermatoscopia,\u00a0Tricograma,\u00a0Biopsia em casos de d\u00favida<\/p>\n<p style=\"padding-left: 30px;\"><strong>Tratamento:<\/strong><\/p>\n<ul style=\"padding-left: 60px;\">\n<li><strong>Local<\/strong>: Medicamentos orais (corticoide orais), vitaminas (pp, ferro e zinco), <strong>mesoterapia capilar<\/strong> com Corticoide.<\/li>\n<li><strong>Microagulhamento: Interessante combinado com algumas drogas como Corticoide e Minoxidil e deve ser feito semanal ou quinzenalmente.<\/strong><\/li>\n<li><strong>Aplica\u00e7\u00e3o de medicamentos p\u00f3s esfolia\u00e7\u00e3o com uso de alta frequ\u00eancia que faz penetra\u00e7\u00e3o ativa e mais r\u00e1pida da droga<\/strong><\/li>\n<li><span style=\"font-weight: bold;\">Uso de laser n\u00e3o ablativo para estimula\u00e7\u00e3o local ou <em>drug delivery<\/em><\/span><\/li>\n<\/ul>\n<p>&nbsp;<\/p>\n","protected":false},"excerpt":{"rendered":"<p><small> 3 minutos<\/small> Com o tempo percebi o que as pessoas buscam respostas para a queda de cabelo localizada. Querem saber o que \u00e9 poss\u00edvel fazer para melhorar aquela \u00e1rea.\u00a0Resolvi fazer uma s\u00e9rie de posts interligados que v\u00e3o desmistificar esse assunto, respondendo d\u00favidas e trazendo as novidades eficazes para cada tema. O corpo \u00e9 como um rel\u00f3gio e as altera\u00e7\u00f5es de uma parte pequena como ferro pode gerar uma grande defici\u00eancia em v\u00e1rios pontos como unhas, cabelo e indiretamente ganho de peso ou perda de <a href=\"https:\/\/www.dravivianloureiro.com.br\/blog\/queda-de-cabelo-entenda-os-tipos-de-queda-e-saiba-o-tratamento-ideal\/\" class=\"more-link\"><span>Continue lendo<\/span>\u2192<\/a><\/p>\n","protected":false},"author":1,"featured_media":4332,"comment_status":"open","ping_status":"open","sticky":false,"template":"","format":"standard","meta":[],"categories":[374,404],"tags":[527,505,528,158,529,162],"yoast_head":"<!-- This site is optimized with the Yoast SEO plugin v20.6 - https:\/\/yoast.com\/wordpress\/plugins\/seo\/ -->\n<title>Entenda o processo de Queda do Cabelo by Gabriela Casabona - Beauty Beyond Skin Dermatologia Tridimensional Especializada em Queda de Cabelo<\/title>\n<meta name=\"description\" content=\"Resolvi fazer uma s\u00e9rie de posts interligados que v\u00e3o desmistificar esse assunto, respondendo d\u00favidas e trazendo as novidades sobre queda de cabelo. Dra Gabriela Casabona \u00e9 Dermatologista Especialista em Ros\u00e1cea em S\u00e3o Paulo - tel: +55 11 3668-5910 - R. Dr Veiga Filho, 350 \u2013 1 andar Higien\u00f3polis.\" \/>\n<meta name=\"robots\" content=\"index, follow, max-snippet:-1, max-image-preview:large, max-video-preview:-1\" \/>\n<link rel=\"canonical\" href=\"https:\/\/www.dravivianloureiro.com.br\/blog\/queda-de-cabelo-entenda-os-tipos-de-queda-e-saiba-o-tratamento-ideal\/\" \/>\n<meta property=\"og:locale\" content=\"pt_BR\" \/>\n<meta property=\"og:type\" content=\"article\" \/>\n<meta property=\"og:title\" content=\"Entenda o processo de Queda do Cabelo by Gabriela Casabona - Beauty Beyond Skin Dermatologia Tridimensional Especializada em Queda de Cabelo\" \/>\n<meta property=\"og:description\" content=\"Resolvi fazer uma s\u00e9rie de posts interligados que v\u00e3o desmistificar esse assunto, respondendo d\u00favidas e trazendo as novidades sobre queda de cabelo. Dra Gabriela Casabona \u00e9 Dermatologista Especialista em Ros\u00e1cea em S\u00e3o Paulo - tel: +55 11 3668-5910 - R. Dr Veiga Filho, 350 \u2013 1 andar Higien\u00f3polis.\" \/>\n<meta property=\"og:url\" content=\"https:\/\/www.dravivianloureiro.com.br\/blog\/queda-de-cabelo-entenda-os-tipos-de-queda-e-saiba-o-tratamento-ideal\/\" \/>\n<meta property=\"og:site_name\" content=\"Dra. Vivian Loureiro\" \/>\n<meta property=\"article:publisher\" content=\"https:\/\/pt-br.facebook.com\/vivianloureirodermatologia\/\" \/>\n<meta property=\"article:author\" content=\"https:\/\/pt-br.facebook.com\/vivianloureirodermatologia\/\" \/>\n<meta property=\"article:published_time\" content=\"2014-06-27T21:59:14+00:00\" \/>\n<meta name=\"author\" content=\"Vivian Loureiro\" \/>\n<meta name=\"twitter:card\" content=\"summary_large_image\" \/>\n<meta name=\"twitter:label1\" content=\"Escrito por\" \/>\n\t<meta name=\"twitter:data1\" content=\"Vivian Loureiro\" \/>\n\t<meta name=\"twitter:label2\" content=\"Est. tempo de leitura\" \/>\n\t<meta name=\"twitter:data2\" content=\"3 minutos\" \/>\n<script type=\"application\/ld+json\" class=\"yoast-schema-graph\">{\"@context\":\"https:\/\/schema.org\",\"@graph\":[{\"@type\":\"Article\",\"@id\":\"https:\/\/www.dravivianloureiro.com.br\/blog\/queda-de-cabelo-entenda-os-tipos-de-queda-e-saiba-o-tratamento-ideal\/#article\",\"isPartOf\":{\"@id\":\"https:\/\/www.dravivianloureiro.com.br\/blog\/queda-de-cabelo-entenda-os-tipos-de-queda-e-saiba-o-tratamento-ideal\/\"},\"author\":{\"name\":\"Vivian Loureiro\",\"@id\":\"https:\/\/www.dravivianloureiro.com.br\/blog\/#\/schema\/person\/f6272c0e48dae4364ef626c598c5cb84\"},\"headline\":\"Queda de Cabelo &#8211; Entenda os tipos de queda e saiba o tratamento ideal\",\"datePublished\":\"2014-06-27T21:59:14+00:00\",\"dateModified\":\"2014-06-27T21:59:14+00:00\",\"mainEntityOfPage\":{\"@id\":\"https:\/\/www.dravivianloureiro.com.br\/blog\/queda-de-cabelo-entenda-os-tipos-de-queda-e-saiba-o-tratamento-ideal\/\"},\"wordCount\":661,\"commentCount\":0,\"publisher\":{\"@id\":\"https:\/\/www.dravivianloureiro.com.br\/blog\/#organization\"},\"keywords\":[\"androgenetico\",\"calvice\",\"glucoformina\",\"queda de cabelo\",\"tratamento capilar\",\"tratamento queda de cabelo\"],\"articleSection\":[\"Cabelos\",\"Laser\"],\"inLanguage\":\"pt-BR\",\"potentialAction\":[{\"@type\":\"CommentAction\",\"name\":\"Comment\",\"target\":[\"https:\/\/www.dravivianloureiro.com.br\/blog\/queda-de-cabelo-entenda-os-tipos-de-queda-e-saiba-o-tratamento-ideal\/#respond\"]}]},{\"@type\":\"WebPage\",\"@id\":\"https:\/\/www.dravivianloureiro.com.br\/blog\/queda-de-cabelo-entenda-os-tipos-de-queda-e-saiba-o-tratamento-ideal\/\",\"url\":\"https:\/\/www.dravivianloureiro.com.br\/blog\/queda-de-cabelo-entenda-os-tipos-de-queda-e-saiba-o-tratamento-ideal\/\",\"name\":\"Entenda o processo de Queda do Cabelo by Gabriela Casabona - Beauty Beyond Skin Dermatologia Tridimensional Especializada em Queda de Cabelo\",\"isPartOf\":{\"@id\":\"https:\/\/www.dravivianloureiro.com.br\/blog\/#website\"},\"datePublished\":\"2014-06-27T21:59:14+00:00\",\"dateModified\":\"2014-06-27T21:59:14+00:00\",\"description\":\"Resolvi fazer uma s\u00e9rie de posts interligados que v\u00e3o desmistificar esse assunto, respondendo d\u00favidas e trazendo as novidades sobre queda de cabelo. Dra Gabriela Casabona \u00e9 Dermatologista Especialista em Ros\u00e1cea em S\u00e3o Paulo - tel: +55 11 3668-5910 - R. Dr Veiga Filho, 350 \u2013 1 andar Higien\u00f3polis.\",\"breadcrumb\":{\"@id\":\"https:\/\/www.dravivianloureiro.com.br\/blog\/queda-de-cabelo-entenda-os-tipos-de-queda-e-saiba-o-tratamento-ideal\/#breadcrumb\"},\"inLanguage\":\"pt-BR\",\"potentialAction\":[{\"@type\":\"ReadAction\",\"target\":[\"https:\/\/www.dravivianloureiro.com.br\/blog\/queda-de-cabelo-entenda-os-tipos-de-queda-e-saiba-o-tratamento-ideal\/\"]}]},{\"@type\":\"BreadcrumbList\",\"@id\":\"https:\/\/www.dravivianloureiro.com.br\/blog\/queda-de-cabelo-entenda-os-tipos-de-queda-e-saiba-o-tratamento-ideal\/#breadcrumb\",\"itemListElement\":[{\"@type\":\"ListItem\",\"position\":1,\"name\":\"In\u00edcio\",\"item\":\"https:\/\/www.dravivianloureiro.com.br\/blog\/\"},{\"@type\":\"ListItem\",\"position\":2,\"name\":\"Queda de Cabelo &#8211; Entenda os tipos de queda e saiba o tratamento ideal\"}]},{\"@type\":\"WebSite\",\"@id\":\"https:\/\/www.dravivianloureiro.com.br\/blog\/#website\",\"url\":\"https:\/\/www.dravivianloureiro.com.br\/blog\/\",\"name\":\"Dermatologista Vivian Loureiro\",\"description\":\"\",\"publisher\":{\"@id\":\"https:\/\/www.dravivianloureiro.com.br\/blog\/#organization\"},\"potentialAction\":[{\"@type\":\"SearchAction\",\"target\":{\"@type\":\"EntryPoint\",\"urlTemplate\":\"https:\/\/www.dravivianloureiro.com.br\/blog\/?s={search_term_string}\"},\"query-input\":\"required name=search_term_string\"}],\"inLanguage\":\"pt-BR\"},{\"@type\":\"Organization\",\"@id\":\"https:\/\/www.dravivianloureiro.com.br\/blog\/#organization\",\"name\":\"Dra. Vivian Loureiro - Dermatologista Em S\u00e3o Paulo\",\"url\":\"https:\/\/www.dravivianloureiro.com.br\/blog\/\",\"logo\":{\"@type\":\"ImageObject\",\"inLanguage\":\"pt-BR\",\"@id\":\"https:\/\/www.dravivianloureiro.com.br\/blog\/#\/schema\/logo\/image\/\",\"url\":\"https:\/\/www.dravivianloureiro.com.br\/blog\/wp-content\/uploads\/2018\/08\/favicon.jpg\",\"contentUrl\":\"https:\/\/www.dravivianloureiro.com.br\/blog\/wp-content\/uploads\/2018\/08\/favicon.jpg\",\"width\":112,\"height\":112,\"caption\":\"Dra. Vivian Loureiro - Dermatologista Em S\u00e3o Paulo\"},\"image\":{\"@id\":\"https:\/\/www.dravivianloureiro.com.br\/blog\/#\/schema\/logo\/image\/\"},\"sameAs\":[\"https:\/\/pt-br.facebook.com\/vivianloureirodermatologia\/\",\"https:\/\/www.instagram.com\/vivianloureirodermatologia\/\",\"https:\/\/www.linkedin.com\/in\/vivian-barzi-loureiro-a6412887\/\"]},{\"@type\":\"Person\",\"@id\":\"https:\/\/www.dravivianloureiro.com.br\/blog\/#\/schema\/person\/f6272c0e48dae4364ef626c598c5cb84\",\"name\":\"Vivian Loureiro\",\"image\":{\"@type\":\"ImageObject\",\"inLanguage\":\"pt-BR\",\"@id\":\"https:\/\/www.dravivianloureiro.com.br\/blog\/#\/schema\/person\/image\/\",\"url\":\"https:\/\/secure.gravatar.com\/avatar\/8ee2b0fae98657240c77e822ae139ad3?s=96&d=wp_user_avatar&r=g\",\"contentUrl\":\"https:\/\/secure.gravatar.com\/avatar\/8ee2b0fae98657240c77e822ae139ad3?s=96&d=wp_user_avatar&r=g\",\"caption\":\"Vivian Loureiro\"},\"description\":\"M\u00e9dica formada pela Universidade de S\u00e3o Paulo (USP). Realizou resid\u00eancia m\u00e9dica em Dermatologia e complementa\u00e7\u00e3o em Cosmiatria e Laser pelo departamento de Dermatologia do Hospital das Cl\u00ednicas da Faculdade de Medicina da Universidade de S\u00e3o Paulo (USP). Possui t\u00edtulo de especialista em Dermatologia. \u00c9 membro da Sociedade Brasileira de Dermatologia (SBD) e Sociedade Brasileira de Cirurgia Dermatol\u00f3gica (SBCD) e m\u00e9dica do grupo Fleury. Atua nas \u00e1reas de Dermatologia Cl\u00ednica, Cir\u00fargica, Pedi\u00e1trica e Est\u00e9tica. Frequenta e palestra nos principais cursos e congressos de dermatologia, nacionais e internacionais, a fim de se manter em constante atualiza\u00e7\u00e3o.\",\"sameAs\":[\"https:\/\/www.dravivianloureiro.com.br\/\",\"https:\/\/pt-br.facebook.com\/vivianloureirodermatologia\/\",\"https:\/\/www.instagram.com\/vivianloureirodermatologia\/\",\"https:\/\/www.linkedin.com\/in\/vivian-barzi-loureiro-a6412887\/\"]}]}<\/script>\n<!-- \/ Yoast SEO plugin. -->","yoast_head_json":{"title":"Entenda o processo de Queda do Cabelo by Gabriela Casabona - Beauty Beyond Skin Dermatologia Tridimensional Especializada em Queda de Cabelo","description":"Resolvi fazer uma s\u00e9rie de posts interligados que v\u00e3o desmistificar esse assunto, respondendo d\u00favidas e trazendo as novidades sobre queda de cabelo. Dra Gabriela Casabona \u00e9 Dermatologista Especialista em Ros\u00e1cea em S\u00e3o Paulo - tel: +55 11 3668-5910 - R. Dr Veiga Filho, 350 \u2013 1 andar Higien\u00f3polis.","robots":{"index":"index","follow":"follow","max-snippet":"max-snippet:-1","max-image-preview":"max-image-preview:large","max-video-preview":"max-video-preview:-1"},"canonical":"https:\/\/www.dravivianloureiro.com.br\/blog\/queda-de-cabelo-entenda-os-tipos-de-queda-e-saiba-o-tratamento-ideal\/","og_locale":"pt_BR","og_type":"article","og_title":"Entenda o processo de Queda do Cabelo by Gabriela Casabona - Beauty Beyond Skin Dermatologia Tridimensional Especializada em Queda de Cabelo","og_description":"Resolvi fazer uma s\u00e9rie de posts interligados que v\u00e3o desmistificar esse assunto, respondendo d\u00favidas e trazendo as novidades sobre queda de cabelo. Dra Gabriela Casabona \u00e9 Dermatologista Especialista em Ros\u00e1cea em S\u00e3o Paulo - tel: +55 11 3668-5910 - R. Dr Veiga Filho, 350 \u2013 1 andar Higien\u00f3polis.","og_url":"https:\/\/www.dravivianloureiro.com.br\/blog\/queda-de-cabelo-entenda-os-tipos-de-queda-e-saiba-o-tratamento-ideal\/","og_site_name":"Dra. Vivian Loureiro","article_publisher":"https:\/\/pt-br.facebook.com\/vivianloureirodermatologia\/","article_author":"https:\/\/pt-br.facebook.com\/vivianloureirodermatologia\/","article_published_time":"2014-06-27T21:59:14+00:00","author":"Vivian Loureiro","twitter_card":"summary_large_image","twitter_misc":{"Escrito por":"Vivian Loureiro","Est. tempo de leitura":"3 minutos"},"schema":{"@context":"https:\/\/schema.org","@graph":[{"@type":"Article","@id":"https:\/\/www.dravivianloureiro.com.br\/blog\/queda-de-cabelo-entenda-os-tipos-de-queda-e-saiba-o-tratamento-ideal\/#article","isPartOf":{"@id":"https:\/\/www.dravivianloureiro.com.br\/blog\/queda-de-cabelo-entenda-os-tipos-de-queda-e-saiba-o-tratamento-ideal\/"},"author":{"name":"Vivian Loureiro","@id":"https:\/\/www.dravivianloureiro.com.br\/blog\/#\/schema\/person\/f6272c0e48dae4364ef626c598c5cb84"},"headline":"Queda de Cabelo &#8211; Entenda os tipos de queda e saiba o tratamento ideal","datePublished":"2014-06-27T21:59:14+00:00","dateModified":"2014-06-27T21:59:14+00:00","mainEntityOfPage":{"@id":"https:\/\/www.dravivianloureiro.com.br\/blog\/queda-de-cabelo-entenda-os-tipos-de-queda-e-saiba-o-tratamento-ideal\/"},"wordCount":661,"commentCount":0,"publisher":{"@id":"https:\/\/www.dravivianloureiro.com.br\/blog\/#organization"},"keywords":["androgenetico","calvice","glucoformina","queda de cabelo","tratamento capilar","tratamento queda de cabelo"],"articleSection":["Cabelos","Laser"],"inLanguage":"pt-BR","potentialAction":[{"@type":"CommentAction","name":"Comment","target":["https:\/\/www.dravivianloureiro.com.br\/blog\/queda-de-cabelo-entenda-os-tipos-de-queda-e-saiba-o-tratamento-ideal\/#respond"]}]},{"@type":"WebPage","@id":"https:\/\/www.dravivianloureiro.com.br\/blog\/queda-de-cabelo-entenda-os-tipos-de-queda-e-saiba-o-tratamento-ideal\/","url":"https:\/\/www.dravivianloureiro.com.br\/blog\/queda-de-cabelo-entenda-os-tipos-de-queda-e-saiba-o-tratamento-ideal\/","name":"Entenda o processo de Queda do Cabelo by Gabriela Casabona - Beauty Beyond Skin Dermatologia Tridimensional Especializada em Queda de Cabelo","isPartOf":{"@id":"https:\/\/www.dravivianloureiro.com.br\/blog\/#website"},"datePublished":"2014-06-27T21:59:14+00:00","dateModified":"2014-06-27T21:59:14+00:00","description":"Resolvi fazer uma s\u00e9rie de posts interligados que v\u00e3o desmistificar esse assunto, respondendo d\u00favidas e trazendo as novidades sobre queda de cabelo. Dra Gabriela Casabona \u00e9 Dermatologista Especialista em Ros\u00e1cea em S\u00e3o Paulo - tel: +55 11 3668-5910 - R. Dr Veiga Filho, 350 \u2013 1 andar Higien\u00f3polis.","breadcrumb":{"@id":"https:\/\/www.dravivianloureiro.com.br\/blog\/queda-de-cabelo-entenda-os-tipos-de-queda-e-saiba-o-tratamento-ideal\/#breadcrumb"},"inLanguage":"pt-BR","potentialAction":[{"@type":"ReadAction","target":["https:\/\/www.dravivianloureiro.com.br\/blog\/queda-de-cabelo-entenda-os-tipos-de-queda-e-saiba-o-tratamento-ideal\/"]}]},{"@type":"BreadcrumbList","@id":"https:\/\/www.dravivianloureiro.com.br\/blog\/queda-de-cabelo-entenda-os-tipos-de-queda-e-saiba-o-tratamento-ideal\/#breadcrumb","itemListElement":[{"@type":"ListItem","position":1,"name":"In\u00edcio","item":"https:\/\/www.dravivianloureiro.com.br\/blog\/"},{"@type":"ListItem","position":2,"name":"Queda de Cabelo &#8211; Entenda os tipos de queda e saiba o tratamento ideal"}]},{"@type":"WebSite","@id":"https:\/\/www.dravivianloureiro.com.br\/blog\/#website","url":"https:\/\/www.dravivianloureiro.com.br\/blog\/","name":"Dermatologista Vivian Loureiro","description":"","publisher":{"@id":"https:\/\/www.dravivianloureiro.com.br\/blog\/#organization"},"potentialAction":[{"@type":"SearchAction","target":{"@type":"EntryPoint","urlTemplate":"https:\/\/www.dravivianloureiro.com.br\/blog\/?s={search_term_string}"},"query-input":"required name=search_term_string"}],"inLanguage":"pt-BR"},{"@type":"Organization","@id":"https:\/\/www.dravivianloureiro.com.br\/blog\/#organization","name":"Dra. Vivian Loureiro - Dermatologista Em S\u00e3o Paulo","url":"https:\/\/www.dravivianloureiro.com.br\/blog\/","logo":{"@type":"ImageObject","inLanguage":"pt-BR","@id":"https:\/\/www.dravivianloureiro.com.br\/blog\/#\/schema\/logo\/image\/","url":"https:\/\/www.dravivianloureiro.com.br\/blog\/wp-content\/uploads\/2018\/08\/favicon.jpg","contentUrl":"https:\/\/www.dravivianloureiro.com.br\/blog\/wp-content\/uploads\/2018\/08\/favicon.jpg","width":112,"height":112,"caption":"Dra. Vivian Loureiro - Dermatologista Em S\u00e3o Paulo"},"image":{"@id":"https:\/\/www.dravivianloureiro.com.br\/blog\/#\/schema\/logo\/image\/"},"sameAs":["https:\/\/pt-br.facebook.com\/vivianloureirodermatologia\/","https:\/\/www.instagram.com\/vivianloureirodermatologia\/","https:\/\/www.linkedin.com\/in\/vivian-barzi-loureiro-a6412887\/"]},{"@type":"Person","@id":"https:\/\/www.dravivianloureiro.com.br\/blog\/#\/schema\/person\/f6272c0e48dae4364ef626c598c5cb84","name":"Vivian Loureiro","image":{"@type":"ImageObject","inLanguage":"pt-BR","@id":"https:\/\/www.dravivianloureiro.com.br\/blog\/#\/schema\/person\/image\/","url":"https:\/\/secure.gravatar.com\/avatar\/8ee2b0fae98657240c77e822ae139ad3?s=96&d=wp_user_avatar&r=g","contentUrl":"https:\/\/secure.gravatar.com\/avatar\/8ee2b0fae98657240c77e822ae139ad3?s=96&d=wp_user_avatar&r=g","caption":"Vivian Loureiro"},"description":"M\u00e9dica formada pela Universidade de S\u00e3o Paulo (USP). Realizou resid\u00eancia m\u00e9dica em Dermatologia e complementa\u00e7\u00e3o em Cosmiatria e Laser pelo departamento de Dermatologia do Hospital das Cl\u00ednicas da Faculdade de Medicina da Universidade de S\u00e3o Paulo (USP). Possui t\u00edtulo de especialista em Dermatologia. \u00c9 membro da Sociedade Brasileira de Dermatologia (SBD) e Sociedade Brasileira de Cirurgia Dermatol\u00f3gica (SBCD) e m\u00e9dica do grupo Fleury. Atua nas \u00e1reas de Dermatologia Cl\u00ednica, Cir\u00fargica, Pedi\u00e1trica e Est\u00e9tica. Frequenta e palestra nos principais cursos e congressos de dermatologia, nacionais e internacionais, a fim de se manter em constante atualiza\u00e7\u00e3o.","sameAs":["https:\/\/www.dravivianloureiro.com.br\/","https:\/\/pt-br.facebook.com\/vivianloureirodermatologia\/","https:\/\/www.instagram.com\/vivianloureirodermatologia\/","https:\/\/www.linkedin.com\/in\/vivian-barzi-loureiro-a6412887\/"]}]}},"amp_enabled":true,"_links":{"self":[{"href":"https:\/\/www.dravivianloureiro.com.br\/blog\/wp-json\/wp\/v2\/posts\/510"}],"collection":[{"href":"https:\/\/www.dravivianloureiro.com.br\/blog\/wp-json\/wp\/v2\/posts"}],"about":[{"href":"https:\/\/www.dravivianloureiro.com.br\/blog\/wp-json\/wp\/v2\/types\/post"}],"author":[{"embeddable":true,"href":"https:\/\/www.dravivianloureiro.com.br\/blog\/wp-json\/wp\/v2\/users\/1"}],"replies":[{"embeddable":true,"href":"https:\/\/www.dravivianloureiro.com.br\/blog\/wp-json\/wp\/v2\/comments?post=510"}],"version-history":[{"count":0,"href":"https:\/\/www.dravivianloureiro.com.br\/blog\/wp-json\/wp\/v2\/posts\/510\/revisions"}],"wp:featuredmedia":[{"embeddable":true,"href":"https:\/\/www.dravivianloureiro.com.br\/blog\/wp-json\/"}],"wp:attachment":[{"href":"https:\/\/www.dravivianloureiro.com.br\/blog\/wp-json\/wp\/v2\/media?parent=510"}],"wp:term":[{"taxonomy":"category","embeddable":true,"href":"https:\/\/www.dravivianloureiro.com.br\/blog\/wp-json\/wp\/v2\/categories?post=510"},{"taxonomy":"post_tag","embeddable":true,"href":"https:\/\/www.dravivianloureiro.com.br\/blog\/wp-json\/wp\/v2\/tags?post=510"}],"curies":[{"name":"wp","href":"https:\/\/api.w.org\/{rel}","templated":true}]}}