{"id":51,"date":"2018-10-03T08:48:44","date_gmt":"2018-10-03T11:48:44","guid":{"rendered":"http:\/\/serv3xceler.com.br\/vivian-loureiro\/blog\/?p=51"},"modified":"2021-02-11T22:01:51","modified_gmt":"2021-02-12T01:01:51","slug":"o-que-e-vitiligo-e-como-trata-lo","status":"publish","type":"post","link":"https:\/\/www.dravivianloureiro.com.br\/blog\/o-que-e-vitiligo-e-como-trata-lo\/","title":{"rendered":"O que \u00e9 vitiligo e como trat\u00e1-lo"},"content":{"rendered":"<p class=\"estimated-read-time\">Tempo de leitura:<small> 2 minutos<\/small><\/p> <p>Uma doen\u00e7a at\u00e9 ent\u00e3o renegada ganhou muito destaque quando o rei do pop Michael Jackson revelou que possu\u00eda vitiligo e que fez uma diversidade de<img loading=\"lazy\" class=\"size-medium wp-image-215 alignright\" src=\"https:\/\/www.dravivianloureiro.com.br\/blog\/wp-content\/uploads\/2018\/10\/shutterstock_1805691229-370x247.jpg\" alt=\"\" width=\"370\" height=\"247\" srcset=\"https:\/\/www.dravivianloureiro.com.br\/blog\/wp-content\/uploads\/2018\/10\/shutterstock_1805691229-370x247.jpg 370w, https:\/\/www.dravivianloureiro.com.br\/blog\/wp-content\/uploads\/2018\/10\/shutterstock_1805691229-1024x683.jpg 1024w, https:\/\/www.dravivianloureiro.com.br\/blog\/wp-content\/uploads\/2018\/10\/shutterstock_1805691229-768x512.jpg 768w, https:\/\/www.dravivianloureiro.com.br\/blog\/wp-content\/uploads\/2018\/10\/shutterstock_1805691229-1536x1024.jpg 1536w, https:\/\/www.dravivianloureiro.com.br\/blog\/wp-content\/uploads\/2018\/10\/shutterstock_1805691229-2048x1365.jpg 2048w\" sizes=\"(max-width: 370px) 100vw, 370px\" \/> cirurgias para resolver o problema, o que acabou alterando a cor de sua pele, do negro para o branco. Isso criou uma rede de coment\u00e1rios negativos sobre a quest\u00e3o, mas aqui vamos explicar corretamente.<\/p>\n<h2><span style=\"font-weight: 400;\">O que \u00e9 o Vitiligo?\u00a0<\/span><\/h2>\n<p>O Vitiligo \u00e9 a perda de colora\u00e7\u00e3o da pele, uma doen\u00e7a cut\u00e2nea que faz surgir manchas sobre ela. As les\u00f5es acontecem por causa da diminui\u00e7\u00e3o ou aus\u00eancia de melan\u00f3citos, as c\u00e9lulas que s\u00e3o respons\u00e1veis pela forma\u00e7\u00e3o da melanina, o pigmento respons\u00e1vel pela cor da nossa pele.<\/p>\n<p>Geralmente, estas c\u00e9lulas sofrem a falta da produ\u00e7\u00e3o, podendo morrer ou deixar de funcionar com efici\u00eancia e naturalidade. As causas n\u00e3o est\u00e3o estabelecidas, mas o que pode estar associado ao isso s\u00e3o fen\u00f4menos autoimunes, traumas emocionais e altera\u00e7\u00f5es que podem desencadear ou agravar a doen\u00e7a.<\/p>\n<h2><span style=\"font-weight: 400;\">Vitiligo \u00e9 uma condi\u00e7\u00e3o contagiosa?<\/span><\/h2>\n<p>N\u00e3o \u00e9 contagiosa e o tamanho das manchas pode ser vari\u00e1vel, n\u00e3o trazendo preju\u00edzos para sa\u00fade f\u00edsica. Por causa do impacto das les\u00f5es na qualidade de vida e na autoestima do paciente, \u00e9 indicado o uso do acompanhamento psicol\u00f3gico ao paciente, para que n\u00e3o afete o seu dia a dia.<\/p>\n<h2><span style=\"font-weight: 400;\">O Vitiligo pode acometer quais tipos de pele?<\/span><\/h2>\n<p>O vitiligo pode acometer em qualquer tipo de pele e tem componentes gen\u00e9ticos, ficando mais evidente em pessoas com a pele mais negra. Mas isso n\u00e3o faz com que o paciente se descuide e simplesmente acredita que n\u00e3o acontecer\u00e1 contigo.<\/p>\n<p>A boa not\u00edcia \u00e9 que o vitiligo, quando detectado com anteced\u00eancia, tem tratamento que pode ajudar a minimizar os efeitos. <span style=\"text-decoration: underline;\"><strong><a href=\"https:\/\/www.dravivianloureiro.com.br\/tratamento-para-vitiligo.php\">Conhe\u00e7a os tratamentos dispon\u00edveis para o Vitiligo<\/a><\/strong><\/span>.<\/p>\n<h2><span style=\"font-weight: 400;\">Vitiligo tem tratamento?<\/span><\/h2>\n<p>Os tratamentos existentes para vitiligo s\u00e3o o uso de medicamentos que induzem a repigmenta\u00e7\u00e3o das regi\u00f5es afetadas. Pode-se usar tamb\u00e9m o laser, t\u00e9cnicas cir\u00fargicas e transplante de melan\u00f3citos.<\/p>\n<p>Individualizado, os resultados podem variar de um paciente para outro. O tratamento deve ser sempre acompanhado pelo m\u00e9dico e n\u00e3o pode ser interrompido, porque alguns organismos respondem adequadamente, regredindo ou eliminando totalmente as manchas.<\/p>\n<p>Mas, antes de tudo, somente o m\u00e9dico pode determinar qual \u00e9 o melhor tratamento, realizando exames adequados que v\u00e3o definir qual a solu\u00e7\u00e3o para o seu caso.<br \/>\nA t\u00e9cnica cir\u00fargica mais utilizada \u00e9 a introdu\u00e7\u00e3o de c\u00e9lulas tronco que possam recuperar a propriedade natural de produ\u00e7\u00e3o da melanina no paciente, mas que dependem da avalia\u00e7\u00e3o de sa\u00fade do paciente. O mesmo procedimento deve ser feito no transplante de melan\u00f3citos, as c\u00e9lulas espec\u00edficas que produzem a pigmenta\u00e7\u00e3o.<\/p>\n<p>Ap\u00f3s saber que o Vitiligo tem tratamento, n\u00e3o deixe que sua autoestima caia. Tenha-o como uma mudan\u00e7a da sua pele e que n\u00e3o atrapalhe o seu dia a dia. Conte com a Dr, Vivian Loureiro para cuidar do Vitiligo para voc\u00ea. <span style=\"text-decoration: underline;\"><strong><a href=\"https:\/\/www.dravivianloureiro.com.br\/contato.php\" target=\"_blank\" rel=\"noopener\">Agende j\u00e1<\/a><\/strong><\/span>!<\/p>\n","protected":false},"excerpt":{"rendered":"<p><small> 2 minutos<\/small> Uma doen\u00e7a at\u00e9 ent\u00e3o renegada ganhou muito destaque quando o rei do pop Michael Jackson revelou que possu\u00eda vitiligo e que fez uma diversidade de cirurgias para resolver o problema, o que acabou alterando a cor de sua pele, do negro para o branco. Isso criou uma rede de coment\u00e1rios negativos sobre a quest\u00e3o, mas aqui vamos explicar corretamente. O que \u00e9 o Vitiligo?\u00a0 O Vitiligo \u00e9 a perda de colora\u00e7\u00e3o da pele, uma doen\u00e7a cut\u00e2nea que faz surgir manchas sobre ela. <a href=\"https:\/\/www.dravivianloureiro.com.br\/blog\/o-que-e-vitiligo-e-como-trata-lo\/\" class=\"more-link\"><span>Continue lendo<\/span>\u2192<\/a><\/p>\n","protected":false},"author":1,"featured_media":214,"comment_status":"open","ping_status":"open","sticky":false,"template":"","format":"standard","meta":[],"categories":[3],"tags":[105,106,103,102,104,107,101],"yoast_head":"<!-- This site is optimized with the Yoast SEO plugin v20.6 - https:\/\/yoast.com\/wordpress\/plugins\/seo\/ -->\n<title>Como tratar Vitiligo? Dermatologista Especialista em Vitiligo Responde<\/title>\n<meta name=\"description\" content=\"Como Tratar o Vitiligo? Saiba Mais Sobre o Vitiligo com a Dermatologista Especialista em Vitiligo em S\u00e3o Paulo, Dra. Vivian Loureiro.\" \/>\n<meta name=\"robots\" content=\"index, follow, max-snippet:-1, max-image-preview:large, max-video-preview:-1\" \/>\n<link rel=\"canonical\" href=\"https:\/\/www.dravivianloureiro.com.br\/blog\/o-que-e-vitiligo-e-como-trata-lo\/\" \/>\n<meta property=\"og:locale\" content=\"pt_BR\" \/>\n<meta property=\"og:type\" content=\"article\" \/>\n<meta property=\"og:title\" content=\"Como tratar Vitiligo? Dermatologista Especialista em Vitiligo Responde\" \/>\n<meta property=\"og:description\" content=\"Como Tratar o Vitiligo? Saiba Mais Sobre o Vitiligo com a Dermatologista Especialista em Vitiligo em S\u00e3o Paulo, Dra. Vivian Loureiro.\" \/>\n<meta property=\"og:url\" content=\"https:\/\/www.dravivianloureiro.com.br\/blog\/o-que-e-vitiligo-e-como-trata-lo\/\" \/>\n<meta property=\"og:site_name\" content=\"Dra. Vivian Loureiro\" \/>\n<meta property=\"article:publisher\" content=\"https:\/\/pt-br.facebook.com\/vivianloureirodermatologia\/\" \/>\n<meta property=\"article:author\" content=\"https:\/\/pt-br.facebook.com\/vivianloureirodermatologia\/\" \/>\n<meta property=\"article:published_time\" content=\"2018-10-03T11:48:44+00:00\" \/>\n<meta property=\"article:modified_time\" content=\"2021-02-12T01:01:51+00:00\" \/>\n<meta property=\"og:image\" content=\"https:\/\/www.dravivianloureiro.com.br\/blog\/wp-content\/uploads\/2018\/10\/especialista-em-vitiligo-em-sao-paulo-vivian-loureiro-dermatologista.jpg\" \/>\n\t<meta property=\"og:image:width\" content=\"1200\" \/>\n\t<meta property=\"og:image:height\" content=\"750\" \/>\n\t<meta property=\"og:image:type\" content=\"image\/jpeg\" \/>\n<meta name=\"author\" content=\"Vivian Loureiro\" \/>\n<meta name=\"twitter:card\" content=\"summary_large_image\" \/>\n<meta name=\"twitter:label1\" content=\"Escrito por\" \/>\n\t<meta name=\"twitter:data1\" content=\"Vivian Loureiro\" \/>\n\t<meta name=\"twitter:label2\" content=\"Est. tempo de leitura\" \/>\n\t<meta name=\"twitter:data2\" content=\"3 minutos\" \/>\n<script type=\"application\/ld+json\" class=\"yoast-schema-graph\">{\"@context\":\"https:\/\/schema.org\",\"@graph\":[{\"@type\":\"Article\",\"@id\":\"https:\/\/www.dravivianloureiro.com.br\/blog\/o-que-e-vitiligo-e-como-trata-lo\/#article\",\"isPartOf\":{\"@id\":\"https:\/\/www.dravivianloureiro.com.br\/blog\/o-que-e-vitiligo-e-como-trata-lo\/\"},\"author\":{\"name\":\"Vivian Loureiro\",\"@id\":\"https:\/\/www.dravivianloureiro.com.br\/blog\/#\/schema\/person\/f6272c0e48dae4364ef626c598c5cb84\"},\"headline\":\"O que \u00e9 vitiligo e como trat\u00e1-lo\",\"datePublished\":\"2018-10-03T11:48:44+00:00\",\"dateModified\":\"2021-02-12T01:01:51+00:00\",\"mainEntityOfPage\":{\"@id\":\"https:\/\/www.dravivianloureiro.com.br\/blog\/o-que-e-vitiligo-e-como-trata-lo\/\"},\"wordCount\":538,\"commentCount\":0,\"publisher\":{\"@id\":\"https:\/\/www.dravivianloureiro.com.br\/blog\/#organization\"},\"keywords\":[\"dermatologista vitiligo\",\"especialista em vitiligo em sp\",\"o que \u00e9 vitiligo\",\"tratamento vitiligo\",\"tratamento vitiligo em s\u00e3o paulo\",\"tratar vitiligo\",\"vitiligo\"],\"articleSection\":[\"Pele\"],\"inLanguage\":\"pt-BR\",\"potentialAction\":[{\"@type\":\"CommentAction\",\"name\":\"Comment\",\"target\":[\"https:\/\/www.dravivianloureiro.com.br\/blog\/o-que-e-vitiligo-e-como-trata-lo\/#respond\"]}]},{\"@type\":\"WebPage\",\"@id\":\"https:\/\/www.dravivianloureiro.com.br\/blog\/o-que-e-vitiligo-e-como-trata-lo\/\",\"url\":\"https:\/\/www.dravivianloureiro.com.br\/blog\/o-que-e-vitiligo-e-como-trata-lo\/\",\"name\":\"Como tratar Vitiligo? Dermatologista Especialista em Vitiligo Responde\",\"isPartOf\":{\"@id\":\"https:\/\/www.dravivianloureiro.com.br\/blog\/#website\"},\"datePublished\":\"2018-10-03T11:48:44+00:00\",\"dateModified\":\"2021-02-12T01:01:51+00:00\",\"description\":\"Como Tratar o Vitiligo? Saiba Mais Sobre o Vitiligo com a Dermatologista Especialista em Vitiligo em S\u00e3o Paulo, Dra. Vivian Loureiro.\",\"breadcrumb\":{\"@id\":\"https:\/\/www.dravivianloureiro.com.br\/blog\/o-que-e-vitiligo-e-como-trata-lo\/#breadcrumb\"},\"inLanguage\":\"pt-BR\",\"potentialAction\":[{\"@type\":\"ReadAction\",\"target\":[\"https:\/\/www.dravivianloureiro.com.br\/blog\/o-que-e-vitiligo-e-como-trata-lo\/\"]}]},{\"@type\":\"BreadcrumbList\",\"@id\":\"https:\/\/www.dravivianloureiro.com.br\/blog\/o-que-e-vitiligo-e-como-trata-lo\/#breadcrumb\",\"itemListElement\":[{\"@type\":\"ListItem\",\"position\":1,\"name\":\"In\u00edcio\",\"item\":\"https:\/\/www.dravivianloureiro.com.br\/blog\/\"},{\"@type\":\"ListItem\",\"position\":2,\"name\":\"O que \u00e9 vitiligo e como trat\u00e1-lo\"}]},{\"@type\":\"WebSite\",\"@id\":\"https:\/\/www.dravivianloureiro.com.br\/blog\/#website\",\"url\":\"https:\/\/www.dravivianloureiro.com.br\/blog\/\",\"name\":\"Dermatologista Vivian Loureiro\",\"description\":\"\",\"publisher\":{\"@id\":\"https:\/\/www.dravivianloureiro.com.br\/blog\/#organization\"},\"potentialAction\":[{\"@type\":\"SearchAction\",\"target\":{\"@type\":\"EntryPoint\",\"urlTemplate\":\"https:\/\/www.dravivianloureiro.com.br\/blog\/?s={search_term_string}\"},\"query-input\":\"required name=search_term_string\"}],\"inLanguage\":\"pt-BR\"},{\"@type\":\"Organization\",\"@id\":\"https:\/\/www.dravivianloureiro.com.br\/blog\/#organization\",\"name\":\"Dra. Vivian Loureiro - Dermatologista Em S\u00e3o Paulo\",\"url\":\"https:\/\/www.dravivianloureiro.com.br\/blog\/\",\"logo\":{\"@type\":\"ImageObject\",\"inLanguage\":\"pt-BR\",\"@id\":\"https:\/\/www.dravivianloureiro.com.br\/blog\/#\/schema\/logo\/image\/\",\"url\":\"https:\/\/www.dravivianloureiro.com.br\/blog\/wp-content\/uploads\/2018\/08\/favicon.jpg\",\"contentUrl\":\"https:\/\/www.dravivianloureiro.com.br\/blog\/wp-content\/uploads\/2018\/08\/favicon.jpg\",\"width\":112,\"height\":112,\"caption\":\"Dra. Vivian Loureiro - Dermatologista Em S\u00e3o Paulo\"},\"image\":{\"@id\":\"https:\/\/www.dravivianloureiro.com.br\/blog\/#\/schema\/logo\/image\/\"},\"sameAs\":[\"https:\/\/pt-br.facebook.com\/vivianloureirodermatologia\/\",\"https:\/\/www.instagram.com\/vivianloureirodermatologia\/\",\"https:\/\/www.linkedin.com\/in\/vivian-barzi-loureiro-a6412887\/\"]},{\"@type\":\"Person\",\"@id\":\"https:\/\/www.dravivianloureiro.com.br\/blog\/#\/schema\/person\/f6272c0e48dae4364ef626c598c5cb84\",\"name\":\"Vivian Loureiro\",\"image\":{\"@type\":\"ImageObject\",\"inLanguage\":\"pt-BR\",\"@id\":\"https:\/\/www.dravivianloureiro.com.br\/blog\/#\/schema\/person\/image\/\",\"url\":\"https:\/\/secure.gravatar.com\/avatar\/8ee2b0fae98657240c77e822ae139ad3?s=96&d=wp_user_avatar&r=g\",\"contentUrl\":\"https:\/\/secure.gravatar.com\/avatar\/8ee2b0fae98657240c77e822ae139ad3?s=96&d=wp_user_avatar&r=g\",\"caption\":\"Vivian Loureiro\"},\"description\":\"M\u00e9dica formada pela Universidade de S\u00e3o Paulo (USP). Realizou resid\u00eancia m\u00e9dica em Dermatologia e complementa\u00e7\u00e3o em Cosmiatria e Laser pelo departamento de Dermatologia do Hospital das Cl\u00ednicas da Faculdade de Medicina da Universidade de S\u00e3o Paulo (USP). Possui t\u00edtulo de especialista em Dermatologia. \u00c9 membro da Sociedade Brasileira de Dermatologia (SBD) e Sociedade Brasileira de Cirurgia Dermatol\u00f3gica (SBCD) e m\u00e9dica do grupo Fleury. Atua nas \u00e1reas de Dermatologia Cl\u00ednica, Cir\u00fargica, Pedi\u00e1trica e Est\u00e9tica. Frequenta e palestra nos principais cursos e congressos de dermatologia, nacionais e internacionais, a fim de se manter em constante atualiza\u00e7\u00e3o.\",\"sameAs\":[\"https:\/\/www.dravivianloureiro.com.br\/\",\"https:\/\/pt-br.facebook.com\/vivianloureirodermatologia\/\",\"https:\/\/www.instagram.com\/vivianloureirodermatologia\/\",\"https:\/\/www.linkedin.com\/in\/vivian-barzi-loureiro-a6412887\/\"]}]}<\/script>\n<!-- \/ Yoast SEO plugin. -->","yoast_head_json":{"title":"Como tratar Vitiligo? Dermatologista Especialista em Vitiligo Responde","description":"Como Tratar o Vitiligo? Saiba Mais Sobre o Vitiligo com a Dermatologista Especialista em Vitiligo em S\u00e3o Paulo, Dra. Vivian Loureiro.","robots":{"index":"index","follow":"follow","max-snippet":"max-snippet:-1","max-image-preview":"max-image-preview:large","max-video-preview":"max-video-preview:-1"},"canonical":"https:\/\/www.dravivianloureiro.com.br\/blog\/o-que-e-vitiligo-e-como-trata-lo\/","og_locale":"pt_BR","og_type":"article","og_title":"Como tratar Vitiligo? Dermatologista Especialista em Vitiligo Responde","og_description":"Como Tratar o Vitiligo? Saiba Mais Sobre o Vitiligo com a Dermatologista Especialista em Vitiligo em S\u00e3o Paulo, Dra. Vivian Loureiro.","og_url":"https:\/\/www.dravivianloureiro.com.br\/blog\/o-que-e-vitiligo-e-como-trata-lo\/","og_site_name":"Dra. Vivian Loureiro","article_publisher":"https:\/\/pt-br.facebook.com\/vivianloureirodermatologia\/","article_author":"https:\/\/pt-br.facebook.com\/vivianloureirodermatologia\/","article_published_time":"2018-10-03T11:48:44+00:00","article_modified_time":"2021-02-12T01:01:51+00:00","og_image":[{"width":1200,"height":750,"url":"https:\/\/www.dravivianloureiro.com.br\/blog\/wp-content\/uploads\/2018\/10\/especialista-em-vitiligo-em-sao-paulo-vivian-loureiro-dermatologista.jpg","type":"image\/jpeg"}],"author":"Vivian Loureiro","twitter_card":"summary_large_image","twitter_misc":{"Escrito por":"Vivian Loureiro","Est. tempo de leitura":"3 minutos"},"schema":{"@context":"https:\/\/schema.org","@graph":[{"@type":"Article","@id":"https:\/\/www.dravivianloureiro.com.br\/blog\/o-que-e-vitiligo-e-como-trata-lo\/#article","isPartOf":{"@id":"https:\/\/www.dravivianloureiro.com.br\/blog\/o-que-e-vitiligo-e-como-trata-lo\/"},"author":{"name":"Vivian Loureiro","@id":"https:\/\/www.dravivianloureiro.com.br\/blog\/#\/schema\/person\/f6272c0e48dae4364ef626c598c5cb84"},"headline":"O que \u00e9 vitiligo e como trat\u00e1-lo","datePublished":"2018-10-03T11:48:44+00:00","dateModified":"2021-02-12T01:01:51+00:00","mainEntityOfPage":{"@id":"https:\/\/www.dravivianloureiro.com.br\/blog\/o-que-e-vitiligo-e-como-trata-lo\/"},"wordCount":538,"commentCount":0,"publisher":{"@id":"https:\/\/www.dravivianloureiro.com.br\/blog\/#organization"},"keywords":["dermatologista vitiligo","especialista em vitiligo em sp","o que \u00e9 vitiligo","tratamento vitiligo","tratamento vitiligo em s\u00e3o paulo","tratar vitiligo","vitiligo"],"articleSection":["Pele"],"inLanguage":"pt-BR","potentialAction":[{"@type":"CommentAction","name":"Comment","target":["https:\/\/www.dravivianloureiro.com.br\/blog\/o-que-e-vitiligo-e-como-trata-lo\/#respond"]}]},{"@type":"WebPage","@id":"https:\/\/www.dravivianloureiro.com.br\/blog\/o-que-e-vitiligo-e-como-trata-lo\/","url":"https:\/\/www.dravivianloureiro.com.br\/blog\/o-que-e-vitiligo-e-como-trata-lo\/","name":"Como tratar Vitiligo? Dermatologista Especialista em Vitiligo Responde","isPartOf":{"@id":"https:\/\/www.dravivianloureiro.com.br\/blog\/#website"},"datePublished":"2018-10-03T11:48:44+00:00","dateModified":"2021-02-12T01:01:51+00:00","description":"Como Tratar o Vitiligo? Saiba Mais Sobre o Vitiligo com a Dermatologista Especialista em Vitiligo em S\u00e3o Paulo, Dra. Vivian Loureiro.","breadcrumb":{"@id":"https:\/\/www.dravivianloureiro.com.br\/blog\/o-que-e-vitiligo-e-como-trata-lo\/#breadcrumb"},"inLanguage":"pt-BR","potentialAction":[{"@type":"ReadAction","target":["https:\/\/www.dravivianloureiro.com.br\/blog\/o-que-e-vitiligo-e-como-trata-lo\/"]}]},{"@type":"BreadcrumbList","@id":"https:\/\/www.dravivianloureiro.com.br\/blog\/o-que-e-vitiligo-e-como-trata-lo\/#breadcrumb","itemListElement":[{"@type":"ListItem","position":1,"name":"In\u00edcio","item":"https:\/\/www.dravivianloureiro.com.br\/blog\/"},{"@type":"ListItem","position":2,"name":"O que \u00e9 vitiligo e como trat\u00e1-lo"}]},{"@type":"WebSite","@id":"https:\/\/www.dravivianloureiro.com.br\/blog\/#website","url":"https:\/\/www.dravivianloureiro.com.br\/blog\/","name":"Dermatologista Vivian Loureiro","description":"","publisher":{"@id":"https:\/\/www.dravivianloureiro.com.br\/blog\/#organization"},"potentialAction":[{"@type":"SearchAction","target":{"@type":"EntryPoint","urlTemplate":"https:\/\/www.dravivianloureiro.com.br\/blog\/?s={search_term_string}"},"query-input":"required name=search_term_string"}],"inLanguage":"pt-BR"},{"@type":"Organization","@id":"https:\/\/www.dravivianloureiro.com.br\/blog\/#organization","name":"Dra. Vivian Loureiro - Dermatologista Em S\u00e3o Paulo","url":"https:\/\/www.dravivianloureiro.com.br\/blog\/","logo":{"@type":"ImageObject","inLanguage":"pt-BR","@id":"https:\/\/www.dravivianloureiro.com.br\/blog\/#\/schema\/logo\/image\/","url":"https:\/\/www.dravivianloureiro.com.br\/blog\/wp-content\/uploads\/2018\/08\/favicon.jpg","contentUrl":"https:\/\/www.dravivianloureiro.com.br\/blog\/wp-content\/uploads\/2018\/08\/favicon.jpg","width":112,"height":112,"caption":"Dra. Vivian Loureiro - Dermatologista Em S\u00e3o Paulo"},"image":{"@id":"https:\/\/www.dravivianloureiro.com.br\/blog\/#\/schema\/logo\/image\/"},"sameAs":["https:\/\/pt-br.facebook.com\/vivianloureirodermatologia\/","https:\/\/www.instagram.com\/vivianloureirodermatologia\/","https:\/\/www.linkedin.com\/in\/vivian-barzi-loureiro-a6412887\/"]},{"@type":"Person","@id":"https:\/\/www.dravivianloureiro.com.br\/blog\/#\/schema\/person\/f6272c0e48dae4364ef626c598c5cb84","name":"Vivian Loureiro","image":{"@type":"ImageObject","inLanguage":"pt-BR","@id":"https:\/\/www.dravivianloureiro.com.br\/blog\/#\/schema\/person\/image\/","url":"https:\/\/secure.gravatar.com\/avatar\/8ee2b0fae98657240c77e822ae139ad3?s=96&d=wp_user_avatar&r=g","contentUrl":"https:\/\/secure.gravatar.com\/avatar\/8ee2b0fae98657240c77e822ae139ad3?s=96&d=wp_user_avatar&r=g","caption":"Vivian Loureiro"},"description":"M\u00e9dica formada pela Universidade de S\u00e3o Paulo (USP). Realizou resid\u00eancia m\u00e9dica em Dermatologia e complementa\u00e7\u00e3o em Cosmiatria e Laser pelo departamento de Dermatologia do Hospital das Cl\u00ednicas da Faculdade de Medicina da Universidade de S\u00e3o Paulo (USP). Possui t\u00edtulo de especialista em Dermatologia. \u00c9 membro da Sociedade Brasileira de Dermatologia (SBD) e Sociedade Brasileira de Cirurgia Dermatol\u00f3gica (SBCD) e m\u00e9dica do grupo Fleury. Atua nas \u00e1reas de Dermatologia Cl\u00ednica, Cir\u00fargica, Pedi\u00e1trica e Est\u00e9tica. Frequenta e palestra nos principais cursos e congressos de dermatologia, nacionais e internacionais, a fim de se manter em constante atualiza\u00e7\u00e3o.","sameAs":["https:\/\/www.dravivianloureiro.com.br\/","https:\/\/pt-br.facebook.com\/vivianloureirodermatologia\/","https:\/\/www.instagram.com\/vivianloureirodermatologia\/","https:\/\/www.linkedin.com\/in\/vivian-barzi-loureiro-a6412887\/"]}]}},"amp_enabled":true,"_links":{"self":[{"href":"https:\/\/www.dravivianloureiro.com.br\/blog\/wp-json\/wp\/v2\/posts\/51"}],"collection":[{"href":"https:\/\/www.dravivianloureiro.com.br\/blog\/wp-json\/wp\/v2\/posts"}],"about":[{"href":"https:\/\/www.dravivianloureiro.com.br\/blog\/wp-json\/wp\/v2\/types\/post"}],"author":[{"embeddable":true,"href":"https:\/\/www.dravivianloureiro.com.br\/blog\/wp-json\/wp\/v2\/users\/1"}],"replies":[{"embeddable":true,"href":"https:\/\/www.dravivianloureiro.com.br\/blog\/wp-json\/wp\/v2\/comments?post=51"}],"version-history":[{"count":0,"href":"https:\/\/www.dravivianloureiro.com.br\/blog\/wp-json\/wp\/v2\/posts\/51\/revisions"}],"wp:featuredmedia":[{"embeddable":true,"href":"https:\/\/www.dravivianloureiro.com.br\/blog\/wp-json\/wp\/v2\/media\/214"}],"wp:attachment":[{"href":"https:\/\/www.dravivianloureiro.com.br\/blog\/wp-json\/wp\/v2\/media?parent=51"}],"wp:term":[{"taxonomy":"category","embeddable":true,"href":"https:\/\/www.dravivianloureiro.com.br\/blog\/wp-json\/wp\/v2\/categories?post=51"},{"taxonomy":"post_tag","embeddable":true,"href":"https:\/\/www.dravivianloureiro.com.br\/blog\/wp-json\/wp\/v2\/tags?post=51"}],"curies":[{"name":"wp","href":"https:\/\/api.w.org\/{rel}","templated":true}]}}