{"id":4649,"date":"2022-06-21T01:00:00","date_gmt":"2022-06-21T04:00:00","guid":{"rendered":"https:\/\/www.dravivianloureiro.com.br\/blog\/?p=4649"},"modified":"2022-07-21T01:23:29","modified_gmt":"2022-07-21T04:23:29","slug":"bichectomia-verdades-sobre-o-procedimento-dra-vivian-loureiro","status":"publish","type":"post","link":"https:\/\/www.dravivianloureiro.com.br\/blog\/bichectomia-verdades-sobre-o-procedimento-dra-vivian-loureiro\/","title":{"rendered":"Bichectomia &#8211; Verdades sobre o Procedimento"},"content":{"rendered":"<p class=\"estimated-read-time\">Tempo de leitura:<small> 1 minuto<\/small><\/p> \n<p>Vamos falar a verdade sobre a Bichectomia?<\/p>\n\n\n\n<p>Se voc\u00ea tem um rosto redondo e j\u00e1 pensou em fazer a bichectomia, preste aten\u00e7\u00e3o aqui antes. Embora seja um procedimento bastante conhecido e infelizmente bastante banalizado, isso n\u00e3o significa que \u00e9 sempre a melhor op\u00e7\u00e3o.<\/p>\n\n\n\n<h2>O que \u00e9 a Bichectomia?<\/h2>\n\n\n\n<p>A Bichectomia \u00e9 uma cirurgia que retira a bola de bichat, uma bolsa de gordura que todos n\u00f3s temos na regi\u00e3o da bochecha e, com essa remo\u00e7\u00e3o, a gente consegue afinar o rosto.&nbsp;<\/p>\n\n\n\n<p>Por\u00e9m, essa cirurgia banalizou e de repente, principalmente profissionais n\u00e3o m\u00e9dicos, come\u00e7aram a indicar a bichectomia para qualquer pessoa e isso me preocupa muito por duas raz\u00f5es:<\/p>\n\n\n\n<p>Primeiro motivo: \u00e9 um procedimento que n\u00e3o \u00e9 t\u00e3o simples assim. Por essa regi\u00e3o passam estruturas faciais muito importantes como nervos e art\u00e9rias, ent\u00e3o \u00e9 um procedimento que sim, pode ter complica\u00e7\u00f5es severas.<\/p>\n\n\n\n<p>Segundo motivo: tirar esse coxim de gordura pode ter um impacto negativo no envelhecimento a longo prazo.<\/p>\n\n\n\n<p><strong>Isso quer dizer o qu\u00ea?&nbsp;<\/strong><\/p>\n\n\n\n<p>A curto prazo, o resultado da Bichectomia pode ser interessante, por\u00e9m, conforme os anos v\u00e3o passando, a gente pode observar uma flacidez mais precoce e mais intensa nessa regi\u00e3o. isso porque s\u00e3o exatamente esses coxins de gordura que sustentam essa regi\u00e3o e quando os removemos, consequentemente a pele vai perder sustenta\u00e7\u00e3o.&nbsp;<\/p>\n\n\n\n<h2>Eu Indico esse Procedimento?<\/h2>\n\n\n\n<p>Existem sim indica\u00e7\u00f5es precisas que podem sim ter benef\u00edcios com esse procedimento, mas definitivamente n\u00e3o s\u00e3o todos os pacientes que podem fazer.&nbsp;<\/p>\n\n\n\n<p>Eu particularmente n\u00e3o indico e acho que existem outras maneiras mais interessantes de melhorar o contorno do rosto.&nbsp;<\/p>\n\n\n\n<p>A bichectomia n\u00e3o deve ser feita de forma indiscriminada, ainda que seja um procedimento relativamente simples. Quando o paciente emagrece muito, o rosto fica muito &#8220;chupado&#8221; e muitas vezes fl\u00e1cido. Ent\u00e3o, com a Bichectomia, o envelhecimento pode ser menos favor\u00e1vel. O ideal \u00e9 passar com um profissional cirurgi\u00e3o pl\u00e1stico de confian\u00e7a ou, para procedimentos menos invasivos, com um dermatologista preferencialmente registrado na<a href=\"https:\/\/www.sbd.org.br\/\"> Sociedade Brasileira de Dermatologia.<\/a><\/p>\n","protected":false},"excerpt":{"rendered":"<p><small> 1 minuto<\/small> Vamos falar a verdade sobre a Bichectomia? Se voc\u00ea tem um rosto redondo e j\u00e1 pensou em fazer a bichectomia, preste aten\u00e7\u00e3o aqui antes. Embora seja um procedimento bastante conhecido e infelizmente bastante banalizado, isso n\u00e3o significa que \u00e9 sempre a melhor op\u00e7\u00e3o. O que \u00e9 a Bichectomia? A Bichectomia \u00e9 uma cirurgia que retira a bola de bichat, uma bolsa de gordura que todos n\u00f3s temos na regi\u00e3o da bochecha e, com essa remo\u00e7\u00e3o, a gente consegue afinar o rosto.&nbsp; Por\u00e9m, <a href=\"https:\/\/www.dravivianloureiro.com.br\/blog\/bichectomia-verdades-sobre-o-procedimento-dra-vivian-loureiro\/\" class=\"more-link\"><span>Continue lendo<\/span>\u2192<\/a><\/p>\n","protected":false},"author":1,"featured_media":4655,"comment_status":"open","ping_status":"closed","sticky":false,"template":"","format":"standard","meta":[],"categories":[1],"tags":[316,728,122,175,154,116,731,729,463,730,396,310,167,314],"yoast_head":"<!-- This site is optimized with the Yoast SEO plugin v20.6 - https:\/\/yoast.com\/wordpress\/plugins\/seo\/ -->\n<title>Bichectomia - Verdades sobre o Procedimento - Dra. Vivian Loureiro<\/title>\n<meta name=\"description\" content=\"Dra. Vivian Loureiro \u00e9 Dermatologista em S\u00e3o Paulo e Fala sua Opini\u00e3o sobre a Bichectomia. Contato: (11) 3071-1033\" \/>\n<meta name=\"robots\" content=\"index, follow, max-snippet:-1, max-image-preview:large, max-video-preview:-1\" \/>\n<link rel=\"canonical\" href=\"https:\/\/www.dravivianloureiro.com.br\/blog\/bichectomia-verdades-sobre-o-procedimento-dra-vivian-loureiro\/\" \/>\n<meta property=\"og:locale\" content=\"pt_BR\" \/>\n<meta property=\"og:type\" content=\"article\" \/>\n<meta property=\"og:title\" content=\"Bichectomia - Verdades sobre o Procedimento - Dra. Vivian Loureiro\" \/>\n<meta property=\"og:description\" content=\"Dra. Vivian Loureiro \u00e9 Dermatologista em S\u00e3o Paulo e Fala sua Opini\u00e3o sobre a Bichectomia. Contato: (11) 3071-1033\" \/>\n<meta property=\"og:url\" content=\"https:\/\/www.dravivianloureiro.com.br\/blog\/bichectomia-verdades-sobre-o-procedimento-dra-vivian-loureiro\/\" \/>\n<meta property=\"og:site_name\" content=\"Dra. Vivian Loureiro\" \/>\n<meta property=\"article:publisher\" content=\"https:\/\/pt-br.facebook.com\/vivianloureirodermatologia\/\" \/>\n<meta property=\"article:author\" content=\"https:\/\/pt-br.facebook.com\/vivianloureirodermatologia\/\" \/>\n<meta property=\"article:published_time\" content=\"2022-06-21T04:00:00+00:00\" \/>\n<meta property=\"article:modified_time\" content=\"2022-07-21T04:23:29+00:00\" \/>\n<meta property=\"og:image\" content=\"https:\/\/www.dravivianloureiro.com.br\/blog\/wp-content\/uploads\/2022\/06\/bichectomia-verdades-sobre-o-procedimento-dra-vivian-loureiro.jpg\" \/>\n\t<meta property=\"og:image:width\" content=\"1200\" \/>\n\t<meta property=\"og:image:height\" content=\"750\" \/>\n\t<meta property=\"og:image:type\" content=\"image\/jpeg\" \/>\n<meta name=\"author\" content=\"Vivian Loureiro\" \/>\n<meta name=\"twitter:card\" content=\"summary_large_image\" \/>\n<meta name=\"twitter:label1\" content=\"Escrito por\" \/>\n\t<meta name=\"twitter:data1\" content=\"Vivian Loureiro\" \/>\n\t<meta name=\"twitter:label2\" content=\"Est. tempo de leitura\" \/>\n\t<meta name=\"twitter:data2\" content=\"2 minutos\" \/>\n<script type=\"application\/ld+json\" class=\"yoast-schema-graph\">{\"@context\":\"https:\/\/schema.org\",\"@graph\":[{\"@type\":\"Article\",\"@id\":\"https:\/\/www.dravivianloureiro.com.br\/blog\/bichectomia-verdades-sobre-o-procedimento-dra-vivian-loureiro\/#article\",\"isPartOf\":{\"@id\":\"https:\/\/www.dravivianloureiro.com.br\/blog\/bichectomia-verdades-sobre-o-procedimento-dra-vivian-loureiro\/\"},\"author\":{\"name\":\"Vivian Loureiro\",\"@id\":\"https:\/\/www.dravivianloureiro.com.br\/blog\/#\/schema\/person\/f6272c0e48dae4364ef626c598c5cb84\"},\"headline\":\"Bichectomia &#8211; Verdades sobre o Procedimento\",\"datePublished\":\"2022-06-21T04:00:00+00:00\",\"dateModified\":\"2022-07-21T04:23:29+00:00\",\"mainEntityOfPage\":{\"@id\":\"https:\/\/www.dravivianloureiro.com.br\/blog\/bichectomia-verdades-sobre-o-procedimento-dra-vivian-loureiro\/\"},\"wordCount\":363,\"commentCount\":0,\"publisher\":{\"@id\":\"https:\/\/www.dravivianloureiro.com.br\/blog\/#organization\"},\"keywords\":[\"autoestima\",\"bichectomia\",\"cuidados com a pele\",\"dermatologia\",\"dermatologista itaim\",\"dra vivian loureiro\",\"indica\u00e7ao bichectomia\",\"indica\u00e7\u00f5es da bichectomia\",\"pele\",\"pos bichectomia\",\"rejuvenescimento\",\"saude\",\"vivian loureiro\",\"vivian loureiro dermatologia\"],\"inLanguage\":\"pt-BR\",\"potentialAction\":[{\"@type\":\"CommentAction\",\"name\":\"Comment\",\"target\":[\"https:\/\/www.dravivianloureiro.com.br\/blog\/bichectomia-verdades-sobre-o-procedimento-dra-vivian-loureiro\/#respond\"]}]},{\"@type\":\"WebPage\",\"@id\":\"https:\/\/www.dravivianloureiro.com.br\/blog\/bichectomia-verdades-sobre-o-procedimento-dra-vivian-loureiro\/\",\"url\":\"https:\/\/www.dravivianloureiro.com.br\/blog\/bichectomia-verdades-sobre-o-procedimento-dra-vivian-loureiro\/\",\"name\":\"Bichectomia - Verdades sobre o Procedimento - Dra. Vivian Loureiro\",\"isPartOf\":{\"@id\":\"https:\/\/www.dravivianloureiro.com.br\/blog\/#website\"},\"datePublished\":\"2022-06-21T04:00:00+00:00\",\"dateModified\":\"2022-07-21T04:23:29+00:00\",\"description\":\"Dra. Vivian Loureiro \u00e9 Dermatologista em S\u00e3o Paulo e Fala sua Opini\u00e3o sobre a Bichectomia. Contato: (11) 3071-1033\",\"breadcrumb\":{\"@id\":\"https:\/\/www.dravivianloureiro.com.br\/blog\/bichectomia-verdades-sobre-o-procedimento-dra-vivian-loureiro\/#breadcrumb\"},\"inLanguage\":\"pt-BR\",\"potentialAction\":[{\"@type\":\"ReadAction\",\"target\":[\"https:\/\/www.dravivianloureiro.com.br\/blog\/bichectomia-verdades-sobre-o-procedimento-dra-vivian-loureiro\/\"]}]},{\"@type\":\"BreadcrumbList\",\"@id\":\"https:\/\/www.dravivianloureiro.com.br\/blog\/bichectomia-verdades-sobre-o-procedimento-dra-vivian-loureiro\/#breadcrumb\",\"itemListElement\":[{\"@type\":\"ListItem\",\"position\":1,\"name\":\"In\u00edcio\",\"item\":\"https:\/\/www.dravivianloureiro.com.br\/blog\/\"},{\"@type\":\"ListItem\",\"position\":2,\"name\":\"Bichectomia &#8211; Verdades sobre o Procedimento\"}]},{\"@type\":\"WebSite\",\"@id\":\"https:\/\/www.dravivianloureiro.com.br\/blog\/#website\",\"url\":\"https:\/\/www.dravivianloureiro.com.br\/blog\/\",\"name\":\"Dermatologista Vivian Loureiro\",\"description\":\"\",\"publisher\":{\"@id\":\"https:\/\/www.dravivianloureiro.com.br\/blog\/#organization\"},\"potentialAction\":[{\"@type\":\"SearchAction\",\"target\":{\"@type\":\"EntryPoint\",\"urlTemplate\":\"https:\/\/www.dravivianloureiro.com.br\/blog\/?s={search_term_string}\"},\"query-input\":\"required name=search_term_string\"}],\"inLanguage\":\"pt-BR\"},{\"@type\":\"Organization\",\"@id\":\"https:\/\/www.dravivianloureiro.com.br\/blog\/#organization\",\"name\":\"Dra. Vivian Loureiro - Dermatologista Em S\u00e3o Paulo\",\"url\":\"https:\/\/www.dravivianloureiro.com.br\/blog\/\",\"logo\":{\"@type\":\"ImageObject\",\"inLanguage\":\"pt-BR\",\"@id\":\"https:\/\/www.dravivianloureiro.com.br\/blog\/#\/schema\/logo\/image\/\",\"url\":\"https:\/\/www.dravivianloureiro.com.br\/blog\/wp-content\/uploads\/2018\/08\/favicon.jpg\",\"contentUrl\":\"https:\/\/www.dravivianloureiro.com.br\/blog\/wp-content\/uploads\/2018\/08\/favicon.jpg\",\"width\":112,\"height\":112,\"caption\":\"Dra. Vivian Loureiro - Dermatologista Em S\u00e3o Paulo\"},\"image\":{\"@id\":\"https:\/\/www.dravivianloureiro.com.br\/blog\/#\/schema\/logo\/image\/\"},\"sameAs\":[\"https:\/\/pt-br.facebook.com\/vivianloureirodermatologia\/\",\"https:\/\/www.instagram.com\/vivianloureirodermatologia\/\",\"https:\/\/www.linkedin.com\/in\/vivian-barzi-loureiro-a6412887\/\"]},{\"@type\":\"Person\",\"@id\":\"https:\/\/www.dravivianloureiro.com.br\/blog\/#\/schema\/person\/f6272c0e48dae4364ef626c598c5cb84\",\"name\":\"Vivian Loureiro\",\"image\":{\"@type\":\"ImageObject\",\"inLanguage\":\"pt-BR\",\"@id\":\"https:\/\/www.dravivianloureiro.com.br\/blog\/#\/schema\/person\/image\/\",\"url\":\"https:\/\/secure.gravatar.com\/avatar\/8ee2b0fae98657240c77e822ae139ad3?s=96&d=wp_user_avatar&r=g\",\"contentUrl\":\"https:\/\/secure.gravatar.com\/avatar\/8ee2b0fae98657240c77e822ae139ad3?s=96&d=wp_user_avatar&r=g\",\"caption\":\"Vivian Loureiro\"},\"description\":\"M\u00e9dica formada pela Universidade de S\u00e3o Paulo (USP). Realizou resid\u00eancia m\u00e9dica em Dermatologia e complementa\u00e7\u00e3o em Cosmiatria e Laser pelo departamento de Dermatologia do Hospital das Cl\u00ednicas da Faculdade de Medicina da Universidade de S\u00e3o Paulo (USP). Possui t\u00edtulo de especialista em Dermatologia. \u00c9 membro da Sociedade Brasileira de Dermatologia (SBD) e Sociedade Brasileira de Cirurgia Dermatol\u00f3gica (SBCD) e m\u00e9dica do grupo Fleury. Atua nas \u00e1reas de Dermatologia Cl\u00ednica, Cir\u00fargica, Pedi\u00e1trica e Est\u00e9tica. Frequenta e palestra nos principais cursos e congressos de dermatologia, nacionais e internacionais, a fim de se manter em constante atualiza\u00e7\u00e3o.\",\"sameAs\":[\"https:\/\/www.dravivianloureiro.com.br\/\",\"https:\/\/pt-br.facebook.com\/vivianloureirodermatologia\/\",\"https:\/\/www.instagram.com\/vivianloureirodermatologia\/\",\"https:\/\/www.linkedin.com\/in\/vivian-barzi-loureiro-a6412887\/\"]}]}<\/script>\n<!-- \/ Yoast SEO plugin. -->","yoast_head_json":{"title":"Bichectomia - Verdades sobre o Procedimento - Dra. Vivian Loureiro","description":"Dra. Vivian Loureiro \u00e9 Dermatologista em S\u00e3o Paulo e Fala sua Opini\u00e3o sobre a Bichectomia. Contato: (11) 3071-1033","robots":{"index":"index","follow":"follow","max-snippet":"max-snippet:-1","max-image-preview":"max-image-preview:large","max-video-preview":"max-video-preview:-1"},"canonical":"https:\/\/www.dravivianloureiro.com.br\/blog\/bichectomia-verdades-sobre-o-procedimento-dra-vivian-loureiro\/","og_locale":"pt_BR","og_type":"article","og_title":"Bichectomia - Verdades sobre o Procedimento - Dra. Vivian Loureiro","og_description":"Dra. Vivian Loureiro \u00e9 Dermatologista em S\u00e3o Paulo e Fala sua Opini\u00e3o sobre a Bichectomia. Contato: (11) 3071-1033","og_url":"https:\/\/www.dravivianloureiro.com.br\/blog\/bichectomia-verdades-sobre-o-procedimento-dra-vivian-loureiro\/","og_site_name":"Dra. Vivian Loureiro","article_publisher":"https:\/\/pt-br.facebook.com\/vivianloureirodermatologia\/","article_author":"https:\/\/pt-br.facebook.com\/vivianloureirodermatologia\/","article_published_time":"2022-06-21T04:00:00+00:00","article_modified_time":"2022-07-21T04:23:29+00:00","og_image":[{"width":1200,"height":750,"url":"https:\/\/www.dravivianloureiro.com.br\/blog\/wp-content\/uploads\/2022\/06\/bichectomia-verdades-sobre-o-procedimento-dra-vivian-loureiro.jpg","type":"image\/jpeg"}],"author":"Vivian Loureiro","twitter_card":"summary_large_image","twitter_misc":{"Escrito por":"Vivian Loureiro","Est. tempo de leitura":"2 minutos"},"schema":{"@context":"https:\/\/schema.org","@graph":[{"@type":"Article","@id":"https:\/\/www.dravivianloureiro.com.br\/blog\/bichectomia-verdades-sobre-o-procedimento-dra-vivian-loureiro\/#article","isPartOf":{"@id":"https:\/\/www.dravivianloureiro.com.br\/blog\/bichectomia-verdades-sobre-o-procedimento-dra-vivian-loureiro\/"},"author":{"name":"Vivian Loureiro","@id":"https:\/\/www.dravivianloureiro.com.br\/blog\/#\/schema\/person\/f6272c0e48dae4364ef626c598c5cb84"},"headline":"Bichectomia &#8211; Verdades sobre o Procedimento","datePublished":"2022-06-21T04:00:00+00:00","dateModified":"2022-07-21T04:23:29+00:00","mainEntityOfPage":{"@id":"https:\/\/www.dravivianloureiro.com.br\/blog\/bichectomia-verdades-sobre-o-procedimento-dra-vivian-loureiro\/"},"wordCount":363,"commentCount":0,"publisher":{"@id":"https:\/\/www.dravivianloureiro.com.br\/blog\/#organization"},"keywords":["autoestima","bichectomia","cuidados com a pele","dermatologia","dermatologista itaim","dra vivian loureiro","indica\u00e7ao bichectomia","indica\u00e7\u00f5es da bichectomia","pele","pos bichectomia","rejuvenescimento","saude","vivian loureiro","vivian loureiro dermatologia"],"inLanguage":"pt-BR","potentialAction":[{"@type":"CommentAction","name":"Comment","target":["https:\/\/www.dravivianloureiro.com.br\/blog\/bichectomia-verdades-sobre-o-procedimento-dra-vivian-loureiro\/#respond"]}]},{"@type":"WebPage","@id":"https:\/\/www.dravivianloureiro.com.br\/blog\/bichectomia-verdades-sobre-o-procedimento-dra-vivian-loureiro\/","url":"https:\/\/www.dravivianloureiro.com.br\/blog\/bichectomia-verdades-sobre-o-procedimento-dra-vivian-loureiro\/","name":"Bichectomia - Verdades sobre o Procedimento - Dra. Vivian Loureiro","isPartOf":{"@id":"https:\/\/www.dravivianloureiro.com.br\/blog\/#website"},"datePublished":"2022-06-21T04:00:00+00:00","dateModified":"2022-07-21T04:23:29+00:00","description":"Dra. Vivian Loureiro \u00e9 Dermatologista em S\u00e3o Paulo e Fala sua Opini\u00e3o sobre a Bichectomia. Contato: (11) 3071-1033","breadcrumb":{"@id":"https:\/\/www.dravivianloureiro.com.br\/blog\/bichectomia-verdades-sobre-o-procedimento-dra-vivian-loureiro\/#breadcrumb"},"inLanguage":"pt-BR","potentialAction":[{"@type":"ReadAction","target":["https:\/\/www.dravivianloureiro.com.br\/blog\/bichectomia-verdades-sobre-o-procedimento-dra-vivian-loureiro\/"]}]},{"@type":"BreadcrumbList","@id":"https:\/\/www.dravivianloureiro.com.br\/blog\/bichectomia-verdades-sobre-o-procedimento-dra-vivian-loureiro\/#breadcrumb","itemListElement":[{"@type":"ListItem","position":1,"name":"In\u00edcio","item":"https:\/\/www.dravivianloureiro.com.br\/blog\/"},{"@type":"ListItem","position":2,"name":"Bichectomia &#8211; Verdades sobre o Procedimento"}]},{"@type":"WebSite","@id":"https:\/\/www.dravivianloureiro.com.br\/blog\/#website","url":"https:\/\/www.dravivianloureiro.com.br\/blog\/","name":"Dermatologista Vivian Loureiro","description":"","publisher":{"@id":"https:\/\/www.dravivianloureiro.com.br\/blog\/#organization"},"potentialAction":[{"@type":"SearchAction","target":{"@type":"EntryPoint","urlTemplate":"https:\/\/www.dravivianloureiro.com.br\/blog\/?s={search_term_string}"},"query-input":"required name=search_term_string"}],"inLanguage":"pt-BR"},{"@type":"Organization","@id":"https:\/\/www.dravivianloureiro.com.br\/blog\/#organization","name":"Dra. Vivian Loureiro - Dermatologista Em S\u00e3o Paulo","url":"https:\/\/www.dravivianloureiro.com.br\/blog\/","logo":{"@type":"ImageObject","inLanguage":"pt-BR","@id":"https:\/\/www.dravivianloureiro.com.br\/blog\/#\/schema\/logo\/image\/","url":"https:\/\/www.dravivianloureiro.com.br\/blog\/wp-content\/uploads\/2018\/08\/favicon.jpg","contentUrl":"https:\/\/www.dravivianloureiro.com.br\/blog\/wp-content\/uploads\/2018\/08\/favicon.jpg","width":112,"height":112,"caption":"Dra. Vivian Loureiro - Dermatologista Em S\u00e3o Paulo"},"image":{"@id":"https:\/\/www.dravivianloureiro.com.br\/blog\/#\/schema\/logo\/image\/"},"sameAs":["https:\/\/pt-br.facebook.com\/vivianloureirodermatologia\/","https:\/\/www.instagram.com\/vivianloureirodermatologia\/","https:\/\/www.linkedin.com\/in\/vivian-barzi-loureiro-a6412887\/"]},{"@type":"Person","@id":"https:\/\/www.dravivianloureiro.com.br\/blog\/#\/schema\/person\/f6272c0e48dae4364ef626c598c5cb84","name":"Vivian Loureiro","image":{"@type":"ImageObject","inLanguage":"pt-BR","@id":"https:\/\/www.dravivianloureiro.com.br\/blog\/#\/schema\/person\/image\/","url":"https:\/\/secure.gravatar.com\/avatar\/8ee2b0fae98657240c77e822ae139ad3?s=96&d=wp_user_avatar&r=g","contentUrl":"https:\/\/secure.gravatar.com\/avatar\/8ee2b0fae98657240c77e822ae139ad3?s=96&d=wp_user_avatar&r=g","caption":"Vivian Loureiro"},"description":"M\u00e9dica formada pela Universidade de S\u00e3o Paulo (USP). Realizou resid\u00eancia m\u00e9dica em Dermatologia e complementa\u00e7\u00e3o em Cosmiatria e Laser pelo departamento de Dermatologia do Hospital das Cl\u00ednicas da Faculdade de Medicina da Universidade de S\u00e3o Paulo (USP). Possui t\u00edtulo de especialista em Dermatologia. \u00c9 membro da Sociedade Brasileira de Dermatologia (SBD) e Sociedade Brasileira de Cirurgia Dermatol\u00f3gica (SBCD) e m\u00e9dica do grupo Fleury. Atua nas \u00e1reas de Dermatologia Cl\u00ednica, Cir\u00fargica, Pedi\u00e1trica e Est\u00e9tica. Frequenta e palestra nos principais cursos e congressos de dermatologia, nacionais e internacionais, a fim de se manter em constante atualiza\u00e7\u00e3o.","sameAs":["https:\/\/www.dravivianloureiro.com.br\/","https:\/\/pt-br.facebook.com\/vivianloureirodermatologia\/","https:\/\/www.instagram.com\/vivianloureirodermatologia\/","https:\/\/www.linkedin.com\/in\/vivian-barzi-loureiro-a6412887\/"]}]}},"amp_enabled":true,"_links":{"self":[{"href":"https:\/\/www.dravivianloureiro.com.br\/blog\/wp-json\/wp\/v2\/posts\/4649"}],"collection":[{"href":"https:\/\/www.dravivianloureiro.com.br\/blog\/wp-json\/wp\/v2\/posts"}],"about":[{"href":"https:\/\/www.dravivianloureiro.com.br\/blog\/wp-json\/wp\/v2\/types\/post"}],"author":[{"embeddable":true,"href":"https:\/\/www.dravivianloureiro.com.br\/blog\/wp-json\/wp\/v2\/users\/1"}],"replies":[{"embeddable":true,"href":"https:\/\/www.dravivianloureiro.com.br\/blog\/wp-json\/wp\/v2\/comments?post=4649"}],"version-history":[{"count":2,"href":"https:\/\/www.dravivianloureiro.com.br\/blog\/wp-json\/wp\/v2\/posts\/4649\/revisions"}],"predecessor-version":[{"id":4656,"href":"https:\/\/www.dravivianloureiro.com.br\/blog\/wp-json\/wp\/v2\/posts\/4649\/revisions\/4656"}],"wp:featuredmedia":[{"embeddable":true,"href":"https:\/\/www.dravivianloureiro.com.br\/blog\/wp-json\/wp\/v2\/media\/4655"}],"wp:attachment":[{"href":"https:\/\/www.dravivianloureiro.com.br\/blog\/wp-json\/wp\/v2\/media?parent=4649"}],"wp:term":[{"taxonomy":"category","embeddable":true,"href":"https:\/\/www.dravivianloureiro.com.br\/blog\/wp-json\/wp\/v2\/categories?post=4649"},{"taxonomy":"post_tag","embeddable":true,"href":"https:\/\/www.dravivianloureiro.com.br\/blog\/wp-json\/wp\/v2\/tags?post=4649"}],"curies":[{"name":"wp","href":"https:\/\/api.w.org\/{rel}","templated":true}]}}