{"id":4643,"date":"2022-04-21T00:05:00","date_gmt":"2022-04-21T03:05:00","guid":{"rendered":"https:\/\/www.dravivianloureiro.com.br\/blog\/?p=4643"},"modified":"2022-07-21T00:43:56","modified_gmt":"2022-07-21T03:43:56","slug":"preenchimento-definitivo-por-que-nao-recomendamos-dra-vivian-loureiro","status":"publish","type":"post","link":"https:\/\/www.dravivianloureiro.com.br\/blog\/preenchimento-definitivo-por-que-nao-recomendamos-dra-vivian-loureiro\/","title":{"rendered":"Preenchimento Definitivo &#8211; Por que n\u00e3o Recomendamos?"},"content":{"rendered":"<p class=\"estimated-read-time\">Tempo de leitura:<small> 1 minuto<\/small><\/p> \n<p>Por que n\u00e3o indicamos preenchimento definitivo?<\/p>\n\n\n\n<p>Voc\u00ea j\u00e1 deve ter ouvido falar sobre o PMMA (polimetilmetacrilato), uma subst\u00e2ncia pl\u00e1stica aplicada no preenchimento definitivo dos l\u00e1bios. <\/p>\n\n\n\n<p>Tamb\u00e9m conhecido como Bioplastia, o procedimento tem como objetivo aumentar o volume labial de forma duradoura, mas a Sociedade Brasileira de Dermatologia n\u00e3o recomenda esse tipo de aplica\u00e7\u00e3o e j\u00e1 existiram ocorr\u00eancias graves por conta desse procedimento. <\/p>\n\n\n\n<p>Al\u00e9m dos l\u00e1bios, o PMMA tamb\u00e9m pode ser aplicado na regi\u00e3o d gl\u00fateo, por\u00e9m tamb\u00e9m n\u00e3o \u00e9 recomendado.<\/p>\n\n\n\n<h2>Por que o Preenchimento Definitivo n\u00e3o \u00e9 Indicado?<\/h2>\n\n\n\n<p>No geral, contra-indicamos fortemente o uso de qualquer subst\u00e2ncia definitiva por 2 motivos principais:<\/p>\n\n\n\n<p>1. Maior risco de complica\u00e7\u00f5es a curto e longo prazo. \u00c9 melhor optar por um procedimento tempor\u00e1iro, mas que n\u00e3o causar\u00e1 danos a sua sa\u00fade. <\/p>\n\n\n\n<p>2. Caso haja complica\u00e7\u00e3o ou o paciente n\u00e3o goste do resultado, o procedimento n\u00e3o \u00e9 revers\u00edvel, ao contr\u00e1rio de aplica\u00e7\u00f5es com o \u00c1cido Hialur\u00f4nico.<\/p>\n\n\n\n<p>Em rela\u00e7\u00e3o ao PMMA especificamente, a subst\u00e2ncia pode causar danos f\u00edsicos e psicol\u00f3gicos irrevers\u00edveis, desde inflama\u00e7\u00f5es e n\u00f3dulos, at\u00e9 necrose e em casos muito graves, \u00f3bito da v\u00edtima.<\/p>\n\n\n\n<h2>O Preenchimento Labial com \u00c1cido Hialur\u00f4nico \u00e9 Seguro?<\/h2>\n\n\n\n<p>Um dos grandes benef\u00edcios do preenchimento com <a href=\"https:\/\/www.dravivianloureiro.com.br\/blog\/tipos-de-acido-e-suas-principais-diferencas-vivian-loureiro\/\">\u00e1cido hialur\u00f4nico <\/a>\u00e9 justamente o fato dele ser revers\u00edvel caso o paciente fique descontente com o resultado. Al\u00e9m disso, temos a Hialuronidase, subst\u00e2ncia aplicada em casos de intercorr\u00eancias imprevistas.<\/p>\n\n\n\n<p>Portanto, sim, este tipo de preenchimento \u00e9 confi\u00e1vel e seguro e promove bons resultados na volumiza\u00e7\u00e3o e melhora do contorno labial.<\/p>\n\n\n\n<p>Por fim, muito cuidado ao fazer injet\u00e1veis. O l\u00e1bio \u00e9 uma regi\u00e3o delicada e demanda muita sutileza. O tratamento exagerado nesse ponto em espec\u00edfico gera um resultado exagerado e n\u00e3o natural.<\/p>\n\n\n\n<p>Al\u00e9m da natureza e da qualidade do produto utilizado, \u00e9 fundamental escolher um m\u00e9dico capacitado e experiente, preferencialmente registrado na<a href=\"https:\/\/www.sbd.org.br\/\"> Sociedade Brasileira de Dermatologia<\/a> e que opte por produtos de boa proced\u00eancia.<\/p>\n","protected":false},"excerpt":{"rendered":"<p><small> 1 minuto<\/small> Por que n\u00e3o indicamos preenchimento definitivo? Voc\u00ea j\u00e1 deve ter ouvido falar sobre o PMMA (polimetilmetacrilato), uma subst\u00e2ncia pl\u00e1stica aplicada no preenchimento definitivo dos l\u00e1bios. Tamb\u00e9m conhecido como Bioplastia, o procedimento tem como objetivo aumentar o volume labial de forma duradoura, mas a Sociedade Brasileira de Dermatologia n\u00e3o recomenda esse tipo de aplica\u00e7\u00e3o e j\u00e1 existiram ocorr\u00eancias graves por conta desse procedimento. Al\u00e9m dos l\u00e1bios, o PMMA tamb\u00e9m pode ser aplicado na regi\u00e3o d gl\u00fateo, por\u00e9m tamb\u00e9m n\u00e3o \u00e9 recomendado. Por que <a href=\"https:\/\/www.dravivianloureiro.com.br\/blog\/preenchimento-definitivo-por-que-nao-recomendamos-dra-vivian-loureiro\/\" class=\"more-link\"><span>Continue lendo<\/span>\u2192<\/a><\/p>\n","protected":false},"author":1,"featured_media":4644,"comment_status":"open","ping_status":"closed","sticky":false,"template":"","format":"standard","meta":[],"categories":[721],"tags":[613,316,122,175,154,116,463,724,725,726,722,136,396,310,167,314],"yoast_head":"<!-- This site is optimized with the Yoast SEO plugin v20.6 - https:\/\/yoast.com\/wordpress\/plugins\/seo\/ -->\n<title>Preenchimento Definitivo - Por que n\u00e3o Recomendamos? - Dra. Vivian Loureiro<\/title>\n<meta name=\"description\" content=\"Dra. Vivian Loureiro \u00e9 Dermatologista em S\u00e3o Paulo e Fala sobre o Preenchimento Definitivo com PMMA. Contato: (11) 3071-1033\" \/>\n<meta name=\"robots\" content=\"index, follow, max-snippet:-1, max-image-preview:large, max-video-preview:-1\" \/>\n<link rel=\"canonical\" href=\"https:\/\/www.dravivianloureiro.com.br\/blog\/preenchimento-definitivo-por-que-nao-recomendamos-dra-vivian-loureiro\/\" \/>\n<meta property=\"og:locale\" content=\"pt_BR\" \/>\n<meta property=\"og:type\" content=\"article\" \/>\n<meta property=\"og:title\" content=\"Preenchimento Definitivo - Por que n\u00e3o Recomendamos? - Dra. Vivian Loureiro\" \/>\n<meta property=\"og:description\" content=\"Dra. Vivian Loureiro \u00e9 Dermatologista em S\u00e3o Paulo e Fala sobre o Preenchimento Definitivo com PMMA. Contato: (11) 3071-1033\" \/>\n<meta property=\"og:url\" content=\"https:\/\/www.dravivianloureiro.com.br\/blog\/preenchimento-definitivo-por-que-nao-recomendamos-dra-vivian-loureiro\/\" \/>\n<meta property=\"og:site_name\" content=\"Dra. Vivian Loureiro\" \/>\n<meta property=\"article:publisher\" content=\"https:\/\/pt-br.facebook.com\/vivianloureirodermatologia\/\" \/>\n<meta property=\"article:author\" content=\"https:\/\/pt-br.facebook.com\/vivianloureirodermatologia\/\" \/>\n<meta property=\"article:published_time\" content=\"2022-04-21T03:05:00+00:00\" \/>\n<meta property=\"article:modified_time\" content=\"2022-07-21T03:43:56+00:00\" \/>\n<meta property=\"og:image\" content=\"https:\/\/www.dravivianloureiro.com.br\/blog\/wp-content\/uploads\/2022\/07\/preenchimento-definitivo-por-que-nao-recomendamos-dra-vivian-loureiro.jpg\" \/>\n\t<meta property=\"og:image:width\" content=\"1200\" \/>\n\t<meta property=\"og:image:height\" content=\"750\" \/>\n\t<meta property=\"og:image:type\" content=\"image\/jpeg\" \/>\n<meta name=\"author\" content=\"Vivian Loureiro\" \/>\n<meta name=\"twitter:card\" content=\"summary_large_image\" \/>\n<meta name=\"twitter:label1\" content=\"Escrito por\" \/>\n\t<meta name=\"twitter:data1\" content=\"Vivian Loureiro\" \/>\n\t<meta name=\"twitter:label2\" content=\"Est. tempo de leitura\" \/>\n\t<meta name=\"twitter:data2\" content=\"2 minutos\" \/>\n<script type=\"application\/ld+json\" class=\"yoast-schema-graph\">{\"@context\":\"https:\/\/schema.org\",\"@graph\":[{\"@type\":\"Article\",\"@id\":\"https:\/\/www.dravivianloureiro.com.br\/blog\/preenchimento-definitivo-por-que-nao-recomendamos-dra-vivian-loureiro\/#article\",\"isPartOf\":{\"@id\":\"https:\/\/www.dravivianloureiro.com.br\/blog\/preenchimento-definitivo-por-que-nao-recomendamos-dra-vivian-loureiro\/\"},\"author\":{\"name\":\"Vivian Loureiro\",\"@id\":\"https:\/\/www.dravivianloureiro.com.br\/blog\/#\/schema\/person\/f6272c0e48dae4364ef626c598c5cb84\"},\"headline\":\"Preenchimento Definitivo &#8211; Por que n\u00e3o Recomendamos?\",\"datePublished\":\"2022-04-21T03:05:00+00:00\",\"dateModified\":\"2022-07-21T03:43:56+00:00\",\"mainEntityOfPage\":{\"@id\":\"https:\/\/www.dravivianloureiro.com.br\/blog\/preenchimento-definitivo-por-que-nao-recomendamos-dra-vivian-loureiro\/\"},\"wordCount\":357,\"commentCount\":0,\"publisher\":{\"@id\":\"https:\/\/www.dravivianloureiro.com.br\/blog\/#organization\"},\"keywords\":[\"acido hialuronico\",\"autoestima\",\"cuidados com a pele\",\"dermatologia\",\"dermatologista itaim\",\"dra vivian loureiro\",\"pele\",\"pmma\",\"polimetilmetacrilato\",\"preenchimento com PMMA\",\"preenchimento defintivo\",\"preenchimento labial\",\"rejuvenescimento\",\"saude\",\"vivian loureiro\",\"vivian loureiro dermatologia\"],\"articleSection\":[\"Preenchimento Definitivo\"],\"inLanguage\":\"pt-BR\",\"potentialAction\":[{\"@type\":\"CommentAction\",\"name\":\"Comment\",\"target\":[\"https:\/\/www.dravivianloureiro.com.br\/blog\/preenchimento-definitivo-por-que-nao-recomendamos-dra-vivian-loureiro\/#respond\"]}]},{\"@type\":\"WebPage\",\"@id\":\"https:\/\/www.dravivianloureiro.com.br\/blog\/preenchimento-definitivo-por-que-nao-recomendamos-dra-vivian-loureiro\/\",\"url\":\"https:\/\/www.dravivianloureiro.com.br\/blog\/preenchimento-definitivo-por-que-nao-recomendamos-dra-vivian-loureiro\/\",\"name\":\"Preenchimento Definitivo - Por que n\u00e3o Recomendamos? - Dra. Vivian Loureiro\",\"isPartOf\":{\"@id\":\"https:\/\/www.dravivianloureiro.com.br\/blog\/#website\"},\"datePublished\":\"2022-04-21T03:05:00+00:00\",\"dateModified\":\"2022-07-21T03:43:56+00:00\",\"description\":\"Dra. Vivian Loureiro \u00e9 Dermatologista em S\u00e3o Paulo e Fala sobre o Preenchimento Definitivo com PMMA. Contato: (11) 3071-1033\",\"breadcrumb\":{\"@id\":\"https:\/\/www.dravivianloureiro.com.br\/blog\/preenchimento-definitivo-por-que-nao-recomendamos-dra-vivian-loureiro\/#breadcrumb\"},\"inLanguage\":\"pt-BR\",\"potentialAction\":[{\"@type\":\"ReadAction\",\"target\":[\"https:\/\/www.dravivianloureiro.com.br\/blog\/preenchimento-definitivo-por-que-nao-recomendamos-dra-vivian-loureiro\/\"]}]},{\"@type\":\"BreadcrumbList\",\"@id\":\"https:\/\/www.dravivianloureiro.com.br\/blog\/preenchimento-definitivo-por-que-nao-recomendamos-dra-vivian-loureiro\/#breadcrumb\",\"itemListElement\":[{\"@type\":\"ListItem\",\"position\":1,\"name\":\"In\u00edcio\",\"item\":\"https:\/\/www.dravivianloureiro.com.br\/blog\/\"},{\"@type\":\"ListItem\",\"position\":2,\"name\":\"Preenchimento Definitivo &#8211; Por que n\u00e3o Recomendamos?\"}]},{\"@type\":\"WebSite\",\"@id\":\"https:\/\/www.dravivianloureiro.com.br\/blog\/#website\",\"url\":\"https:\/\/www.dravivianloureiro.com.br\/blog\/\",\"name\":\"Dermatologista Vivian Loureiro\",\"description\":\"\",\"publisher\":{\"@id\":\"https:\/\/www.dravivianloureiro.com.br\/blog\/#organization\"},\"potentialAction\":[{\"@type\":\"SearchAction\",\"target\":{\"@type\":\"EntryPoint\",\"urlTemplate\":\"https:\/\/www.dravivianloureiro.com.br\/blog\/?s={search_term_string}\"},\"query-input\":\"required name=search_term_string\"}],\"inLanguage\":\"pt-BR\"},{\"@type\":\"Organization\",\"@id\":\"https:\/\/www.dravivianloureiro.com.br\/blog\/#organization\",\"name\":\"Dra. Vivian Loureiro - Dermatologista Em S\u00e3o Paulo\",\"url\":\"https:\/\/www.dravivianloureiro.com.br\/blog\/\",\"logo\":{\"@type\":\"ImageObject\",\"inLanguage\":\"pt-BR\",\"@id\":\"https:\/\/www.dravivianloureiro.com.br\/blog\/#\/schema\/logo\/image\/\",\"url\":\"https:\/\/www.dravivianloureiro.com.br\/blog\/wp-content\/uploads\/2018\/08\/favicon.jpg\",\"contentUrl\":\"https:\/\/www.dravivianloureiro.com.br\/blog\/wp-content\/uploads\/2018\/08\/favicon.jpg\",\"width\":112,\"height\":112,\"caption\":\"Dra. Vivian Loureiro - Dermatologista Em S\u00e3o Paulo\"},\"image\":{\"@id\":\"https:\/\/www.dravivianloureiro.com.br\/blog\/#\/schema\/logo\/image\/\"},\"sameAs\":[\"https:\/\/pt-br.facebook.com\/vivianloureirodermatologia\/\",\"https:\/\/www.instagram.com\/vivianloureirodermatologia\/\",\"https:\/\/www.linkedin.com\/in\/vivian-barzi-loureiro-a6412887\/\"]},{\"@type\":\"Person\",\"@id\":\"https:\/\/www.dravivianloureiro.com.br\/blog\/#\/schema\/person\/f6272c0e48dae4364ef626c598c5cb84\",\"name\":\"Vivian Loureiro\",\"image\":{\"@type\":\"ImageObject\",\"inLanguage\":\"pt-BR\",\"@id\":\"https:\/\/www.dravivianloureiro.com.br\/blog\/#\/schema\/person\/image\/\",\"url\":\"https:\/\/secure.gravatar.com\/avatar\/8ee2b0fae98657240c77e822ae139ad3?s=96&d=wp_user_avatar&r=g\",\"contentUrl\":\"https:\/\/secure.gravatar.com\/avatar\/8ee2b0fae98657240c77e822ae139ad3?s=96&d=wp_user_avatar&r=g\",\"caption\":\"Vivian Loureiro\"},\"description\":\"M\u00e9dica formada pela Universidade de S\u00e3o Paulo (USP). Realizou resid\u00eancia m\u00e9dica em Dermatologia e complementa\u00e7\u00e3o em Cosmiatria e Laser pelo departamento de Dermatologia do Hospital das Cl\u00ednicas da Faculdade de Medicina da Universidade de S\u00e3o Paulo (USP). Possui t\u00edtulo de especialista em Dermatologia. \u00c9 membro da Sociedade Brasileira de Dermatologia (SBD) e Sociedade Brasileira de Cirurgia Dermatol\u00f3gica (SBCD) e m\u00e9dica do grupo Fleury. Atua nas \u00e1reas de Dermatologia Cl\u00ednica, Cir\u00fargica, Pedi\u00e1trica e Est\u00e9tica. Frequenta e palestra nos principais cursos e congressos de dermatologia, nacionais e internacionais, a fim de se manter em constante atualiza\u00e7\u00e3o.\",\"sameAs\":[\"https:\/\/www.dravivianloureiro.com.br\/\",\"https:\/\/pt-br.facebook.com\/vivianloureirodermatologia\/\",\"https:\/\/www.instagram.com\/vivianloureirodermatologia\/\",\"https:\/\/www.linkedin.com\/in\/vivian-barzi-loureiro-a6412887\/\"]}]}<\/script>\n<!-- \/ Yoast SEO plugin. -->","yoast_head_json":{"title":"Preenchimento Definitivo - Por que n\u00e3o Recomendamos? - Dra. Vivian Loureiro","description":"Dra. Vivian Loureiro \u00e9 Dermatologista em S\u00e3o Paulo e Fala sobre o Preenchimento Definitivo com PMMA. Contato: (11) 3071-1033","robots":{"index":"index","follow":"follow","max-snippet":"max-snippet:-1","max-image-preview":"max-image-preview:large","max-video-preview":"max-video-preview:-1"},"canonical":"https:\/\/www.dravivianloureiro.com.br\/blog\/preenchimento-definitivo-por-que-nao-recomendamos-dra-vivian-loureiro\/","og_locale":"pt_BR","og_type":"article","og_title":"Preenchimento Definitivo - Por que n\u00e3o Recomendamos? - Dra. Vivian Loureiro","og_description":"Dra. Vivian Loureiro \u00e9 Dermatologista em S\u00e3o Paulo e Fala sobre o Preenchimento Definitivo com PMMA. Contato: (11) 3071-1033","og_url":"https:\/\/www.dravivianloureiro.com.br\/blog\/preenchimento-definitivo-por-que-nao-recomendamos-dra-vivian-loureiro\/","og_site_name":"Dra. Vivian Loureiro","article_publisher":"https:\/\/pt-br.facebook.com\/vivianloureirodermatologia\/","article_author":"https:\/\/pt-br.facebook.com\/vivianloureirodermatologia\/","article_published_time":"2022-04-21T03:05:00+00:00","article_modified_time":"2022-07-21T03:43:56+00:00","og_image":[{"width":1200,"height":750,"url":"https:\/\/www.dravivianloureiro.com.br\/blog\/wp-content\/uploads\/2022\/07\/preenchimento-definitivo-por-que-nao-recomendamos-dra-vivian-loureiro.jpg","type":"image\/jpeg"}],"author":"Vivian Loureiro","twitter_card":"summary_large_image","twitter_misc":{"Escrito por":"Vivian Loureiro","Est. tempo de leitura":"2 minutos"},"schema":{"@context":"https:\/\/schema.org","@graph":[{"@type":"Article","@id":"https:\/\/www.dravivianloureiro.com.br\/blog\/preenchimento-definitivo-por-que-nao-recomendamos-dra-vivian-loureiro\/#article","isPartOf":{"@id":"https:\/\/www.dravivianloureiro.com.br\/blog\/preenchimento-definitivo-por-que-nao-recomendamos-dra-vivian-loureiro\/"},"author":{"name":"Vivian Loureiro","@id":"https:\/\/www.dravivianloureiro.com.br\/blog\/#\/schema\/person\/f6272c0e48dae4364ef626c598c5cb84"},"headline":"Preenchimento Definitivo &#8211; Por que n\u00e3o Recomendamos?","datePublished":"2022-04-21T03:05:00+00:00","dateModified":"2022-07-21T03:43:56+00:00","mainEntityOfPage":{"@id":"https:\/\/www.dravivianloureiro.com.br\/blog\/preenchimento-definitivo-por-que-nao-recomendamos-dra-vivian-loureiro\/"},"wordCount":357,"commentCount":0,"publisher":{"@id":"https:\/\/www.dravivianloureiro.com.br\/blog\/#organization"},"keywords":["acido hialuronico","autoestima","cuidados com a pele","dermatologia","dermatologista itaim","dra vivian loureiro","pele","pmma","polimetilmetacrilato","preenchimento com PMMA","preenchimento defintivo","preenchimento labial","rejuvenescimento","saude","vivian loureiro","vivian loureiro dermatologia"],"articleSection":["Preenchimento Definitivo"],"inLanguage":"pt-BR","potentialAction":[{"@type":"CommentAction","name":"Comment","target":["https:\/\/www.dravivianloureiro.com.br\/blog\/preenchimento-definitivo-por-que-nao-recomendamos-dra-vivian-loureiro\/#respond"]}]},{"@type":"WebPage","@id":"https:\/\/www.dravivianloureiro.com.br\/blog\/preenchimento-definitivo-por-que-nao-recomendamos-dra-vivian-loureiro\/","url":"https:\/\/www.dravivianloureiro.com.br\/blog\/preenchimento-definitivo-por-que-nao-recomendamos-dra-vivian-loureiro\/","name":"Preenchimento Definitivo - Por que n\u00e3o Recomendamos? - Dra. Vivian Loureiro","isPartOf":{"@id":"https:\/\/www.dravivianloureiro.com.br\/blog\/#website"},"datePublished":"2022-04-21T03:05:00+00:00","dateModified":"2022-07-21T03:43:56+00:00","description":"Dra. Vivian Loureiro \u00e9 Dermatologista em S\u00e3o Paulo e Fala sobre o Preenchimento Definitivo com PMMA. Contato: (11) 3071-1033","breadcrumb":{"@id":"https:\/\/www.dravivianloureiro.com.br\/blog\/preenchimento-definitivo-por-que-nao-recomendamos-dra-vivian-loureiro\/#breadcrumb"},"inLanguage":"pt-BR","potentialAction":[{"@type":"ReadAction","target":["https:\/\/www.dravivianloureiro.com.br\/blog\/preenchimento-definitivo-por-que-nao-recomendamos-dra-vivian-loureiro\/"]}]},{"@type":"BreadcrumbList","@id":"https:\/\/www.dravivianloureiro.com.br\/blog\/preenchimento-definitivo-por-que-nao-recomendamos-dra-vivian-loureiro\/#breadcrumb","itemListElement":[{"@type":"ListItem","position":1,"name":"In\u00edcio","item":"https:\/\/www.dravivianloureiro.com.br\/blog\/"},{"@type":"ListItem","position":2,"name":"Preenchimento Definitivo &#8211; Por que n\u00e3o Recomendamos?"}]},{"@type":"WebSite","@id":"https:\/\/www.dravivianloureiro.com.br\/blog\/#website","url":"https:\/\/www.dravivianloureiro.com.br\/blog\/","name":"Dermatologista Vivian Loureiro","description":"","publisher":{"@id":"https:\/\/www.dravivianloureiro.com.br\/blog\/#organization"},"potentialAction":[{"@type":"SearchAction","target":{"@type":"EntryPoint","urlTemplate":"https:\/\/www.dravivianloureiro.com.br\/blog\/?s={search_term_string}"},"query-input":"required name=search_term_string"}],"inLanguage":"pt-BR"},{"@type":"Organization","@id":"https:\/\/www.dravivianloureiro.com.br\/blog\/#organization","name":"Dra. Vivian Loureiro - Dermatologista Em S\u00e3o Paulo","url":"https:\/\/www.dravivianloureiro.com.br\/blog\/","logo":{"@type":"ImageObject","inLanguage":"pt-BR","@id":"https:\/\/www.dravivianloureiro.com.br\/blog\/#\/schema\/logo\/image\/","url":"https:\/\/www.dravivianloureiro.com.br\/blog\/wp-content\/uploads\/2018\/08\/favicon.jpg","contentUrl":"https:\/\/www.dravivianloureiro.com.br\/blog\/wp-content\/uploads\/2018\/08\/favicon.jpg","width":112,"height":112,"caption":"Dra. Vivian Loureiro - Dermatologista Em S\u00e3o Paulo"},"image":{"@id":"https:\/\/www.dravivianloureiro.com.br\/blog\/#\/schema\/logo\/image\/"},"sameAs":["https:\/\/pt-br.facebook.com\/vivianloureirodermatologia\/","https:\/\/www.instagram.com\/vivianloureirodermatologia\/","https:\/\/www.linkedin.com\/in\/vivian-barzi-loureiro-a6412887\/"]},{"@type":"Person","@id":"https:\/\/www.dravivianloureiro.com.br\/blog\/#\/schema\/person\/f6272c0e48dae4364ef626c598c5cb84","name":"Vivian Loureiro","image":{"@type":"ImageObject","inLanguage":"pt-BR","@id":"https:\/\/www.dravivianloureiro.com.br\/blog\/#\/schema\/person\/image\/","url":"https:\/\/secure.gravatar.com\/avatar\/8ee2b0fae98657240c77e822ae139ad3?s=96&d=wp_user_avatar&r=g","contentUrl":"https:\/\/secure.gravatar.com\/avatar\/8ee2b0fae98657240c77e822ae139ad3?s=96&d=wp_user_avatar&r=g","caption":"Vivian Loureiro"},"description":"M\u00e9dica formada pela Universidade de S\u00e3o Paulo (USP). Realizou resid\u00eancia m\u00e9dica em Dermatologia e complementa\u00e7\u00e3o em Cosmiatria e Laser pelo departamento de Dermatologia do Hospital das Cl\u00ednicas da Faculdade de Medicina da Universidade de S\u00e3o Paulo (USP). Possui t\u00edtulo de especialista em Dermatologia. \u00c9 membro da Sociedade Brasileira de Dermatologia (SBD) e Sociedade Brasileira de Cirurgia Dermatol\u00f3gica (SBCD) e m\u00e9dica do grupo Fleury. Atua nas \u00e1reas de Dermatologia Cl\u00ednica, Cir\u00fargica, Pedi\u00e1trica e Est\u00e9tica. Frequenta e palestra nos principais cursos e congressos de dermatologia, nacionais e internacionais, a fim de se manter em constante atualiza\u00e7\u00e3o.","sameAs":["https:\/\/www.dravivianloureiro.com.br\/","https:\/\/pt-br.facebook.com\/vivianloureirodermatologia\/","https:\/\/www.instagram.com\/vivianloureirodermatologia\/","https:\/\/www.linkedin.com\/in\/vivian-barzi-loureiro-a6412887\/"]}]}},"amp_enabled":true,"_links":{"self":[{"href":"https:\/\/www.dravivianloureiro.com.br\/blog\/wp-json\/wp\/v2\/posts\/4643"}],"collection":[{"href":"https:\/\/www.dravivianloureiro.com.br\/blog\/wp-json\/wp\/v2\/posts"}],"about":[{"href":"https:\/\/www.dravivianloureiro.com.br\/blog\/wp-json\/wp\/v2\/types\/post"}],"author":[{"embeddable":true,"href":"https:\/\/www.dravivianloureiro.com.br\/blog\/wp-json\/wp\/v2\/users\/1"}],"replies":[{"embeddable":true,"href":"https:\/\/www.dravivianloureiro.com.br\/blog\/wp-json\/wp\/v2\/comments?post=4643"}],"version-history":[{"count":1,"href":"https:\/\/www.dravivianloureiro.com.br\/blog\/wp-json\/wp\/v2\/posts\/4643\/revisions"}],"predecessor-version":[{"id":4645,"href":"https:\/\/www.dravivianloureiro.com.br\/blog\/wp-json\/wp\/v2\/posts\/4643\/revisions\/4645"}],"wp:featuredmedia":[{"embeddable":true,"href":"https:\/\/www.dravivianloureiro.com.br\/blog\/wp-json\/wp\/v2\/media\/4644"}],"wp:attachment":[{"href":"https:\/\/www.dravivianloureiro.com.br\/blog\/wp-json\/wp\/v2\/media?parent=4643"}],"wp:term":[{"taxonomy":"category","embeddable":true,"href":"https:\/\/www.dravivianloureiro.com.br\/blog\/wp-json\/wp\/v2\/categories?post=4643"},{"taxonomy":"post_tag","embeddable":true,"href":"https:\/\/www.dravivianloureiro.com.br\/blog\/wp-json\/wp\/v2\/tags?post=4643"}],"curies":[{"name":"wp","href":"https:\/\/api.w.org\/{rel}","templated":true}]}}