{"id":4630,"date":"2021-12-20T23:17:00","date_gmt":"2021-12-21T02:17:00","guid":{"rendered":"https:\/\/www.dravivianloureiro.com.br\/blog\/?p=4630"},"modified":"2022-07-20T23:24:26","modified_gmt":"2022-07-21T02:24:26","slug":"rugas-de-acordeon-o-que-e-e-como-tratar","status":"publish","type":"post","link":"https:\/\/www.dravivianloureiro.com.br\/blog\/rugas-de-acordeon-o-que-e-e-como-tratar\/","title":{"rendered":"Rugas de Acordeon &#8211; O que \u00e9 e como Tratar?"},"content":{"rendered":"<p class=\"estimated-read-time\">Tempo de leitura:<small> 1 minuto<\/small><\/p> \n<p>Voc\u00ea sabia que sorrir pode causar rugas? Infelizmente isso acontece e se chama &#8220;Rugas de Acordeon&#8221;. <\/p>\n\n\n\n<p>O processo do envelhecimento possui seus mist\u00e9rios e infelizmente, nem sempre podemos evitar a apari\u00e7\u00e3o de algumas marcas. Mas a feliz not\u00edcia \u00e9 que tem solu\u00e7\u00e3o!<\/p>\n\n\n\n<h2>O que s\u00e3o as Rugas de Acordeon?&nbsp;<\/h2>\n\n\n\n<p>As rugas de acordeon s\u00e3o as chamadas linhas verticais, que aparecem na regi\u00e3o da bochecha ao sorrirmos e v\u00e3o ficando cada vez mais marcadas com o passar do tempo.<\/p>\n\n\n\n<p>Isso ocorre tanto pela perda do col\u00e1geno da pele como pela perda da sustenta\u00e7\u00e3o do rosto, que fazem parte do processo natural do envelhecimento que citei no inicio do texto.<\/p>\n\n\n\n<h2>Como Podemos Tratar essas Rugas?&nbsp;<\/h2>\n\n\n\n<p>Para atenuar e tratar essas rugas sem precisarmos abrir m\u00e3o do nosso sorriso, podemos, combinar tratamentos minimamente invasivos a base de \u00e1cido hialur\u00f4nico e bioestimuladores de col\u00e1geno, que s\u00e3o \u00f3timos para tratar essas queixas e promover resultados satisfat\u00f3rios no rejuvenescimento ao todo.&nbsp;<\/p>\n\n\n\n<p>O Preenchimento a base de \u00e1cido hialur\u00f4nico \u00e9 um dos injet\u00e1veis mais realizados pois, al\u00e9m de promover bons resultados, \u00e9 natural do nosso organismo, o que o torna ainda mais seguro.<\/p>\n\n\n\n<p>Os <a href=\"https:\/\/www.dravivianloureiro.com.br\/blog\/bioestimuladores-de-colageno-e-seus-principais-beneficios\/\">bioestimuladores de col\u00e1geno<\/a> possuem boa durabilidade de acordo com o organismo de cada paciente e podem ser aplicados para diferentes queixas relacionadas \u00e0 flacidez corporal e facial.\u00a0<\/p>\n\n\n\n<p>Aparelhos como laser e outras tecnologias tamb\u00e9m s\u00e3o aliados e podem ser indicados de acordo com o caso e queixa do paciente.<\/p>\n\n\n\n<h2>Como Saber qual \u00e9 Indicado para Mim?<\/h2>\n\n\n\n<p>Cada paciente possui uma indica\u00e7\u00e3o e suas queixas particulares, por isso o ideal \u00e9 sempre passar por uma avalia\u00e7\u00e3o para entender qual o melhor tratamento para o caso. Al\u00e9m disso, na avalia\u00e7\u00e3o podemos identificar quais regi\u00f5es tamb\u00e9m demandam tratamento e realizar combina\u00e7\u00f5es de sucesso!<\/p>\n\n\n\n<p>Para sua maior seguran\u00e7a e conforto, busque por refer\u00eancias e por um m\u00e9dico dermatologista especializado e registrado pela <a href=\"https:\/\/www.sbd.org.br\/\">Sociedade Brasileira de Dermatologia<\/a>.\u00a0<\/p>\n","protected":false},"excerpt":{"rendered":"<p><small> 1 minuto<\/small> Voc\u00ea sabia que sorrir pode causar rugas? Infelizmente isso acontece e se chama &#8220;Rugas de Acordeon&#8221;. O processo do envelhecimento possui seus mist\u00e9rios e infelizmente, nem sempre podemos evitar a apari\u00e7\u00e3o de algumas marcas. Mas a feliz not\u00edcia \u00e9 que tem solu\u00e7\u00e3o! O que s\u00e3o as Rugas de Acordeon?&nbsp; As rugas de acordeon s\u00e3o as chamadas linhas verticais, que aparecem na regi\u00e3o da bochecha ao sorrirmos e v\u00e3o ficando cada vez mais marcadas com o passar do tempo. Isso ocorre tanto pela <a href=\"https:\/\/www.dravivianloureiro.com.br\/blog\/rugas-de-acordeon-o-que-e-e-como-tratar\/\" class=\"more-link\"><span>Continue lendo<\/span>\u2192<\/a><\/p>\n","protected":false},"author":1,"featured_media":4631,"comment_status":"open","ping_status":"closed","sticky":false,"template":"","format":"standard","meta":[],"categories":[327],"tags":[317,641,318,653,116,704,703,705],"yoast_head":"<!-- This site is optimized with the Yoast SEO plugin v20.6 - https:\/\/yoast.com\/wordpress\/plugins\/seo\/ -->\n<title>Rugas de Acordeon - O que \u00e9 e como Tratar? - Dra. Vivian Loureiro<\/title>\n<meta name=\"description\" content=\"Dra. Vivian Loureiro \u00e9 Dermatologista em S\u00e3o Paulo e Esclarece as Principais D\u00favidas sobre as Rugas de Acordeon Contato: (11) 3071-1033\" \/>\n<meta name=\"robots\" content=\"index, follow, max-snippet:-1, max-image-preview:large, max-video-preview:-1\" \/>\n<link rel=\"canonical\" href=\"https:\/\/www.dravivianloureiro.com.br\/blog\/rugas-de-acordeon-o-que-e-e-como-tratar\/\" \/>\n<meta property=\"og:locale\" content=\"pt_BR\" \/>\n<meta property=\"og:type\" content=\"article\" \/>\n<meta property=\"og:title\" content=\"Rugas de Acordeon - O que \u00e9 e como Tratar? - Dra. Vivian Loureiro\" \/>\n<meta property=\"og:description\" content=\"Dra. Vivian Loureiro \u00e9 Dermatologista em S\u00e3o Paulo e Esclarece as Principais D\u00favidas sobre as Rugas de Acordeon Contato: (11) 3071-1033\" \/>\n<meta property=\"og:url\" content=\"https:\/\/www.dravivianloureiro.com.br\/blog\/rugas-de-acordeon-o-que-e-e-como-tratar\/\" \/>\n<meta property=\"og:site_name\" content=\"Dra. Vivian Loureiro\" \/>\n<meta property=\"article:publisher\" content=\"https:\/\/pt-br.facebook.com\/vivianloureirodermatologia\/\" \/>\n<meta property=\"article:author\" content=\"https:\/\/pt-br.facebook.com\/vivianloureirodermatologia\/\" \/>\n<meta property=\"article:published_time\" content=\"2021-12-21T02:17:00+00:00\" \/>\n<meta property=\"article:modified_time\" content=\"2022-07-21T02:24:26+00:00\" \/>\n<meta property=\"og:image\" content=\"https:\/\/www.dravivianloureiro.com.br\/blog\/wp-content\/uploads\/2022\/07\/rugas-de-acordeon-o-que-e-e-como-tratar-dra-vivian-loureiro.jpg\" \/>\n\t<meta property=\"og:image:width\" content=\"1200\" \/>\n\t<meta property=\"og:image:height\" content=\"750\" \/>\n\t<meta property=\"og:image:type\" content=\"image\/jpeg\" \/>\n<meta name=\"author\" content=\"Vivian Loureiro\" \/>\n<meta name=\"twitter:card\" content=\"summary_large_image\" \/>\n<meta name=\"twitter:label1\" content=\"Escrito por\" \/>\n\t<meta name=\"twitter:data1\" content=\"Vivian Loureiro\" \/>\n\t<meta name=\"twitter:label2\" content=\"Est. tempo de leitura\" \/>\n\t<meta name=\"twitter:data2\" content=\"2 minutos\" \/>\n<script type=\"application\/ld+json\" class=\"yoast-schema-graph\">{\"@context\":\"https:\/\/schema.org\",\"@graph\":[{\"@type\":\"Article\",\"@id\":\"https:\/\/www.dravivianloureiro.com.br\/blog\/rugas-de-acordeon-o-que-e-e-como-tratar\/#article\",\"isPartOf\":{\"@id\":\"https:\/\/www.dravivianloureiro.com.br\/blog\/rugas-de-acordeon-o-que-e-e-como-tratar\/\"},\"author\":{\"name\":\"Vivian Loureiro\",\"@id\":\"https:\/\/www.dravivianloureiro.com.br\/blog\/#\/schema\/person\/f6272c0e48dae4364ef626c598c5cb84\"},\"headline\":\"Rugas de Acordeon &#8211; O que \u00e9 e como Tratar?\",\"datePublished\":\"2021-12-21T02:17:00+00:00\",\"dateModified\":\"2022-07-21T02:24:26+00:00\",\"mainEntityOfPage\":{\"@id\":\"https:\/\/www.dravivianloureiro.com.br\/blog\/rugas-de-acordeon-o-que-e-e-como-tratar\/\"},\"wordCount\":346,\"commentCount\":0,\"publisher\":{\"@id\":\"https:\/\/www.dravivianloureiro.com.br\/blog\/#organization\"},\"keywords\":[\"dermato sp\",\"dermatologia sp\",\"dermatologista\",\"dermatologista sp\",\"dra vivian loureiro\",\"dra vivian loureiro dermatologista\",\"rugas de acordeon\",\"tratamento rugas de acordeon\"],\"articleSection\":[\"Bioestimuladores\"],\"inLanguage\":\"pt-BR\",\"potentialAction\":[{\"@type\":\"CommentAction\",\"name\":\"Comment\",\"target\":[\"https:\/\/www.dravivianloureiro.com.br\/blog\/rugas-de-acordeon-o-que-e-e-como-tratar\/#respond\"]}]},{\"@type\":\"WebPage\",\"@id\":\"https:\/\/www.dravivianloureiro.com.br\/blog\/rugas-de-acordeon-o-que-e-e-como-tratar\/\",\"url\":\"https:\/\/www.dravivianloureiro.com.br\/blog\/rugas-de-acordeon-o-que-e-e-como-tratar\/\",\"name\":\"Rugas de Acordeon - O que \u00e9 e como Tratar? - Dra. Vivian Loureiro\",\"isPartOf\":{\"@id\":\"https:\/\/www.dravivianloureiro.com.br\/blog\/#website\"},\"datePublished\":\"2021-12-21T02:17:00+00:00\",\"dateModified\":\"2022-07-21T02:24:26+00:00\",\"description\":\"Dra. Vivian Loureiro \u00e9 Dermatologista em S\u00e3o Paulo e Esclarece as Principais D\u00favidas sobre as Rugas de Acordeon Contato: (11) 3071-1033\",\"breadcrumb\":{\"@id\":\"https:\/\/www.dravivianloureiro.com.br\/blog\/rugas-de-acordeon-o-que-e-e-como-tratar\/#breadcrumb\"},\"inLanguage\":\"pt-BR\",\"potentialAction\":[{\"@type\":\"ReadAction\",\"target\":[\"https:\/\/www.dravivianloureiro.com.br\/blog\/rugas-de-acordeon-o-que-e-e-como-tratar\/\"]}]},{\"@type\":\"BreadcrumbList\",\"@id\":\"https:\/\/www.dravivianloureiro.com.br\/blog\/rugas-de-acordeon-o-que-e-e-como-tratar\/#breadcrumb\",\"itemListElement\":[{\"@type\":\"ListItem\",\"position\":1,\"name\":\"In\u00edcio\",\"item\":\"https:\/\/www.dravivianloureiro.com.br\/blog\/\"},{\"@type\":\"ListItem\",\"position\":2,\"name\":\"Rugas de Acordeon &#8211; O que \u00e9 e como Tratar?\"}]},{\"@type\":\"WebSite\",\"@id\":\"https:\/\/www.dravivianloureiro.com.br\/blog\/#website\",\"url\":\"https:\/\/www.dravivianloureiro.com.br\/blog\/\",\"name\":\"Dermatologista Vivian Loureiro\",\"description\":\"\",\"publisher\":{\"@id\":\"https:\/\/www.dravivianloureiro.com.br\/blog\/#organization\"},\"potentialAction\":[{\"@type\":\"SearchAction\",\"target\":{\"@type\":\"EntryPoint\",\"urlTemplate\":\"https:\/\/www.dravivianloureiro.com.br\/blog\/?s={search_term_string}\"},\"query-input\":\"required name=search_term_string\"}],\"inLanguage\":\"pt-BR\"},{\"@type\":\"Organization\",\"@id\":\"https:\/\/www.dravivianloureiro.com.br\/blog\/#organization\",\"name\":\"Dra. Vivian Loureiro - Dermatologista Em S\u00e3o Paulo\",\"url\":\"https:\/\/www.dravivianloureiro.com.br\/blog\/\",\"logo\":{\"@type\":\"ImageObject\",\"inLanguage\":\"pt-BR\",\"@id\":\"https:\/\/www.dravivianloureiro.com.br\/blog\/#\/schema\/logo\/image\/\",\"url\":\"https:\/\/www.dravivianloureiro.com.br\/blog\/wp-content\/uploads\/2018\/08\/favicon.jpg\",\"contentUrl\":\"https:\/\/www.dravivianloureiro.com.br\/blog\/wp-content\/uploads\/2018\/08\/favicon.jpg\",\"width\":112,\"height\":112,\"caption\":\"Dra. Vivian Loureiro - Dermatologista Em S\u00e3o Paulo\"},\"image\":{\"@id\":\"https:\/\/www.dravivianloureiro.com.br\/blog\/#\/schema\/logo\/image\/\"},\"sameAs\":[\"https:\/\/pt-br.facebook.com\/vivianloureirodermatologia\/\",\"https:\/\/www.instagram.com\/vivianloureirodermatologia\/\",\"https:\/\/www.linkedin.com\/in\/vivian-barzi-loureiro-a6412887\/\"]},{\"@type\":\"Person\",\"@id\":\"https:\/\/www.dravivianloureiro.com.br\/blog\/#\/schema\/person\/f6272c0e48dae4364ef626c598c5cb84\",\"name\":\"Vivian Loureiro\",\"image\":{\"@type\":\"ImageObject\",\"inLanguage\":\"pt-BR\",\"@id\":\"https:\/\/www.dravivianloureiro.com.br\/blog\/#\/schema\/person\/image\/\",\"url\":\"https:\/\/secure.gravatar.com\/avatar\/8ee2b0fae98657240c77e822ae139ad3?s=96&d=wp_user_avatar&r=g\",\"contentUrl\":\"https:\/\/secure.gravatar.com\/avatar\/8ee2b0fae98657240c77e822ae139ad3?s=96&d=wp_user_avatar&r=g\",\"caption\":\"Vivian Loureiro\"},\"description\":\"M\u00e9dica formada pela Universidade de S\u00e3o Paulo (USP). Realizou resid\u00eancia m\u00e9dica em Dermatologia e complementa\u00e7\u00e3o em Cosmiatria e Laser pelo departamento de Dermatologia do Hospital das Cl\u00ednicas da Faculdade de Medicina da Universidade de S\u00e3o Paulo (USP). Possui t\u00edtulo de especialista em Dermatologia. \u00c9 membro da Sociedade Brasileira de Dermatologia (SBD) e Sociedade Brasileira de Cirurgia Dermatol\u00f3gica (SBCD) e m\u00e9dica do grupo Fleury. Atua nas \u00e1reas de Dermatologia Cl\u00ednica, Cir\u00fargica, Pedi\u00e1trica e Est\u00e9tica. Frequenta e palestra nos principais cursos e congressos de dermatologia, nacionais e internacionais, a fim de se manter em constante atualiza\u00e7\u00e3o.\",\"sameAs\":[\"https:\/\/www.dravivianloureiro.com.br\/\",\"https:\/\/pt-br.facebook.com\/vivianloureirodermatologia\/\",\"https:\/\/www.instagram.com\/vivianloureirodermatologia\/\",\"https:\/\/www.linkedin.com\/in\/vivian-barzi-loureiro-a6412887\/\"]}]}<\/script>\n<!-- \/ Yoast SEO plugin. -->","yoast_head_json":{"title":"Rugas de Acordeon - O que \u00e9 e como Tratar? - Dra. Vivian Loureiro","description":"Dra. Vivian Loureiro \u00e9 Dermatologista em S\u00e3o Paulo e Esclarece as Principais D\u00favidas sobre as Rugas de Acordeon Contato: (11) 3071-1033","robots":{"index":"index","follow":"follow","max-snippet":"max-snippet:-1","max-image-preview":"max-image-preview:large","max-video-preview":"max-video-preview:-1"},"canonical":"https:\/\/www.dravivianloureiro.com.br\/blog\/rugas-de-acordeon-o-que-e-e-como-tratar\/","og_locale":"pt_BR","og_type":"article","og_title":"Rugas de Acordeon - O que \u00e9 e como Tratar? - Dra. Vivian Loureiro","og_description":"Dra. Vivian Loureiro \u00e9 Dermatologista em S\u00e3o Paulo e Esclarece as Principais D\u00favidas sobre as Rugas de Acordeon Contato: (11) 3071-1033","og_url":"https:\/\/www.dravivianloureiro.com.br\/blog\/rugas-de-acordeon-o-que-e-e-como-tratar\/","og_site_name":"Dra. Vivian Loureiro","article_publisher":"https:\/\/pt-br.facebook.com\/vivianloureirodermatologia\/","article_author":"https:\/\/pt-br.facebook.com\/vivianloureirodermatologia\/","article_published_time":"2021-12-21T02:17:00+00:00","article_modified_time":"2022-07-21T02:24:26+00:00","og_image":[{"width":1200,"height":750,"url":"https:\/\/www.dravivianloureiro.com.br\/blog\/wp-content\/uploads\/2022\/07\/rugas-de-acordeon-o-que-e-e-como-tratar-dra-vivian-loureiro.jpg","type":"image\/jpeg"}],"author":"Vivian Loureiro","twitter_card":"summary_large_image","twitter_misc":{"Escrito por":"Vivian Loureiro","Est. tempo de leitura":"2 minutos"},"schema":{"@context":"https:\/\/schema.org","@graph":[{"@type":"Article","@id":"https:\/\/www.dravivianloureiro.com.br\/blog\/rugas-de-acordeon-o-que-e-e-como-tratar\/#article","isPartOf":{"@id":"https:\/\/www.dravivianloureiro.com.br\/blog\/rugas-de-acordeon-o-que-e-e-como-tratar\/"},"author":{"name":"Vivian Loureiro","@id":"https:\/\/www.dravivianloureiro.com.br\/blog\/#\/schema\/person\/f6272c0e48dae4364ef626c598c5cb84"},"headline":"Rugas de Acordeon &#8211; O que \u00e9 e como Tratar?","datePublished":"2021-12-21T02:17:00+00:00","dateModified":"2022-07-21T02:24:26+00:00","mainEntityOfPage":{"@id":"https:\/\/www.dravivianloureiro.com.br\/blog\/rugas-de-acordeon-o-que-e-e-como-tratar\/"},"wordCount":346,"commentCount":0,"publisher":{"@id":"https:\/\/www.dravivianloureiro.com.br\/blog\/#organization"},"keywords":["dermato sp","dermatologia sp","dermatologista","dermatologista sp","dra vivian loureiro","dra vivian loureiro dermatologista","rugas de acordeon","tratamento rugas de acordeon"],"articleSection":["Bioestimuladores"],"inLanguage":"pt-BR","potentialAction":[{"@type":"CommentAction","name":"Comment","target":["https:\/\/www.dravivianloureiro.com.br\/blog\/rugas-de-acordeon-o-que-e-e-como-tratar\/#respond"]}]},{"@type":"WebPage","@id":"https:\/\/www.dravivianloureiro.com.br\/blog\/rugas-de-acordeon-o-que-e-e-como-tratar\/","url":"https:\/\/www.dravivianloureiro.com.br\/blog\/rugas-de-acordeon-o-que-e-e-como-tratar\/","name":"Rugas de Acordeon - O que \u00e9 e como Tratar? - Dra. Vivian Loureiro","isPartOf":{"@id":"https:\/\/www.dravivianloureiro.com.br\/blog\/#website"},"datePublished":"2021-12-21T02:17:00+00:00","dateModified":"2022-07-21T02:24:26+00:00","description":"Dra. Vivian Loureiro \u00e9 Dermatologista em S\u00e3o Paulo e Esclarece as Principais D\u00favidas sobre as Rugas de Acordeon Contato: (11) 3071-1033","breadcrumb":{"@id":"https:\/\/www.dravivianloureiro.com.br\/blog\/rugas-de-acordeon-o-que-e-e-como-tratar\/#breadcrumb"},"inLanguage":"pt-BR","potentialAction":[{"@type":"ReadAction","target":["https:\/\/www.dravivianloureiro.com.br\/blog\/rugas-de-acordeon-o-que-e-e-como-tratar\/"]}]},{"@type":"BreadcrumbList","@id":"https:\/\/www.dravivianloureiro.com.br\/blog\/rugas-de-acordeon-o-que-e-e-como-tratar\/#breadcrumb","itemListElement":[{"@type":"ListItem","position":1,"name":"In\u00edcio","item":"https:\/\/www.dravivianloureiro.com.br\/blog\/"},{"@type":"ListItem","position":2,"name":"Rugas de Acordeon &#8211; O que \u00e9 e como Tratar?"}]},{"@type":"WebSite","@id":"https:\/\/www.dravivianloureiro.com.br\/blog\/#website","url":"https:\/\/www.dravivianloureiro.com.br\/blog\/","name":"Dermatologista Vivian Loureiro","description":"","publisher":{"@id":"https:\/\/www.dravivianloureiro.com.br\/blog\/#organization"},"potentialAction":[{"@type":"SearchAction","target":{"@type":"EntryPoint","urlTemplate":"https:\/\/www.dravivianloureiro.com.br\/blog\/?s={search_term_string}"},"query-input":"required name=search_term_string"}],"inLanguage":"pt-BR"},{"@type":"Organization","@id":"https:\/\/www.dravivianloureiro.com.br\/blog\/#organization","name":"Dra. Vivian Loureiro - Dermatologista Em S\u00e3o Paulo","url":"https:\/\/www.dravivianloureiro.com.br\/blog\/","logo":{"@type":"ImageObject","inLanguage":"pt-BR","@id":"https:\/\/www.dravivianloureiro.com.br\/blog\/#\/schema\/logo\/image\/","url":"https:\/\/www.dravivianloureiro.com.br\/blog\/wp-content\/uploads\/2018\/08\/favicon.jpg","contentUrl":"https:\/\/www.dravivianloureiro.com.br\/blog\/wp-content\/uploads\/2018\/08\/favicon.jpg","width":112,"height":112,"caption":"Dra. Vivian Loureiro - Dermatologista Em S\u00e3o Paulo"},"image":{"@id":"https:\/\/www.dravivianloureiro.com.br\/blog\/#\/schema\/logo\/image\/"},"sameAs":["https:\/\/pt-br.facebook.com\/vivianloureirodermatologia\/","https:\/\/www.instagram.com\/vivianloureirodermatologia\/","https:\/\/www.linkedin.com\/in\/vivian-barzi-loureiro-a6412887\/"]},{"@type":"Person","@id":"https:\/\/www.dravivianloureiro.com.br\/blog\/#\/schema\/person\/f6272c0e48dae4364ef626c598c5cb84","name":"Vivian Loureiro","image":{"@type":"ImageObject","inLanguage":"pt-BR","@id":"https:\/\/www.dravivianloureiro.com.br\/blog\/#\/schema\/person\/image\/","url":"https:\/\/secure.gravatar.com\/avatar\/8ee2b0fae98657240c77e822ae139ad3?s=96&d=wp_user_avatar&r=g","contentUrl":"https:\/\/secure.gravatar.com\/avatar\/8ee2b0fae98657240c77e822ae139ad3?s=96&d=wp_user_avatar&r=g","caption":"Vivian Loureiro"},"description":"M\u00e9dica formada pela Universidade de S\u00e3o Paulo (USP). Realizou resid\u00eancia m\u00e9dica em Dermatologia e complementa\u00e7\u00e3o em Cosmiatria e Laser pelo departamento de Dermatologia do Hospital das Cl\u00ednicas da Faculdade de Medicina da Universidade de S\u00e3o Paulo (USP). Possui t\u00edtulo de especialista em Dermatologia. \u00c9 membro da Sociedade Brasileira de Dermatologia (SBD) e Sociedade Brasileira de Cirurgia Dermatol\u00f3gica (SBCD) e m\u00e9dica do grupo Fleury. Atua nas \u00e1reas de Dermatologia Cl\u00ednica, Cir\u00fargica, Pedi\u00e1trica e Est\u00e9tica. Frequenta e palestra nos principais cursos e congressos de dermatologia, nacionais e internacionais, a fim de se manter em constante atualiza\u00e7\u00e3o.","sameAs":["https:\/\/www.dravivianloureiro.com.br\/","https:\/\/pt-br.facebook.com\/vivianloureirodermatologia\/","https:\/\/www.instagram.com\/vivianloureirodermatologia\/","https:\/\/www.linkedin.com\/in\/vivian-barzi-loureiro-a6412887\/"]}]}},"amp_enabled":true,"_links":{"self":[{"href":"https:\/\/www.dravivianloureiro.com.br\/blog\/wp-json\/wp\/v2\/posts\/4630"}],"collection":[{"href":"https:\/\/www.dravivianloureiro.com.br\/blog\/wp-json\/wp\/v2\/posts"}],"about":[{"href":"https:\/\/www.dravivianloureiro.com.br\/blog\/wp-json\/wp\/v2\/types\/post"}],"author":[{"embeddable":true,"href":"https:\/\/www.dravivianloureiro.com.br\/blog\/wp-json\/wp\/v2\/users\/1"}],"replies":[{"embeddable":true,"href":"https:\/\/www.dravivianloureiro.com.br\/blog\/wp-json\/wp\/v2\/comments?post=4630"}],"version-history":[{"count":1,"href":"https:\/\/www.dravivianloureiro.com.br\/blog\/wp-json\/wp\/v2\/posts\/4630\/revisions"}],"predecessor-version":[{"id":4632,"href":"https:\/\/www.dravivianloureiro.com.br\/blog\/wp-json\/wp\/v2\/posts\/4630\/revisions\/4632"}],"wp:featuredmedia":[{"embeddable":true,"href":"https:\/\/www.dravivianloureiro.com.br\/blog\/wp-json\/wp\/v2\/media\/4631"}],"wp:attachment":[{"href":"https:\/\/www.dravivianloureiro.com.br\/blog\/wp-json\/wp\/v2\/media?parent=4630"}],"wp:term":[{"taxonomy":"category","embeddable":true,"href":"https:\/\/www.dravivianloureiro.com.br\/blog\/wp-json\/wp\/v2\/categories?post=4630"},{"taxonomy":"post_tag","embeddable":true,"href":"https:\/\/www.dravivianloureiro.com.br\/blog\/wp-json\/wp\/v2\/tags?post=4630"}],"curies":[{"name":"wp","href":"https:\/\/api.w.org\/{rel}","templated":true}]}}