{"id":4621,"date":"2021-10-20T20:37:00","date_gmt":"2021-10-20T23:37:00","guid":{"rendered":"https:\/\/www.dravivianloureiro.com.br\/blog\/?p=4621"},"modified":"2022-07-20T20:46:55","modified_gmt":"2022-07-20T23:46:55","slug":"colageno-oral-funciona-vamos-esclarecer","status":"publish","type":"post","link":"https:\/\/www.dravivianloureiro.com.br\/blog\/colageno-oral-funciona-vamos-esclarecer\/","title":{"rendered":"Col\u00e1geno Oral Funciona? &#8211; Vamos Esclarecer!"},"content":{"rendered":"<p class=\"estimated-read-time\">Tempo de leitura:<small> 2 minutos<\/small><\/p> \n<p>Col\u00e1geno oral funciona?<\/p>\n\n\n\n<p>Meus pacientes sempre me fazem essa pergunta. Por ser um assunto que est\u00e1 sempre em alta, algumas informa\u00e7\u00f5es acabam se perdendo no caminho e alguns pacientes podem, infelizmente, utilizar t\u00e9cnicas que n\u00e3o possuem aval cient\u00edfico. Por isso, vamos l\u00e1.&nbsp;<\/p>\n\n\n\n<p>Com o envelhecimento, a perda do col\u00e1geno \u00e9 inevit\u00e1vel e progressiva. Infelizmente a reposi\u00e7\u00e3o oral, em p\u00f3 ou em c\u00e1psulas, n\u00e3o tem muito embasamento cient\u00edfico.<\/p>\n\n\n\n<h2>Existem Estudos sobre o Col\u00e1geno Oral?<\/h2>\n\n\n\n<p>Sim, j\u00e1 foram realizados alguns testes, mas isso n\u00e3o significa que exista a indica\u00e7\u00e3o do col\u00e1geno oral. Vou explicar melhor\u2026<\/p>\n\n\n\n<p>Os poucos estudos realizados com pacientes, s\u00e3o muito subjetivos e os experimentos feitos em laborat\u00f3rio n\u00e3o s\u00e3o necessariamente reproduzidos no organismo humano.<\/p>\n\n\n\n<p>Diante disso, n\u00e3o temos na literatura m\u00e9dica evid\u00eancias suficientes para considerar a reposi\u00e7\u00e3o do col\u00e1geno oral eficaz, ent\u00e3o optamos por n\u00e3o indicar esse tipo de est\u00edmulo e indicar outras alternativas com embasamento cient\u00edfico. <\/p>\n\n\n\n<h2>Qual a melhor forma de Estimular o Col\u00e1geno?&nbsp;<\/h2>\n\n\n\n<p>Bons h\u00e1bitos alimentares e de hidrata\u00e7\u00e3o promovem uma pele bonita e saud\u00e1vel, mas quando falamos sobre resultados pontuais, r\u00e1pidos e efetivos, podemos realizar os procedimentos para est\u00edmulo de col\u00e1geno, como <a href=\"https:\/\/www.dravivianloureiro.com.br\/blog\/ulthera-e-seu-poder-no-rejuvenescimento\/\">Ulthera<\/a>, laser e <a href=\"https:\/\/www.dravivianloureiro.com.br\/blog\/bioestimuladores-de-colageno-e-seus-principais-beneficios\/\">bioestimuladores<\/a>, que possuem evid\u00eancia cient\u00edfica bastante forte e satisfat\u00f3ria.<\/p>\n\n\n\n<h2>Qual a diferen\u00e7a entre Tecnologia e Biosestimuladores?<\/h2>\n\n\n\n<p>Os bioestimuladores injet\u00e1veis s\u00e3o aplicados para reduzir a flacidez mais leve da pele, enquanto as tecnologias abrangem camadas mais profundas. Al\u00e9m disso, as tecnologias possuem indica\u00e7\u00f5es mais espec\u00edficas e duradouras e podem ser associadas aos injet\u00e1veis. Tudo depende da indica\u00e7\u00e3o.&nbsp;<\/p>\n\n\n\n<p>N\u00e3o existe um procedimento melhor do que o outro, existe o que \u00e9 indicado para o caso de cada paciente em particular.&nbsp;<\/p>\n\n\n\n<p>Portanto, independente de tomar ou n\u00e3o col\u00e1geno, n\u00e3o deixe de fazer os procedimentos com um profissional dermatologista registrado na SBD e, claro, de sua confian\u00e7a. E, em caso de maiores d\u00favidas, deixe aqui nos coment\u00e1rios do post!<\/p>\n\n\n\n<p>Dra. V\u00edvian Loureiro &#8211;<a href=\"https:\/\/www.sbd.org.br\/\"> Sociedade Brasileira de Dermatologia<\/a><\/p>\n","protected":false},"excerpt":{"rendered":"<p><small> 2 minutos<\/small> Col\u00e1geno oral funciona? Meus pacientes sempre me fazem essa pergunta. Por ser um assunto que est\u00e1 sempre em alta, algumas informa\u00e7\u00f5es acabam se perdendo no caminho e alguns pacientes podem, infelizmente, utilizar t\u00e9cnicas que n\u00e3o possuem aval cient\u00edfico. Por isso, vamos l\u00e1.&nbsp; Com o envelhecimento, a perda do col\u00e1geno \u00e9 inevit\u00e1vel e progressiva. Infelizmente a reposi\u00e7\u00e3o oral, em p\u00f3 ou em c\u00e1psulas, n\u00e3o tem muito embasamento cient\u00edfico. Existem Estudos sobre o Col\u00e1geno Oral? Sim, j\u00e1 foram realizados alguns testes, mas isso n\u00e3o <a href=\"https:\/\/www.dravivianloureiro.com.br\/blog\/colageno-oral-funciona-vamos-esclarecer\/\" class=\"more-link\"><span>Continue lendo<\/span>\u2192<\/a><\/p>\n","protected":false},"author":1,"featured_media":4622,"comment_status":"open","ping_status":"closed","sticky":false,"template":"","format":"standard","meta":[],"categories":[327],"tags":[328,694,696,693,100,697,175,641,647,653,116,396,695],"yoast_head":"<!-- This site is optimized with the Yoast SEO plugin v20.6 - https:\/\/yoast.com\/wordpress\/plugins\/seo\/ -->\n<title>Col\u00e1geno Oral Funciona? - Vamos Esclarecer!<\/title>\n<meta name=\"description\" content=\"Dra. Vivian \u00e9 Dermatologista em S\u00e3o Paulo e Esclarece as Principais D\u00favidas sobre o Col\u00e1geno Oral. Contato: (11) 3071-1033\" \/>\n<meta name=\"robots\" content=\"index, follow, max-snippet:-1, max-image-preview:large, max-video-preview:-1\" \/>\n<link rel=\"canonical\" href=\"https:\/\/www.dravivianloureiro.com.br\/blog\/colageno-oral-funciona-vamos-esclarecer\/\" \/>\n<meta property=\"og:locale\" content=\"pt_BR\" \/>\n<meta property=\"og:type\" content=\"article\" \/>\n<meta property=\"og:title\" content=\"Col\u00e1geno Oral Funciona? - Vamos Esclarecer!\" \/>\n<meta property=\"og:description\" content=\"Dra. Vivian \u00e9 Dermatologista em S\u00e3o Paulo e Esclarece as Principais D\u00favidas sobre o Col\u00e1geno Oral. Contato: (11) 3071-1033\" \/>\n<meta property=\"og:url\" content=\"https:\/\/www.dravivianloureiro.com.br\/blog\/colageno-oral-funciona-vamos-esclarecer\/\" \/>\n<meta property=\"og:site_name\" content=\"Dra. Vivian Loureiro\" \/>\n<meta property=\"article:publisher\" content=\"https:\/\/pt-br.facebook.com\/vivianloureirodermatologia\/\" \/>\n<meta property=\"article:author\" content=\"https:\/\/pt-br.facebook.com\/vivianloureirodermatologia\/\" \/>\n<meta property=\"article:published_time\" content=\"2021-10-20T23:37:00+00:00\" \/>\n<meta property=\"article:modified_time\" content=\"2022-07-20T23:46:55+00:00\" \/>\n<meta property=\"og:image\" content=\"https:\/\/www.dravivianloureiro.com.br\/blog\/wp-content\/uploads\/2022\/07\/colageno-oral-funciona-vamos-esclarecer.jpg\" \/>\n\t<meta property=\"og:image:width\" content=\"1200\" \/>\n\t<meta property=\"og:image:height\" content=\"750\" \/>\n\t<meta property=\"og:image:type\" content=\"image\/jpeg\" \/>\n<meta name=\"author\" content=\"Vivian Loureiro\" \/>\n<meta name=\"twitter:card\" content=\"summary_large_image\" \/>\n<meta name=\"twitter:label1\" content=\"Escrito por\" \/>\n\t<meta name=\"twitter:data1\" content=\"Vivian Loureiro\" \/>\n\t<meta name=\"twitter:label2\" content=\"Est. tempo de leitura\" \/>\n\t<meta name=\"twitter:data2\" content=\"2 minutos\" \/>\n<script type=\"application\/ld+json\" class=\"yoast-schema-graph\">{\"@context\":\"https:\/\/schema.org\",\"@graph\":[{\"@type\":\"Article\",\"@id\":\"https:\/\/www.dravivianloureiro.com.br\/blog\/colageno-oral-funciona-vamos-esclarecer\/#article\",\"isPartOf\":{\"@id\":\"https:\/\/www.dravivianloureiro.com.br\/blog\/colageno-oral-funciona-vamos-esclarecer\/\"},\"author\":{\"name\":\"Vivian Loureiro\",\"@id\":\"https:\/\/www.dravivianloureiro.com.br\/blog\/#\/schema\/person\/f6272c0e48dae4364ef626c598c5cb84\"},\"headline\":\"Col\u00e1geno Oral Funciona? &#8211; Vamos Esclarecer!\",\"datePublished\":\"2021-10-20T23:37:00+00:00\",\"dateModified\":\"2022-07-20T23:46:55+00:00\",\"mainEntityOfPage\":{\"@id\":\"https:\/\/www.dravivianloureiro.com.br\/blog\/colageno-oral-funciona-vamos-esclarecer\/\"},\"wordCount\":375,\"commentCount\":0,\"publisher\":{\"@id\":\"https:\/\/www.dravivianloureiro.com.br\/blog\/#organization\"},\"keywords\":[\"bioestimuladores\",\"bioestimuladores de col\u00e1geno\",\"col\u00e1geno\",\"col\u00e1geno oral\",\"dermato itaim\",\"dermato itaim bibi\",\"dermatologia\",\"dermatologia sp\",\"dermatologista itaim bibi\",\"dermatologista sp\",\"dra vivian loureiro\",\"rejuvenescimento\",\"reposi\u00e7\u00e3o do col\u00e1geno\"],\"articleSection\":[\"Bioestimuladores\"],\"inLanguage\":\"pt-BR\",\"potentialAction\":[{\"@type\":\"CommentAction\",\"name\":\"Comment\",\"target\":[\"https:\/\/www.dravivianloureiro.com.br\/blog\/colageno-oral-funciona-vamos-esclarecer\/#respond\"]}]},{\"@type\":\"WebPage\",\"@id\":\"https:\/\/www.dravivianloureiro.com.br\/blog\/colageno-oral-funciona-vamos-esclarecer\/\",\"url\":\"https:\/\/www.dravivianloureiro.com.br\/blog\/colageno-oral-funciona-vamos-esclarecer\/\",\"name\":\"Col\u00e1geno Oral Funciona? - Vamos Esclarecer!\",\"isPartOf\":{\"@id\":\"https:\/\/www.dravivianloureiro.com.br\/blog\/#website\"},\"datePublished\":\"2021-10-20T23:37:00+00:00\",\"dateModified\":\"2022-07-20T23:46:55+00:00\",\"description\":\"Dra. Vivian \u00e9 Dermatologista em S\u00e3o Paulo e Esclarece as Principais D\u00favidas sobre o Col\u00e1geno Oral. Contato: (11) 3071-1033\",\"breadcrumb\":{\"@id\":\"https:\/\/www.dravivianloureiro.com.br\/blog\/colageno-oral-funciona-vamos-esclarecer\/#breadcrumb\"},\"inLanguage\":\"pt-BR\",\"potentialAction\":[{\"@type\":\"ReadAction\",\"target\":[\"https:\/\/www.dravivianloureiro.com.br\/blog\/colageno-oral-funciona-vamos-esclarecer\/\"]}]},{\"@type\":\"BreadcrumbList\",\"@id\":\"https:\/\/www.dravivianloureiro.com.br\/blog\/colageno-oral-funciona-vamos-esclarecer\/#breadcrumb\",\"itemListElement\":[{\"@type\":\"ListItem\",\"position\":1,\"name\":\"In\u00edcio\",\"item\":\"https:\/\/www.dravivianloureiro.com.br\/blog\/\"},{\"@type\":\"ListItem\",\"position\":2,\"name\":\"Col\u00e1geno Oral Funciona? &#8211; Vamos Esclarecer!\"}]},{\"@type\":\"WebSite\",\"@id\":\"https:\/\/www.dravivianloureiro.com.br\/blog\/#website\",\"url\":\"https:\/\/www.dravivianloureiro.com.br\/blog\/\",\"name\":\"Dermatologista Vivian Loureiro\",\"description\":\"\",\"publisher\":{\"@id\":\"https:\/\/www.dravivianloureiro.com.br\/blog\/#organization\"},\"potentialAction\":[{\"@type\":\"SearchAction\",\"target\":{\"@type\":\"EntryPoint\",\"urlTemplate\":\"https:\/\/www.dravivianloureiro.com.br\/blog\/?s={search_term_string}\"},\"query-input\":\"required name=search_term_string\"}],\"inLanguage\":\"pt-BR\"},{\"@type\":\"Organization\",\"@id\":\"https:\/\/www.dravivianloureiro.com.br\/blog\/#organization\",\"name\":\"Dra. Vivian Loureiro - Dermatologista Em S\u00e3o Paulo\",\"url\":\"https:\/\/www.dravivianloureiro.com.br\/blog\/\",\"logo\":{\"@type\":\"ImageObject\",\"inLanguage\":\"pt-BR\",\"@id\":\"https:\/\/www.dravivianloureiro.com.br\/blog\/#\/schema\/logo\/image\/\",\"url\":\"https:\/\/www.dravivianloureiro.com.br\/blog\/wp-content\/uploads\/2018\/08\/favicon.jpg\",\"contentUrl\":\"https:\/\/www.dravivianloureiro.com.br\/blog\/wp-content\/uploads\/2018\/08\/favicon.jpg\",\"width\":112,\"height\":112,\"caption\":\"Dra. Vivian Loureiro - Dermatologista Em S\u00e3o Paulo\"},\"image\":{\"@id\":\"https:\/\/www.dravivianloureiro.com.br\/blog\/#\/schema\/logo\/image\/\"},\"sameAs\":[\"https:\/\/pt-br.facebook.com\/vivianloureirodermatologia\/\",\"https:\/\/www.instagram.com\/vivianloureirodermatologia\/\",\"https:\/\/www.linkedin.com\/in\/vivian-barzi-loureiro-a6412887\/\"]},{\"@type\":\"Person\",\"@id\":\"https:\/\/www.dravivianloureiro.com.br\/blog\/#\/schema\/person\/f6272c0e48dae4364ef626c598c5cb84\",\"name\":\"Vivian Loureiro\",\"image\":{\"@type\":\"ImageObject\",\"inLanguage\":\"pt-BR\",\"@id\":\"https:\/\/www.dravivianloureiro.com.br\/blog\/#\/schema\/person\/image\/\",\"url\":\"https:\/\/secure.gravatar.com\/avatar\/8ee2b0fae98657240c77e822ae139ad3?s=96&d=wp_user_avatar&r=g\",\"contentUrl\":\"https:\/\/secure.gravatar.com\/avatar\/8ee2b0fae98657240c77e822ae139ad3?s=96&d=wp_user_avatar&r=g\",\"caption\":\"Vivian Loureiro\"},\"description\":\"M\u00e9dica formada pela Universidade de S\u00e3o Paulo (USP). Realizou resid\u00eancia m\u00e9dica em Dermatologia e complementa\u00e7\u00e3o em Cosmiatria e Laser pelo departamento de Dermatologia do Hospital das Cl\u00ednicas da Faculdade de Medicina da Universidade de S\u00e3o Paulo (USP). Possui t\u00edtulo de especialista em Dermatologia. \u00c9 membro da Sociedade Brasileira de Dermatologia (SBD) e Sociedade Brasileira de Cirurgia Dermatol\u00f3gica (SBCD) e m\u00e9dica do grupo Fleury. Atua nas \u00e1reas de Dermatologia Cl\u00ednica, Cir\u00fargica, Pedi\u00e1trica e Est\u00e9tica. Frequenta e palestra nos principais cursos e congressos de dermatologia, nacionais e internacionais, a fim de se manter em constante atualiza\u00e7\u00e3o.\",\"sameAs\":[\"https:\/\/www.dravivianloureiro.com.br\/\",\"https:\/\/pt-br.facebook.com\/vivianloureirodermatologia\/\",\"https:\/\/www.instagram.com\/vivianloureirodermatologia\/\",\"https:\/\/www.linkedin.com\/in\/vivian-barzi-loureiro-a6412887\/\"]}]}<\/script>\n<!-- \/ Yoast SEO plugin. -->","yoast_head_json":{"title":"Col\u00e1geno Oral Funciona? - Vamos Esclarecer!","description":"Dra. Vivian \u00e9 Dermatologista em S\u00e3o Paulo e Esclarece as Principais D\u00favidas sobre o Col\u00e1geno Oral. Contato: (11) 3071-1033","robots":{"index":"index","follow":"follow","max-snippet":"max-snippet:-1","max-image-preview":"max-image-preview:large","max-video-preview":"max-video-preview:-1"},"canonical":"https:\/\/www.dravivianloureiro.com.br\/blog\/colageno-oral-funciona-vamos-esclarecer\/","og_locale":"pt_BR","og_type":"article","og_title":"Col\u00e1geno Oral Funciona? - Vamos Esclarecer!","og_description":"Dra. Vivian \u00e9 Dermatologista em S\u00e3o Paulo e Esclarece as Principais D\u00favidas sobre o Col\u00e1geno Oral. Contato: (11) 3071-1033","og_url":"https:\/\/www.dravivianloureiro.com.br\/blog\/colageno-oral-funciona-vamos-esclarecer\/","og_site_name":"Dra. Vivian Loureiro","article_publisher":"https:\/\/pt-br.facebook.com\/vivianloureirodermatologia\/","article_author":"https:\/\/pt-br.facebook.com\/vivianloureirodermatologia\/","article_published_time":"2021-10-20T23:37:00+00:00","article_modified_time":"2022-07-20T23:46:55+00:00","og_image":[{"width":1200,"height":750,"url":"https:\/\/www.dravivianloureiro.com.br\/blog\/wp-content\/uploads\/2022\/07\/colageno-oral-funciona-vamos-esclarecer.jpg","type":"image\/jpeg"}],"author":"Vivian Loureiro","twitter_card":"summary_large_image","twitter_misc":{"Escrito por":"Vivian Loureiro","Est. tempo de leitura":"2 minutos"},"schema":{"@context":"https:\/\/schema.org","@graph":[{"@type":"Article","@id":"https:\/\/www.dravivianloureiro.com.br\/blog\/colageno-oral-funciona-vamos-esclarecer\/#article","isPartOf":{"@id":"https:\/\/www.dravivianloureiro.com.br\/blog\/colageno-oral-funciona-vamos-esclarecer\/"},"author":{"name":"Vivian Loureiro","@id":"https:\/\/www.dravivianloureiro.com.br\/blog\/#\/schema\/person\/f6272c0e48dae4364ef626c598c5cb84"},"headline":"Col\u00e1geno Oral Funciona? &#8211; Vamos Esclarecer!","datePublished":"2021-10-20T23:37:00+00:00","dateModified":"2022-07-20T23:46:55+00:00","mainEntityOfPage":{"@id":"https:\/\/www.dravivianloureiro.com.br\/blog\/colageno-oral-funciona-vamos-esclarecer\/"},"wordCount":375,"commentCount":0,"publisher":{"@id":"https:\/\/www.dravivianloureiro.com.br\/blog\/#organization"},"keywords":["bioestimuladores","bioestimuladores de col\u00e1geno","col\u00e1geno","col\u00e1geno oral","dermato itaim","dermato itaim bibi","dermatologia","dermatologia sp","dermatologista itaim bibi","dermatologista sp","dra vivian loureiro","rejuvenescimento","reposi\u00e7\u00e3o do col\u00e1geno"],"articleSection":["Bioestimuladores"],"inLanguage":"pt-BR","potentialAction":[{"@type":"CommentAction","name":"Comment","target":["https:\/\/www.dravivianloureiro.com.br\/blog\/colageno-oral-funciona-vamos-esclarecer\/#respond"]}]},{"@type":"WebPage","@id":"https:\/\/www.dravivianloureiro.com.br\/blog\/colageno-oral-funciona-vamos-esclarecer\/","url":"https:\/\/www.dravivianloureiro.com.br\/blog\/colageno-oral-funciona-vamos-esclarecer\/","name":"Col\u00e1geno Oral Funciona? - Vamos Esclarecer!","isPartOf":{"@id":"https:\/\/www.dravivianloureiro.com.br\/blog\/#website"},"datePublished":"2021-10-20T23:37:00+00:00","dateModified":"2022-07-20T23:46:55+00:00","description":"Dra. Vivian \u00e9 Dermatologista em S\u00e3o Paulo e Esclarece as Principais D\u00favidas sobre o Col\u00e1geno Oral. Contato: (11) 3071-1033","breadcrumb":{"@id":"https:\/\/www.dravivianloureiro.com.br\/blog\/colageno-oral-funciona-vamos-esclarecer\/#breadcrumb"},"inLanguage":"pt-BR","potentialAction":[{"@type":"ReadAction","target":["https:\/\/www.dravivianloureiro.com.br\/blog\/colageno-oral-funciona-vamos-esclarecer\/"]}]},{"@type":"BreadcrumbList","@id":"https:\/\/www.dravivianloureiro.com.br\/blog\/colageno-oral-funciona-vamos-esclarecer\/#breadcrumb","itemListElement":[{"@type":"ListItem","position":1,"name":"In\u00edcio","item":"https:\/\/www.dravivianloureiro.com.br\/blog\/"},{"@type":"ListItem","position":2,"name":"Col\u00e1geno Oral Funciona? &#8211; Vamos Esclarecer!"}]},{"@type":"WebSite","@id":"https:\/\/www.dravivianloureiro.com.br\/blog\/#website","url":"https:\/\/www.dravivianloureiro.com.br\/blog\/","name":"Dermatologista Vivian Loureiro","description":"","publisher":{"@id":"https:\/\/www.dravivianloureiro.com.br\/blog\/#organization"},"potentialAction":[{"@type":"SearchAction","target":{"@type":"EntryPoint","urlTemplate":"https:\/\/www.dravivianloureiro.com.br\/blog\/?s={search_term_string}"},"query-input":"required name=search_term_string"}],"inLanguage":"pt-BR"},{"@type":"Organization","@id":"https:\/\/www.dravivianloureiro.com.br\/blog\/#organization","name":"Dra. Vivian Loureiro - Dermatologista Em S\u00e3o Paulo","url":"https:\/\/www.dravivianloureiro.com.br\/blog\/","logo":{"@type":"ImageObject","inLanguage":"pt-BR","@id":"https:\/\/www.dravivianloureiro.com.br\/blog\/#\/schema\/logo\/image\/","url":"https:\/\/www.dravivianloureiro.com.br\/blog\/wp-content\/uploads\/2018\/08\/favicon.jpg","contentUrl":"https:\/\/www.dravivianloureiro.com.br\/blog\/wp-content\/uploads\/2018\/08\/favicon.jpg","width":112,"height":112,"caption":"Dra. Vivian Loureiro - Dermatologista Em S\u00e3o Paulo"},"image":{"@id":"https:\/\/www.dravivianloureiro.com.br\/blog\/#\/schema\/logo\/image\/"},"sameAs":["https:\/\/pt-br.facebook.com\/vivianloureirodermatologia\/","https:\/\/www.instagram.com\/vivianloureirodermatologia\/","https:\/\/www.linkedin.com\/in\/vivian-barzi-loureiro-a6412887\/"]},{"@type":"Person","@id":"https:\/\/www.dravivianloureiro.com.br\/blog\/#\/schema\/person\/f6272c0e48dae4364ef626c598c5cb84","name":"Vivian Loureiro","image":{"@type":"ImageObject","inLanguage":"pt-BR","@id":"https:\/\/www.dravivianloureiro.com.br\/blog\/#\/schema\/person\/image\/","url":"https:\/\/secure.gravatar.com\/avatar\/8ee2b0fae98657240c77e822ae139ad3?s=96&d=wp_user_avatar&r=g","contentUrl":"https:\/\/secure.gravatar.com\/avatar\/8ee2b0fae98657240c77e822ae139ad3?s=96&d=wp_user_avatar&r=g","caption":"Vivian Loureiro"},"description":"M\u00e9dica formada pela Universidade de S\u00e3o Paulo (USP). Realizou resid\u00eancia m\u00e9dica em Dermatologia e complementa\u00e7\u00e3o em Cosmiatria e Laser pelo departamento de Dermatologia do Hospital das Cl\u00ednicas da Faculdade de Medicina da Universidade de S\u00e3o Paulo (USP). Possui t\u00edtulo de especialista em Dermatologia. \u00c9 membro da Sociedade Brasileira de Dermatologia (SBD) e Sociedade Brasileira de Cirurgia Dermatol\u00f3gica (SBCD) e m\u00e9dica do grupo Fleury. Atua nas \u00e1reas de Dermatologia Cl\u00ednica, Cir\u00fargica, Pedi\u00e1trica e Est\u00e9tica. Frequenta e palestra nos principais cursos e congressos de dermatologia, nacionais e internacionais, a fim de se manter em constante atualiza\u00e7\u00e3o.","sameAs":["https:\/\/www.dravivianloureiro.com.br\/","https:\/\/pt-br.facebook.com\/vivianloureirodermatologia\/","https:\/\/www.instagram.com\/vivianloureirodermatologia\/","https:\/\/www.linkedin.com\/in\/vivian-barzi-loureiro-a6412887\/"]}]}},"amp_enabled":true,"_links":{"self":[{"href":"https:\/\/www.dravivianloureiro.com.br\/blog\/wp-json\/wp\/v2\/posts\/4621"}],"collection":[{"href":"https:\/\/www.dravivianloureiro.com.br\/blog\/wp-json\/wp\/v2\/posts"}],"about":[{"href":"https:\/\/www.dravivianloureiro.com.br\/blog\/wp-json\/wp\/v2\/types\/post"}],"author":[{"embeddable":true,"href":"https:\/\/www.dravivianloureiro.com.br\/blog\/wp-json\/wp\/v2\/users\/1"}],"replies":[{"embeddable":true,"href":"https:\/\/www.dravivianloureiro.com.br\/blog\/wp-json\/wp\/v2\/comments?post=4621"}],"version-history":[{"count":1,"href":"https:\/\/www.dravivianloureiro.com.br\/blog\/wp-json\/wp\/v2\/posts\/4621\/revisions"}],"predecessor-version":[{"id":4623,"href":"https:\/\/www.dravivianloureiro.com.br\/blog\/wp-json\/wp\/v2\/posts\/4621\/revisions\/4623"}],"wp:featuredmedia":[{"embeddable":true,"href":"https:\/\/www.dravivianloureiro.com.br\/blog\/wp-json\/wp\/v2\/media\/4622"}],"wp:attachment":[{"href":"https:\/\/www.dravivianloureiro.com.br\/blog\/wp-json\/wp\/v2\/media?parent=4621"}],"wp:term":[{"taxonomy":"category","embeddable":true,"href":"https:\/\/www.dravivianloureiro.com.br\/blog\/wp-json\/wp\/v2\/categories?post=4621"},{"taxonomy":"post_tag","embeddable":true,"href":"https:\/\/www.dravivianloureiro.com.br\/blog\/wp-json\/wp\/v2\/tags?post=4621"}],"curies":[{"name":"wp","href":"https:\/\/api.w.org\/{rel}","templated":true}]}}