{"id":459,"date":"2013-03-12T18:54:06","date_gmt":"2013-03-12T21:54:06","guid":{"rendered":"http:\/\/www.gabrielacasabona.com.br\/blog\/?p=459"},"modified":"2021-04-26T17:30:41","modified_gmt":"2021-04-26T20:30:41","slug":"melasma-o-que","status":"publish","type":"post","link":"https:\/\/www.dravivianloureiro.com.br\/blog\/melasma-o-que\/","title":{"rendered":"Melasma"},"content":{"rendered":"<p class=\"estimated-read-time\">Tempo de leitura:<small> 1 minuto<\/small><\/p> <h2>As manchas ap\u00f3s a gesta\u00e7\u00e3o s\u00e3o normais?<\/h2>\n<p>Para identificar se \u00e9 Melasma, o ideal \u00e9 procurar um m\u00e9dico especialista pela <a href=\"http:\/\/pelo-encravado-vivian-loureirojpg\" data-wplink-url-error=\"true\">Sociedade Brasileira de Dermatologia<\/a> para que seu caso seja analisado com cuidado.<\/p>\n<p>O melasma \u00e9 uma doen\u00e7a cr\u00f4nica desencadeada por fatores como: est\u00edmulo hormonal devido ao uso de anticoncepcionais, preparo para fertiliza\u00e7\u00e3o in vitro, reposi\u00e7\u00e3o p\u00f3s menopausa ou gesta\u00e7\u00e3o; estimulo dos raios UVA\/UVB\/UVC que aumentam a produ\u00e7\u00e3o e distribui\u00e7\u00e3o do pigmento e inflama\u00e7\u00e3o local.<\/p>\n<p>A condi\u00e7\u00e3o pode ser agravada por ins\u00f4nia ou luz forte nos olhos e pela dilata\u00e7\u00e3o dos vasinhos locais. Divide-se em 3 categorias:\u00a0 superficial, profundo (d\u00e9rmico) ou misto, sendo o \u00faltimo o mais comum.<\/p>\n<p>Infelizmente, o Melasma ainda n\u00e3o tem cura.<\/p>\n<h2>Quais s\u00e3o as Op\u00e7\u00f5es de Tratamento do Melasma?<\/h2>\n<p>O tratamento inicia-se internamente. \u00c9 indicado que o paciente utilize medicamentos de fotoprote\u00e7\u00e3o oral e antioxidantes. Externamente, recomendamos o uso de filtro solar de largo espectro, cremes despigmentantes. Em casos espec\u00edficos, podem ser indicados peelings superficiais e tratamentos a laser.<\/p>\n<p>Associar alguns tratamentos pode otimizar os resultados e torn\u00e1-los mais duradouros. Estes agem de forma delicada na maioria das camadas da epiderme, al\u00e9m de tratarem os vasos e inflama\u00e7\u00e3o local.<\/p>\n<p>Saiba mais sobre os principais cuidados com a<a href=\"https:\/\/www.dravivianloureiro.com.br\/blog\/alteracoes-da-pele-na-gestacao\/\"> pele durante a gesta\u00e7\u00e3o<\/a>.<\/p>\n","protected":false},"excerpt":{"rendered":"<p><small> 1 minuto<\/small> As manchas ap\u00f3s a gesta\u00e7\u00e3o s\u00e3o normais? Para identificar se \u00e9 Melasma, o ideal \u00e9 procurar um m\u00e9dico especialista pela Sociedade Brasileira de Dermatologia para que seu caso seja analisado com cuidado. O melasma \u00e9 uma doen\u00e7a cr\u00f4nica desencadeada por fatores como: est\u00edmulo hormonal devido ao uso de anticoncepcionais, preparo para fertiliza\u00e7\u00e3o in vitro, reposi\u00e7\u00e3o p\u00f3s menopausa ou gesta\u00e7\u00e3o; estimulo dos raios UVA\/UVB\/UVC que aumentam a produ\u00e7\u00e3o e distribui\u00e7\u00e3o do pigmento e inflama\u00e7\u00e3o local. A condi\u00e7\u00e3o pode ser agravada por ins\u00f4nia ou <a href=\"https:\/\/www.dravivianloureiro.com.br\/blog\/melasma-o-que\/\" class=\"more-link\"><span>Continue lendo<\/span>\u2192<\/a><\/p>\n","protected":false},"author":1,"featured_media":3556,"comment_status":"open","ping_status":"open","sticky":false,"template":"","format":"standard","meta":[],"categories":[363,378,365],"tags":[316,393,312,354,648,643,175,645,642,644,646,641,318,647,519,520,310,167,314],"yoast_head":"<!-- This site is optimized with the Yoast SEO plugin v20.6 - https:\/\/yoast.com\/wordpress\/plugins\/seo\/ -->\n<title>O que \u00e9 o Melasma? - Dra. Vivian Loureiro Dermatologista<\/title>\n<meta name=\"description\" content=\"Dra. Vivian Loureiro \u00e9 Dermatologista em SP e Especialista no Tratamento do Melasma. Contato (11) 3071.1033 \/ 3168.0534\" \/>\n<meta name=\"robots\" content=\"index, follow, max-snippet:-1, max-image-preview:large, max-video-preview:-1\" \/>\n<link rel=\"canonical\" href=\"https:\/\/www.dravivianloureiro.com.br\/blog\/melasma-o-que\/\" \/>\n<meta property=\"og:locale\" content=\"pt_BR\" \/>\n<meta property=\"og:type\" content=\"article\" \/>\n<meta property=\"og:title\" content=\"O que \u00e9 o Melasma? - Dra. Vivian Loureiro Dermatologista\" \/>\n<meta property=\"og:description\" content=\"Dra. Vivian Loureiro \u00e9 Dermatologista em SP e Especialista no Tratamento do Melasma. Contato (11) 3071.1033 \/ 3168.0534\" \/>\n<meta property=\"og:url\" content=\"https:\/\/www.dravivianloureiro.com.br\/blog\/melasma-o-que\/\" \/>\n<meta property=\"og:site_name\" content=\"Dra. Vivian Loureiro\" \/>\n<meta property=\"article:publisher\" content=\"https:\/\/pt-br.facebook.com\/vivianloureirodermatologia\/\" \/>\n<meta property=\"article:author\" content=\"https:\/\/pt-br.facebook.com\/vivianloureirodermatologia\/\" \/>\n<meta property=\"article:published_time\" content=\"2013-03-12T21:54:06+00:00\" \/>\n<meta property=\"article:modified_time\" content=\"2021-04-26T20:30:41+00:00\" \/>\n<meta name=\"author\" content=\"Vivian Loureiro\" \/>\n<meta name=\"twitter:card\" content=\"summary_large_image\" \/>\n<meta name=\"twitter:label1\" content=\"Escrito por\" \/>\n\t<meta name=\"twitter:data1\" content=\"Vivian Loureiro\" \/>\n\t<meta name=\"twitter:label2\" content=\"Est. tempo de leitura\" \/>\n\t<meta name=\"twitter:data2\" content=\"1 minuto\" \/>\n<script type=\"application\/ld+json\" class=\"yoast-schema-graph\">{\"@context\":\"https:\/\/schema.org\",\"@graph\":[{\"@type\":\"Article\",\"@id\":\"https:\/\/www.dravivianloureiro.com.br\/blog\/melasma-o-que\/#article\",\"isPartOf\":{\"@id\":\"https:\/\/www.dravivianloureiro.com.br\/blog\/melasma-o-que\/\"},\"author\":{\"name\":\"Vivian Loureiro\",\"@id\":\"https:\/\/www.dravivianloureiro.com.br\/blog\/#\/schema\/person\/f6272c0e48dae4364ef626c598c5cb84\"},\"headline\":\"Melasma\",\"datePublished\":\"2013-03-12T21:54:06+00:00\",\"dateModified\":\"2021-04-26T20:30:41+00:00\",\"mainEntityOfPage\":{\"@id\":\"https:\/\/www.dravivianloureiro.com.br\/blog\/melasma-o-que\/\"},\"wordCount\":229,\"commentCount\":0,\"publisher\":{\"@id\":\"https:\/\/www.dravivianloureiro.com.br\/blog\/#organization\"},\"keywords\":[\"autoestima\",\"beleza\",\"bem estar\",\"check up dermatologico\",\"cuidado com a pele\",\"d ermato itaim\",\"dermatologia\",\"dermatologia clinica\",\"dermatologia em sao paulo\",\"dermatologia estetica\",\"dermatologia itaim\",\"dermatologia sp\",\"dermatologista\",\"dermatologista itaim bibi\",\"manchas na gravidez\",\"melasma\",\"saude\",\"vivian loureiro\",\"vivian loureiro dermatologia\"],\"articleSection\":[\"Dicas\",\"Prote\u00e7\u00e3o Solar\",\"Terap\u00eauticos\"],\"inLanguage\":\"pt-BR\",\"potentialAction\":[{\"@type\":\"CommentAction\",\"name\":\"Comment\",\"target\":[\"https:\/\/www.dravivianloureiro.com.br\/blog\/melasma-o-que\/#respond\"]}]},{\"@type\":\"WebPage\",\"@id\":\"https:\/\/www.dravivianloureiro.com.br\/blog\/melasma-o-que\/\",\"url\":\"https:\/\/www.dravivianloureiro.com.br\/blog\/melasma-o-que\/\",\"name\":\"O que \u00e9 o Melasma? - Dra. Vivian Loureiro Dermatologista\",\"isPartOf\":{\"@id\":\"https:\/\/www.dravivianloureiro.com.br\/blog\/#website\"},\"datePublished\":\"2013-03-12T21:54:06+00:00\",\"dateModified\":\"2021-04-26T20:30:41+00:00\",\"description\":\"Dra. Vivian Loureiro \u00e9 Dermatologista em SP e Especialista no Tratamento do Melasma. Contato (11) 3071.1033 \/ 3168.0534\",\"breadcrumb\":{\"@id\":\"https:\/\/www.dravivianloureiro.com.br\/blog\/melasma-o-que\/#breadcrumb\"},\"inLanguage\":\"pt-BR\",\"potentialAction\":[{\"@type\":\"ReadAction\",\"target\":[\"https:\/\/www.dravivianloureiro.com.br\/blog\/melasma-o-que\/\"]}]},{\"@type\":\"BreadcrumbList\",\"@id\":\"https:\/\/www.dravivianloureiro.com.br\/blog\/melasma-o-que\/#breadcrumb\",\"itemListElement\":[{\"@type\":\"ListItem\",\"position\":1,\"name\":\"In\u00edcio\",\"item\":\"https:\/\/www.dravivianloureiro.com.br\/blog\/\"},{\"@type\":\"ListItem\",\"position\":2,\"name\":\"Melasma\"}]},{\"@type\":\"WebSite\",\"@id\":\"https:\/\/www.dravivianloureiro.com.br\/blog\/#website\",\"url\":\"https:\/\/www.dravivianloureiro.com.br\/blog\/\",\"name\":\"Dermatologista Vivian Loureiro\",\"description\":\"\",\"publisher\":{\"@id\":\"https:\/\/www.dravivianloureiro.com.br\/blog\/#organization\"},\"potentialAction\":[{\"@type\":\"SearchAction\",\"target\":{\"@type\":\"EntryPoint\",\"urlTemplate\":\"https:\/\/www.dravivianloureiro.com.br\/blog\/?s={search_term_string}\"},\"query-input\":\"required name=search_term_string\"}],\"inLanguage\":\"pt-BR\"},{\"@type\":\"Organization\",\"@id\":\"https:\/\/www.dravivianloureiro.com.br\/blog\/#organization\",\"name\":\"Dra. Vivian Loureiro - Dermatologista Em S\u00e3o Paulo\",\"url\":\"https:\/\/www.dravivianloureiro.com.br\/blog\/\",\"logo\":{\"@type\":\"ImageObject\",\"inLanguage\":\"pt-BR\",\"@id\":\"https:\/\/www.dravivianloureiro.com.br\/blog\/#\/schema\/logo\/image\/\",\"url\":\"https:\/\/www.dravivianloureiro.com.br\/blog\/wp-content\/uploads\/2018\/08\/favicon.jpg\",\"contentUrl\":\"https:\/\/www.dravivianloureiro.com.br\/blog\/wp-content\/uploads\/2018\/08\/favicon.jpg\",\"width\":112,\"height\":112,\"caption\":\"Dra. Vivian Loureiro - Dermatologista Em S\u00e3o Paulo\"},\"image\":{\"@id\":\"https:\/\/www.dravivianloureiro.com.br\/blog\/#\/schema\/logo\/image\/\"},\"sameAs\":[\"https:\/\/pt-br.facebook.com\/vivianloureirodermatologia\/\",\"https:\/\/www.instagram.com\/vivianloureirodermatologia\/\",\"https:\/\/www.linkedin.com\/in\/vivian-barzi-loureiro-a6412887\/\"]},{\"@type\":\"Person\",\"@id\":\"https:\/\/www.dravivianloureiro.com.br\/blog\/#\/schema\/person\/f6272c0e48dae4364ef626c598c5cb84\",\"name\":\"Vivian Loureiro\",\"image\":{\"@type\":\"ImageObject\",\"inLanguage\":\"pt-BR\",\"@id\":\"https:\/\/www.dravivianloureiro.com.br\/blog\/#\/schema\/person\/image\/\",\"url\":\"https:\/\/secure.gravatar.com\/avatar\/8ee2b0fae98657240c77e822ae139ad3?s=96&d=wp_user_avatar&r=g\",\"contentUrl\":\"https:\/\/secure.gravatar.com\/avatar\/8ee2b0fae98657240c77e822ae139ad3?s=96&d=wp_user_avatar&r=g\",\"caption\":\"Vivian Loureiro\"},\"description\":\"M\u00e9dica formada pela Universidade de S\u00e3o Paulo (USP). Realizou resid\u00eancia m\u00e9dica em Dermatologia e complementa\u00e7\u00e3o em Cosmiatria e Laser pelo departamento de Dermatologia do Hospital das Cl\u00ednicas da Faculdade de Medicina da Universidade de S\u00e3o Paulo (USP). Possui t\u00edtulo de especialista em Dermatologia. \u00c9 membro da Sociedade Brasileira de Dermatologia (SBD) e Sociedade Brasileira de Cirurgia Dermatol\u00f3gica (SBCD) e m\u00e9dica do grupo Fleury. Atua nas \u00e1reas de Dermatologia Cl\u00ednica, Cir\u00fargica, Pedi\u00e1trica e Est\u00e9tica. Frequenta e palestra nos principais cursos e congressos de dermatologia, nacionais e internacionais, a fim de se manter em constante atualiza\u00e7\u00e3o.\",\"sameAs\":[\"https:\/\/www.dravivianloureiro.com.br\/\",\"https:\/\/pt-br.facebook.com\/vivianloureirodermatologia\/\",\"https:\/\/www.instagram.com\/vivianloureirodermatologia\/\",\"https:\/\/www.linkedin.com\/in\/vivian-barzi-loureiro-a6412887\/\"]}]}<\/script>\n<!-- \/ Yoast SEO plugin. -->","yoast_head_json":{"title":"O que \u00e9 o Melasma? - Dra. Vivian Loureiro Dermatologista","description":"Dra. Vivian Loureiro \u00e9 Dermatologista em SP e Especialista no Tratamento do Melasma. Contato (11) 3071.1033 \/ 3168.0534","robots":{"index":"index","follow":"follow","max-snippet":"max-snippet:-1","max-image-preview":"max-image-preview:large","max-video-preview":"max-video-preview:-1"},"canonical":"https:\/\/www.dravivianloureiro.com.br\/blog\/melasma-o-que\/","og_locale":"pt_BR","og_type":"article","og_title":"O que \u00e9 o Melasma? - Dra. Vivian Loureiro Dermatologista","og_description":"Dra. Vivian Loureiro \u00e9 Dermatologista em SP e Especialista no Tratamento do Melasma. Contato (11) 3071.1033 \/ 3168.0534","og_url":"https:\/\/www.dravivianloureiro.com.br\/blog\/melasma-o-que\/","og_site_name":"Dra. Vivian Loureiro","article_publisher":"https:\/\/pt-br.facebook.com\/vivianloureirodermatologia\/","article_author":"https:\/\/pt-br.facebook.com\/vivianloureirodermatologia\/","article_published_time":"2013-03-12T21:54:06+00:00","article_modified_time":"2021-04-26T20:30:41+00:00","author":"Vivian Loureiro","twitter_card":"summary_large_image","twitter_misc":{"Escrito por":"Vivian Loureiro","Est. tempo de leitura":"1 minuto"},"schema":{"@context":"https:\/\/schema.org","@graph":[{"@type":"Article","@id":"https:\/\/www.dravivianloureiro.com.br\/blog\/melasma-o-que\/#article","isPartOf":{"@id":"https:\/\/www.dravivianloureiro.com.br\/blog\/melasma-o-que\/"},"author":{"name":"Vivian Loureiro","@id":"https:\/\/www.dravivianloureiro.com.br\/blog\/#\/schema\/person\/f6272c0e48dae4364ef626c598c5cb84"},"headline":"Melasma","datePublished":"2013-03-12T21:54:06+00:00","dateModified":"2021-04-26T20:30:41+00:00","mainEntityOfPage":{"@id":"https:\/\/www.dravivianloureiro.com.br\/blog\/melasma-o-que\/"},"wordCount":229,"commentCount":0,"publisher":{"@id":"https:\/\/www.dravivianloureiro.com.br\/blog\/#organization"},"keywords":["autoestima","beleza","bem estar","check up dermatologico","cuidado com a pele","d ermato itaim","dermatologia","dermatologia clinica","dermatologia em sao paulo","dermatologia estetica","dermatologia itaim","dermatologia sp","dermatologista","dermatologista itaim bibi","manchas na gravidez","melasma","saude","vivian loureiro","vivian loureiro dermatologia"],"articleSection":["Dicas","Prote\u00e7\u00e3o Solar","Terap\u00eauticos"],"inLanguage":"pt-BR","potentialAction":[{"@type":"CommentAction","name":"Comment","target":["https:\/\/www.dravivianloureiro.com.br\/blog\/melasma-o-que\/#respond"]}]},{"@type":"WebPage","@id":"https:\/\/www.dravivianloureiro.com.br\/blog\/melasma-o-que\/","url":"https:\/\/www.dravivianloureiro.com.br\/blog\/melasma-o-que\/","name":"O que \u00e9 o Melasma? - Dra. Vivian Loureiro Dermatologista","isPartOf":{"@id":"https:\/\/www.dravivianloureiro.com.br\/blog\/#website"},"datePublished":"2013-03-12T21:54:06+00:00","dateModified":"2021-04-26T20:30:41+00:00","description":"Dra. Vivian Loureiro \u00e9 Dermatologista em SP e Especialista no Tratamento do Melasma. Contato (11) 3071.1033 \/ 3168.0534","breadcrumb":{"@id":"https:\/\/www.dravivianloureiro.com.br\/blog\/melasma-o-que\/#breadcrumb"},"inLanguage":"pt-BR","potentialAction":[{"@type":"ReadAction","target":["https:\/\/www.dravivianloureiro.com.br\/blog\/melasma-o-que\/"]}]},{"@type":"BreadcrumbList","@id":"https:\/\/www.dravivianloureiro.com.br\/blog\/melasma-o-que\/#breadcrumb","itemListElement":[{"@type":"ListItem","position":1,"name":"In\u00edcio","item":"https:\/\/www.dravivianloureiro.com.br\/blog\/"},{"@type":"ListItem","position":2,"name":"Melasma"}]},{"@type":"WebSite","@id":"https:\/\/www.dravivianloureiro.com.br\/blog\/#website","url":"https:\/\/www.dravivianloureiro.com.br\/blog\/","name":"Dermatologista Vivian Loureiro","description":"","publisher":{"@id":"https:\/\/www.dravivianloureiro.com.br\/blog\/#organization"},"potentialAction":[{"@type":"SearchAction","target":{"@type":"EntryPoint","urlTemplate":"https:\/\/www.dravivianloureiro.com.br\/blog\/?s={search_term_string}"},"query-input":"required name=search_term_string"}],"inLanguage":"pt-BR"},{"@type":"Organization","@id":"https:\/\/www.dravivianloureiro.com.br\/blog\/#organization","name":"Dra. Vivian Loureiro - Dermatologista Em S\u00e3o Paulo","url":"https:\/\/www.dravivianloureiro.com.br\/blog\/","logo":{"@type":"ImageObject","inLanguage":"pt-BR","@id":"https:\/\/www.dravivianloureiro.com.br\/blog\/#\/schema\/logo\/image\/","url":"https:\/\/www.dravivianloureiro.com.br\/blog\/wp-content\/uploads\/2018\/08\/favicon.jpg","contentUrl":"https:\/\/www.dravivianloureiro.com.br\/blog\/wp-content\/uploads\/2018\/08\/favicon.jpg","width":112,"height":112,"caption":"Dra. Vivian Loureiro - Dermatologista Em S\u00e3o Paulo"},"image":{"@id":"https:\/\/www.dravivianloureiro.com.br\/blog\/#\/schema\/logo\/image\/"},"sameAs":["https:\/\/pt-br.facebook.com\/vivianloureirodermatologia\/","https:\/\/www.instagram.com\/vivianloureirodermatologia\/","https:\/\/www.linkedin.com\/in\/vivian-barzi-loureiro-a6412887\/"]},{"@type":"Person","@id":"https:\/\/www.dravivianloureiro.com.br\/blog\/#\/schema\/person\/f6272c0e48dae4364ef626c598c5cb84","name":"Vivian Loureiro","image":{"@type":"ImageObject","inLanguage":"pt-BR","@id":"https:\/\/www.dravivianloureiro.com.br\/blog\/#\/schema\/person\/image\/","url":"https:\/\/secure.gravatar.com\/avatar\/8ee2b0fae98657240c77e822ae139ad3?s=96&d=wp_user_avatar&r=g","contentUrl":"https:\/\/secure.gravatar.com\/avatar\/8ee2b0fae98657240c77e822ae139ad3?s=96&d=wp_user_avatar&r=g","caption":"Vivian Loureiro"},"description":"M\u00e9dica formada pela Universidade de S\u00e3o Paulo (USP). Realizou resid\u00eancia m\u00e9dica em Dermatologia e complementa\u00e7\u00e3o em Cosmiatria e Laser pelo departamento de Dermatologia do Hospital das Cl\u00ednicas da Faculdade de Medicina da Universidade de S\u00e3o Paulo (USP). Possui t\u00edtulo de especialista em Dermatologia. \u00c9 membro da Sociedade Brasileira de Dermatologia (SBD) e Sociedade Brasileira de Cirurgia Dermatol\u00f3gica (SBCD) e m\u00e9dica do grupo Fleury. Atua nas \u00e1reas de Dermatologia Cl\u00ednica, Cir\u00fargica, Pedi\u00e1trica e Est\u00e9tica. Frequenta e palestra nos principais cursos e congressos de dermatologia, nacionais e internacionais, a fim de se manter em constante atualiza\u00e7\u00e3o.","sameAs":["https:\/\/www.dravivianloureiro.com.br\/","https:\/\/pt-br.facebook.com\/vivianloureirodermatologia\/","https:\/\/www.instagram.com\/vivianloureirodermatologia\/","https:\/\/www.linkedin.com\/in\/vivian-barzi-loureiro-a6412887\/"]}]}},"amp_enabled":true,"_links":{"self":[{"href":"https:\/\/www.dravivianloureiro.com.br\/blog\/wp-json\/wp\/v2\/posts\/459"}],"collection":[{"href":"https:\/\/www.dravivianloureiro.com.br\/blog\/wp-json\/wp\/v2\/posts"}],"about":[{"href":"https:\/\/www.dravivianloureiro.com.br\/blog\/wp-json\/wp\/v2\/types\/post"}],"author":[{"embeddable":true,"href":"https:\/\/www.dravivianloureiro.com.br\/blog\/wp-json\/wp\/v2\/users\/1"}],"replies":[{"embeddable":true,"href":"https:\/\/www.dravivianloureiro.com.br\/blog\/wp-json\/wp\/v2\/comments?post=459"}],"version-history":[{"count":0,"href":"https:\/\/www.dravivianloureiro.com.br\/blog\/wp-json\/wp\/v2\/posts\/459\/revisions"}],"wp:featuredmedia":[{"embeddable":true,"href":"https:\/\/www.dravivianloureiro.com.br\/blog\/wp-json\/"}],"wp:attachment":[{"href":"https:\/\/www.dravivianloureiro.com.br\/blog\/wp-json\/wp\/v2\/media?parent=459"}],"wp:term":[{"taxonomy":"category","embeddable":true,"href":"https:\/\/www.dravivianloureiro.com.br\/blog\/wp-json\/wp\/v2\/categories?post=459"},{"taxonomy":"post_tag","embeddable":true,"href":"https:\/\/www.dravivianloureiro.com.br\/blog\/wp-json\/wp\/v2\/tags?post=459"}],"curies":[{"name":"wp","href":"https:\/\/api.w.org\/{rel}","templated":true}]}}