{"id":4584,"date":"2021-09-06T03:45:21","date_gmt":"2021-09-06T06:45:21","guid":{"rendered":"https:\/\/www.dravivianloureiro.com.br\/blog\/?p=4584"},"modified":"2022-07-20T23:24:41","modified_gmt":"2022-07-21T02:24:41","slug":"sleep-lines-o-que-sao-e-como-tratar","status":"publish","type":"post","link":"https:\/\/www.dravivianloureiro.com.br\/blog\/sleep-lines-o-que-sao-e-como-tratar\/","title":{"rendered":"Sleep Lines &#8211; O que S\u00e3o e Como Tratar"},"content":{"rendered":"<p class=\"estimated-read-time\">Tempo de leitura:<small> 2 minutos<\/small><\/p> \n<p>Voc\u00ea j\u00e1 ouviu falar em Sleep Lines?<\/p>\n\n\n\n<p>As sleep lines (rugas do sono ou rugas de dormir) s\u00e3o marcas na pele decorrentes da posi\u00e7\u00e3o em que dormimos.<\/p>\n\n\n\n<p>Dormir de bru\u00e7os ou de lado faz com que a pele do rosto fique amassada e essas dobras, com o passar dos anos, v\u00e3o vincando.<\/p>\n\n\n\n<p>Essas linhas costumam ficar mais evidentes a partir dos 40 anos. Fatores externos, como o sol e o cigarro, podem agravar o problema pois aceleram o envelhecimento e a perda de col\u00e1geno.<\/p>\n\n\n\n<p>Dormir de barriga para cima nem sempre \u00e9 f\u00e1cil e, muitas vezes, n\u00e3o resolve a quest\u00e3o.<\/p>\n\n\n\n<p>Por n\u00e3o estarem associadas \u00e0 contra\u00e7\u00e3o muscular, as sleep lines n\u00e3o podem ser tratadas e prevenidas com o Botox, como as linhas de express\u00e3o tradicionais.<\/p>\n\n\n\n<p>Por\u00e9m, felizmente, existem outras op\u00e7\u00f5es de tratamento. Para suavizar as sleep lines, recomendamos a aplica\u00e7\u00e3o de \u00e1cido hialur\u00f4nico e procedimentos que estimulam a produ\u00e7\u00e3o de col\u00e1geno.<\/p>\n\n\n\n<h2>O que \u00e9 o Preenchimento com \u00c1cido Hialur\u00f4nico e como Atua nas Sleep Lines?<\/h2>\n\n\n\n<p>O Preenchimento Facial, com \u00e1cido hialur\u00f4nico, \u00e9 um tratamento muito abrangente.\u2800<br>\u2800<br>Foi-se o tempo que esse procedimento era feito apenas para corre\u00e7\u00e3o de sulcos e linhas (por exemplo, o bigode chin\u00eas).\u2800<br>\u2800<br>Hoje, com as t\u00e9cnicas avan\u00e7adas e o conhecimento de anatomia, conseguimos promover sustenta\u00e7\u00e3o, efeito lifting, proje\u00e7\u00e3o, contorno e volumiza\u00e7\u00e3o. No caso das Sleep Lines, atua devolvendo o volume para a regi\u00e3o defasada e reduzindo as linhas marcadas. <\/p>\n\n\n\n<h2>Quais Procedimentos Estimulam o Col\u00e1geno? <\/h2>\n\n\n\n<p>O Ulthera \u00e9 uma das principais tecnologias que estimulam col\u00e1geno e pode ser aplicado na face, eliminando sinais como as sleep lines. Ele trata a flacidez leve a moderada e normalmente \u00e9 feito 1 ou 2 vezes ao ano. <\/p>\n\n\n\n<p>Al\u00e9m disso, procedimentos como os Bioestimuladores de Col\u00e1geno tamb\u00e9m podem ser indicados. Os bioestimuladores de col\u00e1geno s\u00e3o \u00f3timos no tratamento da flacidez &#8211; leve a moderada &#8211; decorrente de varia\u00e7\u00f5es de peso, gesta\u00e7\u00e3o ou mesmo fatores gen\u00e9ticos, podendo rejuvenescer diferentes regi\u00f5es corporais,<\/p>\n\n\n\n<p>Para sua seguran\u00e7a, escolha um m\u00e9dico Dermatologista membro da <a href=\"https:\/\/www.sbd.org.br\/\">Sociedade Brasileira de Dermatologia<\/a>.<\/p>\n\n\n\n<p><\/p>\n","protected":false},"excerpt":{"rendered":"<p><small> 2 minutos<\/small> Voc\u00ea j\u00e1 ouviu falar em Sleep Lines? As sleep lines (rugas do sono ou rugas de dormir) s\u00e3o marcas na pele decorrentes da posi\u00e7\u00e3o em que dormimos. Dormir de bru\u00e7os ou de lado faz com que a pele do rosto fique amassada e essas dobras, com o passar dos anos, v\u00e3o vincando. Essas linhas costumam ficar mais evidentes a partir dos 40 anos. Fatores externos, como o sol e o cigarro, podem agravar o problema pois aceleram o envelhecimento e a perda <a href=\"https:\/\/www.dravivianloureiro.com.br\/blog\/sleep-lines-o-que-sao-e-como-tratar\/\" class=\"more-link\"><span>Continue lendo<\/span>\u2192<\/a><\/p>\n","protected":false},"author":1,"featured_media":4593,"comment_status":"open","ping_status":"open","sticky":false,"template":"","format":"standard","meta":[],"categories":[612,327],"tags":[328,340,135,689,690],"yoast_head":"<!-- This site is optimized with the Yoast SEO plugin v20.6 - https:\/\/yoast.com\/wordpress\/plugins\/seo\/ -->\n<title>Sleep Lines - O que S\u00e3o e Como Tratar<\/title>\n<meta name=\"description\" content=\"Dermatologista em SP, Dra. Vivian Loureiro Explica o que S\u00e3o as Sleep Lines e como Trat\u00e1-las com Procedimentos N\u00e3o-Invasivos.\" \/>\n<meta name=\"robots\" content=\"index, follow, max-snippet:-1, max-image-preview:large, max-video-preview:-1\" \/>\n<link rel=\"canonical\" href=\"https:\/\/www.dravivianloureiro.com.br\/blog\/sleep-lines-o-que-sao-e-como-tratar\/\" \/>\n<meta property=\"og:locale\" content=\"pt_BR\" \/>\n<meta property=\"og:type\" content=\"article\" \/>\n<meta property=\"og:title\" content=\"Sleep Lines - O que S\u00e3o e Como Tratar\" \/>\n<meta property=\"og:description\" content=\"Dermatologista em SP, Dra. Vivian Loureiro Explica o que S\u00e3o as Sleep Lines e como Trat\u00e1-las com Procedimentos N\u00e3o-Invasivos.\" \/>\n<meta property=\"og:url\" content=\"https:\/\/www.dravivianloureiro.com.br\/blog\/sleep-lines-o-que-sao-e-como-tratar\/\" \/>\n<meta property=\"og:site_name\" content=\"Dra. Vivian Loureiro\" \/>\n<meta property=\"article:publisher\" content=\"https:\/\/pt-br.facebook.com\/vivianloureirodermatologia\/\" \/>\n<meta property=\"article:author\" content=\"https:\/\/pt-br.facebook.com\/vivianloureirodermatologia\/\" \/>\n<meta property=\"article:published_time\" content=\"2021-09-06T06:45:21+00:00\" \/>\n<meta property=\"article:modified_time\" content=\"2022-07-21T02:24:41+00:00\" \/>\n<meta property=\"og:image\" content=\"https:\/\/www.dravivianloureiro.com.br\/blog\/wp-content\/uploads\/2021\/09\/sleep-lines-o-que-sao-e-como-tratar-dra-vivian-loureiro.jpg\" \/>\n\t<meta property=\"og:image:width\" content=\"1200\" \/>\n\t<meta property=\"og:image:height\" content=\"675\" \/>\n\t<meta property=\"og:image:type\" content=\"image\/jpeg\" \/>\n<meta name=\"author\" content=\"Vivian Loureiro\" \/>\n<meta name=\"twitter:card\" content=\"summary_large_image\" \/>\n<meta name=\"twitter:label1\" content=\"Escrito por\" \/>\n\t<meta name=\"twitter:data1\" content=\"Vivian Loureiro\" \/>\n\t<meta name=\"twitter:label2\" content=\"Est. tempo de leitura\" \/>\n\t<meta name=\"twitter:data2\" content=\"2 minutos\" \/>\n<script type=\"application\/ld+json\" class=\"yoast-schema-graph\">{\"@context\":\"https:\/\/schema.org\",\"@graph\":[{\"@type\":\"Article\",\"@id\":\"https:\/\/www.dravivianloureiro.com.br\/blog\/sleep-lines-o-que-sao-e-como-tratar\/#article\",\"isPartOf\":{\"@id\":\"https:\/\/www.dravivianloureiro.com.br\/blog\/sleep-lines-o-que-sao-e-como-tratar\/\"},\"author\":{\"name\":\"Vivian Loureiro\",\"@id\":\"https:\/\/www.dravivianloureiro.com.br\/blog\/#\/schema\/person\/f6272c0e48dae4364ef626c598c5cb84\"},\"headline\":\"Sleep Lines &#8211; O que S\u00e3o e Como Tratar\",\"datePublished\":\"2021-09-06T06:45:21+00:00\",\"dateModified\":\"2022-07-21T02:24:41+00:00\",\"mainEntityOfPage\":{\"@id\":\"https:\/\/www.dravivianloureiro.com.br\/blog\/sleep-lines-o-que-sao-e-como-tratar\/\"},\"wordCount\":374,\"commentCount\":0,\"publisher\":{\"@id\":\"https:\/\/www.dravivianloureiro.com.br\/blog\/#organization\"},\"keywords\":[\"bioestimuladores\",\"bioestimuladores de colageno\",\"preenchimento facial\",\"rugas do sono\",\"tratamento sleep lines\"],\"articleSection\":[\"\u00c1cido Hialur\u00f4nico\",\"Bioestimuladores\"],\"inLanguage\":\"pt-BR\",\"potentialAction\":[{\"@type\":\"CommentAction\",\"name\":\"Comment\",\"target\":[\"https:\/\/www.dravivianloureiro.com.br\/blog\/sleep-lines-o-que-sao-e-como-tratar\/#respond\"]}]},{\"@type\":\"WebPage\",\"@id\":\"https:\/\/www.dravivianloureiro.com.br\/blog\/sleep-lines-o-que-sao-e-como-tratar\/\",\"url\":\"https:\/\/www.dravivianloureiro.com.br\/blog\/sleep-lines-o-que-sao-e-como-tratar\/\",\"name\":\"Sleep Lines - O que S\u00e3o e Como Tratar\",\"isPartOf\":{\"@id\":\"https:\/\/www.dravivianloureiro.com.br\/blog\/#website\"},\"datePublished\":\"2021-09-06T06:45:21+00:00\",\"dateModified\":\"2022-07-21T02:24:41+00:00\",\"description\":\"Dermatologista em SP, Dra. Vivian Loureiro Explica o que S\u00e3o as Sleep Lines e como Trat\u00e1-las com Procedimentos N\u00e3o-Invasivos.\",\"breadcrumb\":{\"@id\":\"https:\/\/www.dravivianloureiro.com.br\/blog\/sleep-lines-o-que-sao-e-como-tratar\/#breadcrumb\"},\"inLanguage\":\"pt-BR\",\"potentialAction\":[{\"@type\":\"ReadAction\",\"target\":[\"https:\/\/www.dravivianloureiro.com.br\/blog\/sleep-lines-o-que-sao-e-como-tratar\/\"]}]},{\"@type\":\"BreadcrumbList\",\"@id\":\"https:\/\/www.dravivianloureiro.com.br\/blog\/sleep-lines-o-que-sao-e-como-tratar\/#breadcrumb\",\"itemListElement\":[{\"@type\":\"ListItem\",\"position\":1,\"name\":\"In\u00edcio\",\"item\":\"https:\/\/www.dravivianloureiro.com.br\/blog\/\"},{\"@type\":\"ListItem\",\"position\":2,\"name\":\"Sleep Lines &#8211; O que S\u00e3o e Como Tratar\"}]},{\"@type\":\"WebSite\",\"@id\":\"https:\/\/www.dravivianloureiro.com.br\/blog\/#website\",\"url\":\"https:\/\/www.dravivianloureiro.com.br\/blog\/\",\"name\":\"Dermatologista Vivian Loureiro\",\"description\":\"\",\"publisher\":{\"@id\":\"https:\/\/www.dravivianloureiro.com.br\/blog\/#organization\"},\"potentialAction\":[{\"@type\":\"SearchAction\",\"target\":{\"@type\":\"EntryPoint\",\"urlTemplate\":\"https:\/\/www.dravivianloureiro.com.br\/blog\/?s={search_term_string}\"},\"query-input\":\"required name=search_term_string\"}],\"inLanguage\":\"pt-BR\"},{\"@type\":\"Organization\",\"@id\":\"https:\/\/www.dravivianloureiro.com.br\/blog\/#organization\",\"name\":\"Dra. Vivian Loureiro - Dermatologista Em S\u00e3o Paulo\",\"url\":\"https:\/\/www.dravivianloureiro.com.br\/blog\/\",\"logo\":{\"@type\":\"ImageObject\",\"inLanguage\":\"pt-BR\",\"@id\":\"https:\/\/www.dravivianloureiro.com.br\/blog\/#\/schema\/logo\/image\/\",\"url\":\"https:\/\/www.dravivianloureiro.com.br\/blog\/wp-content\/uploads\/2018\/08\/favicon.jpg\",\"contentUrl\":\"https:\/\/www.dravivianloureiro.com.br\/blog\/wp-content\/uploads\/2018\/08\/favicon.jpg\",\"width\":112,\"height\":112,\"caption\":\"Dra. Vivian Loureiro - Dermatologista Em S\u00e3o Paulo\"},\"image\":{\"@id\":\"https:\/\/www.dravivianloureiro.com.br\/blog\/#\/schema\/logo\/image\/\"},\"sameAs\":[\"https:\/\/pt-br.facebook.com\/vivianloureirodermatologia\/\",\"https:\/\/www.instagram.com\/vivianloureirodermatologia\/\",\"https:\/\/www.linkedin.com\/in\/vivian-barzi-loureiro-a6412887\/\"]},{\"@type\":\"Person\",\"@id\":\"https:\/\/www.dravivianloureiro.com.br\/blog\/#\/schema\/person\/f6272c0e48dae4364ef626c598c5cb84\",\"name\":\"Vivian Loureiro\",\"image\":{\"@type\":\"ImageObject\",\"inLanguage\":\"pt-BR\",\"@id\":\"https:\/\/www.dravivianloureiro.com.br\/blog\/#\/schema\/person\/image\/\",\"url\":\"https:\/\/secure.gravatar.com\/avatar\/8ee2b0fae98657240c77e822ae139ad3?s=96&d=wp_user_avatar&r=g\",\"contentUrl\":\"https:\/\/secure.gravatar.com\/avatar\/8ee2b0fae98657240c77e822ae139ad3?s=96&d=wp_user_avatar&r=g\",\"caption\":\"Vivian Loureiro\"},\"description\":\"M\u00e9dica formada pela Universidade de S\u00e3o Paulo (USP). Realizou resid\u00eancia m\u00e9dica em Dermatologia e complementa\u00e7\u00e3o em Cosmiatria e Laser pelo departamento de Dermatologia do Hospital das Cl\u00ednicas da Faculdade de Medicina da Universidade de S\u00e3o Paulo (USP). Possui t\u00edtulo de especialista em Dermatologia. \u00c9 membro da Sociedade Brasileira de Dermatologia (SBD) e Sociedade Brasileira de Cirurgia Dermatol\u00f3gica (SBCD) e m\u00e9dica do grupo Fleury. Atua nas \u00e1reas de Dermatologia Cl\u00ednica, Cir\u00fargica, Pedi\u00e1trica e Est\u00e9tica. Frequenta e palestra nos principais cursos e congressos de dermatologia, nacionais e internacionais, a fim de se manter em constante atualiza\u00e7\u00e3o.\",\"sameAs\":[\"https:\/\/www.dravivianloureiro.com.br\/\",\"https:\/\/pt-br.facebook.com\/vivianloureirodermatologia\/\",\"https:\/\/www.instagram.com\/vivianloureirodermatologia\/\",\"https:\/\/www.linkedin.com\/in\/vivian-barzi-loureiro-a6412887\/\"]}]}<\/script>\n<!-- \/ Yoast SEO plugin. -->","yoast_head_json":{"title":"Sleep Lines - O que S\u00e3o e Como Tratar","description":"Dermatologista em SP, Dra. Vivian Loureiro Explica o que S\u00e3o as Sleep Lines e como Trat\u00e1-las com Procedimentos N\u00e3o-Invasivos.","robots":{"index":"index","follow":"follow","max-snippet":"max-snippet:-1","max-image-preview":"max-image-preview:large","max-video-preview":"max-video-preview:-1"},"canonical":"https:\/\/www.dravivianloureiro.com.br\/blog\/sleep-lines-o-que-sao-e-como-tratar\/","og_locale":"pt_BR","og_type":"article","og_title":"Sleep Lines - O que S\u00e3o e Como Tratar","og_description":"Dermatologista em SP, Dra. Vivian Loureiro Explica o que S\u00e3o as Sleep Lines e como Trat\u00e1-las com Procedimentos N\u00e3o-Invasivos.","og_url":"https:\/\/www.dravivianloureiro.com.br\/blog\/sleep-lines-o-que-sao-e-como-tratar\/","og_site_name":"Dra. Vivian Loureiro","article_publisher":"https:\/\/pt-br.facebook.com\/vivianloureirodermatologia\/","article_author":"https:\/\/pt-br.facebook.com\/vivianloureirodermatologia\/","article_published_time":"2021-09-06T06:45:21+00:00","article_modified_time":"2022-07-21T02:24:41+00:00","og_image":[{"width":1200,"height":675,"url":"https:\/\/www.dravivianloureiro.com.br\/blog\/wp-content\/uploads\/2021\/09\/sleep-lines-o-que-sao-e-como-tratar-dra-vivian-loureiro.jpg","type":"image\/jpeg"}],"author":"Vivian Loureiro","twitter_card":"summary_large_image","twitter_misc":{"Escrito por":"Vivian Loureiro","Est. tempo de leitura":"2 minutos"},"schema":{"@context":"https:\/\/schema.org","@graph":[{"@type":"Article","@id":"https:\/\/www.dravivianloureiro.com.br\/blog\/sleep-lines-o-que-sao-e-como-tratar\/#article","isPartOf":{"@id":"https:\/\/www.dravivianloureiro.com.br\/blog\/sleep-lines-o-que-sao-e-como-tratar\/"},"author":{"name":"Vivian Loureiro","@id":"https:\/\/www.dravivianloureiro.com.br\/blog\/#\/schema\/person\/f6272c0e48dae4364ef626c598c5cb84"},"headline":"Sleep Lines &#8211; O que S\u00e3o e Como Tratar","datePublished":"2021-09-06T06:45:21+00:00","dateModified":"2022-07-21T02:24:41+00:00","mainEntityOfPage":{"@id":"https:\/\/www.dravivianloureiro.com.br\/blog\/sleep-lines-o-que-sao-e-como-tratar\/"},"wordCount":374,"commentCount":0,"publisher":{"@id":"https:\/\/www.dravivianloureiro.com.br\/blog\/#organization"},"keywords":["bioestimuladores","bioestimuladores de colageno","preenchimento facial","rugas do sono","tratamento sleep lines"],"articleSection":["\u00c1cido Hialur\u00f4nico","Bioestimuladores"],"inLanguage":"pt-BR","potentialAction":[{"@type":"CommentAction","name":"Comment","target":["https:\/\/www.dravivianloureiro.com.br\/blog\/sleep-lines-o-que-sao-e-como-tratar\/#respond"]}]},{"@type":"WebPage","@id":"https:\/\/www.dravivianloureiro.com.br\/blog\/sleep-lines-o-que-sao-e-como-tratar\/","url":"https:\/\/www.dravivianloureiro.com.br\/blog\/sleep-lines-o-que-sao-e-como-tratar\/","name":"Sleep Lines - O que S\u00e3o e Como Tratar","isPartOf":{"@id":"https:\/\/www.dravivianloureiro.com.br\/blog\/#website"},"datePublished":"2021-09-06T06:45:21+00:00","dateModified":"2022-07-21T02:24:41+00:00","description":"Dermatologista em SP, Dra. Vivian Loureiro Explica o que S\u00e3o as Sleep Lines e como Trat\u00e1-las com Procedimentos N\u00e3o-Invasivos.","breadcrumb":{"@id":"https:\/\/www.dravivianloureiro.com.br\/blog\/sleep-lines-o-que-sao-e-como-tratar\/#breadcrumb"},"inLanguage":"pt-BR","potentialAction":[{"@type":"ReadAction","target":["https:\/\/www.dravivianloureiro.com.br\/blog\/sleep-lines-o-que-sao-e-como-tratar\/"]}]},{"@type":"BreadcrumbList","@id":"https:\/\/www.dravivianloureiro.com.br\/blog\/sleep-lines-o-que-sao-e-como-tratar\/#breadcrumb","itemListElement":[{"@type":"ListItem","position":1,"name":"In\u00edcio","item":"https:\/\/www.dravivianloureiro.com.br\/blog\/"},{"@type":"ListItem","position":2,"name":"Sleep Lines &#8211; O que S\u00e3o e Como Tratar"}]},{"@type":"WebSite","@id":"https:\/\/www.dravivianloureiro.com.br\/blog\/#website","url":"https:\/\/www.dravivianloureiro.com.br\/blog\/","name":"Dermatologista Vivian Loureiro","description":"","publisher":{"@id":"https:\/\/www.dravivianloureiro.com.br\/blog\/#organization"},"potentialAction":[{"@type":"SearchAction","target":{"@type":"EntryPoint","urlTemplate":"https:\/\/www.dravivianloureiro.com.br\/blog\/?s={search_term_string}"},"query-input":"required name=search_term_string"}],"inLanguage":"pt-BR"},{"@type":"Organization","@id":"https:\/\/www.dravivianloureiro.com.br\/blog\/#organization","name":"Dra. Vivian Loureiro - Dermatologista Em S\u00e3o Paulo","url":"https:\/\/www.dravivianloureiro.com.br\/blog\/","logo":{"@type":"ImageObject","inLanguage":"pt-BR","@id":"https:\/\/www.dravivianloureiro.com.br\/blog\/#\/schema\/logo\/image\/","url":"https:\/\/www.dravivianloureiro.com.br\/blog\/wp-content\/uploads\/2018\/08\/favicon.jpg","contentUrl":"https:\/\/www.dravivianloureiro.com.br\/blog\/wp-content\/uploads\/2018\/08\/favicon.jpg","width":112,"height":112,"caption":"Dra. Vivian Loureiro - Dermatologista Em S\u00e3o Paulo"},"image":{"@id":"https:\/\/www.dravivianloureiro.com.br\/blog\/#\/schema\/logo\/image\/"},"sameAs":["https:\/\/pt-br.facebook.com\/vivianloureirodermatologia\/","https:\/\/www.instagram.com\/vivianloureirodermatologia\/","https:\/\/www.linkedin.com\/in\/vivian-barzi-loureiro-a6412887\/"]},{"@type":"Person","@id":"https:\/\/www.dravivianloureiro.com.br\/blog\/#\/schema\/person\/f6272c0e48dae4364ef626c598c5cb84","name":"Vivian Loureiro","image":{"@type":"ImageObject","inLanguage":"pt-BR","@id":"https:\/\/www.dravivianloureiro.com.br\/blog\/#\/schema\/person\/image\/","url":"https:\/\/secure.gravatar.com\/avatar\/8ee2b0fae98657240c77e822ae139ad3?s=96&d=wp_user_avatar&r=g","contentUrl":"https:\/\/secure.gravatar.com\/avatar\/8ee2b0fae98657240c77e822ae139ad3?s=96&d=wp_user_avatar&r=g","caption":"Vivian Loureiro"},"description":"M\u00e9dica formada pela Universidade de S\u00e3o Paulo (USP). Realizou resid\u00eancia m\u00e9dica em Dermatologia e complementa\u00e7\u00e3o em Cosmiatria e Laser pelo departamento de Dermatologia do Hospital das Cl\u00ednicas da Faculdade de Medicina da Universidade de S\u00e3o Paulo (USP). Possui t\u00edtulo de especialista em Dermatologia. \u00c9 membro da Sociedade Brasileira de Dermatologia (SBD) e Sociedade Brasileira de Cirurgia Dermatol\u00f3gica (SBCD) e m\u00e9dica do grupo Fleury. Atua nas \u00e1reas de Dermatologia Cl\u00ednica, Cir\u00fargica, Pedi\u00e1trica e Est\u00e9tica. Frequenta e palestra nos principais cursos e congressos de dermatologia, nacionais e internacionais, a fim de se manter em constante atualiza\u00e7\u00e3o.","sameAs":["https:\/\/www.dravivianloureiro.com.br\/","https:\/\/pt-br.facebook.com\/vivianloureirodermatologia\/","https:\/\/www.instagram.com\/vivianloureirodermatologia\/","https:\/\/www.linkedin.com\/in\/vivian-barzi-loureiro-a6412887\/"]}]}},"amp_enabled":true,"_links":{"self":[{"href":"https:\/\/www.dravivianloureiro.com.br\/blog\/wp-json\/wp\/v2\/posts\/4584"}],"collection":[{"href":"https:\/\/www.dravivianloureiro.com.br\/blog\/wp-json\/wp\/v2\/posts"}],"about":[{"href":"https:\/\/www.dravivianloureiro.com.br\/blog\/wp-json\/wp\/v2\/types\/post"}],"author":[{"embeddable":true,"href":"https:\/\/www.dravivianloureiro.com.br\/blog\/wp-json\/wp\/v2\/users\/1"}],"replies":[{"embeddable":true,"href":"https:\/\/www.dravivianloureiro.com.br\/blog\/wp-json\/wp\/v2\/comments?post=4584"}],"version-history":[{"count":1,"href":"https:\/\/www.dravivianloureiro.com.br\/blog\/wp-json\/wp\/v2\/posts\/4584\/revisions"}],"predecessor-version":[{"id":4599,"href":"https:\/\/www.dravivianloureiro.com.br\/blog\/wp-json\/wp\/v2\/posts\/4584\/revisions\/4599"}],"wp:featuredmedia":[{"embeddable":true,"href":"https:\/\/www.dravivianloureiro.com.br\/blog\/wp-json\/wp\/v2\/media\/4593"}],"wp:attachment":[{"href":"https:\/\/www.dravivianloureiro.com.br\/blog\/wp-json\/wp\/v2\/media?parent=4584"}],"wp:term":[{"taxonomy":"category","embeddable":true,"href":"https:\/\/www.dravivianloureiro.com.br\/blog\/wp-json\/wp\/v2\/categories?post=4584"},{"taxonomy":"post_tag","embeddable":true,"href":"https:\/\/www.dravivianloureiro.com.br\/blog\/wp-json\/wp\/v2\/tags?post=4584"}],"curies":[{"name":"wp","href":"https:\/\/api.w.org\/{rel}","templated":true}]}}