{"id":4569,"date":"2021-07-18T08:49:00","date_gmt":"2021-07-18T11:49:00","guid":{"rendered":"https:\/\/www.dravivianloureiro.com.br\/blog\/?p=4569"},"modified":"2021-08-18T09:23:33","modified_gmt":"2021-08-18T12:23:33","slug":"exilis-e-o-rejuvenescimento-uma-tecnologia-revolucionaria","status":"publish","type":"post","link":"https:\/\/www.dravivianloureiro.com.br\/blog\/exilis-e-o-rejuvenescimento-uma-tecnologia-revolucionaria\/","title":{"rendered":"Exilis e o Rejuvenescimento &#8211; Uma Tecnologia Revolucion\u00e1ria"},"content":{"rendered":"<p class=\"estimated-read-time\">Tempo de leitura:<small> 1 minuto<\/small><\/p> \n<p>O Exilis \u00e9 um aparelho de radiofrequ\u00eancia monopolar para tratamento da flacidez.\u2800<br>\u2800<br>Por meio do aquecimento, essa tecnologia promove a contra\u00e7\u00e3o, remodela\u00e7\u00e3o e atrav\u00e9s do aquecimento, estimula a forma\u00e7\u00e3o e produ\u00e7\u00e3o de novas fibras de col\u00e1geno, melhorando a firmeza da pele, tanto no rosto como no corpo.<br>Esse aparelho \u00e9 uma radiofrequ\u00eancia monopolar e tamb\u00e9m ajuda no tratamento da celulite, gordura localizada e contorno corporal.\u2800<\/p>\n\n\n\n<h2>Quais s\u00e3o as Regi\u00f5es Trabalhadas pelo Exilis?<\/h2>\n\n\n\n<p>O procedimento \u00e9 vers\u00e1til e pode ser realizado em regi\u00f5es faciais e corporais, como no pesco\u00e7o (melhorando a papada), no bumbum, nas coxas, nos bra\u00e7os e pode ser aplicada, tamb\u00e9m, para rejuvenescimento da regi\u00e3o \u00edntima.<\/p>\n\n\n\n<p>\u00c9 uma tecnologia bastante segura e pode ser aplicada em qualquer fototipo.\u2800<\/p>\n\n\n\n<h2>Quantas Sess\u00f5es s\u00e3o Necess\u00e1rias para Obter um Bom Resultado?<\/h2>\n\n\n\n<p>O n\u00famero de sess\u00f5es para qualquer procedimento varia de acordo com o caso do paciente mas, no geral, em rela\u00e7\u00e3o ao Exilis, podemos estipular de 4 a 6 sess\u00f5es, feitas com intervalos semanais ou quinzenais.<\/p>\n\n\n\n<h2>O Exilis D\u00f3i?<\/h2>\n\n\n\n<p>\u00c9 uma tecnologia minimamente invasiva.<\/p>\n\n\n\n<p>Esse tratamento \u00e9 bastante confort\u00e1vel, n\u00e3o precisa de anestesia e nem afastamento das atividades, permitindo retorno imediato para a rotina. \u00c9 um procedimento muito objetivo e eficaz.<\/p>\n\n\n\n<h2>O Exilis Pode ser Associado ao Coolsculpting?\u2800<\/h2>\n\n\n\n<p>\u2800<br>O Exilis e o Coolsculpting s\u00e3o excelentes individualmente mas, quando associados, s\u00e3o ainda melhores para o tratamento corporal.\u2800<br>\u2800<br>O Coolsculpting \u00e9 padr\u00e3o ouro para tratamento n\u00e3o cir\u00fargico da gordura localizada, destruindo, de forma definitiva, at\u00e9 27% das c\u00e9lulas adiposas.\u2800<br>\u2800<br>J\u00e1 o Exilis, como mencionamos anteriormente, atua melhorando a flacidez da pele, atrav\u00e9s da forma\u00e7\u00e3o de col\u00e1geno.\u2800<br>\u2800<br>Quando combinamos as tecnologias, o efeito sin\u00e9rgico potencializa os resultados.\u2800<\/p>\n\n\n\n<p>Lembre-se de buscar por um dermatologista de sua confian\u00e7a, preferencialmente registrado na <a href=\"https:\/\/www.sbd.org.br\/\">Sociedade Brasileira de Dermatologia<\/a>.<\/p>\n","protected":false},"excerpt":{"rendered":"<p><small> 1 minuto<\/small> O Exilis \u00e9 um aparelho de radiofrequ\u00eancia monopolar para tratamento da flacidez.\u2800\u2800Por meio do aquecimento, essa tecnologia promove a contra\u00e7\u00e3o, remodela\u00e7\u00e3o e atrav\u00e9s do aquecimento, estimula a forma\u00e7\u00e3o e produ\u00e7\u00e3o de novas fibras de col\u00e1geno, melhorando a firmeza da pele, tanto no rosto como no corpo.Esse aparelho \u00e9 uma radiofrequ\u00eancia monopolar e tamb\u00e9m ajuda no tratamento da celulite, gordura localizada e contorno corporal.\u2800 Quais s\u00e3o as Regi\u00f5es Trabalhadas pelo Exilis? O procedimento \u00e9 vers\u00e1til e pode ser realizado em regi\u00f5es faciais e <a href=\"https:\/\/www.dravivianloureiro.com.br\/blog\/exilis-e-o-rejuvenescimento-uma-tecnologia-revolucionaria\/\" class=\"more-link\"><span>Continue lendo<\/span>\u2192<\/a><\/p>\n","protected":false},"author":1,"featured_media":4573,"comment_status":"open","ping_status":"open","sticky":false,"template":"","format":"standard","meta":[],"categories":[134,682],"tags":[116,580,677,679,680,167,634,314,355],"yoast_head":"<!-- This site is optimized with the Yoast SEO plugin v20.6 - https:\/\/yoast.com\/wordpress\/plugins\/seo\/ -->\n<title>Exilis e o Rejuvenescimento - Uma Tecnologia Revolucion\u00e1ria - Dra. Vivian Loureiro<\/title>\n<meta name=\"description\" content=\"Dra. Vivian Loureiro \u00e9 Dermatologista e Fala Sobre os Principais Benef\u00edcios do Exilis. Contato (11) 3071.1033 \/ 3168.0534\" \/>\n<meta name=\"robots\" content=\"index, follow, max-snippet:-1, max-image-preview:large, max-video-preview:-1\" \/>\n<link rel=\"canonical\" href=\"https:\/\/www.dravivianloureiro.com.br\/blog\/exilis-e-o-rejuvenescimento-uma-tecnologia-revolucionaria\/\" \/>\n<meta property=\"og:locale\" content=\"pt_BR\" \/>\n<meta property=\"og:type\" content=\"article\" \/>\n<meta property=\"og:title\" content=\"Exilis e o Rejuvenescimento - Uma Tecnologia Revolucion\u00e1ria - Dra. Vivian Loureiro\" \/>\n<meta property=\"og:description\" content=\"Dra. Vivian Loureiro \u00e9 Dermatologista e Fala Sobre os Principais Benef\u00edcios do Exilis. Contato (11) 3071.1033 \/ 3168.0534\" \/>\n<meta property=\"og:url\" content=\"https:\/\/www.dravivianloureiro.com.br\/blog\/exilis-e-o-rejuvenescimento-uma-tecnologia-revolucionaria\/\" \/>\n<meta property=\"og:site_name\" content=\"Dra. Vivian Loureiro\" \/>\n<meta property=\"article:publisher\" content=\"https:\/\/pt-br.facebook.com\/vivianloureirodermatologia\/\" \/>\n<meta property=\"article:author\" content=\"https:\/\/pt-br.facebook.com\/vivianloureirodermatologia\/\" \/>\n<meta property=\"article:published_time\" content=\"2021-07-18T11:49:00+00:00\" \/>\n<meta property=\"article:modified_time\" content=\"2021-08-18T12:23:33+00:00\" \/>\n<meta property=\"og:image\" content=\"https:\/\/www.dravivianloureiro.com.br\/blog\/wp-content\/uploads\/2021\/07\/exilis-e-o-rejuvenescimento-uma-tecnologia-revolucionaria-vivian-loureiro.jpg\" \/>\n\t<meta property=\"og:image:width\" content=\"1200\" \/>\n\t<meta property=\"og:image:height\" content=\"750\" \/>\n\t<meta property=\"og:image:type\" content=\"image\/jpeg\" \/>\n<meta name=\"author\" content=\"Vivian Loureiro\" \/>\n<meta name=\"twitter:card\" content=\"summary_large_image\" \/>\n<meta name=\"twitter:label1\" content=\"Escrito por\" \/>\n\t<meta name=\"twitter:data1\" content=\"Vivian Loureiro\" \/>\n\t<meta name=\"twitter:label2\" content=\"Est. tempo de leitura\" \/>\n\t<meta name=\"twitter:data2\" content=\"2 minutos\" \/>\n<script type=\"application\/ld+json\" class=\"yoast-schema-graph\">{\"@context\":\"https:\/\/schema.org\",\"@graph\":[{\"@type\":\"Article\",\"@id\":\"https:\/\/www.dravivianloureiro.com.br\/blog\/exilis-e-o-rejuvenescimento-uma-tecnologia-revolucionaria\/#article\",\"isPartOf\":{\"@id\":\"https:\/\/www.dravivianloureiro.com.br\/blog\/exilis-e-o-rejuvenescimento-uma-tecnologia-revolucionaria\/\"},\"author\":{\"name\":\"Vivian Loureiro\",\"@id\":\"https:\/\/www.dravivianloureiro.com.br\/blog\/#\/schema\/person\/f6272c0e48dae4364ef626c598c5cb84\"},\"headline\":\"Exilis e o Rejuvenescimento &#8211; Uma Tecnologia Revolucion\u00e1ria\",\"datePublished\":\"2021-07-18T11:49:00+00:00\",\"dateModified\":\"2021-08-18T12:23:33+00:00\",\"mainEntityOfPage\":{\"@id\":\"https:\/\/www.dravivianloureiro.com.br\/blog\/exilis-e-o-rejuvenescimento-uma-tecnologia-revolucionaria\/\"},\"wordCount\":323,\"commentCount\":0,\"publisher\":{\"@id\":\"https:\/\/www.dravivianloureiro.com.br\/blog\/#organization\"},\"keywords\":[\"dra vivian loureiro\",\"exilis\",\"exilis br\",\"o que e o exilis\",\"remodelamento corporal\",\"vivian loureiro\",\"vivian loureiro dermato\",\"vivian loureiro dermatologia\",\"vivian loureiro dermatologista\"],\"articleSection\":[\"Rejuvenescimento\",\"Tecnologias\"],\"inLanguage\":\"pt-BR\",\"potentialAction\":[{\"@type\":\"CommentAction\",\"name\":\"Comment\",\"target\":[\"https:\/\/www.dravivianloureiro.com.br\/blog\/exilis-e-o-rejuvenescimento-uma-tecnologia-revolucionaria\/#respond\"]}]},{\"@type\":\"WebPage\",\"@id\":\"https:\/\/www.dravivianloureiro.com.br\/blog\/exilis-e-o-rejuvenescimento-uma-tecnologia-revolucionaria\/\",\"url\":\"https:\/\/www.dravivianloureiro.com.br\/blog\/exilis-e-o-rejuvenescimento-uma-tecnologia-revolucionaria\/\",\"name\":\"Exilis e o Rejuvenescimento - Uma Tecnologia Revolucion\u00e1ria - Dra. Vivian Loureiro\",\"isPartOf\":{\"@id\":\"https:\/\/www.dravivianloureiro.com.br\/blog\/#website\"},\"datePublished\":\"2021-07-18T11:49:00+00:00\",\"dateModified\":\"2021-08-18T12:23:33+00:00\",\"description\":\"Dra. Vivian Loureiro \u00e9 Dermatologista e Fala Sobre os Principais Benef\u00edcios do Exilis. Contato (11) 3071.1033 \/ 3168.0534\",\"breadcrumb\":{\"@id\":\"https:\/\/www.dravivianloureiro.com.br\/blog\/exilis-e-o-rejuvenescimento-uma-tecnologia-revolucionaria\/#breadcrumb\"},\"inLanguage\":\"pt-BR\",\"potentialAction\":[{\"@type\":\"ReadAction\",\"target\":[\"https:\/\/www.dravivianloureiro.com.br\/blog\/exilis-e-o-rejuvenescimento-uma-tecnologia-revolucionaria\/\"]}]},{\"@type\":\"BreadcrumbList\",\"@id\":\"https:\/\/www.dravivianloureiro.com.br\/blog\/exilis-e-o-rejuvenescimento-uma-tecnologia-revolucionaria\/#breadcrumb\",\"itemListElement\":[{\"@type\":\"ListItem\",\"position\":1,\"name\":\"In\u00edcio\",\"item\":\"https:\/\/www.dravivianloureiro.com.br\/blog\/\"},{\"@type\":\"ListItem\",\"position\":2,\"name\":\"Exilis e o Rejuvenescimento &#8211; Uma Tecnologia Revolucion\u00e1ria\"}]},{\"@type\":\"WebSite\",\"@id\":\"https:\/\/www.dravivianloureiro.com.br\/blog\/#website\",\"url\":\"https:\/\/www.dravivianloureiro.com.br\/blog\/\",\"name\":\"Dermatologista Vivian Loureiro\",\"description\":\"\",\"publisher\":{\"@id\":\"https:\/\/www.dravivianloureiro.com.br\/blog\/#organization\"},\"potentialAction\":[{\"@type\":\"SearchAction\",\"target\":{\"@type\":\"EntryPoint\",\"urlTemplate\":\"https:\/\/www.dravivianloureiro.com.br\/blog\/?s={search_term_string}\"},\"query-input\":\"required name=search_term_string\"}],\"inLanguage\":\"pt-BR\"},{\"@type\":\"Organization\",\"@id\":\"https:\/\/www.dravivianloureiro.com.br\/blog\/#organization\",\"name\":\"Dra. Vivian Loureiro - Dermatologista Em S\u00e3o Paulo\",\"url\":\"https:\/\/www.dravivianloureiro.com.br\/blog\/\",\"logo\":{\"@type\":\"ImageObject\",\"inLanguage\":\"pt-BR\",\"@id\":\"https:\/\/www.dravivianloureiro.com.br\/blog\/#\/schema\/logo\/image\/\",\"url\":\"https:\/\/www.dravivianloureiro.com.br\/blog\/wp-content\/uploads\/2018\/08\/favicon.jpg\",\"contentUrl\":\"https:\/\/www.dravivianloureiro.com.br\/blog\/wp-content\/uploads\/2018\/08\/favicon.jpg\",\"width\":112,\"height\":112,\"caption\":\"Dra. Vivian Loureiro - Dermatologista Em S\u00e3o Paulo\"},\"image\":{\"@id\":\"https:\/\/www.dravivianloureiro.com.br\/blog\/#\/schema\/logo\/image\/\"},\"sameAs\":[\"https:\/\/pt-br.facebook.com\/vivianloureirodermatologia\/\",\"https:\/\/www.instagram.com\/vivianloureirodermatologia\/\",\"https:\/\/www.linkedin.com\/in\/vivian-barzi-loureiro-a6412887\/\"]},{\"@type\":\"Person\",\"@id\":\"https:\/\/www.dravivianloureiro.com.br\/blog\/#\/schema\/person\/f6272c0e48dae4364ef626c598c5cb84\",\"name\":\"Vivian Loureiro\",\"image\":{\"@type\":\"ImageObject\",\"inLanguage\":\"pt-BR\",\"@id\":\"https:\/\/www.dravivianloureiro.com.br\/blog\/#\/schema\/person\/image\/\",\"url\":\"https:\/\/secure.gravatar.com\/avatar\/8ee2b0fae98657240c77e822ae139ad3?s=96&d=wp_user_avatar&r=g\",\"contentUrl\":\"https:\/\/secure.gravatar.com\/avatar\/8ee2b0fae98657240c77e822ae139ad3?s=96&d=wp_user_avatar&r=g\",\"caption\":\"Vivian Loureiro\"},\"description\":\"M\u00e9dica formada pela Universidade de S\u00e3o Paulo (USP). Realizou resid\u00eancia m\u00e9dica em Dermatologia e complementa\u00e7\u00e3o em Cosmiatria e Laser pelo departamento de Dermatologia do Hospital das Cl\u00ednicas da Faculdade de Medicina da Universidade de S\u00e3o Paulo (USP). Possui t\u00edtulo de especialista em Dermatologia. \u00c9 membro da Sociedade Brasileira de Dermatologia (SBD) e Sociedade Brasileira de Cirurgia Dermatol\u00f3gica (SBCD) e m\u00e9dica do grupo Fleury. Atua nas \u00e1reas de Dermatologia Cl\u00ednica, Cir\u00fargica, Pedi\u00e1trica e Est\u00e9tica. Frequenta e palestra nos principais cursos e congressos de dermatologia, nacionais e internacionais, a fim de se manter em constante atualiza\u00e7\u00e3o.\",\"sameAs\":[\"https:\/\/www.dravivianloureiro.com.br\/\",\"https:\/\/pt-br.facebook.com\/vivianloureirodermatologia\/\",\"https:\/\/www.instagram.com\/vivianloureirodermatologia\/\",\"https:\/\/www.linkedin.com\/in\/vivian-barzi-loureiro-a6412887\/\"]}]}<\/script>\n<!-- \/ Yoast SEO plugin. -->","yoast_head_json":{"title":"Exilis e o Rejuvenescimento - Uma Tecnologia Revolucion\u00e1ria - Dra. Vivian Loureiro","description":"Dra. Vivian Loureiro \u00e9 Dermatologista e Fala Sobre os Principais Benef\u00edcios do Exilis. Contato (11) 3071.1033 \/ 3168.0534","robots":{"index":"index","follow":"follow","max-snippet":"max-snippet:-1","max-image-preview":"max-image-preview:large","max-video-preview":"max-video-preview:-1"},"canonical":"https:\/\/www.dravivianloureiro.com.br\/blog\/exilis-e-o-rejuvenescimento-uma-tecnologia-revolucionaria\/","og_locale":"pt_BR","og_type":"article","og_title":"Exilis e o Rejuvenescimento - Uma Tecnologia Revolucion\u00e1ria - Dra. Vivian Loureiro","og_description":"Dra. Vivian Loureiro \u00e9 Dermatologista e Fala Sobre os Principais Benef\u00edcios do Exilis. Contato (11) 3071.1033 \/ 3168.0534","og_url":"https:\/\/www.dravivianloureiro.com.br\/blog\/exilis-e-o-rejuvenescimento-uma-tecnologia-revolucionaria\/","og_site_name":"Dra. Vivian Loureiro","article_publisher":"https:\/\/pt-br.facebook.com\/vivianloureirodermatologia\/","article_author":"https:\/\/pt-br.facebook.com\/vivianloureirodermatologia\/","article_published_time":"2021-07-18T11:49:00+00:00","article_modified_time":"2021-08-18T12:23:33+00:00","og_image":[{"width":1200,"height":750,"url":"https:\/\/www.dravivianloureiro.com.br\/blog\/wp-content\/uploads\/2021\/07\/exilis-e-o-rejuvenescimento-uma-tecnologia-revolucionaria-vivian-loureiro.jpg","type":"image\/jpeg"}],"author":"Vivian Loureiro","twitter_card":"summary_large_image","twitter_misc":{"Escrito por":"Vivian Loureiro","Est. tempo de leitura":"2 minutos"},"schema":{"@context":"https:\/\/schema.org","@graph":[{"@type":"Article","@id":"https:\/\/www.dravivianloureiro.com.br\/blog\/exilis-e-o-rejuvenescimento-uma-tecnologia-revolucionaria\/#article","isPartOf":{"@id":"https:\/\/www.dravivianloureiro.com.br\/blog\/exilis-e-o-rejuvenescimento-uma-tecnologia-revolucionaria\/"},"author":{"name":"Vivian Loureiro","@id":"https:\/\/www.dravivianloureiro.com.br\/blog\/#\/schema\/person\/f6272c0e48dae4364ef626c598c5cb84"},"headline":"Exilis e o Rejuvenescimento &#8211; Uma Tecnologia Revolucion\u00e1ria","datePublished":"2021-07-18T11:49:00+00:00","dateModified":"2021-08-18T12:23:33+00:00","mainEntityOfPage":{"@id":"https:\/\/www.dravivianloureiro.com.br\/blog\/exilis-e-o-rejuvenescimento-uma-tecnologia-revolucionaria\/"},"wordCount":323,"commentCount":0,"publisher":{"@id":"https:\/\/www.dravivianloureiro.com.br\/blog\/#organization"},"keywords":["dra vivian loureiro","exilis","exilis br","o que e o exilis","remodelamento corporal","vivian loureiro","vivian loureiro dermato","vivian loureiro dermatologia","vivian loureiro dermatologista"],"articleSection":["Rejuvenescimento","Tecnologias"],"inLanguage":"pt-BR","potentialAction":[{"@type":"CommentAction","name":"Comment","target":["https:\/\/www.dravivianloureiro.com.br\/blog\/exilis-e-o-rejuvenescimento-uma-tecnologia-revolucionaria\/#respond"]}]},{"@type":"WebPage","@id":"https:\/\/www.dravivianloureiro.com.br\/blog\/exilis-e-o-rejuvenescimento-uma-tecnologia-revolucionaria\/","url":"https:\/\/www.dravivianloureiro.com.br\/blog\/exilis-e-o-rejuvenescimento-uma-tecnologia-revolucionaria\/","name":"Exilis e o Rejuvenescimento - Uma Tecnologia Revolucion\u00e1ria - Dra. Vivian Loureiro","isPartOf":{"@id":"https:\/\/www.dravivianloureiro.com.br\/blog\/#website"},"datePublished":"2021-07-18T11:49:00+00:00","dateModified":"2021-08-18T12:23:33+00:00","description":"Dra. Vivian Loureiro \u00e9 Dermatologista e Fala Sobre os Principais Benef\u00edcios do Exilis. Contato (11) 3071.1033 \/ 3168.0534","breadcrumb":{"@id":"https:\/\/www.dravivianloureiro.com.br\/blog\/exilis-e-o-rejuvenescimento-uma-tecnologia-revolucionaria\/#breadcrumb"},"inLanguage":"pt-BR","potentialAction":[{"@type":"ReadAction","target":["https:\/\/www.dravivianloureiro.com.br\/blog\/exilis-e-o-rejuvenescimento-uma-tecnologia-revolucionaria\/"]}]},{"@type":"BreadcrumbList","@id":"https:\/\/www.dravivianloureiro.com.br\/blog\/exilis-e-o-rejuvenescimento-uma-tecnologia-revolucionaria\/#breadcrumb","itemListElement":[{"@type":"ListItem","position":1,"name":"In\u00edcio","item":"https:\/\/www.dravivianloureiro.com.br\/blog\/"},{"@type":"ListItem","position":2,"name":"Exilis e o Rejuvenescimento &#8211; Uma Tecnologia Revolucion\u00e1ria"}]},{"@type":"WebSite","@id":"https:\/\/www.dravivianloureiro.com.br\/blog\/#website","url":"https:\/\/www.dravivianloureiro.com.br\/blog\/","name":"Dermatologista Vivian Loureiro","description":"","publisher":{"@id":"https:\/\/www.dravivianloureiro.com.br\/blog\/#organization"},"potentialAction":[{"@type":"SearchAction","target":{"@type":"EntryPoint","urlTemplate":"https:\/\/www.dravivianloureiro.com.br\/blog\/?s={search_term_string}"},"query-input":"required name=search_term_string"}],"inLanguage":"pt-BR"},{"@type":"Organization","@id":"https:\/\/www.dravivianloureiro.com.br\/blog\/#organization","name":"Dra. Vivian Loureiro - Dermatologista Em S\u00e3o Paulo","url":"https:\/\/www.dravivianloureiro.com.br\/blog\/","logo":{"@type":"ImageObject","inLanguage":"pt-BR","@id":"https:\/\/www.dravivianloureiro.com.br\/blog\/#\/schema\/logo\/image\/","url":"https:\/\/www.dravivianloureiro.com.br\/blog\/wp-content\/uploads\/2018\/08\/favicon.jpg","contentUrl":"https:\/\/www.dravivianloureiro.com.br\/blog\/wp-content\/uploads\/2018\/08\/favicon.jpg","width":112,"height":112,"caption":"Dra. Vivian Loureiro - Dermatologista Em S\u00e3o Paulo"},"image":{"@id":"https:\/\/www.dravivianloureiro.com.br\/blog\/#\/schema\/logo\/image\/"},"sameAs":["https:\/\/pt-br.facebook.com\/vivianloureirodermatologia\/","https:\/\/www.instagram.com\/vivianloureirodermatologia\/","https:\/\/www.linkedin.com\/in\/vivian-barzi-loureiro-a6412887\/"]},{"@type":"Person","@id":"https:\/\/www.dravivianloureiro.com.br\/blog\/#\/schema\/person\/f6272c0e48dae4364ef626c598c5cb84","name":"Vivian Loureiro","image":{"@type":"ImageObject","inLanguage":"pt-BR","@id":"https:\/\/www.dravivianloureiro.com.br\/blog\/#\/schema\/person\/image\/","url":"https:\/\/secure.gravatar.com\/avatar\/8ee2b0fae98657240c77e822ae139ad3?s=96&d=wp_user_avatar&r=g","contentUrl":"https:\/\/secure.gravatar.com\/avatar\/8ee2b0fae98657240c77e822ae139ad3?s=96&d=wp_user_avatar&r=g","caption":"Vivian Loureiro"},"description":"M\u00e9dica formada pela Universidade de S\u00e3o Paulo (USP). Realizou resid\u00eancia m\u00e9dica em Dermatologia e complementa\u00e7\u00e3o em Cosmiatria e Laser pelo departamento de Dermatologia do Hospital das Cl\u00ednicas da Faculdade de Medicina da Universidade de S\u00e3o Paulo (USP). Possui t\u00edtulo de especialista em Dermatologia. \u00c9 membro da Sociedade Brasileira de Dermatologia (SBD) e Sociedade Brasileira de Cirurgia Dermatol\u00f3gica (SBCD) e m\u00e9dica do grupo Fleury. Atua nas \u00e1reas de Dermatologia Cl\u00ednica, Cir\u00fargica, Pedi\u00e1trica e Est\u00e9tica. Frequenta e palestra nos principais cursos e congressos de dermatologia, nacionais e internacionais, a fim de se manter em constante atualiza\u00e7\u00e3o.","sameAs":["https:\/\/www.dravivianloureiro.com.br\/","https:\/\/pt-br.facebook.com\/vivianloureirodermatologia\/","https:\/\/www.instagram.com\/vivianloureirodermatologia\/","https:\/\/www.linkedin.com\/in\/vivian-barzi-loureiro-a6412887\/"]}]}},"amp_enabled":true,"_links":{"self":[{"href":"https:\/\/www.dravivianloureiro.com.br\/blog\/wp-json\/wp\/v2\/posts\/4569"}],"collection":[{"href":"https:\/\/www.dravivianloureiro.com.br\/blog\/wp-json\/wp\/v2\/posts"}],"about":[{"href":"https:\/\/www.dravivianloureiro.com.br\/blog\/wp-json\/wp\/v2\/types\/post"}],"author":[{"embeddable":true,"href":"https:\/\/www.dravivianloureiro.com.br\/blog\/wp-json\/wp\/v2\/users\/1"}],"replies":[{"embeddable":true,"href":"https:\/\/www.dravivianloureiro.com.br\/blog\/wp-json\/wp\/v2\/comments?post=4569"}],"version-history":[{"count":0,"href":"https:\/\/www.dravivianloureiro.com.br\/blog\/wp-json\/wp\/v2\/posts\/4569\/revisions"}],"wp:featuredmedia":[{"embeddable":true,"href":"https:\/\/www.dravivianloureiro.com.br\/blog\/wp-json\/wp\/v2\/media\/4573"}],"wp:attachment":[{"href":"https:\/\/www.dravivianloureiro.com.br\/blog\/wp-json\/wp\/v2\/media?parent=4569"}],"wp:term":[{"taxonomy":"category","embeddable":true,"href":"https:\/\/www.dravivianloureiro.com.br\/blog\/wp-json\/wp\/v2\/categories?post=4569"},{"taxonomy":"post_tag","embeddable":true,"href":"https:\/\/www.dravivianloureiro.com.br\/blog\/wp-json\/wp\/v2\/tags?post=4569"}],"curies":[{"name":"wp","href":"https:\/\/api.w.org\/{rel}","templated":true}]}}