{"id":4560,"date":"2021-05-28T12:12:00","date_gmt":"2021-05-28T15:12:00","guid":{"rendered":"https:\/\/www.dravivianloureiro.com.br\/blog\/?p=4560"},"modified":"2021-07-27T22:26:15","modified_gmt":"2021-07-28T01:26:15","slug":"cuidados-com-a-pele-principais-dicas","status":"publish","type":"post","link":"https:\/\/www.dravivianloureiro.com.br\/blog\/cuidados-com-a-pele-principais-dicas\/","title":{"rendered":"Cuidados com a Pele &#8211; 2 Dicas Interessantes"},"content":{"rendered":"<p class=\"estimated-read-time\">Tempo de leitura:<small> 1 minuto<\/small><\/p> \n<p>Voc\u00ea segue uma rotina de cuidados com a pele?\u2800<br>\u2800<br>Se a resposta for sim, fico muito feliz! \u2800<br>Mas voc\u00ea realmente aproveita esse momento? \u2800<br>\u2800<br>A rotina de skincare \u00e9 mais do que um simples passo a passo para manter a pele limpa e hidratada, esse \u00e9 um momento de autocuidado.\u2800<br>\u2800<br>Aproveite a hora de fazer seu skincare para transform\u00e1-lo em seu pr\u00f3prio spa em casa.\u2800<br>\u2800<br>Aqui v\u00e3o algumas dicas para transformar o skincare em um momento seu:\u2800<br>\u2800<br>\u2728 Escolha um lugar claro, iluminado e tranquilo\u2800<br>\u2728 Monte uma playlist com as suas m\u00fasicas favoritas\u2800<br>\u2728 Fa\u00e7a tudo com calma e aten\u00e7\u00e3o \u2800<br>\u2728 Acender uma vela com um cheirinho gostoso ajuda a criar um clima mais relaxante \u2800<\/p>\n\n\n\n<h2>N\u00e3o Dormir de Maquiagem \u00e9 um dos Principais Cuidados com a Pele!<\/h2>\n\n\n\n<p>Quem nunca ficou com pregui\u00e7a e acabou dormindo de maquiagem, que atire a primeira pedra. No entanto, esse h\u00e1bito \u00e9 prejudicial \u00e0 sa\u00fade da nossa pele.\u2800<br>\u2800<br>Aqui v\u00e3o alguns motivos para te convencer a n\u00e3o dormir maquiada:\u2800<br>\u2800<br>? Esses tipos de cosm\u00e9ticos entopem os poros e aumentam a oleosidade, causando cravos e espinhas;\u2800<br>? Part\u00edculas de cosm\u00e9ticos podem entrar nos olhos, provocando irrita\u00e7\u00f5es;\u2800<br>? A sua pele perde o vi\u00e7o e luminosidade;\u2800<br>? Sem remover a maquiagem, a aplica\u00e7\u00e3o e absor\u00e7\u00e3o dos produtos s\u00e3o prejudicadas.\u2800<br>\u2800<br>\u00c9 imprescind\u00edvel que voc\u00ea inclua a remo\u00e7\u00e3o da maquiagem em sua rotina de cuidados com a pele.\u2800<br>\u2800<br>Al\u00e9m da \u00e1gua e sabonete, sugerimos a aplica\u00e7\u00e3o de um demaquilante ou \u00e1gua micelar para complementar a limpeza da pele.\u2800<br>\u2800<br>Lembre-se de dar uma aten\u00e7\u00e3o especial aos seus olhos. Certifique-se de que voc\u00ea retirou toda a m\u00e1scara ou o delineador. \u2800<br>\u2800<br>DICA: No dia-a-dia, escolha produtos que n\u00e3o sejam a prova d\u2019\u00e1gua, pois s\u00e3o mais f\u00e1ceis de remover e n\u00e3o deixam res\u00edduos.\u2800<br>\u2800<br>Ningu\u00e9m mais vai acordar panda no dia seguinte&#8230; ? Rs.\u2800<\/p>\n\n\n\n<p>Dra. Vivian Loureiro &#8211; <a href=\"https:\/\/www.sbd.org.br\/\">Sociedade Brasileira de Dermatologia<\/a><\/p>\n","protected":false},"excerpt":{"rendered":"<p><small> 1 minuto<\/small> Voc\u00ea segue uma rotina de cuidados com a pele?\u2800\u2800Se a resposta for sim, fico muito feliz! \u2800Mas voc\u00ea realmente aproveita esse momento? \u2800\u2800A rotina de skincare \u00e9 mais do que um simples passo a passo para manter a pele limpa e hidratada, esse \u00e9 um momento de autocuidado.\u2800\u2800Aproveite a hora de fazer seu skincare para transform\u00e1-lo em seu pr\u00f3prio spa em casa.\u2800\u2800Aqui v\u00e3o algumas dicas para transformar o skincare em um momento seu:\u2800\u2800\u2728 Escolha um lugar claro, iluminado e tranquilo\u2800\u2728 Monte uma <a href=\"https:\/\/www.dravivianloureiro.com.br\/blog\/cuidados-com-a-pele-principais-dicas\/\" class=\"more-link\"><span>Continue lendo<\/span>\u2192<\/a><\/p>\n","protected":false},"author":1,"featured_media":4561,"comment_status":"open","ping_status":"open","sticky":false,"template":"","format":"standard","meta":[],"categories":[7,368,1],"tags":[122,100,317,175,653,657],"yoast_head":"<!-- This site is optimized with the Yoast SEO plugin v20.6 - https:\/\/yoast.com\/wordpress\/plugins\/seo\/ -->\n<title>Cuidados com a Pele - Principais Dicas - Dra. Vivian Loureiro<\/title>\n<meta name=\"description\" content=\"Dra. Vivian Loureiro \u00e9 Dermatologista e d\u00e1 Dicas de Cuidados com a Pele, como n\u00e3o Dormir de Maquiagem. Contato (11) 3071.1033 \/ 3168.0534\" \/>\n<meta name=\"robots\" content=\"index, follow, max-snippet:-1, max-image-preview:large, max-video-preview:-1\" \/>\n<link rel=\"canonical\" href=\"https:\/\/www.dravivianloureiro.com.br\/blog\/cuidados-com-a-pele-principais-dicas\/\" \/>\n<meta property=\"og:locale\" content=\"pt_BR\" \/>\n<meta property=\"og:type\" content=\"article\" \/>\n<meta property=\"og:title\" content=\"Cuidados com a Pele - Principais Dicas - Dra. Vivian Loureiro\" \/>\n<meta property=\"og:description\" content=\"Dra. Vivian Loureiro \u00e9 Dermatologista e d\u00e1 Dicas de Cuidados com a Pele, como n\u00e3o Dormir de Maquiagem. Contato (11) 3071.1033 \/ 3168.0534\" \/>\n<meta property=\"og:url\" content=\"https:\/\/www.dravivianloureiro.com.br\/blog\/cuidados-com-a-pele-principais-dicas\/\" \/>\n<meta property=\"og:site_name\" content=\"Dra. Vivian Loureiro\" \/>\n<meta property=\"article:publisher\" content=\"https:\/\/pt-br.facebook.com\/vivianloureirodermatologia\/\" \/>\n<meta property=\"article:author\" content=\"https:\/\/pt-br.facebook.com\/vivianloureirodermatologia\/\" \/>\n<meta property=\"article:published_time\" content=\"2021-05-28T15:12:00+00:00\" \/>\n<meta property=\"article:modified_time\" content=\"2021-07-28T01:26:15+00:00\" \/>\n<meta property=\"og:image\" content=\"https:\/\/www.dravivianloureiro.com.br\/blog\/wp-content\/uploads\/2021\/06\/cuidados-com-a-pele-principais-dicas-dra-vivian-loureiro.png\" \/>\n\t<meta property=\"og:image:width\" content=\"1200\" \/>\n\t<meta property=\"og:image:height\" content=\"750\" \/>\n\t<meta property=\"og:image:type\" content=\"image\/png\" \/>\n<meta name=\"author\" content=\"Vivian Loureiro\" \/>\n<meta name=\"twitter:card\" content=\"summary_large_image\" \/>\n<meta name=\"twitter:label1\" content=\"Escrito por\" \/>\n\t<meta name=\"twitter:data1\" content=\"Vivian Loureiro\" \/>\n\t<meta name=\"twitter:label2\" content=\"Est. tempo de leitura\" \/>\n\t<meta name=\"twitter:data2\" content=\"2 minutos\" \/>\n<script type=\"application\/ld+json\" class=\"yoast-schema-graph\">{\"@context\":\"https:\/\/schema.org\",\"@graph\":[{\"@type\":\"Article\",\"@id\":\"https:\/\/www.dravivianloureiro.com.br\/blog\/cuidados-com-a-pele-principais-dicas\/#article\",\"isPartOf\":{\"@id\":\"https:\/\/www.dravivianloureiro.com.br\/blog\/cuidados-com-a-pele-principais-dicas\/\"},\"author\":{\"name\":\"Vivian Loureiro\",\"@id\":\"https:\/\/www.dravivianloureiro.com.br\/blog\/#\/schema\/person\/f6272c0e48dae4364ef626c598c5cb84\"},\"headline\":\"Cuidados com a Pele &#8211; 2 Dicas Interessantes\",\"datePublished\":\"2021-05-28T15:12:00+00:00\",\"dateModified\":\"2021-07-28T01:26:15+00:00\",\"mainEntityOfPage\":{\"@id\":\"https:\/\/www.dravivianloureiro.com.br\/blog\/cuidados-com-a-pele-principais-dicas\/\"},\"wordCount\":333,\"commentCount\":0,\"publisher\":{\"@id\":\"https:\/\/www.dravivianloureiro.com.br\/blog\/#organization\"},\"keywords\":[\"cuidados com a pele\",\"dermato itaim\",\"dermato sp\",\"dermatologia\",\"dermatologista sp\",\"dicas cuidado com a pele\"],\"articleSection\":[\"Dicas e Cuidados\",\"Est\u00e9ticos\"],\"inLanguage\":\"pt-BR\",\"potentialAction\":[{\"@type\":\"CommentAction\",\"name\":\"Comment\",\"target\":[\"https:\/\/www.dravivianloureiro.com.br\/blog\/cuidados-com-a-pele-principais-dicas\/#respond\"]}]},{\"@type\":\"WebPage\",\"@id\":\"https:\/\/www.dravivianloureiro.com.br\/blog\/cuidados-com-a-pele-principais-dicas\/\",\"url\":\"https:\/\/www.dravivianloureiro.com.br\/blog\/cuidados-com-a-pele-principais-dicas\/\",\"name\":\"Cuidados com a Pele - Principais Dicas - Dra. Vivian Loureiro\",\"isPartOf\":{\"@id\":\"https:\/\/www.dravivianloureiro.com.br\/blog\/#website\"},\"datePublished\":\"2021-05-28T15:12:00+00:00\",\"dateModified\":\"2021-07-28T01:26:15+00:00\",\"description\":\"Dra. Vivian Loureiro \u00e9 Dermatologista e d\u00e1 Dicas de Cuidados com a Pele, como n\u00e3o Dormir de Maquiagem. Contato (11) 3071.1033 \/ 3168.0534\",\"breadcrumb\":{\"@id\":\"https:\/\/www.dravivianloureiro.com.br\/blog\/cuidados-com-a-pele-principais-dicas\/#breadcrumb\"},\"inLanguage\":\"pt-BR\",\"potentialAction\":[{\"@type\":\"ReadAction\",\"target\":[\"https:\/\/www.dravivianloureiro.com.br\/blog\/cuidados-com-a-pele-principais-dicas\/\"]}]},{\"@type\":\"BreadcrumbList\",\"@id\":\"https:\/\/www.dravivianloureiro.com.br\/blog\/cuidados-com-a-pele-principais-dicas\/#breadcrumb\",\"itemListElement\":[{\"@type\":\"ListItem\",\"position\":1,\"name\":\"In\u00edcio\",\"item\":\"https:\/\/www.dravivianloureiro.com.br\/blog\/\"},{\"@type\":\"ListItem\",\"position\":2,\"name\":\"Cuidados com a Pele &#8211; 2 Dicas Interessantes\"}]},{\"@type\":\"WebSite\",\"@id\":\"https:\/\/www.dravivianloureiro.com.br\/blog\/#website\",\"url\":\"https:\/\/www.dravivianloureiro.com.br\/blog\/\",\"name\":\"Dermatologista Vivian Loureiro\",\"description\":\"\",\"publisher\":{\"@id\":\"https:\/\/www.dravivianloureiro.com.br\/blog\/#organization\"},\"potentialAction\":[{\"@type\":\"SearchAction\",\"target\":{\"@type\":\"EntryPoint\",\"urlTemplate\":\"https:\/\/www.dravivianloureiro.com.br\/blog\/?s={search_term_string}\"},\"query-input\":\"required name=search_term_string\"}],\"inLanguage\":\"pt-BR\"},{\"@type\":\"Organization\",\"@id\":\"https:\/\/www.dravivianloureiro.com.br\/blog\/#organization\",\"name\":\"Dra. Vivian Loureiro - Dermatologista Em S\u00e3o Paulo\",\"url\":\"https:\/\/www.dravivianloureiro.com.br\/blog\/\",\"logo\":{\"@type\":\"ImageObject\",\"inLanguage\":\"pt-BR\",\"@id\":\"https:\/\/www.dravivianloureiro.com.br\/blog\/#\/schema\/logo\/image\/\",\"url\":\"https:\/\/www.dravivianloureiro.com.br\/blog\/wp-content\/uploads\/2018\/08\/favicon.jpg\",\"contentUrl\":\"https:\/\/www.dravivianloureiro.com.br\/blog\/wp-content\/uploads\/2018\/08\/favicon.jpg\",\"width\":112,\"height\":112,\"caption\":\"Dra. Vivian Loureiro - Dermatologista Em S\u00e3o Paulo\"},\"image\":{\"@id\":\"https:\/\/www.dravivianloureiro.com.br\/blog\/#\/schema\/logo\/image\/\"},\"sameAs\":[\"https:\/\/pt-br.facebook.com\/vivianloureirodermatologia\/\",\"https:\/\/www.instagram.com\/vivianloureirodermatologia\/\",\"https:\/\/www.linkedin.com\/in\/vivian-barzi-loureiro-a6412887\/\"]},{\"@type\":\"Person\",\"@id\":\"https:\/\/www.dravivianloureiro.com.br\/blog\/#\/schema\/person\/f6272c0e48dae4364ef626c598c5cb84\",\"name\":\"Vivian Loureiro\",\"image\":{\"@type\":\"ImageObject\",\"inLanguage\":\"pt-BR\",\"@id\":\"https:\/\/www.dravivianloureiro.com.br\/blog\/#\/schema\/person\/image\/\",\"url\":\"https:\/\/secure.gravatar.com\/avatar\/8ee2b0fae98657240c77e822ae139ad3?s=96&d=wp_user_avatar&r=g\",\"contentUrl\":\"https:\/\/secure.gravatar.com\/avatar\/8ee2b0fae98657240c77e822ae139ad3?s=96&d=wp_user_avatar&r=g\",\"caption\":\"Vivian Loureiro\"},\"description\":\"M\u00e9dica formada pela Universidade de S\u00e3o Paulo (USP). Realizou resid\u00eancia m\u00e9dica em Dermatologia e complementa\u00e7\u00e3o em Cosmiatria e Laser pelo departamento de Dermatologia do Hospital das Cl\u00ednicas da Faculdade de Medicina da Universidade de S\u00e3o Paulo (USP). Possui t\u00edtulo de especialista em Dermatologia. \u00c9 membro da Sociedade Brasileira de Dermatologia (SBD) e Sociedade Brasileira de Cirurgia Dermatol\u00f3gica (SBCD) e m\u00e9dica do grupo Fleury. Atua nas \u00e1reas de Dermatologia Cl\u00ednica, Cir\u00fargica, Pedi\u00e1trica e Est\u00e9tica. Frequenta e palestra nos principais cursos e congressos de dermatologia, nacionais e internacionais, a fim de se manter em constante atualiza\u00e7\u00e3o.\",\"sameAs\":[\"https:\/\/www.dravivianloureiro.com.br\/\",\"https:\/\/pt-br.facebook.com\/vivianloureirodermatologia\/\",\"https:\/\/www.instagram.com\/vivianloureirodermatologia\/\",\"https:\/\/www.linkedin.com\/in\/vivian-barzi-loureiro-a6412887\/\"]}]}<\/script>\n<!-- \/ Yoast SEO plugin. -->","yoast_head_json":{"title":"Cuidados com a Pele - Principais Dicas - Dra. Vivian Loureiro","description":"Dra. Vivian Loureiro \u00e9 Dermatologista e d\u00e1 Dicas de Cuidados com a Pele, como n\u00e3o Dormir de Maquiagem. Contato (11) 3071.1033 \/ 3168.0534","robots":{"index":"index","follow":"follow","max-snippet":"max-snippet:-1","max-image-preview":"max-image-preview:large","max-video-preview":"max-video-preview:-1"},"canonical":"https:\/\/www.dravivianloureiro.com.br\/blog\/cuidados-com-a-pele-principais-dicas\/","og_locale":"pt_BR","og_type":"article","og_title":"Cuidados com a Pele - Principais Dicas - Dra. Vivian Loureiro","og_description":"Dra. Vivian Loureiro \u00e9 Dermatologista e d\u00e1 Dicas de Cuidados com a Pele, como n\u00e3o Dormir de Maquiagem. Contato (11) 3071.1033 \/ 3168.0534","og_url":"https:\/\/www.dravivianloureiro.com.br\/blog\/cuidados-com-a-pele-principais-dicas\/","og_site_name":"Dra. Vivian Loureiro","article_publisher":"https:\/\/pt-br.facebook.com\/vivianloureirodermatologia\/","article_author":"https:\/\/pt-br.facebook.com\/vivianloureirodermatologia\/","article_published_time":"2021-05-28T15:12:00+00:00","article_modified_time":"2021-07-28T01:26:15+00:00","og_image":[{"width":1200,"height":750,"url":"https:\/\/www.dravivianloureiro.com.br\/blog\/wp-content\/uploads\/2021\/06\/cuidados-com-a-pele-principais-dicas-dra-vivian-loureiro.png","type":"image\/png"}],"author":"Vivian Loureiro","twitter_card":"summary_large_image","twitter_misc":{"Escrito por":"Vivian Loureiro","Est. tempo de leitura":"2 minutos"},"schema":{"@context":"https:\/\/schema.org","@graph":[{"@type":"Article","@id":"https:\/\/www.dravivianloureiro.com.br\/blog\/cuidados-com-a-pele-principais-dicas\/#article","isPartOf":{"@id":"https:\/\/www.dravivianloureiro.com.br\/blog\/cuidados-com-a-pele-principais-dicas\/"},"author":{"name":"Vivian Loureiro","@id":"https:\/\/www.dravivianloureiro.com.br\/blog\/#\/schema\/person\/f6272c0e48dae4364ef626c598c5cb84"},"headline":"Cuidados com a Pele &#8211; 2 Dicas Interessantes","datePublished":"2021-05-28T15:12:00+00:00","dateModified":"2021-07-28T01:26:15+00:00","mainEntityOfPage":{"@id":"https:\/\/www.dravivianloureiro.com.br\/blog\/cuidados-com-a-pele-principais-dicas\/"},"wordCount":333,"commentCount":0,"publisher":{"@id":"https:\/\/www.dravivianloureiro.com.br\/blog\/#organization"},"keywords":["cuidados com a pele","dermato itaim","dermato sp","dermatologia","dermatologista sp","dicas cuidado com a pele"],"articleSection":["Dicas e Cuidados","Est\u00e9ticos"],"inLanguage":"pt-BR","potentialAction":[{"@type":"CommentAction","name":"Comment","target":["https:\/\/www.dravivianloureiro.com.br\/blog\/cuidados-com-a-pele-principais-dicas\/#respond"]}]},{"@type":"WebPage","@id":"https:\/\/www.dravivianloureiro.com.br\/blog\/cuidados-com-a-pele-principais-dicas\/","url":"https:\/\/www.dravivianloureiro.com.br\/blog\/cuidados-com-a-pele-principais-dicas\/","name":"Cuidados com a Pele - Principais Dicas - Dra. Vivian Loureiro","isPartOf":{"@id":"https:\/\/www.dravivianloureiro.com.br\/blog\/#website"},"datePublished":"2021-05-28T15:12:00+00:00","dateModified":"2021-07-28T01:26:15+00:00","description":"Dra. Vivian Loureiro \u00e9 Dermatologista e d\u00e1 Dicas de Cuidados com a Pele, como n\u00e3o Dormir de Maquiagem. Contato (11) 3071.1033 \/ 3168.0534","breadcrumb":{"@id":"https:\/\/www.dravivianloureiro.com.br\/blog\/cuidados-com-a-pele-principais-dicas\/#breadcrumb"},"inLanguage":"pt-BR","potentialAction":[{"@type":"ReadAction","target":["https:\/\/www.dravivianloureiro.com.br\/blog\/cuidados-com-a-pele-principais-dicas\/"]}]},{"@type":"BreadcrumbList","@id":"https:\/\/www.dravivianloureiro.com.br\/blog\/cuidados-com-a-pele-principais-dicas\/#breadcrumb","itemListElement":[{"@type":"ListItem","position":1,"name":"In\u00edcio","item":"https:\/\/www.dravivianloureiro.com.br\/blog\/"},{"@type":"ListItem","position":2,"name":"Cuidados com a Pele &#8211; 2 Dicas Interessantes"}]},{"@type":"WebSite","@id":"https:\/\/www.dravivianloureiro.com.br\/blog\/#website","url":"https:\/\/www.dravivianloureiro.com.br\/blog\/","name":"Dermatologista Vivian Loureiro","description":"","publisher":{"@id":"https:\/\/www.dravivianloureiro.com.br\/blog\/#organization"},"potentialAction":[{"@type":"SearchAction","target":{"@type":"EntryPoint","urlTemplate":"https:\/\/www.dravivianloureiro.com.br\/blog\/?s={search_term_string}"},"query-input":"required name=search_term_string"}],"inLanguage":"pt-BR"},{"@type":"Organization","@id":"https:\/\/www.dravivianloureiro.com.br\/blog\/#organization","name":"Dra. Vivian Loureiro - Dermatologista Em S\u00e3o Paulo","url":"https:\/\/www.dravivianloureiro.com.br\/blog\/","logo":{"@type":"ImageObject","inLanguage":"pt-BR","@id":"https:\/\/www.dravivianloureiro.com.br\/blog\/#\/schema\/logo\/image\/","url":"https:\/\/www.dravivianloureiro.com.br\/blog\/wp-content\/uploads\/2018\/08\/favicon.jpg","contentUrl":"https:\/\/www.dravivianloureiro.com.br\/blog\/wp-content\/uploads\/2018\/08\/favicon.jpg","width":112,"height":112,"caption":"Dra. Vivian Loureiro - Dermatologista Em S\u00e3o Paulo"},"image":{"@id":"https:\/\/www.dravivianloureiro.com.br\/blog\/#\/schema\/logo\/image\/"},"sameAs":["https:\/\/pt-br.facebook.com\/vivianloureirodermatologia\/","https:\/\/www.instagram.com\/vivianloureirodermatologia\/","https:\/\/www.linkedin.com\/in\/vivian-barzi-loureiro-a6412887\/"]},{"@type":"Person","@id":"https:\/\/www.dravivianloureiro.com.br\/blog\/#\/schema\/person\/f6272c0e48dae4364ef626c598c5cb84","name":"Vivian Loureiro","image":{"@type":"ImageObject","inLanguage":"pt-BR","@id":"https:\/\/www.dravivianloureiro.com.br\/blog\/#\/schema\/person\/image\/","url":"https:\/\/secure.gravatar.com\/avatar\/8ee2b0fae98657240c77e822ae139ad3?s=96&d=wp_user_avatar&r=g","contentUrl":"https:\/\/secure.gravatar.com\/avatar\/8ee2b0fae98657240c77e822ae139ad3?s=96&d=wp_user_avatar&r=g","caption":"Vivian Loureiro"},"description":"M\u00e9dica formada pela Universidade de S\u00e3o Paulo (USP). Realizou resid\u00eancia m\u00e9dica em Dermatologia e complementa\u00e7\u00e3o em Cosmiatria e Laser pelo departamento de Dermatologia do Hospital das Cl\u00ednicas da Faculdade de Medicina da Universidade de S\u00e3o Paulo (USP). Possui t\u00edtulo de especialista em Dermatologia. \u00c9 membro da Sociedade Brasileira de Dermatologia (SBD) e Sociedade Brasileira de Cirurgia Dermatol\u00f3gica (SBCD) e m\u00e9dica do grupo Fleury. Atua nas \u00e1reas de Dermatologia Cl\u00ednica, Cir\u00fargica, Pedi\u00e1trica e Est\u00e9tica. Frequenta e palestra nos principais cursos e congressos de dermatologia, nacionais e internacionais, a fim de se manter em constante atualiza\u00e7\u00e3o.","sameAs":["https:\/\/www.dravivianloureiro.com.br\/","https:\/\/pt-br.facebook.com\/vivianloureirodermatologia\/","https:\/\/www.instagram.com\/vivianloureirodermatologia\/","https:\/\/www.linkedin.com\/in\/vivian-barzi-loureiro-a6412887\/"]}]}},"amp_enabled":true,"_links":{"self":[{"href":"https:\/\/www.dravivianloureiro.com.br\/blog\/wp-json\/wp\/v2\/posts\/4560"}],"collection":[{"href":"https:\/\/www.dravivianloureiro.com.br\/blog\/wp-json\/wp\/v2\/posts"}],"about":[{"href":"https:\/\/www.dravivianloureiro.com.br\/blog\/wp-json\/wp\/v2\/types\/post"}],"author":[{"embeddable":true,"href":"https:\/\/www.dravivianloureiro.com.br\/blog\/wp-json\/wp\/v2\/users\/1"}],"replies":[{"embeddable":true,"href":"https:\/\/www.dravivianloureiro.com.br\/blog\/wp-json\/wp\/v2\/comments?post=4560"}],"version-history":[{"count":0,"href":"https:\/\/www.dravivianloureiro.com.br\/blog\/wp-json\/wp\/v2\/posts\/4560\/revisions"}],"wp:featuredmedia":[{"embeddable":true,"href":"https:\/\/www.dravivianloureiro.com.br\/blog\/wp-json\/wp\/v2\/media\/4561"}],"wp:attachment":[{"href":"https:\/\/www.dravivianloureiro.com.br\/blog\/wp-json\/wp\/v2\/media?parent=4560"}],"wp:term":[{"taxonomy":"category","embeddable":true,"href":"https:\/\/www.dravivianloureiro.com.br\/blog\/wp-json\/wp\/v2\/categories?post=4560"},{"taxonomy":"post_tag","embeddable":true,"href":"https:\/\/www.dravivianloureiro.com.br\/blog\/wp-json\/wp\/v2\/tags?post=4560"}],"curies":[{"name":"wp","href":"https:\/\/api.w.org\/{rel}","templated":true}]}}