{"id":4517,"date":"2018-06-01T16:41:59","date_gmt":"2018-06-01T19:41:59","guid":{"rendered":"https:\/\/beautybeyondskin.com\/?p=4517"},"modified":"2018-06-01T16:41:59","modified_gmt":"2018-06-01T19:41:59","slug":"fios-de-sustentacao-harmonizacao-e-rejuvenescimento-facial","status":"publish","type":"post","link":"https:\/\/www.dravivianloureiro.com.br\/blog\/fios-de-sustentacao-harmonizacao-e-rejuvenescimento-facial\/","title":{"rendered":"Fios de Sustenta\u00e7\u00e3o &#8211; Harmoniza\u00e7\u00e3o e Rejuvenescimento Facial"},"content":{"rendered":"<p class=\"estimated-read-time\">Tempo de leitura:<small> 2 minutos<\/small><\/p> <p><span style=\"font-weight: 400;\">Voc\u00ea j\u00e1 ouviu falar dos Fios de Sustenta\u00e7\u00e3o e suas vantagens?<\/span><\/p>\n<p><span style=\"font-weight: 400;\">J\u00e1 falamos em algumas postagens sobre as vantagens dos tratamentos minimamente invasivos e em como a procura por eles vem crescendo nos \u00faltimos anos.<\/span><\/p>\n<p><span style=\"font-weight: 400;\">Os <\/span><a href=\"https:\/\/beautybeyondskin.com\/minimamente-invasivos\/\"><span style=\"font-weight: 400;\">minimamente<\/span><span style=\"font-weight: 400;\"> i<\/span><span style=\"font-weight: 400;\">nvasi<\/span><span style=\"font-weight: 400;\">v<\/span><span style=\"font-weight: 400;\">os<\/span><\/a><span style=\"font-weight: 400;\"> s\u00e3o uma \u00f3tima alternativa para cuidar da apar\u00eancia sem precisar passar por procedimentos de grande porte. Seguros e eficazes, proporcionam \u00f3timos resultados no rejuvenescimento ao todo.<\/span><\/p>\n<h2><span style=\"font-weight: 400;\">O que s\u00e3o os Fios de Sustenta\u00e7\u00e3o?<\/span><\/h2>\n<p><span style=\"font-weight: 400;\">Os fios de sustenta\u00e7\u00e3o absorv\u00edveis fazem parte de um tratamento inovador que redefine o contorno facial atrav\u00e9s da redu\u00e7\u00e3o de rugas, promovendo a recupera\u00e7\u00e3o do volume perdido. Eles s\u00e3o 100% absorv\u00edveis e estimulam a produ\u00e7\u00e3o do col\u00e1geno, que \u00e9 fator colaborativo para uma apar\u00eancia bela e saud\u00e1vel.<\/span><\/p>\n<h2><span style=\"font-weight: 400;\">Procedimento e P\u00f3s-Procedimento do Rejuvenescimento Facial<\/span><\/h2>\n<p><span style=\"font-weight: 400;\">A aplica\u00e7\u00e3o \u00e9 realizada por um especialista da \u00e1rea sob anestesia local e n\u00e3o \u00e9 um procedimento demorado. O paciente pode ir para casa logo ap\u00f3s a aplica\u00e7\u00e3o. <\/span><\/p>\n<p><span style=\"font-weight: 400;\">O p\u00f3s-procedimento costuma ser confort\u00e1vel, tendo como exig\u00eancia n\u00e3o dormir de bru\u00e7os nos 2 primeiros dias e evitar exposi\u00e7\u00e3o solar. Outras indica\u00e7\u00f5es podem variar de caso para caso.<\/span><\/p>\n<h2><span style=\"font-weight: 400;\">Em quanto tempo consigo ver os efeitos?<\/span><\/h2>\n<p><span style=\"font-weight: 400;\">A vantagem deste procedimento \u00e9 a rapidez em que os efeitos come\u00e7am a ser aparentes. Os efeitos v\u00e3o aparecendo gradativamente logo a partir da aplica\u00e7\u00e3o e, o resultado final se d\u00e1 com 3 meses, tendo dura\u00e7\u00e3o de at\u00e9 1 ano e 6 meses.<\/span><\/p>\n<h2><span style=\"font-weight: 400;\">Em quais \u00e1reas os Fios de Sustenta\u00e7\u00e3o podem ser aplicados?<\/span><\/h2>\n<p><span style=\"font-weight: 400;\">Podem ser aplicados nas regi\u00f5es do rosto e pesco\u00e7o, tamb\u00e9m auxiliando no contorno facial atrav\u00e9s da recupera\u00e7\u00e3o da firmeza da pele em \u00e1reas como malar, sulco nasogeniano, mand\u00edbula e marionete.<\/span><\/p>\n<h2><span style=\"font-weight: 400;\">A aplica\u00e7\u00e3o dos Fios de Sustenta\u00e7\u00e3o pode ser combinada a outros procedimentos?<\/span><\/h2>\n<p><span style=\"font-weight: 400;\">Sim, pode. Sempre defendo a combina\u00e7\u00e3o de procedimentos por conta da otimiza\u00e7\u00e3o de resultados e, com esse, n\u00e3o seria diferente.<\/span><\/p>\n<p><span style=\"font-weight: 400;\">Os fios podem ser combinados ao rejuvenescimento da pele com laser ou peelings, aplica\u00e7\u00e3o da toxina botul\u00ednica no ter\u00e7o superior e inferior, preenchimento de \u00e1reas com maior atrofia e completo com fios no pesco\u00e7o e face.<\/span><\/p>\n<h2><span style=\"font-weight: 400;\">Al\u00e9m dos Fios de Sustenta\u00e7\u00e3o<\/span><\/h2>\n<p><span style=\"font-weight: 400;\">Falando al\u00e9m dos Fios de Sustenta\u00e7\u00e3o \u00a0existe uma gama de possibilidade nos minimamente invasivos que proporcionam belos resultados. Como j\u00e1 citei acima, Toxina Botul\u00ednica, Preenchimento com \u00c1cido Hialur\u00f4nico, Lasers e outros s\u00e3o \u00f3timas op\u00e7\u00f5es que valem \u00e0 pena ser conhecidas.<\/span><\/p>\n<p><span style=\"font-weight: 400;\">Pesquise procedimentos. <\/span><span style=\"font-weight: 400;\"><br \/>\n<\/span><span style=\"font-weight: 400;\">Conhe\u00e7a mais sobre o Rejuvenescimento.<\/span><span style=\"font-weight: 400;\"><br \/>\n<\/span><span style=\"font-weight: 400;\">Converse com seu Dermatologista, n\u00e3o esque\u00e7a de verificar se ele \u00e9 registrado na Sociedade Brasileira de Dermatologia e, al\u00e9m disso, se tem experi\u00eancia no procedimento pelo qual voc\u00ea quer passar! <\/span><\/p>\n<p><span style=\"font-weight: 400;\">Gostou? Fique \u00e0 vontade para compartilhar e deixar coment\u00e1rios! =)<\/span><\/p>\n","protected":false},"excerpt":{"rendered":"<p><small> 2 minutos<\/small> Voc\u00ea j\u00e1 ouviu falar dos Fios de Sustenta\u00e7\u00e3o e suas vantagens? J\u00e1 falamos em algumas postagens sobre as vantagens dos tratamentos minimamente invasivos e em como a procura por eles vem crescendo nos \u00faltimos anos. Os minimamente invasivos s\u00e3o uma \u00f3tima alternativa para cuidar da apar\u00eancia sem precisar passar por procedimentos de grande porte. Seguros e eficazes, proporcionam \u00f3timos resultados no rejuvenescimento ao todo. O que s\u00e3o os Fios de Sustenta\u00e7\u00e3o? Os fios de sustenta\u00e7\u00e3o absorv\u00edveis fazem parte de um tratamento inovador <a href=\"https:\/\/www.dravivianloureiro.com.br\/blog\/fios-de-sustentacao-harmonizacao-e-rejuvenescimento-facial\/\" class=\"more-link\"><span>Continue lendo<\/span>\u2192<\/a><\/p>\n","protected":false},"author":1,"featured_media":4518,"comment_status":"open","ping_status":"open","sticky":false,"template":"","format":"standard","meta":[],"categories":[322,375,560,625,395,134],"tags":[629,630,631,626,396,352],"yoast_head":"<!-- This site is optimized with the Yoast SEO plugin v20.6 - https:\/\/yoast.com\/wordpress\/plugins\/seo\/ -->\n<title>Fios de Sustenta\u00e7\u00e3o - Harmoniza\u00e7\u00e3o Facial | Beauty Beyond Skin |<\/title>\n<meta name=\"description\" content=\"Os fios de sustenta\u00e7\u00e3o redefinem o contorno facial atrav\u00e9s da redu\u00e7\u00e3o de rugas e recupera\u00e7\u00e3o do volume facial perdido. Dra Gabriela Casabona \u00e9 Dermatologista Especialista em Fios de Sustenta\u00e7\u00e3o e Harmoniza\u00e7\u00e3o Facial em S\u00e3o Paulo - tel: 11 3668-5910 - R. Dr Veiga Filho, 350 \u2013 1 andar Higien\u00f3polis \u2013 S\u00e3o Paulo\" \/>\n<meta name=\"robots\" content=\"index, follow, max-snippet:-1, max-image-preview:large, max-video-preview:-1\" \/>\n<link rel=\"canonical\" href=\"https:\/\/www.dravivianloureiro.com.br\/blog\/fios-de-sustentacao-harmonizacao-e-rejuvenescimento-facial\/\" \/>\n<meta property=\"og:locale\" content=\"pt_BR\" \/>\n<meta property=\"og:type\" content=\"article\" \/>\n<meta property=\"og:title\" content=\"Fios de Sustenta\u00e7\u00e3o - Harmoniza\u00e7\u00e3o Facial | Beauty Beyond Skin |\" \/>\n<meta property=\"og:description\" content=\"Os fios de sustenta\u00e7\u00e3o redefinem o contorno facial atrav\u00e9s da redu\u00e7\u00e3o de rugas e recupera\u00e7\u00e3o do volume facial perdido. Dra Gabriela Casabona \u00e9 Dermatologista Especialista em Fios de Sustenta\u00e7\u00e3o e Harmoniza\u00e7\u00e3o Facial em S\u00e3o Paulo - tel: 11 3668-5910 - R. Dr Veiga Filho, 350 \u2013 1 andar Higien\u00f3polis \u2013 S\u00e3o Paulo\" \/>\n<meta property=\"og:url\" content=\"https:\/\/www.dravivianloureiro.com.br\/blog\/fios-de-sustentacao-harmonizacao-e-rejuvenescimento-facial\/\" \/>\n<meta property=\"og:site_name\" content=\"Dra. Vivian Loureiro\" \/>\n<meta property=\"article:publisher\" content=\"https:\/\/pt-br.facebook.com\/vivianloureirodermatologia\/\" \/>\n<meta property=\"article:author\" content=\"https:\/\/pt-br.facebook.com\/vivianloureirodermatologia\/\" \/>\n<meta property=\"article:published_time\" content=\"2018-06-01T19:41:59+00:00\" \/>\n<meta name=\"author\" content=\"Vivian Loureiro\" \/>\n<meta name=\"twitter:card\" content=\"summary_large_image\" \/>\n<meta name=\"twitter:label1\" content=\"Escrito por\" \/>\n\t<meta name=\"twitter:data1\" content=\"Vivian Loureiro\" \/>\n\t<meta name=\"twitter:label2\" content=\"Est. tempo de leitura\" \/>\n\t<meta name=\"twitter:data2\" content=\"2 minutos\" \/>\n<script type=\"application\/ld+json\" class=\"yoast-schema-graph\">{\"@context\":\"https:\/\/schema.org\",\"@graph\":[{\"@type\":\"Article\",\"@id\":\"https:\/\/www.dravivianloureiro.com.br\/blog\/fios-de-sustentacao-harmonizacao-e-rejuvenescimento-facial\/#article\",\"isPartOf\":{\"@id\":\"https:\/\/www.dravivianloureiro.com.br\/blog\/fios-de-sustentacao-harmonizacao-e-rejuvenescimento-facial\/\"},\"author\":{\"name\":\"Vivian Loureiro\",\"@id\":\"https:\/\/www.dravivianloureiro.com.br\/blog\/#\/schema\/person\/f6272c0e48dae4364ef626c598c5cb84\"},\"headline\":\"Fios de Sustenta\u00e7\u00e3o &#8211; Harmoniza\u00e7\u00e3o e Rejuvenescimento Facial\",\"datePublished\":\"2018-06-01T19:41:59+00:00\",\"dateModified\":\"2018-06-01T19:41:59+00:00\",\"mainEntityOfPage\":{\"@id\":\"https:\/\/www.dravivianloureiro.com.br\/blog\/fios-de-sustentacao-harmonizacao-e-rejuvenescimento-facial\/\"},\"wordCount\":492,\"commentCount\":0,\"publisher\":{\"@id\":\"https:\/\/www.dravivianloureiro.com.br\/blog\/#organization\"},\"keywords\":[\"fios absorviveis\",\"fios de sustenta\u00e7\u00e3o\",\"fios polil\u00e1ticos\",\"minimamente invasivos\",\"rejuvenescimento\",\"rejuvenescimento facial\"],\"articleSection\":[\"Acne\",\"Celulite\",\"Cicatriz\",\"Minimamente Invasivos\",\"Pele: Idade\",\"Rejuvenescimento\"],\"inLanguage\":\"pt-BR\",\"potentialAction\":[{\"@type\":\"CommentAction\",\"name\":\"Comment\",\"target\":[\"https:\/\/www.dravivianloureiro.com.br\/blog\/fios-de-sustentacao-harmonizacao-e-rejuvenescimento-facial\/#respond\"]}]},{\"@type\":\"WebPage\",\"@id\":\"https:\/\/www.dravivianloureiro.com.br\/blog\/fios-de-sustentacao-harmonizacao-e-rejuvenescimento-facial\/\",\"url\":\"https:\/\/www.dravivianloureiro.com.br\/blog\/fios-de-sustentacao-harmonizacao-e-rejuvenescimento-facial\/\",\"name\":\"Fios de Sustenta\u00e7\u00e3o - Harmoniza\u00e7\u00e3o Facial | Beauty Beyond Skin |\",\"isPartOf\":{\"@id\":\"https:\/\/www.dravivianloureiro.com.br\/blog\/#website\"},\"datePublished\":\"2018-06-01T19:41:59+00:00\",\"dateModified\":\"2018-06-01T19:41:59+00:00\",\"description\":\"Os fios de sustenta\u00e7\u00e3o redefinem o contorno facial atrav\u00e9s da redu\u00e7\u00e3o de rugas e recupera\u00e7\u00e3o do volume facial perdido. Dra Gabriela Casabona \u00e9 Dermatologista Especialista em Fios de Sustenta\u00e7\u00e3o e Harmoniza\u00e7\u00e3o Facial em S\u00e3o Paulo - tel: 11 3668-5910 - R. Dr Veiga Filho, 350 \u2013 1 andar Higien\u00f3polis \u2013 S\u00e3o Paulo\",\"breadcrumb\":{\"@id\":\"https:\/\/www.dravivianloureiro.com.br\/blog\/fios-de-sustentacao-harmonizacao-e-rejuvenescimento-facial\/#breadcrumb\"},\"inLanguage\":\"pt-BR\",\"potentialAction\":[{\"@type\":\"ReadAction\",\"target\":[\"https:\/\/www.dravivianloureiro.com.br\/blog\/fios-de-sustentacao-harmonizacao-e-rejuvenescimento-facial\/\"]}]},{\"@type\":\"BreadcrumbList\",\"@id\":\"https:\/\/www.dravivianloureiro.com.br\/blog\/fios-de-sustentacao-harmonizacao-e-rejuvenescimento-facial\/#breadcrumb\",\"itemListElement\":[{\"@type\":\"ListItem\",\"position\":1,\"name\":\"In\u00edcio\",\"item\":\"https:\/\/www.dravivianloureiro.com.br\/blog\/\"},{\"@type\":\"ListItem\",\"position\":2,\"name\":\"Fios de Sustenta\u00e7\u00e3o &#8211; Harmoniza\u00e7\u00e3o e Rejuvenescimento Facial\"}]},{\"@type\":\"WebSite\",\"@id\":\"https:\/\/www.dravivianloureiro.com.br\/blog\/#website\",\"url\":\"https:\/\/www.dravivianloureiro.com.br\/blog\/\",\"name\":\"Dermatologista Vivian Loureiro\",\"description\":\"\",\"publisher\":{\"@id\":\"https:\/\/www.dravivianloureiro.com.br\/blog\/#organization\"},\"potentialAction\":[{\"@type\":\"SearchAction\",\"target\":{\"@type\":\"EntryPoint\",\"urlTemplate\":\"https:\/\/www.dravivianloureiro.com.br\/blog\/?s={search_term_string}\"},\"query-input\":\"required name=search_term_string\"}],\"inLanguage\":\"pt-BR\"},{\"@type\":\"Organization\",\"@id\":\"https:\/\/www.dravivianloureiro.com.br\/blog\/#organization\",\"name\":\"Dra. Vivian Loureiro - Dermatologista Em S\u00e3o Paulo\",\"url\":\"https:\/\/www.dravivianloureiro.com.br\/blog\/\",\"logo\":{\"@type\":\"ImageObject\",\"inLanguage\":\"pt-BR\",\"@id\":\"https:\/\/www.dravivianloureiro.com.br\/blog\/#\/schema\/logo\/image\/\",\"url\":\"https:\/\/www.dravivianloureiro.com.br\/blog\/wp-content\/uploads\/2018\/08\/favicon.jpg\",\"contentUrl\":\"https:\/\/www.dravivianloureiro.com.br\/blog\/wp-content\/uploads\/2018\/08\/favicon.jpg\",\"width\":112,\"height\":112,\"caption\":\"Dra. Vivian Loureiro - Dermatologista Em S\u00e3o Paulo\"},\"image\":{\"@id\":\"https:\/\/www.dravivianloureiro.com.br\/blog\/#\/schema\/logo\/image\/\"},\"sameAs\":[\"https:\/\/pt-br.facebook.com\/vivianloureirodermatologia\/\",\"https:\/\/www.instagram.com\/vivianloureirodermatologia\/\",\"https:\/\/www.linkedin.com\/in\/vivian-barzi-loureiro-a6412887\/\"]},{\"@type\":\"Person\",\"@id\":\"https:\/\/www.dravivianloureiro.com.br\/blog\/#\/schema\/person\/f6272c0e48dae4364ef626c598c5cb84\",\"name\":\"Vivian Loureiro\",\"image\":{\"@type\":\"ImageObject\",\"inLanguage\":\"pt-BR\",\"@id\":\"https:\/\/www.dravivianloureiro.com.br\/blog\/#\/schema\/person\/image\/\",\"url\":\"https:\/\/secure.gravatar.com\/avatar\/8ee2b0fae98657240c77e822ae139ad3?s=96&d=wp_user_avatar&r=g\",\"contentUrl\":\"https:\/\/secure.gravatar.com\/avatar\/8ee2b0fae98657240c77e822ae139ad3?s=96&d=wp_user_avatar&r=g\",\"caption\":\"Vivian Loureiro\"},\"description\":\"M\u00e9dica formada pela Universidade de S\u00e3o Paulo (USP). Realizou resid\u00eancia m\u00e9dica em Dermatologia e complementa\u00e7\u00e3o em Cosmiatria e Laser pelo departamento de Dermatologia do Hospital das Cl\u00ednicas da Faculdade de Medicina da Universidade de S\u00e3o Paulo (USP). Possui t\u00edtulo de especialista em Dermatologia. \u00c9 membro da Sociedade Brasileira de Dermatologia (SBD) e Sociedade Brasileira de Cirurgia Dermatol\u00f3gica (SBCD) e m\u00e9dica do grupo Fleury. Atua nas \u00e1reas de Dermatologia Cl\u00ednica, Cir\u00fargica, Pedi\u00e1trica e Est\u00e9tica. Frequenta e palestra nos principais cursos e congressos de dermatologia, nacionais e internacionais, a fim de se manter em constante atualiza\u00e7\u00e3o.\",\"sameAs\":[\"https:\/\/www.dravivianloureiro.com.br\/\",\"https:\/\/pt-br.facebook.com\/vivianloureirodermatologia\/\",\"https:\/\/www.instagram.com\/vivianloureirodermatologia\/\",\"https:\/\/www.linkedin.com\/in\/vivian-barzi-loureiro-a6412887\/\"]}]}<\/script>\n<!-- \/ Yoast SEO plugin. -->","yoast_head_json":{"title":"Fios de Sustenta\u00e7\u00e3o - Harmoniza\u00e7\u00e3o Facial | Beauty Beyond Skin |","description":"Os fios de sustenta\u00e7\u00e3o redefinem o contorno facial atrav\u00e9s da redu\u00e7\u00e3o de rugas e recupera\u00e7\u00e3o do volume facial perdido. Dra Gabriela Casabona \u00e9 Dermatologista Especialista em Fios de Sustenta\u00e7\u00e3o e Harmoniza\u00e7\u00e3o Facial em S\u00e3o Paulo - tel: 11 3668-5910 - R. Dr Veiga Filho, 350 \u2013 1 andar Higien\u00f3polis \u2013 S\u00e3o Paulo","robots":{"index":"index","follow":"follow","max-snippet":"max-snippet:-1","max-image-preview":"max-image-preview:large","max-video-preview":"max-video-preview:-1"},"canonical":"https:\/\/www.dravivianloureiro.com.br\/blog\/fios-de-sustentacao-harmonizacao-e-rejuvenescimento-facial\/","og_locale":"pt_BR","og_type":"article","og_title":"Fios de Sustenta\u00e7\u00e3o - Harmoniza\u00e7\u00e3o Facial | Beauty Beyond Skin |","og_description":"Os fios de sustenta\u00e7\u00e3o redefinem o contorno facial atrav\u00e9s da redu\u00e7\u00e3o de rugas e recupera\u00e7\u00e3o do volume facial perdido. Dra Gabriela Casabona \u00e9 Dermatologista Especialista em Fios de Sustenta\u00e7\u00e3o e Harmoniza\u00e7\u00e3o Facial em S\u00e3o Paulo - tel: 11 3668-5910 - R. Dr Veiga Filho, 350 \u2013 1 andar Higien\u00f3polis \u2013 S\u00e3o Paulo","og_url":"https:\/\/www.dravivianloureiro.com.br\/blog\/fios-de-sustentacao-harmonizacao-e-rejuvenescimento-facial\/","og_site_name":"Dra. Vivian Loureiro","article_publisher":"https:\/\/pt-br.facebook.com\/vivianloureirodermatologia\/","article_author":"https:\/\/pt-br.facebook.com\/vivianloureirodermatologia\/","article_published_time":"2018-06-01T19:41:59+00:00","author":"Vivian Loureiro","twitter_card":"summary_large_image","twitter_misc":{"Escrito por":"Vivian Loureiro","Est. tempo de leitura":"2 minutos"},"schema":{"@context":"https:\/\/schema.org","@graph":[{"@type":"Article","@id":"https:\/\/www.dravivianloureiro.com.br\/blog\/fios-de-sustentacao-harmonizacao-e-rejuvenescimento-facial\/#article","isPartOf":{"@id":"https:\/\/www.dravivianloureiro.com.br\/blog\/fios-de-sustentacao-harmonizacao-e-rejuvenescimento-facial\/"},"author":{"name":"Vivian Loureiro","@id":"https:\/\/www.dravivianloureiro.com.br\/blog\/#\/schema\/person\/f6272c0e48dae4364ef626c598c5cb84"},"headline":"Fios de Sustenta\u00e7\u00e3o &#8211; Harmoniza\u00e7\u00e3o e Rejuvenescimento Facial","datePublished":"2018-06-01T19:41:59+00:00","dateModified":"2018-06-01T19:41:59+00:00","mainEntityOfPage":{"@id":"https:\/\/www.dravivianloureiro.com.br\/blog\/fios-de-sustentacao-harmonizacao-e-rejuvenescimento-facial\/"},"wordCount":492,"commentCount":0,"publisher":{"@id":"https:\/\/www.dravivianloureiro.com.br\/blog\/#organization"},"keywords":["fios absorviveis","fios de sustenta\u00e7\u00e3o","fios polil\u00e1ticos","minimamente invasivos","rejuvenescimento","rejuvenescimento facial"],"articleSection":["Acne","Celulite","Cicatriz","Minimamente Invasivos","Pele: Idade","Rejuvenescimento"],"inLanguage":"pt-BR","potentialAction":[{"@type":"CommentAction","name":"Comment","target":["https:\/\/www.dravivianloureiro.com.br\/blog\/fios-de-sustentacao-harmonizacao-e-rejuvenescimento-facial\/#respond"]}]},{"@type":"WebPage","@id":"https:\/\/www.dravivianloureiro.com.br\/blog\/fios-de-sustentacao-harmonizacao-e-rejuvenescimento-facial\/","url":"https:\/\/www.dravivianloureiro.com.br\/blog\/fios-de-sustentacao-harmonizacao-e-rejuvenescimento-facial\/","name":"Fios de Sustenta\u00e7\u00e3o - Harmoniza\u00e7\u00e3o Facial | Beauty Beyond Skin |","isPartOf":{"@id":"https:\/\/www.dravivianloureiro.com.br\/blog\/#website"},"datePublished":"2018-06-01T19:41:59+00:00","dateModified":"2018-06-01T19:41:59+00:00","description":"Os fios de sustenta\u00e7\u00e3o redefinem o contorno facial atrav\u00e9s da redu\u00e7\u00e3o de rugas e recupera\u00e7\u00e3o do volume facial perdido. Dra Gabriela Casabona \u00e9 Dermatologista Especialista em Fios de Sustenta\u00e7\u00e3o e Harmoniza\u00e7\u00e3o Facial em S\u00e3o Paulo - tel: 11 3668-5910 - R. Dr Veiga Filho, 350 \u2013 1 andar Higien\u00f3polis \u2013 S\u00e3o Paulo","breadcrumb":{"@id":"https:\/\/www.dravivianloureiro.com.br\/blog\/fios-de-sustentacao-harmonizacao-e-rejuvenescimento-facial\/#breadcrumb"},"inLanguage":"pt-BR","potentialAction":[{"@type":"ReadAction","target":["https:\/\/www.dravivianloureiro.com.br\/blog\/fios-de-sustentacao-harmonizacao-e-rejuvenescimento-facial\/"]}]},{"@type":"BreadcrumbList","@id":"https:\/\/www.dravivianloureiro.com.br\/blog\/fios-de-sustentacao-harmonizacao-e-rejuvenescimento-facial\/#breadcrumb","itemListElement":[{"@type":"ListItem","position":1,"name":"In\u00edcio","item":"https:\/\/www.dravivianloureiro.com.br\/blog\/"},{"@type":"ListItem","position":2,"name":"Fios de Sustenta\u00e7\u00e3o &#8211; Harmoniza\u00e7\u00e3o e Rejuvenescimento Facial"}]},{"@type":"WebSite","@id":"https:\/\/www.dravivianloureiro.com.br\/blog\/#website","url":"https:\/\/www.dravivianloureiro.com.br\/blog\/","name":"Dermatologista Vivian Loureiro","description":"","publisher":{"@id":"https:\/\/www.dravivianloureiro.com.br\/blog\/#organization"},"potentialAction":[{"@type":"SearchAction","target":{"@type":"EntryPoint","urlTemplate":"https:\/\/www.dravivianloureiro.com.br\/blog\/?s={search_term_string}"},"query-input":"required name=search_term_string"}],"inLanguage":"pt-BR"},{"@type":"Organization","@id":"https:\/\/www.dravivianloureiro.com.br\/blog\/#organization","name":"Dra. Vivian Loureiro - Dermatologista Em S\u00e3o Paulo","url":"https:\/\/www.dravivianloureiro.com.br\/blog\/","logo":{"@type":"ImageObject","inLanguage":"pt-BR","@id":"https:\/\/www.dravivianloureiro.com.br\/blog\/#\/schema\/logo\/image\/","url":"https:\/\/www.dravivianloureiro.com.br\/blog\/wp-content\/uploads\/2018\/08\/favicon.jpg","contentUrl":"https:\/\/www.dravivianloureiro.com.br\/blog\/wp-content\/uploads\/2018\/08\/favicon.jpg","width":112,"height":112,"caption":"Dra. Vivian Loureiro - Dermatologista Em S\u00e3o Paulo"},"image":{"@id":"https:\/\/www.dravivianloureiro.com.br\/blog\/#\/schema\/logo\/image\/"},"sameAs":["https:\/\/pt-br.facebook.com\/vivianloureirodermatologia\/","https:\/\/www.instagram.com\/vivianloureirodermatologia\/","https:\/\/www.linkedin.com\/in\/vivian-barzi-loureiro-a6412887\/"]},{"@type":"Person","@id":"https:\/\/www.dravivianloureiro.com.br\/blog\/#\/schema\/person\/f6272c0e48dae4364ef626c598c5cb84","name":"Vivian Loureiro","image":{"@type":"ImageObject","inLanguage":"pt-BR","@id":"https:\/\/www.dravivianloureiro.com.br\/blog\/#\/schema\/person\/image\/","url":"https:\/\/secure.gravatar.com\/avatar\/8ee2b0fae98657240c77e822ae139ad3?s=96&d=wp_user_avatar&r=g","contentUrl":"https:\/\/secure.gravatar.com\/avatar\/8ee2b0fae98657240c77e822ae139ad3?s=96&d=wp_user_avatar&r=g","caption":"Vivian Loureiro"},"description":"M\u00e9dica formada pela Universidade de S\u00e3o Paulo (USP). Realizou resid\u00eancia m\u00e9dica em Dermatologia e complementa\u00e7\u00e3o em Cosmiatria e Laser pelo departamento de Dermatologia do Hospital das Cl\u00ednicas da Faculdade de Medicina da Universidade de S\u00e3o Paulo (USP). Possui t\u00edtulo de especialista em Dermatologia. \u00c9 membro da Sociedade Brasileira de Dermatologia (SBD) e Sociedade Brasileira de Cirurgia Dermatol\u00f3gica (SBCD) e m\u00e9dica do grupo Fleury. Atua nas \u00e1reas de Dermatologia Cl\u00ednica, Cir\u00fargica, Pedi\u00e1trica e Est\u00e9tica. Frequenta e palestra nos principais cursos e congressos de dermatologia, nacionais e internacionais, a fim de se manter em constante atualiza\u00e7\u00e3o.","sameAs":["https:\/\/www.dravivianloureiro.com.br\/","https:\/\/pt-br.facebook.com\/vivianloureirodermatologia\/","https:\/\/www.instagram.com\/vivianloureirodermatologia\/","https:\/\/www.linkedin.com\/in\/vivian-barzi-loureiro-a6412887\/"]}]}},"amp_enabled":true,"_links":{"self":[{"href":"https:\/\/www.dravivianloureiro.com.br\/blog\/wp-json\/wp\/v2\/posts\/4517"}],"collection":[{"href":"https:\/\/www.dravivianloureiro.com.br\/blog\/wp-json\/wp\/v2\/posts"}],"about":[{"href":"https:\/\/www.dravivianloureiro.com.br\/blog\/wp-json\/wp\/v2\/types\/post"}],"author":[{"embeddable":true,"href":"https:\/\/www.dravivianloureiro.com.br\/blog\/wp-json\/wp\/v2\/users\/1"}],"replies":[{"embeddable":true,"href":"https:\/\/www.dravivianloureiro.com.br\/blog\/wp-json\/wp\/v2\/comments?post=4517"}],"version-history":[{"count":0,"href":"https:\/\/www.dravivianloureiro.com.br\/blog\/wp-json\/wp\/v2\/posts\/4517\/revisions"}],"wp:featuredmedia":[{"embeddable":true,"href":"https:\/\/www.dravivianloureiro.com.br\/blog\/wp-json\/"}],"wp:attachment":[{"href":"https:\/\/www.dravivianloureiro.com.br\/blog\/wp-json\/wp\/v2\/media?parent=4517"}],"wp:term":[{"taxonomy":"category","embeddable":true,"href":"https:\/\/www.dravivianloureiro.com.br\/blog\/wp-json\/wp\/v2\/categories?post=4517"},{"taxonomy":"post_tag","embeddable":true,"href":"https:\/\/www.dravivianloureiro.com.br\/blog\/wp-json\/wp\/v2\/tags?post=4517"}],"curies":[{"name":"wp","href":"https:\/\/api.w.org\/{rel}","templated":true}]}}