{"id":45,"date":"2011-10-28T12:49:50","date_gmt":"2011-10-28T12:49:50","guid":{"rendered":"http:\/\/www.gabrielacasabona.com.br\/blog\/?p=45"},"modified":"2011-10-28T12:49:50","modified_gmt":"2011-10-28T12:49:50","slug":"filtro-solar","status":"publish","type":"post","link":"https:\/\/www.dravivianloureiro.com.br\/blog\/filtro-solar\/","title":{"rendered":"Filtro Solar"},"content":{"rendered":"<p class=\"estimated-read-time\">Tempo de leitura:<small> 2 minutos<\/small><\/p> <h2>Entendendo melhor o papel do filtro solar<\/h2>\n<p>O FPS (fator de prote\u00e7\u00e3o solar) \u00e9 determinado atrav\u00e9s de estudos onde um determinado filtro \u00e9 aplicado (30 gr de filtro para individuo de 70kg) e o FPS \u00e9 a medida de prote\u00e7\u00e3o (quanto tempo ele protege at\u00e9 a pessoa ficar vermelha. se um filtro \u00e9 15 ent\u00e3o a pessoa que ficaria vermelha em 10 min passa a ficar protegida por 10 * 15 = 150 min. Mas tudo dependendo da quantidade. recentemente a sociedade americana de dermatologia instituiu que o filtro m\u00ednimo deve ser 30 por seguran\u00e7a pois as pessoas nunca passavam a quantidade real nos testes dando uma falsa impress\u00e3o de prote\u00e7\u00e3o.<\/p>\n<p>De acordo com o comprimento de onda, os raios ultra-violetas (raios UV) s\u00e3o classificados em raios UV-C, em raios UV-A (320-400nm) e em raios UV-B (280-320nm). Em decorr\u00eancia da destrui\u00e7\u00e3o da camada de oz\u00f4nio, os raios UV-B, que est\u00e3o intrinsecamente relacionados ao surgimento do c\u00e2ncer de pele, t\u00eam aumentado progressivamente sua incid\u00eancia sobre a terra. Da mesma forma, tem ocorrido um aumento da incid\u00eancia dos raios UV-C, que s\u00e3o potencialmente mais carcinog\u00eanicos do que os UVB.<\/p>\n<p>Por sua vez, os raios UV-A independem desta camada, e causam c\u00e2ncer de pele em quem se exp\u00f5e a eles em hor\u00e1rios de alta incid\u00eancia, continuamente e ao longo de muitos anos. As pessoas de pele clara que vivem em locais de alta incid\u00eancia de luz solar s\u00e3o as que apresentam maior risco. Como mais de 50% da popula\u00e7\u00e3o brasileira t\u00eam pele clara e se exp\u00f5em ao sol muito e descuidadamente, seja por trabalho, seja por lazer, e o pa\u00eds situa-se geograficamente numa zona de alta incid\u00eancia de raios ultra-violeta, nada mais previs\u00edvel e explic\u00e1vel do que a alta ocorr\u00eancia do c\u00e2ncer de pele entre n\u00f3s.<\/p>\n<h3>Raios UVA<\/h3>\n<p>Os Raios Ultravioleta correspondem a maior parte do espectro da radia\u00e7\u00e3o ultravioleta. S\u00e3o os mais longos e atingem \u00e1reas mais profundas da pele. Produzem altera\u00e7\u00f5es que levam a manchas, ao fotoenvelhecimento e ao c\u00e2ncer. Mant\u00eam sua intensidade constante durante todo o ano.<\/p>\n<h3>Raios UVB<\/h3>\n<p>Os Raios UVB s\u00e3o menos longos e, portanto, penetram pouco na pele. S\u00e3o mais intensos do que os Raios Ultravioleta e t\u00eam uma incid\u00eancia maior no ver\u00e3o, em altas altitudes e pr\u00f3ximos \u00e0 linha do Equador. S\u00e3o eles os respons\u00e1veis pela vermelhid\u00e3o e queimaduras ap\u00f3s a exposi\u00e7\u00e3o solar. Tamb\u00e9m podem causar o c\u00e2ncer de pele.<\/p>\n<h3>Raios UVC<\/h3>\n<p>Os Raios UVC s\u00e3o os mais perigosos. Mas, gra\u00e7as \u00e0 camada de oz\u00f4nio, essa radia\u00e7\u00e3o \u00e9 absorvida antes de chegar \u00e0 Terra.<\/p>\n","protected":false},"excerpt":{"rendered":"<p><small> 2 minutos<\/small> Entendendo melhor o papel do filtro solar O FPS (fator de prote\u00e7\u00e3o solar) \u00e9 determinado atrav\u00e9s de estudos onde um determinado filtro \u00e9 aplicado (30 gr de filtro para individuo de 70kg) e o FPS \u00e9 a medida de prote\u00e7\u00e3o (quanto tempo ele protege at\u00e9 a pessoa ficar vermelha. se um filtro \u00e9 15 ent\u00e3o a pessoa que ficaria vermelha em 10 min passa a ficar protegida por 10 * 15 = 150 min. Mas tudo dependendo da quantidade. recentemente a sociedade <a href=\"https:\/\/www.dravivianloureiro.com.br\/blog\/filtro-solar\/\" class=\"more-link\"><span>Continue lendo<\/span>\u2192<\/a><\/p>\n","protected":false},"author":1,"featured_media":3585,"comment_status":"open","ping_status":"open","sticky":false,"template":"","format":"standard","meta":[],"categories":[378,365],"tags":[122,223,206],"yoast_head":"<!-- This site is optimized with the Yoast SEO plugin v20.6 - https:\/\/yoast.com\/wordpress\/plugins\/seo\/ -->\n<title>Entenda Como funciona o Filtro Solar e a melhor forma de us\u00e1-lo - Beauty Beyond Skin Dermatologia Especializada<\/title>\n<meta name=\"description\" content=\"Saiba como \u00e9 determinado o FPS (Fator de Prote\u00e7\u00e3o Solar) do Filtro Solar, al\u00e9m da import\u00e2ncia de se proteger contra os raios UVA, UVB e UVC. Gabriela Casabona Dermatologista Especialista em Fotoprote\u00e7\u00e3o Solar em S\u00e3o Paulo. Telefones: 11 3668-5910\" \/>\n<meta name=\"robots\" content=\"index, follow, max-snippet:-1, max-image-preview:large, max-video-preview:-1\" \/>\n<link rel=\"canonical\" href=\"https:\/\/www.dravivianloureiro.com.br\/blog\/filtro-solar\/\" \/>\n<meta property=\"og:locale\" content=\"pt_BR\" \/>\n<meta property=\"og:type\" content=\"article\" \/>\n<meta property=\"og:title\" content=\"Entenda Como funciona o Filtro Solar e a melhor forma de us\u00e1-lo - Beauty Beyond Skin Dermatologia Especializada\" \/>\n<meta property=\"og:description\" content=\"Saiba como \u00e9 determinado o FPS (Fator de Prote\u00e7\u00e3o Solar) do Filtro Solar, al\u00e9m da import\u00e2ncia de se proteger contra os raios UVA, UVB e UVC. Gabriela Casabona Dermatologista Especialista em Fotoprote\u00e7\u00e3o Solar em S\u00e3o Paulo. Telefones: 11 3668-5910\" \/>\n<meta property=\"og:url\" content=\"https:\/\/www.dravivianloureiro.com.br\/blog\/filtro-solar\/\" \/>\n<meta property=\"og:site_name\" content=\"Dra. Vivian Loureiro\" \/>\n<meta property=\"article:publisher\" content=\"https:\/\/pt-br.facebook.com\/vivianloureirodermatologia\/\" \/>\n<meta property=\"article:author\" content=\"https:\/\/pt-br.facebook.com\/vivianloureirodermatologia\/\" \/>\n<meta property=\"article:published_time\" content=\"2011-10-28T12:49:50+00:00\" \/>\n<meta name=\"author\" content=\"Vivian Loureiro\" \/>\n<meta name=\"twitter:card\" content=\"summary_large_image\" \/>\n<meta name=\"twitter:label1\" content=\"Escrito por\" \/>\n\t<meta name=\"twitter:data1\" content=\"Vivian Loureiro\" \/>\n\t<meta name=\"twitter:label2\" content=\"Est. tempo de leitura\" \/>\n\t<meta name=\"twitter:data2\" content=\"2 minutos\" \/>\n<script type=\"application\/ld+json\" class=\"yoast-schema-graph\">{\"@context\":\"https:\/\/schema.org\",\"@graph\":[{\"@type\":\"Article\",\"@id\":\"https:\/\/www.dravivianloureiro.com.br\/blog\/filtro-solar\/#article\",\"isPartOf\":{\"@id\":\"https:\/\/www.dravivianloureiro.com.br\/blog\/filtro-solar\/\"},\"author\":{\"name\":\"Vivian Loureiro\",\"@id\":\"https:\/\/www.dravivianloureiro.com.br\/blog\/#\/schema\/person\/f6272c0e48dae4364ef626c598c5cb84\"},\"headline\":\"Filtro Solar\",\"datePublished\":\"2011-10-28T12:49:50+00:00\",\"dateModified\":\"2011-10-28T12:49:50+00:00\",\"mainEntityOfPage\":{\"@id\":\"https:\/\/www.dravivianloureiro.com.br\/blog\/filtro-solar\/\"},\"wordCount\":461,\"commentCount\":0,\"publisher\":{\"@id\":\"https:\/\/www.dravivianloureiro.com.br\/blog\/#organization\"},\"keywords\":[\"cuidados com a pele\",\"filtro solar\",\"prote\u00e7\u00e3o solar\"],\"articleSection\":[\"Prote\u00e7\u00e3o Solar\",\"Terap\u00eauticos\"],\"inLanguage\":\"pt-BR\",\"potentialAction\":[{\"@type\":\"CommentAction\",\"name\":\"Comment\",\"target\":[\"https:\/\/www.dravivianloureiro.com.br\/blog\/filtro-solar\/#respond\"]}]},{\"@type\":\"WebPage\",\"@id\":\"https:\/\/www.dravivianloureiro.com.br\/blog\/filtro-solar\/\",\"url\":\"https:\/\/www.dravivianloureiro.com.br\/blog\/filtro-solar\/\",\"name\":\"Entenda Como funciona o Filtro Solar e a melhor forma de us\u00e1-lo - Beauty Beyond Skin Dermatologia Especializada\",\"isPartOf\":{\"@id\":\"https:\/\/www.dravivianloureiro.com.br\/blog\/#website\"},\"datePublished\":\"2011-10-28T12:49:50+00:00\",\"dateModified\":\"2011-10-28T12:49:50+00:00\",\"description\":\"Saiba como \u00e9 determinado o FPS (Fator de Prote\u00e7\u00e3o Solar) do Filtro Solar, al\u00e9m da import\u00e2ncia de se proteger contra os raios UVA, UVB e UVC. Gabriela Casabona Dermatologista Especialista em Fotoprote\u00e7\u00e3o Solar em S\u00e3o Paulo. Telefones: 11 3668-5910\",\"breadcrumb\":{\"@id\":\"https:\/\/www.dravivianloureiro.com.br\/blog\/filtro-solar\/#breadcrumb\"},\"inLanguage\":\"pt-BR\",\"potentialAction\":[{\"@type\":\"ReadAction\",\"target\":[\"https:\/\/www.dravivianloureiro.com.br\/blog\/filtro-solar\/\"]}]},{\"@type\":\"BreadcrumbList\",\"@id\":\"https:\/\/www.dravivianloureiro.com.br\/blog\/filtro-solar\/#breadcrumb\",\"itemListElement\":[{\"@type\":\"ListItem\",\"position\":1,\"name\":\"In\u00edcio\",\"item\":\"https:\/\/www.dravivianloureiro.com.br\/blog\/\"},{\"@type\":\"ListItem\",\"position\":2,\"name\":\"Filtro Solar\"}]},{\"@type\":\"WebSite\",\"@id\":\"https:\/\/www.dravivianloureiro.com.br\/blog\/#website\",\"url\":\"https:\/\/www.dravivianloureiro.com.br\/blog\/\",\"name\":\"Dermatologista Vivian Loureiro\",\"description\":\"\",\"publisher\":{\"@id\":\"https:\/\/www.dravivianloureiro.com.br\/blog\/#organization\"},\"potentialAction\":[{\"@type\":\"SearchAction\",\"target\":{\"@type\":\"EntryPoint\",\"urlTemplate\":\"https:\/\/www.dravivianloureiro.com.br\/blog\/?s={search_term_string}\"},\"query-input\":\"required name=search_term_string\"}],\"inLanguage\":\"pt-BR\"},{\"@type\":\"Organization\",\"@id\":\"https:\/\/www.dravivianloureiro.com.br\/blog\/#organization\",\"name\":\"Dra. Vivian Loureiro - Dermatologista Em S\u00e3o Paulo\",\"url\":\"https:\/\/www.dravivianloureiro.com.br\/blog\/\",\"logo\":{\"@type\":\"ImageObject\",\"inLanguage\":\"pt-BR\",\"@id\":\"https:\/\/www.dravivianloureiro.com.br\/blog\/#\/schema\/logo\/image\/\",\"url\":\"https:\/\/www.dravivianloureiro.com.br\/blog\/wp-content\/uploads\/2018\/08\/favicon.jpg\",\"contentUrl\":\"https:\/\/www.dravivianloureiro.com.br\/blog\/wp-content\/uploads\/2018\/08\/favicon.jpg\",\"width\":112,\"height\":112,\"caption\":\"Dra. Vivian Loureiro - Dermatologista Em S\u00e3o Paulo\"},\"image\":{\"@id\":\"https:\/\/www.dravivianloureiro.com.br\/blog\/#\/schema\/logo\/image\/\"},\"sameAs\":[\"https:\/\/pt-br.facebook.com\/vivianloureirodermatologia\/\",\"https:\/\/www.instagram.com\/vivianloureirodermatologia\/\",\"https:\/\/www.linkedin.com\/in\/vivian-barzi-loureiro-a6412887\/\"]},{\"@type\":\"Person\",\"@id\":\"https:\/\/www.dravivianloureiro.com.br\/blog\/#\/schema\/person\/f6272c0e48dae4364ef626c598c5cb84\",\"name\":\"Vivian Loureiro\",\"image\":{\"@type\":\"ImageObject\",\"inLanguage\":\"pt-BR\",\"@id\":\"https:\/\/www.dravivianloureiro.com.br\/blog\/#\/schema\/person\/image\/\",\"url\":\"https:\/\/secure.gravatar.com\/avatar\/8ee2b0fae98657240c77e822ae139ad3?s=96&d=wp_user_avatar&r=g\",\"contentUrl\":\"https:\/\/secure.gravatar.com\/avatar\/8ee2b0fae98657240c77e822ae139ad3?s=96&d=wp_user_avatar&r=g\",\"caption\":\"Vivian Loureiro\"},\"description\":\"M\u00e9dica formada pela Universidade de S\u00e3o Paulo (USP). Realizou resid\u00eancia m\u00e9dica em Dermatologia e complementa\u00e7\u00e3o em Cosmiatria e Laser pelo departamento de Dermatologia do Hospital das Cl\u00ednicas da Faculdade de Medicina da Universidade de S\u00e3o Paulo (USP). Possui t\u00edtulo de especialista em Dermatologia. \u00c9 membro da Sociedade Brasileira de Dermatologia (SBD) e Sociedade Brasileira de Cirurgia Dermatol\u00f3gica (SBCD) e m\u00e9dica do grupo Fleury. Atua nas \u00e1reas de Dermatologia Cl\u00ednica, Cir\u00fargica, Pedi\u00e1trica e Est\u00e9tica. Frequenta e palestra nos principais cursos e congressos de dermatologia, nacionais e internacionais, a fim de se manter em constante atualiza\u00e7\u00e3o.\",\"sameAs\":[\"https:\/\/www.dravivianloureiro.com.br\/\",\"https:\/\/pt-br.facebook.com\/vivianloureirodermatologia\/\",\"https:\/\/www.instagram.com\/vivianloureirodermatologia\/\",\"https:\/\/www.linkedin.com\/in\/vivian-barzi-loureiro-a6412887\/\"]}]}<\/script>\n<!-- \/ Yoast SEO plugin. -->","yoast_head_json":{"title":"Entenda Como funciona o Filtro Solar e a melhor forma de us\u00e1-lo - Beauty Beyond Skin Dermatologia Especializada","description":"Saiba como \u00e9 determinado o FPS (Fator de Prote\u00e7\u00e3o Solar) do Filtro Solar, al\u00e9m da import\u00e2ncia de se proteger contra os raios UVA, UVB e UVC. Gabriela Casabona Dermatologista Especialista em Fotoprote\u00e7\u00e3o Solar em S\u00e3o Paulo. Telefones: 11 3668-5910","robots":{"index":"index","follow":"follow","max-snippet":"max-snippet:-1","max-image-preview":"max-image-preview:large","max-video-preview":"max-video-preview:-1"},"canonical":"https:\/\/www.dravivianloureiro.com.br\/blog\/filtro-solar\/","og_locale":"pt_BR","og_type":"article","og_title":"Entenda Como funciona o Filtro Solar e a melhor forma de us\u00e1-lo - Beauty Beyond Skin Dermatologia Especializada","og_description":"Saiba como \u00e9 determinado o FPS (Fator de Prote\u00e7\u00e3o Solar) do Filtro Solar, al\u00e9m da import\u00e2ncia de se proteger contra os raios UVA, UVB e UVC. Gabriela Casabona Dermatologista Especialista em Fotoprote\u00e7\u00e3o Solar em S\u00e3o Paulo. Telefones: 11 3668-5910","og_url":"https:\/\/www.dravivianloureiro.com.br\/blog\/filtro-solar\/","og_site_name":"Dra. Vivian Loureiro","article_publisher":"https:\/\/pt-br.facebook.com\/vivianloureirodermatologia\/","article_author":"https:\/\/pt-br.facebook.com\/vivianloureirodermatologia\/","article_published_time":"2011-10-28T12:49:50+00:00","author":"Vivian Loureiro","twitter_card":"summary_large_image","twitter_misc":{"Escrito por":"Vivian Loureiro","Est. tempo de leitura":"2 minutos"},"schema":{"@context":"https:\/\/schema.org","@graph":[{"@type":"Article","@id":"https:\/\/www.dravivianloureiro.com.br\/blog\/filtro-solar\/#article","isPartOf":{"@id":"https:\/\/www.dravivianloureiro.com.br\/blog\/filtro-solar\/"},"author":{"name":"Vivian Loureiro","@id":"https:\/\/www.dravivianloureiro.com.br\/blog\/#\/schema\/person\/f6272c0e48dae4364ef626c598c5cb84"},"headline":"Filtro Solar","datePublished":"2011-10-28T12:49:50+00:00","dateModified":"2011-10-28T12:49:50+00:00","mainEntityOfPage":{"@id":"https:\/\/www.dravivianloureiro.com.br\/blog\/filtro-solar\/"},"wordCount":461,"commentCount":0,"publisher":{"@id":"https:\/\/www.dravivianloureiro.com.br\/blog\/#organization"},"keywords":["cuidados com a pele","filtro solar","prote\u00e7\u00e3o solar"],"articleSection":["Prote\u00e7\u00e3o Solar","Terap\u00eauticos"],"inLanguage":"pt-BR","potentialAction":[{"@type":"CommentAction","name":"Comment","target":["https:\/\/www.dravivianloureiro.com.br\/blog\/filtro-solar\/#respond"]}]},{"@type":"WebPage","@id":"https:\/\/www.dravivianloureiro.com.br\/blog\/filtro-solar\/","url":"https:\/\/www.dravivianloureiro.com.br\/blog\/filtro-solar\/","name":"Entenda Como funciona o Filtro Solar e a melhor forma de us\u00e1-lo - Beauty Beyond Skin Dermatologia Especializada","isPartOf":{"@id":"https:\/\/www.dravivianloureiro.com.br\/blog\/#website"},"datePublished":"2011-10-28T12:49:50+00:00","dateModified":"2011-10-28T12:49:50+00:00","description":"Saiba como \u00e9 determinado o FPS (Fator de Prote\u00e7\u00e3o Solar) do Filtro Solar, al\u00e9m da import\u00e2ncia de se proteger contra os raios UVA, UVB e UVC. Gabriela Casabona Dermatologista Especialista em Fotoprote\u00e7\u00e3o Solar em S\u00e3o Paulo. Telefones: 11 3668-5910","breadcrumb":{"@id":"https:\/\/www.dravivianloureiro.com.br\/blog\/filtro-solar\/#breadcrumb"},"inLanguage":"pt-BR","potentialAction":[{"@type":"ReadAction","target":["https:\/\/www.dravivianloureiro.com.br\/blog\/filtro-solar\/"]}]},{"@type":"BreadcrumbList","@id":"https:\/\/www.dravivianloureiro.com.br\/blog\/filtro-solar\/#breadcrumb","itemListElement":[{"@type":"ListItem","position":1,"name":"In\u00edcio","item":"https:\/\/www.dravivianloureiro.com.br\/blog\/"},{"@type":"ListItem","position":2,"name":"Filtro Solar"}]},{"@type":"WebSite","@id":"https:\/\/www.dravivianloureiro.com.br\/blog\/#website","url":"https:\/\/www.dravivianloureiro.com.br\/blog\/","name":"Dermatologista Vivian Loureiro","description":"","publisher":{"@id":"https:\/\/www.dravivianloureiro.com.br\/blog\/#organization"},"potentialAction":[{"@type":"SearchAction","target":{"@type":"EntryPoint","urlTemplate":"https:\/\/www.dravivianloureiro.com.br\/blog\/?s={search_term_string}"},"query-input":"required name=search_term_string"}],"inLanguage":"pt-BR"},{"@type":"Organization","@id":"https:\/\/www.dravivianloureiro.com.br\/blog\/#organization","name":"Dra. Vivian Loureiro - Dermatologista Em S\u00e3o Paulo","url":"https:\/\/www.dravivianloureiro.com.br\/blog\/","logo":{"@type":"ImageObject","inLanguage":"pt-BR","@id":"https:\/\/www.dravivianloureiro.com.br\/blog\/#\/schema\/logo\/image\/","url":"https:\/\/www.dravivianloureiro.com.br\/blog\/wp-content\/uploads\/2018\/08\/favicon.jpg","contentUrl":"https:\/\/www.dravivianloureiro.com.br\/blog\/wp-content\/uploads\/2018\/08\/favicon.jpg","width":112,"height":112,"caption":"Dra. Vivian Loureiro - Dermatologista Em S\u00e3o Paulo"},"image":{"@id":"https:\/\/www.dravivianloureiro.com.br\/blog\/#\/schema\/logo\/image\/"},"sameAs":["https:\/\/pt-br.facebook.com\/vivianloureirodermatologia\/","https:\/\/www.instagram.com\/vivianloureirodermatologia\/","https:\/\/www.linkedin.com\/in\/vivian-barzi-loureiro-a6412887\/"]},{"@type":"Person","@id":"https:\/\/www.dravivianloureiro.com.br\/blog\/#\/schema\/person\/f6272c0e48dae4364ef626c598c5cb84","name":"Vivian Loureiro","image":{"@type":"ImageObject","inLanguage":"pt-BR","@id":"https:\/\/www.dravivianloureiro.com.br\/blog\/#\/schema\/person\/image\/","url":"https:\/\/secure.gravatar.com\/avatar\/8ee2b0fae98657240c77e822ae139ad3?s=96&d=wp_user_avatar&r=g","contentUrl":"https:\/\/secure.gravatar.com\/avatar\/8ee2b0fae98657240c77e822ae139ad3?s=96&d=wp_user_avatar&r=g","caption":"Vivian Loureiro"},"description":"M\u00e9dica formada pela Universidade de S\u00e3o Paulo (USP). Realizou resid\u00eancia m\u00e9dica em Dermatologia e complementa\u00e7\u00e3o em Cosmiatria e Laser pelo departamento de Dermatologia do Hospital das Cl\u00ednicas da Faculdade de Medicina da Universidade de S\u00e3o Paulo (USP). Possui t\u00edtulo de especialista em Dermatologia. \u00c9 membro da Sociedade Brasileira de Dermatologia (SBD) e Sociedade Brasileira de Cirurgia Dermatol\u00f3gica (SBCD) e m\u00e9dica do grupo Fleury. Atua nas \u00e1reas de Dermatologia Cl\u00ednica, Cir\u00fargica, Pedi\u00e1trica e Est\u00e9tica. Frequenta e palestra nos principais cursos e congressos de dermatologia, nacionais e internacionais, a fim de se manter em constante atualiza\u00e7\u00e3o.","sameAs":["https:\/\/www.dravivianloureiro.com.br\/","https:\/\/pt-br.facebook.com\/vivianloureirodermatologia\/","https:\/\/www.instagram.com\/vivianloureirodermatologia\/","https:\/\/www.linkedin.com\/in\/vivian-barzi-loureiro-a6412887\/"]}]}},"amp_enabled":true,"_links":{"self":[{"href":"https:\/\/www.dravivianloureiro.com.br\/blog\/wp-json\/wp\/v2\/posts\/45"}],"collection":[{"href":"https:\/\/www.dravivianloureiro.com.br\/blog\/wp-json\/wp\/v2\/posts"}],"about":[{"href":"https:\/\/www.dravivianloureiro.com.br\/blog\/wp-json\/wp\/v2\/types\/post"}],"author":[{"embeddable":true,"href":"https:\/\/www.dravivianloureiro.com.br\/blog\/wp-json\/wp\/v2\/users\/1"}],"replies":[{"embeddable":true,"href":"https:\/\/www.dravivianloureiro.com.br\/blog\/wp-json\/wp\/v2\/comments?post=45"}],"version-history":[{"count":0,"href":"https:\/\/www.dravivianloureiro.com.br\/blog\/wp-json\/wp\/v2\/posts\/45\/revisions"}],"wp:featuredmedia":[{"embeddable":true,"href":"https:\/\/www.dravivianloureiro.com.br\/blog\/wp-json\/"}],"wp:attachment":[{"href":"https:\/\/www.dravivianloureiro.com.br\/blog\/wp-json\/wp\/v2\/media?parent=45"}],"wp:term":[{"taxonomy":"category","embeddable":true,"href":"https:\/\/www.dravivianloureiro.com.br\/blog\/wp-json\/wp\/v2\/categories?post=45"},{"taxonomy":"post_tag","embeddable":true,"href":"https:\/\/www.dravivianloureiro.com.br\/blog\/wp-json\/wp\/v2\/tags?post=45"}],"curies":[{"name":"wp","href":"https:\/\/api.w.org\/{rel}","templated":true}]}}