{"id":4497,"date":"2018-03-08T16:12:02","date_gmt":"2018-03-08T19:12:02","guid":{"rendered":"https:\/\/beautybeyondskin.com\/?p=4497"},"modified":"2021-04-26T14:29:36","modified_gmt":"2021-04-26T17:29:36","slug":"rejuvenescimento-corporal-radiofrequencia","status":"publish","type":"post","link":"https:\/\/www.dravivianloureiro.com.br\/blog\/rejuvenescimento-corporal-radiofrequencia\/","title":{"rendered":"Tratamento corporal com Radiofrequ\u00eancia: como obter um bom resultado?"},"content":{"rendered":"<p class=\"estimated-read-time\">Tempo de leitura:<small> 2 minutos<\/small><\/p> <p>Voc\u00ea conhece a Radiofrequ\u00eancia?<\/p>\n<p>A busca pelo Rejuvenescimento Corporal \u00e9 algo cont\u00ednuo, seja atrav\u00e9s de tratamentos est\u00e9ticos e\/ou cuidados caseiros. Neste post, dou algumas dicas de tratamentos para cuidar de detalhes como celulite, flacidez e gordura corporal.<\/p>\n<p>A Celulite, flacidez e gordura geralmente s\u00e3o causadas por quest\u00f5es gen\u00e9ticas ou at\u00e9 mesmo por conta de uma dieta desequilibrada.<\/p>\n<p>\u00c9 importante lembrar que a boa alimenta\u00e7\u00e3o tem um papel fundamental no rejuvenescimento, desde o pr\u00e9 at\u00e9 o p\u00f3s procedimento.<\/p>\n<h3>Quais s\u00e3o os tratamentos indicados para o Rejuvenescimento Corporal?<\/h3>\n<p>Temos diferentes tratamentos indicados para o Rejuvenescimento Corporal, entre eles est\u00e1 o tratamento de Radiofrequ\u00eancia baseado em Vacuoterapia.<\/p>\n<p>A Radiofrequ\u00eancia pode agir na epiderme (camada superficial); na derme (camada m\u00e9dia da pele) ou na hipoderme (c\u00e9lulas gordurosas) de forma individual ou combinada.<\/p>\n<h3>Como funciona a Aplica\u00e7\u00e3o para o corpo?<\/h3>\n<p>O calor proporcionado pelo tratamento de RF atua diretamente na c\u00e9lula de gordura, melhorando o metabolismo e contribuindo para redu\u00e7\u00e3o do seu volume. Al\u00e9m de estimular a produ\u00e7\u00e3o de col\u00e1geno e melhorar as condi\u00e7\u00f5es de col\u00e1geno j\u00e1 existentes no tecido.<\/p>\n<p>A Vacuoterapia, associada a RF, possui uma press\u00e3o negativa que maximiza a penetra\u00e7\u00e3o da RF na \u00e1rea tratada, contribuindo para o aumento da circula\u00e7\u00e3o local e redu\u00e7\u00e3o do volume da c\u00e9lula, al\u00e9m de estimular a drenagem linf\u00e1tica.<\/p>\n<h3>Contraindica\u00e7\u00f5es da Radiofrequ\u00eancia no Rejuvenescimento Corporal<\/h3>\n<p>O tratamento n\u00e3o pode ser realizado em pacientes que:<\/p>\n<p>Possuem<\/p>\n<ul>\n<li>Alergia na \u00e1rea a ser tratada;<\/li>\n<li>Tatuagem ou maquiagem definitiva na \u00e1rea a ser tratada;<\/li>\n<li>Diabetes;<\/li>\n<li>Qualquer hist\u00f3rico de doen\u00e7as que possam ser estimuladas pelo calor na \u00e1rea a ser tratada, como por exemplo, herpes.<\/li>\n<\/ul>\n<p>Est\u00e3o<strong>:<\/strong><\/p>\n<ul>\n<li>Em p\u00f3s operat\u00f3rio de procedimentos est\u00e9ticos por menos de 3 meses;<\/li>\n<li>Gr\u00e1vidas.<\/li>\n<\/ul>\n<h2>P\u00f3s-procedimento da Radiofrequ\u00eancia e cuidados com o corpo<\/h2>\n<p>\u00c9 comum que apare\u00e7a uma certa vermelhid\u00e3o na \u00e1rea tratada, que desaparecer\u00e1 com poucos dias. A paciente pode retornar \u00e0s atividades de rotina logo ap\u00f3s a finaliza\u00e7\u00e3o do tratamento.<\/p>\n<h3>Rejuvenescimento Corporal<\/h3>\n<p>A Radiofrequ\u00eancia d\u00e1 um resultado incr\u00edvel, belo e natural, proporcionando, al\u00e9m do rejuvenescimento, a autoestima.<\/p>\n<p>Como mencionei no in\u00edcio do texto, o tratamento para Rejuvenescimento Corporal \u00e9 e deve ser cont\u00ednuo. Hidrata\u00e7\u00f5es caseiras, cuidados di\u00e1rios com a pele (lembre-se do protetor solar!) e cuidados com a alimenta\u00e7\u00e3o influenciam diretamente na beleza da sua pele e do seu corpo.<\/p>\n<p>Antes de se submeter a um procedimento est\u00e9tico, pesquise um especialista com hist\u00f3rico no tratamento que voc\u00ea quer fazer e que seja registrado na <a href=\"http:\/\/www.sbd.org\">Sociedade Brasileira de Dermatologia<\/a>, assim voc\u00ea ter\u00e1 maior garantia de um bom resultado!<\/p>\n","protected":false},"excerpt":{"rendered":"<p><small> 2 minutos<\/small> Voc\u00ea conhece a Radiofrequ\u00eancia? A busca pelo Rejuvenescimento Corporal \u00e9 algo cont\u00ednuo, seja atrav\u00e9s de tratamentos est\u00e9ticos e\/ou cuidados caseiros. Neste post, dou algumas dicas de tratamentos para cuidar de detalhes como celulite, flacidez e gordura corporal. A Celulite, flacidez e gordura geralmente s\u00e3o causadas por quest\u00f5es gen\u00e9ticas ou at\u00e9 mesmo por conta de uma dieta desequilibrada. \u00c9 importante lembrar que a boa alimenta\u00e7\u00e3o tem um papel fundamental no rejuvenescimento, desde o pr\u00e9 at\u00e9 o p\u00f3s procedimento. Quais s\u00e3o os tratamentos indicados <a href=\"https:\/\/www.dravivianloureiro.com.br\/blog\/rejuvenescimento-corporal-radiofrequencia\/\" class=\"more-link\"><span>Continue lendo<\/span>\u2192<\/a><\/p>\n","protected":false},"author":1,"featured_media":4503,"comment_status":"open","ping_status":"open","sticky":false,"template":"","format":"standard","meta":[],"categories":[375,560,432,5,9,587,134],"tags":[316,389,582,396,310,619],"yoast_head":"<!-- This site is optimized with the Yoast SEO plugin v20.6 - https:\/\/yoast.com\/wordpress\/plugins\/seo\/ -->\n<title>Rejuvenescimento Corporal com Radiofrequ\u00eancia - Dra. Vivian Loureiro<\/title>\n<meta name=\"description\" content=\"A Radiofrequ\u00eancia d\u00e1 um resultado incr\u00edvel, belo e natural, proporcionando, al\u00e9m do rejuvenescimento, a autoestima. Dra. Vivian Loureiro \u00e9 Dermatologista Especialista em Rejuvenescimento Corporal com Radiofrequ\u00eancia em S\u00e3o Paulo - Contato (11) 3071.1033 \/ 3168.0534\" \/>\n<meta name=\"robots\" content=\"index, follow, max-snippet:-1, max-image-preview:large, max-video-preview:-1\" \/>\n<link rel=\"canonical\" href=\"https:\/\/www.dravivianloureiro.com.br\/blog\/rejuvenescimento-corporal-radiofrequencia\/\" \/>\n<meta property=\"og:locale\" content=\"pt_BR\" \/>\n<meta property=\"og:type\" content=\"article\" \/>\n<meta property=\"og:title\" content=\"Rejuvenescimento Corporal com Radiofrequ\u00eancia - Dra. Vivian Loureiro\" \/>\n<meta property=\"og:description\" content=\"A Radiofrequ\u00eancia d\u00e1 um resultado incr\u00edvel, belo e natural, proporcionando, al\u00e9m do rejuvenescimento, a autoestima. Dra. Vivian Loureiro \u00e9 Dermatologista Especialista em Rejuvenescimento Corporal com Radiofrequ\u00eancia em S\u00e3o Paulo - Contato (11) 3071.1033 \/ 3168.0534\" \/>\n<meta property=\"og:url\" content=\"https:\/\/www.dravivianloureiro.com.br\/blog\/rejuvenescimento-corporal-radiofrequencia\/\" \/>\n<meta property=\"og:site_name\" content=\"Dra. Vivian Loureiro\" \/>\n<meta property=\"article:publisher\" content=\"https:\/\/pt-br.facebook.com\/vivianloureirodermatologia\/\" \/>\n<meta property=\"article:author\" content=\"https:\/\/pt-br.facebook.com\/vivianloureirodermatologia\/\" \/>\n<meta property=\"article:published_time\" content=\"2018-03-08T19:12:02+00:00\" \/>\n<meta property=\"article:modified_time\" content=\"2021-04-26T17:29:36+00:00\" \/>\n<meta name=\"author\" content=\"Vivian Loureiro\" \/>\n<meta name=\"twitter:card\" content=\"summary_large_image\" \/>\n<meta name=\"twitter:label1\" content=\"Escrito por\" \/>\n\t<meta name=\"twitter:data1\" content=\"Vivian Loureiro\" \/>\n\t<meta name=\"twitter:label2\" content=\"Est. tempo de leitura\" \/>\n\t<meta name=\"twitter:data2\" content=\"2 minutos\" \/>\n<script type=\"application\/ld+json\" class=\"yoast-schema-graph\">{\"@context\":\"https:\/\/schema.org\",\"@graph\":[{\"@type\":\"Article\",\"@id\":\"https:\/\/www.dravivianloureiro.com.br\/blog\/rejuvenescimento-corporal-radiofrequencia\/#article\",\"isPartOf\":{\"@id\":\"https:\/\/www.dravivianloureiro.com.br\/blog\/rejuvenescimento-corporal-radiofrequencia\/\"},\"author\":{\"name\":\"Vivian Loureiro\",\"@id\":\"https:\/\/www.dravivianloureiro.com.br\/blog\/#\/schema\/person\/f6272c0e48dae4364ef626c598c5cb84\"},\"headline\":\"Tratamento corporal com Radiofrequ\u00eancia: como obter um bom resultado?\",\"datePublished\":\"2018-03-08T19:12:02+00:00\",\"dateModified\":\"2021-04-26T17:29:36+00:00\",\"mainEntityOfPage\":{\"@id\":\"https:\/\/www.dravivianloureiro.com.br\/blog\/rejuvenescimento-corporal-radiofrequencia\/\"},\"wordCount\":471,\"commentCount\":0,\"publisher\":{\"@id\":\"https:\/\/www.dravivianloureiro.com.br\/blog\/#organization\"},\"keywords\":[\"autoestima\",\"dicas\",\"radiofrequencia\",\"rejuvenescimento\",\"saude\",\"tratamento corporal\"],\"articleSection\":[\"Celulite\",\"Cicatriz\",\"Estrias\",\"Flacidez\",\"Gordura Localizada\",\"Radiofrequ\u00eancia\",\"Rejuvenescimento\"],\"inLanguage\":\"pt-BR\",\"potentialAction\":[{\"@type\":\"CommentAction\",\"name\":\"Comment\",\"target\":[\"https:\/\/www.dravivianloureiro.com.br\/blog\/rejuvenescimento-corporal-radiofrequencia\/#respond\"]}]},{\"@type\":\"WebPage\",\"@id\":\"https:\/\/www.dravivianloureiro.com.br\/blog\/rejuvenescimento-corporal-radiofrequencia\/\",\"url\":\"https:\/\/www.dravivianloureiro.com.br\/blog\/rejuvenescimento-corporal-radiofrequencia\/\",\"name\":\"Rejuvenescimento Corporal com Radiofrequ\u00eancia - Dra. Vivian Loureiro\",\"isPartOf\":{\"@id\":\"https:\/\/www.dravivianloureiro.com.br\/blog\/#website\"},\"datePublished\":\"2018-03-08T19:12:02+00:00\",\"dateModified\":\"2021-04-26T17:29:36+00:00\",\"description\":\"A Radiofrequ\u00eancia d\u00e1 um resultado incr\u00edvel, belo e natural, proporcionando, al\u00e9m do rejuvenescimento, a autoestima. Dra. Vivian Loureiro \u00e9 Dermatologista Especialista em Rejuvenescimento Corporal com Radiofrequ\u00eancia em S\u00e3o Paulo - Contato (11) 3071.1033 \/ 3168.0534\",\"breadcrumb\":{\"@id\":\"https:\/\/www.dravivianloureiro.com.br\/blog\/rejuvenescimento-corporal-radiofrequencia\/#breadcrumb\"},\"inLanguage\":\"pt-BR\",\"potentialAction\":[{\"@type\":\"ReadAction\",\"target\":[\"https:\/\/www.dravivianloureiro.com.br\/blog\/rejuvenescimento-corporal-radiofrequencia\/\"]}]},{\"@type\":\"BreadcrumbList\",\"@id\":\"https:\/\/www.dravivianloureiro.com.br\/blog\/rejuvenescimento-corporal-radiofrequencia\/#breadcrumb\",\"itemListElement\":[{\"@type\":\"ListItem\",\"position\":1,\"name\":\"In\u00edcio\",\"item\":\"https:\/\/www.dravivianloureiro.com.br\/blog\/\"},{\"@type\":\"ListItem\",\"position\":2,\"name\":\"Tratamento corporal com Radiofrequ\u00eancia: como obter um bom resultado?\"}]},{\"@type\":\"WebSite\",\"@id\":\"https:\/\/www.dravivianloureiro.com.br\/blog\/#website\",\"url\":\"https:\/\/www.dravivianloureiro.com.br\/blog\/\",\"name\":\"Dermatologista Vivian Loureiro\",\"description\":\"\",\"publisher\":{\"@id\":\"https:\/\/www.dravivianloureiro.com.br\/blog\/#organization\"},\"potentialAction\":[{\"@type\":\"SearchAction\",\"target\":{\"@type\":\"EntryPoint\",\"urlTemplate\":\"https:\/\/www.dravivianloureiro.com.br\/blog\/?s={search_term_string}\"},\"query-input\":\"required name=search_term_string\"}],\"inLanguage\":\"pt-BR\"},{\"@type\":\"Organization\",\"@id\":\"https:\/\/www.dravivianloureiro.com.br\/blog\/#organization\",\"name\":\"Dra. Vivian Loureiro - Dermatologista Em S\u00e3o Paulo\",\"url\":\"https:\/\/www.dravivianloureiro.com.br\/blog\/\",\"logo\":{\"@type\":\"ImageObject\",\"inLanguage\":\"pt-BR\",\"@id\":\"https:\/\/www.dravivianloureiro.com.br\/blog\/#\/schema\/logo\/image\/\",\"url\":\"https:\/\/www.dravivianloureiro.com.br\/blog\/wp-content\/uploads\/2018\/08\/favicon.jpg\",\"contentUrl\":\"https:\/\/www.dravivianloureiro.com.br\/blog\/wp-content\/uploads\/2018\/08\/favicon.jpg\",\"width\":112,\"height\":112,\"caption\":\"Dra. Vivian Loureiro - Dermatologista Em S\u00e3o Paulo\"},\"image\":{\"@id\":\"https:\/\/www.dravivianloureiro.com.br\/blog\/#\/schema\/logo\/image\/\"},\"sameAs\":[\"https:\/\/pt-br.facebook.com\/vivianloureirodermatologia\/\",\"https:\/\/www.instagram.com\/vivianloureirodermatologia\/\",\"https:\/\/www.linkedin.com\/in\/vivian-barzi-loureiro-a6412887\/\"]},{\"@type\":\"Person\",\"@id\":\"https:\/\/www.dravivianloureiro.com.br\/blog\/#\/schema\/person\/f6272c0e48dae4364ef626c598c5cb84\",\"name\":\"Vivian Loureiro\",\"image\":{\"@type\":\"ImageObject\",\"inLanguage\":\"pt-BR\",\"@id\":\"https:\/\/www.dravivianloureiro.com.br\/blog\/#\/schema\/person\/image\/\",\"url\":\"https:\/\/secure.gravatar.com\/avatar\/8ee2b0fae98657240c77e822ae139ad3?s=96&d=wp_user_avatar&r=g\",\"contentUrl\":\"https:\/\/secure.gravatar.com\/avatar\/8ee2b0fae98657240c77e822ae139ad3?s=96&d=wp_user_avatar&r=g\",\"caption\":\"Vivian Loureiro\"},\"description\":\"M\u00e9dica formada pela Universidade de S\u00e3o Paulo (USP). Realizou resid\u00eancia m\u00e9dica em Dermatologia e complementa\u00e7\u00e3o em Cosmiatria e Laser pelo departamento de Dermatologia do Hospital das Cl\u00ednicas da Faculdade de Medicina da Universidade de S\u00e3o Paulo (USP). Possui t\u00edtulo de especialista em Dermatologia. \u00c9 membro da Sociedade Brasileira de Dermatologia (SBD) e Sociedade Brasileira de Cirurgia Dermatol\u00f3gica (SBCD) e m\u00e9dica do grupo Fleury. Atua nas \u00e1reas de Dermatologia Cl\u00ednica, Cir\u00fargica, Pedi\u00e1trica e Est\u00e9tica. Frequenta e palestra nos principais cursos e congressos de dermatologia, nacionais e internacionais, a fim de se manter em constante atualiza\u00e7\u00e3o.\",\"sameAs\":[\"https:\/\/www.dravivianloureiro.com.br\/\",\"https:\/\/pt-br.facebook.com\/vivianloureirodermatologia\/\",\"https:\/\/www.instagram.com\/vivianloureirodermatologia\/\",\"https:\/\/www.linkedin.com\/in\/vivian-barzi-loureiro-a6412887\/\"]}]}<\/script>\n<!-- \/ Yoast SEO plugin. -->","yoast_head_json":{"title":"Rejuvenescimento Corporal com Radiofrequ\u00eancia - Dra. Vivian Loureiro","description":"A Radiofrequ\u00eancia d\u00e1 um resultado incr\u00edvel, belo e natural, proporcionando, al\u00e9m do rejuvenescimento, a autoestima. Dra. Vivian Loureiro \u00e9 Dermatologista Especialista em Rejuvenescimento Corporal com Radiofrequ\u00eancia em S\u00e3o Paulo - Contato (11) 3071.1033 \/ 3168.0534","robots":{"index":"index","follow":"follow","max-snippet":"max-snippet:-1","max-image-preview":"max-image-preview:large","max-video-preview":"max-video-preview:-1"},"canonical":"https:\/\/www.dravivianloureiro.com.br\/blog\/rejuvenescimento-corporal-radiofrequencia\/","og_locale":"pt_BR","og_type":"article","og_title":"Rejuvenescimento Corporal com Radiofrequ\u00eancia - Dra. Vivian Loureiro","og_description":"A Radiofrequ\u00eancia d\u00e1 um resultado incr\u00edvel, belo e natural, proporcionando, al\u00e9m do rejuvenescimento, a autoestima. Dra. Vivian Loureiro \u00e9 Dermatologista Especialista em Rejuvenescimento Corporal com Radiofrequ\u00eancia em S\u00e3o Paulo - Contato (11) 3071.1033 \/ 3168.0534","og_url":"https:\/\/www.dravivianloureiro.com.br\/blog\/rejuvenescimento-corporal-radiofrequencia\/","og_site_name":"Dra. Vivian Loureiro","article_publisher":"https:\/\/pt-br.facebook.com\/vivianloureirodermatologia\/","article_author":"https:\/\/pt-br.facebook.com\/vivianloureirodermatologia\/","article_published_time":"2018-03-08T19:12:02+00:00","article_modified_time":"2021-04-26T17:29:36+00:00","author":"Vivian Loureiro","twitter_card":"summary_large_image","twitter_misc":{"Escrito por":"Vivian Loureiro","Est. tempo de leitura":"2 minutos"},"schema":{"@context":"https:\/\/schema.org","@graph":[{"@type":"Article","@id":"https:\/\/www.dravivianloureiro.com.br\/blog\/rejuvenescimento-corporal-radiofrequencia\/#article","isPartOf":{"@id":"https:\/\/www.dravivianloureiro.com.br\/blog\/rejuvenescimento-corporal-radiofrequencia\/"},"author":{"name":"Vivian Loureiro","@id":"https:\/\/www.dravivianloureiro.com.br\/blog\/#\/schema\/person\/f6272c0e48dae4364ef626c598c5cb84"},"headline":"Tratamento corporal com Radiofrequ\u00eancia: como obter um bom resultado?","datePublished":"2018-03-08T19:12:02+00:00","dateModified":"2021-04-26T17:29:36+00:00","mainEntityOfPage":{"@id":"https:\/\/www.dravivianloureiro.com.br\/blog\/rejuvenescimento-corporal-radiofrequencia\/"},"wordCount":471,"commentCount":0,"publisher":{"@id":"https:\/\/www.dravivianloureiro.com.br\/blog\/#organization"},"keywords":["autoestima","dicas","radiofrequencia","rejuvenescimento","saude","tratamento corporal"],"articleSection":["Celulite","Cicatriz","Estrias","Flacidez","Gordura Localizada","Radiofrequ\u00eancia","Rejuvenescimento"],"inLanguage":"pt-BR","potentialAction":[{"@type":"CommentAction","name":"Comment","target":["https:\/\/www.dravivianloureiro.com.br\/blog\/rejuvenescimento-corporal-radiofrequencia\/#respond"]}]},{"@type":"WebPage","@id":"https:\/\/www.dravivianloureiro.com.br\/blog\/rejuvenescimento-corporal-radiofrequencia\/","url":"https:\/\/www.dravivianloureiro.com.br\/blog\/rejuvenescimento-corporal-radiofrequencia\/","name":"Rejuvenescimento Corporal com Radiofrequ\u00eancia - Dra. Vivian Loureiro","isPartOf":{"@id":"https:\/\/www.dravivianloureiro.com.br\/blog\/#website"},"datePublished":"2018-03-08T19:12:02+00:00","dateModified":"2021-04-26T17:29:36+00:00","description":"A Radiofrequ\u00eancia d\u00e1 um resultado incr\u00edvel, belo e natural, proporcionando, al\u00e9m do rejuvenescimento, a autoestima. Dra. Vivian Loureiro \u00e9 Dermatologista Especialista em Rejuvenescimento Corporal com Radiofrequ\u00eancia em S\u00e3o Paulo - Contato (11) 3071.1033 \/ 3168.0534","breadcrumb":{"@id":"https:\/\/www.dravivianloureiro.com.br\/blog\/rejuvenescimento-corporal-radiofrequencia\/#breadcrumb"},"inLanguage":"pt-BR","potentialAction":[{"@type":"ReadAction","target":["https:\/\/www.dravivianloureiro.com.br\/blog\/rejuvenescimento-corporal-radiofrequencia\/"]}]},{"@type":"BreadcrumbList","@id":"https:\/\/www.dravivianloureiro.com.br\/blog\/rejuvenescimento-corporal-radiofrequencia\/#breadcrumb","itemListElement":[{"@type":"ListItem","position":1,"name":"In\u00edcio","item":"https:\/\/www.dravivianloureiro.com.br\/blog\/"},{"@type":"ListItem","position":2,"name":"Tratamento corporal com Radiofrequ\u00eancia: como obter um bom resultado?"}]},{"@type":"WebSite","@id":"https:\/\/www.dravivianloureiro.com.br\/blog\/#website","url":"https:\/\/www.dravivianloureiro.com.br\/blog\/","name":"Dermatologista Vivian Loureiro","description":"","publisher":{"@id":"https:\/\/www.dravivianloureiro.com.br\/blog\/#organization"},"potentialAction":[{"@type":"SearchAction","target":{"@type":"EntryPoint","urlTemplate":"https:\/\/www.dravivianloureiro.com.br\/blog\/?s={search_term_string}"},"query-input":"required name=search_term_string"}],"inLanguage":"pt-BR"},{"@type":"Organization","@id":"https:\/\/www.dravivianloureiro.com.br\/blog\/#organization","name":"Dra. Vivian Loureiro - Dermatologista Em S\u00e3o Paulo","url":"https:\/\/www.dravivianloureiro.com.br\/blog\/","logo":{"@type":"ImageObject","inLanguage":"pt-BR","@id":"https:\/\/www.dravivianloureiro.com.br\/blog\/#\/schema\/logo\/image\/","url":"https:\/\/www.dravivianloureiro.com.br\/blog\/wp-content\/uploads\/2018\/08\/favicon.jpg","contentUrl":"https:\/\/www.dravivianloureiro.com.br\/blog\/wp-content\/uploads\/2018\/08\/favicon.jpg","width":112,"height":112,"caption":"Dra. Vivian Loureiro - Dermatologista Em S\u00e3o Paulo"},"image":{"@id":"https:\/\/www.dravivianloureiro.com.br\/blog\/#\/schema\/logo\/image\/"},"sameAs":["https:\/\/pt-br.facebook.com\/vivianloureirodermatologia\/","https:\/\/www.instagram.com\/vivianloureirodermatologia\/","https:\/\/www.linkedin.com\/in\/vivian-barzi-loureiro-a6412887\/"]},{"@type":"Person","@id":"https:\/\/www.dravivianloureiro.com.br\/blog\/#\/schema\/person\/f6272c0e48dae4364ef626c598c5cb84","name":"Vivian Loureiro","image":{"@type":"ImageObject","inLanguage":"pt-BR","@id":"https:\/\/www.dravivianloureiro.com.br\/blog\/#\/schema\/person\/image\/","url":"https:\/\/secure.gravatar.com\/avatar\/8ee2b0fae98657240c77e822ae139ad3?s=96&d=wp_user_avatar&r=g","contentUrl":"https:\/\/secure.gravatar.com\/avatar\/8ee2b0fae98657240c77e822ae139ad3?s=96&d=wp_user_avatar&r=g","caption":"Vivian Loureiro"},"description":"M\u00e9dica formada pela Universidade de S\u00e3o Paulo (USP). Realizou resid\u00eancia m\u00e9dica em Dermatologia e complementa\u00e7\u00e3o em Cosmiatria e Laser pelo departamento de Dermatologia do Hospital das Cl\u00ednicas da Faculdade de Medicina da Universidade de S\u00e3o Paulo (USP). Possui t\u00edtulo de especialista em Dermatologia. \u00c9 membro da Sociedade Brasileira de Dermatologia (SBD) e Sociedade Brasileira de Cirurgia Dermatol\u00f3gica (SBCD) e m\u00e9dica do grupo Fleury. Atua nas \u00e1reas de Dermatologia Cl\u00ednica, Cir\u00fargica, Pedi\u00e1trica e Est\u00e9tica. Frequenta e palestra nos principais cursos e congressos de dermatologia, nacionais e internacionais, a fim de se manter em constante atualiza\u00e7\u00e3o.","sameAs":["https:\/\/www.dravivianloureiro.com.br\/","https:\/\/pt-br.facebook.com\/vivianloureirodermatologia\/","https:\/\/www.instagram.com\/vivianloureirodermatologia\/","https:\/\/www.linkedin.com\/in\/vivian-barzi-loureiro-a6412887\/"]}]}},"amp_enabled":true,"_links":{"self":[{"href":"https:\/\/www.dravivianloureiro.com.br\/blog\/wp-json\/wp\/v2\/posts\/4497"}],"collection":[{"href":"https:\/\/www.dravivianloureiro.com.br\/blog\/wp-json\/wp\/v2\/posts"}],"about":[{"href":"https:\/\/www.dravivianloureiro.com.br\/blog\/wp-json\/wp\/v2\/types\/post"}],"author":[{"embeddable":true,"href":"https:\/\/www.dravivianloureiro.com.br\/blog\/wp-json\/wp\/v2\/users\/1"}],"replies":[{"embeddable":true,"href":"https:\/\/www.dravivianloureiro.com.br\/blog\/wp-json\/wp\/v2\/comments?post=4497"}],"version-history":[{"count":0,"href":"https:\/\/www.dravivianloureiro.com.br\/blog\/wp-json\/wp\/v2\/posts\/4497\/revisions"}],"wp:featuredmedia":[{"embeddable":true,"href":"https:\/\/www.dravivianloureiro.com.br\/blog\/wp-json\/"}],"wp:attachment":[{"href":"https:\/\/www.dravivianloureiro.com.br\/blog\/wp-json\/wp\/v2\/media?parent=4497"}],"wp:term":[{"taxonomy":"category","embeddable":true,"href":"https:\/\/www.dravivianloureiro.com.br\/blog\/wp-json\/wp\/v2\/categories?post=4497"},{"taxonomy":"post_tag","embeddable":true,"href":"https:\/\/www.dravivianloureiro.com.br\/blog\/wp-json\/wp\/v2\/tags?post=4497"}],"curies":[{"name":"wp","href":"https:\/\/api.w.org\/{rel}","templated":true}]}}