{"id":4392,"date":"2018-02-15T09:42:47","date_gmt":"2018-02-15T11:42:47","guid":{"rendered":"https:\/\/beautybeyondskin.com\/?p=4392"},"modified":"2021-04-26T14:34:27","modified_gmt":"2021-04-26T17:34:27","slug":"alergia-na-pele-pode-ser-dermatite-atopica","status":"publish","type":"post","link":"https:\/\/www.dravivianloureiro.com.br\/blog\/alergia-na-pele-pode-ser-dermatite-atopica\/","title":{"rendered":"Alergia na pele? Pode ser Dermatite At\u00f3pica!"},"content":{"rendered":"<p class=\"estimated-read-time\">Tempo de leitura:<small> 2 minutos<\/small><\/p> <p>Pele ressecada com frequ\u00eancia, coceira incess\u00e1vel e vermelhid\u00e3o? Pode ser Dermatite At\u00f3pica.<\/p>\n<h2>O que \u00e9 a Dermatite At\u00f3pica?<\/h2>\n<p>De origem gen\u00e9tica, a Dermatite At\u00f3pica \u00e9 uma resposta al\u00e9rgica da pele a algo com que a pessoa tocou ou ingeriu e tamb\u00e9m pode ser associada com a rinite, bronquite, alergia \u00e0 picada de insetos e irrita\u00e7\u00e3o ao suor. A Dermatite At\u00f3pica deixa a lubrifica\u00e7\u00e3o da pele falha, fazendo com que a mesma fique ressecada com frequ\u00eancia<\/p>\n<h2>Quais s\u00e3o as regi\u00f5es mais afetadas pela Dermatite At\u00f3pica e como ela se manifesta?<\/h2>\n<p>As regi\u00f5es mais afetadas normalmente s\u00e3o as dobras dos bra\u00e7os e dos joelhos, podendo afetar tamb\u00e9m o pesco\u00e7o, o rosto, dorso das m\u00e3os e tornozelos. A Dermatite At\u00f3pica come\u00e7a a se manifestar atrav\u00e9s de leves coceiras que, se n\u00e3o forem tratadas, v\u00e3o ficando mais intensas com o passar do tempo.<\/p>\n<h2>O que fazer ao se notar um dos sintomas da Dermatite At\u00f3pica?<\/h2>\n<p>Ao notar os sintomas, alguns cuidados podem ser tomados para que a <a href=\"https:\/\/www.dravivianloureiro.com.br\/blog\/cuidados-com-a-pele-durante-o-inverno\/\">dermatite at\u00f3pica<\/a> n\u00e3o se agrave, entre eles:<\/p>\n<ul>\n<li>Passar a utilizar cremes e hidratantes todos os dias. Ainda que a pele mostre melhora, o uso deve ser cont\u00ednuo. Sua aplica\u00e7\u00e3o deve ser feita logo ap\u00f3s o banho, pois o hidratante funciona melhor quando \u00e9 aplicado na pele ainda \u00famida. O creme precisa ser branco, sem perfume e usado pelo menos duas vezes por dia.<\/li>\n<li>O banho deve ser morno e curto. A utiliza\u00e7\u00e3o de buchas n\u00e3o \u00e9 recomendada. D\u00ea prefer\u00eancia aos sabonetes neutros e use mais na regi\u00e3o das axilas, regi\u00f5es genitais, m\u00e3os e p\u00e9s onde o ac\u00famulo de sujeira \u00e9 maior. Quando for se secar, deixe a m\u00e3o leve e n\u00e3o esfregue a toalha na pele.<\/li>\n<li>No inverno, utilize cremes mais oleosos e evite lo\u00e7\u00f5es aquosas; use roupas leves e de algod\u00e3o, evite tecidos sint\u00e9ticos.<\/li>\n<li>ir \u00e0 praia pode aliviar os sintomas do at\u00f3pico, desde que fa\u00e7a uso cont\u00ednuo do protetor solar e hidrate bem a pele.<\/li>\n<\/ul>\n<h2>\u00c9 poss\u00edvel ter certeza da Alergia ao notar os sintomas?<\/h2>\n<p>N\u00e3o \u00e9 poss\u00edvel. Apenas um dermatologista poder\u00e1 diagnosticar corretamente, pois existem doen\u00e7as na dermatologia que s\u00e3o muito parecidas.<\/p>\n<p>\u00c9 v\u00e1lido ressaltar a import\u00e2ncia de passar com um m\u00e9dico especialista registrado na <a href=\"http:\/\/www.sbd.org\">Sociedade Brasileira de Dermatologia<\/a>, pois s\u00f3 ele poder\u00e1 dizer qual \u00e9 o melhor plano de tratamento.<br \/>\nEspero que tenha gostado das informa\u00e7\u00f5es!<\/p>\n<p>Caso tenha alguma d\u00favida, deixe um coment\u00e1rio com sua pergunta e fique \u00e0 vontade para compartilhar o post nas redes sociais. =)<\/p>\n","protected":false},"excerpt":{"rendered":"<p><small> 2 minutos<\/small> Pele ressecada com frequ\u00eancia, coceira incess\u00e1vel e vermelhid\u00e3o? Pode ser Dermatite At\u00f3pica. O que \u00e9 a Dermatite At\u00f3pica? De origem gen\u00e9tica, a Dermatite At\u00f3pica \u00e9 uma resposta al\u00e9rgica da pele a algo com que a pessoa tocou ou ingeriu e tamb\u00e9m pode ser associada com a rinite, bronquite, alergia \u00e0 picada de insetos e irrita\u00e7\u00e3o ao suor. A Dermatite At\u00f3pica deixa a lubrifica\u00e7\u00e3o da pele falha, fazendo com que a mesma fique ressecada com frequ\u00eancia Quais s\u00e3o as regi\u00f5es mais afetadas pela <a href=\"https:\/\/www.dravivianloureiro.com.br\/blog\/alergia-na-pele-pode-ser-dermatite-atopica\/\" class=\"more-link\"><span>Continue lendo<\/span>\u2192<\/a><\/p>\n","protected":false},"author":1,"featured_media":4394,"comment_status":"open","ping_status":"open","sticky":false,"template":"","format":"standard","meta":[],"categories":[380,398],"tags":[386,606,412,313,572,315],"yoast_head":"<!-- This site is optimized with the Yoast SEO plugin v20.6 - https:\/\/yoast.com\/wordpress\/plugins\/seo\/ -->\n<title>Alergia na pele? Pode ser Dermatite At\u00f3pica! - Dra. Vivian Loureiro<\/title>\n<meta name=\"description\" content=\"Entenda a Dermatite At\u00f3pica. Dra Vivian Loureiro \u00e9 Dermatologista Especialista em Dermatite At\u00f3pica - Contato (11) 3071.1033 \/ 3168.0534\" \/>\n<meta name=\"robots\" content=\"index, follow, max-snippet:-1, max-image-preview:large, max-video-preview:-1\" \/>\n<link rel=\"canonical\" href=\"https:\/\/www.dravivianloureiro.com.br\/blog\/alergia-na-pele-pode-ser-dermatite-atopica\/\" \/>\n<meta property=\"og:locale\" content=\"pt_BR\" \/>\n<meta property=\"og:type\" content=\"article\" \/>\n<meta property=\"og:title\" content=\"Alergia na pele? Pode ser Dermatite At\u00f3pica! - Dra. Vivian Loureiro\" \/>\n<meta property=\"og:description\" content=\"Entenda a Dermatite At\u00f3pica. Dra Vivian Loureiro \u00e9 Dermatologista Especialista em Dermatite At\u00f3pica - Contato (11) 3071.1033 \/ 3168.0534\" \/>\n<meta property=\"og:url\" content=\"https:\/\/www.dravivianloureiro.com.br\/blog\/alergia-na-pele-pode-ser-dermatite-atopica\/\" \/>\n<meta property=\"og:site_name\" content=\"Dra. Vivian Loureiro\" \/>\n<meta property=\"article:publisher\" content=\"https:\/\/pt-br.facebook.com\/vivianloureirodermatologia\/\" \/>\n<meta property=\"article:author\" content=\"https:\/\/pt-br.facebook.com\/vivianloureirodermatologia\/\" \/>\n<meta property=\"article:published_time\" content=\"2018-02-15T11:42:47+00:00\" \/>\n<meta property=\"article:modified_time\" content=\"2021-04-26T17:34:27+00:00\" \/>\n<meta name=\"author\" content=\"Vivian Loureiro\" \/>\n<meta name=\"twitter:card\" content=\"summary_large_image\" \/>\n<meta name=\"twitter:label1\" content=\"Escrito por\" \/>\n\t<meta name=\"twitter:data1\" content=\"Vivian Loureiro\" \/>\n\t<meta name=\"twitter:label2\" content=\"Est. tempo de leitura\" \/>\n\t<meta name=\"twitter:data2\" content=\"2 minutos\" \/>\n<script type=\"application\/ld+json\" class=\"yoast-schema-graph\">{\"@context\":\"https:\/\/schema.org\",\"@graph\":[{\"@type\":\"Article\",\"@id\":\"https:\/\/www.dravivianloureiro.com.br\/blog\/alergia-na-pele-pode-ser-dermatite-atopica\/#article\",\"isPartOf\":{\"@id\":\"https:\/\/www.dravivianloureiro.com.br\/blog\/alergia-na-pele-pode-ser-dermatite-atopica\/\"},\"author\":{\"name\":\"Vivian Loureiro\",\"@id\":\"https:\/\/www.dravivianloureiro.com.br\/blog\/#\/schema\/person\/f6272c0e48dae4364ef626c598c5cb84\"},\"headline\":\"Alergia na pele? Pode ser Dermatite At\u00f3pica!\",\"datePublished\":\"2018-02-15T11:42:47+00:00\",\"dateModified\":\"2021-04-26T17:34:27+00:00\",\"mainEntityOfPage\":{\"@id\":\"https:\/\/www.dravivianloureiro.com.br\/blog\/alergia-na-pele-pode-ser-dermatite-atopica\/\"},\"wordCount\":460,\"commentCount\":0,\"publisher\":{\"@id\":\"https:\/\/www.dravivianloureiro.com.br\/blog\/#organization\"},\"keywords\":[\"alergias\",\"alergias da pele\",\"dermatite\",\"dermatologia especializada\",\"dermatologia tridimensional\",\"dermatologista em sp\"],\"articleSection\":[\"Alergias\",\"Dermatites\"],\"inLanguage\":\"pt-BR\",\"potentialAction\":[{\"@type\":\"CommentAction\",\"name\":\"Comment\",\"target\":[\"https:\/\/www.dravivianloureiro.com.br\/blog\/alergia-na-pele-pode-ser-dermatite-atopica\/#respond\"]}]},{\"@type\":\"WebPage\",\"@id\":\"https:\/\/www.dravivianloureiro.com.br\/blog\/alergia-na-pele-pode-ser-dermatite-atopica\/\",\"url\":\"https:\/\/www.dravivianloureiro.com.br\/blog\/alergia-na-pele-pode-ser-dermatite-atopica\/\",\"name\":\"Alergia na pele? Pode ser Dermatite At\u00f3pica! - Dra. Vivian Loureiro\",\"isPartOf\":{\"@id\":\"https:\/\/www.dravivianloureiro.com.br\/blog\/#website\"},\"datePublished\":\"2018-02-15T11:42:47+00:00\",\"dateModified\":\"2021-04-26T17:34:27+00:00\",\"description\":\"Entenda a Dermatite At\u00f3pica. Dra Vivian Loureiro \u00e9 Dermatologista Especialista em Dermatite At\u00f3pica - Contato (11) 3071.1033 \/ 3168.0534\",\"breadcrumb\":{\"@id\":\"https:\/\/www.dravivianloureiro.com.br\/blog\/alergia-na-pele-pode-ser-dermatite-atopica\/#breadcrumb\"},\"inLanguage\":\"pt-BR\",\"potentialAction\":[{\"@type\":\"ReadAction\",\"target\":[\"https:\/\/www.dravivianloureiro.com.br\/blog\/alergia-na-pele-pode-ser-dermatite-atopica\/\"]}]},{\"@type\":\"BreadcrumbList\",\"@id\":\"https:\/\/www.dravivianloureiro.com.br\/blog\/alergia-na-pele-pode-ser-dermatite-atopica\/#breadcrumb\",\"itemListElement\":[{\"@type\":\"ListItem\",\"position\":1,\"name\":\"In\u00edcio\",\"item\":\"https:\/\/www.dravivianloureiro.com.br\/blog\/\"},{\"@type\":\"ListItem\",\"position\":2,\"name\":\"Alergia na pele? Pode ser Dermatite At\u00f3pica!\"}]},{\"@type\":\"WebSite\",\"@id\":\"https:\/\/www.dravivianloureiro.com.br\/blog\/#website\",\"url\":\"https:\/\/www.dravivianloureiro.com.br\/blog\/\",\"name\":\"Dermatologista Vivian Loureiro\",\"description\":\"\",\"publisher\":{\"@id\":\"https:\/\/www.dravivianloureiro.com.br\/blog\/#organization\"},\"potentialAction\":[{\"@type\":\"SearchAction\",\"target\":{\"@type\":\"EntryPoint\",\"urlTemplate\":\"https:\/\/www.dravivianloureiro.com.br\/blog\/?s={search_term_string}\"},\"query-input\":\"required name=search_term_string\"}],\"inLanguage\":\"pt-BR\"},{\"@type\":\"Organization\",\"@id\":\"https:\/\/www.dravivianloureiro.com.br\/blog\/#organization\",\"name\":\"Dra. Vivian Loureiro - Dermatologista Em S\u00e3o Paulo\",\"url\":\"https:\/\/www.dravivianloureiro.com.br\/blog\/\",\"logo\":{\"@type\":\"ImageObject\",\"inLanguage\":\"pt-BR\",\"@id\":\"https:\/\/www.dravivianloureiro.com.br\/blog\/#\/schema\/logo\/image\/\",\"url\":\"https:\/\/www.dravivianloureiro.com.br\/blog\/wp-content\/uploads\/2018\/08\/favicon.jpg\",\"contentUrl\":\"https:\/\/www.dravivianloureiro.com.br\/blog\/wp-content\/uploads\/2018\/08\/favicon.jpg\",\"width\":112,\"height\":112,\"caption\":\"Dra. Vivian Loureiro - Dermatologista Em S\u00e3o Paulo\"},\"image\":{\"@id\":\"https:\/\/www.dravivianloureiro.com.br\/blog\/#\/schema\/logo\/image\/\"},\"sameAs\":[\"https:\/\/pt-br.facebook.com\/vivianloureirodermatologia\/\",\"https:\/\/www.instagram.com\/vivianloureirodermatologia\/\",\"https:\/\/www.linkedin.com\/in\/vivian-barzi-loureiro-a6412887\/\"]},{\"@type\":\"Person\",\"@id\":\"https:\/\/www.dravivianloureiro.com.br\/blog\/#\/schema\/person\/f6272c0e48dae4364ef626c598c5cb84\",\"name\":\"Vivian Loureiro\",\"image\":{\"@type\":\"ImageObject\",\"inLanguage\":\"pt-BR\",\"@id\":\"https:\/\/www.dravivianloureiro.com.br\/blog\/#\/schema\/person\/image\/\",\"url\":\"https:\/\/secure.gravatar.com\/avatar\/8ee2b0fae98657240c77e822ae139ad3?s=96&d=wp_user_avatar&r=g\",\"contentUrl\":\"https:\/\/secure.gravatar.com\/avatar\/8ee2b0fae98657240c77e822ae139ad3?s=96&d=wp_user_avatar&r=g\",\"caption\":\"Vivian Loureiro\"},\"description\":\"M\u00e9dica formada pela Universidade de S\u00e3o Paulo (USP). Realizou resid\u00eancia m\u00e9dica em Dermatologia e complementa\u00e7\u00e3o em Cosmiatria e Laser pelo departamento de Dermatologia do Hospital das Cl\u00ednicas da Faculdade de Medicina da Universidade de S\u00e3o Paulo (USP). Possui t\u00edtulo de especialista em Dermatologia. \u00c9 membro da Sociedade Brasileira de Dermatologia (SBD) e Sociedade Brasileira de Cirurgia Dermatol\u00f3gica (SBCD) e m\u00e9dica do grupo Fleury. Atua nas \u00e1reas de Dermatologia Cl\u00ednica, Cir\u00fargica, Pedi\u00e1trica e Est\u00e9tica. Frequenta e palestra nos principais cursos e congressos de dermatologia, nacionais e internacionais, a fim de se manter em constante atualiza\u00e7\u00e3o.\",\"sameAs\":[\"https:\/\/www.dravivianloureiro.com.br\/\",\"https:\/\/pt-br.facebook.com\/vivianloureirodermatologia\/\",\"https:\/\/www.instagram.com\/vivianloureirodermatologia\/\",\"https:\/\/www.linkedin.com\/in\/vivian-barzi-loureiro-a6412887\/\"]}]}<\/script>\n<!-- \/ Yoast SEO plugin. -->","yoast_head_json":{"title":"Alergia na pele? Pode ser Dermatite At\u00f3pica! - Dra. Vivian Loureiro","description":"Entenda a Dermatite At\u00f3pica. Dra Vivian Loureiro \u00e9 Dermatologista Especialista em Dermatite At\u00f3pica - Contato (11) 3071.1033 \/ 3168.0534","robots":{"index":"index","follow":"follow","max-snippet":"max-snippet:-1","max-image-preview":"max-image-preview:large","max-video-preview":"max-video-preview:-1"},"canonical":"https:\/\/www.dravivianloureiro.com.br\/blog\/alergia-na-pele-pode-ser-dermatite-atopica\/","og_locale":"pt_BR","og_type":"article","og_title":"Alergia na pele? Pode ser Dermatite At\u00f3pica! - Dra. Vivian Loureiro","og_description":"Entenda a Dermatite At\u00f3pica. Dra Vivian Loureiro \u00e9 Dermatologista Especialista em Dermatite At\u00f3pica - Contato (11) 3071.1033 \/ 3168.0534","og_url":"https:\/\/www.dravivianloureiro.com.br\/blog\/alergia-na-pele-pode-ser-dermatite-atopica\/","og_site_name":"Dra. Vivian Loureiro","article_publisher":"https:\/\/pt-br.facebook.com\/vivianloureirodermatologia\/","article_author":"https:\/\/pt-br.facebook.com\/vivianloureirodermatologia\/","article_published_time":"2018-02-15T11:42:47+00:00","article_modified_time":"2021-04-26T17:34:27+00:00","author":"Vivian Loureiro","twitter_card":"summary_large_image","twitter_misc":{"Escrito por":"Vivian Loureiro","Est. tempo de leitura":"2 minutos"},"schema":{"@context":"https:\/\/schema.org","@graph":[{"@type":"Article","@id":"https:\/\/www.dravivianloureiro.com.br\/blog\/alergia-na-pele-pode-ser-dermatite-atopica\/#article","isPartOf":{"@id":"https:\/\/www.dravivianloureiro.com.br\/blog\/alergia-na-pele-pode-ser-dermatite-atopica\/"},"author":{"name":"Vivian Loureiro","@id":"https:\/\/www.dravivianloureiro.com.br\/blog\/#\/schema\/person\/f6272c0e48dae4364ef626c598c5cb84"},"headline":"Alergia na pele? Pode ser Dermatite At\u00f3pica!","datePublished":"2018-02-15T11:42:47+00:00","dateModified":"2021-04-26T17:34:27+00:00","mainEntityOfPage":{"@id":"https:\/\/www.dravivianloureiro.com.br\/blog\/alergia-na-pele-pode-ser-dermatite-atopica\/"},"wordCount":460,"commentCount":0,"publisher":{"@id":"https:\/\/www.dravivianloureiro.com.br\/blog\/#organization"},"keywords":["alergias","alergias da pele","dermatite","dermatologia especializada","dermatologia tridimensional","dermatologista em sp"],"articleSection":["Alergias","Dermatites"],"inLanguage":"pt-BR","potentialAction":[{"@type":"CommentAction","name":"Comment","target":["https:\/\/www.dravivianloureiro.com.br\/blog\/alergia-na-pele-pode-ser-dermatite-atopica\/#respond"]}]},{"@type":"WebPage","@id":"https:\/\/www.dravivianloureiro.com.br\/blog\/alergia-na-pele-pode-ser-dermatite-atopica\/","url":"https:\/\/www.dravivianloureiro.com.br\/blog\/alergia-na-pele-pode-ser-dermatite-atopica\/","name":"Alergia na pele? Pode ser Dermatite At\u00f3pica! - Dra. Vivian Loureiro","isPartOf":{"@id":"https:\/\/www.dravivianloureiro.com.br\/blog\/#website"},"datePublished":"2018-02-15T11:42:47+00:00","dateModified":"2021-04-26T17:34:27+00:00","description":"Entenda a Dermatite At\u00f3pica. Dra Vivian Loureiro \u00e9 Dermatologista Especialista em Dermatite At\u00f3pica - Contato (11) 3071.1033 \/ 3168.0534","breadcrumb":{"@id":"https:\/\/www.dravivianloureiro.com.br\/blog\/alergia-na-pele-pode-ser-dermatite-atopica\/#breadcrumb"},"inLanguage":"pt-BR","potentialAction":[{"@type":"ReadAction","target":["https:\/\/www.dravivianloureiro.com.br\/blog\/alergia-na-pele-pode-ser-dermatite-atopica\/"]}]},{"@type":"BreadcrumbList","@id":"https:\/\/www.dravivianloureiro.com.br\/blog\/alergia-na-pele-pode-ser-dermatite-atopica\/#breadcrumb","itemListElement":[{"@type":"ListItem","position":1,"name":"In\u00edcio","item":"https:\/\/www.dravivianloureiro.com.br\/blog\/"},{"@type":"ListItem","position":2,"name":"Alergia na pele? Pode ser Dermatite At\u00f3pica!"}]},{"@type":"WebSite","@id":"https:\/\/www.dravivianloureiro.com.br\/blog\/#website","url":"https:\/\/www.dravivianloureiro.com.br\/blog\/","name":"Dermatologista Vivian Loureiro","description":"","publisher":{"@id":"https:\/\/www.dravivianloureiro.com.br\/blog\/#organization"},"potentialAction":[{"@type":"SearchAction","target":{"@type":"EntryPoint","urlTemplate":"https:\/\/www.dravivianloureiro.com.br\/blog\/?s={search_term_string}"},"query-input":"required name=search_term_string"}],"inLanguage":"pt-BR"},{"@type":"Organization","@id":"https:\/\/www.dravivianloureiro.com.br\/blog\/#organization","name":"Dra. Vivian Loureiro - Dermatologista Em S\u00e3o Paulo","url":"https:\/\/www.dravivianloureiro.com.br\/blog\/","logo":{"@type":"ImageObject","inLanguage":"pt-BR","@id":"https:\/\/www.dravivianloureiro.com.br\/blog\/#\/schema\/logo\/image\/","url":"https:\/\/www.dravivianloureiro.com.br\/blog\/wp-content\/uploads\/2018\/08\/favicon.jpg","contentUrl":"https:\/\/www.dravivianloureiro.com.br\/blog\/wp-content\/uploads\/2018\/08\/favicon.jpg","width":112,"height":112,"caption":"Dra. Vivian Loureiro - Dermatologista Em S\u00e3o Paulo"},"image":{"@id":"https:\/\/www.dravivianloureiro.com.br\/blog\/#\/schema\/logo\/image\/"},"sameAs":["https:\/\/pt-br.facebook.com\/vivianloureirodermatologia\/","https:\/\/www.instagram.com\/vivianloureirodermatologia\/","https:\/\/www.linkedin.com\/in\/vivian-barzi-loureiro-a6412887\/"]},{"@type":"Person","@id":"https:\/\/www.dravivianloureiro.com.br\/blog\/#\/schema\/person\/f6272c0e48dae4364ef626c598c5cb84","name":"Vivian Loureiro","image":{"@type":"ImageObject","inLanguage":"pt-BR","@id":"https:\/\/www.dravivianloureiro.com.br\/blog\/#\/schema\/person\/image\/","url":"https:\/\/secure.gravatar.com\/avatar\/8ee2b0fae98657240c77e822ae139ad3?s=96&d=wp_user_avatar&r=g","contentUrl":"https:\/\/secure.gravatar.com\/avatar\/8ee2b0fae98657240c77e822ae139ad3?s=96&d=wp_user_avatar&r=g","caption":"Vivian Loureiro"},"description":"M\u00e9dica formada pela Universidade de S\u00e3o Paulo (USP). Realizou resid\u00eancia m\u00e9dica em Dermatologia e complementa\u00e7\u00e3o em Cosmiatria e Laser pelo departamento de Dermatologia do Hospital das Cl\u00ednicas da Faculdade de Medicina da Universidade de S\u00e3o Paulo (USP). Possui t\u00edtulo de especialista em Dermatologia. \u00c9 membro da Sociedade Brasileira de Dermatologia (SBD) e Sociedade Brasileira de Cirurgia Dermatol\u00f3gica (SBCD) e m\u00e9dica do grupo Fleury. Atua nas \u00e1reas de Dermatologia Cl\u00ednica, Cir\u00fargica, Pedi\u00e1trica e Est\u00e9tica. Frequenta e palestra nos principais cursos e congressos de dermatologia, nacionais e internacionais, a fim de se manter em constante atualiza\u00e7\u00e3o.","sameAs":["https:\/\/www.dravivianloureiro.com.br\/","https:\/\/pt-br.facebook.com\/vivianloureirodermatologia\/","https:\/\/www.instagram.com\/vivianloureirodermatologia\/","https:\/\/www.linkedin.com\/in\/vivian-barzi-loureiro-a6412887\/"]}]}},"amp_enabled":true,"_links":{"self":[{"href":"https:\/\/www.dravivianloureiro.com.br\/blog\/wp-json\/wp\/v2\/posts\/4392"}],"collection":[{"href":"https:\/\/www.dravivianloureiro.com.br\/blog\/wp-json\/wp\/v2\/posts"}],"about":[{"href":"https:\/\/www.dravivianloureiro.com.br\/blog\/wp-json\/wp\/v2\/types\/post"}],"author":[{"embeddable":true,"href":"https:\/\/www.dravivianloureiro.com.br\/blog\/wp-json\/wp\/v2\/users\/1"}],"replies":[{"embeddable":true,"href":"https:\/\/www.dravivianloureiro.com.br\/blog\/wp-json\/wp\/v2\/comments?post=4392"}],"version-history":[{"count":0,"href":"https:\/\/www.dravivianloureiro.com.br\/blog\/wp-json\/wp\/v2\/posts\/4392\/revisions"}],"wp:featuredmedia":[{"embeddable":true,"href":"https:\/\/www.dravivianloureiro.com.br\/blog\/wp-json\/"}],"wp:attachment":[{"href":"https:\/\/www.dravivianloureiro.com.br\/blog\/wp-json\/wp\/v2\/media?parent=4392"}],"wp:term":[{"taxonomy":"category","embeddable":true,"href":"https:\/\/www.dravivianloureiro.com.br\/blog\/wp-json\/wp\/v2\/categories?post=4392"},{"taxonomy":"post_tag","embeddable":true,"href":"https:\/\/www.dravivianloureiro.com.br\/blog\/wp-json\/wp\/v2\/tags?post=4392"}],"curies":[{"name":"wp","href":"https:\/\/api.w.org\/{rel}","templated":true}]}}