{"id":41,"date":"2011-10-28T12:47:02","date_gmt":"2011-10-28T12:47:02","guid":{"rendered":"http:\/\/www.gabrielacasabona.com.br\/blog\/?p=41"},"modified":"2011-10-28T12:47:02","modified_gmt":"2011-10-28T12:47:02","slug":"fotoprotecao-solar","status":"publish","type":"post","link":"https:\/\/www.dravivianloureiro.com.br\/blog\/fotoprotecao-solar\/","title":{"rendered":"Fotoprote\u00e7\u00e3o Solar"},"content":{"rendered":"<p class=\"estimated-read-time\">Tempo de leitura:<small> 2 minutos<\/small><\/p> <h2>Cuidados com o Sol<\/h2>\n<p>Cerca de 80% do envelhecimento da pele deve-se \u00e0 exposi\u00e7\u00e3o ao Sol . Usar protetor solar mant\u00e9m o bronzeado e preserva a epiderme.<\/p>\n<p>Na praia, o ideal \u00e9 reaplicar o protetor generosamente a cada duas horas e sempre que sair da \u00e1gua. O bronzeador solar est\u00e1 liberado, desde que tenha boa prote\u00e7\u00e3o, protetores solares eficientes para a praia s\u00e3o os que t\u00eam fator a partir de 20.<\/p>\n<p>N\u00e3o se apresse para pegar aquele bronze. Exponha-se ao Sol sem exagerar no primeiro dia, pois assim a pele n\u00e3o ir\u00e1 descascar ou ficar vermelha como um camar\u00e3o.<\/p>\n<p>No rosto o ideal \u00e9 n\u00e3o queimar absolutamente nada. H\u00e1 produtos no mercado como viseiras, bon\u00e9s, camisetas, luvas, cujo tecido cont\u00e9m componentes que filtram o Sol. Ainda assim n\u00e3o se exponha muito ao Sol, principalmente entre 10h e 16h.<\/p>\n<p>Antes e ap\u00f3s a praia \u00e9 importante ter seu corpo bem hidratado com produtos especiais para manter o bronzeado. A higiene neste per\u00edodo \u00e9 fundamental. Lave o rosto e o corpo com sabonete gel ou l\u00edquido, pois agridem menos. Se a pele for oleosa, use hidratante em gel. Para a pele seca, que piora durante o ver\u00e3o, deve ser cremoso.<\/p>\n<p>Laborat\u00f3rios e marcas de cosm\u00e9ticos t\u00eam produtos idealizados especificamente para a \u00e9poca do calor. Duas boas dicas s\u00e3o os \u00e1cidos de ver\u00e3o e os protetores solares via oral. Eles n\u00e3o trazem perigo como o \u00e1cido retin\u00f3ico e normalizam a pele, estimulando o rejuvenescimento. Os protetores via oral s\u00e3o antioxidantes e protegem o rosto da a\u00e7\u00e3o mal\u00e9fica do Sol.ir da \u00e1gua. O bronzeador solar est\u00e1 liberado, desde que tenha boa prote\u00e7\u00e3o. Gabriela Casabona, dermatologista do Hospital Samaritano de S\u00e3o Paulo, explica que protetores solares eficientes para a praia s\u00e3o os que t\u00eam fator a partir de 20.<\/p>\n<p>N\u00e3o se apresse para pegar aquele bronze. \u201cExponha-se ao Sol sem exagerar no primeiro dia, pois assim a pele n\u00e3o ir\u00e1 descascar ou ficar vermelha como um camar\u00e3o,\u201d aconselha a dermatologista Sandra Hugenneyer, consultora da Avon.<\/p>\n<p>No rosto o ideal \u00e9 n\u00e3o queimar absolutamente nada. H\u00e1 produtos no mercado como viseiras, bon\u00e9s, camisetas, luvas, cujo tecido cont\u00e9m componentes que filtram o Sol. Ainda assim n\u00e3o se exponha muito ao Sol, principalmente entre 10h e 16h.<\/p>\n<p>Antes e ap\u00f3s a praia \u00e9 importante ter seu corpo bem hidratado com produtos especiais para manter o bronzeado. A higiene neste per\u00edodo \u00e9 fundamental. Lave o rosto e o corpo com sabonete gel ou l\u00edquido, pois agridem menos. Se a pele for oleosa, use hidratante em gel. Para a pele seca, que piora durante o ver\u00e3o, deve ser cremoso.<\/p>\n<p>Laborat\u00f3rios e marcas de cosm\u00e9ticos t\u00eam produtos idealizados especificamente para a \u00e9poca do calor. Duas boas dicas s\u00e3o os \u00e1cidos de ver\u00e3o e os protetores solares via oral. \u201cEle n\u00e3o trazem perigo como o \u00e1cido retin\u00f3ico e normalizam a pele, estimulando o rejuvenescimento. Os protetores via oral s\u00e3o antioxidantes e protegem o rosto da a\u00e7\u00e3o mal\u00e9fica do Sol \u201d, afirma Gabriela Casabona.<\/p>\n<p>Fonte: Yahoo<\/p>\n","protected":false},"excerpt":{"rendered":"<p><small> 2 minutos<\/small> Cuidados com o Sol Cerca de 80% do envelhecimento da pele deve-se \u00e0 exposi\u00e7\u00e3o ao Sol . Usar protetor solar mant\u00e9m o bronzeado e preserva a epiderme. Na praia, o ideal \u00e9 reaplicar o protetor generosamente a cada duas horas e sempre que sair da \u00e1gua. O bronzeador solar est\u00e1 liberado, desde que tenha boa prote\u00e7\u00e3o, protetores solares eficientes para a praia s\u00e3o os que t\u00eam fator a partir de 20. N\u00e3o se apresse para pegar aquele bronze. Exponha-se ao Sol sem <a href=\"https:\/\/www.dravivianloureiro.com.br\/blog\/fotoprotecao-solar\/\" class=\"more-link\"><span>Continue lendo<\/span>\u2192<\/a><\/p>\n","protected":false},"author":1,"featured_media":3588,"comment_status":"open","ping_status":"open","sticky":false,"template":"","format":"standard","meta":[],"categories":[378,365],"tags":[122,223,205],"yoast_head":"<!-- This site is optimized with the Yoast SEO plugin v20.6 - https:\/\/yoast.com\/wordpress\/plugins\/seo\/ -->\n<title>Fotoprote\u00e7\u00e3o Solar - Beauty Beyond Skin<\/title>\n<meta name=\"description\" content=\"Voc\u00ea sabia que cerca de 80% do envelhecimento da pele deve-se \u00e0 exposi\u00e7\u00e3o ao Sol? Veja algumas dicas para se de fotoprote\u00e7\u00e3o solar. Gabriela Casabona Dermatologista Especialista em Fotoprote\u00e7\u00e3o Solar em S\u00e3o Paulo. Telefones: 11 3668-5910 ou 11 3661-9502\" \/>\n<meta name=\"robots\" content=\"index, follow, max-snippet:-1, max-image-preview:large, max-video-preview:-1\" \/>\n<link rel=\"canonical\" href=\"https:\/\/www.dravivianloureiro.com.br\/blog\/fotoprotecao-solar\/\" \/>\n<meta property=\"og:locale\" content=\"pt_BR\" \/>\n<meta property=\"og:type\" content=\"article\" \/>\n<meta property=\"og:title\" content=\"Fotoprote\u00e7\u00e3o Solar - Beauty Beyond Skin\" \/>\n<meta property=\"og:description\" content=\"Voc\u00ea sabia que cerca de 80% do envelhecimento da pele deve-se \u00e0 exposi\u00e7\u00e3o ao Sol? Veja algumas dicas para se de fotoprote\u00e7\u00e3o solar. Gabriela Casabona Dermatologista Especialista em Fotoprote\u00e7\u00e3o Solar em S\u00e3o Paulo. Telefones: 11 3668-5910 ou 11 3661-9502\" \/>\n<meta property=\"og:url\" content=\"https:\/\/www.dravivianloureiro.com.br\/blog\/fotoprotecao-solar\/\" \/>\n<meta property=\"og:site_name\" content=\"Dra. Vivian Loureiro\" \/>\n<meta property=\"article:publisher\" content=\"https:\/\/pt-br.facebook.com\/vivianloureirodermatologia\/\" \/>\n<meta property=\"article:author\" content=\"https:\/\/pt-br.facebook.com\/vivianloureirodermatologia\/\" \/>\n<meta property=\"article:published_time\" content=\"2011-10-28T12:47:02+00:00\" \/>\n<meta name=\"author\" content=\"Vivian Loureiro\" \/>\n<meta name=\"twitter:card\" content=\"summary_large_image\" \/>\n<meta name=\"twitter:label1\" content=\"Escrito por\" \/>\n\t<meta name=\"twitter:data1\" content=\"Vivian Loureiro\" \/>\n\t<meta name=\"twitter:label2\" content=\"Est. tempo de leitura\" \/>\n\t<meta name=\"twitter:data2\" content=\"3 minutos\" \/>\n<script type=\"application\/ld+json\" class=\"yoast-schema-graph\">{\"@context\":\"https:\/\/schema.org\",\"@graph\":[{\"@type\":\"Article\",\"@id\":\"https:\/\/www.dravivianloureiro.com.br\/blog\/fotoprotecao-solar\/#article\",\"isPartOf\":{\"@id\":\"https:\/\/www.dravivianloureiro.com.br\/blog\/fotoprotecao-solar\/\"},\"author\":{\"name\":\"Vivian Loureiro\",\"@id\":\"https:\/\/www.dravivianloureiro.com.br\/blog\/#\/schema\/person\/f6272c0e48dae4364ef626c598c5cb84\"},\"headline\":\"Fotoprote\u00e7\u00e3o Solar\",\"datePublished\":\"2011-10-28T12:47:02+00:00\",\"dateModified\":\"2011-10-28T12:47:02+00:00\",\"mainEntityOfPage\":{\"@id\":\"https:\/\/www.dravivianloureiro.com.br\/blog\/fotoprotecao-solar\/\"},\"wordCount\":535,\"commentCount\":0,\"publisher\":{\"@id\":\"https:\/\/www.dravivianloureiro.com.br\/blog\/#organization\"},\"keywords\":[\"cuidados com a pele\",\"filtro solar\",\"fotoprote\u00e7\u00e3o\"],\"articleSection\":[\"Prote\u00e7\u00e3o Solar\",\"Terap\u00eauticos\"],\"inLanguage\":\"pt-BR\",\"potentialAction\":[{\"@type\":\"CommentAction\",\"name\":\"Comment\",\"target\":[\"https:\/\/www.dravivianloureiro.com.br\/blog\/fotoprotecao-solar\/#respond\"]}]},{\"@type\":\"WebPage\",\"@id\":\"https:\/\/www.dravivianloureiro.com.br\/blog\/fotoprotecao-solar\/\",\"url\":\"https:\/\/www.dravivianloureiro.com.br\/blog\/fotoprotecao-solar\/\",\"name\":\"Fotoprote\u00e7\u00e3o Solar - Beauty Beyond Skin\",\"isPartOf\":{\"@id\":\"https:\/\/www.dravivianloureiro.com.br\/blog\/#website\"},\"datePublished\":\"2011-10-28T12:47:02+00:00\",\"dateModified\":\"2011-10-28T12:47:02+00:00\",\"description\":\"Voc\u00ea sabia que cerca de 80% do envelhecimento da pele deve-se \u00e0 exposi\u00e7\u00e3o ao Sol? Veja algumas dicas para se de fotoprote\u00e7\u00e3o solar. Gabriela Casabona Dermatologista Especialista em Fotoprote\u00e7\u00e3o Solar em S\u00e3o Paulo. Telefones: 11 3668-5910 ou 11 3661-9502\",\"breadcrumb\":{\"@id\":\"https:\/\/www.dravivianloureiro.com.br\/blog\/fotoprotecao-solar\/#breadcrumb\"},\"inLanguage\":\"pt-BR\",\"potentialAction\":[{\"@type\":\"ReadAction\",\"target\":[\"https:\/\/www.dravivianloureiro.com.br\/blog\/fotoprotecao-solar\/\"]}]},{\"@type\":\"BreadcrumbList\",\"@id\":\"https:\/\/www.dravivianloureiro.com.br\/blog\/fotoprotecao-solar\/#breadcrumb\",\"itemListElement\":[{\"@type\":\"ListItem\",\"position\":1,\"name\":\"In\u00edcio\",\"item\":\"https:\/\/www.dravivianloureiro.com.br\/blog\/\"},{\"@type\":\"ListItem\",\"position\":2,\"name\":\"Fotoprote\u00e7\u00e3o Solar\"}]},{\"@type\":\"WebSite\",\"@id\":\"https:\/\/www.dravivianloureiro.com.br\/blog\/#website\",\"url\":\"https:\/\/www.dravivianloureiro.com.br\/blog\/\",\"name\":\"Dermatologista Vivian Loureiro\",\"description\":\"\",\"publisher\":{\"@id\":\"https:\/\/www.dravivianloureiro.com.br\/blog\/#organization\"},\"potentialAction\":[{\"@type\":\"SearchAction\",\"target\":{\"@type\":\"EntryPoint\",\"urlTemplate\":\"https:\/\/www.dravivianloureiro.com.br\/blog\/?s={search_term_string}\"},\"query-input\":\"required name=search_term_string\"}],\"inLanguage\":\"pt-BR\"},{\"@type\":\"Organization\",\"@id\":\"https:\/\/www.dravivianloureiro.com.br\/blog\/#organization\",\"name\":\"Dra. Vivian Loureiro - Dermatologista Em S\u00e3o Paulo\",\"url\":\"https:\/\/www.dravivianloureiro.com.br\/blog\/\",\"logo\":{\"@type\":\"ImageObject\",\"inLanguage\":\"pt-BR\",\"@id\":\"https:\/\/www.dravivianloureiro.com.br\/blog\/#\/schema\/logo\/image\/\",\"url\":\"https:\/\/www.dravivianloureiro.com.br\/blog\/wp-content\/uploads\/2018\/08\/favicon.jpg\",\"contentUrl\":\"https:\/\/www.dravivianloureiro.com.br\/blog\/wp-content\/uploads\/2018\/08\/favicon.jpg\",\"width\":112,\"height\":112,\"caption\":\"Dra. Vivian Loureiro - Dermatologista Em S\u00e3o Paulo\"},\"image\":{\"@id\":\"https:\/\/www.dravivianloureiro.com.br\/blog\/#\/schema\/logo\/image\/\"},\"sameAs\":[\"https:\/\/pt-br.facebook.com\/vivianloureirodermatologia\/\",\"https:\/\/www.instagram.com\/vivianloureirodermatologia\/\",\"https:\/\/www.linkedin.com\/in\/vivian-barzi-loureiro-a6412887\/\"]},{\"@type\":\"Person\",\"@id\":\"https:\/\/www.dravivianloureiro.com.br\/blog\/#\/schema\/person\/f6272c0e48dae4364ef626c598c5cb84\",\"name\":\"Vivian Loureiro\",\"image\":{\"@type\":\"ImageObject\",\"inLanguage\":\"pt-BR\",\"@id\":\"https:\/\/www.dravivianloureiro.com.br\/blog\/#\/schema\/person\/image\/\",\"url\":\"https:\/\/secure.gravatar.com\/avatar\/8ee2b0fae98657240c77e822ae139ad3?s=96&d=wp_user_avatar&r=g\",\"contentUrl\":\"https:\/\/secure.gravatar.com\/avatar\/8ee2b0fae98657240c77e822ae139ad3?s=96&d=wp_user_avatar&r=g\",\"caption\":\"Vivian Loureiro\"},\"description\":\"M\u00e9dica formada pela Universidade de S\u00e3o Paulo (USP). Realizou resid\u00eancia m\u00e9dica em Dermatologia e complementa\u00e7\u00e3o em Cosmiatria e Laser pelo departamento de Dermatologia do Hospital das Cl\u00ednicas da Faculdade de Medicina da Universidade de S\u00e3o Paulo (USP). Possui t\u00edtulo de especialista em Dermatologia. \u00c9 membro da Sociedade Brasileira de Dermatologia (SBD) e Sociedade Brasileira de Cirurgia Dermatol\u00f3gica (SBCD) e m\u00e9dica do grupo Fleury. Atua nas \u00e1reas de Dermatologia Cl\u00ednica, Cir\u00fargica, Pedi\u00e1trica e Est\u00e9tica. Frequenta e palestra nos principais cursos e congressos de dermatologia, nacionais e internacionais, a fim de se manter em constante atualiza\u00e7\u00e3o.\",\"sameAs\":[\"https:\/\/www.dravivianloureiro.com.br\/\",\"https:\/\/pt-br.facebook.com\/vivianloureirodermatologia\/\",\"https:\/\/www.instagram.com\/vivianloureirodermatologia\/\",\"https:\/\/www.linkedin.com\/in\/vivian-barzi-loureiro-a6412887\/\"]}]}<\/script>\n<!-- \/ Yoast SEO plugin. -->","yoast_head_json":{"title":"Fotoprote\u00e7\u00e3o Solar - Beauty Beyond Skin","description":"Voc\u00ea sabia que cerca de 80% do envelhecimento da pele deve-se \u00e0 exposi\u00e7\u00e3o ao Sol? Veja algumas dicas para se de fotoprote\u00e7\u00e3o solar. Gabriela Casabona Dermatologista Especialista em Fotoprote\u00e7\u00e3o Solar em S\u00e3o Paulo. Telefones: 11 3668-5910 ou 11 3661-9502","robots":{"index":"index","follow":"follow","max-snippet":"max-snippet:-1","max-image-preview":"max-image-preview:large","max-video-preview":"max-video-preview:-1"},"canonical":"https:\/\/www.dravivianloureiro.com.br\/blog\/fotoprotecao-solar\/","og_locale":"pt_BR","og_type":"article","og_title":"Fotoprote\u00e7\u00e3o Solar - Beauty Beyond Skin","og_description":"Voc\u00ea sabia que cerca de 80% do envelhecimento da pele deve-se \u00e0 exposi\u00e7\u00e3o ao Sol? Veja algumas dicas para se de fotoprote\u00e7\u00e3o solar. Gabriela Casabona Dermatologista Especialista em Fotoprote\u00e7\u00e3o Solar em S\u00e3o Paulo. Telefones: 11 3668-5910 ou 11 3661-9502","og_url":"https:\/\/www.dravivianloureiro.com.br\/blog\/fotoprotecao-solar\/","og_site_name":"Dra. Vivian Loureiro","article_publisher":"https:\/\/pt-br.facebook.com\/vivianloureirodermatologia\/","article_author":"https:\/\/pt-br.facebook.com\/vivianloureirodermatologia\/","article_published_time":"2011-10-28T12:47:02+00:00","author":"Vivian Loureiro","twitter_card":"summary_large_image","twitter_misc":{"Escrito por":"Vivian Loureiro","Est. tempo de leitura":"3 minutos"},"schema":{"@context":"https:\/\/schema.org","@graph":[{"@type":"Article","@id":"https:\/\/www.dravivianloureiro.com.br\/blog\/fotoprotecao-solar\/#article","isPartOf":{"@id":"https:\/\/www.dravivianloureiro.com.br\/blog\/fotoprotecao-solar\/"},"author":{"name":"Vivian Loureiro","@id":"https:\/\/www.dravivianloureiro.com.br\/blog\/#\/schema\/person\/f6272c0e48dae4364ef626c598c5cb84"},"headline":"Fotoprote\u00e7\u00e3o Solar","datePublished":"2011-10-28T12:47:02+00:00","dateModified":"2011-10-28T12:47:02+00:00","mainEntityOfPage":{"@id":"https:\/\/www.dravivianloureiro.com.br\/blog\/fotoprotecao-solar\/"},"wordCount":535,"commentCount":0,"publisher":{"@id":"https:\/\/www.dravivianloureiro.com.br\/blog\/#organization"},"keywords":["cuidados com a pele","filtro solar","fotoprote\u00e7\u00e3o"],"articleSection":["Prote\u00e7\u00e3o Solar","Terap\u00eauticos"],"inLanguage":"pt-BR","potentialAction":[{"@type":"CommentAction","name":"Comment","target":["https:\/\/www.dravivianloureiro.com.br\/blog\/fotoprotecao-solar\/#respond"]}]},{"@type":"WebPage","@id":"https:\/\/www.dravivianloureiro.com.br\/blog\/fotoprotecao-solar\/","url":"https:\/\/www.dravivianloureiro.com.br\/blog\/fotoprotecao-solar\/","name":"Fotoprote\u00e7\u00e3o Solar - Beauty Beyond Skin","isPartOf":{"@id":"https:\/\/www.dravivianloureiro.com.br\/blog\/#website"},"datePublished":"2011-10-28T12:47:02+00:00","dateModified":"2011-10-28T12:47:02+00:00","description":"Voc\u00ea sabia que cerca de 80% do envelhecimento da pele deve-se \u00e0 exposi\u00e7\u00e3o ao Sol? Veja algumas dicas para se de fotoprote\u00e7\u00e3o solar. Gabriela Casabona Dermatologista Especialista em Fotoprote\u00e7\u00e3o Solar em S\u00e3o Paulo. Telefones: 11 3668-5910 ou 11 3661-9502","breadcrumb":{"@id":"https:\/\/www.dravivianloureiro.com.br\/blog\/fotoprotecao-solar\/#breadcrumb"},"inLanguage":"pt-BR","potentialAction":[{"@type":"ReadAction","target":["https:\/\/www.dravivianloureiro.com.br\/blog\/fotoprotecao-solar\/"]}]},{"@type":"BreadcrumbList","@id":"https:\/\/www.dravivianloureiro.com.br\/blog\/fotoprotecao-solar\/#breadcrumb","itemListElement":[{"@type":"ListItem","position":1,"name":"In\u00edcio","item":"https:\/\/www.dravivianloureiro.com.br\/blog\/"},{"@type":"ListItem","position":2,"name":"Fotoprote\u00e7\u00e3o Solar"}]},{"@type":"WebSite","@id":"https:\/\/www.dravivianloureiro.com.br\/blog\/#website","url":"https:\/\/www.dravivianloureiro.com.br\/blog\/","name":"Dermatologista Vivian Loureiro","description":"","publisher":{"@id":"https:\/\/www.dravivianloureiro.com.br\/blog\/#organization"},"potentialAction":[{"@type":"SearchAction","target":{"@type":"EntryPoint","urlTemplate":"https:\/\/www.dravivianloureiro.com.br\/blog\/?s={search_term_string}"},"query-input":"required name=search_term_string"}],"inLanguage":"pt-BR"},{"@type":"Organization","@id":"https:\/\/www.dravivianloureiro.com.br\/blog\/#organization","name":"Dra. Vivian Loureiro - Dermatologista Em S\u00e3o Paulo","url":"https:\/\/www.dravivianloureiro.com.br\/blog\/","logo":{"@type":"ImageObject","inLanguage":"pt-BR","@id":"https:\/\/www.dravivianloureiro.com.br\/blog\/#\/schema\/logo\/image\/","url":"https:\/\/www.dravivianloureiro.com.br\/blog\/wp-content\/uploads\/2018\/08\/favicon.jpg","contentUrl":"https:\/\/www.dravivianloureiro.com.br\/blog\/wp-content\/uploads\/2018\/08\/favicon.jpg","width":112,"height":112,"caption":"Dra. Vivian Loureiro - Dermatologista Em S\u00e3o Paulo"},"image":{"@id":"https:\/\/www.dravivianloureiro.com.br\/blog\/#\/schema\/logo\/image\/"},"sameAs":["https:\/\/pt-br.facebook.com\/vivianloureirodermatologia\/","https:\/\/www.instagram.com\/vivianloureirodermatologia\/","https:\/\/www.linkedin.com\/in\/vivian-barzi-loureiro-a6412887\/"]},{"@type":"Person","@id":"https:\/\/www.dravivianloureiro.com.br\/blog\/#\/schema\/person\/f6272c0e48dae4364ef626c598c5cb84","name":"Vivian Loureiro","image":{"@type":"ImageObject","inLanguage":"pt-BR","@id":"https:\/\/www.dravivianloureiro.com.br\/blog\/#\/schema\/person\/image\/","url":"https:\/\/secure.gravatar.com\/avatar\/8ee2b0fae98657240c77e822ae139ad3?s=96&d=wp_user_avatar&r=g","contentUrl":"https:\/\/secure.gravatar.com\/avatar\/8ee2b0fae98657240c77e822ae139ad3?s=96&d=wp_user_avatar&r=g","caption":"Vivian Loureiro"},"description":"M\u00e9dica formada pela Universidade de S\u00e3o Paulo (USP). Realizou resid\u00eancia m\u00e9dica em Dermatologia e complementa\u00e7\u00e3o em Cosmiatria e Laser pelo departamento de Dermatologia do Hospital das Cl\u00ednicas da Faculdade de Medicina da Universidade de S\u00e3o Paulo (USP). Possui t\u00edtulo de especialista em Dermatologia. \u00c9 membro da Sociedade Brasileira de Dermatologia (SBD) e Sociedade Brasileira de Cirurgia Dermatol\u00f3gica (SBCD) e m\u00e9dica do grupo Fleury. Atua nas \u00e1reas de Dermatologia Cl\u00ednica, Cir\u00fargica, Pedi\u00e1trica e Est\u00e9tica. Frequenta e palestra nos principais cursos e congressos de dermatologia, nacionais e internacionais, a fim de se manter em constante atualiza\u00e7\u00e3o.","sameAs":["https:\/\/www.dravivianloureiro.com.br\/","https:\/\/pt-br.facebook.com\/vivianloureirodermatologia\/","https:\/\/www.instagram.com\/vivianloureirodermatologia\/","https:\/\/www.linkedin.com\/in\/vivian-barzi-loureiro-a6412887\/"]}]}},"amp_enabled":true,"_links":{"self":[{"href":"https:\/\/www.dravivianloureiro.com.br\/blog\/wp-json\/wp\/v2\/posts\/41"}],"collection":[{"href":"https:\/\/www.dravivianloureiro.com.br\/blog\/wp-json\/wp\/v2\/posts"}],"about":[{"href":"https:\/\/www.dravivianloureiro.com.br\/blog\/wp-json\/wp\/v2\/types\/post"}],"author":[{"embeddable":true,"href":"https:\/\/www.dravivianloureiro.com.br\/blog\/wp-json\/wp\/v2\/users\/1"}],"replies":[{"embeddable":true,"href":"https:\/\/www.dravivianloureiro.com.br\/blog\/wp-json\/wp\/v2\/comments?post=41"}],"version-history":[{"count":0,"href":"https:\/\/www.dravivianloureiro.com.br\/blog\/wp-json\/wp\/v2\/posts\/41\/revisions"}],"wp:featuredmedia":[{"embeddable":true,"href":"https:\/\/www.dravivianloureiro.com.br\/blog\/wp-json\/"}],"wp:attachment":[{"href":"https:\/\/www.dravivianloureiro.com.br\/blog\/wp-json\/wp\/v2\/media?parent=41"}],"wp:term":[{"taxonomy":"category","embeddable":true,"href":"https:\/\/www.dravivianloureiro.com.br\/blog\/wp-json\/wp\/v2\/categories?post=41"},{"taxonomy":"post_tag","embeddable":true,"href":"https:\/\/www.dravivianloureiro.com.br\/blog\/wp-json\/wp\/v2\/tags?post=41"}],"curies":[{"name":"wp","href":"https:\/\/api.w.org\/{rel}","templated":true}]}}