{"id":407,"date":"2013-02-06T18:18:17","date_gmt":"2013-02-06T18:18:17","guid":{"rendered":"http:\/\/www.gabrielacasabona.com.br\/blog\/?p=407"},"modified":"2013-02-06T18:18:17","modified_gmt":"2013-02-06T18:18:17","slug":"dica-rapida-uso-de-vitamina-c","status":"publish","type":"post","link":"https:\/\/www.dravivianloureiro.com.br\/blog\/dica-rapida-uso-de-vitamina-c\/","title":{"rendered":"#Dica R\u00e1pida: Uso de vitamina C"},"content":{"rendered":"<p class=\"estimated-read-time\">Tempo de leitura:<small> menos de 1 minuto<\/small><\/p> <blockquote><p>&#8211; Uso vitamina C para manter o cortisol baixo e para retardar os efeitos do envelhecimento precoce.<br \/>\nSinto que fico melhor, mas faz sentido isso?<br \/>\n(Let\u00edcia Ten\u00f3rio, Ca\u00e7apava | 25 anos)<\/p><\/blockquote>\n<h4><em>Dra Gabriela<\/em>: Nunca ouvi dizer que a vitamina C abaixa o cortisol, ele \u00e9, sim, um potente antioxidante e anti-inflamat\u00f3rio. Por isso, acredito no uso cr\u00f4nico da vitamina C como antioxidante.<\/h4>\n","protected":false},"excerpt":{"rendered":"<p><small> menos de 1 minuto<\/small> &#8211; Uso vitamina C para manter o cortisol baixo e para retardar os efeitos do envelhecimento precoce. Sinto que fico melhor, mas faz sentido isso? (Let\u00edcia Ten\u00f3rio, Ca\u00e7apava | 25 anos) Dra Gabriela: Nunca ouvi dizer que a vitamina C abaixa o cortisol, ele \u00e9, sim, um potente antioxidante e anti-inflamat\u00f3rio. Por isso, acredito no uso cr\u00f4nico da vitamina C como antioxidante.<\/p>\n","protected":false},"author":1,"featured_media":4325,"comment_status":"open","ping_status":"open","sticky":false,"template":"","format":"standard","meta":[],"categories":[363],"tags":[511,389,512],"yoast_head":"<!-- This site is optimized with the Yoast SEO plugin v20.6 - https:\/\/yoast.com\/wordpress\/plugins\/seo\/ -->\n<title>Dica sobre o uso de Vitamina C por Gabriela Casabona - Beauty Beyond Skin Dermatologia Tridimensional Especializada em Vitaminas<\/title>\n<meta name=\"description\" content=\"Vitamina \u00e9 sim, um potente antioxidante e anti-inflamat\u00f3rio. Por isso, acredito no uso cr\u00f4nico da vitamina C como antioxidante. Confira mais dicas no blog! Dra Gabriela Casabona \u00e9 Dermatologista Especialista em Vitaminas para pele em S\u00e3o Paulo - tel: +55 11 3668-5910 - R. Dr Veiga Filho, 350 \u2013 1 andar Higien\u00f3polis.\" \/>\n<meta name=\"robots\" content=\"index, follow, max-snippet:-1, max-image-preview:large, max-video-preview:-1\" \/>\n<link rel=\"canonical\" href=\"https:\/\/www.dravivianloureiro.com.br\/blog\/dica-rapida-uso-de-vitamina-c\/\" \/>\n<meta property=\"og:locale\" content=\"pt_BR\" \/>\n<meta property=\"og:type\" content=\"article\" \/>\n<meta property=\"og:title\" content=\"Dica sobre o uso de Vitamina C por Gabriela Casabona - Beauty Beyond Skin Dermatologia Tridimensional Especializada em Vitaminas\" \/>\n<meta property=\"og:description\" content=\"Vitamina \u00e9 sim, um potente antioxidante e anti-inflamat\u00f3rio. Por isso, acredito no uso cr\u00f4nico da vitamina C como antioxidante. Confira mais dicas no blog! Dra Gabriela Casabona \u00e9 Dermatologista Especialista em Vitaminas para pele em S\u00e3o Paulo - tel: +55 11 3668-5910 - R. Dr Veiga Filho, 350 \u2013 1 andar Higien\u00f3polis.\" \/>\n<meta property=\"og:url\" content=\"https:\/\/www.dravivianloureiro.com.br\/blog\/dica-rapida-uso-de-vitamina-c\/\" \/>\n<meta property=\"og:site_name\" content=\"Dra. Vivian Loureiro\" \/>\n<meta property=\"article:publisher\" content=\"https:\/\/pt-br.facebook.com\/vivianloureirodermatologia\/\" \/>\n<meta property=\"article:author\" content=\"https:\/\/pt-br.facebook.com\/vivianloureirodermatologia\/\" \/>\n<meta property=\"article:published_time\" content=\"2013-02-06T18:18:17+00:00\" \/>\n<meta name=\"author\" content=\"Vivian Loureiro\" \/>\n<meta name=\"twitter:card\" content=\"summary_large_image\" \/>\n<meta name=\"twitter:label1\" content=\"Escrito por\" \/>\n\t<meta name=\"twitter:data1\" content=\"Vivian Loureiro\" \/>\n<script type=\"application\/ld+json\" class=\"yoast-schema-graph\">{\"@context\":\"https:\/\/schema.org\",\"@graph\":[{\"@type\":\"Article\",\"@id\":\"https:\/\/www.dravivianloureiro.com.br\/blog\/dica-rapida-uso-de-vitamina-c\/#article\",\"isPartOf\":{\"@id\":\"https:\/\/www.dravivianloureiro.com.br\/blog\/dica-rapida-uso-de-vitamina-c\/\"},\"author\":{\"name\":\"Vivian Loureiro\",\"@id\":\"https:\/\/www.dravivianloureiro.com.br\/blog\/#\/schema\/person\/f6272c0e48dae4364ef626c598c5cb84\"},\"headline\":\"#Dica R\u00e1pida: Uso de vitamina C\",\"datePublished\":\"2013-02-06T18:18:17+00:00\",\"dateModified\":\"2013-02-06T18:18:17+00:00\",\"mainEntityOfPage\":{\"@id\":\"https:\/\/www.dravivianloureiro.com.br\/blog\/dica-rapida-uso-de-vitamina-c\/\"},\"wordCount\":71,\"commentCount\":0,\"publisher\":{\"@id\":\"https:\/\/www.dravivianloureiro.com.br\/blog\/#organization\"},\"keywords\":[\"antioxidante vitamina C\",\"dicas\",\"vitamina c\"],\"articleSection\":[\"Dicas\"],\"inLanguage\":\"pt-BR\",\"potentialAction\":[{\"@type\":\"CommentAction\",\"name\":\"Comment\",\"target\":[\"https:\/\/www.dravivianloureiro.com.br\/blog\/dica-rapida-uso-de-vitamina-c\/#respond\"]}]},{\"@type\":\"WebPage\",\"@id\":\"https:\/\/www.dravivianloureiro.com.br\/blog\/dica-rapida-uso-de-vitamina-c\/\",\"url\":\"https:\/\/www.dravivianloureiro.com.br\/blog\/dica-rapida-uso-de-vitamina-c\/\",\"name\":\"Dica sobre o uso de Vitamina C por Gabriela Casabona - Beauty Beyond Skin Dermatologia Tridimensional Especializada em Vitaminas\",\"isPartOf\":{\"@id\":\"https:\/\/www.dravivianloureiro.com.br\/blog\/#website\"},\"datePublished\":\"2013-02-06T18:18:17+00:00\",\"dateModified\":\"2013-02-06T18:18:17+00:00\",\"description\":\"Vitamina \u00e9 sim, um potente antioxidante e anti-inflamat\u00f3rio. Por isso, acredito no uso cr\u00f4nico da vitamina C como antioxidante. Confira mais dicas no blog! Dra Gabriela Casabona \u00e9 Dermatologista Especialista em Vitaminas para pele em S\u00e3o Paulo - tel: +55 11 3668-5910 - R. Dr Veiga Filho, 350 \u2013 1 andar Higien\u00f3polis.\",\"breadcrumb\":{\"@id\":\"https:\/\/www.dravivianloureiro.com.br\/blog\/dica-rapida-uso-de-vitamina-c\/#breadcrumb\"},\"inLanguage\":\"pt-BR\",\"potentialAction\":[{\"@type\":\"ReadAction\",\"target\":[\"https:\/\/www.dravivianloureiro.com.br\/blog\/dica-rapida-uso-de-vitamina-c\/\"]}]},{\"@type\":\"BreadcrumbList\",\"@id\":\"https:\/\/www.dravivianloureiro.com.br\/blog\/dica-rapida-uso-de-vitamina-c\/#breadcrumb\",\"itemListElement\":[{\"@type\":\"ListItem\",\"position\":1,\"name\":\"In\u00edcio\",\"item\":\"https:\/\/www.dravivianloureiro.com.br\/blog\/\"},{\"@type\":\"ListItem\",\"position\":2,\"name\":\"#Dica R\u00e1pida: Uso de vitamina C\"}]},{\"@type\":\"WebSite\",\"@id\":\"https:\/\/www.dravivianloureiro.com.br\/blog\/#website\",\"url\":\"https:\/\/www.dravivianloureiro.com.br\/blog\/\",\"name\":\"Dermatologista Vivian Loureiro\",\"description\":\"\",\"publisher\":{\"@id\":\"https:\/\/www.dravivianloureiro.com.br\/blog\/#organization\"},\"potentialAction\":[{\"@type\":\"SearchAction\",\"target\":{\"@type\":\"EntryPoint\",\"urlTemplate\":\"https:\/\/www.dravivianloureiro.com.br\/blog\/?s={search_term_string}\"},\"query-input\":\"required name=search_term_string\"}],\"inLanguage\":\"pt-BR\"},{\"@type\":\"Organization\",\"@id\":\"https:\/\/www.dravivianloureiro.com.br\/blog\/#organization\",\"name\":\"Dra. Vivian Loureiro - Dermatologista Em S\u00e3o Paulo\",\"url\":\"https:\/\/www.dravivianloureiro.com.br\/blog\/\",\"logo\":{\"@type\":\"ImageObject\",\"inLanguage\":\"pt-BR\",\"@id\":\"https:\/\/www.dravivianloureiro.com.br\/blog\/#\/schema\/logo\/image\/\",\"url\":\"https:\/\/www.dravivianloureiro.com.br\/blog\/wp-content\/uploads\/2018\/08\/favicon.jpg\",\"contentUrl\":\"https:\/\/www.dravivianloureiro.com.br\/blog\/wp-content\/uploads\/2018\/08\/favicon.jpg\",\"width\":112,\"height\":112,\"caption\":\"Dra. Vivian Loureiro - Dermatologista Em S\u00e3o Paulo\"},\"image\":{\"@id\":\"https:\/\/www.dravivianloureiro.com.br\/blog\/#\/schema\/logo\/image\/\"},\"sameAs\":[\"https:\/\/pt-br.facebook.com\/vivianloureirodermatologia\/\",\"https:\/\/www.instagram.com\/vivianloureirodermatologia\/\",\"https:\/\/www.linkedin.com\/in\/vivian-barzi-loureiro-a6412887\/\"]},{\"@type\":\"Person\",\"@id\":\"https:\/\/www.dravivianloureiro.com.br\/blog\/#\/schema\/person\/f6272c0e48dae4364ef626c598c5cb84\",\"name\":\"Vivian Loureiro\",\"image\":{\"@type\":\"ImageObject\",\"inLanguage\":\"pt-BR\",\"@id\":\"https:\/\/www.dravivianloureiro.com.br\/blog\/#\/schema\/person\/image\/\",\"url\":\"https:\/\/secure.gravatar.com\/avatar\/8ee2b0fae98657240c77e822ae139ad3?s=96&d=wp_user_avatar&r=g\",\"contentUrl\":\"https:\/\/secure.gravatar.com\/avatar\/8ee2b0fae98657240c77e822ae139ad3?s=96&d=wp_user_avatar&r=g\",\"caption\":\"Vivian Loureiro\"},\"description\":\"M\u00e9dica formada pela Universidade de S\u00e3o Paulo (USP). Realizou resid\u00eancia m\u00e9dica em Dermatologia e complementa\u00e7\u00e3o em Cosmiatria e Laser pelo departamento de Dermatologia do Hospital das Cl\u00ednicas da Faculdade de Medicina da Universidade de S\u00e3o Paulo (USP). Possui t\u00edtulo de especialista em Dermatologia. \u00c9 membro da Sociedade Brasileira de Dermatologia (SBD) e Sociedade Brasileira de Cirurgia Dermatol\u00f3gica (SBCD) e m\u00e9dica do grupo Fleury. Atua nas \u00e1reas de Dermatologia Cl\u00ednica, Cir\u00fargica, Pedi\u00e1trica e Est\u00e9tica. Frequenta e palestra nos principais cursos e congressos de dermatologia, nacionais e internacionais, a fim de se manter em constante atualiza\u00e7\u00e3o.\",\"sameAs\":[\"https:\/\/www.dravivianloureiro.com.br\/\",\"https:\/\/pt-br.facebook.com\/vivianloureirodermatologia\/\",\"https:\/\/www.instagram.com\/vivianloureirodermatologia\/\",\"https:\/\/www.linkedin.com\/in\/vivian-barzi-loureiro-a6412887\/\"]}]}<\/script>\n<!-- \/ Yoast SEO plugin. -->","yoast_head_json":{"title":"Dica sobre o uso de Vitamina C por Gabriela Casabona - Beauty Beyond Skin Dermatologia Tridimensional Especializada em Vitaminas","description":"Vitamina \u00e9 sim, um potente antioxidante e anti-inflamat\u00f3rio. Por isso, acredito no uso cr\u00f4nico da vitamina C como antioxidante. Confira mais dicas no blog! Dra Gabriela Casabona \u00e9 Dermatologista Especialista em Vitaminas para pele em S\u00e3o Paulo - tel: +55 11 3668-5910 - R. Dr Veiga Filho, 350 \u2013 1 andar Higien\u00f3polis.","robots":{"index":"index","follow":"follow","max-snippet":"max-snippet:-1","max-image-preview":"max-image-preview:large","max-video-preview":"max-video-preview:-1"},"canonical":"https:\/\/www.dravivianloureiro.com.br\/blog\/dica-rapida-uso-de-vitamina-c\/","og_locale":"pt_BR","og_type":"article","og_title":"Dica sobre o uso de Vitamina C por Gabriela Casabona - Beauty Beyond Skin Dermatologia Tridimensional Especializada em Vitaminas","og_description":"Vitamina \u00e9 sim, um potente antioxidante e anti-inflamat\u00f3rio. Por isso, acredito no uso cr\u00f4nico da vitamina C como antioxidante. Confira mais dicas no blog! Dra Gabriela Casabona \u00e9 Dermatologista Especialista em Vitaminas para pele em S\u00e3o Paulo - tel: +55 11 3668-5910 - R. Dr Veiga Filho, 350 \u2013 1 andar Higien\u00f3polis.","og_url":"https:\/\/www.dravivianloureiro.com.br\/blog\/dica-rapida-uso-de-vitamina-c\/","og_site_name":"Dra. Vivian Loureiro","article_publisher":"https:\/\/pt-br.facebook.com\/vivianloureirodermatologia\/","article_author":"https:\/\/pt-br.facebook.com\/vivianloureirodermatologia\/","article_published_time":"2013-02-06T18:18:17+00:00","author":"Vivian Loureiro","twitter_card":"summary_large_image","twitter_misc":{"Escrito por":"Vivian Loureiro"},"schema":{"@context":"https:\/\/schema.org","@graph":[{"@type":"Article","@id":"https:\/\/www.dravivianloureiro.com.br\/blog\/dica-rapida-uso-de-vitamina-c\/#article","isPartOf":{"@id":"https:\/\/www.dravivianloureiro.com.br\/blog\/dica-rapida-uso-de-vitamina-c\/"},"author":{"name":"Vivian Loureiro","@id":"https:\/\/www.dravivianloureiro.com.br\/blog\/#\/schema\/person\/f6272c0e48dae4364ef626c598c5cb84"},"headline":"#Dica R\u00e1pida: Uso de vitamina C","datePublished":"2013-02-06T18:18:17+00:00","dateModified":"2013-02-06T18:18:17+00:00","mainEntityOfPage":{"@id":"https:\/\/www.dravivianloureiro.com.br\/blog\/dica-rapida-uso-de-vitamina-c\/"},"wordCount":71,"commentCount":0,"publisher":{"@id":"https:\/\/www.dravivianloureiro.com.br\/blog\/#organization"},"keywords":["antioxidante vitamina C","dicas","vitamina c"],"articleSection":["Dicas"],"inLanguage":"pt-BR","potentialAction":[{"@type":"CommentAction","name":"Comment","target":["https:\/\/www.dravivianloureiro.com.br\/blog\/dica-rapida-uso-de-vitamina-c\/#respond"]}]},{"@type":"WebPage","@id":"https:\/\/www.dravivianloureiro.com.br\/blog\/dica-rapida-uso-de-vitamina-c\/","url":"https:\/\/www.dravivianloureiro.com.br\/blog\/dica-rapida-uso-de-vitamina-c\/","name":"Dica sobre o uso de Vitamina C por Gabriela Casabona - Beauty Beyond Skin Dermatologia Tridimensional Especializada em Vitaminas","isPartOf":{"@id":"https:\/\/www.dravivianloureiro.com.br\/blog\/#website"},"datePublished":"2013-02-06T18:18:17+00:00","dateModified":"2013-02-06T18:18:17+00:00","description":"Vitamina \u00e9 sim, um potente antioxidante e anti-inflamat\u00f3rio. Por isso, acredito no uso cr\u00f4nico da vitamina C como antioxidante. Confira mais dicas no blog! Dra Gabriela Casabona \u00e9 Dermatologista Especialista em Vitaminas para pele em S\u00e3o Paulo - tel: +55 11 3668-5910 - R. Dr Veiga Filho, 350 \u2013 1 andar Higien\u00f3polis.","breadcrumb":{"@id":"https:\/\/www.dravivianloureiro.com.br\/blog\/dica-rapida-uso-de-vitamina-c\/#breadcrumb"},"inLanguage":"pt-BR","potentialAction":[{"@type":"ReadAction","target":["https:\/\/www.dravivianloureiro.com.br\/blog\/dica-rapida-uso-de-vitamina-c\/"]}]},{"@type":"BreadcrumbList","@id":"https:\/\/www.dravivianloureiro.com.br\/blog\/dica-rapida-uso-de-vitamina-c\/#breadcrumb","itemListElement":[{"@type":"ListItem","position":1,"name":"In\u00edcio","item":"https:\/\/www.dravivianloureiro.com.br\/blog\/"},{"@type":"ListItem","position":2,"name":"#Dica R\u00e1pida: Uso de vitamina C"}]},{"@type":"WebSite","@id":"https:\/\/www.dravivianloureiro.com.br\/blog\/#website","url":"https:\/\/www.dravivianloureiro.com.br\/blog\/","name":"Dermatologista Vivian Loureiro","description":"","publisher":{"@id":"https:\/\/www.dravivianloureiro.com.br\/blog\/#organization"},"potentialAction":[{"@type":"SearchAction","target":{"@type":"EntryPoint","urlTemplate":"https:\/\/www.dravivianloureiro.com.br\/blog\/?s={search_term_string}"},"query-input":"required name=search_term_string"}],"inLanguage":"pt-BR"},{"@type":"Organization","@id":"https:\/\/www.dravivianloureiro.com.br\/blog\/#organization","name":"Dra. Vivian Loureiro - Dermatologista Em S\u00e3o Paulo","url":"https:\/\/www.dravivianloureiro.com.br\/blog\/","logo":{"@type":"ImageObject","inLanguage":"pt-BR","@id":"https:\/\/www.dravivianloureiro.com.br\/blog\/#\/schema\/logo\/image\/","url":"https:\/\/www.dravivianloureiro.com.br\/blog\/wp-content\/uploads\/2018\/08\/favicon.jpg","contentUrl":"https:\/\/www.dravivianloureiro.com.br\/blog\/wp-content\/uploads\/2018\/08\/favicon.jpg","width":112,"height":112,"caption":"Dra. Vivian Loureiro - Dermatologista Em S\u00e3o Paulo"},"image":{"@id":"https:\/\/www.dravivianloureiro.com.br\/blog\/#\/schema\/logo\/image\/"},"sameAs":["https:\/\/pt-br.facebook.com\/vivianloureirodermatologia\/","https:\/\/www.instagram.com\/vivianloureirodermatologia\/","https:\/\/www.linkedin.com\/in\/vivian-barzi-loureiro-a6412887\/"]},{"@type":"Person","@id":"https:\/\/www.dravivianloureiro.com.br\/blog\/#\/schema\/person\/f6272c0e48dae4364ef626c598c5cb84","name":"Vivian Loureiro","image":{"@type":"ImageObject","inLanguage":"pt-BR","@id":"https:\/\/www.dravivianloureiro.com.br\/blog\/#\/schema\/person\/image\/","url":"https:\/\/secure.gravatar.com\/avatar\/8ee2b0fae98657240c77e822ae139ad3?s=96&d=wp_user_avatar&r=g","contentUrl":"https:\/\/secure.gravatar.com\/avatar\/8ee2b0fae98657240c77e822ae139ad3?s=96&d=wp_user_avatar&r=g","caption":"Vivian Loureiro"},"description":"M\u00e9dica formada pela Universidade de S\u00e3o Paulo (USP). Realizou resid\u00eancia m\u00e9dica em Dermatologia e complementa\u00e7\u00e3o em Cosmiatria e Laser pelo departamento de Dermatologia do Hospital das Cl\u00ednicas da Faculdade de Medicina da Universidade de S\u00e3o Paulo (USP). Possui t\u00edtulo de especialista em Dermatologia. \u00c9 membro da Sociedade Brasileira de Dermatologia (SBD) e Sociedade Brasileira de Cirurgia Dermatol\u00f3gica (SBCD) e m\u00e9dica do grupo Fleury. Atua nas \u00e1reas de Dermatologia Cl\u00ednica, Cir\u00fargica, Pedi\u00e1trica e Est\u00e9tica. Frequenta e palestra nos principais cursos e congressos de dermatologia, nacionais e internacionais, a fim de se manter em constante atualiza\u00e7\u00e3o.","sameAs":["https:\/\/www.dravivianloureiro.com.br\/","https:\/\/pt-br.facebook.com\/vivianloureirodermatologia\/","https:\/\/www.instagram.com\/vivianloureirodermatologia\/","https:\/\/www.linkedin.com\/in\/vivian-barzi-loureiro-a6412887\/"]}]}},"amp_enabled":true,"_links":{"self":[{"href":"https:\/\/www.dravivianloureiro.com.br\/blog\/wp-json\/wp\/v2\/posts\/407"}],"collection":[{"href":"https:\/\/www.dravivianloureiro.com.br\/blog\/wp-json\/wp\/v2\/posts"}],"about":[{"href":"https:\/\/www.dravivianloureiro.com.br\/blog\/wp-json\/wp\/v2\/types\/post"}],"author":[{"embeddable":true,"href":"https:\/\/www.dravivianloureiro.com.br\/blog\/wp-json\/wp\/v2\/users\/1"}],"replies":[{"embeddable":true,"href":"https:\/\/www.dravivianloureiro.com.br\/blog\/wp-json\/wp\/v2\/comments?post=407"}],"version-history":[{"count":0,"href":"https:\/\/www.dravivianloureiro.com.br\/blog\/wp-json\/wp\/v2\/posts\/407\/revisions"}],"wp:featuredmedia":[{"embeddable":true,"href":"https:\/\/www.dravivianloureiro.com.br\/blog\/wp-json\/"}],"wp:attachment":[{"href":"https:\/\/www.dravivianloureiro.com.br\/blog\/wp-json\/wp\/v2\/media?parent=407"}],"wp:term":[{"taxonomy":"category","embeddable":true,"href":"https:\/\/www.dravivianloureiro.com.br\/blog\/wp-json\/wp\/v2\/categories?post=407"},{"taxonomy":"post_tag","embeddable":true,"href":"https:\/\/www.dravivianloureiro.com.br\/blog\/wp-json\/wp\/v2\/tags?post=407"}],"curies":[{"name":"wp","href":"https:\/\/api.w.org\/{rel}","templated":true}]}}