{"id":364,"date":"2013-01-21T18:32:13","date_gmt":"2013-01-21T18:32:13","guid":{"rendered":"http:\/\/www.gabrielacasabona.com.br\/blog\/?p=364"},"modified":"2013-01-21T18:32:13","modified_gmt":"2013-01-21T18:32:13","slug":"bronzeado-sem-sol","status":"publish","type":"post","link":"https:\/\/www.dravivianloureiro.com.br\/blog\/bronzeado-sem-sol\/","title":{"rendered":"Bronzeado sem sol"},"content":{"rendered":"<p class=\"estimated-read-time\">Tempo de leitura:<small> 1 minuto<\/small><\/p> <p>Ficar com a pele morena e levemente dourada no ver\u00e3o \u00e9 um dos grandes objetivos das mulheres nesta \u00e9poca do ano.\u00a0J\u00e1 imaginou como seria bom pegar aquela cor sem ter que ficar horas exposta ao sol? Os autobronzeadores foram criados para isso!<\/p>\n<h2>O que \u00e9 o autobronzeador?<\/h2>\n<p>\u00c9 uma alternativa bonita e segura para o bronzeado verdadeiro, j\u00e1 que a pele fica fresca, saud\u00e1vel e n\u00e3o resseca. O autobronzeador possui subst\u00e2ncias que d\u00e3o uma colora\u00e7\u00e3o r\u00e1pida \u00e0 pele. Ele n\u00e3o \u00e9 t\u00f3xico, n\u00e3o penetra na pele e n\u00e3o costuma dar alergia, mesmo assim, \u00e9 recomendado que se fa\u00e7a um teste antes de usar o produto.<\/p>\n<h2>Como deve ser feita a aplica\u00e7\u00e3o?<\/h2>\n<p>Antes de usar o autobronzeador, \u00e9 indicado tomar um banho para remover as c\u00e9lulas mortas da pele. Com uma luva nas m\u00e3os, a aplica\u00e7\u00e3o deve ser feita no rosto, com movimentos circulares, e depois no restante do corpo. A roupa s\u00f3 deve ser vestida depois de 20 minutos.<\/p>\n<h2>Todo mundo pode usar?<\/h2>\n<p>O uso n\u00e3o \u00e9 recomendado para gr\u00e1vidas e pessoas menores de 16 anos.<\/p>\n<h2>Quanto tempo demora para os resultados aparecerem?<\/h2>\n<p>O efeito \u00e9 notado de uma a tr\u00eas horas depois da aplica\u00e7\u00e3o.<\/p>\n<h2>Quais cuidados a serem tomados?<\/h2>\n<p>O autobronzeador deve ser usado a cada dois ou cinco dias. No dia da aplica\u00e7\u00e3o, para que n\u00e3o haja irrita\u00e7\u00e3o na pele, n\u00e3o fa\u00e7a depila\u00e7\u00e3o ou descolora\u00e7\u00e3o dos pelos. A quantidade de produto nos cotovelos e joelhos deve ser pequena, pois eles tendem a escurecer mais r\u00e1pido e, no rosto, as sobrancelhas devem ser limpas com cotonete \u00famido para eliminar o excesso.<\/p>\n<h2>A pele pode ficar manchada?<\/h2>\n<p>Se o produto n\u00e3o for espalhado de forma adequada e as instru\u00e7\u00f5es das embalagens n\u00e3o forem seguidas, sim.<\/p>\n<h2>Com o autobronzeador, o protetor solar pode ser dispensado?<\/h2>\n<p>N\u00e3o, pois o autobronzeador n\u00e3o oferece prote\u00e7\u00e3o contra os raios solares.<\/p>\n","protected":false},"excerpt":{"rendered":"<p><small> 1 minuto<\/small> Ficar com a pele morena e levemente dourada no ver\u00e3o \u00e9 um dos grandes objetivos das mulheres nesta \u00e9poca do ano.\u00a0J\u00e1 imaginou como seria bom pegar aquela cor sem ter que ficar horas exposta ao sol? Os autobronzeadores foram criados para isso! O que \u00e9 o autobronzeador? \u00c9 uma alternativa bonita e segura para o bronzeado verdadeiro, j\u00e1 que a pele fica fresca, saud\u00e1vel e n\u00e3o resseca. O autobronzeador possui subst\u00e2ncias que d\u00e3o uma colora\u00e7\u00e3o r\u00e1pida \u00e0 pele. Ele n\u00e3o \u00e9 t\u00f3xico, <a href=\"https:\/\/www.dravivianloureiro.com.br\/blog\/bronzeado-sem-sol\/\" class=\"more-link\"><span>Continue lendo<\/span>\u2192<\/a><\/p>\n","protected":false},"author":1,"featured_media":3516,"comment_status":"open","ping_status":"open","sticky":false,"template":"","format":"standard","meta":[],"categories":[376],"tags":[503,504,399,206],"yoast_head":"<!-- This site is optimized with the Yoast SEO plugin v20.6 - https:\/\/yoast.com\/wordpress\/plugins\/seo\/ -->\n<title>Autobronzeador para Bronzeado Saud\u00e1vel sem Sol, Entenda como Funciona - Beauty Beyond Skin[:en]Bronzeado saud\u00e1vel sem sol - Gabriela Casabona[:es]Bronzeado saud\u00e1vel sem sol - Gabriela Casabona<\/title>\n<meta name=\"description\" content=\"Imagine como seria bom pegar aquela cor sem ter que ficar horas exposta ao sol. Os autobronzeadores foram criados para isso! Gabriela Casabona Dermatologista Especialista em Cuidados com a pele e bronzeamento saud\u00e1vel em S\u00e3o Paulo. Telefones: 11 3668-5910 ou 11 3661-9502\" \/>\n<meta name=\"robots\" content=\"index, follow, max-snippet:-1, max-image-preview:large, max-video-preview:-1\" \/>\n<link rel=\"canonical\" href=\"https:\/\/www.dravivianloureiro.com.br\/blog\/bronzeado-sem-sol\/\" \/>\n<meta property=\"og:locale\" content=\"pt_BR\" \/>\n<meta property=\"og:type\" content=\"article\" \/>\n<meta property=\"og:title\" content=\"Autobronzeador para Bronzeado Saud\u00e1vel sem Sol, Entenda como Funciona - Beauty Beyond Skin[:en]Bronzeado saud\u00e1vel sem sol - Gabriela Casabona[:es]Bronzeado saud\u00e1vel sem sol - Gabriela Casabona\" \/>\n<meta property=\"og:description\" content=\"Imagine como seria bom pegar aquela cor sem ter que ficar horas exposta ao sol. Os autobronzeadores foram criados para isso! Gabriela Casabona Dermatologista Especialista em Cuidados com a pele e bronzeamento saud\u00e1vel em S\u00e3o Paulo. Telefones: 11 3668-5910 ou 11 3661-9502\" \/>\n<meta property=\"og:url\" content=\"https:\/\/www.dravivianloureiro.com.br\/blog\/bronzeado-sem-sol\/\" \/>\n<meta property=\"og:site_name\" content=\"Dra. Vivian Loureiro\" \/>\n<meta property=\"article:publisher\" content=\"https:\/\/pt-br.facebook.com\/vivianloureirodermatologia\/\" \/>\n<meta property=\"article:author\" content=\"https:\/\/pt-br.facebook.com\/vivianloureirodermatologia\/\" \/>\n<meta property=\"article:published_time\" content=\"2013-01-21T18:32:13+00:00\" \/>\n<meta name=\"author\" content=\"Vivian Loureiro\" \/>\n<meta name=\"twitter:card\" content=\"summary_large_image\" \/>\n<meta name=\"twitter:label1\" content=\"Escrito por\" \/>\n\t<meta name=\"twitter:data1\" content=\"Vivian Loureiro\" \/>\n\t<meta name=\"twitter:label2\" content=\"Est. tempo de leitura\" \/>\n\t<meta name=\"twitter:data2\" content=\"2 minutos\" \/>\n<script type=\"application\/ld+json\" class=\"yoast-schema-graph\">{\"@context\":\"https:\/\/schema.org\",\"@graph\":[{\"@type\":\"Article\",\"@id\":\"https:\/\/www.dravivianloureiro.com.br\/blog\/bronzeado-sem-sol\/#article\",\"isPartOf\":{\"@id\":\"https:\/\/www.dravivianloureiro.com.br\/blog\/bronzeado-sem-sol\/\"},\"author\":{\"name\":\"Vivian Loureiro\",\"@id\":\"https:\/\/www.dravivianloureiro.com.br\/blog\/#\/schema\/person\/f6272c0e48dae4364ef626c598c5cb84\"},\"headline\":\"Bronzeado sem sol\",\"datePublished\":\"2013-01-21T18:32:13+00:00\",\"dateModified\":\"2013-01-21T18:32:13+00:00\",\"mainEntityOfPage\":{\"@id\":\"https:\/\/www.dravivianloureiro.com.br\/blog\/bronzeado-sem-sol\/\"},\"wordCount\":332,\"commentCount\":0,\"publisher\":{\"@id\":\"https:\/\/www.dravivianloureiro.com.br\/blog\/#organization\"},\"keywords\":[\"autobronzeadores\",\"bronzeamento\",\"pele saudavel\",\"prote\u00e7\u00e3o solar\"],\"articleSection\":[\"Bronzeamento\"],\"inLanguage\":\"pt-BR\",\"potentialAction\":[{\"@type\":\"CommentAction\",\"name\":\"Comment\",\"target\":[\"https:\/\/www.dravivianloureiro.com.br\/blog\/bronzeado-sem-sol\/#respond\"]}]},{\"@type\":\"WebPage\",\"@id\":\"https:\/\/www.dravivianloureiro.com.br\/blog\/bronzeado-sem-sol\/\",\"url\":\"https:\/\/www.dravivianloureiro.com.br\/blog\/bronzeado-sem-sol\/\",\"name\":\"Autobronzeador para Bronzeado Saud\u00e1vel sem Sol, Entenda como Funciona - Beauty Beyond Skin[:en]Bronzeado saud\u00e1vel sem sol - Gabriela Casabona[:es]Bronzeado saud\u00e1vel sem sol - Gabriela Casabona\",\"isPartOf\":{\"@id\":\"https:\/\/www.dravivianloureiro.com.br\/blog\/#website\"},\"datePublished\":\"2013-01-21T18:32:13+00:00\",\"dateModified\":\"2013-01-21T18:32:13+00:00\",\"description\":\"Imagine como seria bom pegar aquela cor sem ter que ficar horas exposta ao sol. Os autobronzeadores foram criados para isso! Gabriela Casabona Dermatologista Especialista em Cuidados com a pele e bronzeamento saud\u00e1vel em S\u00e3o Paulo. Telefones: 11 3668-5910 ou 11 3661-9502\",\"breadcrumb\":{\"@id\":\"https:\/\/www.dravivianloureiro.com.br\/blog\/bronzeado-sem-sol\/#breadcrumb\"},\"inLanguage\":\"pt-BR\",\"potentialAction\":[{\"@type\":\"ReadAction\",\"target\":[\"https:\/\/www.dravivianloureiro.com.br\/blog\/bronzeado-sem-sol\/\"]}]},{\"@type\":\"BreadcrumbList\",\"@id\":\"https:\/\/www.dravivianloureiro.com.br\/blog\/bronzeado-sem-sol\/#breadcrumb\",\"itemListElement\":[{\"@type\":\"ListItem\",\"position\":1,\"name\":\"In\u00edcio\",\"item\":\"https:\/\/www.dravivianloureiro.com.br\/blog\/\"},{\"@type\":\"ListItem\",\"position\":2,\"name\":\"Bronzeado sem sol\"}]},{\"@type\":\"WebSite\",\"@id\":\"https:\/\/www.dravivianloureiro.com.br\/blog\/#website\",\"url\":\"https:\/\/www.dravivianloureiro.com.br\/blog\/\",\"name\":\"Dermatologista Vivian Loureiro\",\"description\":\"\",\"publisher\":{\"@id\":\"https:\/\/www.dravivianloureiro.com.br\/blog\/#organization\"},\"potentialAction\":[{\"@type\":\"SearchAction\",\"target\":{\"@type\":\"EntryPoint\",\"urlTemplate\":\"https:\/\/www.dravivianloureiro.com.br\/blog\/?s={search_term_string}\"},\"query-input\":\"required name=search_term_string\"}],\"inLanguage\":\"pt-BR\"},{\"@type\":\"Organization\",\"@id\":\"https:\/\/www.dravivianloureiro.com.br\/blog\/#organization\",\"name\":\"Dra. Vivian Loureiro - Dermatologista Em S\u00e3o Paulo\",\"url\":\"https:\/\/www.dravivianloureiro.com.br\/blog\/\",\"logo\":{\"@type\":\"ImageObject\",\"inLanguage\":\"pt-BR\",\"@id\":\"https:\/\/www.dravivianloureiro.com.br\/blog\/#\/schema\/logo\/image\/\",\"url\":\"https:\/\/www.dravivianloureiro.com.br\/blog\/wp-content\/uploads\/2018\/08\/favicon.jpg\",\"contentUrl\":\"https:\/\/www.dravivianloureiro.com.br\/blog\/wp-content\/uploads\/2018\/08\/favicon.jpg\",\"width\":112,\"height\":112,\"caption\":\"Dra. Vivian Loureiro - Dermatologista Em S\u00e3o Paulo\"},\"image\":{\"@id\":\"https:\/\/www.dravivianloureiro.com.br\/blog\/#\/schema\/logo\/image\/\"},\"sameAs\":[\"https:\/\/pt-br.facebook.com\/vivianloureirodermatologia\/\",\"https:\/\/www.instagram.com\/vivianloureirodermatologia\/\",\"https:\/\/www.linkedin.com\/in\/vivian-barzi-loureiro-a6412887\/\"]},{\"@type\":\"Person\",\"@id\":\"https:\/\/www.dravivianloureiro.com.br\/blog\/#\/schema\/person\/f6272c0e48dae4364ef626c598c5cb84\",\"name\":\"Vivian Loureiro\",\"image\":{\"@type\":\"ImageObject\",\"inLanguage\":\"pt-BR\",\"@id\":\"https:\/\/www.dravivianloureiro.com.br\/blog\/#\/schema\/person\/image\/\",\"url\":\"https:\/\/secure.gravatar.com\/avatar\/8ee2b0fae98657240c77e822ae139ad3?s=96&d=wp_user_avatar&r=g\",\"contentUrl\":\"https:\/\/secure.gravatar.com\/avatar\/8ee2b0fae98657240c77e822ae139ad3?s=96&d=wp_user_avatar&r=g\",\"caption\":\"Vivian Loureiro\"},\"description\":\"M\u00e9dica formada pela Universidade de S\u00e3o Paulo (USP). Realizou resid\u00eancia m\u00e9dica em Dermatologia e complementa\u00e7\u00e3o em Cosmiatria e Laser pelo departamento de Dermatologia do Hospital das Cl\u00ednicas da Faculdade de Medicina da Universidade de S\u00e3o Paulo (USP). Possui t\u00edtulo de especialista em Dermatologia. \u00c9 membro da Sociedade Brasileira de Dermatologia (SBD) e Sociedade Brasileira de Cirurgia Dermatol\u00f3gica (SBCD) e m\u00e9dica do grupo Fleury. Atua nas \u00e1reas de Dermatologia Cl\u00ednica, Cir\u00fargica, Pedi\u00e1trica e Est\u00e9tica. Frequenta e palestra nos principais cursos e congressos de dermatologia, nacionais e internacionais, a fim de se manter em constante atualiza\u00e7\u00e3o.\",\"sameAs\":[\"https:\/\/www.dravivianloureiro.com.br\/\",\"https:\/\/pt-br.facebook.com\/vivianloureirodermatologia\/\",\"https:\/\/www.instagram.com\/vivianloureirodermatologia\/\",\"https:\/\/www.linkedin.com\/in\/vivian-barzi-loureiro-a6412887\/\"]}]}<\/script>\n<!-- \/ Yoast SEO plugin. -->","yoast_head_json":{"title":"Autobronzeador para Bronzeado Saud\u00e1vel sem Sol, Entenda como Funciona - Beauty Beyond Skin[:en]Bronzeado saud\u00e1vel sem sol - Gabriela Casabona[:es]Bronzeado saud\u00e1vel sem sol - Gabriela Casabona","description":"Imagine como seria bom pegar aquela cor sem ter que ficar horas exposta ao sol. Os autobronzeadores foram criados para isso! Gabriela Casabona Dermatologista Especialista em Cuidados com a pele e bronzeamento saud\u00e1vel em S\u00e3o Paulo. Telefones: 11 3668-5910 ou 11 3661-9502","robots":{"index":"index","follow":"follow","max-snippet":"max-snippet:-1","max-image-preview":"max-image-preview:large","max-video-preview":"max-video-preview:-1"},"canonical":"https:\/\/www.dravivianloureiro.com.br\/blog\/bronzeado-sem-sol\/","og_locale":"pt_BR","og_type":"article","og_title":"Autobronzeador para Bronzeado Saud\u00e1vel sem Sol, Entenda como Funciona - Beauty Beyond Skin[:en]Bronzeado saud\u00e1vel sem sol - Gabriela Casabona[:es]Bronzeado saud\u00e1vel sem sol - Gabriela Casabona","og_description":"Imagine como seria bom pegar aquela cor sem ter que ficar horas exposta ao sol. Os autobronzeadores foram criados para isso! Gabriela Casabona Dermatologista Especialista em Cuidados com a pele e bronzeamento saud\u00e1vel em S\u00e3o Paulo. Telefones: 11 3668-5910 ou 11 3661-9502","og_url":"https:\/\/www.dravivianloureiro.com.br\/blog\/bronzeado-sem-sol\/","og_site_name":"Dra. Vivian Loureiro","article_publisher":"https:\/\/pt-br.facebook.com\/vivianloureirodermatologia\/","article_author":"https:\/\/pt-br.facebook.com\/vivianloureirodermatologia\/","article_published_time":"2013-01-21T18:32:13+00:00","author":"Vivian Loureiro","twitter_card":"summary_large_image","twitter_misc":{"Escrito por":"Vivian Loureiro","Est. tempo de leitura":"2 minutos"},"schema":{"@context":"https:\/\/schema.org","@graph":[{"@type":"Article","@id":"https:\/\/www.dravivianloureiro.com.br\/blog\/bronzeado-sem-sol\/#article","isPartOf":{"@id":"https:\/\/www.dravivianloureiro.com.br\/blog\/bronzeado-sem-sol\/"},"author":{"name":"Vivian Loureiro","@id":"https:\/\/www.dravivianloureiro.com.br\/blog\/#\/schema\/person\/f6272c0e48dae4364ef626c598c5cb84"},"headline":"Bronzeado sem sol","datePublished":"2013-01-21T18:32:13+00:00","dateModified":"2013-01-21T18:32:13+00:00","mainEntityOfPage":{"@id":"https:\/\/www.dravivianloureiro.com.br\/blog\/bronzeado-sem-sol\/"},"wordCount":332,"commentCount":0,"publisher":{"@id":"https:\/\/www.dravivianloureiro.com.br\/blog\/#organization"},"keywords":["autobronzeadores","bronzeamento","pele saudavel","prote\u00e7\u00e3o solar"],"articleSection":["Bronzeamento"],"inLanguage":"pt-BR","potentialAction":[{"@type":"CommentAction","name":"Comment","target":["https:\/\/www.dravivianloureiro.com.br\/blog\/bronzeado-sem-sol\/#respond"]}]},{"@type":"WebPage","@id":"https:\/\/www.dravivianloureiro.com.br\/blog\/bronzeado-sem-sol\/","url":"https:\/\/www.dravivianloureiro.com.br\/blog\/bronzeado-sem-sol\/","name":"Autobronzeador para Bronzeado Saud\u00e1vel sem Sol, Entenda como Funciona - Beauty Beyond Skin[:en]Bronzeado saud\u00e1vel sem sol - Gabriela Casabona[:es]Bronzeado saud\u00e1vel sem sol - Gabriela Casabona","isPartOf":{"@id":"https:\/\/www.dravivianloureiro.com.br\/blog\/#website"},"datePublished":"2013-01-21T18:32:13+00:00","dateModified":"2013-01-21T18:32:13+00:00","description":"Imagine como seria bom pegar aquela cor sem ter que ficar horas exposta ao sol. Os autobronzeadores foram criados para isso! Gabriela Casabona Dermatologista Especialista em Cuidados com a pele e bronzeamento saud\u00e1vel em S\u00e3o Paulo. Telefones: 11 3668-5910 ou 11 3661-9502","breadcrumb":{"@id":"https:\/\/www.dravivianloureiro.com.br\/blog\/bronzeado-sem-sol\/#breadcrumb"},"inLanguage":"pt-BR","potentialAction":[{"@type":"ReadAction","target":["https:\/\/www.dravivianloureiro.com.br\/blog\/bronzeado-sem-sol\/"]}]},{"@type":"BreadcrumbList","@id":"https:\/\/www.dravivianloureiro.com.br\/blog\/bronzeado-sem-sol\/#breadcrumb","itemListElement":[{"@type":"ListItem","position":1,"name":"In\u00edcio","item":"https:\/\/www.dravivianloureiro.com.br\/blog\/"},{"@type":"ListItem","position":2,"name":"Bronzeado sem sol"}]},{"@type":"WebSite","@id":"https:\/\/www.dravivianloureiro.com.br\/blog\/#website","url":"https:\/\/www.dravivianloureiro.com.br\/blog\/","name":"Dermatologista Vivian Loureiro","description":"","publisher":{"@id":"https:\/\/www.dravivianloureiro.com.br\/blog\/#organization"},"potentialAction":[{"@type":"SearchAction","target":{"@type":"EntryPoint","urlTemplate":"https:\/\/www.dravivianloureiro.com.br\/blog\/?s={search_term_string}"},"query-input":"required name=search_term_string"}],"inLanguage":"pt-BR"},{"@type":"Organization","@id":"https:\/\/www.dravivianloureiro.com.br\/blog\/#organization","name":"Dra. Vivian Loureiro - Dermatologista Em S\u00e3o Paulo","url":"https:\/\/www.dravivianloureiro.com.br\/blog\/","logo":{"@type":"ImageObject","inLanguage":"pt-BR","@id":"https:\/\/www.dravivianloureiro.com.br\/blog\/#\/schema\/logo\/image\/","url":"https:\/\/www.dravivianloureiro.com.br\/blog\/wp-content\/uploads\/2018\/08\/favicon.jpg","contentUrl":"https:\/\/www.dravivianloureiro.com.br\/blog\/wp-content\/uploads\/2018\/08\/favicon.jpg","width":112,"height":112,"caption":"Dra. Vivian Loureiro - Dermatologista Em S\u00e3o Paulo"},"image":{"@id":"https:\/\/www.dravivianloureiro.com.br\/blog\/#\/schema\/logo\/image\/"},"sameAs":["https:\/\/pt-br.facebook.com\/vivianloureirodermatologia\/","https:\/\/www.instagram.com\/vivianloureirodermatologia\/","https:\/\/www.linkedin.com\/in\/vivian-barzi-loureiro-a6412887\/"]},{"@type":"Person","@id":"https:\/\/www.dravivianloureiro.com.br\/blog\/#\/schema\/person\/f6272c0e48dae4364ef626c598c5cb84","name":"Vivian Loureiro","image":{"@type":"ImageObject","inLanguage":"pt-BR","@id":"https:\/\/www.dravivianloureiro.com.br\/blog\/#\/schema\/person\/image\/","url":"https:\/\/secure.gravatar.com\/avatar\/8ee2b0fae98657240c77e822ae139ad3?s=96&d=wp_user_avatar&r=g","contentUrl":"https:\/\/secure.gravatar.com\/avatar\/8ee2b0fae98657240c77e822ae139ad3?s=96&d=wp_user_avatar&r=g","caption":"Vivian Loureiro"},"description":"M\u00e9dica formada pela Universidade de S\u00e3o Paulo (USP). Realizou resid\u00eancia m\u00e9dica em Dermatologia e complementa\u00e7\u00e3o em Cosmiatria e Laser pelo departamento de Dermatologia do Hospital das Cl\u00ednicas da Faculdade de Medicina da Universidade de S\u00e3o Paulo (USP). Possui t\u00edtulo de especialista em Dermatologia. \u00c9 membro da Sociedade Brasileira de Dermatologia (SBD) e Sociedade Brasileira de Cirurgia Dermatol\u00f3gica (SBCD) e m\u00e9dica do grupo Fleury. Atua nas \u00e1reas de Dermatologia Cl\u00ednica, Cir\u00fargica, Pedi\u00e1trica e Est\u00e9tica. Frequenta e palestra nos principais cursos e congressos de dermatologia, nacionais e internacionais, a fim de se manter em constante atualiza\u00e7\u00e3o.","sameAs":["https:\/\/www.dravivianloureiro.com.br\/","https:\/\/pt-br.facebook.com\/vivianloureirodermatologia\/","https:\/\/www.instagram.com\/vivianloureirodermatologia\/","https:\/\/www.linkedin.com\/in\/vivian-barzi-loureiro-a6412887\/"]}]}},"amp_enabled":true,"_links":{"self":[{"href":"https:\/\/www.dravivianloureiro.com.br\/blog\/wp-json\/wp\/v2\/posts\/364"}],"collection":[{"href":"https:\/\/www.dravivianloureiro.com.br\/blog\/wp-json\/wp\/v2\/posts"}],"about":[{"href":"https:\/\/www.dravivianloureiro.com.br\/blog\/wp-json\/wp\/v2\/types\/post"}],"author":[{"embeddable":true,"href":"https:\/\/www.dravivianloureiro.com.br\/blog\/wp-json\/wp\/v2\/users\/1"}],"replies":[{"embeddable":true,"href":"https:\/\/www.dravivianloureiro.com.br\/blog\/wp-json\/wp\/v2\/comments?post=364"}],"version-history":[{"count":0,"href":"https:\/\/www.dravivianloureiro.com.br\/blog\/wp-json\/wp\/v2\/posts\/364\/revisions"}],"wp:featuredmedia":[{"embeddable":true,"href":"https:\/\/www.dravivianloureiro.com.br\/blog\/wp-json\/"}],"wp:attachment":[{"href":"https:\/\/www.dravivianloureiro.com.br\/blog\/wp-json\/wp\/v2\/media?parent=364"}],"wp:term":[{"taxonomy":"category","embeddable":true,"href":"https:\/\/www.dravivianloureiro.com.br\/blog\/wp-json\/wp\/v2\/categories?post=364"},{"taxonomy":"post_tag","embeddable":true,"href":"https:\/\/www.dravivianloureiro.com.br\/blog\/wp-json\/wp\/v2\/tags?post=364"}],"curies":[{"name":"wp","href":"https:\/\/api.w.org\/{rel}","templated":true}]}}