{"id":350,"date":"2013-01-18T17:19:33","date_gmt":"2013-01-18T17:19:33","guid":{"rendered":"http:\/\/www.gabrielacasabona.com.br\/blog\/?p=350"},"modified":"2013-01-18T17:19:33","modified_gmt":"2013-01-18T17:19:33","slug":"7-perguntas-sobre-psoriase","status":"publish","type":"post","link":"https:\/\/www.dravivianloureiro.com.br\/blog\/7-perguntas-sobre-psoriase\/","title":{"rendered":"7 perguntas sobre Psor\u00edase"},"content":{"rendered":"<p class=\"estimated-read-time\">Tempo de leitura:<small> 2 minutos<\/small><\/p> <p>A Psor\u00edase atinge 190 milh\u00f5es de pessoas no mundo e se manifesta principalmente entre os \u00a020 e 40 anos.<br \/>\n\u00c9 necess\u00e1rio um estudo detalhado do hist\u00f3rico m\u00e9dico da pessoa e de seus familiares para detectar poss\u00edveis casos da doen\u00e7a. A Dra. Gabriela Casabona, dermatologista do Hospital Samaritano de S\u00e3o Paulo, tira d\u00favidas sobre a doen\u00e7a.<\/p>\n<h4>1. Quais as causas da Psor\u00edase?<\/h4>\n<p>Como n\u00e3o se sabe a causa exata ainda n\u00e3o h\u00e1 um tratamento que cure. A Psor\u00edase \u00e9 uma das doen\u00e7as de pele que pode apresentar o fen\u00f4meno koebner, que se caracteriza pelo aparecimento de les\u00f5es na pele. \u00c9 uma doen\u00e7a em locais de trauma.<\/p>\n<h4>2. Quais os outros sintomas da doen\u00e7a?<\/h4>\n<p>Ela causa inflama\u00e7\u00f5es nas articula\u00e7\u00f5es, escama\u00e7\u00f5es no couro cabeludo e forma\u00e7\u00e3o de placas avermelhadas na pele, especialmente nos joelhos, cotovelos e costas.<\/p>\n<h4>3. A Psor\u00edase \u00e9\u00a0contagiosa?<\/h4>\n<p>A Psor\u00edase n\u00e3o \u00e9 contagiosa, pois n\u00e3o h\u00e1 causa que possa ser contaminante. N\u00e3o \u00e9 infeccioso e sim inflamat\u00f3rio.<\/p>\n<h4>4. A Psor\u00edase \u00e9 heredit\u00e1ria?<\/h4>\n<p>Psor\u00edase \u00e9 uma doen\u00e7a inflamat\u00f3ria que tem heran\u00e7a gen\u00e9tica e est\u00e1 muito relacionada com fatores desencadeantes externos e emocionais.<\/p>\n<h4>5. O tabagismo \u00e9 fator de risco para a Psor\u00edase?<\/h4>\n<p>O fumo piora muito os quadros de Psor\u00edase principalmente as les\u00f5es palmoplantar (que afeta as palmas das m\u00e3os e as plantas dos p\u00e9s).<\/p>\n<h4>6. Como devemos tratar a Psor\u00edase?<\/h4>\n<p>O tratamento pode ser feito com cremes, at\u00e9 biol\u00f3gicos injet\u00e1veis. Hoje, h\u00e1 algumas tecnologias que tamb\u00e9m podem ser adjuvantes, como o Excimer Laser, m\u00e9todo a laser que tem um comprimento de onda parecido com os raios UVB que melhoram a Psor\u00edase por um mecanismo de modula\u00e7\u00e3o inflamat\u00f3ria, assim com a Puva, que \u00e9 a exposi\u00e7\u00e3o aos raios UVA.<\/p>\n<h4>7. Quanto tempo dura o tratamento?<\/h4>\n<p>O tempo de tratamento para melhora depende muito do grau e extens\u00e3o das les\u00f5es. Os locais de trauma como cotovelo, m\u00e3os, unhas e p\u00e9s s\u00e3o de dif\u00edcil tratamento, pois sofrem um fen\u00f4meno que se chama Koebner: onde h\u00e1 trauma pode aparecer les\u00f5es.<\/p>\n","protected":false},"excerpt":{"rendered":"<p><small> 2 minutos<\/small> A Psor\u00edase atinge 190 milh\u00f5es de pessoas no mundo e se manifesta principalmente entre os \u00a020 e 40 anos. \u00c9 necess\u00e1rio um estudo detalhado do hist\u00f3rico m\u00e9dico da pessoa e de seus familiares para detectar poss\u00edveis casos da doen\u00e7a. A Dra. Gabriela Casabona, dermatologista do Hospital Samaritano de S\u00e3o Paulo, tira d\u00favidas sobre a doen\u00e7a. 1. Quais as causas da Psor\u00edase? Como n\u00e3o se sabe a causa exata ainda n\u00e3o h\u00e1 um tratamento que cure. A Psor\u00edase \u00e9 uma das doen\u00e7as de <a href=\"https:\/\/www.dravivianloureiro.com.br\/blog\/7-perguntas-sobre-psoriase\/\" class=\"more-link\"><span>Continue lendo<\/span>\u2192<\/a><\/p>\n","protected":false},"author":1,"featured_media":3456,"comment_status":"open","ping_status":"open","sticky":false,"template":"","format":"standard","meta":[],"categories":[450],"tags":[122,500,501,502],"yoast_head":"<!-- This site is optimized with the Yoast SEO plugin v20.6 - https:\/\/yoast.com\/wordpress\/plugins\/seo\/ -->\n<title>Tudo sobre Psor\u00edase - Beauty Beyond Skin Dermatologia Especializada<\/title>\n<meta name=\"description\" content=\"A Psor\u00edase atinge milh\u00f5es de pessoas no mundo e se manifesta principalmente entre 20 e 40 anos. Confira as respostas para algumas perguntas sobre psor\u00edase.\" \/>\n<meta name=\"robots\" content=\"index, follow, max-snippet:-1, max-image-preview:large, max-video-preview:-1\" \/>\n<link rel=\"canonical\" href=\"https:\/\/www.dravivianloureiro.com.br\/blog\/7-perguntas-sobre-psoriase\/\" \/>\n<meta property=\"og:locale\" content=\"pt_BR\" \/>\n<meta property=\"og:type\" content=\"article\" \/>\n<meta property=\"og:title\" content=\"Tudo sobre Psor\u00edase - Beauty Beyond Skin Dermatologia Especializada\" \/>\n<meta property=\"og:description\" content=\"A Psor\u00edase atinge milh\u00f5es de pessoas no mundo e se manifesta principalmente entre 20 e 40 anos. Confira as respostas para algumas perguntas sobre psor\u00edase.\" \/>\n<meta property=\"og:url\" content=\"https:\/\/www.dravivianloureiro.com.br\/blog\/7-perguntas-sobre-psoriase\/\" \/>\n<meta property=\"og:site_name\" content=\"Dra. Vivian Loureiro\" \/>\n<meta property=\"article:publisher\" content=\"https:\/\/pt-br.facebook.com\/vivianloureirodermatologia\/\" \/>\n<meta property=\"article:author\" content=\"https:\/\/pt-br.facebook.com\/vivianloureirodermatologia\/\" \/>\n<meta property=\"article:published_time\" content=\"2013-01-18T17:19:33+00:00\" \/>\n<meta name=\"author\" content=\"Vivian Loureiro\" \/>\n<meta name=\"twitter:card\" content=\"summary_large_image\" \/>\n<meta name=\"twitter:label1\" content=\"Escrito por\" \/>\n\t<meta name=\"twitter:data1\" content=\"Vivian Loureiro\" \/>\n\t<meta name=\"twitter:label2\" content=\"Est. tempo de leitura\" \/>\n\t<meta name=\"twitter:data2\" content=\"2 minutos\" \/>\n<script type=\"application\/ld+json\" class=\"yoast-schema-graph\">{\"@context\":\"https:\/\/schema.org\",\"@graph\":[{\"@type\":\"Article\",\"@id\":\"https:\/\/www.dravivianloureiro.com.br\/blog\/7-perguntas-sobre-psoriase\/#article\",\"isPartOf\":{\"@id\":\"https:\/\/www.dravivianloureiro.com.br\/blog\/7-perguntas-sobre-psoriase\/\"},\"author\":{\"name\":\"Vivian Loureiro\",\"@id\":\"https:\/\/www.dravivianloureiro.com.br\/blog\/#\/schema\/person\/f6272c0e48dae4364ef626c598c5cb84\"},\"headline\":\"7 perguntas sobre Psor\u00edase\",\"datePublished\":\"2013-01-18T17:19:33+00:00\",\"dateModified\":\"2013-01-18T17:19:33+00:00\",\"mainEntityOfPage\":{\"@id\":\"https:\/\/www.dravivianloureiro.com.br\/blog\/7-perguntas-sobre-psoriase\/\"},\"wordCount\":369,\"commentCount\":0,\"publisher\":{\"@id\":\"https:\/\/www.dravivianloureiro.com.br\/blog\/#organization\"},\"keywords\":[\"cuidados com a pele\",\"duvidas sobre psoriase\",\"o que \u00e9 psoriase\",\"psoriase\"],\"articleSection\":[\"Doen\u00e7as da Pele\"],\"inLanguage\":\"pt-BR\",\"potentialAction\":[{\"@type\":\"CommentAction\",\"name\":\"Comment\",\"target\":[\"https:\/\/www.dravivianloureiro.com.br\/blog\/7-perguntas-sobre-psoriase\/#respond\"]}]},{\"@type\":\"WebPage\",\"@id\":\"https:\/\/www.dravivianloureiro.com.br\/blog\/7-perguntas-sobre-psoriase\/\",\"url\":\"https:\/\/www.dravivianloureiro.com.br\/blog\/7-perguntas-sobre-psoriase\/\",\"name\":\"Tudo sobre Psor\u00edase - Beauty Beyond Skin Dermatologia Especializada\",\"isPartOf\":{\"@id\":\"https:\/\/www.dravivianloureiro.com.br\/blog\/#website\"},\"datePublished\":\"2013-01-18T17:19:33+00:00\",\"dateModified\":\"2013-01-18T17:19:33+00:00\",\"description\":\"A Psor\u00edase atinge milh\u00f5es de pessoas no mundo e se manifesta principalmente entre 20 e 40 anos. Confira as respostas para algumas perguntas sobre psor\u00edase.\",\"breadcrumb\":{\"@id\":\"https:\/\/www.dravivianloureiro.com.br\/blog\/7-perguntas-sobre-psoriase\/#breadcrumb\"},\"inLanguage\":\"pt-BR\",\"potentialAction\":[{\"@type\":\"ReadAction\",\"target\":[\"https:\/\/www.dravivianloureiro.com.br\/blog\/7-perguntas-sobre-psoriase\/\"]}]},{\"@type\":\"BreadcrumbList\",\"@id\":\"https:\/\/www.dravivianloureiro.com.br\/blog\/7-perguntas-sobre-psoriase\/#breadcrumb\",\"itemListElement\":[{\"@type\":\"ListItem\",\"position\":1,\"name\":\"In\u00edcio\",\"item\":\"https:\/\/www.dravivianloureiro.com.br\/blog\/\"},{\"@type\":\"ListItem\",\"position\":2,\"name\":\"7 perguntas sobre Psor\u00edase\"}]},{\"@type\":\"WebSite\",\"@id\":\"https:\/\/www.dravivianloureiro.com.br\/blog\/#website\",\"url\":\"https:\/\/www.dravivianloureiro.com.br\/blog\/\",\"name\":\"Dermatologista Vivian Loureiro\",\"description\":\"\",\"publisher\":{\"@id\":\"https:\/\/www.dravivianloureiro.com.br\/blog\/#organization\"},\"potentialAction\":[{\"@type\":\"SearchAction\",\"target\":{\"@type\":\"EntryPoint\",\"urlTemplate\":\"https:\/\/www.dravivianloureiro.com.br\/blog\/?s={search_term_string}\"},\"query-input\":\"required name=search_term_string\"}],\"inLanguage\":\"pt-BR\"},{\"@type\":\"Organization\",\"@id\":\"https:\/\/www.dravivianloureiro.com.br\/blog\/#organization\",\"name\":\"Dra. Vivian Loureiro - Dermatologista Em S\u00e3o Paulo\",\"url\":\"https:\/\/www.dravivianloureiro.com.br\/blog\/\",\"logo\":{\"@type\":\"ImageObject\",\"inLanguage\":\"pt-BR\",\"@id\":\"https:\/\/www.dravivianloureiro.com.br\/blog\/#\/schema\/logo\/image\/\",\"url\":\"https:\/\/www.dravivianloureiro.com.br\/blog\/wp-content\/uploads\/2018\/08\/favicon.jpg\",\"contentUrl\":\"https:\/\/www.dravivianloureiro.com.br\/blog\/wp-content\/uploads\/2018\/08\/favicon.jpg\",\"width\":112,\"height\":112,\"caption\":\"Dra. Vivian Loureiro - Dermatologista Em S\u00e3o Paulo\"},\"image\":{\"@id\":\"https:\/\/www.dravivianloureiro.com.br\/blog\/#\/schema\/logo\/image\/\"},\"sameAs\":[\"https:\/\/pt-br.facebook.com\/vivianloureirodermatologia\/\",\"https:\/\/www.instagram.com\/vivianloureirodermatologia\/\",\"https:\/\/www.linkedin.com\/in\/vivian-barzi-loureiro-a6412887\/\"]},{\"@type\":\"Person\",\"@id\":\"https:\/\/www.dravivianloureiro.com.br\/blog\/#\/schema\/person\/f6272c0e48dae4364ef626c598c5cb84\",\"name\":\"Vivian Loureiro\",\"image\":{\"@type\":\"ImageObject\",\"inLanguage\":\"pt-BR\",\"@id\":\"https:\/\/www.dravivianloureiro.com.br\/blog\/#\/schema\/person\/image\/\",\"url\":\"https:\/\/secure.gravatar.com\/avatar\/8ee2b0fae98657240c77e822ae139ad3?s=96&d=wp_user_avatar&r=g\",\"contentUrl\":\"https:\/\/secure.gravatar.com\/avatar\/8ee2b0fae98657240c77e822ae139ad3?s=96&d=wp_user_avatar&r=g\",\"caption\":\"Vivian Loureiro\"},\"description\":\"M\u00e9dica formada pela Universidade de S\u00e3o Paulo (USP). Realizou resid\u00eancia m\u00e9dica em Dermatologia e complementa\u00e7\u00e3o em Cosmiatria e Laser pelo departamento de Dermatologia do Hospital das Cl\u00ednicas da Faculdade de Medicina da Universidade de S\u00e3o Paulo (USP). Possui t\u00edtulo de especialista em Dermatologia. \u00c9 membro da Sociedade Brasileira de Dermatologia (SBD) e Sociedade Brasileira de Cirurgia Dermatol\u00f3gica (SBCD) e m\u00e9dica do grupo Fleury. Atua nas \u00e1reas de Dermatologia Cl\u00ednica, Cir\u00fargica, Pedi\u00e1trica e Est\u00e9tica. Frequenta e palestra nos principais cursos e congressos de dermatologia, nacionais e internacionais, a fim de se manter em constante atualiza\u00e7\u00e3o.\",\"sameAs\":[\"https:\/\/www.dravivianloureiro.com.br\/\",\"https:\/\/pt-br.facebook.com\/vivianloureirodermatologia\/\",\"https:\/\/www.instagram.com\/vivianloureirodermatologia\/\",\"https:\/\/www.linkedin.com\/in\/vivian-barzi-loureiro-a6412887\/\"]}]}<\/script>\n<!-- \/ Yoast SEO plugin. -->","yoast_head_json":{"title":"Tudo sobre Psor\u00edase - Beauty Beyond Skin Dermatologia Especializada","description":"A Psor\u00edase atinge milh\u00f5es de pessoas no mundo e se manifesta principalmente entre 20 e 40 anos. Confira as respostas para algumas perguntas sobre psor\u00edase.","robots":{"index":"index","follow":"follow","max-snippet":"max-snippet:-1","max-image-preview":"max-image-preview:large","max-video-preview":"max-video-preview:-1"},"canonical":"https:\/\/www.dravivianloureiro.com.br\/blog\/7-perguntas-sobre-psoriase\/","og_locale":"pt_BR","og_type":"article","og_title":"Tudo sobre Psor\u00edase - Beauty Beyond Skin Dermatologia Especializada","og_description":"A Psor\u00edase atinge milh\u00f5es de pessoas no mundo e se manifesta principalmente entre 20 e 40 anos. Confira as respostas para algumas perguntas sobre psor\u00edase.","og_url":"https:\/\/www.dravivianloureiro.com.br\/blog\/7-perguntas-sobre-psoriase\/","og_site_name":"Dra. Vivian Loureiro","article_publisher":"https:\/\/pt-br.facebook.com\/vivianloureirodermatologia\/","article_author":"https:\/\/pt-br.facebook.com\/vivianloureirodermatologia\/","article_published_time":"2013-01-18T17:19:33+00:00","author":"Vivian Loureiro","twitter_card":"summary_large_image","twitter_misc":{"Escrito por":"Vivian Loureiro","Est. tempo de leitura":"2 minutos"},"schema":{"@context":"https:\/\/schema.org","@graph":[{"@type":"Article","@id":"https:\/\/www.dravivianloureiro.com.br\/blog\/7-perguntas-sobre-psoriase\/#article","isPartOf":{"@id":"https:\/\/www.dravivianloureiro.com.br\/blog\/7-perguntas-sobre-psoriase\/"},"author":{"name":"Vivian Loureiro","@id":"https:\/\/www.dravivianloureiro.com.br\/blog\/#\/schema\/person\/f6272c0e48dae4364ef626c598c5cb84"},"headline":"7 perguntas sobre Psor\u00edase","datePublished":"2013-01-18T17:19:33+00:00","dateModified":"2013-01-18T17:19:33+00:00","mainEntityOfPage":{"@id":"https:\/\/www.dravivianloureiro.com.br\/blog\/7-perguntas-sobre-psoriase\/"},"wordCount":369,"commentCount":0,"publisher":{"@id":"https:\/\/www.dravivianloureiro.com.br\/blog\/#organization"},"keywords":["cuidados com a pele","duvidas sobre psoriase","o que \u00e9 psoriase","psoriase"],"articleSection":["Doen\u00e7as da Pele"],"inLanguage":"pt-BR","potentialAction":[{"@type":"CommentAction","name":"Comment","target":["https:\/\/www.dravivianloureiro.com.br\/blog\/7-perguntas-sobre-psoriase\/#respond"]}]},{"@type":"WebPage","@id":"https:\/\/www.dravivianloureiro.com.br\/blog\/7-perguntas-sobre-psoriase\/","url":"https:\/\/www.dravivianloureiro.com.br\/blog\/7-perguntas-sobre-psoriase\/","name":"Tudo sobre Psor\u00edase - Beauty Beyond Skin Dermatologia Especializada","isPartOf":{"@id":"https:\/\/www.dravivianloureiro.com.br\/blog\/#website"},"datePublished":"2013-01-18T17:19:33+00:00","dateModified":"2013-01-18T17:19:33+00:00","description":"A Psor\u00edase atinge milh\u00f5es de pessoas no mundo e se manifesta principalmente entre 20 e 40 anos. Confira as respostas para algumas perguntas sobre psor\u00edase.","breadcrumb":{"@id":"https:\/\/www.dravivianloureiro.com.br\/blog\/7-perguntas-sobre-psoriase\/#breadcrumb"},"inLanguage":"pt-BR","potentialAction":[{"@type":"ReadAction","target":["https:\/\/www.dravivianloureiro.com.br\/blog\/7-perguntas-sobre-psoriase\/"]}]},{"@type":"BreadcrumbList","@id":"https:\/\/www.dravivianloureiro.com.br\/blog\/7-perguntas-sobre-psoriase\/#breadcrumb","itemListElement":[{"@type":"ListItem","position":1,"name":"In\u00edcio","item":"https:\/\/www.dravivianloureiro.com.br\/blog\/"},{"@type":"ListItem","position":2,"name":"7 perguntas sobre Psor\u00edase"}]},{"@type":"WebSite","@id":"https:\/\/www.dravivianloureiro.com.br\/blog\/#website","url":"https:\/\/www.dravivianloureiro.com.br\/blog\/","name":"Dermatologista Vivian Loureiro","description":"","publisher":{"@id":"https:\/\/www.dravivianloureiro.com.br\/blog\/#organization"},"potentialAction":[{"@type":"SearchAction","target":{"@type":"EntryPoint","urlTemplate":"https:\/\/www.dravivianloureiro.com.br\/blog\/?s={search_term_string}"},"query-input":"required name=search_term_string"}],"inLanguage":"pt-BR"},{"@type":"Organization","@id":"https:\/\/www.dravivianloureiro.com.br\/blog\/#organization","name":"Dra. Vivian Loureiro - Dermatologista Em S\u00e3o Paulo","url":"https:\/\/www.dravivianloureiro.com.br\/blog\/","logo":{"@type":"ImageObject","inLanguage":"pt-BR","@id":"https:\/\/www.dravivianloureiro.com.br\/blog\/#\/schema\/logo\/image\/","url":"https:\/\/www.dravivianloureiro.com.br\/blog\/wp-content\/uploads\/2018\/08\/favicon.jpg","contentUrl":"https:\/\/www.dravivianloureiro.com.br\/blog\/wp-content\/uploads\/2018\/08\/favicon.jpg","width":112,"height":112,"caption":"Dra. Vivian Loureiro - Dermatologista Em S\u00e3o Paulo"},"image":{"@id":"https:\/\/www.dravivianloureiro.com.br\/blog\/#\/schema\/logo\/image\/"},"sameAs":["https:\/\/pt-br.facebook.com\/vivianloureirodermatologia\/","https:\/\/www.instagram.com\/vivianloureirodermatologia\/","https:\/\/www.linkedin.com\/in\/vivian-barzi-loureiro-a6412887\/"]},{"@type":"Person","@id":"https:\/\/www.dravivianloureiro.com.br\/blog\/#\/schema\/person\/f6272c0e48dae4364ef626c598c5cb84","name":"Vivian Loureiro","image":{"@type":"ImageObject","inLanguage":"pt-BR","@id":"https:\/\/www.dravivianloureiro.com.br\/blog\/#\/schema\/person\/image\/","url":"https:\/\/secure.gravatar.com\/avatar\/8ee2b0fae98657240c77e822ae139ad3?s=96&d=wp_user_avatar&r=g","contentUrl":"https:\/\/secure.gravatar.com\/avatar\/8ee2b0fae98657240c77e822ae139ad3?s=96&d=wp_user_avatar&r=g","caption":"Vivian Loureiro"},"description":"M\u00e9dica formada pela Universidade de S\u00e3o Paulo (USP). Realizou resid\u00eancia m\u00e9dica em Dermatologia e complementa\u00e7\u00e3o em Cosmiatria e Laser pelo departamento de Dermatologia do Hospital das Cl\u00ednicas da Faculdade de Medicina da Universidade de S\u00e3o Paulo (USP). Possui t\u00edtulo de especialista em Dermatologia. \u00c9 membro da Sociedade Brasileira de Dermatologia (SBD) e Sociedade Brasileira de Cirurgia Dermatol\u00f3gica (SBCD) e m\u00e9dica do grupo Fleury. Atua nas \u00e1reas de Dermatologia Cl\u00ednica, Cir\u00fargica, Pedi\u00e1trica e Est\u00e9tica. Frequenta e palestra nos principais cursos e congressos de dermatologia, nacionais e internacionais, a fim de se manter em constante atualiza\u00e7\u00e3o.","sameAs":["https:\/\/www.dravivianloureiro.com.br\/","https:\/\/pt-br.facebook.com\/vivianloureirodermatologia\/","https:\/\/www.instagram.com\/vivianloureirodermatologia\/","https:\/\/www.linkedin.com\/in\/vivian-barzi-loureiro-a6412887\/"]}]}},"amp_enabled":true,"_links":{"self":[{"href":"https:\/\/www.dravivianloureiro.com.br\/blog\/wp-json\/wp\/v2\/posts\/350"}],"collection":[{"href":"https:\/\/www.dravivianloureiro.com.br\/blog\/wp-json\/wp\/v2\/posts"}],"about":[{"href":"https:\/\/www.dravivianloureiro.com.br\/blog\/wp-json\/wp\/v2\/types\/post"}],"author":[{"embeddable":true,"href":"https:\/\/www.dravivianloureiro.com.br\/blog\/wp-json\/wp\/v2\/users\/1"}],"replies":[{"embeddable":true,"href":"https:\/\/www.dravivianloureiro.com.br\/blog\/wp-json\/wp\/v2\/comments?post=350"}],"version-history":[{"count":0,"href":"https:\/\/www.dravivianloureiro.com.br\/blog\/wp-json\/wp\/v2\/posts\/350\/revisions"}],"wp:featuredmedia":[{"embeddable":true,"href":"https:\/\/www.dravivianloureiro.com.br\/blog\/wp-json\/"}],"wp:attachment":[{"href":"https:\/\/www.dravivianloureiro.com.br\/blog\/wp-json\/wp\/v2\/media?parent=350"}],"wp:term":[{"taxonomy":"category","embeddable":true,"href":"https:\/\/www.dravivianloureiro.com.br\/blog\/wp-json\/wp\/v2\/categories?post=350"},{"taxonomy":"post_tag","embeddable":true,"href":"https:\/\/www.dravivianloureiro.com.br\/blog\/wp-json\/wp\/v2\/tags?post=350"}],"curies":[{"name":"wp","href":"https:\/\/api.w.org\/{rel}","templated":true}]}}