{"id":35,"date":"2011-10-28T12:43:50","date_gmt":"2011-10-28T12:43:50","guid":{"rendered":"http:\/\/www.gabrielacasabona.com.br\/blog\/?p=35"},"modified":"2011-10-28T12:43:50","modified_gmt":"2011-10-28T12:43:50","slug":"alergias","status":"publish","type":"post","link":"https:\/\/www.dravivianloureiro.com.br\/blog\/alergias\/","title":{"rendered":"Alergias"},"content":{"rendered":"<p class=\"estimated-read-time\">Tempo de leitura:<small> 3 minutos<\/small><\/p> <h2>Como saber se tenho dermatite at\u00f3pica?<\/h2>\n<h3>Dermatite at\u00f3pica<\/h3>\n<p>De origem gen\u00e9tica, a inflama\u00e7\u00e3o \u00e9 uma resposta al\u00e9rgica na pele a uma subst\u00e2ncia com que a pessoa entrou em contato ou ingeriu. Quem sofre desse problema tem a lubrifica\u00e7\u00e3o da pele falha. Em casos agudos, a pele fica ainda mais seca e \u00e1spera, podendo desenvolver um eczema &#8211;\u00e1reas de coceira, com bolhas e vermelhid\u00e3o.<\/p>\n<p><strong>O que fazer:<\/strong> no caso das dermatites at\u00f3picas\u00a0 manter a pele hidratada e evitar banhos muito quentes ou prolongados ajudam a manter a prote\u00e7\u00e3o natural da pele e melhoram o aspecto durante crises agudas; tamb\u00e9m \u00e9 aconselh\u00e1vel usar luvas ao manusear subst\u00e2ncias irritantes.<\/p>\n<h2>Como saber se tenho dermatite de contato?<\/h2>\n<p>Apesar de n\u00e3o ter rela\u00e7\u00e3o direta com a mudan\u00e7a de temperatura, os h\u00e1bitos do inverno (banho quente e prolongado) e a menor umidade do ar podem tornar a pele mais seca e mais suscept\u00edvel a fatores irritantes. Surge, normalmente, depois da exposi\u00e7\u00e3o repetitiva a uma determinada subst\u00e2ncia ou por causa do contato excessivo com algum produto, como maquiagem ou detergentes.<\/p>\n<p><strong>O que fazer:<\/strong> no caso das dermatites de contato, manter a pele hidratada e evitar banhos muito quentes ou prolongados ajudam a manter a prote\u00e7\u00e3o natural da pele e melhoram o aspecto durante crises agudas; tamb\u00e9m \u00e9 aconselh\u00e1vel usar luvas ao manusear subst\u00e2ncias irritantes.<\/p>\n<h2>Minhas m\u00e3os descamam e tem bolhinhas quando mexo em produtos de limpeza, porque?<\/h2>\n<p><strong>Dermatite de contato<\/strong> \u2013 ao contato com subst\u00e2ncias alerg\u00eanicas desenvolve o quadro que podem ser leve\u00a0 ou intenso chegando a causar rachaduras profundas no local. \u00c9 um quadro agudo, mas pode se manifestar v\u00e1rias vezes uma vez que o sistema imunol\u00f3gico desenvolve c\u00e9lulas de mem\u00f3ria e num novo contato com aquela subst\u00e2ncia provocam uma rea\u00e7\u00e3o cada vez pior. Um grande fator de piora \u00e9 a lavagem excessiva das m\u00e3os que acaba quebrando a barreira de prote\u00e7\u00e3o da pele.<\/p>\n<p>Para auxiliar no diagn\u00f3stico da causa (que \u00e9 bem dif\u00edcil) s\u00e3o feitos testes de contato e exames de sangue. O tratamento b\u00e1sico \u00e9 suspens\u00e3o do contato com tal subst\u00e2ncia . S\u00e3o usados cremes e hidrata\u00e7\u00e3o local e em alguns casos luz UVA.<\/p>\n<h2>Meu filho tem coceiras pelo corpo e a pele muito seca o que fazer para melhorar?<\/h2>\n<p>A Dermatite At\u00f3pica \u00e9 uma s\u00edndrome de causa multifatorial que frequentemente se associa com rinite, bronquite e alergia picada de insetos (30% dos casos). A pele do at\u00f3pico \u00e9 hiperreativa com altera\u00e7\u00f5es imunol\u00f3gicas, secura excessiva (diminui\u00e7\u00e3o produ\u00e7\u00e3o gorduras pele), irrita\u00e7\u00e3o ao suor, sensibilidade ao prurido aumentada, alergias alimentares principalmente ao leite de vaca. O diagn\u00f3stico \u00e9 clinico mas muitas vezes solicitamos exames\u00a0 sangue.O tratamento consiste em orienta\u00e7\u00e3o ambiental, vitaminas,\u00a0 hidrata\u00e7\u00e3o e lubrifica\u00e7\u00e3o da pele, cremes e antial\u00e9rgicos.<\/p>\n<h2>Tenho alergia a AAS porque isso ocorre?<\/h2>\n<p>Alergia \u00e0 medicamentos (Farmacodermia) \u00e9 uma doen\u00e7a que ocorre imediatamente ou dias ap\u00f3s exposi\u00e7\u00e3o a determinado medicamento oral e pode se desenvolver depois de anos de uso do mesmo. Ocorre por estimula\u00e7\u00e3o imunol\u00f3gica e fica pior a cada exposi\u00e7\u00e3o pela forma\u00e7\u00e3o das c\u00e9lulas de mem\u00f3ria. Pode ser um quadro leve com vermelhid\u00e3o apenas ou quadro grave tipo Stevens Johnson com bolhas\u00a0 por todo corpo. Nos casos mais graves \u00e9 necess\u00e1ria interna\u00e7\u00e3o. O tratamento imediato deve ser suspens\u00e3o do medicamento suspeito e drogas que possam conter a evolu\u00e7\u00e3o do quadro.<\/p>\n<h2>Tenho alergia quando me exponho ao sol. O que \u00e9 isso?<\/h2>\n<p>Alergia ao sol (Erup\u00e7\u00e3o polimorfa \u00e0 Luz)<\/p>\n<p>\u00c9 um quadro de origem imunol\u00f3gica de causa desconhecida e que aparece depois de exposi\u00e7\u00e3o solar intensa. Tratamento \u00e9 evitar exposi\u00e7\u00e3o solar, foto prote\u00e7\u00e3o oral e t\u00f3pica, e combate da crise.<\/p>\n","protected":false},"excerpt":{"rendered":"<p><small> 3 minutos<\/small> Como saber se tenho dermatite at\u00f3pica? Dermatite at\u00f3pica De origem gen\u00e9tica, a inflama\u00e7\u00e3o \u00e9 uma resposta al\u00e9rgica na pele a uma subst\u00e2ncia com que a pessoa entrou em contato ou ingeriu. Quem sofre desse problema tem a lubrifica\u00e7\u00e3o da pele falha. Em casos agudos, a pele fica ainda mais seca e \u00e1spera, podendo desenvolver um eczema &#8211;\u00e1reas de coceira, com bolhas e vermelhid\u00e3o. O que fazer: no caso das dermatites at\u00f3picas\u00a0 manter a pele hidratada e evitar banhos muito quentes ou prolongados <a href=\"https:\/\/www.dravivianloureiro.com.br\/blog\/alergias\/\" class=\"more-link\"><span>Continue lendo<\/span>\u2192<\/a><\/p>\n","protected":false},"author":1,"featured_media":3508,"comment_status":"open","ping_status":"open","sticky":false,"template":"","format":"standard","meta":[],"categories":[380,398,365],"tags":[386,415,412],"yoast_head":"<!-- This site is optimized with the Yoast SEO plugin v20.6 - https:\/\/yoast.com\/wordpress\/plugins\/seo\/ -->\n<title>Perguntas e Respostas sobre Alergias - Beauty Beyond Skin Dermatologia Especializada<\/title>\n<meta name=\"description\" content=\"Saiba quais podem ser os motivos das escama\u00e7\u00f5es, coceiras, e rea\u00e7\u00f5es \u00e0 subst\u00e2ncias. Gabriela Casabona Dermatologista Especialista em Alergias em S\u00e3o Paulo. Telefone: 11 3668-5910 ou 11 3661-9502\" \/>\n<meta name=\"robots\" content=\"index, follow, max-snippet:-1, max-image-preview:large, max-video-preview:-1\" \/>\n<link rel=\"canonical\" href=\"https:\/\/www.dravivianloureiro.com.br\/blog\/alergias\/\" \/>\n<meta property=\"og:locale\" content=\"pt_BR\" \/>\n<meta property=\"og:type\" content=\"article\" \/>\n<meta property=\"og:title\" content=\"Perguntas e Respostas sobre Alergias - Beauty Beyond Skin Dermatologia Especializada\" \/>\n<meta property=\"og:description\" content=\"Saiba quais podem ser os motivos das escama\u00e7\u00f5es, coceiras, e rea\u00e7\u00f5es \u00e0 subst\u00e2ncias. Gabriela Casabona Dermatologista Especialista em Alergias em S\u00e3o Paulo. Telefone: 11 3668-5910 ou 11 3661-9502\" \/>\n<meta property=\"og:url\" content=\"https:\/\/www.dravivianloureiro.com.br\/blog\/alergias\/\" \/>\n<meta property=\"og:site_name\" content=\"Dra. Vivian Loureiro\" \/>\n<meta property=\"article:publisher\" content=\"https:\/\/pt-br.facebook.com\/vivianloureirodermatologia\/\" \/>\n<meta property=\"article:author\" content=\"https:\/\/pt-br.facebook.com\/vivianloureirodermatologia\/\" \/>\n<meta property=\"article:published_time\" content=\"2011-10-28T12:43:50+00:00\" \/>\n<meta name=\"author\" content=\"Vivian Loureiro\" \/>\n<meta name=\"twitter:card\" content=\"summary_large_image\" \/>\n<meta name=\"twitter:label1\" content=\"Escrito por\" \/>\n\t<meta name=\"twitter:data1\" content=\"Vivian Loureiro\" \/>\n\t<meta name=\"twitter:label2\" content=\"Est. tempo de leitura\" \/>\n\t<meta name=\"twitter:data2\" content=\"3 minutos\" \/>\n<script type=\"application\/ld+json\" class=\"yoast-schema-graph\">{\"@context\":\"https:\/\/schema.org\",\"@graph\":[{\"@type\":\"Article\",\"@id\":\"https:\/\/www.dravivianloureiro.com.br\/blog\/alergias\/#article\",\"isPartOf\":{\"@id\":\"https:\/\/www.dravivianloureiro.com.br\/blog\/alergias\/\"},\"author\":{\"name\":\"Vivian Loureiro\",\"@id\":\"https:\/\/www.dravivianloureiro.com.br\/blog\/#\/schema\/person\/f6272c0e48dae4364ef626c598c5cb84\"},\"headline\":\"Alergias\",\"datePublished\":\"2011-10-28T12:43:50+00:00\",\"dateModified\":\"2011-10-28T12:43:50+00:00\",\"mainEntityOfPage\":{\"@id\":\"https:\/\/www.dravivianloureiro.com.br\/blog\/alergias\/\"},\"wordCount\":647,\"commentCount\":0,\"publisher\":{\"@id\":\"https:\/\/www.dravivianloureiro.com.br\/blog\/#organization\"},\"keywords\":[\"alergias\",\"coceira\",\"dermatite\"],\"articleSection\":[\"Alergias\",\"Dermatites\",\"Terap\u00eauticos\"],\"inLanguage\":\"pt-BR\",\"potentialAction\":[{\"@type\":\"CommentAction\",\"name\":\"Comment\",\"target\":[\"https:\/\/www.dravivianloureiro.com.br\/blog\/alergias\/#respond\"]}]},{\"@type\":\"WebPage\",\"@id\":\"https:\/\/www.dravivianloureiro.com.br\/blog\/alergias\/\",\"url\":\"https:\/\/www.dravivianloureiro.com.br\/blog\/alergias\/\",\"name\":\"Perguntas e Respostas sobre Alergias - Beauty Beyond Skin Dermatologia Especializada\",\"isPartOf\":{\"@id\":\"https:\/\/www.dravivianloureiro.com.br\/blog\/#website\"},\"datePublished\":\"2011-10-28T12:43:50+00:00\",\"dateModified\":\"2011-10-28T12:43:50+00:00\",\"description\":\"Saiba quais podem ser os motivos das escama\u00e7\u00f5es, coceiras, e rea\u00e7\u00f5es \u00e0 subst\u00e2ncias. Gabriela Casabona Dermatologista Especialista em Alergias em S\u00e3o Paulo. Telefone: 11 3668-5910 ou 11 3661-9502\",\"breadcrumb\":{\"@id\":\"https:\/\/www.dravivianloureiro.com.br\/blog\/alergias\/#breadcrumb\"},\"inLanguage\":\"pt-BR\",\"potentialAction\":[{\"@type\":\"ReadAction\",\"target\":[\"https:\/\/www.dravivianloureiro.com.br\/blog\/alergias\/\"]}]},{\"@type\":\"BreadcrumbList\",\"@id\":\"https:\/\/www.dravivianloureiro.com.br\/blog\/alergias\/#breadcrumb\",\"itemListElement\":[{\"@type\":\"ListItem\",\"position\":1,\"name\":\"In\u00edcio\",\"item\":\"https:\/\/www.dravivianloureiro.com.br\/blog\/\"},{\"@type\":\"ListItem\",\"position\":2,\"name\":\"Alergias\"}]},{\"@type\":\"WebSite\",\"@id\":\"https:\/\/www.dravivianloureiro.com.br\/blog\/#website\",\"url\":\"https:\/\/www.dravivianloureiro.com.br\/blog\/\",\"name\":\"Dermatologista Vivian Loureiro\",\"description\":\"\",\"publisher\":{\"@id\":\"https:\/\/www.dravivianloureiro.com.br\/blog\/#organization\"},\"potentialAction\":[{\"@type\":\"SearchAction\",\"target\":{\"@type\":\"EntryPoint\",\"urlTemplate\":\"https:\/\/www.dravivianloureiro.com.br\/blog\/?s={search_term_string}\"},\"query-input\":\"required name=search_term_string\"}],\"inLanguage\":\"pt-BR\"},{\"@type\":\"Organization\",\"@id\":\"https:\/\/www.dravivianloureiro.com.br\/blog\/#organization\",\"name\":\"Dra. Vivian Loureiro - Dermatologista Em S\u00e3o Paulo\",\"url\":\"https:\/\/www.dravivianloureiro.com.br\/blog\/\",\"logo\":{\"@type\":\"ImageObject\",\"inLanguage\":\"pt-BR\",\"@id\":\"https:\/\/www.dravivianloureiro.com.br\/blog\/#\/schema\/logo\/image\/\",\"url\":\"https:\/\/www.dravivianloureiro.com.br\/blog\/wp-content\/uploads\/2018\/08\/favicon.jpg\",\"contentUrl\":\"https:\/\/www.dravivianloureiro.com.br\/blog\/wp-content\/uploads\/2018\/08\/favicon.jpg\",\"width\":112,\"height\":112,\"caption\":\"Dra. Vivian Loureiro - Dermatologista Em S\u00e3o Paulo\"},\"image\":{\"@id\":\"https:\/\/www.dravivianloureiro.com.br\/blog\/#\/schema\/logo\/image\/\"},\"sameAs\":[\"https:\/\/pt-br.facebook.com\/vivianloureirodermatologia\/\",\"https:\/\/www.instagram.com\/vivianloureirodermatologia\/\",\"https:\/\/www.linkedin.com\/in\/vivian-barzi-loureiro-a6412887\/\"]},{\"@type\":\"Person\",\"@id\":\"https:\/\/www.dravivianloureiro.com.br\/blog\/#\/schema\/person\/f6272c0e48dae4364ef626c598c5cb84\",\"name\":\"Vivian Loureiro\",\"image\":{\"@type\":\"ImageObject\",\"inLanguage\":\"pt-BR\",\"@id\":\"https:\/\/www.dravivianloureiro.com.br\/blog\/#\/schema\/person\/image\/\",\"url\":\"https:\/\/secure.gravatar.com\/avatar\/8ee2b0fae98657240c77e822ae139ad3?s=96&d=wp_user_avatar&r=g\",\"contentUrl\":\"https:\/\/secure.gravatar.com\/avatar\/8ee2b0fae98657240c77e822ae139ad3?s=96&d=wp_user_avatar&r=g\",\"caption\":\"Vivian Loureiro\"},\"description\":\"M\u00e9dica formada pela Universidade de S\u00e3o Paulo (USP). Realizou resid\u00eancia m\u00e9dica em Dermatologia e complementa\u00e7\u00e3o em Cosmiatria e Laser pelo departamento de Dermatologia do Hospital das Cl\u00ednicas da Faculdade de Medicina da Universidade de S\u00e3o Paulo (USP). Possui t\u00edtulo de especialista em Dermatologia. \u00c9 membro da Sociedade Brasileira de Dermatologia (SBD) e Sociedade Brasileira de Cirurgia Dermatol\u00f3gica (SBCD) e m\u00e9dica do grupo Fleury. Atua nas \u00e1reas de Dermatologia Cl\u00ednica, Cir\u00fargica, Pedi\u00e1trica e Est\u00e9tica. Frequenta e palestra nos principais cursos e congressos de dermatologia, nacionais e internacionais, a fim de se manter em constante atualiza\u00e7\u00e3o.\",\"sameAs\":[\"https:\/\/www.dravivianloureiro.com.br\/\",\"https:\/\/pt-br.facebook.com\/vivianloureirodermatologia\/\",\"https:\/\/www.instagram.com\/vivianloureirodermatologia\/\",\"https:\/\/www.linkedin.com\/in\/vivian-barzi-loureiro-a6412887\/\"]}]}<\/script>\n<!-- \/ Yoast SEO plugin. -->","yoast_head_json":{"title":"Perguntas e Respostas sobre Alergias - Beauty Beyond Skin Dermatologia Especializada","description":"Saiba quais podem ser os motivos das escama\u00e7\u00f5es, coceiras, e rea\u00e7\u00f5es \u00e0 subst\u00e2ncias. Gabriela Casabona Dermatologista Especialista em Alergias em S\u00e3o Paulo. Telefone: 11 3668-5910 ou 11 3661-9502","robots":{"index":"index","follow":"follow","max-snippet":"max-snippet:-1","max-image-preview":"max-image-preview:large","max-video-preview":"max-video-preview:-1"},"canonical":"https:\/\/www.dravivianloureiro.com.br\/blog\/alergias\/","og_locale":"pt_BR","og_type":"article","og_title":"Perguntas e Respostas sobre Alergias - Beauty Beyond Skin Dermatologia Especializada","og_description":"Saiba quais podem ser os motivos das escama\u00e7\u00f5es, coceiras, e rea\u00e7\u00f5es \u00e0 subst\u00e2ncias. Gabriela Casabona Dermatologista Especialista em Alergias em S\u00e3o Paulo. Telefone: 11 3668-5910 ou 11 3661-9502","og_url":"https:\/\/www.dravivianloureiro.com.br\/blog\/alergias\/","og_site_name":"Dra. Vivian Loureiro","article_publisher":"https:\/\/pt-br.facebook.com\/vivianloureirodermatologia\/","article_author":"https:\/\/pt-br.facebook.com\/vivianloureirodermatologia\/","article_published_time":"2011-10-28T12:43:50+00:00","author":"Vivian Loureiro","twitter_card":"summary_large_image","twitter_misc":{"Escrito por":"Vivian Loureiro","Est. tempo de leitura":"3 minutos"},"schema":{"@context":"https:\/\/schema.org","@graph":[{"@type":"Article","@id":"https:\/\/www.dravivianloureiro.com.br\/blog\/alergias\/#article","isPartOf":{"@id":"https:\/\/www.dravivianloureiro.com.br\/blog\/alergias\/"},"author":{"name":"Vivian Loureiro","@id":"https:\/\/www.dravivianloureiro.com.br\/blog\/#\/schema\/person\/f6272c0e48dae4364ef626c598c5cb84"},"headline":"Alergias","datePublished":"2011-10-28T12:43:50+00:00","dateModified":"2011-10-28T12:43:50+00:00","mainEntityOfPage":{"@id":"https:\/\/www.dravivianloureiro.com.br\/blog\/alergias\/"},"wordCount":647,"commentCount":0,"publisher":{"@id":"https:\/\/www.dravivianloureiro.com.br\/blog\/#organization"},"keywords":["alergias","coceira","dermatite"],"articleSection":["Alergias","Dermatites","Terap\u00eauticos"],"inLanguage":"pt-BR","potentialAction":[{"@type":"CommentAction","name":"Comment","target":["https:\/\/www.dravivianloureiro.com.br\/blog\/alergias\/#respond"]}]},{"@type":"WebPage","@id":"https:\/\/www.dravivianloureiro.com.br\/blog\/alergias\/","url":"https:\/\/www.dravivianloureiro.com.br\/blog\/alergias\/","name":"Perguntas e Respostas sobre Alergias - Beauty Beyond Skin Dermatologia Especializada","isPartOf":{"@id":"https:\/\/www.dravivianloureiro.com.br\/blog\/#website"},"datePublished":"2011-10-28T12:43:50+00:00","dateModified":"2011-10-28T12:43:50+00:00","description":"Saiba quais podem ser os motivos das escama\u00e7\u00f5es, coceiras, e rea\u00e7\u00f5es \u00e0 subst\u00e2ncias. Gabriela Casabona Dermatologista Especialista em Alergias em S\u00e3o Paulo. Telefone: 11 3668-5910 ou 11 3661-9502","breadcrumb":{"@id":"https:\/\/www.dravivianloureiro.com.br\/blog\/alergias\/#breadcrumb"},"inLanguage":"pt-BR","potentialAction":[{"@type":"ReadAction","target":["https:\/\/www.dravivianloureiro.com.br\/blog\/alergias\/"]}]},{"@type":"BreadcrumbList","@id":"https:\/\/www.dravivianloureiro.com.br\/blog\/alergias\/#breadcrumb","itemListElement":[{"@type":"ListItem","position":1,"name":"In\u00edcio","item":"https:\/\/www.dravivianloureiro.com.br\/blog\/"},{"@type":"ListItem","position":2,"name":"Alergias"}]},{"@type":"WebSite","@id":"https:\/\/www.dravivianloureiro.com.br\/blog\/#website","url":"https:\/\/www.dravivianloureiro.com.br\/blog\/","name":"Dermatologista Vivian Loureiro","description":"","publisher":{"@id":"https:\/\/www.dravivianloureiro.com.br\/blog\/#organization"},"potentialAction":[{"@type":"SearchAction","target":{"@type":"EntryPoint","urlTemplate":"https:\/\/www.dravivianloureiro.com.br\/blog\/?s={search_term_string}"},"query-input":"required name=search_term_string"}],"inLanguage":"pt-BR"},{"@type":"Organization","@id":"https:\/\/www.dravivianloureiro.com.br\/blog\/#organization","name":"Dra. Vivian Loureiro - Dermatologista Em S\u00e3o Paulo","url":"https:\/\/www.dravivianloureiro.com.br\/blog\/","logo":{"@type":"ImageObject","inLanguage":"pt-BR","@id":"https:\/\/www.dravivianloureiro.com.br\/blog\/#\/schema\/logo\/image\/","url":"https:\/\/www.dravivianloureiro.com.br\/blog\/wp-content\/uploads\/2018\/08\/favicon.jpg","contentUrl":"https:\/\/www.dravivianloureiro.com.br\/blog\/wp-content\/uploads\/2018\/08\/favicon.jpg","width":112,"height":112,"caption":"Dra. Vivian Loureiro - Dermatologista Em S\u00e3o Paulo"},"image":{"@id":"https:\/\/www.dravivianloureiro.com.br\/blog\/#\/schema\/logo\/image\/"},"sameAs":["https:\/\/pt-br.facebook.com\/vivianloureirodermatologia\/","https:\/\/www.instagram.com\/vivianloureirodermatologia\/","https:\/\/www.linkedin.com\/in\/vivian-barzi-loureiro-a6412887\/"]},{"@type":"Person","@id":"https:\/\/www.dravivianloureiro.com.br\/blog\/#\/schema\/person\/f6272c0e48dae4364ef626c598c5cb84","name":"Vivian Loureiro","image":{"@type":"ImageObject","inLanguage":"pt-BR","@id":"https:\/\/www.dravivianloureiro.com.br\/blog\/#\/schema\/person\/image\/","url":"https:\/\/secure.gravatar.com\/avatar\/8ee2b0fae98657240c77e822ae139ad3?s=96&d=wp_user_avatar&r=g","contentUrl":"https:\/\/secure.gravatar.com\/avatar\/8ee2b0fae98657240c77e822ae139ad3?s=96&d=wp_user_avatar&r=g","caption":"Vivian Loureiro"},"description":"M\u00e9dica formada pela Universidade de S\u00e3o Paulo (USP). Realizou resid\u00eancia m\u00e9dica em Dermatologia e complementa\u00e7\u00e3o em Cosmiatria e Laser pelo departamento de Dermatologia do Hospital das Cl\u00ednicas da Faculdade de Medicina da Universidade de S\u00e3o Paulo (USP). Possui t\u00edtulo de especialista em Dermatologia. \u00c9 membro da Sociedade Brasileira de Dermatologia (SBD) e Sociedade Brasileira de Cirurgia Dermatol\u00f3gica (SBCD) e m\u00e9dica do grupo Fleury. Atua nas \u00e1reas de Dermatologia Cl\u00ednica, Cir\u00fargica, Pedi\u00e1trica e Est\u00e9tica. Frequenta e palestra nos principais cursos e congressos de dermatologia, nacionais e internacionais, a fim de se manter em constante atualiza\u00e7\u00e3o.","sameAs":["https:\/\/www.dravivianloureiro.com.br\/","https:\/\/pt-br.facebook.com\/vivianloureirodermatologia\/","https:\/\/www.instagram.com\/vivianloureirodermatologia\/","https:\/\/www.linkedin.com\/in\/vivian-barzi-loureiro-a6412887\/"]}]}},"amp_enabled":true,"_links":{"self":[{"href":"https:\/\/www.dravivianloureiro.com.br\/blog\/wp-json\/wp\/v2\/posts\/35"}],"collection":[{"href":"https:\/\/www.dravivianloureiro.com.br\/blog\/wp-json\/wp\/v2\/posts"}],"about":[{"href":"https:\/\/www.dravivianloureiro.com.br\/blog\/wp-json\/wp\/v2\/types\/post"}],"author":[{"embeddable":true,"href":"https:\/\/www.dravivianloureiro.com.br\/blog\/wp-json\/wp\/v2\/users\/1"}],"replies":[{"embeddable":true,"href":"https:\/\/www.dravivianloureiro.com.br\/blog\/wp-json\/wp\/v2\/comments?post=35"}],"version-history":[{"count":0,"href":"https:\/\/www.dravivianloureiro.com.br\/blog\/wp-json\/wp\/v2\/posts\/35\/revisions"}],"wp:featuredmedia":[{"embeddable":true,"href":"https:\/\/www.dravivianloureiro.com.br\/blog\/wp-json\/"}],"wp:attachment":[{"href":"https:\/\/www.dravivianloureiro.com.br\/blog\/wp-json\/wp\/v2\/media?parent=35"}],"wp:term":[{"taxonomy":"category","embeddable":true,"href":"https:\/\/www.dravivianloureiro.com.br\/blog\/wp-json\/wp\/v2\/categories?post=35"},{"taxonomy":"post_tag","embeddable":true,"href":"https:\/\/www.dravivianloureiro.com.br\/blog\/wp-json\/wp\/v2\/tags?post=35"}],"curies":[{"name":"wp","href":"https:\/\/api.w.org\/{rel}","templated":true}]}}