{"id":3429,"date":"2013-01-14T18:30:04","date_gmt":"2013-01-14T18:30:04","guid":{"rendered":"http:\/\/www.gabrielacasabona.com.br\/blog\/?p=333"},"modified":"2013-01-14T18:30:04","modified_gmt":"2013-01-14T18:30:04","slug":"saiba-quando-o-suor-excessivo-e-considerado-doenca","status":"publish","type":"post","link":"https:\/\/www.dravivianloureiro.com.br\/blog\/saiba-quando-o-suor-excessivo-e-considerado-doenca\/","title":{"rendered":"Saiba quando o suor excessivo \u00e9 considerado doen\u00e7a"},"content":{"rendered":"<p class=\"estimated-read-time\">Tempo de leitura:<small> 4 minutos<\/small><\/p> <p>Levantar os bra\u00e7os para dar um abra\u00e7o ou estender as m\u00e3os para um cumprimento s\u00e3o atitudes simples que praticamos sem\u00a0pensar. Mas para quem transpira demais, essas circunst\u00e2ncias causam embara\u00e7o, e podem at\u00e9 comprometer a vida social e profissional. Segundo os especialistas, higiene adequada, roupas leves, desodorantes de boa proced\u00eancia e camisetas debaixo das roupas s\u00e3o estrat\u00e9gias que minimizam o problema, mas nem sempre s\u00e3o eficazes. Quando o suor \u00e9 excessivo, o indicado \u00e9 cirurgia.<\/p>\n<p>O empres\u00e1rio Vicente de Luca conta que transpira muito, e seu ponto fraco s\u00e3o os p\u00e9s. Por\u00e9m, a situa\u00e7\u00e3o mais desagrad\u00e1vel que vivenciou teve como causa uma roupa inadequada que usou numa festa. \u201cA temperatura ambiente era elevada, e ap\u00f3s a primeira ta\u00e7a de vinho, comecei a suar nas pernas e nos gl\u00fateos. A cal\u00e7a era bege e feita de um tecido fino. As manchas de suor eram facilmente notadas. Olhando de longe, parecia bebida derramada. Eu n\u00e3o podia me movimentar, nem sentar, pois corria o risco de molh\u00e1-la ainda mais. Constrangido, resolvi ir embora\u201d.<\/p>\n<p>J\u00e1 a estudante de publicidade T\u00e2nia Zaidan diz que seu drama s\u00e3o as famosas &#8216;pizzinhas&#8217;, as marcas de suor deixadas pelas axilas. \u201cSuar demais me incomoda porque n\u00e3o posso usar roupas coloridas: a transpira\u00e7\u00e3o \u00e9 logo percebida. Por isso, sou obrigada a usar preto ou branco, mas isso nem sempre funciona. Dependendo do tecido, essas cores tamb\u00e9m revelam manchas do mix desodorante\/suor. No ver\u00e3o, a sa\u00edda \u00e9 usar camisetas cavadas que deixam as axilas longe da roupa. No final, fui aprendendo a conviver com o problema\u201d.<\/p>\n<p>Apesar desses inconvenientes, transpirar \u00e9 fundamental para o controle da temperatura interna do organismo. \u201cQuando ela aumenta, mecanismos cerebrais estimulam a perspira\u00e7\u00e3o para que a \u00e1gua evapore e alivie a sensa\u00e7\u00e3o de calor\u201d, explica o professor de Cirurgia Tor\u00e1cica Jos\u00e9 Ribas Milanez de Campos, da Faculdade de Medicina da Universidade de S\u00e3o Paulo, e m\u00e9dico do Hospital Israelita Albert Einstein. \u201cO fen\u00f4meno \u00e9 involunt\u00e1rio e determinado pelo sistema nervoso aut\u00f4nomo, o mesmo que controla os batimentos card\u00edacos e os ritmos da respira\u00e7\u00e3o\u201d, diz.<\/p>\n<h2>Hiperidrose<\/h2>\n<p>Mas quanto suor \u00e9 considerado excessivo? Coelho fala que existem escalas pr\u00f3prias (sudor\u00edmetros) de medi\u00e7\u00e3o, mas elas somente s\u00e3o utilizadas em pesquisas cient\u00edficas. \u201cAssim, o maior observador \u00e9 o pr\u00f3prio indiv\u00edduo. \u00c9 ele que identificar\u00e1 as \u00e1reas mais afetadas\u201d.<\/p>\n<p>Segundo o especialista, Vicente e T\u00e2nia fazem parte dos 1% a 2,5% da popula\u00e7\u00e3o que t\u00eam sudorese excessiva, tamb\u00e9m conhecida como hiperidrose. \u201cAs partes do corpo mais afetadas s\u00e3o as m\u00e3os (hiperidrose palmar), os p\u00e9s (hiperidrose plantar) e axilas (hiperidrose axilar), e ela ainda pode se manifestar na face e no couro cabeludo (hiperidrose cr\u00e2nio-facial)\u201d.<\/p>\n<p>As causas para esses excessos s\u00e3o desconhecidas, mas sabe-se que a quantidade da transpira\u00e7\u00e3o \u00e9 uma caracter\u00edstica individual ligada a condi\u00e7\u00f5es como temperatura e umidade externas, atividade f\u00edsica, fatores psicol\u00f3gicos, gen\u00e9tica, al\u00e9m do consumo de \u00e1lcool, cafe\u00edna, drogas il\u00edcitas ou medicamentos.<\/p>\n<p>Gabriela Casabona, dermatologista do Hospital Samaritano de S\u00e3o Paulo, aponta o metabolismo acelerado como outro fator desencadeante, pois uma de suas caracter\u00edsticas \u00e9 o aumento da temperatura corporal. Al\u00e9m disso, \u201cdoen\u00e7as espec\u00edficas como obesidade, menopausa, altera\u00e7\u00f5es end\u00f3crinas ou neurol\u00f3gicas (disfun\u00e7\u00f5es do sistema nervoso), tamb\u00e9m podem ter o excesso de suor como sintoma\u201d, completa.<\/p>\n<h2>Gl\u00e2ndulas e Odores<\/h2>\n<p>N\u00e3o bastassem os problemas est\u00e9ticos e sociais, as gl\u00e2ndulas sudor\u00edparas envolvidas no processo (\u00e9crinas e ap\u00f3crinas), podem trazer mais inc\u00f4modos: a bromidrose, isto \u00e9, o odor desagrad\u00e1vel. As primeiras, s\u00e3o respons\u00e1veis pelo suor flu\u00eddo, em geral inodoro e de distribui\u00e7\u00e3o mais generalizada. As segundas surgem ap\u00f3s a puberdade e se restringem \u00e0s axilas, regi\u00f5es periumbelical, anogenital, perimamilar, prep\u00facio e escroto, e produzem uma secre\u00e7\u00e3o de aspecto leitoso, sem odor ou de odor suave.<\/p>\n<p>\u201cO cheiro das regi\u00f5es axilares s\u00e3o mais evidentes por causa da flora bacteriana local, que associa bact\u00e9rias e fungos ao suor\u201d, fala o m\u00e9dico Marlos de Souza Coelho, professor titular de cirurgia e chefe de cirurgia tor\u00e1cica e endoscopia respirat\u00f3ria da Pontif\u00edcia Universidade Cat\u00f3lica do Paran\u00e1. \u201cN\u00f3s p\u00e9s, h\u00e1 ainda a umidade, que pode ser muito inc\u00f4moda e de dif\u00edcil controle\u201d.<\/p>\n<p>Casabona acrescenta que esse odor caracter\u00edstico \u00e9 tamb\u00e9m o resultado da composi\u00e7\u00e3o qu\u00edmica do suor. \u201cFormado por 99% de \u00e1gua, nele tamb\u00e9m encontramos alguns sais minerais, cloreto de s\u00f3dio, e subst\u00e2ncias t\u00f3xicas como a ureia que, apesar da pequena quantidade, \u00e9 respons\u00e1vel pelo cheiro desagrad\u00e1vel\u201d.<\/p>\n<p>Esta mat\u00e9ria contou com a colabora\u00e7\u00e3o da Dra Gabriela Casabona.<\/p>\n<p>Link: \u00a0<a href=\"http:\/\/noticias.uol.com.br\/ciencia\/ultimas-noticias\/redacao\/2010\/07\/22\/saiba-quando-o-suor-excessivo-e-considerado-doenca.htm\" target=\"_blank\" rel=\"noopener\">http:\/\/noticias.uol.com.br\/ciencia\/ultimas-noticias\/redacao\/2010\/07\/22\/saiba-quando-o-suor-excessivo-e-considerado-doenca.htm<\/a><\/p>\n","protected":false},"excerpt":{"rendered":"<p><small> 4 minutos<\/small> Levantar os bra\u00e7os para dar um abra\u00e7o ou estender as m\u00e3os para um cumprimento s\u00e3o atitudes simples que praticamos sem\u00a0pensar. Mas para quem transpira demais, essas circunst\u00e2ncias causam embara\u00e7o, e podem at\u00e9 comprometer a vida social e profissional. Segundo os especialistas, higiene adequada, roupas leves, desodorantes de boa proced\u00eancia e camisetas debaixo das roupas s\u00e3o estrat\u00e9gias que minimizam o problema, mas nem sempre s\u00e3o eficazes. Quando o suor \u00e9 excessivo, o indicado \u00e9 cirurgia. O empres\u00e1rio Vicente de Luca conta que transpira <a href=\"https:\/\/www.dravivianloureiro.com.br\/blog\/saiba-quando-o-suor-excessivo-e-considerado-doenca\/\" class=\"more-link\"><span>Continue lendo<\/span>\u2192<\/a><\/p>\n","protected":false},"author":1,"featured_media":4298,"comment_status":"open","ping_status":"open","sticky":false,"template":"","format":"standard","meta":[],"categories":[387,363],"tags":[498,144,146],"yoast_head":"<!-- This site is optimized with the Yoast SEO plugin v20.6 - https:\/\/yoast.com\/wordpress\/plugins\/seo\/ -->\n<title>Quando o Suor Excessivo \u00e9 Considerado Doen\u00e7a? - Beauty Beyond Skin Dermatologia Especializada em Suor Excessivo<\/title>\n<meta name=\"description\" content=\"Higiene adequada, roupas leves, desodorantes s\u00e3o estrat\u00e9gias que minimizam o problema, nem sempre s\u00e3o eficazes. Quando suor excessivo, indicado \u00e9 cirurgia. Dra Gabriela Casabona \u00e9 Dermatologista Especialista em Suor Excessivo em S\u00e3o Paulo - tel: +55 11 3668-5910 - R. Dr Veiga Filho, 350 \u2013 1 andar Higien\u00f3polis.\" \/>\n<meta name=\"robots\" content=\"index, follow, max-snippet:-1, max-image-preview:large, max-video-preview:-1\" \/>\n<link rel=\"canonical\" href=\"https:\/\/www.dravivianloureiro.com.br\/blog\/saiba-quando-o-suor-excessivo-e-considerado-doenca\/\" \/>\n<meta property=\"og:locale\" content=\"pt_BR\" \/>\n<meta property=\"og:type\" content=\"article\" \/>\n<meta property=\"og:title\" content=\"Quando o Suor Excessivo \u00e9 Considerado Doen\u00e7a? - Beauty Beyond Skin Dermatologia Especializada em Suor Excessivo\" \/>\n<meta property=\"og:description\" content=\"Higiene adequada, roupas leves, desodorantes s\u00e3o estrat\u00e9gias que minimizam o problema, nem sempre s\u00e3o eficazes. Quando suor excessivo, indicado \u00e9 cirurgia. Dra Gabriela Casabona \u00e9 Dermatologista Especialista em Suor Excessivo em S\u00e3o Paulo - tel: +55 11 3668-5910 - R. Dr Veiga Filho, 350 \u2013 1 andar Higien\u00f3polis.\" \/>\n<meta property=\"og:url\" content=\"https:\/\/www.dravivianloureiro.com.br\/blog\/saiba-quando-o-suor-excessivo-e-considerado-doenca\/\" \/>\n<meta property=\"og:site_name\" content=\"Dra. Vivian Loureiro\" \/>\n<meta property=\"article:publisher\" content=\"https:\/\/pt-br.facebook.com\/vivianloureirodermatologia\/\" \/>\n<meta property=\"article:author\" content=\"https:\/\/pt-br.facebook.com\/vivianloureirodermatologia\/\" \/>\n<meta property=\"article:published_time\" content=\"2013-01-14T18:30:04+00:00\" \/>\n<meta name=\"author\" content=\"Vivian Loureiro\" \/>\n<meta name=\"twitter:card\" content=\"summary_large_image\" \/>\n<meta name=\"twitter:label1\" content=\"Escrito por\" \/>\n\t<meta name=\"twitter:data1\" content=\"Vivian Loureiro\" \/>\n\t<meta name=\"twitter:label2\" content=\"Est. tempo de leitura\" \/>\n\t<meta name=\"twitter:data2\" content=\"4 minutos\" \/>\n<script type=\"application\/ld+json\" class=\"yoast-schema-graph\">{\"@context\":\"https:\/\/schema.org\",\"@graph\":[{\"@type\":\"Article\",\"@id\":\"https:\/\/www.dravivianloureiro.com.br\/blog\/saiba-quando-o-suor-excessivo-e-considerado-doenca\/#article\",\"isPartOf\":{\"@id\":\"https:\/\/www.dravivianloureiro.com.br\/blog\/saiba-quando-o-suor-excessivo-e-considerado-doenca\/\"},\"author\":{\"name\":\"Vivian Loureiro\",\"@id\":\"https:\/\/www.dravivianloureiro.com.br\/blog\/#\/schema\/person\/f6272c0e48dae4364ef626c598c5cb84\"},\"headline\":\"Saiba quando o suor excessivo \u00e9 considerado doen\u00e7a\",\"datePublished\":\"2013-01-14T18:30:04+00:00\",\"dateModified\":\"2013-01-14T18:30:04+00:00\",\"mainEntityOfPage\":{\"@id\":\"https:\/\/www.dravivianloureiro.com.br\/blog\/saiba-quando-o-suor-excessivo-e-considerado-doenca\/\"},\"wordCount\":837,\"commentCount\":0,\"publisher\":{\"@id\":\"https:\/\/www.dravivianloureiro.com.br\/blog\/#organization\"},\"keywords\":[\"cirurgia suor excessivo\",\"suor excessivo\",\"tratamento suor\"],\"articleSection\":[\"Axilas\",\"Dicas\"],\"inLanguage\":\"pt-BR\",\"potentialAction\":[{\"@type\":\"CommentAction\",\"name\":\"Comment\",\"target\":[\"https:\/\/www.dravivianloureiro.com.br\/blog\/saiba-quando-o-suor-excessivo-e-considerado-doenca\/#respond\"]}]},{\"@type\":\"WebPage\",\"@id\":\"https:\/\/www.dravivianloureiro.com.br\/blog\/saiba-quando-o-suor-excessivo-e-considerado-doenca\/\",\"url\":\"https:\/\/www.dravivianloureiro.com.br\/blog\/saiba-quando-o-suor-excessivo-e-considerado-doenca\/\",\"name\":\"Quando o Suor Excessivo \u00e9 Considerado Doen\u00e7a? - Beauty Beyond Skin Dermatologia Especializada em Suor Excessivo\",\"isPartOf\":{\"@id\":\"https:\/\/www.dravivianloureiro.com.br\/blog\/#website\"},\"datePublished\":\"2013-01-14T18:30:04+00:00\",\"dateModified\":\"2013-01-14T18:30:04+00:00\",\"description\":\"Higiene adequada, roupas leves, desodorantes s\u00e3o estrat\u00e9gias que minimizam o problema, nem sempre s\u00e3o eficazes. Quando suor excessivo, indicado \u00e9 cirurgia. Dra Gabriela Casabona \u00e9 Dermatologista Especialista em Suor Excessivo em S\u00e3o Paulo - tel: +55 11 3668-5910 - R. Dr Veiga Filho, 350 \u2013 1 andar Higien\u00f3polis.\",\"breadcrumb\":{\"@id\":\"https:\/\/www.dravivianloureiro.com.br\/blog\/saiba-quando-o-suor-excessivo-e-considerado-doenca\/#breadcrumb\"},\"inLanguage\":\"pt-BR\",\"potentialAction\":[{\"@type\":\"ReadAction\",\"target\":[\"https:\/\/www.dravivianloureiro.com.br\/blog\/saiba-quando-o-suor-excessivo-e-considerado-doenca\/\"]}]},{\"@type\":\"BreadcrumbList\",\"@id\":\"https:\/\/www.dravivianloureiro.com.br\/blog\/saiba-quando-o-suor-excessivo-e-considerado-doenca\/#breadcrumb\",\"itemListElement\":[{\"@type\":\"ListItem\",\"position\":1,\"name\":\"In\u00edcio\",\"item\":\"https:\/\/www.dravivianloureiro.com.br\/blog\/\"},{\"@type\":\"ListItem\",\"position\":2,\"name\":\"Saiba quando o suor excessivo \u00e9 considerado doen\u00e7a\"}]},{\"@type\":\"WebSite\",\"@id\":\"https:\/\/www.dravivianloureiro.com.br\/blog\/#website\",\"url\":\"https:\/\/www.dravivianloureiro.com.br\/blog\/\",\"name\":\"Dermatologista Vivian Loureiro\",\"description\":\"\",\"publisher\":{\"@id\":\"https:\/\/www.dravivianloureiro.com.br\/blog\/#organization\"},\"potentialAction\":[{\"@type\":\"SearchAction\",\"target\":{\"@type\":\"EntryPoint\",\"urlTemplate\":\"https:\/\/www.dravivianloureiro.com.br\/blog\/?s={search_term_string}\"},\"query-input\":\"required name=search_term_string\"}],\"inLanguage\":\"pt-BR\"},{\"@type\":\"Organization\",\"@id\":\"https:\/\/www.dravivianloureiro.com.br\/blog\/#organization\",\"name\":\"Dra. Vivian Loureiro - Dermatologista Em S\u00e3o Paulo\",\"url\":\"https:\/\/www.dravivianloureiro.com.br\/blog\/\",\"logo\":{\"@type\":\"ImageObject\",\"inLanguage\":\"pt-BR\",\"@id\":\"https:\/\/www.dravivianloureiro.com.br\/blog\/#\/schema\/logo\/image\/\",\"url\":\"https:\/\/www.dravivianloureiro.com.br\/blog\/wp-content\/uploads\/2018\/08\/favicon.jpg\",\"contentUrl\":\"https:\/\/www.dravivianloureiro.com.br\/blog\/wp-content\/uploads\/2018\/08\/favicon.jpg\",\"width\":112,\"height\":112,\"caption\":\"Dra. Vivian Loureiro - Dermatologista Em S\u00e3o Paulo\"},\"image\":{\"@id\":\"https:\/\/www.dravivianloureiro.com.br\/blog\/#\/schema\/logo\/image\/\"},\"sameAs\":[\"https:\/\/pt-br.facebook.com\/vivianloureirodermatologia\/\",\"https:\/\/www.instagram.com\/vivianloureirodermatologia\/\",\"https:\/\/www.linkedin.com\/in\/vivian-barzi-loureiro-a6412887\/\"]},{\"@type\":\"Person\",\"@id\":\"https:\/\/www.dravivianloureiro.com.br\/blog\/#\/schema\/person\/f6272c0e48dae4364ef626c598c5cb84\",\"name\":\"Vivian Loureiro\",\"image\":{\"@type\":\"ImageObject\",\"inLanguage\":\"pt-BR\",\"@id\":\"https:\/\/www.dravivianloureiro.com.br\/blog\/#\/schema\/person\/image\/\",\"url\":\"https:\/\/secure.gravatar.com\/avatar\/8ee2b0fae98657240c77e822ae139ad3?s=96&d=wp_user_avatar&r=g\",\"contentUrl\":\"https:\/\/secure.gravatar.com\/avatar\/8ee2b0fae98657240c77e822ae139ad3?s=96&d=wp_user_avatar&r=g\",\"caption\":\"Vivian Loureiro\"},\"description\":\"M\u00e9dica formada pela Universidade de S\u00e3o Paulo (USP). Realizou resid\u00eancia m\u00e9dica em Dermatologia e complementa\u00e7\u00e3o em Cosmiatria e Laser pelo departamento de Dermatologia do Hospital das Cl\u00ednicas da Faculdade de Medicina da Universidade de S\u00e3o Paulo (USP). Possui t\u00edtulo de especialista em Dermatologia. \u00c9 membro da Sociedade Brasileira de Dermatologia (SBD) e Sociedade Brasileira de Cirurgia Dermatol\u00f3gica (SBCD) e m\u00e9dica do grupo Fleury. Atua nas \u00e1reas de Dermatologia Cl\u00ednica, Cir\u00fargica, Pedi\u00e1trica e Est\u00e9tica. Frequenta e palestra nos principais cursos e congressos de dermatologia, nacionais e internacionais, a fim de se manter em constante atualiza\u00e7\u00e3o.\",\"sameAs\":[\"https:\/\/www.dravivianloureiro.com.br\/\",\"https:\/\/pt-br.facebook.com\/vivianloureirodermatologia\/\",\"https:\/\/www.instagram.com\/vivianloureirodermatologia\/\",\"https:\/\/www.linkedin.com\/in\/vivian-barzi-loureiro-a6412887\/\"]}]}<\/script>\n<!-- \/ Yoast SEO plugin. -->","yoast_head_json":{"title":"Quando o Suor Excessivo \u00e9 Considerado Doen\u00e7a? - Beauty Beyond Skin Dermatologia Especializada em Suor Excessivo","description":"Higiene adequada, roupas leves, desodorantes s\u00e3o estrat\u00e9gias que minimizam o problema, nem sempre s\u00e3o eficazes. Quando suor excessivo, indicado \u00e9 cirurgia. Dra Gabriela Casabona \u00e9 Dermatologista Especialista em Suor Excessivo em S\u00e3o Paulo - tel: +55 11 3668-5910 - R. Dr Veiga Filho, 350 \u2013 1 andar Higien\u00f3polis.","robots":{"index":"index","follow":"follow","max-snippet":"max-snippet:-1","max-image-preview":"max-image-preview:large","max-video-preview":"max-video-preview:-1"},"canonical":"https:\/\/www.dravivianloureiro.com.br\/blog\/saiba-quando-o-suor-excessivo-e-considerado-doenca\/","og_locale":"pt_BR","og_type":"article","og_title":"Quando o Suor Excessivo \u00e9 Considerado Doen\u00e7a? - Beauty Beyond Skin Dermatologia Especializada em Suor Excessivo","og_description":"Higiene adequada, roupas leves, desodorantes s\u00e3o estrat\u00e9gias que minimizam o problema, nem sempre s\u00e3o eficazes. Quando suor excessivo, indicado \u00e9 cirurgia. Dra Gabriela Casabona \u00e9 Dermatologista Especialista em Suor Excessivo em S\u00e3o Paulo - tel: +55 11 3668-5910 - R. Dr Veiga Filho, 350 \u2013 1 andar Higien\u00f3polis.","og_url":"https:\/\/www.dravivianloureiro.com.br\/blog\/saiba-quando-o-suor-excessivo-e-considerado-doenca\/","og_site_name":"Dra. Vivian Loureiro","article_publisher":"https:\/\/pt-br.facebook.com\/vivianloureirodermatologia\/","article_author":"https:\/\/pt-br.facebook.com\/vivianloureirodermatologia\/","article_published_time":"2013-01-14T18:30:04+00:00","author":"Vivian Loureiro","twitter_card":"summary_large_image","twitter_misc":{"Escrito por":"Vivian Loureiro","Est. tempo de leitura":"4 minutos"},"schema":{"@context":"https:\/\/schema.org","@graph":[{"@type":"Article","@id":"https:\/\/www.dravivianloureiro.com.br\/blog\/saiba-quando-o-suor-excessivo-e-considerado-doenca\/#article","isPartOf":{"@id":"https:\/\/www.dravivianloureiro.com.br\/blog\/saiba-quando-o-suor-excessivo-e-considerado-doenca\/"},"author":{"name":"Vivian Loureiro","@id":"https:\/\/www.dravivianloureiro.com.br\/blog\/#\/schema\/person\/f6272c0e48dae4364ef626c598c5cb84"},"headline":"Saiba quando o suor excessivo \u00e9 considerado doen\u00e7a","datePublished":"2013-01-14T18:30:04+00:00","dateModified":"2013-01-14T18:30:04+00:00","mainEntityOfPage":{"@id":"https:\/\/www.dravivianloureiro.com.br\/blog\/saiba-quando-o-suor-excessivo-e-considerado-doenca\/"},"wordCount":837,"commentCount":0,"publisher":{"@id":"https:\/\/www.dravivianloureiro.com.br\/blog\/#organization"},"keywords":["cirurgia suor excessivo","suor excessivo","tratamento suor"],"articleSection":["Axilas","Dicas"],"inLanguage":"pt-BR","potentialAction":[{"@type":"CommentAction","name":"Comment","target":["https:\/\/www.dravivianloureiro.com.br\/blog\/saiba-quando-o-suor-excessivo-e-considerado-doenca\/#respond"]}]},{"@type":"WebPage","@id":"https:\/\/www.dravivianloureiro.com.br\/blog\/saiba-quando-o-suor-excessivo-e-considerado-doenca\/","url":"https:\/\/www.dravivianloureiro.com.br\/blog\/saiba-quando-o-suor-excessivo-e-considerado-doenca\/","name":"Quando o Suor Excessivo \u00e9 Considerado Doen\u00e7a? - Beauty Beyond Skin Dermatologia Especializada em Suor Excessivo","isPartOf":{"@id":"https:\/\/www.dravivianloureiro.com.br\/blog\/#website"},"datePublished":"2013-01-14T18:30:04+00:00","dateModified":"2013-01-14T18:30:04+00:00","description":"Higiene adequada, roupas leves, desodorantes s\u00e3o estrat\u00e9gias que minimizam o problema, nem sempre s\u00e3o eficazes. Quando suor excessivo, indicado \u00e9 cirurgia. Dra Gabriela Casabona \u00e9 Dermatologista Especialista em Suor Excessivo em S\u00e3o Paulo - tel: +55 11 3668-5910 - R. Dr Veiga Filho, 350 \u2013 1 andar Higien\u00f3polis.","breadcrumb":{"@id":"https:\/\/www.dravivianloureiro.com.br\/blog\/saiba-quando-o-suor-excessivo-e-considerado-doenca\/#breadcrumb"},"inLanguage":"pt-BR","potentialAction":[{"@type":"ReadAction","target":["https:\/\/www.dravivianloureiro.com.br\/blog\/saiba-quando-o-suor-excessivo-e-considerado-doenca\/"]}]},{"@type":"BreadcrumbList","@id":"https:\/\/www.dravivianloureiro.com.br\/blog\/saiba-quando-o-suor-excessivo-e-considerado-doenca\/#breadcrumb","itemListElement":[{"@type":"ListItem","position":1,"name":"In\u00edcio","item":"https:\/\/www.dravivianloureiro.com.br\/blog\/"},{"@type":"ListItem","position":2,"name":"Saiba quando o suor excessivo \u00e9 considerado doen\u00e7a"}]},{"@type":"WebSite","@id":"https:\/\/www.dravivianloureiro.com.br\/blog\/#website","url":"https:\/\/www.dravivianloureiro.com.br\/blog\/","name":"Dermatologista Vivian Loureiro","description":"","publisher":{"@id":"https:\/\/www.dravivianloureiro.com.br\/blog\/#organization"},"potentialAction":[{"@type":"SearchAction","target":{"@type":"EntryPoint","urlTemplate":"https:\/\/www.dravivianloureiro.com.br\/blog\/?s={search_term_string}"},"query-input":"required name=search_term_string"}],"inLanguage":"pt-BR"},{"@type":"Organization","@id":"https:\/\/www.dravivianloureiro.com.br\/blog\/#organization","name":"Dra. Vivian Loureiro - Dermatologista Em S\u00e3o Paulo","url":"https:\/\/www.dravivianloureiro.com.br\/blog\/","logo":{"@type":"ImageObject","inLanguage":"pt-BR","@id":"https:\/\/www.dravivianloureiro.com.br\/blog\/#\/schema\/logo\/image\/","url":"https:\/\/www.dravivianloureiro.com.br\/blog\/wp-content\/uploads\/2018\/08\/favicon.jpg","contentUrl":"https:\/\/www.dravivianloureiro.com.br\/blog\/wp-content\/uploads\/2018\/08\/favicon.jpg","width":112,"height":112,"caption":"Dra. Vivian Loureiro - Dermatologista Em S\u00e3o Paulo"},"image":{"@id":"https:\/\/www.dravivianloureiro.com.br\/blog\/#\/schema\/logo\/image\/"},"sameAs":["https:\/\/pt-br.facebook.com\/vivianloureirodermatologia\/","https:\/\/www.instagram.com\/vivianloureirodermatologia\/","https:\/\/www.linkedin.com\/in\/vivian-barzi-loureiro-a6412887\/"]},{"@type":"Person","@id":"https:\/\/www.dravivianloureiro.com.br\/blog\/#\/schema\/person\/f6272c0e48dae4364ef626c598c5cb84","name":"Vivian Loureiro","image":{"@type":"ImageObject","inLanguage":"pt-BR","@id":"https:\/\/www.dravivianloureiro.com.br\/blog\/#\/schema\/person\/image\/","url":"https:\/\/secure.gravatar.com\/avatar\/8ee2b0fae98657240c77e822ae139ad3?s=96&d=wp_user_avatar&r=g","contentUrl":"https:\/\/secure.gravatar.com\/avatar\/8ee2b0fae98657240c77e822ae139ad3?s=96&d=wp_user_avatar&r=g","caption":"Vivian Loureiro"},"description":"M\u00e9dica formada pela Universidade de S\u00e3o Paulo (USP). Realizou resid\u00eancia m\u00e9dica em Dermatologia e complementa\u00e7\u00e3o em Cosmiatria e Laser pelo departamento de Dermatologia do Hospital das Cl\u00ednicas da Faculdade de Medicina da Universidade de S\u00e3o Paulo (USP). Possui t\u00edtulo de especialista em Dermatologia. \u00c9 membro da Sociedade Brasileira de Dermatologia (SBD) e Sociedade Brasileira de Cirurgia Dermatol\u00f3gica (SBCD) e m\u00e9dica do grupo Fleury. Atua nas \u00e1reas de Dermatologia Cl\u00ednica, Cir\u00fargica, Pedi\u00e1trica e Est\u00e9tica. Frequenta e palestra nos principais cursos e congressos de dermatologia, nacionais e internacionais, a fim de se manter em constante atualiza\u00e7\u00e3o.","sameAs":["https:\/\/www.dravivianloureiro.com.br\/","https:\/\/pt-br.facebook.com\/vivianloureirodermatologia\/","https:\/\/www.instagram.com\/vivianloureirodermatologia\/","https:\/\/www.linkedin.com\/in\/vivian-barzi-loureiro-a6412887\/"]}]}},"amp_enabled":true,"_links":{"self":[{"href":"https:\/\/www.dravivianloureiro.com.br\/blog\/wp-json\/wp\/v2\/posts\/3429"}],"collection":[{"href":"https:\/\/www.dravivianloureiro.com.br\/blog\/wp-json\/wp\/v2\/posts"}],"about":[{"href":"https:\/\/www.dravivianloureiro.com.br\/blog\/wp-json\/wp\/v2\/types\/post"}],"author":[{"embeddable":true,"href":"https:\/\/www.dravivianloureiro.com.br\/blog\/wp-json\/wp\/v2\/users\/1"}],"replies":[{"embeddable":true,"href":"https:\/\/www.dravivianloureiro.com.br\/blog\/wp-json\/wp\/v2\/comments?post=3429"}],"version-history":[{"count":0,"href":"https:\/\/www.dravivianloureiro.com.br\/blog\/wp-json\/wp\/v2\/posts\/3429\/revisions"}],"wp:featuredmedia":[{"embeddable":true,"href":"https:\/\/www.dravivianloureiro.com.br\/blog\/wp-json\/"}],"wp:attachment":[{"href":"https:\/\/www.dravivianloureiro.com.br\/blog\/wp-json\/wp\/v2\/media?parent=3429"}],"wp:term":[{"taxonomy":"category","embeddable":true,"href":"https:\/\/www.dravivianloureiro.com.br\/blog\/wp-json\/wp\/v2\/categories?post=3429"},{"taxonomy":"post_tag","embeddable":true,"href":"https:\/\/www.dravivianloureiro.com.br\/blog\/wp-json\/wp\/v2\/tags?post=3429"}],"curies":[{"name":"wp","href":"https:\/\/api.w.org\/{rel}","templated":true}]}}