{"id":3428,"date":"2013-01-11T14:02:54","date_gmt":"2013-01-11T14:02:54","guid":{"rendered":"http:\/\/www.gabrielacasabona.com.br\/blog\/?p=320"},"modified":"2013-01-11T14:02:54","modified_gmt":"2013-01-11T14:02:54","slug":"doencas-de-verao","status":"publish","type":"post","link":"https:\/\/www.dravivianloureiro.com.br\/blog\/doencas-de-verao\/","title":{"rendered":"Doen\u00e7as de ver\u00e3o"},"content":{"rendered":"<p class=\"estimated-read-time\">Tempo de leitura:<small> 3 minutos<\/small><\/p> <h2><span style=\"color: #000000;\">Fique atenta aos \u201cprobleminhas\u201d que podem atrapalhar seus dias de descanso. Por isso, previna-se!<\/span><\/h2>\n<p>Na esta\u00e7\u00e3o mais quente do ano ficamos doidas para ir pra praia tomar \u00e1gua de coco, entrar no mar, caminhar na areia e tomar um pouquinho de sol. Aproveitar tudo isso \u00e9 muito bom, mas \u00e9 preciso ficar atenta \u00e0s doen\u00e7as que pode contrair neste per\u00edodo. A dermatologista Gabriela Casabona, do Hospital Samaritano de S\u00e3o Paulo, listou as mais comuns. Fique de olho e mantenha-se bem longe de cada uma delas.<\/p>\n<h3>Queimadura solar<\/h3>\n<p>\u00c9 provocada pela exposi\u00e7\u00e3o excessiva ao sol. Al\u00e9m da vermelhid\u00e3o na pele, pode causar falta de ar, dor de cabe\u00e7a, n\u00e1useas e tontura, elevar a temperatura do corpo e at\u00e9 mesmo \u00e0 inconsci\u00eancia. Nos casos mais graves, podem acontecer desidrata\u00e7\u00e3o e forma\u00e7\u00e3o de bolhas.<\/p>\n<p><strong><em>Longe de mim<\/em>:<\/strong> evite ficar no sol entre 10h e 16h e no restante do hor\u00e1rio use protetor solar (lembre-se de pass\u00e1-lo 15 minutos antes da exposi\u00e7\u00e3o). \u00c9 aconselhado tamb\u00e9m tomar cerca de 2 a 3 litros de \u00e1gua por dia.<br \/>\n<strong><em>Peguei! E agora?<\/em>:<\/strong> Ao primeiro sinal de insola\u00e7\u00e3o, v\u00e1 para sombra e tome muita \u00e1gua. Dependendo do est\u00e1gio, procure o m\u00e9dico, pois pode haver necessidade de soro. Resfriar o corpo e hidratar a pele s\u00e3o fundamentais.<\/p>\n<h3>Bicho geogr\u00e1fico<\/h3>\n<p>\u00c9 um tipo de pulga, denominada Tunga penetrans que se aloja na pele para alimentar-se do sangue e depositar seus ovos. Ela prefere as regi\u00f5es pr\u00f3ximas as unhas e come\u00e7a com uma leve coceira no local. S\u00f3 contrai a doen\u00e7a quem fica em locais com urina ou fezes de animais.<\/p>\n<p><strong><em>Longe de mim<\/em>:<\/strong> N\u00e3o ande descal\u00e7a em \u00e1reas de risco (a praia \u00e9 um local de risco), principalmente se tiver alguma ferida nos p\u00e9s.<br \/>\n<strong><em>Peguei! E agora?<\/em>:<\/strong> Procure o dermatologista. As compressas de gelo aliviam a coceira.<\/p>\n<h3>Micoses<\/h3>\n<p>A umidade da pele favorece o aparecimento das micoses, que s\u00e3o causadas por fungos (de solo, animais e pele) que podem ser adquiridos na praia ou piscina. Em contato com a pele \u00famida, eles se desenvolvem rapidamente. E como no ver\u00e3o transpiramos mais e ficamos muito tempo com a pele \u00famida, torna-se comum. A doen\u00e7a inicia-se com uma pequena les\u00e3o vermelha, que escama e co\u00e7a.<\/p>\n<p><strong><em>Longe de mim<\/em>:<\/strong> Mantenha os p\u00e9s, unhas e m\u00e3os sempre secos e tome cuidado com locais como saunas e piscinas. N\u00e3o compartilhar roupas de banho e tirar o biqu\u00edni assim que chegar em casa \u00e9 mais do que recomendado.<br \/>\n<strong><em>Peguei! E agora?<\/em>:<\/strong> Procure um dermatologista, ele vai indicar o medicamento correto para o seu caso. As vezes uma pomadinha \u00e9 suficiente.<\/p>\n<h3>Acne<\/h3>\n<p>Durante o ver\u00e3o a oleosidade da pele aumenta, o que favorece o surgimento de acne, que \u00e9 caracterizada pela inflama\u00e7\u00e3o dos fol\u00edculos pilosseb\u00e1ceos, que s\u00e3o os &#8220;poros&#8221; existentes na pele. Al\u00e9m disso, a exposi\u00e7\u00e3o solar, em um primeiro momento, pode at\u00e9 melhorar o aspecto, por\u00e9m, ap\u00f3s alguns dias, h\u00e1 o aumento da produ\u00e7\u00e3o seb\u00e1cea o que piora o quadro.<\/p>\n<p><strong><em>Longe de mim<\/em>:<\/strong> Evite se expor demais ao sol. Use produtos para regular a oleosidade e protetor solar para pele com tend\u00eancia a acne.<br \/>\n<strong><em>Peguei! E agora?<\/em>:<\/strong> H\u00e1 in\u00fameros cremes que ajudam a limpar os poros e reduzir as acnes. No entanto, mesmo que seu caso n\u00e3o for grave, \u00e9 sempre bom consultar um dermatologista.<\/p>\n<p>Esta mat\u00e9ria contou com a colabora\u00e7\u00e3o da Dra Gabriela Casabona.<\/p>\n<p>Link: <a href=\"http:\/\/revistashape.uol.com.br\/famosas\/880\/materia\/doencas-de-verao\" target=\"_blank\" rel=\"noopener\">http:\/\/revistashape.uol.com.br\/famosas\/880\/materia\/doencas-de-verao<\/a><\/p>\n","protected":false},"excerpt":{"rendered":"<p><small> 3 minutos<\/small> Fique atenta aos \u201cprobleminhas\u201d que podem atrapalhar seus dias de descanso. Por isso, previna-se! Na esta\u00e7\u00e3o mais quente do ano ficamos doidas para ir pra praia tomar \u00e1gua de coco, entrar no mar, caminhar na areia e tomar um pouquinho de sol. Aproveitar tudo isso \u00e9 muito bom, mas \u00e9 preciso ficar atenta \u00e0s doen\u00e7as que pode contrair neste per\u00edodo. A dermatologista Gabriela Casabona, do Hospital Samaritano de S\u00e3o Paulo, listou as mais comuns. Fique de olho e mantenha-se bem longe de <a href=\"https:\/\/www.dravivianloureiro.com.br\/blog\/doencas-de-verao\/\" class=\"more-link\"><span>Continue lendo<\/span>\u2192<\/a><\/p>\n","protected":false},"author":1,"featured_media":3580,"comment_status":"open","ping_status":"open","sticky":false,"template":"","format":"standard","meta":[],"categories":[322,380,363,450,378],"tags":[462,496,497],"yoast_head":"<!-- This site is optimized with the Yoast SEO plugin v20.6 - https:\/\/yoast.com\/wordpress\/plugins\/seo\/ -->\n<title>Doen\u00e7as de ver\u00e3o, previna-se - Gabriela Casabona<\/title>\n<meta name=\"description\" content=\"A Dra Gabriela Casabona listou doen\u00e7as de ver\u00e3o mais comuns. Fique de olho e mantenha-se bem longe de cada uma delas com as dicas da Dra Gabriela Casabona.\" \/>\n<meta name=\"robots\" content=\"index, follow, max-snippet:-1, max-image-preview:large, max-video-preview:-1\" \/>\n<link rel=\"canonical\" href=\"https:\/\/www.dravivianloureiro.com.br\/blog\/doencas-de-verao\/\" \/>\n<meta property=\"og:locale\" content=\"pt_BR\" \/>\n<meta property=\"og:type\" content=\"article\" \/>\n<meta property=\"og:title\" content=\"Doen\u00e7as de ver\u00e3o, previna-se - Gabriela Casabona\" \/>\n<meta property=\"og:description\" content=\"A Dra Gabriela Casabona listou doen\u00e7as de ver\u00e3o mais comuns. Fique de olho e mantenha-se bem longe de cada uma delas com as dicas da Dra Gabriela Casabona.\" \/>\n<meta property=\"og:url\" content=\"https:\/\/www.dravivianloureiro.com.br\/blog\/doencas-de-verao\/\" \/>\n<meta property=\"og:site_name\" content=\"Dra. Vivian Loureiro\" \/>\n<meta property=\"article:publisher\" content=\"https:\/\/pt-br.facebook.com\/vivianloureirodermatologia\/\" \/>\n<meta property=\"article:author\" content=\"https:\/\/pt-br.facebook.com\/vivianloureirodermatologia\/\" \/>\n<meta property=\"article:published_time\" content=\"2013-01-11T14:02:54+00:00\" \/>\n<meta name=\"author\" content=\"Vivian Loureiro\" \/>\n<meta name=\"twitter:card\" content=\"summary_large_image\" \/>\n<meta name=\"twitter:label1\" content=\"Escrito por\" \/>\n\t<meta name=\"twitter:data1\" content=\"Vivian Loureiro\" \/>\n\t<meta name=\"twitter:label2\" content=\"Est. tempo de leitura\" \/>\n\t<meta name=\"twitter:data2\" content=\"3 minutos\" \/>\n<script type=\"application\/ld+json\" class=\"yoast-schema-graph\">{\"@context\":\"https:\/\/schema.org\",\"@graph\":[{\"@type\":\"Article\",\"@id\":\"https:\/\/www.dravivianloureiro.com.br\/blog\/doencas-de-verao\/#article\",\"isPartOf\":{\"@id\":\"https:\/\/www.dravivianloureiro.com.br\/blog\/doencas-de-verao\/\"},\"author\":{\"name\":\"Vivian Loureiro\",\"@id\":\"https:\/\/www.dravivianloureiro.com.br\/blog\/#\/schema\/person\/f6272c0e48dae4364ef626c598c5cb84\"},\"headline\":\"Doen\u00e7as de ver\u00e3o\",\"datePublished\":\"2013-01-11T14:02:54+00:00\",\"dateModified\":\"2013-01-11T14:02:54+00:00\",\"mainEntityOfPage\":{\"@id\":\"https:\/\/www.dravivianloureiro.com.br\/blog\/doencas-de-verao\/\"},\"wordCount\":602,\"commentCount\":0,\"publisher\":{\"@id\":\"https:\/\/www.dravivianloureiro.com.br\/blog\/#organization\"},\"keywords\":[\"dicas de ver\u00e3o\",\"doen\u00e7as de ver\u00e3o\",\"queimadura solar\"],\"articleSection\":[\"Acne\",\"Alergias\",\"Dicas\",\"Doen\u00e7as da Pele\",\"Prote\u00e7\u00e3o Solar\"],\"inLanguage\":\"pt-BR\",\"potentialAction\":[{\"@type\":\"CommentAction\",\"name\":\"Comment\",\"target\":[\"https:\/\/www.dravivianloureiro.com.br\/blog\/doencas-de-verao\/#respond\"]}]},{\"@type\":\"WebPage\",\"@id\":\"https:\/\/www.dravivianloureiro.com.br\/blog\/doencas-de-verao\/\",\"url\":\"https:\/\/www.dravivianloureiro.com.br\/blog\/doencas-de-verao\/\",\"name\":\"Doen\u00e7as de ver\u00e3o, previna-se - Gabriela Casabona\",\"isPartOf\":{\"@id\":\"https:\/\/www.dravivianloureiro.com.br\/blog\/#website\"},\"datePublished\":\"2013-01-11T14:02:54+00:00\",\"dateModified\":\"2013-01-11T14:02:54+00:00\",\"description\":\"A Dra Gabriela Casabona listou doen\u00e7as de ver\u00e3o mais comuns. Fique de olho e mantenha-se bem longe de cada uma delas com as dicas da Dra Gabriela Casabona.\",\"breadcrumb\":{\"@id\":\"https:\/\/www.dravivianloureiro.com.br\/blog\/doencas-de-verao\/#breadcrumb\"},\"inLanguage\":\"pt-BR\",\"potentialAction\":[{\"@type\":\"ReadAction\",\"target\":[\"https:\/\/www.dravivianloureiro.com.br\/blog\/doencas-de-verao\/\"]}]},{\"@type\":\"BreadcrumbList\",\"@id\":\"https:\/\/www.dravivianloureiro.com.br\/blog\/doencas-de-verao\/#breadcrumb\",\"itemListElement\":[{\"@type\":\"ListItem\",\"position\":1,\"name\":\"In\u00edcio\",\"item\":\"https:\/\/www.dravivianloureiro.com.br\/blog\/\"},{\"@type\":\"ListItem\",\"position\":2,\"name\":\"Doen\u00e7as de ver\u00e3o\"}]},{\"@type\":\"WebSite\",\"@id\":\"https:\/\/www.dravivianloureiro.com.br\/blog\/#website\",\"url\":\"https:\/\/www.dravivianloureiro.com.br\/blog\/\",\"name\":\"Dermatologista Vivian Loureiro\",\"description\":\"\",\"publisher\":{\"@id\":\"https:\/\/www.dravivianloureiro.com.br\/blog\/#organization\"},\"potentialAction\":[{\"@type\":\"SearchAction\",\"target\":{\"@type\":\"EntryPoint\",\"urlTemplate\":\"https:\/\/www.dravivianloureiro.com.br\/blog\/?s={search_term_string}\"},\"query-input\":\"required name=search_term_string\"}],\"inLanguage\":\"pt-BR\"},{\"@type\":\"Organization\",\"@id\":\"https:\/\/www.dravivianloureiro.com.br\/blog\/#organization\",\"name\":\"Dra. Vivian Loureiro - Dermatologista Em S\u00e3o Paulo\",\"url\":\"https:\/\/www.dravivianloureiro.com.br\/blog\/\",\"logo\":{\"@type\":\"ImageObject\",\"inLanguage\":\"pt-BR\",\"@id\":\"https:\/\/www.dravivianloureiro.com.br\/blog\/#\/schema\/logo\/image\/\",\"url\":\"https:\/\/www.dravivianloureiro.com.br\/blog\/wp-content\/uploads\/2018\/08\/favicon.jpg\",\"contentUrl\":\"https:\/\/www.dravivianloureiro.com.br\/blog\/wp-content\/uploads\/2018\/08\/favicon.jpg\",\"width\":112,\"height\":112,\"caption\":\"Dra. Vivian Loureiro - Dermatologista Em S\u00e3o Paulo\"},\"image\":{\"@id\":\"https:\/\/www.dravivianloureiro.com.br\/blog\/#\/schema\/logo\/image\/\"},\"sameAs\":[\"https:\/\/pt-br.facebook.com\/vivianloureirodermatologia\/\",\"https:\/\/www.instagram.com\/vivianloureirodermatologia\/\",\"https:\/\/www.linkedin.com\/in\/vivian-barzi-loureiro-a6412887\/\"]},{\"@type\":\"Person\",\"@id\":\"https:\/\/www.dravivianloureiro.com.br\/blog\/#\/schema\/person\/f6272c0e48dae4364ef626c598c5cb84\",\"name\":\"Vivian Loureiro\",\"image\":{\"@type\":\"ImageObject\",\"inLanguage\":\"pt-BR\",\"@id\":\"https:\/\/www.dravivianloureiro.com.br\/blog\/#\/schema\/person\/image\/\",\"url\":\"https:\/\/secure.gravatar.com\/avatar\/8ee2b0fae98657240c77e822ae139ad3?s=96&d=wp_user_avatar&r=g\",\"contentUrl\":\"https:\/\/secure.gravatar.com\/avatar\/8ee2b0fae98657240c77e822ae139ad3?s=96&d=wp_user_avatar&r=g\",\"caption\":\"Vivian Loureiro\"},\"description\":\"M\u00e9dica formada pela Universidade de S\u00e3o Paulo (USP). Realizou resid\u00eancia m\u00e9dica em Dermatologia e complementa\u00e7\u00e3o em Cosmiatria e Laser pelo departamento de Dermatologia do Hospital das Cl\u00ednicas da Faculdade de Medicina da Universidade de S\u00e3o Paulo (USP). Possui t\u00edtulo de especialista em Dermatologia. \u00c9 membro da Sociedade Brasileira de Dermatologia (SBD) e Sociedade Brasileira de Cirurgia Dermatol\u00f3gica (SBCD) e m\u00e9dica do grupo Fleury. Atua nas \u00e1reas de Dermatologia Cl\u00ednica, Cir\u00fargica, Pedi\u00e1trica e Est\u00e9tica. Frequenta e palestra nos principais cursos e congressos de dermatologia, nacionais e internacionais, a fim de se manter em constante atualiza\u00e7\u00e3o.\",\"sameAs\":[\"https:\/\/www.dravivianloureiro.com.br\/\",\"https:\/\/pt-br.facebook.com\/vivianloureirodermatologia\/\",\"https:\/\/www.instagram.com\/vivianloureirodermatologia\/\",\"https:\/\/www.linkedin.com\/in\/vivian-barzi-loureiro-a6412887\/\"]}]}<\/script>\n<!-- \/ Yoast SEO plugin. -->","yoast_head_json":{"title":"Doen\u00e7as de ver\u00e3o, previna-se - Gabriela Casabona","description":"A Dra Gabriela Casabona listou doen\u00e7as de ver\u00e3o mais comuns. Fique de olho e mantenha-se bem longe de cada uma delas com as dicas da Dra Gabriela Casabona.","robots":{"index":"index","follow":"follow","max-snippet":"max-snippet:-1","max-image-preview":"max-image-preview:large","max-video-preview":"max-video-preview:-1"},"canonical":"https:\/\/www.dravivianloureiro.com.br\/blog\/doencas-de-verao\/","og_locale":"pt_BR","og_type":"article","og_title":"Doen\u00e7as de ver\u00e3o, previna-se - Gabriela Casabona","og_description":"A Dra Gabriela Casabona listou doen\u00e7as de ver\u00e3o mais comuns. Fique de olho e mantenha-se bem longe de cada uma delas com as dicas da Dra Gabriela Casabona.","og_url":"https:\/\/www.dravivianloureiro.com.br\/blog\/doencas-de-verao\/","og_site_name":"Dra. Vivian Loureiro","article_publisher":"https:\/\/pt-br.facebook.com\/vivianloureirodermatologia\/","article_author":"https:\/\/pt-br.facebook.com\/vivianloureirodermatologia\/","article_published_time":"2013-01-11T14:02:54+00:00","author":"Vivian Loureiro","twitter_card":"summary_large_image","twitter_misc":{"Escrito por":"Vivian Loureiro","Est. tempo de leitura":"3 minutos"},"schema":{"@context":"https:\/\/schema.org","@graph":[{"@type":"Article","@id":"https:\/\/www.dravivianloureiro.com.br\/blog\/doencas-de-verao\/#article","isPartOf":{"@id":"https:\/\/www.dravivianloureiro.com.br\/blog\/doencas-de-verao\/"},"author":{"name":"Vivian Loureiro","@id":"https:\/\/www.dravivianloureiro.com.br\/blog\/#\/schema\/person\/f6272c0e48dae4364ef626c598c5cb84"},"headline":"Doen\u00e7as de ver\u00e3o","datePublished":"2013-01-11T14:02:54+00:00","dateModified":"2013-01-11T14:02:54+00:00","mainEntityOfPage":{"@id":"https:\/\/www.dravivianloureiro.com.br\/blog\/doencas-de-verao\/"},"wordCount":602,"commentCount":0,"publisher":{"@id":"https:\/\/www.dravivianloureiro.com.br\/blog\/#organization"},"keywords":["dicas de ver\u00e3o","doen\u00e7as de ver\u00e3o","queimadura solar"],"articleSection":["Acne","Alergias","Dicas","Doen\u00e7as da Pele","Prote\u00e7\u00e3o Solar"],"inLanguage":"pt-BR","potentialAction":[{"@type":"CommentAction","name":"Comment","target":["https:\/\/www.dravivianloureiro.com.br\/blog\/doencas-de-verao\/#respond"]}]},{"@type":"WebPage","@id":"https:\/\/www.dravivianloureiro.com.br\/blog\/doencas-de-verao\/","url":"https:\/\/www.dravivianloureiro.com.br\/blog\/doencas-de-verao\/","name":"Doen\u00e7as de ver\u00e3o, previna-se - Gabriela Casabona","isPartOf":{"@id":"https:\/\/www.dravivianloureiro.com.br\/blog\/#website"},"datePublished":"2013-01-11T14:02:54+00:00","dateModified":"2013-01-11T14:02:54+00:00","description":"A Dra Gabriela Casabona listou doen\u00e7as de ver\u00e3o mais comuns. Fique de olho e mantenha-se bem longe de cada uma delas com as dicas da Dra Gabriela Casabona.","breadcrumb":{"@id":"https:\/\/www.dravivianloureiro.com.br\/blog\/doencas-de-verao\/#breadcrumb"},"inLanguage":"pt-BR","potentialAction":[{"@type":"ReadAction","target":["https:\/\/www.dravivianloureiro.com.br\/blog\/doencas-de-verao\/"]}]},{"@type":"BreadcrumbList","@id":"https:\/\/www.dravivianloureiro.com.br\/blog\/doencas-de-verao\/#breadcrumb","itemListElement":[{"@type":"ListItem","position":1,"name":"In\u00edcio","item":"https:\/\/www.dravivianloureiro.com.br\/blog\/"},{"@type":"ListItem","position":2,"name":"Doen\u00e7as de ver\u00e3o"}]},{"@type":"WebSite","@id":"https:\/\/www.dravivianloureiro.com.br\/blog\/#website","url":"https:\/\/www.dravivianloureiro.com.br\/blog\/","name":"Dermatologista Vivian Loureiro","description":"","publisher":{"@id":"https:\/\/www.dravivianloureiro.com.br\/blog\/#organization"},"potentialAction":[{"@type":"SearchAction","target":{"@type":"EntryPoint","urlTemplate":"https:\/\/www.dravivianloureiro.com.br\/blog\/?s={search_term_string}"},"query-input":"required name=search_term_string"}],"inLanguage":"pt-BR"},{"@type":"Organization","@id":"https:\/\/www.dravivianloureiro.com.br\/blog\/#organization","name":"Dra. Vivian Loureiro - Dermatologista Em S\u00e3o Paulo","url":"https:\/\/www.dravivianloureiro.com.br\/blog\/","logo":{"@type":"ImageObject","inLanguage":"pt-BR","@id":"https:\/\/www.dravivianloureiro.com.br\/blog\/#\/schema\/logo\/image\/","url":"https:\/\/www.dravivianloureiro.com.br\/blog\/wp-content\/uploads\/2018\/08\/favicon.jpg","contentUrl":"https:\/\/www.dravivianloureiro.com.br\/blog\/wp-content\/uploads\/2018\/08\/favicon.jpg","width":112,"height":112,"caption":"Dra. Vivian Loureiro - Dermatologista Em S\u00e3o Paulo"},"image":{"@id":"https:\/\/www.dravivianloureiro.com.br\/blog\/#\/schema\/logo\/image\/"},"sameAs":["https:\/\/pt-br.facebook.com\/vivianloureirodermatologia\/","https:\/\/www.instagram.com\/vivianloureirodermatologia\/","https:\/\/www.linkedin.com\/in\/vivian-barzi-loureiro-a6412887\/"]},{"@type":"Person","@id":"https:\/\/www.dravivianloureiro.com.br\/blog\/#\/schema\/person\/f6272c0e48dae4364ef626c598c5cb84","name":"Vivian Loureiro","image":{"@type":"ImageObject","inLanguage":"pt-BR","@id":"https:\/\/www.dravivianloureiro.com.br\/blog\/#\/schema\/person\/image\/","url":"https:\/\/secure.gravatar.com\/avatar\/8ee2b0fae98657240c77e822ae139ad3?s=96&d=wp_user_avatar&r=g","contentUrl":"https:\/\/secure.gravatar.com\/avatar\/8ee2b0fae98657240c77e822ae139ad3?s=96&d=wp_user_avatar&r=g","caption":"Vivian Loureiro"},"description":"M\u00e9dica formada pela Universidade de S\u00e3o Paulo (USP). Realizou resid\u00eancia m\u00e9dica em Dermatologia e complementa\u00e7\u00e3o em Cosmiatria e Laser pelo departamento de Dermatologia do Hospital das Cl\u00ednicas da Faculdade de Medicina da Universidade de S\u00e3o Paulo (USP). Possui t\u00edtulo de especialista em Dermatologia. \u00c9 membro da Sociedade Brasileira de Dermatologia (SBD) e Sociedade Brasileira de Cirurgia Dermatol\u00f3gica (SBCD) e m\u00e9dica do grupo Fleury. Atua nas \u00e1reas de Dermatologia Cl\u00ednica, Cir\u00fargica, Pedi\u00e1trica e Est\u00e9tica. Frequenta e palestra nos principais cursos e congressos de dermatologia, nacionais e internacionais, a fim de se manter em constante atualiza\u00e7\u00e3o.","sameAs":["https:\/\/www.dravivianloureiro.com.br\/","https:\/\/pt-br.facebook.com\/vivianloureirodermatologia\/","https:\/\/www.instagram.com\/vivianloureirodermatologia\/","https:\/\/www.linkedin.com\/in\/vivian-barzi-loureiro-a6412887\/"]}]}},"amp_enabled":true,"_links":{"self":[{"href":"https:\/\/www.dravivianloureiro.com.br\/blog\/wp-json\/wp\/v2\/posts\/3428"}],"collection":[{"href":"https:\/\/www.dravivianloureiro.com.br\/blog\/wp-json\/wp\/v2\/posts"}],"about":[{"href":"https:\/\/www.dravivianloureiro.com.br\/blog\/wp-json\/wp\/v2\/types\/post"}],"author":[{"embeddable":true,"href":"https:\/\/www.dravivianloureiro.com.br\/blog\/wp-json\/wp\/v2\/users\/1"}],"replies":[{"embeddable":true,"href":"https:\/\/www.dravivianloureiro.com.br\/blog\/wp-json\/wp\/v2\/comments?post=3428"}],"version-history":[{"count":0,"href":"https:\/\/www.dravivianloureiro.com.br\/blog\/wp-json\/wp\/v2\/posts\/3428\/revisions"}],"wp:featuredmedia":[{"embeddable":true,"href":"https:\/\/www.dravivianloureiro.com.br\/blog\/wp-json\/"}],"wp:attachment":[{"href":"https:\/\/www.dravivianloureiro.com.br\/blog\/wp-json\/wp\/v2\/media?parent=3428"}],"wp:term":[{"taxonomy":"category","embeddable":true,"href":"https:\/\/www.dravivianloureiro.com.br\/blog\/wp-json\/wp\/v2\/categories?post=3428"},{"taxonomy":"post_tag","embeddable":true,"href":"https:\/\/www.dravivianloureiro.com.br\/blog\/wp-json\/wp\/v2\/tags?post=3428"}],"curies":[{"name":"wp","href":"https:\/\/api.w.org\/{rel}","templated":true}]}}