{"id":3423,"date":"2011-10-28T18:17:07","date_gmt":"2011-10-28T18:17:07","guid":{"rendered":"http:\/\/www.gabrielacasabona.com.br\/blog\/?p=106"},"modified":"2011-10-28T18:17:07","modified_gmt":"2011-10-28T18:17:07","slug":"peles-sensiveis","status":"publish","type":"post","link":"https:\/\/www.dravivianloureiro.com.br\/blog\/peles-sensiveis\/","title":{"rendered":"Peles Sens\u00edveis"},"content":{"rendered":"<p class=\"estimated-read-time\">Tempo de leitura:<small> 5 minutos<\/small><\/p> <h2>Fina e com tend\u00eancia a vermelhid\u00e3o, pele sens\u00edvel sofre no frio<\/h2>\n<p>A pediatra Renata de Campos Boschini, 32, s\u00f3 usa linhas de produtos especiais para seu tipo de pele e passa longe dos sabonetes comuns. Mas n\u00e3o \u00e9 porque ela tem o gosto muito refinado ou algo do tipo. &#8220;Nem tento experimentar outros produtos, porque minha pele se irrita e fica vermelha muito facilmente&#8221;, conta.<\/p>\n<p>Ela tem pele sens\u00edvel e ainda sente que no inverno a situa\u00e7\u00e3o fica mais complicada, com o vento e o tempo seco; por isso, n\u00e3o abre m\u00e3o do filtro solar com hidratante &#8211;sempre sem subst\u00e2ncias alerg\u00eanicas ou irritantes.<\/p>\n<p>O tempo frio piora o aspecto desse tipo de pele, j\u00e1 que as varia\u00e7\u00f5es bruscas de temperatura e o clima seco dificultam sua recupera\u00e7\u00e3o. Outro fator agravante \u00e9 o estresse, pois o cortisol, horm\u00f4nio liberado em situa\u00e7\u00f5es estressantes, interfere na resposta vascular desse \u00f3rg\u00e3o &#8211;deixando-o mais vermelho independentemente do clima.<\/p>\n<p>Para a pele sens\u00edvel, a repara\u00e7\u00e3o depois de agress\u00f5es como varia\u00e7\u00e3o de temperatura e limpeza mais abrasiva \u00e9 complicada. &#8220;A pele \u00e9 o primeiro \u00f3rg\u00e3o que se adapta \u00e0s mudan\u00e7as bruscas. Tende a sair do equil\u00edbrio para se readaptar e, quando \u00e9 sens\u00edvel, sofre mais durante essa readapta\u00e7\u00e3o&#8221;, explica a dermatologista Denise Steiner, respons\u00e1vel pelo departamento de cosmiatria da Sociedade Brasileira de Dermatologia.<\/p>\n<p>Geralmente, a pele sens\u00edvel \u00e9 mais fina, mais clara, com tend\u00eancia \u00e0 vermelhid\u00e3o e vasodilata\u00e7\u00e3o r\u00e1pida. E \u00e9 no rosto onde se observam mais as evid\u00eancias e as marcas da sensibilidade excessiva, j\u00e1 que \u00e9 a parte do corpo que recebe mais cosm\u00e9ticos e tem mais anexos (ouvidos, nariz, boca etc.), fazendo com que as subst\u00e2ncias sejam mais absorvidas a\u00ed do que em outras regi\u00f5es.<\/p>\n<p>Isso porque usar muitos produtos tamb\u00e9m contribui para tornar sens\u00edvel a pele de quem tem tend\u00eancia. &#8220;Existem muito mais mulheres do que homens com esse tipo de pele, porque elas usam mais cosm\u00e9ticos. No Brasil n\u00e3o h\u00e1 estat\u00edstica, mas nos EUA, por exemplo, 40% da popula\u00e7\u00e3o tem pele sens\u00edvel&#8221;, afirma Ana Paula Meski, dermatologista do Hospital das Cl\u00ednicas da USP (Universidade de S\u00e3o Paulo).<\/p>\n<p>Esse h\u00e1bito, principalmente das mulheres, que formam a maior parte das &#8220;v\u00edtimas&#8221;, aumenta as chances de irrita\u00e7\u00e3o e de processos al\u00e9rgicos. Isso d\u00e1 margem tamb\u00e9m a confus\u00f5es, j\u00e1 que pode causar mais uma irrita\u00e7\u00e3o passageira ou uma alergia espec\u00edfica do que uma condi\u00e7\u00e3o constante da c\u00fatis.<\/p>\n<p>Em um shopping de S\u00e3o Paulo, por exemplo, a rep\u00f3rter p\u00f4de constatar, depois de uma andan\u00e7a completamente observacional e nada cient\u00edfica, que muita gente acredita que tem pele sens\u00edvel. No entanto, depois de alguns minutos de conversa, percebe-se que, de fato, existe mais uma frustra\u00e7\u00e3o das pessoas por n\u00e3o poderem aplicar todos os produtos que encontram pela frente sem uma irrita\u00e7\u00e3o &#8211; o que seria pouco prov\u00e1vel at\u00e9 para aquelas com peles das mais resistentes.<\/p>\n<p>&#8220;\u00c9 uma coisa meio vaga dizer &#8216;eu tenho pele sens\u00edvel&#8217;. Quando o paciente diz isso pode ser alergia a qualquer produto, irrita\u00e7\u00e3o a um \u00e1cido, por exemplo, ou uma pele que est\u00e1 sempre seca e irritada, e s\u00e3o tr\u00eas coisas diferentes&#8221;, diz a dermatologista Gabriela Casabona, do Hospital Samaritano de S\u00e3o Paulo.<\/p>\n<p>Mas, com a ajuda do dermatologista, \u00e9 poss\u00edvel saber se a sensibilidade \u00e9 uma caracter\u00edstica permanente da pele. E, caso a resposta seja positiva, felizmente d\u00e1 para conviver bem com cosm\u00e9ticos &#8211; desde que se tomem alguns cuidados e se escolham produtos adequados. Veja a seguir como identificar a pele sens\u00edvel, o que fazer e o que evitar para n\u00e3o causar estragos nesse tipo de pele. \u00c9 fr\u00e1gil mesmo?<\/p>\n<p>\u00c9 comum achar que a pele \u00e9 sens\u00edvel depois de um epis\u00f3dio isolado de irrita\u00e7\u00e3o ou de uma rea\u00e7\u00e3o al\u00e9rgica. No entanto, para ser diagnosticada como tal, a pele precisa apresentar algumas caracter\u00edsticas espec\u00edficas, que aparecem com certa freq\u00fc\u00eancia. Se alguma das seguintes afirma\u00e7\u00f5es for verdadeira para voc\u00ea, procure um dermatologista para o diagn\u00f3stico final.<\/p>\n<p style=\"padding-left: 30px;\">&#8211; Com mudan\u00e7as bruscas de tempo ou ao ficar em ambientes com ar-condicionado forte, sua pele repuxa, pinica, arde ou &#8220;queima&#8221;, co\u00e7a, fica vermelha.<\/p>\n<p style=\"padding-left: 30px;\">&#8211; Ap\u00f3s usar sabonete comum ou \u00e1gua quente, a pele fica vermelha.<\/p>\n<p style=\"padding-left: 30px;\">&#8211; J\u00e1 sofreu rea\u00e7\u00e3o adversa a cosm\u00e9ticos.<\/p>\n<p>Apesar de a hidrata\u00e7\u00e3o ser uma das principais obriga\u00e7\u00f5es de quem tem pele sens\u00edvel, \u00e9 preciso ter em mente que nem todos os produtos podem ser usados. Isso porque alguns cremes fazem com que as camadas superficiais da pele retenham muita \u00e1gua e, por isso, fiquem mais perme\u00e1veis aos agentes externos. Outros podem causar ard\u00eancia.<\/p>\n<p>Linhas de produtos antiidade e antiacne tamb\u00e9m n\u00e3o devem ser aplicadas a esmo, uma vez que geralmente cont\u00eam \u00e1cidos, que, por si s\u00f3, j\u00e1 podem sensibilizar a pele e, no caso da sens\u00edvel, podem causar irrita\u00e7\u00e3o, dor e vermelhid\u00e3o. Se for necess\u00e1rio, um dermatologista poder\u00e1 indicar o melhor tratamento contra espinhas ou contra marcas de express\u00e3o.<\/p>\n<h4>Evite<\/h4>\n<p style=\"padding-left: 30px;\">&#8211; ur\u00e9ia<br \/>\n&#8211; alfahidroxi\u00e1cidos<br \/>\n&#8211; \u00e1cido l\u00e1ctico<br \/>\n&#8211; \u00f3leos que deixam uma pel\u00edcula sobre a pele, como os minerais<br \/>\n&#8211; lactato de am\u00f4nia<\/p>\n<h4>Use<\/h4>\n<p style=\"padding-left: 30px;\">&#8211; ceramidas<br \/>\n&#8211; \u00f3leos essenciais de extratos vegetais<br \/>\n&#8211; NMS (sigla para &#8220;natural moisturizer factor&#8221;), um tipo de hidratante fisiol\u00f3gico<br \/>\n&#8211; Aloe vera<\/p>\n<p>&nbsp;<\/p>\n","protected":false},"excerpt":{"rendered":"<p><small> 5 minutos<\/small> Fina e com tend\u00eancia a vermelhid\u00e3o, pele sens\u00edvel sofre no frio A pediatra Renata de Campos Boschini, 32, s\u00f3 usa linhas de produtos especiais para seu tipo de pele e passa longe dos sabonetes comuns. Mas n\u00e3o \u00e9 porque ela tem o gosto muito refinado ou algo do tipo. &#8220;Nem tento experimentar outros produtos, porque minha pele se irrita e fica vermelha muito facilmente&#8221;, conta. Ela tem pele sens\u00edvel e ainda sente que no inverno a situa\u00e7\u00e3o fica mais complicada, com o <a href=\"https:\/\/www.dravivianloureiro.com.br\/blog\/peles-sensiveis\/\" class=\"more-link\"><span>Continue lendo<\/span>\u2192<\/a><\/p>\n","protected":false},"author":1,"featured_media":3564,"comment_status":"open","ping_status":"open","sticky":false,"template":"","format":"standard","meta":[],"categories":[380,398,363,365],"tags":[472,463,473],"yoast_head":"<!-- This site is optimized with the Yoast SEO plugin v20.6 - https:\/\/yoast.com\/wordpress\/plugins\/seo\/ -->\n<title>Peles sens\u00edveis - Beauty Beyond Skin Dermatologia Aplicada<\/title>\n<meta name=\"description\" content=\"O tempo frio piora o aspecto desse tipo de pele, j\u00e1 que as varia\u00e7\u00f5es bruscas de temperatura e o clima seco dificultam sua recupera\u00e7\u00e3o. Confira algumas dicas. Gabriela Casabona Dermatologista Especialista em Peles Sens\u00edveis em S\u00e3o Paulo. Telefone: 11 3668-5910.\" \/>\n<meta name=\"robots\" content=\"index, follow, max-snippet:-1, max-image-preview:large, max-video-preview:-1\" \/>\n<link rel=\"canonical\" href=\"https:\/\/www.dravivianloureiro.com.br\/blog\/peles-sensiveis\/\" \/>\n<meta property=\"og:locale\" content=\"pt_BR\" \/>\n<meta property=\"og:type\" content=\"article\" \/>\n<meta property=\"og:title\" content=\"Peles sens\u00edveis - Beauty Beyond Skin Dermatologia Aplicada\" \/>\n<meta property=\"og:description\" content=\"O tempo frio piora o aspecto desse tipo de pele, j\u00e1 que as varia\u00e7\u00f5es bruscas de temperatura e o clima seco dificultam sua recupera\u00e7\u00e3o. Confira algumas dicas. Gabriela Casabona Dermatologista Especialista em Peles Sens\u00edveis em S\u00e3o Paulo. Telefone: 11 3668-5910.\" \/>\n<meta property=\"og:url\" content=\"https:\/\/www.dravivianloureiro.com.br\/blog\/peles-sensiveis\/\" \/>\n<meta property=\"og:site_name\" content=\"Dra. Vivian Loureiro\" \/>\n<meta property=\"article:publisher\" content=\"https:\/\/pt-br.facebook.com\/vivianloureirodermatologia\/\" \/>\n<meta property=\"article:author\" content=\"https:\/\/pt-br.facebook.com\/vivianloureirodermatologia\/\" \/>\n<meta property=\"article:published_time\" content=\"2011-10-28T18:17:07+00:00\" \/>\n<meta name=\"author\" content=\"Vivian Loureiro\" \/>\n<meta name=\"twitter:card\" content=\"summary_large_image\" \/>\n<meta name=\"twitter:label1\" content=\"Escrito por\" \/>\n\t<meta name=\"twitter:data1\" content=\"Vivian Loureiro\" \/>\n\t<meta name=\"twitter:label2\" content=\"Est. tempo de leitura\" \/>\n\t<meta name=\"twitter:data2\" content=\"5 minutos\" \/>\n<script type=\"application\/ld+json\" class=\"yoast-schema-graph\">{\"@context\":\"https:\/\/schema.org\",\"@graph\":[{\"@type\":\"Article\",\"@id\":\"https:\/\/www.dravivianloureiro.com.br\/blog\/peles-sensiveis\/#article\",\"isPartOf\":{\"@id\":\"https:\/\/www.dravivianloureiro.com.br\/blog\/peles-sensiveis\/\"},\"author\":{\"name\":\"Vivian Loureiro\",\"@id\":\"https:\/\/www.dravivianloureiro.com.br\/blog\/#\/schema\/person\/f6272c0e48dae4364ef626c598c5cb84\"},\"headline\":\"Peles Sens\u00edveis\",\"datePublished\":\"2011-10-28T18:17:07+00:00\",\"dateModified\":\"2011-10-28T18:17:07+00:00\",\"mainEntityOfPage\":{\"@id\":\"https:\/\/www.dravivianloureiro.com.br\/blog\/peles-sensiveis\/\"},\"wordCount\":939,\"commentCount\":0,\"publisher\":{\"@id\":\"https:\/\/www.dravivianloureiro.com.br\/blog\/#organization\"},\"keywords\":[\"dicas para pele sensivel\",\"pele\",\"pele sensivel\"],\"articleSection\":[\"Alergias\",\"Dermatites\",\"Dicas\",\"Terap\u00eauticos\"],\"inLanguage\":\"pt-BR\",\"potentialAction\":[{\"@type\":\"CommentAction\",\"name\":\"Comment\",\"target\":[\"https:\/\/www.dravivianloureiro.com.br\/blog\/peles-sensiveis\/#respond\"]}]},{\"@type\":\"WebPage\",\"@id\":\"https:\/\/www.dravivianloureiro.com.br\/blog\/peles-sensiveis\/\",\"url\":\"https:\/\/www.dravivianloureiro.com.br\/blog\/peles-sensiveis\/\",\"name\":\"Peles sens\u00edveis - Beauty Beyond Skin Dermatologia Aplicada\",\"isPartOf\":{\"@id\":\"https:\/\/www.dravivianloureiro.com.br\/blog\/#website\"},\"datePublished\":\"2011-10-28T18:17:07+00:00\",\"dateModified\":\"2011-10-28T18:17:07+00:00\",\"description\":\"O tempo frio piora o aspecto desse tipo de pele, j\u00e1 que as varia\u00e7\u00f5es bruscas de temperatura e o clima seco dificultam sua recupera\u00e7\u00e3o. Confira algumas dicas. Gabriela Casabona Dermatologista Especialista em Peles Sens\u00edveis em S\u00e3o Paulo. Telefone: 11 3668-5910.\",\"breadcrumb\":{\"@id\":\"https:\/\/www.dravivianloureiro.com.br\/blog\/peles-sensiveis\/#breadcrumb\"},\"inLanguage\":\"pt-BR\",\"potentialAction\":[{\"@type\":\"ReadAction\",\"target\":[\"https:\/\/www.dravivianloureiro.com.br\/blog\/peles-sensiveis\/\"]}]},{\"@type\":\"BreadcrumbList\",\"@id\":\"https:\/\/www.dravivianloureiro.com.br\/blog\/peles-sensiveis\/#breadcrumb\",\"itemListElement\":[{\"@type\":\"ListItem\",\"position\":1,\"name\":\"In\u00edcio\",\"item\":\"https:\/\/www.dravivianloureiro.com.br\/blog\/\"},{\"@type\":\"ListItem\",\"position\":2,\"name\":\"Peles Sens\u00edveis\"}]},{\"@type\":\"WebSite\",\"@id\":\"https:\/\/www.dravivianloureiro.com.br\/blog\/#website\",\"url\":\"https:\/\/www.dravivianloureiro.com.br\/blog\/\",\"name\":\"Dermatologista Vivian Loureiro\",\"description\":\"\",\"publisher\":{\"@id\":\"https:\/\/www.dravivianloureiro.com.br\/blog\/#organization\"},\"potentialAction\":[{\"@type\":\"SearchAction\",\"target\":{\"@type\":\"EntryPoint\",\"urlTemplate\":\"https:\/\/www.dravivianloureiro.com.br\/blog\/?s={search_term_string}\"},\"query-input\":\"required name=search_term_string\"}],\"inLanguage\":\"pt-BR\"},{\"@type\":\"Organization\",\"@id\":\"https:\/\/www.dravivianloureiro.com.br\/blog\/#organization\",\"name\":\"Dra. Vivian Loureiro - Dermatologista Em S\u00e3o Paulo\",\"url\":\"https:\/\/www.dravivianloureiro.com.br\/blog\/\",\"logo\":{\"@type\":\"ImageObject\",\"inLanguage\":\"pt-BR\",\"@id\":\"https:\/\/www.dravivianloureiro.com.br\/blog\/#\/schema\/logo\/image\/\",\"url\":\"https:\/\/www.dravivianloureiro.com.br\/blog\/wp-content\/uploads\/2018\/08\/favicon.jpg\",\"contentUrl\":\"https:\/\/www.dravivianloureiro.com.br\/blog\/wp-content\/uploads\/2018\/08\/favicon.jpg\",\"width\":112,\"height\":112,\"caption\":\"Dra. Vivian Loureiro - Dermatologista Em S\u00e3o Paulo\"},\"image\":{\"@id\":\"https:\/\/www.dravivianloureiro.com.br\/blog\/#\/schema\/logo\/image\/\"},\"sameAs\":[\"https:\/\/pt-br.facebook.com\/vivianloureirodermatologia\/\",\"https:\/\/www.instagram.com\/vivianloureirodermatologia\/\",\"https:\/\/www.linkedin.com\/in\/vivian-barzi-loureiro-a6412887\/\"]},{\"@type\":\"Person\",\"@id\":\"https:\/\/www.dravivianloureiro.com.br\/blog\/#\/schema\/person\/f6272c0e48dae4364ef626c598c5cb84\",\"name\":\"Vivian Loureiro\",\"image\":{\"@type\":\"ImageObject\",\"inLanguage\":\"pt-BR\",\"@id\":\"https:\/\/www.dravivianloureiro.com.br\/blog\/#\/schema\/person\/image\/\",\"url\":\"https:\/\/secure.gravatar.com\/avatar\/8ee2b0fae98657240c77e822ae139ad3?s=96&d=wp_user_avatar&r=g\",\"contentUrl\":\"https:\/\/secure.gravatar.com\/avatar\/8ee2b0fae98657240c77e822ae139ad3?s=96&d=wp_user_avatar&r=g\",\"caption\":\"Vivian Loureiro\"},\"description\":\"M\u00e9dica formada pela Universidade de S\u00e3o Paulo (USP). Realizou resid\u00eancia m\u00e9dica em Dermatologia e complementa\u00e7\u00e3o em Cosmiatria e Laser pelo departamento de Dermatologia do Hospital das Cl\u00ednicas da Faculdade de Medicina da Universidade de S\u00e3o Paulo (USP). Possui t\u00edtulo de especialista em Dermatologia. \u00c9 membro da Sociedade Brasileira de Dermatologia (SBD) e Sociedade Brasileira de Cirurgia Dermatol\u00f3gica (SBCD) e m\u00e9dica do grupo Fleury. Atua nas \u00e1reas de Dermatologia Cl\u00ednica, Cir\u00fargica, Pedi\u00e1trica e Est\u00e9tica. Frequenta e palestra nos principais cursos e congressos de dermatologia, nacionais e internacionais, a fim de se manter em constante atualiza\u00e7\u00e3o.\",\"sameAs\":[\"https:\/\/www.dravivianloureiro.com.br\/\",\"https:\/\/pt-br.facebook.com\/vivianloureirodermatologia\/\",\"https:\/\/www.instagram.com\/vivianloureirodermatologia\/\",\"https:\/\/www.linkedin.com\/in\/vivian-barzi-loureiro-a6412887\/\"]}]}<\/script>\n<!-- \/ Yoast SEO plugin. -->","yoast_head_json":{"title":"Peles sens\u00edveis - Beauty Beyond Skin Dermatologia Aplicada","description":"O tempo frio piora o aspecto desse tipo de pele, j\u00e1 que as varia\u00e7\u00f5es bruscas de temperatura e o clima seco dificultam sua recupera\u00e7\u00e3o. Confira algumas dicas. Gabriela Casabona Dermatologista Especialista em Peles Sens\u00edveis em S\u00e3o Paulo. Telefone: 11 3668-5910.","robots":{"index":"index","follow":"follow","max-snippet":"max-snippet:-1","max-image-preview":"max-image-preview:large","max-video-preview":"max-video-preview:-1"},"canonical":"https:\/\/www.dravivianloureiro.com.br\/blog\/peles-sensiveis\/","og_locale":"pt_BR","og_type":"article","og_title":"Peles sens\u00edveis - Beauty Beyond Skin Dermatologia Aplicada","og_description":"O tempo frio piora o aspecto desse tipo de pele, j\u00e1 que as varia\u00e7\u00f5es bruscas de temperatura e o clima seco dificultam sua recupera\u00e7\u00e3o. Confira algumas dicas. Gabriela Casabona Dermatologista Especialista em Peles Sens\u00edveis em S\u00e3o Paulo. Telefone: 11 3668-5910.","og_url":"https:\/\/www.dravivianloureiro.com.br\/blog\/peles-sensiveis\/","og_site_name":"Dra. Vivian Loureiro","article_publisher":"https:\/\/pt-br.facebook.com\/vivianloureirodermatologia\/","article_author":"https:\/\/pt-br.facebook.com\/vivianloureirodermatologia\/","article_published_time":"2011-10-28T18:17:07+00:00","author":"Vivian Loureiro","twitter_card":"summary_large_image","twitter_misc":{"Escrito por":"Vivian Loureiro","Est. tempo de leitura":"5 minutos"},"schema":{"@context":"https:\/\/schema.org","@graph":[{"@type":"Article","@id":"https:\/\/www.dravivianloureiro.com.br\/blog\/peles-sensiveis\/#article","isPartOf":{"@id":"https:\/\/www.dravivianloureiro.com.br\/blog\/peles-sensiveis\/"},"author":{"name":"Vivian Loureiro","@id":"https:\/\/www.dravivianloureiro.com.br\/blog\/#\/schema\/person\/f6272c0e48dae4364ef626c598c5cb84"},"headline":"Peles Sens\u00edveis","datePublished":"2011-10-28T18:17:07+00:00","dateModified":"2011-10-28T18:17:07+00:00","mainEntityOfPage":{"@id":"https:\/\/www.dravivianloureiro.com.br\/blog\/peles-sensiveis\/"},"wordCount":939,"commentCount":0,"publisher":{"@id":"https:\/\/www.dravivianloureiro.com.br\/blog\/#organization"},"keywords":["dicas para pele sensivel","pele","pele sensivel"],"articleSection":["Alergias","Dermatites","Dicas","Terap\u00eauticos"],"inLanguage":"pt-BR","potentialAction":[{"@type":"CommentAction","name":"Comment","target":["https:\/\/www.dravivianloureiro.com.br\/blog\/peles-sensiveis\/#respond"]}]},{"@type":"WebPage","@id":"https:\/\/www.dravivianloureiro.com.br\/blog\/peles-sensiveis\/","url":"https:\/\/www.dravivianloureiro.com.br\/blog\/peles-sensiveis\/","name":"Peles sens\u00edveis - Beauty Beyond Skin Dermatologia Aplicada","isPartOf":{"@id":"https:\/\/www.dravivianloureiro.com.br\/blog\/#website"},"datePublished":"2011-10-28T18:17:07+00:00","dateModified":"2011-10-28T18:17:07+00:00","description":"O tempo frio piora o aspecto desse tipo de pele, j\u00e1 que as varia\u00e7\u00f5es bruscas de temperatura e o clima seco dificultam sua recupera\u00e7\u00e3o. Confira algumas dicas. Gabriela Casabona Dermatologista Especialista em Peles Sens\u00edveis em S\u00e3o Paulo. Telefone: 11 3668-5910.","breadcrumb":{"@id":"https:\/\/www.dravivianloureiro.com.br\/blog\/peles-sensiveis\/#breadcrumb"},"inLanguage":"pt-BR","potentialAction":[{"@type":"ReadAction","target":["https:\/\/www.dravivianloureiro.com.br\/blog\/peles-sensiveis\/"]}]},{"@type":"BreadcrumbList","@id":"https:\/\/www.dravivianloureiro.com.br\/blog\/peles-sensiveis\/#breadcrumb","itemListElement":[{"@type":"ListItem","position":1,"name":"In\u00edcio","item":"https:\/\/www.dravivianloureiro.com.br\/blog\/"},{"@type":"ListItem","position":2,"name":"Peles Sens\u00edveis"}]},{"@type":"WebSite","@id":"https:\/\/www.dravivianloureiro.com.br\/blog\/#website","url":"https:\/\/www.dravivianloureiro.com.br\/blog\/","name":"Dermatologista Vivian Loureiro","description":"","publisher":{"@id":"https:\/\/www.dravivianloureiro.com.br\/blog\/#organization"},"potentialAction":[{"@type":"SearchAction","target":{"@type":"EntryPoint","urlTemplate":"https:\/\/www.dravivianloureiro.com.br\/blog\/?s={search_term_string}"},"query-input":"required name=search_term_string"}],"inLanguage":"pt-BR"},{"@type":"Organization","@id":"https:\/\/www.dravivianloureiro.com.br\/blog\/#organization","name":"Dra. Vivian Loureiro - Dermatologista Em S\u00e3o Paulo","url":"https:\/\/www.dravivianloureiro.com.br\/blog\/","logo":{"@type":"ImageObject","inLanguage":"pt-BR","@id":"https:\/\/www.dravivianloureiro.com.br\/blog\/#\/schema\/logo\/image\/","url":"https:\/\/www.dravivianloureiro.com.br\/blog\/wp-content\/uploads\/2018\/08\/favicon.jpg","contentUrl":"https:\/\/www.dravivianloureiro.com.br\/blog\/wp-content\/uploads\/2018\/08\/favicon.jpg","width":112,"height":112,"caption":"Dra. Vivian Loureiro - Dermatologista Em S\u00e3o Paulo"},"image":{"@id":"https:\/\/www.dravivianloureiro.com.br\/blog\/#\/schema\/logo\/image\/"},"sameAs":["https:\/\/pt-br.facebook.com\/vivianloureirodermatologia\/","https:\/\/www.instagram.com\/vivianloureirodermatologia\/","https:\/\/www.linkedin.com\/in\/vivian-barzi-loureiro-a6412887\/"]},{"@type":"Person","@id":"https:\/\/www.dravivianloureiro.com.br\/blog\/#\/schema\/person\/f6272c0e48dae4364ef626c598c5cb84","name":"Vivian Loureiro","image":{"@type":"ImageObject","inLanguage":"pt-BR","@id":"https:\/\/www.dravivianloureiro.com.br\/blog\/#\/schema\/person\/image\/","url":"https:\/\/secure.gravatar.com\/avatar\/8ee2b0fae98657240c77e822ae139ad3?s=96&d=wp_user_avatar&r=g","contentUrl":"https:\/\/secure.gravatar.com\/avatar\/8ee2b0fae98657240c77e822ae139ad3?s=96&d=wp_user_avatar&r=g","caption":"Vivian Loureiro"},"description":"M\u00e9dica formada pela Universidade de S\u00e3o Paulo (USP). Realizou resid\u00eancia m\u00e9dica em Dermatologia e complementa\u00e7\u00e3o em Cosmiatria e Laser pelo departamento de Dermatologia do Hospital das Cl\u00ednicas da Faculdade de Medicina da Universidade de S\u00e3o Paulo (USP). Possui t\u00edtulo de especialista em Dermatologia. \u00c9 membro da Sociedade Brasileira de Dermatologia (SBD) e Sociedade Brasileira de Cirurgia Dermatol\u00f3gica (SBCD) e m\u00e9dica do grupo Fleury. Atua nas \u00e1reas de Dermatologia Cl\u00ednica, Cir\u00fargica, Pedi\u00e1trica e Est\u00e9tica. Frequenta e palestra nos principais cursos e congressos de dermatologia, nacionais e internacionais, a fim de se manter em constante atualiza\u00e7\u00e3o.","sameAs":["https:\/\/www.dravivianloureiro.com.br\/","https:\/\/pt-br.facebook.com\/vivianloureirodermatologia\/","https:\/\/www.instagram.com\/vivianloureirodermatologia\/","https:\/\/www.linkedin.com\/in\/vivian-barzi-loureiro-a6412887\/"]}]}},"amp_enabled":true,"_links":{"self":[{"href":"https:\/\/www.dravivianloureiro.com.br\/blog\/wp-json\/wp\/v2\/posts\/3423"}],"collection":[{"href":"https:\/\/www.dravivianloureiro.com.br\/blog\/wp-json\/wp\/v2\/posts"}],"about":[{"href":"https:\/\/www.dravivianloureiro.com.br\/blog\/wp-json\/wp\/v2\/types\/post"}],"author":[{"embeddable":true,"href":"https:\/\/www.dravivianloureiro.com.br\/blog\/wp-json\/wp\/v2\/users\/1"}],"replies":[{"embeddable":true,"href":"https:\/\/www.dravivianloureiro.com.br\/blog\/wp-json\/wp\/v2\/comments?post=3423"}],"version-history":[{"count":0,"href":"https:\/\/www.dravivianloureiro.com.br\/blog\/wp-json\/wp\/v2\/posts\/3423\/revisions"}],"wp:featuredmedia":[{"embeddable":true,"href":"https:\/\/www.dravivianloureiro.com.br\/blog\/wp-json\/"}],"wp:attachment":[{"href":"https:\/\/www.dravivianloureiro.com.br\/blog\/wp-json\/wp\/v2\/media?parent=3423"}],"wp:term":[{"taxonomy":"category","embeddable":true,"href":"https:\/\/www.dravivianloureiro.com.br\/blog\/wp-json\/wp\/v2\/categories?post=3423"},{"taxonomy":"post_tag","embeddable":true,"href":"https:\/\/www.dravivianloureiro.com.br\/blog\/wp-json\/wp\/v2\/tags?post=3423"}],"curies":[{"name":"wp","href":"https:\/\/api.w.org\/{rel}","templated":true}]}}