{"id":342,"date":"2011-10-28T12:52:29","date_gmt":"2011-10-28T12:52:29","guid":{"rendered":"http:\/\/www.gabrielacasabona.com.br\/blog\/?p=47"},"modified":"2011-10-28T12:52:29","modified_gmt":"2011-10-28T12:52:29","slug":"rejuvenescimento","status":"publish","type":"post","link":"https:\/\/www.dravivianloureiro.com.br\/blog\/rejuvenescimento\/","title":{"rendered":"Rejuvenescimento"},"content":{"rendered":"<p class=\"estimated-read-time\">Tempo de leitura:<small> 5 minutos<\/small><\/p> <h2>Pesco\u00e7o, colo e m\u00e3os s\u00e3o geralmente as \u00e1reas que denunciam a idade. Como devo cuidar e o que posso fazer para melhorar?<\/h2>\n<p>Geralmente gastamos mais tempo investindo em cuidados para pele da face e corpo, mas esquecemos de partes muito importantes como colo, pesco\u00e7o e m\u00e3os. Estas s\u00e3o \u00e1reas onde a pele \u00e9 mais sens\u00edvel e onde os procedimentos devem ser escolhidos com muita cautela pelo risco de deixar les\u00f5es inest\u00e9ticas. As tr\u00eas regi\u00f5es sofrem muito com\u00a0 a exposi\u00e7\u00e3o solar que causa quebra das fibras de col\u00e1geno e elastina al\u00e9m de manchas solares. Os tratamentos devem ser feitos em sess\u00f5es e combinados para tratar todos os aspectos. \u00c9 claro que o tipo de procedimento depende do grau de envelhecimento. Os tratamentos consistem em:<\/p>\n<p><strong>Manchas e Textura<\/strong>&#8211; luz pulsada que age especificamente em vasinhos e manchas (Lux G) associada ou n\u00e3o \u00e0 peelings superficiais num total 3-5 sess\u00f5es, peeling profundo \u00e0 laser ( Laser Active Deep Fx Co2 fracionado ) ou peeling m\u00e9dio ( Pasta ATA 20% ) num total de 1 sess\u00e3o<\/p>\n<p><strong>Flacidez<\/strong> &#8211; Preenchimento total com Ac poli -l- lactico ou hydroxiapatita,\u00a0 associado \u00e0 aplica\u00e7\u00f5es mensais de laser infravermelho fracionado (Lux IR deep)<\/p>\n<p><strong>Rugas<\/strong> &#8211; Preenchimento das rugas maiores com Ac hialuronico\u00a0 associado \u00e0 aplica\u00e7\u00e3o de toxina botul\u00ednica ( exceto em m\u00e3os )<\/p>\n<p>Com isso conseguimos manter um padr\u00e3o de equil\u00edbrio entre cuidados da pele como um todo.<\/p>\n<h2>P\u00e1lpebras ca\u00eddas o que fazer?<\/h2>\n<p>O rejuvenescimento palpebral deve ser bem cuidadoso. Normalmente o envelhecimento e apar\u00eancia de cansa\u00e7o dos olhos est\u00e1 ligada \u00e0 presen\u00e7a de bolsas, m\u00e1 vasculariza\u00e7\u00e3o com arroxeamento do local (olheiras), deslocamento da gordura de sustenta\u00e7\u00e3o zigom\u00e1tica, flacidez m\u00fasculo orbicular e flacidez da pele palpebral. Temos que agir em todos os fatores, pois se n\u00e3o o resultado \u00e9 apenas parcial. Os tratamentos poss\u00edveis s\u00e3o: cir\u00fargia transconjuntival das bolsas, retirada parcial da palpebra superior, preenchimento zigom\u00e1tico com Ac Hialur\u00f4nico\/ Ac Poli-L-Lactico\/ Hidroxiapatita Calcio, laser CO2 Active dep Fx ou Lux 2940 Erbium Yag. Esta t\u00e9cnica de cir\u00fargia transconjuntival combinada com laser ablativo fracionado d\u00e1 uma apar\u00eancia mais natural ao rejuvenescimento palpebral respeitando o contorno ocular original.<\/p>\n<h2>O que \u00e9 envelhecimento na vis\u00e3o 3D?<\/h2>\n<p>\u201cA ARTE DE CUIDAR EM 3D\u201d<\/p>\n<p>Na verdade, a pele \u00e9 o maior \u00f3rg\u00e3o do corpo. Ela \u00e9 composta por diversos tipos de c\u00e9lulas, distribu\u00eddas em camadas. Ao longo dos anos, estas camadas sofrem mudan\u00e7as, assim como os tecidos \u00f3sseo e muscular localizados abaixo dela. Estas altera\u00e7\u00f5es modificam a estrutura tridimensional da pele. O que quero dizer com estrutura 3D?\u00a0 \u00c9 sair da vis\u00e3o plana e superficial e levar em conta o todo. Como em uma constru\u00e7\u00e3o civil: se tenho que analisar uma casa, antes de olhar as condi\u00e7\u00f5es da pintura, primeiro vou identificar sua funda\u00e7\u00e3o, depois as estruturas de sustenta\u00e7\u00e3o e, por fim, as paredes e revestimentos. Ou seja, o nosso olhar tem que ser global, enxergando al\u00e9m do aparente!<\/p>\n<p>A perda de ritmo da renova\u00e7\u00e3o celular, junto com a perda de elastina e col\u00e1geno, terminam gerando um efeito de envelhecimento precoce. Do ponto de vista tridimensional, o que ocorre s\u00e3o altera\u00e7\u00f5es na espessura da pele: h\u00e1 perda da gordura da hipoderme, achatamento e diminui\u00e7\u00e3o da vasculariza\u00e7\u00e3o da derme e espessamento da epiderme, que \u00e9 a camada mais superficial. Com isso, h\u00e1 um desequil\u00edbrio no \u00f3rg\u00e3o Pele, e, consequentemente, comprometimento de seu aspecto est\u00e9tico e funcional.<\/p>\n<p>Diante disso, a arte de cuidar demanda uma abordagem integral, considerando as influ\u00eancias gen\u00e9ticas, estruturais, nutricionais e emocionais que s\u00e3o aspectos constitutivos de cada um de n\u00f3s.<\/p>\n<h2>Como pode-se melhorar rugas de express\u00e3o?<\/h2>\n<p>Rugas de express\u00e3o s\u00e3o aquelas que aparecem quando movimentamos algum m\u00fasculo, como quando sorrimos ou enrugamos a testa. Com o tempo estas marcas tamb\u00e9m t\u00eam a tend\u00eancia a se tornarem fixas, pois a contra\u00e7\u00e3o muitas vezes \u00e9 t\u00e3o forte e repetida que acaba favorecendo a quebra do col\u00e1geno e perda de elastina local. Para isto \u00e9 que s\u00e3o utilizadas as toxinas botul\u00ednicas que no Brasil s\u00e3o do tipo A. A toxina \u00e9 usada diretamente no m\u00fasculo e causa paralisa\u00e7\u00e3o tempor\u00e1ria do mesmo. Com isso temos um fortalecimento de outros m\u00fasculos o que d\u00e1 o efeito lifting t\u00e3o procurado. \u00c9 um processo de escultura da mimica da face, pesco\u00e7o e colo. \u00c9 um procedimento simples, mas precisa ser bem planejado para n\u00e3o causar um efeito n\u00e3o natural.<\/p>\n<h2>Rugas est\u00e1ticas tem tratamento?<\/h2>\n<p>As rugas s\u00e3o fruto de toda uma desestrutura\u00e7\u00e3o da pele, estrutura \u00f3ssea e muitas vezes associadas \u00e0 flacidez muscular. A degrada\u00e7\u00e3o do col\u00e1geno local sem d\u00favida \u00e9 um dos fatores mais importantes, mas muitas vezes vemos rugas est\u00e1ticas em jovens apenas por altera\u00e7\u00e3o da estrutura \u00f3ssea, dent\u00e1ria (como coloca\u00e7\u00e3o aparelhos ortod\u00f4nticos) , e muitas vezes a corre\u00e7\u00e3o depende de toda a estrutura muscular e gordurosa que sustenta esta pele. Tratamento:<\/p>\n<p>&#8211; Preenchimento \u2013 superficial e m\u00e9dio com ac hialuronico<\/p>\n<p>&#8211; Volumeriza\u00e7\u00e3o: ac polil l\u00e1ctico ou hydroxiapatita<\/p>\n<p>&#8211; Laser infravermelho para melhora qualidade col\u00e1geno local<\/p>\n<p>Down time: &#8211; nenhum.<\/p>\n<h2>A textura da pele \u2013 reflexo da sa\u00fade da mesma. Como melhorar? Como manter?<\/h2>\n<p>A textura da pele \u00e9 fruto de toda estrutura e sa\u00fade interna da pele. Este \u00e9 o primeiro passo para uma pele saud\u00e1vel. A manuten\u00e7\u00e3o de uma textura de pele boa \u00e9 fruto da escolha certa de produtos e tratamentos que em muitos casos servem como manuten\u00e7\u00e3o tamb\u00e9m como peelings e microdermabras\u00e3o.<\/p>\n<p>Tratamento:<\/p>\n<p>&#8211; microdermabras\u00e3o \/ peelings superficiais e m\u00e9dios<\/p>\n<p>Dowtime:<\/p>\n<p>&#8211; 0 \u2013 5 dias de descama\u00e7\u00e3o leve<\/p>\n","protected":false},"excerpt":{"rendered":"<p><small> 5 minutos<\/small> Pesco\u00e7o, colo e m\u00e3os s\u00e3o geralmente as \u00e1reas que denunciam a idade. Como devo cuidar e o que posso fazer para melhorar? Geralmente gastamos mais tempo investindo em cuidados para pele da face e corpo, mas esquecemos de partes muito importantes como colo, pesco\u00e7o e m\u00e3os. Estas s\u00e3o \u00e1reas onde a pele \u00e9 mais sens\u00edvel e onde os procedimentos devem ser escolhidos com muita cautela pelo risco de deixar les\u00f5es inest\u00e9ticas. As tr\u00eas regi\u00f5es sofrem muito com\u00a0 a exposi\u00e7\u00e3o solar que causa <a href=\"https:\/\/www.dravivianloureiro.com.br\/blog\/rejuvenescimento\/\" class=\"more-link\"><span>Continue lendo<\/span>\u2192<\/a><\/p>\n","protected":false},"author":1,"featured_media":4273,"comment_status":"open","ping_status":"open","sticky":false,"template":"","format":"standard","meta":[],"categories":[368,5,419,420,134,423],"tags":[396,421,422],"yoast_head":"<!-- This site is optimized with the Yoast SEO plugin v20.6 - https:\/\/yoast.com\/wordpress\/plugins\/seo\/ -->\n<title>Rejuvenescimento Tridimensional - Beauty Beyond Skin Dermatologia Especializada<\/title>\n<meta name=\"description\" content=\"A textura da pele \u00e9 fruto da sa\u00fade interna da pele. Este \u00e9 o primeiro passo para uma pele saud\u00e1vel. Entenda aqui principais t\u00e9cnicas para rejuvenescimento. Dra Gabriela Casabona \u00e9 Dermatologista Especialista em Rejuvenescimento em S\u00e3o Paulo - tel: +55 11 3668-5910 - R. Dr Veiga Filho, 350 \u2013 1 andar Higien\u00f3polis\" \/>\n<meta name=\"robots\" content=\"index, follow, max-snippet:-1, max-image-preview:large, max-video-preview:-1\" \/>\n<link rel=\"canonical\" href=\"https:\/\/www.dravivianloureiro.com.br\/blog\/rejuvenescimento\/\" \/>\n<meta property=\"og:locale\" content=\"pt_BR\" \/>\n<meta property=\"og:type\" content=\"article\" \/>\n<meta property=\"og:title\" content=\"Rejuvenescimento Tridimensional - Beauty Beyond Skin Dermatologia Especializada\" \/>\n<meta property=\"og:description\" content=\"A textura da pele \u00e9 fruto da sa\u00fade interna da pele. Este \u00e9 o primeiro passo para uma pele saud\u00e1vel. Entenda aqui principais t\u00e9cnicas para rejuvenescimento. Dra Gabriela Casabona \u00e9 Dermatologista Especialista em Rejuvenescimento em S\u00e3o Paulo - tel: +55 11 3668-5910 - R. Dr Veiga Filho, 350 \u2013 1 andar Higien\u00f3polis\" \/>\n<meta property=\"og:url\" content=\"https:\/\/www.dravivianloureiro.com.br\/blog\/rejuvenescimento\/\" \/>\n<meta property=\"og:site_name\" content=\"Dra. Vivian Loureiro\" \/>\n<meta property=\"article:publisher\" content=\"https:\/\/pt-br.facebook.com\/vivianloureirodermatologia\/\" \/>\n<meta property=\"article:author\" content=\"https:\/\/pt-br.facebook.com\/vivianloureirodermatologia\/\" \/>\n<meta property=\"article:published_time\" content=\"2011-10-28T12:52:29+00:00\" \/>\n<meta name=\"author\" content=\"Vivian Loureiro\" \/>\n<meta name=\"twitter:card\" content=\"summary_large_image\" \/>\n<meta name=\"twitter:label1\" content=\"Escrito por\" \/>\n\t<meta name=\"twitter:data1\" content=\"Vivian Loureiro\" \/>\n\t<meta name=\"twitter:label2\" content=\"Est. tempo de leitura\" \/>\n\t<meta name=\"twitter:data2\" content=\"5 minutos\" \/>\n<script type=\"application\/ld+json\" class=\"yoast-schema-graph\">{\"@context\":\"https:\/\/schema.org\",\"@graph\":[{\"@type\":\"Article\",\"@id\":\"https:\/\/www.dravivianloureiro.com.br\/blog\/rejuvenescimento\/#article\",\"isPartOf\":{\"@id\":\"https:\/\/www.dravivianloureiro.com.br\/blog\/rejuvenescimento\/\"},\"author\":{\"name\":\"Vivian Loureiro\",\"@id\":\"https:\/\/www.dravivianloureiro.com.br\/blog\/#\/schema\/person\/f6272c0e48dae4364ef626c598c5cb84\"},\"headline\":\"Rejuvenescimento\",\"datePublished\":\"2011-10-28T12:52:29+00:00\",\"dateModified\":\"2011-10-28T12:52:29+00:00\",\"mainEntityOfPage\":{\"@id\":\"https:\/\/www.dravivianloureiro.com.br\/blog\/rejuvenescimento\/\"},\"wordCount\":972,\"commentCount\":0,\"publisher\":{\"@id\":\"https:\/\/www.dravivianloureiro.com.br\/blog\/#organization\"},\"keywords\":[\"rejuvenescimento\",\"rejuvenescimento 3d\",\"rejuvenescimento das m\u00e3os\"],\"articleSection\":[\"Est\u00e9ticos\",\"Flacidez\",\"P\u00e1lpebras\",\"Pele: Estrutura 3D\",\"Rejuvenescimento\",\"Rugas\"],\"inLanguage\":\"pt-BR\",\"potentialAction\":[{\"@type\":\"CommentAction\",\"name\":\"Comment\",\"target\":[\"https:\/\/www.dravivianloureiro.com.br\/blog\/rejuvenescimento\/#respond\"]}]},{\"@type\":\"WebPage\",\"@id\":\"https:\/\/www.dravivianloureiro.com.br\/blog\/rejuvenescimento\/\",\"url\":\"https:\/\/www.dravivianloureiro.com.br\/blog\/rejuvenescimento\/\",\"name\":\"Rejuvenescimento Tridimensional - Beauty Beyond Skin Dermatologia Especializada\",\"isPartOf\":{\"@id\":\"https:\/\/www.dravivianloureiro.com.br\/blog\/#website\"},\"datePublished\":\"2011-10-28T12:52:29+00:00\",\"dateModified\":\"2011-10-28T12:52:29+00:00\",\"description\":\"A textura da pele \u00e9 fruto da sa\u00fade interna da pele. Este \u00e9 o primeiro passo para uma pele saud\u00e1vel. Entenda aqui principais t\u00e9cnicas para rejuvenescimento. Dra Gabriela Casabona \u00e9 Dermatologista Especialista em Rejuvenescimento em S\u00e3o Paulo - tel: +55 11 3668-5910 - R. Dr Veiga Filho, 350 \u2013 1 andar Higien\u00f3polis\",\"breadcrumb\":{\"@id\":\"https:\/\/www.dravivianloureiro.com.br\/blog\/rejuvenescimento\/#breadcrumb\"},\"inLanguage\":\"pt-BR\",\"potentialAction\":[{\"@type\":\"ReadAction\",\"target\":[\"https:\/\/www.dravivianloureiro.com.br\/blog\/rejuvenescimento\/\"]}]},{\"@type\":\"BreadcrumbList\",\"@id\":\"https:\/\/www.dravivianloureiro.com.br\/blog\/rejuvenescimento\/#breadcrumb\",\"itemListElement\":[{\"@type\":\"ListItem\",\"position\":1,\"name\":\"In\u00edcio\",\"item\":\"https:\/\/www.dravivianloureiro.com.br\/blog\/\"},{\"@type\":\"ListItem\",\"position\":2,\"name\":\"Rejuvenescimento\"}]},{\"@type\":\"WebSite\",\"@id\":\"https:\/\/www.dravivianloureiro.com.br\/blog\/#website\",\"url\":\"https:\/\/www.dravivianloureiro.com.br\/blog\/\",\"name\":\"Dermatologista Vivian Loureiro\",\"description\":\"\",\"publisher\":{\"@id\":\"https:\/\/www.dravivianloureiro.com.br\/blog\/#organization\"},\"potentialAction\":[{\"@type\":\"SearchAction\",\"target\":{\"@type\":\"EntryPoint\",\"urlTemplate\":\"https:\/\/www.dravivianloureiro.com.br\/blog\/?s={search_term_string}\"},\"query-input\":\"required name=search_term_string\"}],\"inLanguage\":\"pt-BR\"},{\"@type\":\"Organization\",\"@id\":\"https:\/\/www.dravivianloureiro.com.br\/blog\/#organization\",\"name\":\"Dra. Vivian Loureiro - Dermatologista Em S\u00e3o Paulo\",\"url\":\"https:\/\/www.dravivianloureiro.com.br\/blog\/\",\"logo\":{\"@type\":\"ImageObject\",\"inLanguage\":\"pt-BR\",\"@id\":\"https:\/\/www.dravivianloureiro.com.br\/blog\/#\/schema\/logo\/image\/\",\"url\":\"https:\/\/www.dravivianloureiro.com.br\/blog\/wp-content\/uploads\/2018\/08\/favicon.jpg\",\"contentUrl\":\"https:\/\/www.dravivianloureiro.com.br\/blog\/wp-content\/uploads\/2018\/08\/favicon.jpg\",\"width\":112,\"height\":112,\"caption\":\"Dra. Vivian Loureiro - Dermatologista Em S\u00e3o Paulo\"},\"image\":{\"@id\":\"https:\/\/www.dravivianloureiro.com.br\/blog\/#\/schema\/logo\/image\/\"},\"sameAs\":[\"https:\/\/pt-br.facebook.com\/vivianloureirodermatologia\/\",\"https:\/\/www.instagram.com\/vivianloureirodermatologia\/\",\"https:\/\/www.linkedin.com\/in\/vivian-barzi-loureiro-a6412887\/\"]},{\"@type\":\"Person\",\"@id\":\"https:\/\/www.dravivianloureiro.com.br\/blog\/#\/schema\/person\/f6272c0e48dae4364ef626c598c5cb84\",\"name\":\"Vivian Loureiro\",\"image\":{\"@type\":\"ImageObject\",\"inLanguage\":\"pt-BR\",\"@id\":\"https:\/\/www.dravivianloureiro.com.br\/blog\/#\/schema\/person\/image\/\",\"url\":\"https:\/\/secure.gravatar.com\/avatar\/8ee2b0fae98657240c77e822ae139ad3?s=96&d=wp_user_avatar&r=g\",\"contentUrl\":\"https:\/\/secure.gravatar.com\/avatar\/8ee2b0fae98657240c77e822ae139ad3?s=96&d=wp_user_avatar&r=g\",\"caption\":\"Vivian Loureiro\"},\"description\":\"M\u00e9dica formada pela Universidade de S\u00e3o Paulo (USP). Realizou resid\u00eancia m\u00e9dica em Dermatologia e complementa\u00e7\u00e3o em Cosmiatria e Laser pelo departamento de Dermatologia do Hospital das Cl\u00ednicas da Faculdade de Medicina da Universidade de S\u00e3o Paulo (USP). Possui t\u00edtulo de especialista em Dermatologia. \u00c9 membro da Sociedade Brasileira de Dermatologia (SBD) e Sociedade Brasileira de Cirurgia Dermatol\u00f3gica (SBCD) e m\u00e9dica do grupo Fleury. Atua nas \u00e1reas de Dermatologia Cl\u00ednica, Cir\u00fargica, Pedi\u00e1trica e Est\u00e9tica. Frequenta e palestra nos principais cursos e congressos de dermatologia, nacionais e internacionais, a fim de se manter em constante atualiza\u00e7\u00e3o.\",\"sameAs\":[\"https:\/\/www.dravivianloureiro.com.br\/\",\"https:\/\/pt-br.facebook.com\/vivianloureirodermatologia\/\",\"https:\/\/www.instagram.com\/vivianloureirodermatologia\/\",\"https:\/\/www.linkedin.com\/in\/vivian-barzi-loureiro-a6412887\/\"]}]}<\/script>\n<!-- \/ Yoast SEO plugin. -->","yoast_head_json":{"title":"Rejuvenescimento Tridimensional - Beauty Beyond Skin Dermatologia Especializada","description":"A textura da pele \u00e9 fruto da sa\u00fade interna da pele. Este \u00e9 o primeiro passo para uma pele saud\u00e1vel. Entenda aqui principais t\u00e9cnicas para rejuvenescimento. Dra Gabriela Casabona \u00e9 Dermatologista Especialista em Rejuvenescimento em S\u00e3o Paulo - tel: +55 11 3668-5910 - R. Dr Veiga Filho, 350 \u2013 1 andar Higien\u00f3polis","robots":{"index":"index","follow":"follow","max-snippet":"max-snippet:-1","max-image-preview":"max-image-preview:large","max-video-preview":"max-video-preview:-1"},"canonical":"https:\/\/www.dravivianloureiro.com.br\/blog\/rejuvenescimento\/","og_locale":"pt_BR","og_type":"article","og_title":"Rejuvenescimento Tridimensional - Beauty Beyond Skin Dermatologia Especializada","og_description":"A textura da pele \u00e9 fruto da sa\u00fade interna da pele. Este \u00e9 o primeiro passo para uma pele saud\u00e1vel. Entenda aqui principais t\u00e9cnicas para rejuvenescimento. Dra Gabriela Casabona \u00e9 Dermatologista Especialista em Rejuvenescimento em S\u00e3o Paulo - tel: +55 11 3668-5910 - R. Dr Veiga Filho, 350 \u2013 1 andar Higien\u00f3polis","og_url":"https:\/\/www.dravivianloureiro.com.br\/blog\/rejuvenescimento\/","og_site_name":"Dra. Vivian Loureiro","article_publisher":"https:\/\/pt-br.facebook.com\/vivianloureirodermatologia\/","article_author":"https:\/\/pt-br.facebook.com\/vivianloureirodermatologia\/","article_published_time":"2011-10-28T12:52:29+00:00","author":"Vivian Loureiro","twitter_card":"summary_large_image","twitter_misc":{"Escrito por":"Vivian Loureiro","Est. tempo de leitura":"5 minutos"},"schema":{"@context":"https:\/\/schema.org","@graph":[{"@type":"Article","@id":"https:\/\/www.dravivianloureiro.com.br\/blog\/rejuvenescimento\/#article","isPartOf":{"@id":"https:\/\/www.dravivianloureiro.com.br\/blog\/rejuvenescimento\/"},"author":{"name":"Vivian Loureiro","@id":"https:\/\/www.dravivianloureiro.com.br\/blog\/#\/schema\/person\/f6272c0e48dae4364ef626c598c5cb84"},"headline":"Rejuvenescimento","datePublished":"2011-10-28T12:52:29+00:00","dateModified":"2011-10-28T12:52:29+00:00","mainEntityOfPage":{"@id":"https:\/\/www.dravivianloureiro.com.br\/blog\/rejuvenescimento\/"},"wordCount":972,"commentCount":0,"publisher":{"@id":"https:\/\/www.dravivianloureiro.com.br\/blog\/#organization"},"keywords":["rejuvenescimento","rejuvenescimento 3d","rejuvenescimento das m\u00e3os"],"articleSection":["Est\u00e9ticos","Flacidez","P\u00e1lpebras","Pele: Estrutura 3D","Rejuvenescimento","Rugas"],"inLanguage":"pt-BR","potentialAction":[{"@type":"CommentAction","name":"Comment","target":["https:\/\/www.dravivianloureiro.com.br\/blog\/rejuvenescimento\/#respond"]}]},{"@type":"WebPage","@id":"https:\/\/www.dravivianloureiro.com.br\/blog\/rejuvenescimento\/","url":"https:\/\/www.dravivianloureiro.com.br\/blog\/rejuvenescimento\/","name":"Rejuvenescimento Tridimensional - Beauty Beyond Skin Dermatologia Especializada","isPartOf":{"@id":"https:\/\/www.dravivianloureiro.com.br\/blog\/#website"},"datePublished":"2011-10-28T12:52:29+00:00","dateModified":"2011-10-28T12:52:29+00:00","description":"A textura da pele \u00e9 fruto da sa\u00fade interna da pele. Este \u00e9 o primeiro passo para uma pele saud\u00e1vel. Entenda aqui principais t\u00e9cnicas para rejuvenescimento. Dra Gabriela Casabona \u00e9 Dermatologista Especialista em Rejuvenescimento em S\u00e3o Paulo - tel: +55 11 3668-5910 - R. Dr Veiga Filho, 350 \u2013 1 andar Higien\u00f3polis","breadcrumb":{"@id":"https:\/\/www.dravivianloureiro.com.br\/blog\/rejuvenescimento\/#breadcrumb"},"inLanguage":"pt-BR","potentialAction":[{"@type":"ReadAction","target":["https:\/\/www.dravivianloureiro.com.br\/blog\/rejuvenescimento\/"]}]},{"@type":"BreadcrumbList","@id":"https:\/\/www.dravivianloureiro.com.br\/blog\/rejuvenescimento\/#breadcrumb","itemListElement":[{"@type":"ListItem","position":1,"name":"In\u00edcio","item":"https:\/\/www.dravivianloureiro.com.br\/blog\/"},{"@type":"ListItem","position":2,"name":"Rejuvenescimento"}]},{"@type":"WebSite","@id":"https:\/\/www.dravivianloureiro.com.br\/blog\/#website","url":"https:\/\/www.dravivianloureiro.com.br\/blog\/","name":"Dermatologista Vivian Loureiro","description":"","publisher":{"@id":"https:\/\/www.dravivianloureiro.com.br\/blog\/#organization"},"potentialAction":[{"@type":"SearchAction","target":{"@type":"EntryPoint","urlTemplate":"https:\/\/www.dravivianloureiro.com.br\/blog\/?s={search_term_string}"},"query-input":"required name=search_term_string"}],"inLanguage":"pt-BR"},{"@type":"Organization","@id":"https:\/\/www.dravivianloureiro.com.br\/blog\/#organization","name":"Dra. Vivian Loureiro - Dermatologista Em S\u00e3o Paulo","url":"https:\/\/www.dravivianloureiro.com.br\/blog\/","logo":{"@type":"ImageObject","inLanguage":"pt-BR","@id":"https:\/\/www.dravivianloureiro.com.br\/blog\/#\/schema\/logo\/image\/","url":"https:\/\/www.dravivianloureiro.com.br\/blog\/wp-content\/uploads\/2018\/08\/favicon.jpg","contentUrl":"https:\/\/www.dravivianloureiro.com.br\/blog\/wp-content\/uploads\/2018\/08\/favicon.jpg","width":112,"height":112,"caption":"Dra. Vivian Loureiro - Dermatologista Em S\u00e3o Paulo"},"image":{"@id":"https:\/\/www.dravivianloureiro.com.br\/blog\/#\/schema\/logo\/image\/"},"sameAs":["https:\/\/pt-br.facebook.com\/vivianloureirodermatologia\/","https:\/\/www.instagram.com\/vivianloureirodermatologia\/","https:\/\/www.linkedin.com\/in\/vivian-barzi-loureiro-a6412887\/"]},{"@type":"Person","@id":"https:\/\/www.dravivianloureiro.com.br\/blog\/#\/schema\/person\/f6272c0e48dae4364ef626c598c5cb84","name":"Vivian Loureiro","image":{"@type":"ImageObject","inLanguage":"pt-BR","@id":"https:\/\/www.dravivianloureiro.com.br\/blog\/#\/schema\/person\/image\/","url":"https:\/\/secure.gravatar.com\/avatar\/8ee2b0fae98657240c77e822ae139ad3?s=96&d=wp_user_avatar&r=g","contentUrl":"https:\/\/secure.gravatar.com\/avatar\/8ee2b0fae98657240c77e822ae139ad3?s=96&d=wp_user_avatar&r=g","caption":"Vivian Loureiro"},"description":"M\u00e9dica formada pela Universidade de S\u00e3o Paulo (USP). Realizou resid\u00eancia m\u00e9dica em Dermatologia e complementa\u00e7\u00e3o em Cosmiatria e Laser pelo departamento de Dermatologia do Hospital das Cl\u00ednicas da Faculdade de Medicina da Universidade de S\u00e3o Paulo (USP). Possui t\u00edtulo de especialista em Dermatologia. \u00c9 membro da Sociedade Brasileira de Dermatologia (SBD) e Sociedade Brasileira de Cirurgia Dermatol\u00f3gica (SBCD) e m\u00e9dica do grupo Fleury. Atua nas \u00e1reas de Dermatologia Cl\u00ednica, Cir\u00fargica, Pedi\u00e1trica e Est\u00e9tica. Frequenta e palestra nos principais cursos e congressos de dermatologia, nacionais e internacionais, a fim de se manter em constante atualiza\u00e7\u00e3o.","sameAs":["https:\/\/www.dravivianloureiro.com.br\/","https:\/\/pt-br.facebook.com\/vivianloureirodermatologia\/","https:\/\/www.instagram.com\/vivianloureirodermatologia\/","https:\/\/www.linkedin.com\/in\/vivian-barzi-loureiro-a6412887\/"]}]}},"amp_enabled":true,"_links":{"self":[{"href":"https:\/\/www.dravivianloureiro.com.br\/blog\/wp-json\/wp\/v2\/posts\/342"}],"collection":[{"href":"https:\/\/www.dravivianloureiro.com.br\/blog\/wp-json\/wp\/v2\/posts"}],"about":[{"href":"https:\/\/www.dravivianloureiro.com.br\/blog\/wp-json\/wp\/v2\/types\/post"}],"author":[{"embeddable":true,"href":"https:\/\/www.dravivianloureiro.com.br\/blog\/wp-json\/wp\/v2\/users\/1"}],"replies":[{"embeddable":true,"href":"https:\/\/www.dravivianloureiro.com.br\/blog\/wp-json\/wp\/v2\/comments?post=342"}],"version-history":[{"count":0,"href":"https:\/\/www.dravivianloureiro.com.br\/blog\/wp-json\/wp\/v2\/posts\/342\/revisions"}],"wp:featuredmedia":[{"embeddable":true,"href":"https:\/\/www.dravivianloureiro.com.br\/blog\/wp-json\/"}],"wp:attachment":[{"href":"https:\/\/www.dravivianloureiro.com.br\/blog\/wp-json\/wp\/v2\/media?parent=342"}],"wp:term":[{"taxonomy":"category","embeddable":true,"href":"https:\/\/www.dravivianloureiro.com.br\/blog\/wp-json\/wp\/v2\/categories?post=342"},{"taxonomy":"post_tag","embeddable":true,"href":"https:\/\/www.dravivianloureiro.com.br\/blog\/wp-json\/wp\/v2\/tags?post=342"}],"curies":[{"name":"wp","href":"https:\/\/api.w.org\/{rel}","templated":true}]}}