{"id":3416,"date":"2011-10-28T17:43:49","date_gmt":"2011-10-28T17:43:49","guid":{"rendered":"http:\/\/www.gabrielacasabona.com.br\/blog\/?p=80"},"modified":"2011-10-28T17:43:49","modified_gmt":"2011-10-28T17:43:49","slug":"verao-a-estacao-da-hidratacao-da-cabeca-aos-pes","status":"publish","type":"post","link":"https:\/\/www.dravivianloureiro.com.br\/blog\/verao-a-estacao-da-hidratacao-da-cabeca-aos-pes\/","title":{"rendered":"Ver\u00e3o, a esta\u00e7\u00e3o da hidrata\u00e7\u00e3o, da cabe\u00e7a aos p\u00e9s!"},"content":{"rendered":"<p class=\"estimated-read-time\">Tempo de leitura:<small> menos de 1 minuto<\/small><\/p> <p>Voc\u00ea sabia que al\u00e9m do nosso corpo, o couro cabeludo tamb\u00e9m tem sede? O cabelo \u00e9 um reflexo das agress\u00f5es ambientais, e aberta a temporada de praia e piscina, todo cuidado \u00e9 pouco, principalmente para aqueles que j\u00e1 sofreram algum tipo de qu\u00edmica.<\/p>\n<p>Ao adquirir um produto, \u00e9 importante fazer uso daqueles que tem prote\u00e7\u00e3o solar, vitaminas A, B ou E. Para aqueles adeptos \u00e0 nata\u00e7\u00e3o e que se exp\u00f5e muito ao sol, o uso de shampoo a base de gel \u00e9 o mais apropriado.<\/p>\n<p>Temos como fonte a Dra. Gabriela Casabona, m\u00e9dica dermatologista e integrante da equipe do \u201c10 Anos Mais Jovem\u201d, do SBT, que pode indicar os tratamentos recomendados a cada tipo de cabelo e como hidrat\u00e1-los de forma correta na esta\u00e7\u00e3o mais vibrante do ano.<\/p>\n","protected":false},"excerpt":{"rendered":"<p><small> menos de 1 minuto<\/small> Voc\u00ea sabia que al\u00e9m do nosso corpo, o couro cabeludo tamb\u00e9m tem sede? O cabelo \u00e9 um reflexo das agress\u00f5es ambientais, e aberta a temporada de praia e piscina, todo cuidado \u00e9 pouco, principalmente para aqueles que j\u00e1 sofreram algum tipo de qu\u00edmica. Ao adquirir um produto, \u00e9 importante fazer uso daqueles que tem prote\u00e7\u00e3o solar, vitaminas A, B ou E. Para aqueles adeptos \u00e0 nata\u00e7\u00e3o e que se exp\u00f5e muito ao sol, o uso de shampoo a base de <a href=\"https:\/\/www.dravivianloureiro.com.br\/blog\/verao-a-estacao-da-hidratacao-da-cabeca-aos-pes\/\" class=\"more-link\"><span>Continue lendo<\/span>\u2192<\/a><\/p>\n","protected":false},"author":1,"featured_media":4285,"comment_status":"open","ping_status":"open","sticky":false,"template":"","format":"standard","meta":[],"categories":[374,363,365],"tags":[390,463,455],"yoast_head":"<!-- This site is optimized with the Yoast SEO plugin v20.6 - https:\/\/yoast.com\/wordpress\/plugins\/seo\/ -->\n<title>Hidrata\u00e7\u00e3o no Ver\u00e3o, Mantenha-se saud\u00e1vel da cabe\u00e7a aos p\u00e9s - Beauty Beyond Skin Dermatologia Tridimensional Especializada<\/title>\n<meta name=\"description\" content=\"Voc\u00ea sabia que al\u00e9m do nosso corpo, o couro cabeludo tamb\u00e9m tem sede? Nessa temporada de praia e piscina, todo cuidado \u00e9 pouco. confira algumas dicas. Dra Gabriela Casabona \u00e9 Dermatologista Especialista em Hidrata\u00e7\u00e3o em S\u00e3o Paulo - tel: +55 11 3668-5910 - R. Dr Veiga Filho, 350 \u2013 1 andar Higien\u00f3polis \u2013 S\u00e3o Paulo\" \/>\n<meta name=\"robots\" content=\"index, follow, max-snippet:-1, max-image-preview:large, max-video-preview:-1\" \/>\n<link rel=\"canonical\" href=\"https:\/\/www.dravivianloureiro.com.br\/blog\/verao-a-estacao-da-hidratacao-da-cabeca-aos-pes\/\" \/>\n<meta property=\"og:locale\" content=\"pt_BR\" \/>\n<meta property=\"og:type\" content=\"article\" \/>\n<meta property=\"og:title\" content=\"Hidrata\u00e7\u00e3o no Ver\u00e3o, Mantenha-se saud\u00e1vel da cabe\u00e7a aos p\u00e9s - Beauty Beyond Skin Dermatologia Tridimensional Especializada\" \/>\n<meta property=\"og:description\" content=\"Voc\u00ea sabia que al\u00e9m do nosso corpo, o couro cabeludo tamb\u00e9m tem sede? Nessa temporada de praia e piscina, todo cuidado \u00e9 pouco. confira algumas dicas. Dra Gabriela Casabona \u00e9 Dermatologista Especialista em Hidrata\u00e7\u00e3o em S\u00e3o Paulo - tel: +55 11 3668-5910 - R. Dr Veiga Filho, 350 \u2013 1 andar Higien\u00f3polis \u2013 S\u00e3o Paulo\" \/>\n<meta property=\"og:url\" content=\"https:\/\/www.dravivianloureiro.com.br\/blog\/verao-a-estacao-da-hidratacao-da-cabeca-aos-pes\/\" \/>\n<meta property=\"og:site_name\" content=\"Dra. Vivian Loureiro\" \/>\n<meta property=\"article:publisher\" content=\"https:\/\/pt-br.facebook.com\/vivianloureirodermatologia\/\" \/>\n<meta property=\"article:author\" content=\"https:\/\/pt-br.facebook.com\/vivianloureirodermatologia\/\" \/>\n<meta property=\"article:published_time\" content=\"2011-10-28T17:43:49+00:00\" \/>\n<meta name=\"author\" content=\"Vivian Loureiro\" \/>\n<meta name=\"twitter:card\" content=\"summary_large_image\" \/>\n<meta name=\"twitter:label1\" content=\"Escrito por\" \/>\n\t<meta name=\"twitter:data1\" content=\"Vivian Loureiro\" \/>\n\t<meta name=\"twitter:label2\" content=\"Est. tempo de leitura\" \/>\n\t<meta name=\"twitter:data2\" content=\"1 minuto\" \/>\n<script type=\"application\/ld+json\" class=\"yoast-schema-graph\">{\"@context\":\"https:\/\/schema.org\",\"@graph\":[{\"@type\":\"Article\",\"@id\":\"https:\/\/www.dravivianloureiro.com.br\/blog\/verao-a-estacao-da-hidratacao-da-cabeca-aos-pes\/#article\",\"isPartOf\":{\"@id\":\"https:\/\/www.dravivianloureiro.com.br\/blog\/verao-a-estacao-da-hidratacao-da-cabeca-aos-pes\/\"},\"author\":{\"name\":\"Vivian Loureiro\",\"@id\":\"https:\/\/www.dravivianloureiro.com.br\/blog\/#\/schema\/person\/f6272c0e48dae4364ef626c598c5cb84\"},\"headline\":\"Ver\u00e3o, a esta\u00e7\u00e3o da hidrata\u00e7\u00e3o, da cabe\u00e7a aos p\u00e9s!\",\"datePublished\":\"2011-10-28T17:43:49+00:00\",\"dateModified\":\"2011-10-28T17:43:49+00:00\",\"mainEntityOfPage\":{\"@id\":\"https:\/\/www.dravivianloureiro.com.br\/blog\/verao-a-estacao-da-hidratacao-da-cabeca-aos-pes\/\"},\"wordCount\":146,\"commentCount\":0,\"publisher\":{\"@id\":\"https:\/\/www.dravivianloureiro.com.br\/blog\/#organization\"},\"keywords\":[\"hidrata\u00e7\u00e3o\",\"pele\",\"ver\u00e3o\"],\"articleSection\":[\"Cabelos\",\"Dicas\",\"Terap\u00eauticos\"],\"inLanguage\":\"pt-BR\",\"potentialAction\":[{\"@type\":\"CommentAction\",\"name\":\"Comment\",\"target\":[\"https:\/\/www.dravivianloureiro.com.br\/blog\/verao-a-estacao-da-hidratacao-da-cabeca-aos-pes\/#respond\"]}]},{\"@type\":\"WebPage\",\"@id\":\"https:\/\/www.dravivianloureiro.com.br\/blog\/verao-a-estacao-da-hidratacao-da-cabeca-aos-pes\/\",\"url\":\"https:\/\/www.dravivianloureiro.com.br\/blog\/verao-a-estacao-da-hidratacao-da-cabeca-aos-pes\/\",\"name\":\"Hidrata\u00e7\u00e3o no Ver\u00e3o, Mantenha-se saud\u00e1vel da cabe\u00e7a aos p\u00e9s - Beauty Beyond Skin Dermatologia Tridimensional Especializada\",\"isPartOf\":{\"@id\":\"https:\/\/www.dravivianloureiro.com.br\/blog\/#website\"},\"datePublished\":\"2011-10-28T17:43:49+00:00\",\"dateModified\":\"2011-10-28T17:43:49+00:00\",\"description\":\"Voc\u00ea sabia que al\u00e9m do nosso corpo, o couro cabeludo tamb\u00e9m tem sede? Nessa temporada de praia e piscina, todo cuidado \u00e9 pouco. confira algumas dicas. Dra Gabriela Casabona \u00e9 Dermatologista Especialista em Hidrata\u00e7\u00e3o em S\u00e3o Paulo - tel: +55 11 3668-5910 - R. Dr Veiga Filho, 350 \u2013 1 andar Higien\u00f3polis \u2013 S\u00e3o Paulo\",\"breadcrumb\":{\"@id\":\"https:\/\/www.dravivianloureiro.com.br\/blog\/verao-a-estacao-da-hidratacao-da-cabeca-aos-pes\/#breadcrumb\"},\"inLanguage\":\"pt-BR\",\"potentialAction\":[{\"@type\":\"ReadAction\",\"target\":[\"https:\/\/www.dravivianloureiro.com.br\/blog\/verao-a-estacao-da-hidratacao-da-cabeca-aos-pes\/\"]}]},{\"@type\":\"BreadcrumbList\",\"@id\":\"https:\/\/www.dravivianloureiro.com.br\/blog\/verao-a-estacao-da-hidratacao-da-cabeca-aos-pes\/#breadcrumb\",\"itemListElement\":[{\"@type\":\"ListItem\",\"position\":1,\"name\":\"In\u00edcio\",\"item\":\"https:\/\/www.dravivianloureiro.com.br\/blog\/\"},{\"@type\":\"ListItem\",\"position\":2,\"name\":\"Ver\u00e3o, a esta\u00e7\u00e3o da hidrata\u00e7\u00e3o, da cabe\u00e7a aos p\u00e9s!\"}]},{\"@type\":\"WebSite\",\"@id\":\"https:\/\/www.dravivianloureiro.com.br\/blog\/#website\",\"url\":\"https:\/\/www.dravivianloureiro.com.br\/blog\/\",\"name\":\"Dermatologista Vivian Loureiro\",\"description\":\"\",\"publisher\":{\"@id\":\"https:\/\/www.dravivianloureiro.com.br\/blog\/#organization\"},\"potentialAction\":[{\"@type\":\"SearchAction\",\"target\":{\"@type\":\"EntryPoint\",\"urlTemplate\":\"https:\/\/www.dravivianloureiro.com.br\/blog\/?s={search_term_string}\"},\"query-input\":\"required name=search_term_string\"}],\"inLanguage\":\"pt-BR\"},{\"@type\":\"Organization\",\"@id\":\"https:\/\/www.dravivianloureiro.com.br\/blog\/#organization\",\"name\":\"Dra. Vivian Loureiro - Dermatologista Em S\u00e3o Paulo\",\"url\":\"https:\/\/www.dravivianloureiro.com.br\/blog\/\",\"logo\":{\"@type\":\"ImageObject\",\"inLanguage\":\"pt-BR\",\"@id\":\"https:\/\/www.dravivianloureiro.com.br\/blog\/#\/schema\/logo\/image\/\",\"url\":\"https:\/\/www.dravivianloureiro.com.br\/blog\/wp-content\/uploads\/2018\/08\/favicon.jpg\",\"contentUrl\":\"https:\/\/www.dravivianloureiro.com.br\/blog\/wp-content\/uploads\/2018\/08\/favicon.jpg\",\"width\":112,\"height\":112,\"caption\":\"Dra. Vivian Loureiro - Dermatologista Em S\u00e3o Paulo\"},\"image\":{\"@id\":\"https:\/\/www.dravivianloureiro.com.br\/blog\/#\/schema\/logo\/image\/\"},\"sameAs\":[\"https:\/\/pt-br.facebook.com\/vivianloureirodermatologia\/\",\"https:\/\/www.instagram.com\/vivianloureirodermatologia\/\",\"https:\/\/www.linkedin.com\/in\/vivian-barzi-loureiro-a6412887\/\"]},{\"@type\":\"Person\",\"@id\":\"https:\/\/www.dravivianloureiro.com.br\/blog\/#\/schema\/person\/f6272c0e48dae4364ef626c598c5cb84\",\"name\":\"Vivian Loureiro\",\"image\":{\"@type\":\"ImageObject\",\"inLanguage\":\"pt-BR\",\"@id\":\"https:\/\/www.dravivianloureiro.com.br\/blog\/#\/schema\/person\/image\/\",\"url\":\"https:\/\/secure.gravatar.com\/avatar\/8ee2b0fae98657240c77e822ae139ad3?s=96&d=wp_user_avatar&r=g\",\"contentUrl\":\"https:\/\/secure.gravatar.com\/avatar\/8ee2b0fae98657240c77e822ae139ad3?s=96&d=wp_user_avatar&r=g\",\"caption\":\"Vivian Loureiro\"},\"description\":\"M\u00e9dica formada pela Universidade de S\u00e3o Paulo (USP). Realizou resid\u00eancia m\u00e9dica em Dermatologia e complementa\u00e7\u00e3o em Cosmiatria e Laser pelo departamento de Dermatologia do Hospital das Cl\u00ednicas da Faculdade de Medicina da Universidade de S\u00e3o Paulo (USP). Possui t\u00edtulo de especialista em Dermatologia. \u00c9 membro da Sociedade Brasileira de Dermatologia (SBD) e Sociedade Brasileira de Cirurgia Dermatol\u00f3gica (SBCD) e m\u00e9dica do grupo Fleury. Atua nas \u00e1reas de Dermatologia Cl\u00ednica, Cir\u00fargica, Pedi\u00e1trica e Est\u00e9tica. Frequenta e palestra nos principais cursos e congressos de dermatologia, nacionais e internacionais, a fim de se manter em constante atualiza\u00e7\u00e3o.\",\"sameAs\":[\"https:\/\/www.dravivianloureiro.com.br\/\",\"https:\/\/pt-br.facebook.com\/vivianloureirodermatologia\/\",\"https:\/\/www.instagram.com\/vivianloureirodermatologia\/\",\"https:\/\/www.linkedin.com\/in\/vivian-barzi-loureiro-a6412887\/\"]}]}<\/script>\n<!-- \/ Yoast SEO plugin. -->","yoast_head_json":{"title":"Hidrata\u00e7\u00e3o no Ver\u00e3o, Mantenha-se saud\u00e1vel da cabe\u00e7a aos p\u00e9s - Beauty Beyond Skin Dermatologia Tridimensional Especializada","description":"Voc\u00ea sabia que al\u00e9m do nosso corpo, o couro cabeludo tamb\u00e9m tem sede? Nessa temporada de praia e piscina, todo cuidado \u00e9 pouco. confira algumas dicas. Dra Gabriela Casabona \u00e9 Dermatologista Especialista em Hidrata\u00e7\u00e3o em S\u00e3o Paulo - tel: +55 11 3668-5910 - R. Dr Veiga Filho, 350 \u2013 1 andar Higien\u00f3polis \u2013 S\u00e3o Paulo","robots":{"index":"index","follow":"follow","max-snippet":"max-snippet:-1","max-image-preview":"max-image-preview:large","max-video-preview":"max-video-preview:-1"},"canonical":"https:\/\/www.dravivianloureiro.com.br\/blog\/verao-a-estacao-da-hidratacao-da-cabeca-aos-pes\/","og_locale":"pt_BR","og_type":"article","og_title":"Hidrata\u00e7\u00e3o no Ver\u00e3o, Mantenha-se saud\u00e1vel da cabe\u00e7a aos p\u00e9s - Beauty Beyond Skin Dermatologia Tridimensional Especializada","og_description":"Voc\u00ea sabia que al\u00e9m do nosso corpo, o couro cabeludo tamb\u00e9m tem sede? Nessa temporada de praia e piscina, todo cuidado \u00e9 pouco. confira algumas dicas. Dra Gabriela Casabona \u00e9 Dermatologista Especialista em Hidrata\u00e7\u00e3o em S\u00e3o Paulo - tel: +55 11 3668-5910 - R. Dr Veiga Filho, 350 \u2013 1 andar Higien\u00f3polis \u2013 S\u00e3o Paulo","og_url":"https:\/\/www.dravivianloureiro.com.br\/blog\/verao-a-estacao-da-hidratacao-da-cabeca-aos-pes\/","og_site_name":"Dra. Vivian Loureiro","article_publisher":"https:\/\/pt-br.facebook.com\/vivianloureirodermatologia\/","article_author":"https:\/\/pt-br.facebook.com\/vivianloureirodermatologia\/","article_published_time":"2011-10-28T17:43:49+00:00","author":"Vivian Loureiro","twitter_card":"summary_large_image","twitter_misc":{"Escrito por":"Vivian Loureiro","Est. tempo de leitura":"1 minuto"},"schema":{"@context":"https:\/\/schema.org","@graph":[{"@type":"Article","@id":"https:\/\/www.dravivianloureiro.com.br\/blog\/verao-a-estacao-da-hidratacao-da-cabeca-aos-pes\/#article","isPartOf":{"@id":"https:\/\/www.dravivianloureiro.com.br\/blog\/verao-a-estacao-da-hidratacao-da-cabeca-aos-pes\/"},"author":{"name":"Vivian Loureiro","@id":"https:\/\/www.dravivianloureiro.com.br\/blog\/#\/schema\/person\/f6272c0e48dae4364ef626c598c5cb84"},"headline":"Ver\u00e3o, a esta\u00e7\u00e3o da hidrata\u00e7\u00e3o, da cabe\u00e7a aos p\u00e9s!","datePublished":"2011-10-28T17:43:49+00:00","dateModified":"2011-10-28T17:43:49+00:00","mainEntityOfPage":{"@id":"https:\/\/www.dravivianloureiro.com.br\/blog\/verao-a-estacao-da-hidratacao-da-cabeca-aos-pes\/"},"wordCount":146,"commentCount":0,"publisher":{"@id":"https:\/\/www.dravivianloureiro.com.br\/blog\/#organization"},"keywords":["hidrata\u00e7\u00e3o","pele","ver\u00e3o"],"articleSection":["Cabelos","Dicas","Terap\u00eauticos"],"inLanguage":"pt-BR","potentialAction":[{"@type":"CommentAction","name":"Comment","target":["https:\/\/www.dravivianloureiro.com.br\/blog\/verao-a-estacao-da-hidratacao-da-cabeca-aos-pes\/#respond"]}]},{"@type":"WebPage","@id":"https:\/\/www.dravivianloureiro.com.br\/blog\/verao-a-estacao-da-hidratacao-da-cabeca-aos-pes\/","url":"https:\/\/www.dravivianloureiro.com.br\/blog\/verao-a-estacao-da-hidratacao-da-cabeca-aos-pes\/","name":"Hidrata\u00e7\u00e3o no Ver\u00e3o, Mantenha-se saud\u00e1vel da cabe\u00e7a aos p\u00e9s - Beauty Beyond Skin Dermatologia Tridimensional Especializada","isPartOf":{"@id":"https:\/\/www.dravivianloureiro.com.br\/blog\/#website"},"datePublished":"2011-10-28T17:43:49+00:00","dateModified":"2011-10-28T17:43:49+00:00","description":"Voc\u00ea sabia que al\u00e9m do nosso corpo, o couro cabeludo tamb\u00e9m tem sede? Nessa temporada de praia e piscina, todo cuidado \u00e9 pouco. confira algumas dicas. Dra Gabriela Casabona \u00e9 Dermatologista Especialista em Hidrata\u00e7\u00e3o em S\u00e3o Paulo - tel: +55 11 3668-5910 - R. Dr Veiga Filho, 350 \u2013 1 andar Higien\u00f3polis \u2013 S\u00e3o Paulo","breadcrumb":{"@id":"https:\/\/www.dravivianloureiro.com.br\/blog\/verao-a-estacao-da-hidratacao-da-cabeca-aos-pes\/#breadcrumb"},"inLanguage":"pt-BR","potentialAction":[{"@type":"ReadAction","target":["https:\/\/www.dravivianloureiro.com.br\/blog\/verao-a-estacao-da-hidratacao-da-cabeca-aos-pes\/"]}]},{"@type":"BreadcrumbList","@id":"https:\/\/www.dravivianloureiro.com.br\/blog\/verao-a-estacao-da-hidratacao-da-cabeca-aos-pes\/#breadcrumb","itemListElement":[{"@type":"ListItem","position":1,"name":"In\u00edcio","item":"https:\/\/www.dravivianloureiro.com.br\/blog\/"},{"@type":"ListItem","position":2,"name":"Ver\u00e3o, a esta\u00e7\u00e3o da hidrata\u00e7\u00e3o, da cabe\u00e7a aos p\u00e9s!"}]},{"@type":"WebSite","@id":"https:\/\/www.dravivianloureiro.com.br\/blog\/#website","url":"https:\/\/www.dravivianloureiro.com.br\/blog\/","name":"Dermatologista Vivian Loureiro","description":"","publisher":{"@id":"https:\/\/www.dravivianloureiro.com.br\/blog\/#organization"},"potentialAction":[{"@type":"SearchAction","target":{"@type":"EntryPoint","urlTemplate":"https:\/\/www.dravivianloureiro.com.br\/blog\/?s={search_term_string}"},"query-input":"required name=search_term_string"}],"inLanguage":"pt-BR"},{"@type":"Organization","@id":"https:\/\/www.dravivianloureiro.com.br\/blog\/#organization","name":"Dra. Vivian Loureiro - Dermatologista Em S\u00e3o Paulo","url":"https:\/\/www.dravivianloureiro.com.br\/blog\/","logo":{"@type":"ImageObject","inLanguage":"pt-BR","@id":"https:\/\/www.dravivianloureiro.com.br\/blog\/#\/schema\/logo\/image\/","url":"https:\/\/www.dravivianloureiro.com.br\/blog\/wp-content\/uploads\/2018\/08\/favicon.jpg","contentUrl":"https:\/\/www.dravivianloureiro.com.br\/blog\/wp-content\/uploads\/2018\/08\/favicon.jpg","width":112,"height":112,"caption":"Dra. Vivian Loureiro - Dermatologista Em S\u00e3o Paulo"},"image":{"@id":"https:\/\/www.dravivianloureiro.com.br\/blog\/#\/schema\/logo\/image\/"},"sameAs":["https:\/\/pt-br.facebook.com\/vivianloureirodermatologia\/","https:\/\/www.instagram.com\/vivianloureirodermatologia\/","https:\/\/www.linkedin.com\/in\/vivian-barzi-loureiro-a6412887\/"]},{"@type":"Person","@id":"https:\/\/www.dravivianloureiro.com.br\/blog\/#\/schema\/person\/f6272c0e48dae4364ef626c598c5cb84","name":"Vivian Loureiro","image":{"@type":"ImageObject","inLanguage":"pt-BR","@id":"https:\/\/www.dravivianloureiro.com.br\/blog\/#\/schema\/person\/image\/","url":"https:\/\/secure.gravatar.com\/avatar\/8ee2b0fae98657240c77e822ae139ad3?s=96&d=wp_user_avatar&r=g","contentUrl":"https:\/\/secure.gravatar.com\/avatar\/8ee2b0fae98657240c77e822ae139ad3?s=96&d=wp_user_avatar&r=g","caption":"Vivian Loureiro"},"description":"M\u00e9dica formada pela Universidade de S\u00e3o Paulo (USP). Realizou resid\u00eancia m\u00e9dica em Dermatologia e complementa\u00e7\u00e3o em Cosmiatria e Laser pelo departamento de Dermatologia do Hospital das Cl\u00ednicas da Faculdade de Medicina da Universidade de S\u00e3o Paulo (USP). Possui t\u00edtulo de especialista em Dermatologia. \u00c9 membro da Sociedade Brasileira de Dermatologia (SBD) e Sociedade Brasileira de Cirurgia Dermatol\u00f3gica (SBCD) e m\u00e9dica do grupo Fleury. Atua nas \u00e1reas de Dermatologia Cl\u00ednica, Cir\u00fargica, Pedi\u00e1trica e Est\u00e9tica. Frequenta e palestra nos principais cursos e congressos de dermatologia, nacionais e internacionais, a fim de se manter em constante atualiza\u00e7\u00e3o.","sameAs":["https:\/\/www.dravivianloureiro.com.br\/","https:\/\/pt-br.facebook.com\/vivianloureirodermatologia\/","https:\/\/www.instagram.com\/vivianloureirodermatologia\/","https:\/\/www.linkedin.com\/in\/vivian-barzi-loureiro-a6412887\/"]}]}},"amp_enabled":true,"_links":{"self":[{"href":"https:\/\/www.dravivianloureiro.com.br\/blog\/wp-json\/wp\/v2\/posts\/3416"}],"collection":[{"href":"https:\/\/www.dravivianloureiro.com.br\/blog\/wp-json\/wp\/v2\/posts"}],"about":[{"href":"https:\/\/www.dravivianloureiro.com.br\/blog\/wp-json\/wp\/v2\/types\/post"}],"author":[{"embeddable":true,"href":"https:\/\/www.dravivianloureiro.com.br\/blog\/wp-json\/wp\/v2\/users\/1"}],"replies":[{"embeddable":true,"href":"https:\/\/www.dravivianloureiro.com.br\/blog\/wp-json\/wp\/v2\/comments?post=3416"}],"version-history":[{"count":0,"href":"https:\/\/www.dravivianloureiro.com.br\/blog\/wp-json\/wp\/v2\/posts\/3416\/revisions"}],"wp:featuredmedia":[{"embeddable":true,"href":"https:\/\/www.dravivianloureiro.com.br\/blog\/wp-json\/"}],"wp:attachment":[{"href":"https:\/\/www.dravivianloureiro.com.br\/blog\/wp-json\/wp\/v2\/media?parent=3416"}],"wp:term":[{"taxonomy":"category","embeddable":true,"href":"https:\/\/www.dravivianloureiro.com.br\/blog\/wp-json\/wp\/v2\/categories?post=3416"},{"taxonomy":"post_tag","embeddable":true,"href":"https:\/\/www.dravivianloureiro.com.br\/blog\/wp-json\/wp\/v2\/tags?post=3416"}],"curies":[{"name":"wp","href":"https:\/\/api.w.org\/{rel}","templated":true}]}}