{"id":3415,"date":"2011-10-28T17:42:56","date_gmt":"2011-10-28T17:42:56","guid":{"rendered":"http:\/\/www.gabrielacasabona.com.br\/blog\/?p=78"},"modified":"2011-10-28T17:42:56","modified_gmt":"2011-10-28T17:42:56","slug":"verao-em-busca-da-nossa-melhor-forma","status":"publish","type":"post","link":"https:\/\/www.dravivianloureiro.com.br\/blog\/verao-em-busca-da-nossa-melhor-forma\/","title":{"rendered":"Ver\u00e3o: Em busca da nossa melhor forma."},"content":{"rendered":"<p class=\"estimated-read-time\">Tempo de leitura:<small> menos de 1 minuto<\/small><\/p> <h2>Algumas dicas para melhor forma no ver\u00e3o<\/h2>\n<h2>Contorno Corporal<\/h2>\n<p><strong>a. Mesoterapia + Massagem Modeladora\/ Linf\u00e1tica:<\/strong> tratamento que visa o aumento de metabolismo local para queima da gordura localizada e aumento da quebra\u00a0 da mesma pela massagem e tamb\u00e9m um aumento da vasculariza\u00e7\u00e3o local. S\u00e3o necess\u00e1rios acompanhamento nutricional e exerc\u00edcio f\u00edsico para um melhor resultado. S\u00e3o necess\u00e1rias no m\u00ednimo 10 sess\u00f5es 2 x por semana<\/p>\n<p><strong>b. Infravermelho Fracionado:<\/strong> tecnologia fracionada para estimulo de col\u00e1geno e elastina. Pode chegar a uma profundidade grande de at\u00e9 2,3 mm . \u00c9 muito usado para tratar flacidez corporal. Lux IR Deep<\/p>\n<p><strong>c. Carboxiterapia:<\/strong> g\u00e1s que injetado no local aumenta a vasculariza\u00e7\u00e3o e oxigena\u00e7\u00e3o local. Tem \u00f3timo resultado para celulite.<\/p>\n<p><strong>d. Subcis\u00e3o:<\/strong> t\u00e9cnica usada sob anestesia local para descolar a fibrose sob uma \u00e1rea de retra\u00e7\u00e3o ou celulite<\/p>\n<p>Sempre associados a dietas de reeduca\u00e7\u00e3o alimentar e exerc\u00edcio f\u00edsico tem um resultado 30-40 % maior.<\/p>\n","protected":false},"excerpt":{"rendered":"<p><small> menos de 1 minuto<\/small> Algumas dicas para melhor forma no ver\u00e3o Contorno Corporal a. Mesoterapia + Massagem Modeladora\/ Linf\u00e1tica: tratamento que visa o aumento de metabolismo local para queima da gordura localizada e aumento da quebra\u00a0 da mesma pela massagem e tamb\u00e9m um aumento da vasculariza\u00e7\u00e3o local. S\u00e3o necess\u00e1rios acompanhamento nutricional e exerc\u00edcio f\u00edsico para um melhor resultado. S\u00e3o necess\u00e1rias no m\u00ednimo 10 sess\u00f5es 2 x por semana b. Infravermelho Fracionado: tecnologia fracionada para estimulo de col\u00e1geno e elastina. Pode chegar a uma profundidade <a href=\"https:\/\/www.dravivianloureiro.com.br\/blog\/verao-em-busca-da-nossa-melhor-forma\/\" class=\"more-link\"><span>Continue lendo<\/span>\u2192<\/a><\/p>\n","protected":false},"author":1,"featured_media":4282,"comment_status":"open","ping_status":"open","sticky":false,"template":"","format":"standard","meta":[],"categories":[375,363,368],"tags":[462,455],"yoast_head":"<!-- This site is optimized with the Yoast SEO plugin v20.6 - https:\/\/yoast.com\/wordpress\/plugins\/seo\/ -->\n<title>Dicas para definir sua melhor forma para o ver\u00e3o - Beauty Beyond Skin<\/title>\n<meta name=\"description\" content=\"T\u00e9cnicas como Mesoterapia combinada com Massagem Modeladora\/Linf\u00e1tica \u00e9 uma das dicas est\u00e9ticas para manter a forma para o ver\u00e3o. confira as outras dicas. Dra Gabriela Casabona \u00e9 Dermatologista Especialista em Tratamentos Corporais em S\u00e3o Paulo - tel: +55 11 3668-5910 - R. Dr Veiga Filho, 350 - Higien\u00f3polis - SP\" \/>\n<meta name=\"robots\" content=\"index, follow, max-snippet:-1, max-image-preview:large, max-video-preview:-1\" \/>\n<link rel=\"canonical\" href=\"https:\/\/www.dravivianloureiro.com.br\/blog\/verao-em-busca-da-nossa-melhor-forma\/\" \/>\n<meta property=\"og:locale\" content=\"pt_BR\" \/>\n<meta property=\"og:type\" content=\"article\" \/>\n<meta property=\"og:title\" content=\"Dicas para definir sua melhor forma para o ver\u00e3o - Beauty Beyond Skin\" \/>\n<meta property=\"og:description\" content=\"T\u00e9cnicas como Mesoterapia combinada com Massagem Modeladora\/Linf\u00e1tica \u00e9 uma das dicas est\u00e9ticas para manter a forma para o ver\u00e3o. confira as outras dicas. Dra Gabriela Casabona \u00e9 Dermatologista Especialista em Tratamentos Corporais em S\u00e3o Paulo - tel: +55 11 3668-5910 - R. Dr Veiga Filho, 350 - Higien\u00f3polis - SP\" \/>\n<meta property=\"og:url\" content=\"https:\/\/www.dravivianloureiro.com.br\/blog\/verao-em-busca-da-nossa-melhor-forma\/\" \/>\n<meta property=\"og:site_name\" content=\"Dra. Vivian Loureiro\" \/>\n<meta property=\"article:publisher\" content=\"https:\/\/pt-br.facebook.com\/vivianloureirodermatologia\/\" \/>\n<meta property=\"article:author\" content=\"https:\/\/pt-br.facebook.com\/vivianloureirodermatologia\/\" \/>\n<meta property=\"article:published_time\" content=\"2011-10-28T17:42:56+00:00\" \/>\n<meta name=\"author\" content=\"Vivian Loureiro\" \/>\n<meta name=\"twitter:card\" content=\"summary_large_image\" \/>\n<meta name=\"twitter:label1\" content=\"Escrito por\" \/>\n\t<meta name=\"twitter:data1\" content=\"Vivian Loureiro\" \/>\n\t<meta name=\"twitter:label2\" content=\"Est. tempo de leitura\" \/>\n\t<meta name=\"twitter:data2\" content=\"1 minuto\" \/>\n<script type=\"application\/ld+json\" class=\"yoast-schema-graph\">{\"@context\":\"https:\/\/schema.org\",\"@graph\":[{\"@type\":\"Article\",\"@id\":\"https:\/\/www.dravivianloureiro.com.br\/blog\/verao-em-busca-da-nossa-melhor-forma\/#article\",\"isPartOf\":{\"@id\":\"https:\/\/www.dravivianloureiro.com.br\/blog\/verao-em-busca-da-nossa-melhor-forma\/\"},\"author\":{\"name\":\"Vivian Loureiro\",\"@id\":\"https:\/\/www.dravivianloureiro.com.br\/blog\/#\/schema\/person\/f6272c0e48dae4364ef626c598c5cb84\"},\"headline\":\"Ver\u00e3o: Em busca da nossa melhor forma.\",\"datePublished\":\"2011-10-28T17:42:56+00:00\",\"dateModified\":\"2011-10-28T17:42:56+00:00\",\"mainEntityOfPage\":{\"@id\":\"https:\/\/www.dravivianloureiro.com.br\/blog\/verao-em-busca-da-nossa-melhor-forma\/\"},\"wordCount\":171,\"commentCount\":0,\"publisher\":{\"@id\":\"https:\/\/www.dravivianloureiro.com.br\/blog\/#organization\"},\"keywords\":[\"dicas de ver\u00e3o\",\"ver\u00e3o\"],\"articleSection\":[\"Celulite\",\"Dicas\",\"Est\u00e9ticos\"],\"inLanguage\":\"pt-BR\",\"potentialAction\":[{\"@type\":\"CommentAction\",\"name\":\"Comment\",\"target\":[\"https:\/\/www.dravivianloureiro.com.br\/blog\/verao-em-busca-da-nossa-melhor-forma\/#respond\"]}]},{\"@type\":\"WebPage\",\"@id\":\"https:\/\/www.dravivianloureiro.com.br\/blog\/verao-em-busca-da-nossa-melhor-forma\/\",\"url\":\"https:\/\/www.dravivianloureiro.com.br\/blog\/verao-em-busca-da-nossa-melhor-forma\/\",\"name\":\"Dicas para definir sua melhor forma para o ver\u00e3o - Beauty Beyond Skin\",\"isPartOf\":{\"@id\":\"https:\/\/www.dravivianloureiro.com.br\/blog\/#website\"},\"datePublished\":\"2011-10-28T17:42:56+00:00\",\"dateModified\":\"2011-10-28T17:42:56+00:00\",\"description\":\"T\u00e9cnicas como Mesoterapia combinada com Massagem Modeladora\/Linf\u00e1tica \u00e9 uma das dicas est\u00e9ticas para manter a forma para o ver\u00e3o. confira as outras dicas. Dra Gabriela Casabona \u00e9 Dermatologista Especialista em Tratamentos Corporais em S\u00e3o Paulo - tel: +55 11 3668-5910 - R. Dr Veiga Filho, 350 - Higien\u00f3polis - SP\",\"breadcrumb\":{\"@id\":\"https:\/\/www.dravivianloureiro.com.br\/blog\/verao-em-busca-da-nossa-melhor-forma\/#breadcrumb\"},\"inLanguage\":\"pt-BR\",\"potentialAction\":[{\"@type\":\"ReadAction\",\"target\":[\"https:\/\/www.dravivianloureiro.com.br\/blog\/verao-em-busca-da-nossa-melhor-forma\/\"]}]},{\"@type\":\"BreadcrumbList\",\"@id\":\"https:\/\/www.dravivianloureiro.com.br\/blog\/verao-em-busca-da-nossa-melhor-forma\/#breadcrumb\",\"itemListElement\":[{\"@type\":\"ListItem\",\"position\":1,\"name\":\"In\u00edcio\",\"item\":\"https:\/\/www.dravivianloureiro.com.br\/blog\/\"},{\"@type\":\"ListItem\",\"position\":2,\"name\":\"Ver\u00e3o: Em busca da nossa melhor forma.\"}]},{\"@type\":\"WebSite\",\"@id\":\"https:\/\/www.dravivianloureiro.com.br\/blog\/#website\",\"url\":\"https:\/\/www.dravivianloureiro.com.br\/blog\/\",\"name\":\"Dermatologista Vivian Loureiro\",\"description\":\"\",\"publisher\":{\"@id\":\"https:\/\/www.dravivianloureiro.com.br\/blog\/#organization\"},\"potentialAction\":[{\"@type\":\"SearchAction\",\"target\":{\"@type\":\"EntryPoint\",\"urlTemplate\":\"https:\/\/www.dravivianloureiro.com.br\/blog\/?s={search_term_string}\"},\"query-input\":\"required name=search_term_string\"}],\"inLanguage\":\"pt-BR\"},{\"@type\":\"Organization\",\"@id\":\"https:\/\/www.dravivianloureiro.com.br\/blog\/#organization\",\"name\":\"Dra. Vivian Loureiro - Dermatologista Em S\u00e3o Paulo\",\"url\":\"https:\/\/www.dravivianloureiro.com.br\/blog\/\",\"logo\":{\"@type\":\"ImageObject\",\"inLanguage\":\"pt-BR\",\"@id\":\"https:\/\/www.dravivianloureiro.com.br\/blog\/#\/schema\/logo\/image\/\",\"url\":\"https:\/\/www.dravivianloureiro.com.br\/blog\/wp-content\/uploads\/2018\/08\/favicon.jpg\",\"contentUrl\":\"https:\/\/www.dravivianloureiro.com.br\/blog\/wp-content\/uploads\/2018\/08\/favicon.jpg\",\"width\":112,\"height\":112,\"caption\":\"Dra. Vivian Loureiro - Dermatologista Em S\u00e3o Paulo\"},\"image\":{\"@id\":\"https:\/\/www.dravivianloureiro.com.br\/blog\/#\/schema\/logo\/image\/\"},\"sameAs\":[\"https:\/\/pt-br.facebook.com\/vivianloureirodermatologia\/\",\"https:\/\/www.instagram.com\/vivianloureirodermatologia\/\",\"https:\/\/www.linkedin.com\/in\/vivian-barzi-loureiro-a6412887\/\"]},{\"@type\":\"Person\",\"@id\":\"https:\/\/www.dravivianloureiro.com.br\/blog\/#\/schema\/person\/f6272c0e48dae4364ef626c598c5cb84\",\"name\":\"Vivian Loureiro\",\"image\":{\"@type\":\"ImageObject\",\"inLanguage\":\"pt-BR\",\"@id\":\"https:\/\/www.dravivianloureiro.com.br\/blog\/#\/schema\/person\/image\/\",\"url\":\"https:\/\/secure.gravatar.com\/avatar\/8ee2b0fae98657240c77e822ae139ad3?s=96&d=wp_user_avatar&r=g\",\"contentUrl\":\"https:\/\/secure.gravatar.com\/avatar\/8ee2b0fae98657240c77e822ae139ad3?s=96&d=wp_user_avatar&r=g\",\"caption\":\"Vivian Loureiro\"},\"description\":\"M\u00e9dica formada pela Universidade de S\u00e3o Paulo (USP). Realizou resid\u00eancia m\u00e9dica em Dermatologia e complementa\u00e7\u00e3o em Cosmiatria e Laser pelo departamento de Dermatologia do Hospital das Cl\u00ednicas da Faculdade de Medicina da Universidade de S\u00e3o Paulo (USP). Possui t\u00edtulo de especialista em Dermatologia. \u00c9 membro da Sociedade Brasileira de Dermatologia (SBD) e Sociedade Brasileira de Cirurgia Dermatol\u00f3gica (SBCD) e m\u00e9dica do grupo Fleury. Atua nas \u00e1reas de Dermatologia Cl\u00ednica, Cir\u00fargica, Pedi\u00e1trica e Est\u00e9tica. Frequenta e palestra nos principais cursos e congressos de dermatologia, nacionais e internacionais, a fim de se manter em constante atualiza\u00e7\u00e3o.\",\"sameAs\":[\"https:\/\/www.dravivianloureiro.com.br\/\",\"https:\/\/pt-br.facebook.com\/vivianloureirodermatologia\/\",\"https:\/\/www.instagram.com\/vivianloureirodermatologia\/\",\"https:\/\/www.linkedin.com\/in\/vivian-barzi-loureiro-a6412887\/\"]}]}<\/script>\n<!-- \/ Yoast SEO plugin. -->","yoast_head_json":{"title":"Dicas para definir sua melhor forma para o ver\u00e3o - Beauty Beyond Skin","description":"T\u00e9cnicas como Mesoterapia combinada com Massagem Modeladora\/Linf\u00e1tica \u00e9 uma das dicas est\u00e9ticas para manter a forma para o ver\u00e3o. confira as outras dicas. Dra Gabriela Casabona \u00e9 Dermatologista Especialista em Tratamentos Corporais em S\u00e3o Paulo - tel: +55 11 3668-5910 - R. Dr Veiga Filho, 350 - Higien\u00f3polis - SP","robots":{"index":"index","follow":"follow","max-snippet":"max-snippet:-1","max-image-preview":"max-image-preview:large","max-video-preview":"max-video-preview:-1"},"canonical":"https:\/\/www.dravivianloureiro.com.br\/blog\/verao-em-busca-da-nossa-melhor-forma\/","og_locale":"pt_BR","og_type":"article","og_title":"Dicas para definir sua melhor forma para o ver\u00e3o - Beauty Beyond Skin","og_description":"T\u00e9cnicas como Mesoterapia combinada com Massagem Modeladora\/Linf\u00e1tica \u00e9 uma das dicas est\u00e9ticas para manter a forma para o ver\u00e3o. confira as outras dicas. Dra Gabriela Casabona \u00e9 Dermatologista Especialista em Tratamentos Corporais em S\u00e3o Paulo - tel: +55 11 3668-5910 - R. Dr Veiga Filho, 350 - Higien\u00f3polis - SP","og_url":"https:\/\/www.dravivianloureiro.com.br\/blog\/verao-em-busca-da-nossa-melhor-forma\/","og_site_name":"Dra. Vivian Loureiro","article_publisher":"https:\/\/pt-br.facebook.com\/vivianloureirodermatologia\/","article_author":"https:\/\/pt-br.facebook.com\/vivianloureirodermatologia\/","article_published_time":"2011-10-28T17:42:56+00:00","author":"Vivian Loureiro","twitter_card":"summary_large_image","twitter_misc":{"Escrito por":"Vivian Loureiro","Est. tempo de leitura":"1 minuto"},"schema":{"@context":"https:\/\/schema.org","@graph":[{"@type":"Article","@id":"https:\/\/www.dravivianloureiro.com.br\/blog\/verao-em-busca-da-nossa-melhor-forma\/#article","isPartOf":{"@id":"https:\/\/www.dravivianloureiro.com.br\/blog\/verao-em-busca-da-nossa-melhor-forma\/"},"author":{"name":"Vivian Loureiro","@id":"https:\/\/www.dravivianloureiro.com.br\/blog\/#\/schema\/person\/f6272c0e48dae4364ef626c598c5cb84"},"headline":"Ver\u00e3o: Em busca da nossa melhor forma.","datePublished":"2011-10-28T17:42:56+00:00","dateModified":"2011-10-28T17:42:56+00:00","mainEntityOfPage":{"@id":"https:\/\/www.dravivianloureiro.com.br\/blog\/verao-em-busca-da-nossa-melhor-forma\/"},"wordCount":171,"commentCount":0,"publisher":{"@id":"https:\/\/www.dravivianloureiro.com.br\/blog\/#organization"},"keywords":["dicas de ver\u00e3o","ver\u00e3o"],"articleSection":["Celulite","Dicas","Est\u00e9ticos"],"inLanguage":"pt-BR","potentialAction":[{"@type":"CommentAction","name":"Comment","target":["https:\/\/www.dravivianloureiro.com.br\/blog\/verao-em-busca-da-nossa-melhor-forma\/#respond"]}]},{"@type":"WebPage","@id":"https:\/\/www.dravivianloureiro.com.br\/blog\/verao-em-busca-da-nossa-melhor-forma\/","url":"https:\/\/www.dravivianloureiro.com.br\/blog\/verao-em-busca-da-nossa-melhor-forma\/","name":"Dicas para definir sua melhor forma para o ver\u00e3o - Beauty Beyond Skin","isPartOf":{"@id":"https:\/\/www.dravivianloureiro.com.br\/blog\/#website"},"datePublished":"2011-10-28T17:42:56+00:00","dateModified":"2011-10-28T17:42:56+00:00","description":"T\u00e9cnicas como Mesoterapia combinada com Massagem Modeladora\/Linf\u00e1tica \u00e9 uma das dicas est\u00e9ticas para manter a forma para o ver\u00e3o. confira as outras dicas. Dra Gabriela Casabona \u00e9 Dermatologista Especialista em Tratamentos Corporais em S\u00e3o Paulo - tel: +55 11 3668-5910 - R. Dr Veiga Filho, 350 - Higien\u00f3polis - SP","breadcrumb":{"@id":"https:\/\/www.dravivianloureiro.com.br\/blog\/verao-em-busca-da-nossa-melhor-forma\/#breadcrumb"},"inLanguage":"pt-BR","potentialAction":[{"@type":"ReadAction","target":["https:\/\/www.dravivianloureiro.com.br\/blog\/verao-em-busca-da-nossa-melhor-forma\/"]}]},{"@type":"BreadcrumbList","@id":"https:\/\/www.dravivianloureiro.com.br\/blog\/verao-em-busca-da-nossa-melhor-forma\/#breadcrumb","itemListElement":[{"@type":"ListItem","position":1,"name":"In\u00edcio","item":"https:\/\/www.dravivianloureiro.com.br\/blog\/"},{"@type":"ListItem","position":2,"name":"Ver\u00e3o: Em busca da nossa melhor forma."}]},{"@type":"WebSite","@id":"https:\/\/www.dravivianloureiro.com.br\/blog\/#website","url":"https:\/\/www.dravivianloureiro.com.br\/blog\/","name":"Dermatologista Vivian Loureiro","description":"","publisher":{"@id":"https:\/\/www.dravivianloureiro.com.br\/blog\/#organization"},"potentialAction":[{"@type":"SearchAction","target":{"@type":"EntryPoint","urlTemplate":"https:\/\/www.dravivianloureiro.com.br\/blog\/?s={search_term_string}"},"query-input":"required name=search_term_string"}],"inLanguage":"pt-BR"},{"@type":"Organization","@id":"https:\/\/www.dravivianloureiro.com.br\/blog\/#organization","name":"Dra. Vivian Loureiro - Dermatologista Em S\u00e3o Paulo","url":"https:\/\/www.dravivianloureiro.com.br\/blog\/","logo":{"@type":"ImageObject","inLanguage":"pt-BR","@id":"https:\/\/www.dravivianloureiro.com.br\/blog\/#\/schema\/logo\/image\/","url":"https:\/\/www.dravivianloureiro.com.br\/blog\/wp-content\/uploads\/2018\/08\/favicon.jpg","contentUrl":"https:\/\/www.dravivianloureiro.com.br\/blog\/wp-content\/uploads\/2018\/08\/favicon.jpg","width":112,"height":112,"caption":"Dra. Vivian Loureiro - Dermatologista Em S\u00e3o Paulo"},"image":{"@id":"https:\/\/www.dravivianloureiro.com.br\/blog\/#\/schema\/logo\/image\/"},"sameAs":["https:\/\/pt-br.facebook.com\/vivianloureirodermatologia\/","https:\/\/www.instagram.com\/vivianloureirodermatologia\/","https:\/\/www.linkedin.com\/in\/vivian-barzi-loureiro-a6412887\/"]},{"@type":"Person","@id":"https:\/\/www.dravivianloureiro.com.br\/blog\/#\/schema\/person\/f6272c0e48dae4364ef626c598c5cb84","name":"Vivian Loureiro","image":{"@type":"ImageObject","inLanguage":"pt-BR","@id":"https:\/\/www.dravivianloureiro.com.br\/blog\/#\/schema\/person\/image\/","url":"https:\/\/secure.gravatar.com\/avatar\/8ee2b0fae98657240c77e822ae139ad3?s=96&d=wp_user_avatar&r=g","contentUrl":"https:\/\/secure.gravatar.com\/avatar\/8ee2b0fae98657240c77e822ae139ad3?s=96&d=wp_user_avatar&r=g","caption":"Vivian Loureiro"},"description":"M\u00e9dica formada pela Universidade de S\u00e3o Paulo (USP). Realizou resid\u00eancia m\u00e9dica em Dermatologia e complementa\u00e7\u00e3o em Cosmiatria e Laser pelo departamento de Dermatologia do Hospital das Cl\u00ednicas da Faculdade de Medicina da Universidade de S\u00e3o Paulo (USP). Possui t\u00edtulo de especialista em Dermatologia. \u00c9 membro da Sociedade Brasileira de Dermatologia (SBD) e Sociedade Brasileira de Cirurgia Dermatol\u00f3gica (SBCD) e m\u00e9dica do grupo Fleury. Atua nas \u00e1reas de Dermatologia Cl\u00ednica, Cir\u00fargica, Pedi\u00e1trica e Est\u00e9tica. Frequenta e palestra nos principais cursos e congressos de dermatologia, nacionais e internacionais, a fim de se manter em constante atualiza\u00e7\u00e3o.","sameAs":["https:\/\/www.dravivianloureiro.com.br\/","https:\/\/pt-br.facebook.com\/vivianloureirodermatologia\/","https:\/\/www.instagram.com\/vivianloureirodermatologia\/","https:\/\/www.linkedin.com\/in\/vivian-barzi-loureiro-a6412887\/"]}]}},"amp_enabled":true,"_links":{"self":[{"href":"https:\/\/www.dravivianloureiro.com.br\/blog\/wp-json\/wp\/v2\/posts\/3415"}],"collection":[{"href":"https:\/\/www.dravivianloureiro.com.br\/blog\/wp-json\/wp\/v2\/posts"}],"about":[{"href":"https:\/\/www.dravivianloureiro.com.br\/blog\/wp-json\/wp\/v2\/types\/post"}],"author":[{"embeddable":true,"href":"https:\/\/www.dravivianloureiro.com.br\/blog\/wp-json\/wp\/v2\/users\/1"}],"replies":[{"embeddable":true,"href":"https:\/\/www.dravivianloureiro.com.br\/blog\/wp-json\/wp\/v2\/comments?post=3415"}],"version-history":[{"count":0,"href":"https:\/\/www.dravivianloureiro.com.br\/blog\/wp-json\/wp\/v2\/posts\/3415\/revisions"}],"wp:featuredmedia":[{"embeddable":true,"href":"https:\/\/www.dravivianloureiro.com.br\/blog\/wp-json\/"}],"wp:attachment":[{"href":"https:\/\/www.dravivianloureiro.com.br\/blog\/wp-json\/wp\/v2\/media?parent=3415"}],"wp:term":[{"taxonomy":"category","embeddable":true,"href":"https:\/\/www.dravivianloureiro.com.br\/blog\/wp-json\/wp\/v2\/categories?post=3415"},{"taxonomy":"post_tag","embeddable":true,"href":"https:\/\/www.dravivianloureiro.com.br\/blog\/wp-json\/wp\/v2\/tags?post=3415"}],"curies":[{"name":"wp","href":"https:\/\/api.w.org\/{rel}","templated":true}]}}