{"id":3414,"date":"2012-01-23T12:43:29","date_gmt":"2012-01-23T12:43:29","guid":{"rendered":"http:\/\/www.gabrielacasabona.com.br\/blog\/?p=147"},"modified":"2012-01-23T12:43:29","modified_gmt":"2012-01-23T12:43:29","slug":"evite-manchas-e-alergias-apos-a-depilacao","status":"publish","type":"post","link":"https:\/\/www.dravivianloureiro.com.br\/blog\/evite-manchas-e-alergias-apos-a-depilacao\/","title":{"rendered":"Evite manchas e alergias ap\u00f3s a Depila\u00e7\u00e3o"},"content":{"rendered":"<p class=\"estimated-read-time\">Tempo de leitura:<small> 4 minutos<\/small><\/p> <h2>Deixe a pele lisinha por mais tempo com sete cuidados simples<\/h2>\n<p>A depila\u00e7\u00e3o agride a pele em qualquer \u00e9poca do ano. Mas, no ver\u00e3o, os riscos s\u00e3o ainda maiores &#8211; e n\u00e3o s\u00f3 por causa do intervalo menor entre uma retirada de pelos e outra. O sol, o contato com a areia da praia e com o cloro da piscina aumentam a sensibilidade e agravam o risco de alergias e de queimaduras.<\/p>\n<p>Tomar cuidados especiais \u00e9 o \u00fanico jeito de se livrar dos pelos sem passar dias com a pele ardendo ou co\u00e7ando. E n\u00e3o adianta achar que tem m\u00e9todo mais seguro ou eficiente do que outro. &#8220;Todos os tipos de depila\u00e7\u00e3o prejudicam a pele de alguma maneira, \u00e9 preciso saber lidar com isso&#8221;, afirma a dermatologista Gabriela Casabona, especialista do Minha Vida. Ela e outros profissionais contam os cuidados indispens\u00e1veis para evitar desconfortos.<\/p>\n<h2>Depilar pede hidrata\u00e7\u00e3o<\/h2>\n<p>Sempre que \u00e9 feita a depila\u00e7\u00e3o, os queron\u00f3citos (elementos que d\u00e3o sustenta\u00e7\u00e3o \u00e0 pele) s\u00e3o removidos, assim como a camada superficial de oleosidade que protege a pele. &#8220;Essa pel\u00edcula protetora \u00e9 recuperada mais rapidamente com ajuda da hidrata\u00e7\u00e3o&#8221;, afirma a cosmet\u00f3loga Roseli Siqueira, propriet\u00e1ria do centro de est\u00e9tica integrado Roseli Siqueira. Ela recomenda ficar dois dias sem tomar sol ap\u00f3s a depila\u00e7\u00e3o, seja com cera, gilete ou outro m\u00e9todo. O cuidado evita manchas e garante que a vermelhid\u00e3o n\u00e3o se transforme em alergia.<\/p>\n<h2>Cuidado com o que voc\u00ea passa na pele<\/h2>\n<p>Se, ap\u00f3s a depila\u00e7\u00e3o, voc\u00ea passar um produto a base de \u00e1lcool ou \u00e1cidos, a pele vai manchar. Segundo a cosmet\u00f3loga Roseli Siqueira, at\u00e9 o excesso de sabonete em locais sens\u00edveis ap\u00f3s a depila\u00e7\u00e3o, como a virilha, pode escurecer essas regi\u00f5es. A profissional recomenda que a hidrata\u00e7\u00e3o, ap\u00f3s a depila\u00e7\u00e3o, seja feita com \u00f3leos e cremes \u00e0 base de macad\u00e2mia e aloe vera.<\/p>\n<h3>Protetor solar<\/h3>\n<p>O filtro solar n\u00e3o irrita a pele. Mas ele n\u00e3o tem poder hidratante suficiente para recuperar o que foi perdido na depila\u00e7\u00e3o. No caso da depila\u00e7\u00e3o a laser, cuidado com as casquinhas que podem se formar ap\u00f3s o procedimento, se expostas ao sol elas tamb\u00e9m geram manchas. O ideal \u00e9 passar o hidratante e, ap\u00f3s a absor\u00e7\u00e3o, usar um filtro solar com FPS 30, no m\u00ednimo ? o produto \u00e9 aliado na preven\u00e7\u00e3o de marcas escuras.<\/p>\n<h3>Puxe com cuidado<\/h3>\n<p>Ao fazer qualquer tipo de depila\u00e7\u00e3o, remova os p\u00ealos no sentido do nascimento dos p\u00ealos. Isso serve para ceras, maquininhas de depilar e at\u00e9 para a pin\u00e7a. Dessa maneira o p\u00ealo sai mais f\u00e1cil e n\u00e3o ocorrem les\u00f5es ou sangramentos. Evite tamb\u00e9m cutucar a pele para retirar o p\u00ealo, o que pode gerar manchas, e passar a cera na pele mais de uma vez, o que pode gerar manchas. Roseli Siqueira orienta a espa\u00e7ar as depila\u00e7\u00f5es. &#8220;Uma vez por m\u00eas \u00e9 o ideal, porque a pele tem condi\u00e7\u00f5es de se recuperar, diminuindo os riscos de manchas e inflama\u00e7\u00f5es&#8221;.<\/p>\n<h3>Aten\u00e7\u00e3o \u00e0 l\u00e2mina<\/h3>\n<p>Se voc\u00ea raspa os pelos, lembre-se de descartar as l\u00e2minas ap\u00f3s o uso, evitando a infec\u00e7\u00e3o por bact\u00e9rias. Uma lo\u00e7\u00e3o \u00e0 base de antibi\u00f3tico e anti-inflamat\u00f3rio, recomendada pela dermatologista, ajuda a evitar inflama\u00e7\u00f5es. E n\u00e3o esque\u00e7a a hidrata\u00e7\u00e3o.<\/p>\n<h3>Clarear os pelos<\/h3>\n<p>Uma alternativa para conviver com os pelos \u00e9 o clareamento. A cosmet\u00f3loga Roseli Siqueira ensina que o procedimento deve ser feito por, no m\u00e1ximo, 15 minutos. &#8220;Deixar o produto em contato com a pele por um tempo superior a esse, al\u00e9m de aumentar o risco de alergias, deixa o pelo muito claro e ouri\u00e7ado&#8221;, explica. Importante: fa\u00e7a o teste de sensibilidade antes do uso, para se certificar de que n\u00e3o haver\u00e1 rea\u00e7\u00f5es al\u00e9rgicas.<\/p>\n<h3>Pelos encravados<\/h3>\n<p>Algumas l\u00e2minas causam microtraumas e alergias, que levam ao encravamento. Uma dica da <strong>dermatologista Gabriela<\/strong>: se voc\u00ea tem alergia \u00e0s bijouterias, \u00e9 bem prov\u00e1vel que tamb\u00e9m seja al\u00e9rgica ao metal das l\u00e2minas. Para diminuir esse inc\u00f4modo, esfolia\u00e7\u00f5es duas vezes por semana ap\u00f3s a depila\u00e7\u00e3o, al\u00e9m de lo\u00e7\u00f5es com anti-inflamat\u00f3rio e antibi\u00f3tico s\u00e3o indicadas. &#8220;Quem sofre com pelos encravados, deve experimentar a cera quente. O calor abre os poros e favorece a remo\u00e7\u00e3o completa dos pelos, que n\u00e3o se quebram&#8221;, ensina a cosmet\u00f3loga.<\/p>\n<p>Esta mat\u00e9ria contou com a colabora\u00e7\u00e3o da Dra Gabriela Casabona<br \/>\n<em>http:\/\/www.minhavida.com.br\/conteudo\/14498-evite-manchas-e-alergias-apos-a-depilacao.htm?ordem=7#gal<\/em><\/p>\n<p>&nbsp;<\/p>\n","protected":false},"excerpt":{"rendered":"<p><small> 4 minutos<\/small> Deixe a pele lisinha por mais tempo com sete cuidados simples A depila\u00e7\u00e3o agride a pele em qualquer \u00e9poca do ano. Mas, no ver\u00e3o, os riscos s\u00e3o ainda maiores &#8211; e n\u00e3o s\u00f3 por causa do intervalo menor entre uma retirada de pelos e outra. O sol, o contato com a areia da praia e com o cloro da piscina aumentam a sensibilidade e agravam o risco de alergias e de queimaduras. Tomar cuidados especiais \u00e9 o \u00fanico jeito de se livrar <a href=\"https:\/\/www.dravivianloureiro.com.br\/blog\/evite-manchas-e-alergias-apos-a-depilacao\/\" class=\"more-link\"><span>Continue lendo<\/span>\u2192<\/a><\/p>\n","protected":false},"author":1,"featured_media":3584,"comment_status":"open","ping_status":"open","sticky":false,"template":"","format":"standard","meta":[],"categories":[380,363,368],"tags":[386,456,457,458],"yoast_head":"<!-- This site is optimized with the Yoast SEO plugin v20.6 - https:\/\/yoast.com\/wordpress\/plugins\/seo\/ -->\n<title>Como evitar manchas ap\u00f3s a Depila\u00e7\u00e3o? Beauty Beyond Skin Dermatologia Especializada<\/title>\n<meta name=\"description\" content=\"A depila\u00e7\u00e3o agride a pele em qualquer \u00e9poca do ano, no ver\u00e3o os riscos s\u00e3o ainda maiores por causa do intervalo menor entre uma retirada de pelos e outra. Gabriela Casabona Dermatologista Especialista em Tratamento de Manchas em S\u00e3o Paulo. Telefones: 11 3668-5910\" \/>\n<meta name=\"robots\" content=\"index, follow, max-snippet:-1, max-image-preview:large, max-video-preview:-1\" \/>\n<link rel=\"canonical\" href=\"https:\/\/www.dravivianloureiro.com.br\/blog\/evite-manchas-e-alergias-apos-a-depilacao\/\" \/>\n<meta property=\"og:locale\" content=\"pt_BR\" \/>\n<meta property=\"og:type\" content=\"article\" \/>\n<meta property=\"og:title\" content=\"Como evitar manchas ap\u00f3s a Depila\u00e7\u00e3o? Beauty Beyond Skin Dermatologia Especializada\" \/>\n<meta property=\"og:description\" content=\"A depila\u00e7\u00e3o agride a pele em qualquer \u00e9poca do ano, no ver\u00e3o os riscos s\u00e3o ainda maiores por causa do intervalo menor entre uma retirada de pelos e outra. Gabriela Casabona Dermatologista Especialista em Tratamento de Manchas em S\u00e3o Paulo. Telefones: 11 3668-5910\" \/>\n<meta property=\"og:url\" content=\"https:\/\/www.dravivianloureiro.com.br\/blog\/evite-manchas-e-alergias-apos-a-depilacao\/\" \/>\n<meta property=\"og:site_name\" content=\"Dra. Vivian Loureiro\" \/>\n<meta property=\"article:publisher\" content=\"https:\/\/pt-br.facebook.com\/vivianloureirodermatologia\/\" \/>\n<meta property=\"article:author\" content=\"https:\/\/pt-br.facebook.com\/vivianloureirodermatologia\/\" \/>\n<meta property=\"article:published_time\" content=\"2012-01-23T12:43:29+00:00\" \/>\n<meta name=\"author\" content=\"Vivian Loureiro\" \/>\n<meta name=\"twitter:card\" content=\"summary_large_image\" \/>\n<meta name=\"twitter:label1\" content=\"Escrito por\" \/>\n\t<meta name=\"twitter:data1\" content=\"Vivian Loureiro\" \/>\n\t<meta name=\"twitter:label2\" content=\"Est. tempo de leitura\" \/>\n\t<meta name=\"twitter:data2\" content=\"4 minutos\" \/>\n<script type=\"application\/ld+json\" class=\"yoast-schema-graph\">{\"@context\":\"https:\/\/schema.org\",\"@graph\":[{\"@type\":\"Article\",\"@id\":\"https:\/\/www.dravivianloureiro.com.br\/blog\/evite-manchas-e-alergias-apos-a-depilacao\/#article\",\"isPartOf\":{\"@id\":\"https:\/\/www.dravivianloureiro.com.br\/blog\/evite-manchas-e-alergias-apos-a-depilacao\/\"},\"author\":{\"name\":\"Vivian Loureiro\",\"@id\":\"https:\/\/www.dravivianloureiro.com.br\/blog\/#\/schema\/person\/f6272c0e48dae4364ef626c598c5cb84\"},\"headline\":\"Evite manchas e alergias ap\u00f3s a Depila\u00e7\u00e3o\",\"datePublished\":\"2012-01-23T12:43:29+00:00\",\"dateModified\":\"2012-01-23T12:43:29+00:00\",\"mainEntityOfPage\":{\"@id\":\"https:\/\/www.dravivianloureiro.com.br\/blog\/evite-manchas-e-alergias-apos-a-depilacao\/\"},\"wordCount\":796,\"commentCount\":0,\"publisher\":{\"@id\":\"https:\/\/www.dravivianloureiro.com.br\/blog\/#organization\"},\"keywords\":[\"alergias\",\"depila\u00e7\u00e3o\",\"manchas ap\u00f3s depila\u00e7\u00e3o\",\"manchas na pele\"],\"articleSection\":[\"Alergias\",\"Dicas\",\"Est\u00e9ticos\"],\"inLanguage\":\"pt-BR\",\"potentialAction\":[{\"@type\":\"CommentAction\",\"name\":\"Comment\",\"target\":[\"https:\/\/www.dravivianloureiro.com.br\/blog\/evite-manchas-e-alergias-apos-a-depilacao\/#respond\"]}]},{\"@type\":\"WebPage\",\"@id\":\"https:\/\/www.dravivianloureiro.com.br\/blog\/evite-manchas-e-alergias-apos-a-depilacao\/\",\"url\":\"https:\/\/www.dravivianloureiro.com.br\/blog\/evite-manchas-e-alergias-apos-a-depilacao\/\",\"name\":\"Como evitar manchas ap\u00f3s a Depila\u00e7\u00e3o? Beauty Beyond Skin Dermatologia Especializada\",\"isPartOf\":{\"@id\":\"https:\/\/www.dravivianloureiro.com.br\/blog\/#website\"},\"datePublished\":\"2012-01-23T12:43:29+00:00\",\"dateModified\":\"2012-01-23T12:43:29+00:00\",\"description\":\"A depila\u00e7\u00e3o agride a pele em qualquer \u00e9poca do ano, no ver\u00e3o os riscos s\u00e3o ainda maiores por causa do intervalo menor entre uma retirada de pelos e outra. Gabriela Casabona Dermatologista Especialista em Tratamento de Manchas em S\u00e3o Paulo. Telefones: 11 3668-5910\",\"breadcrumb\":{\"@id\":\"https:\/\/www.dravivianloureiro.com.br\/blog\/evite-manchas-e-alergias-apos-a-depilacao\/#breadcrumb\"},\"inLanguage\":\"pt-BR\",\"potentialAction\":[{\"@type\":\"ReadAction\",\"target\":[\"https:\/\/www.dravivianloureiro.com.br\/blog\/evite-manchas-e-alergias-apos-a-depilacao\/\"]}]},{\"@type\":\"BreadcrumbList\",\"@id\":\"https:\/\/www.dravivianloureiro.com.br\/blog\/evite-manchas-e-alergias-apos-a-depilacao\/#breadcrumb\",\"itemListElement\":[{\"@type\":\"ListItem\",\"position\":1,\"name\":\"In\u00edcio\",\"item\":\"https:\/\/www.dravivianloureiro.com.br\/blog\/\"},{\"@type\":\"ListItem\",\"position\":2,\"name\":\"Evite manchas e alergias ap\u00f3s a Depila\u00e7\u00e3o\"}]},{\"@type\":\"WebSite\",\"@id\":\"https:\/\/www.dravivianloureiro.com.br\/blog\/#website\",\"url\":\"https:\/\/www.dravivianloureiro.com.br\/blog\/\",\"name\":\"Dermatologista Vivian Loureiro\",\"description\":\"\",\"publisher\":{\"@id\":\"https:\/\/www.dravivianloureiro.com.br\/blog\/#organization\"},\"potentialAction\":[{\"@type\":\"SearchAction\",\"target\":{\"@type\":\"EntryPoint\",\"urlTemplate\":\"https:\/\/www.dravivianloureiro.com.br\/blog\/?s={search_term_string}\"},\"query-input\":\"required name=search_term_string\"}],\"inLanguage\":\"pt-BR\"},{\"@type\":\"Organization\",\"@id\":\"https:\/\/www.dravivianloureiro.com.br\/blog\/#organization\",\"name\":\"Dra. Vivian Loureiro - Dermatologista Em S\u00e3o Paulo\",\"url\":\"https:\/\/www.dravivianloureiro.com.br\/blog\/\",\"logo\":{\"@type\":\"ImageObject\",\"inLanguage\":\"pt-BR\",\"@id\":\"https:\/\/www.dravivianloureiro.com.br\/blog\/#\/schema\/logo\/image\/\",\"url\":\"https:\/\/www.dravivianloureiro.com.br\/blog\/wp-content\/uploads\/2018\/08\/favicon.jpg\",\"contentUrl\":\"https:\/\/www.dravivianloureiro.com.br\/blog\/wp-content\/uploads\/2018\/08\/favicon.jpg\",\"width\":112,\"height\":112,\"caption\":\"Dra. Vivian Loureiro - Dermatologista Em S\u00e3o Paulo\"},\"image\":{\"@id\":\"https:\/\/www.dravivianloureiro.com.br\/blog\/#\/schema\/logo\/image\/\"},\"sameAs\":[\"https:\/\/pt-br.facebook.com\/vivianloureirodermatologia\/\",\"https:\/\/www.instagram.com\/vivianloureirodermatologia\/\",\"https:\/\/www.linkedin.com\/in\/vivian-barzi-loureiro-a6412887\/\"]},{\"@type\":\"Person\",\"@id\":\"https:\/\/www.dravivianloureiro.com.br\/blog\/#\/schema\/person\/f6272c0e48dae4364ef626c598c5cb84\",\"name\":\"Vivian Loureiro\",\"image\":{\"@type\":\"ImageObject\",\"inLanguage\":\"pt-BR\",\"@id\":\"https:\/\/www.dravivianloureiro.com.br\/blog\/#\/schema\/person\/image\/\",\"url\":\"https:\/\/secure.gravatar.com\/avatar\/8ee2b0fae98657240c77e822ae139ad3?s=96&d=wp_user_avatar&r=g\",\"contentUrl\":\"https:\/\/secure.gravatar.com\/avatar\/8ee2b0fae98657240c77e822ae139ad3?s=96&d=wp_user_avatar&r=g\",\"caption\":\"Vivian Loureiro\"},\"description\":\"M\u00e9dica formada pela Universidade de S\u00e3o Paulo (USP). Realizou resid\u00eancia m\u00e9dica em Dermatologia e complementa\u00e7\u00e3o em Cosmiatria e Laser pelo departamento de Dermatologia do Hospital das Cl\u00ednicas da Faculdade de Medicina da Universidade de S\u00e3o Paulo (USP). Possui t\u00edtulo de especialista em Dermatologia. \u00c9 membro da Sociedade Brasileira de Dermatologia (SBD) e Sociedade Brasileira de Cirurgia Dermatol\u00f3gica (SBCD) e m\u00e9dica do grupo Fleury. Atua nas \u00e1reas de Dermatologia Cl\u00ednica, Cir\u00fargica, Pedi\u00e1trica e Est\u00e9tica. Frequenta e palestra nos principais cursos e congressos de dermatologia, nacionais e internacionais, a fim de se manter em constante atualiza\u00e7\u00e3o.\",\"sameAs\":[\"https:\/\/www.dravivianloureiro.com.br\/\",\"https:\/\/pt-br.facebook.com\/vivianloureirodermatologia\/\",\"https:\/\/www.instagram.com\/vivianloureirodermatologia\/\",\"https:\/\/www.linkedin.com\/in\/vivian-barzi-loureiro-a6412887\/\"]}]}<\/script>\n<!-- \/ Yoast SEO plugin. -->","yoast_head_json":{"title":"Como evitar manchas ap\u00f3s a Depila\u00e7\u00e3o? Beauty Beyond Skin Dermatologia Especializada","description":"A depila\u00e7\u00e3o agride a pele em qualquer \u00e9poca do ano, no ver\u00e3o os riscos s\u00e3o ainda maiores por causa do intervalo menor entre uma retirada de pelos e outra. Gabriela Casabona Dermatologista Especialista em Tratamento de Manchas em S\u00e3o Paulo. Telefones: 11 3668-5910","robots":{"index":"index","follow":"follow","max-snippet":"max-snippet:-1","max-image-preview":"max-image-preview:large","max-video-preview":"max-video-preview:-1"},"canonical":"https:\/\/www.dravivianloureiro.com.br\/blog\/evite-manchas-e-alergias-apos-a-depilacao\/","og_locale":"pt_BR","og_type":"article","og_title":"Como evitar manchas ap\u00f3s a Depila\u00e7\u00e3o? Beauty Beyond Skin Dermatologia Especializada","og_description":"A depila\u00e7\u00e3o agride a pele em qualquer \u00e9poca do ano, no ver\u00e3o os riscos s\u00e3o ainda maiores por causa do intervalo menor entre uma retirada de pelos e outra. Gabriela Casabona Dermatologista Especialista em Tratamento de Manchas em S\u00e3o Paulo. Telefones: 11 3668-5910","og_url":"https:\/\/www.dravivianloureiro.com.br\/blog\/evite-manchas-e-alergias-apos-a-depilacao\/","og_site_name":"Dra. Vivian Loureiro","article_publisher":"https:\/\/pt-br.facebook.com\/vivianloureirodermatologia\/","article_author":"https:\/\/pt-br.facebook.com\/vivianloureirodermatologia\/","article_published_time":"2012-01-23T12:43:29+00:00","author":"Vivian Loureiro","twitter_card":"summary_large_image","twitter_misc":{"Escrito por":"Vivian Loureiro","Est. tempo de leitura":"4 minutos"},"schema":{"@context":"https:\/\/schema.org","@graph":[{"@type":"Article","@id":"https:\/\/www.dravivianloureiro.com.br\/blog\/evite-manchas-e-alergias-apos-a-depilacao\/#article","isPartOf":{"@id":"https:\/\/www.dravivianloureiro.com.br\/blog\/evite-manchas-e-alergias-apos-a-depilacao\/"},"author":{"name":"Vivian Loureiro","@id":"https:\/\/www.dravivianloureiro.com.br\/blog\/#\/schema\/person\/f6272c0e48dae4364ef626c598c5cb84"},"headline":"Evite manchas e alergias ap\u00f3s a Depila\u00e7\u00e3o","datePublished":"2012-01-23T12:43:29+00:00","dateModified":"2012-01-23T12:43:29+00:00","mainEntityOfPage":{"@id":"https:\/\/www.dravivianloureiro.com.br\/blog\/evite-manchas-e-alergias-apos-a-depilacao\/"},"wordCount":796,"commentCount":0,"publisher":{"@id":"https:\/\/www.dravivianloureiro.com.br\/blog\/#organization"},"keywords":["alergias","depila\u00e7\u00e3o","manchas ap\u00f3s depila\u00e7\u00e3o","manchas na pele"],"articleSection":["Alergias","Dicas","Est\u00e9ticos"],"inLanguage":"pt-BR","potentialAction":[{"@type":"CommentAction","name":"Comment","target":["https:\/\/www.dravivianloureiro.com.br\/blog\/evite-manchas-e-alergias-apos-a-depilacao\/#respond"]}]},{"@type":"WebPage","@id":"https:\/\/www.dravivianloureiro.com.br\/blog\/evite-manchas-e-alergias-apos-a-depilacao\/","url":"https:\/\/www.dravivianloureiro.com.br\/blog\/evite-manchas-e-alergias-apos-a-depilacao\/","name":"Como evitar manchas ap\u00f3s a Depila\u00e7\u00e3o? Beauty Beyond Skin Dermatologia Especializada","isPartOf":{"@id":"https:\/\/www.dravivianloureiro.com.br\/blog\/#website"},"datePublished":"2012-01-23T12:43:29+00:00","dateModified":"2012-01-23T12:43:29+00:00","description":"A depila\u00e7\u00e3o agride a pele em qualquer \u00e9poca do ano, no ver\u00e3o os riscos s\u00e3o ainda maiores por causa do intervalo menor entre uma retirada de pelos e outra. Gabriela Casabona Dermatologista Especialista em Tratamento de Manchas em S\u00e3o Paulo. Telefones: 11 3668-5910","breadcrumb":{"@id":"https:\/\/www.dravivianloureiro.com.br\/blog\/evite-manchas-e-alergias-apos-a-depilacao\/#breadcrumb"},"inLanguage":"pt-BR","potentialAction":[{"@type":"ReadAction","target":["https:\/\/www.dravivianloureiro.com.br\/blog\/evite-manchas-e-alergias-apos-a-depilacao\/"]}]},{"@type":"BreadcrumbList","@id":"https:\/\/www.dravivianloureiro.com.br\/blog\/evite-manchas-e-alergias-apos-a-depilacao\/#breadcrumb","itemListElement":[{"@type":"ListItem","position":1,"name":"In\u00edcio","item":"https:\/\/www.dravivianloureiro.com.br\/blog\/"},{"@type":"ListItem","position":2,"name":"Evite manchas e alergias ap\u00f3s a Depila\u00e7\u00e3o"}]},{"@type":"WebSite","@id":"https:\/\/www.dravivianloureiro.com.br\/blog\/#website","url":"https:\/\/www.dravivianloureiro.com.br\/blog\/","name":"Dermatologista Vivian Loureiro","description":"","publisher":{"@id":"https:\/\/www.dravivianloureiro.com.br\/blog\/#organization"},"potentialAction":[{"@type":"SearchAction","target":{"@type":"EntryPoint","urlTemplate":"https:\/\/www.dravivianloureiro.com.br\/blog\/?s={search_term_string}"},"query-input":"required name=search_term_string"}],"inLanguage":"pt-BR"},{"@type":"Organization","@id":"https:\/\/www.dravivianloureiro.com.br\/blog\/#organization","name":"Dra. Vivian Loureiro - Dermatologista Em S\u00e3o Paulo","url":"https:\/\/www.dravivianloureiro.com.br\/blog\/","logo":{"@type":"ImageObject","inLanguage":"pt-BR","@id":"https:\/\/www.dravivianloureiro.com.br\/blog\/#\/schema\/logo\/image\/","url":"https:\/\/www.dravivianloureiro.com.br\/blog\/wp-content\/uploads\/2018\/08\/favicon.jpg","contentUrl":"https:\/\/www.dravivianloureiro.com.br\/blog\/wp-content\/uploads\/2018\/08\/favicon.jpg","width":112,"height":112,"caption":"Dra. Vivian Loureiro - Dermatologista Em S\u00e3o Paulo"},"image":{"@id":"https:\/\/www.dravivianloureiro.com.br\/blog\/#\/schema\/logo\/image\/"},"sameAs":["https:\/\/pt-br.facebook.com\/vivianloureirodermatologia\/","https:\/\/www.instagram.com\/vivianloureirodermatologia\/","https:\/\/www.linkedin.com\/in\/vivian-barzi-loureiro-a6412887\/"]},{"@type":"Person","@id":"https:\/\/www.dravivianloureiro.com.br\/blog\/#\/schema\/person\/f6272c0e48dae4364ef626c598c5cb84","name":"Vivian Loureiro","image":{"@type":"ImageObject","inLanguage":"pt-BR","@id":"https:\/\/www.dravivianloureiro.com.br\/blog\/#\/schema\/person\/image\/","url":"https:\/\/secure.gravatar.com\/avatar\/8ee2b0fae98657240c77e822ae139ad3?s=96&d=wp_user_avatar&r=g","contentUrl":"https:\/\/secure.gravatar.com\/avatar\/8ee2b0fae98657240c77e822ae139ad3?s=96&d=wp_user_avatar&r=g","caption":"Vivian Loureiro"},"description":"M\u00e9dica formada pela Universidade de S\u00e3o Paulo (USP). Realizou resid\u00eancia m\u00e9dica em Dermatologia e complementa\u00e7\u00e3o em Cosmiatria e Laser pelo departamento de Dermatologia do Hospital das Cl\u00ednicas da Faculdade de Medicina da Universidade de S\u00e3o Paulo (USP). Possui t\u00edtulo de especialista em Dermatologia. \u00c9 membro da Sociedade Brasileira de Dermatologia (SBD) e Sociedade Brasileira de Cirurgia Dermatol\u00f3gica (SBCD) e m\u00e9dica do grupo Fleury. Atua nas \u00e1reas de Dermatologia Cl\u00ednica, Cir\u00fargica, Pedi\u00e1trica e Est\u00e9tica. Frequenta e palestra nos principais cursos e congressos de dermatologia, nacionais e internacionais, a fim de se manter em constante atualiza\u00e7\u00e3o.","sameAs":["https:\/\/www.dravivianloureiro.com.br\/","https:\/\/pt-br.facebook.com\/vivianloureirodermatologia\/","https:\/\/www.instagram.com\/vivianloureirodermatologia\/","https:\/\/www.linkedin.com\/in\/vivian-barzi-loureiro-a6412887\/"]}]}},"amp_enabled":true,"_links":{"self":[{"href":"https:\/\/www.dravivianloureiro.com.br\/blog\/wp-json\/wp\/v2\/posts\/3414"}],"collection":[{"href":"https:\/\/www.dravivianloureiro.com.br\/blog\/wp-json\/wp\/v2\/posts"}],"about":[{"href":"https:\/\/www.dravivianloureiro.com.br\/blog\/wp-json\/wp\/v2\/types\/post"}],"author":[{"embeddable":true,"href":"https:\/\/www.dravivianloureiro.com.br\/blog\/wp-json\/wp\/v2\/users\/1"}],"replies":[{"embeddable":true,"href":"https:\/\/www.dravivianloureiro.com.br\/blog\/wp-json\/wp\/v2\/comments?post=3414"}],"version-history":[{"count":0,"href":"https:\/\/www.dravivianloureiro.com.br\/blog\/wp-json\/wp\/v2\/posts\/3414\/revisions"}],"wp:featuredmedia":[{"embeddable":true,"href":"https:\/\/www.dravivianloureiro.com.br\/blog\/wp-json\/"}],"wp:attachment":[{"href":"https:\/\/www.dravivianloureiro.com.br\/blog\/wp-json\/wp\/v2\/media?parent=3414"}],"wp:term":[{"taxonomy":"category","embeddable":true,"href":"https:\/\/www.dravivianloureiro.com.br\/blog\/wp-json\/wp\/v2\/categories?post=3414"},{"taxonomy":"post_tag","embeddable":true,"href":"https:\/\/www.dravivianloureiro.com.br\/blog\/wp-json\/wp\/v2\/tags?post=3414"}],"curies":[{"name":"wp","href":"https:\/\/api.w.org\/{rel}","templated":true}]}}