{"id":3413,"date":"2012-01-20T17:34:21","date_gmt":"2012-01-20T17:34:21","guid":{"rendered":"http:\/\/www.gabrielacasabona.com.br\/blog\/?p=143"},"modified":"2012-01-20T17:34:21","modified_gmt":"2012-01-20T17:34:21","slug":"pes-em-dia-para-o-verao","status":"publish","type":"post","link":"https:\/\/www.dravivianloureiro.com.br\/blog\/pes-em-dia-para-o-verao\/","title":{"rendered":"P\u00e9s em dia para o ver\u00e3o"},"content":{"rendered":"<p class=\"estimated-read-time\">Tempo de leitura:<small> 2 minutos<\/small><\/p> <h2>Confira dicas pr\u00e1ticas para cuidar dessa parte do corpo<\/h2>\n<p>H\u00e1 uma parte do corpo que muitas vezes deixamos esquecida: os p\u00e9s. Geralmente essa regi\u00e3o s\u00f3 \u00e9 lembrada quando cal\u00e7amos as sand\u00e1lias ou os sapatos abertos, para entrar na onda do ver\u00e3o. Mas estamos aqui exatamente para alertar que assim como pernas, cotovelos, m\u00e3os e coxas, os p\u00e9s tamb\u00e9m merecem toda a nossa aten\u00e7\u00e3o.<\/p>\n<p>Para eliminar as c\u00e9lulas mortas dessa regi\u00e3o e evitar que fique ressecada e com rachaduras pelo uso excessivo de sand\u00e1lias e chinelinhos, \u00e9 importante que fa\u00e7amos uma boa limpeza nos p\u00e9s, com esfolia\u00e7\u00e3o e hidrata\u00e7\u00e3o. H\u00e1 cremes no mercado de excelente qualidade que est\u00e3o \u00e0 disposi\u00e7\u00e3o para realiza\u00e7\u00e3o de tal procedimento. Os melhores s\u00e3o aqueles que possuem altas concentra\u00e7\u00f5es de ur\u00e9ia.<\/p>\n<h2>Dicas de cuidados com os p\u00e9s<\/h2>\n<p>No ver\u00e3o, recomendo que a esfolia\u00e7\u00e3o seja feita uma vez por semana, com movimentos circulares, principalmente na regi\u00e3o do calcanhar. Os p\u00e9s tamb\u00e9m merecem uma hidrata\u00e7\u00e3o di\u00e1ria, que pode ser feita com coloca\u00e7\u00e3o de meias algod\u00e3o ou espec\u00edficas, com silicone dentro para evitar rachaduras, ressecamento e deixar a pele mais sedosa.<\/p>\n<p><strong>Receita caseira para a esfolia\u00e7\u00e3o:<\/strong> misture uma colher de sopa de mel com uma colher de sopa de \u00f3leo de am\u00eandoa e uma colher de sopa de sal grosso. Esfregue bem os p\u00e9s e enxague com \u00e1gua morna,<\/p>\n<p><strong>Receita natural para hidrata\u00e7\u00e3o:<\/strong> misture duas colheres de sopa de \u00f3leo de am\u00eandoa, uma colher de caf\u00e9 de aveia mo\u00edda, duas colheres de sopa de mel e duas colheres de sopa de iogurte. Depois passe a mistura nos p\u00e9s e deixe-os cobertos com uma meia ou envolva-os com papel filme de pvc. Deixe assim por uma hora.<\/p>\n<p>Poucas pessoas sabem, mas \u00e9 importante tamb\u00e9m proteger os p\u00e9s contra os raios solares. Passe o protetor diariamente nesta regi\u00e3o para evitar ressecamento e prevenir doen\u00e7as como c\u00e2ncer de pele.<\/p>\n<p>Consultar uma pod\u00f3loga ou mesmo uma pedicure tamb\u00e9m pode ajudar para manter as unhas dos p\u00e9s bonitas e bem aparadas. Afinal, esmaltar as unhas tamb\u00e9m faz parte do processo nesse ver\u00e3o. Combine a cor com seu jeito de ser e aproveite o ver\u00e3o com p\u00e9s bonitos e saud\u00e1veis.<\/p>\n<p><em>12-2011 em http:\/\/www.personare.com.br\/revista\/saude-e-beleza\/materia\/2034\/pes-em-dia-para-o-verao<\/em><\/p>\n","protected":false},"excerpt":{"rendered":"<p><small> 2 minutos<\/small> Confira dicas pr\u00e1ticas para cuidar dessa parte do corpo H\u00e1 uma parte do corpo que muitas vezes deixamos esquecida: os p\u00e9s. Geralmente essa regi\u00e3o s\u00f3 \u00e9 lembrada quando cal\u00e7amos as sand\u00e1lias ou os sapatos abertos, para entrar na onda do ver\u00e3o. Mas estamos aqui exatamente para alertar que assim como pernas, cotovelos, m\u00e3os e coxas, os p\u00e9s tamb\u00e9m merecem toda a nossa aten\u00e7\u00e3o. Para eliminar as c\u00e9lulas mortas dessa regi\u00e3o e evitar que fique ressecada e com rachaduras pelo uso excessivo de <a href=\"https:\/\/www.dravivianloureiro.com.br\/blog\/pes-em-dia-para-o-verao\/\" class=\"more-link\"><span>Continue lendo<\/span>\u2192<\/a><\/p>\n","protected":false},"author":1,"featured_media":3568,"comment_status":"open","ping_status":"open","sticky":false,"template":"","format":"standard","meta":[],"categories":[363,368],"tags":[443,444,455],"yoast_head":"<!-- This site is optimized with the Yoast SEO plugin v20.6 - https:\/\/yoast.com\/wordpress\/plugins\/seo\/ -->\n<title>Dicas para os p\u00e9s no ver\u00e3o - Beauty Beyond Skin Dermatologia Tridimensional Especializada<\/title>\n<meta name=\"description\" content=\"Veja algumas dicas para cuidados com os p\u00e9s na esta\u00e7\u00e3o mais movimentada do ano, esfolia\u00e7\u00e3o, hidrata\u00e7\u00e3o e outros cuidados importantes para seus p\u00e9s. Gabriela Casabona Dermatologista Especialista em Sa\u00fade dos P\u00e9s em S\u00e3o Paulo. Telefones: 11 3668-5910\" \/>\n<meta name=\"robots\" content=\"index, follow, max-snippet:-1, max-image-preview:large, max-video-preview:-1\" \/>\n<link rel=\"canonical\" href=\"https:\/\/www.dravivianloureiro.com.br\/blog\/pes-em-dia-para-o-verao\/\" \/>\n<meta property=\"og:locale\" content=\"pt_BR\" \/>\n<meta property=\"og:type\" content=\"article\" \/>\n<meta property=\"og:title\" content=\"Dicas para os p\u00e9s no ver\u00e3o - Beauty Beyond Skin Dermatologia Tridimensional Especializada\" \/>\n<meta property=\"og:description\" content=\"Veja algumas dicas para cuidados com os p\u00e9s na esta\u00e7\u00e3o mais movimentada do ano, esfolia\u00e7\u00e3o, hidrata\u00e7\u00e3o e outros cuidados importantes para seus p\u00e9s. Gabriela Casabona Dermatologista Especialista em Sa\u00fade dos P\u00e9s em S\u00e3o Paulo. Telefones: 11 3668-5910\" \/>\n<meta property=\"og:url\" content=\"https:\/\/www.dravivianloureiro.com.br\/blog\/pes-em-dia-para-o-verao\/\" \/>\n<meta property=\"og:site_name\" content=\"Dra. Vivian Loureiro\" \/>\n<meta property=\"article:publisher\" content=\"https:\/\/pt-br.facebook.com\/vivianloureirodermatologia\/\" \/>\n<meta property=\"article:author\" content=\"https:\/\/pt-br.facebook.com\/vivianloureirodermatologia\/\" \/>\n<meta property=\"article:published_time\" content=\"2012-01-20T17:34:21+00:00\" \/>\n<meta name=\"author\" content=\"Vivian Loureiro\" \/>\n<meta name=\"twitter:card\" content=\"summary_large_image\" \/>\n<meta name=\"twitter:label1\" content=\"Escrito por\" \/>\n\t<meta name=\"twitter:data1\" content=\"Vivian Loureiro\" \/>\n\t<meta name=\"twitter:label2\" content=\"Est. tempo de leitura\" \/>\n\t<meta name=\"twitter:data2\" content=\"2 minutos\" \/>\n<script type=\"application\/ld+json\" class=\"yoast-schema-graph\">{\"@context\":\"https:\/\/schema.org\",\"@graph\":[{\"@type\":\"Article\",\"@id\":\"https:\/\/www.dravivianloureiro.com.br\/blog\/pes-em-dia-para-o-verao\/#article\",\"isPartOf\":{\"@id\":\"https:\/\/www.dravivianloureiro.com.br\/blog\/pes-em-dia-para-o-verao\/\"},\"author\":{\"name\":\"Vivian Loureiro\",\"@id\":\"https:\/\/www.dravivianloureiro.com.br\/blog\/#\/schema\/person\/f6272c0e48dae4364ef626c598c5cb84\"},\"headline\":\"P\u00e9s em dia para o ver\u00e3o\",\"datePublished\":\"2012-01-20T17:34:21+00:00\",\"dateModified\":\"2012-01-20T17:34:21+00:00\",\"mainEntityOfPage\":{\"@id\":\"https:\/\/www.dravivianloureiro.com.br\/blog\/pes-em-dia-para-o-verao\/\"},\"wordCount\":423,\"commentCount\":0,\"publisher\":{\"@id\":\"https:\/\/www.dravivianloureiro.com.br\/blog\/#organization\"},\"keywords\":[\"cuidados com os p\u00e9s\",\"p\u00e9s\",\"ver\u00e3o\"],\"articleSection\":[\"Dicas\",\"Est\u00e9ticos\"],\"inLanguage\":\"pt-BR\",\"potentialAction\":[{\"@type\":\"CommentAction\",\"name\":\"Comment\",\"target\":[\"https:\/\/www.dravivianloureiro.com.br\/blog\/pes-em-dia-para-o-verao\/#respond\"]}]},{\"@type\":\"WebPage\",\"@id\":\"https:\/\/www.dravivianloureiro.com.br\/blog\/pes-em-dia-para-o-verao\/\",\"url\":\"https:\/\/www.dravivianloureiro.com.br\/blog\/pes-em-dia-para-o-verao\/\",\"name\":\"Dicas para os p\u00e9s no ver\u00e3o - Beauty Beyond Skin Dermatologia Tridimensional Especializada\",\"isPartOf\":{\"@id\":\"https:\/\/www.dravivianloureiro.com.br\/blog\/#website\"},\"datePublished\":\"2012-01-20T17:34:21+00:00\",\"dateModified\":\"2012-01-20T17:34:21+00:00\",\"description\":\"Veja algumas dicas para cuidados com os p\u00e9s na esta\u00e7\u00e3o mais movimentada do ano, esfolia\u00e7\u00e3o, hidrata\u00e7\u00e3o e outros cuidados importantes para seus p\u00e9s. Gabriela Casabona Dermatologista Especialista em Sa\u00fade dos P\u00e9s em S\u00e3o Paulo. Telefones: 11 3668-5910\",\"breadcrumb\":{\"@id\":\"https:\/\/www.dravivianloureiro.com.br\/blog\/pes-em-dia-para-o-verao\/#breadcrumb\"},\"inLanguage\":\"pt-BR\",\"potentialAction\":[{\"@type\":\"ReadAction\",\"target\":[\"https:\/\/www.dravivianloureiro.com.br\/blog\/pes-em-dia-para-o-verao\/\"]}]},{\"@type\":\"BreadcrumbList\",\"@id\":\"https:\/\/www.dravivianloureiro.com.br\/blog\/pes-em-dia-para-o-verao\/#breadcrumb\",\"itemListElement\":[{\"@type\":\"ListItem\",\"position\":1,\"name\":\"In\u00edcio\",\"item\":\"https:\/\/www.dravivianloureiro.com.br\/blog\/\"},{\"@type\":\"ListItem\",\"position\":2,\"name\":\"P\u00e9s em dia para o ver\u00e3o\"}]},{\"@type\":\"WebSite\",\"@id\":\"https:\/\/www.dravivianloureiro.com.br\/blog\/#website\",\"url\":\"https:\/\/www.dravivianloureiro.com.br\/blog\/\",\"name\":\"Dermatologista Vivian Loureiro\",\"description\":\"\",\"publisher\":{\"@id\":\"https:\/\/www.dravivianloureiro.com.br\/blog\/#organization\"},\"potentialAction\":[{\"@type\":\"SearchAction\",\"target\":{\"@type\":\"EntryPoint\",\"urlTemplate\":\"https:\/\/www.dravivianloureiro.com.br\/blog\/?s={search_term_string}\"},\"query-input\":\"required name=search_term_string\"}],\"inLanguage\":\"pt-BR\"},{\"@type\":\"Organization\",\"@id\":\"https:\/\/www.dravivianloureiro.com.br\/blog\/#organization\",\"name\":\"Dra. Vivian Loureiro - Dermatologista Em S\u00e3o Paulo\",\"url\":\"https:\/\/www.dravivianloureiro.com.br\/blog\/\",\"logo\":{\"@type\":\"ImageObject\",\"inLanguage\":\"pt-BR\",\"@id\":\"https:\/\/www.dravivianloureiro.com.br\/blog\/#\/schema\/logo\/image\/\",\"url\":\"https:\/\/www.dravivianloureiro.com.br\/blog\/wp-content\/uploads\/2018\/08\/favicon.jpg\",\"contentUrl\":\"https:\/\/www.dravivianloureiro.com.br\/blog\/wp-content\/uploads\/2018\/08\/favicon.jpg\",\"width\":112,\"height\":112,\"caption\":\"Dra. Vivian Loureiro - Dermatologista Em S\u00e3o Paulo\"},\"image\":{\"@id\":\"https:\/\/www.dravivianloureiro.com.br\/blog\/#\/schema\/logo\/image\/\"},\"sameAs\":[\"https:\/\/pt-br.facebook.com\/vivianloureirodermatologia\/\",\"https:\/\/www.instagram.com\/vivianloureirodermatologia\/\",\"https:\/\/www.linkedin.com\/in\/vivian-barzi-loureiro-a6412887\/\"]},{\"@type\":\"Person\",\"@id\":\"https:\/\/www.dravivianloureiro.com.br\/blog\/#\/schema\/person\/f6272c0e48dae4364ef626c598c5cb84\",\"name\":\"Vivian Loureiro\",\"image\":{\"@type\":\"ImageObject\",\"inLanguage\":\"pt-BR\",\"@id\":\"https:\/\/www.dravivianloureiro.com.br\/blog\/#\/schema\/person\/image\/\",\"url\":\"https:\/\/secure.gravatar.com\/avatar\/8ee2b0fae98657240c77e822ae139ad3?s=96&d=wp_user_avatar&r=g\",\"contentUrl\":\"https:\/\/secure.gravatar.com\/avatar\/8ee2b0fae98657240c77e822ae139ad3?s=96&d=wp_user_avatar&r=g\",\"caption\":\"Vivian Loureiro\"},\"description\":\"M\u00e9dica formada pela Universidade de S\u00e3o Paulo (USP). Realizou resid\u00eancia m\u00e9dica em Dermatologia e complementa\u00e7\u00e3o em Cosmiatria e Laser pelo departamento de Dermatologia do Hospital das Cl\u00ednicas da Faculdade de Medicina da Universidade de S\u00e3o Paulo (USP). Possui t\u00edtulo de especialista em Dermatologia. \u00c9 membro da Sociedade Brasileira de Dermatologia (SBD) e Sociedade Brasileira de Cirurgia Dermatol\u00f3gica (SBCD) e m\u00e9dica do grupo Fleury. Atua nas \u00e1reas de Dermatologia Cl\u00ednica, Cir\u00fargica, Pedi\u00e1trica e Est\u00e9tica. Frequenta e palestra nos principais cursos e congressos de dermatologia, nacionais e internacionais, a fim de se manter em constante atualiza\u00e7\u00e3o.\",\"sameAs\":[\"https:\/\/www.dravivianloureiro.com.br\/\",\"https:\/\/pt-br.facebook.com\/vivianloureirodermatologia\/\",\"https:\/\/www.instagram.com\/vivianloureirodermatologia\/\",\"https:\/\/www.linkedin.com\/in\/vivian-barzi-loureiro-a6412887\/\"]}]}<\/script>\n<!-- \/ Yoast SEO plugin. -->","yoast_head_json":{"title":"Dicas para os p\u00e9s no ver\u00e3o - Beauty Beyond Skin Dermatologia Tridimensional Especializada","description":"Veja algumas dicas para cuidados com os p\u00e9s na esta\u00e7\u00e3o mais movimentada do ano, esfolia\u00e7\u00e3o, hidrata\u00e7\u00e3o e outros cuidados importantes para seus p\u00e9s. Gabriela Casabona Dermatologista Especialista em Sa\u00fade dos P\u00e9s em S\u00e3o Paulo. Telefones: 11 3668-5910","robots":{"index":"index","follow":"follow","max-snippet":"max-snippet:-1","max-image-preview":"max-image-preview:large","max-video-preview":"max-video-preview:-1"},"canonical":"https:\/\/www.dravivianloureiro.com.br\/blog\/pes-em-dia-para-o-verao\/","og_locale":"pt_BR","og_type":"article","og_title":"Dicas para os p\u00e9s no ver\u00e3o - Beauty Beyond Skin Dermatologia Tridimensional Especializada","og_description":"Veja algumas dicas para cuidados com os p\u00e9s na esta\u00e7\u00e3o mais movimentada do ano, esfolia\u00e7\u00e3o, hidrata\u00e7\u00e3o e outros cuidados importantes para seus p\u00e9s. Gabriela Casabona Dermatologista Especialista em Sa\u00fade dos P\u00e9s em S\u00e3o Paulo. Telefones: 11 3668-5910","og_url":"https:\/\/www.dravivianloureiro.com.br\/blog\/pes-em-dia-para-o-verao\/","og_site_name":"Dra. Vivian Loureiro","article_publisher":"https:\/\/pt-br.facebook.com\/vivianloureirodermatologia\/","article_author":"https:\/\/pt-br.facebook.com\/vivianloureirodermatologia\/","article_published_time":"2012-01-20T17:34:21+00:00","author":"Vivian Loureiro","twitter_card":"summary_large_image","twitter_misc":{"Escrito por":"Vivian Loureiro","Est. tempo de leitura":"2 minutos"},"schema":{"@context":"https:\/\/schema.org","@graph":[{"@type":"Article","@id":"https:\/\/www.dravivianloureiro.com.br\/blog\/pes-em-dia-para-o-verao\/#article","isPartOf":{"@id":"https:\/\/www.dravivianloureiro.com.br\/blog\/pes-em-dia-para-o-verao\/"},"author":{"name":"Vivian Loureiro","@id":"https:\/\/www.dravivianloureiro.com.br\/blog\/#\/schema\/person\/f6272c0e48dae4364ef626c598c5cb84"},"headline":"P\u00e9s em dia para o ver\u00e3o","datePublished":"2012-01-20T17:34:21+00:00","dateModified":"2012-01-20T17:34:21+00:00","mainEntityOfPage":{"@id":"https:\/\/www.dravivianloureiro.com.br\/blog\/pes-em-dia-para-o-verao\/"},"wordCount":423,"commentCount":0,"publisher":{"@id":"https:\/\/www.dravivianloureiro.com.br\/blog\/#organization"},"keywords":["cuidados com os p\u00e9s","p\u00e9s","ver\u00e3o"],"articleSection":["Dicas","Est\u00e9ticos"],"inLanguage":"pt-BR","potentialAction":[{"@type":"CommentAction","name":"Comment","target":["https:\/\/www.dravivianloureiro.com.br\/blog\/pes-em-dia-para-o-verao\/#respond"]}]},{"@type":"WebPage","@id":"https:\/\/www.dravivianloureiro.com.br\/blog\/pes-em-dia-para-o-verao\/","url":"https:\/\/www.dravivianloureiro.com.br\/blog\/pes-em-dia-para-o-verao\/","name":"Dicas para os p\u00e9s no ver\u00e3o - Beauty Beyond Skin Dermatologia Tridimensional Especializada","isPartOf":{"@id":"https:\/\/www.dravivianloureiro.com.br\/blog\/#website"},"datePublished":"2012-01-20T17:34:21+00:00","dateModified":"2012-01-20T17:34:21+00:00","description":"Veja algumas dicas para cuidados com os p\u00e9s na esta\u00e7\u00e3o mais movimentada do ano, esfolia\u00e7\u00e3o, hidrata\u00e7\u00e3o e outros cuidados importantes para seus p\u00e9s. Gabriela Casabona Dermatologista Especialista em Sa\u00fade dos P\u00e9s em S\u00e3o Paulo. Telefones: 11 3668-5910","breadcrumb":{"@id":"https:\/\/www.dravivianloureiro.com.br\/blog\/pes-em-dia-para-o-verao\/#breadcrumb"},"inLanguage":"pt-BR","potentialAction":[{"@type":"ReadAction","target":["https:\/\/www.dravivianloureiro.com.br\/blog\/pes-em-dia-para-o-verao\/"]}]},{"@type":"BreadcrumbList","@id":"https:\/\/www.dravivianloureiro.com.br\/blog\/pes-em-dia-para-o-verao\/#breadcrumb","itemListElement":[{"@type":"ListItem","position":1,"name":"In\u00edcio","item":"https:\/\/www.dravivianloureiro.com.br\/blog\/"},{"@type":"ListItem","position":2,"name":"P\u00e9s em dia para o ver\u00e3o"}]},{"@type":"WebSite","@id":"https:\/\/www.dravivianloureiro.com.br\/blog\/#website","url":"https:\/\/www.dravivianloureiro.com.br\/blog\/","name":"Dermatologista Vivian Loureiro","description":"","publisher":{"@id":"https:\/\/www.dravivianloureiro.com.br\/blog\/#organization"},"potentialAction":[{"@type":"SearchAction","target":{"@type":"EntryPoint","urlTemplate":"https:\/\/www.dravivianloureiro.com.br\/blog\/?s={search_term_string}"},"query-input":"required name=search_term_string"}],"inLanguage":"pt-BR"},{"@type":"Organization","@id":"https:\/\/www.dravivianloureiro.com.br\/blog\/#organization","name":"Dra. Vivian Loureiro - Dermatologista Em S\u00e3o Paulo","url":"https:\/\/www.dravivianloureiro.com.br\/blog\/","logo":{"@type":"ImageObject","inLanguage":"pt-BR","@id":"https:\/\/www.dravivianloureiro.com.br\/blog\/#\/schema\/logo\/image\/","url":"https:\/\/www.dravivianloureiro.com.br\/blog\/wp-content\/uploads\/2018\/08\/favicon.jpg","contentUrl":"https:\/\/www.dravivianloureiro.com.br\/blog\/wp-content\/uploads\/2018\/08\/favicon.jpg","width":112,"height":112,"caption":"Dra. Vivian Loureiro - Dermatologista Em S\u00e3o Paulo"},"image":{"@id":"https:\/\/www.dravivianloureiro.com.br\/blog\/#\/schema\/logo\/image\/"},"sameAs":["https:\/\/pt-br.facebook.com\/vivianloureirodermatologia\/","https:\/\/www.instagram.com\/vivianloureirodermatologia\/","https:\/\/www.linkedin.com\/in\/vivian-barzi-loureiro-a6412887\/"]},{"@type":"Person","@id":"https:\/\/www.dravivianloureiro.com.br\/blog\/#\/schema\/person\/f6272c0e48dae4364ef626c598c5cb84","name":"Vivian Loureiro","image":{"@type":"ImageObject","inLanguage":"pt-BR","@id":"https:\/\/www.dravivianloureiro.com.br\/blog\/#\/schema\/person\/image\/","url":"https:\/\/secure.gravatar.com\/avatar\/8ee2b0fae98657240c77e822ae139ad3?s=96&d=wp_user_avatar&r=g","contentUrl":"https:\/\/secure.gravatar.com\/avatar\/8ee2b0fae98657240c77e822ae139ad3?s=96&d=wp_user_avatar&r=g","caption":"Vivian Loureiro"},"description":"M\u00e9dica formada pela Universidade de S\u00e3o Paulo (USP). Realizou resid\u00eancia m\u00e9dica em Dermatologia e complementa\u00e7\u00e3o em Cosmiatria e Laser pelo departamento de Dermatologia do Hospital das Cl\u00ednicas da Faculdade de Medicina da Universidade de S\u00e3o Paulo (USP). Possui t\u00edtulo de especialista em Dermatologia. \u00c9 membro da Sociedade Brasileira de Dermatologia (SBD) e Sociedade Brasileira de Cirurgia Dermatol\u00f3gica (SBCD) e m\u00e9dica do grupo Fleury. Atua nas \u00e1reas de Dermatologia Cl\u00ednica, Cir\u00fargica, Pedi\u00e1trica e Est\u00e9tica. Frequenta e palestra nos principais cursos e congressos de dermatologia, nacionais e internacionais, a fim de se manter em constante atualiza\u00e7\u00e3o.","sameAs":["https:\/\/www.dravivianloureiro.com.br\/","https:\/\/pt-br.facebook.com\/vivianloureirodermatologia\/","https:\/\/www.instagram.com\/vivianloureirodermatologia\/","https:\/\/www.linkedin.com\/in\/vivian-barzi-loureiro-a6412887\/"]}]}},"amp_enabled":true,"_links":{"self":[{"href":"https:\/\/www.dravivianloureiro.com.br\/blog\/wp-json\/wp\/v2\/posts\/3413"}],"collection":[{"href":"https:\/\/www.dravivianloureiro.com.br\/blog\/wp-json\/wp\/v2\/posts"}],"about":[{"href":"https:\/\/www.dravivianloureiro.com.br\/blog\/wp-json\/wp\/v2\/types\/post"}],"author":[{"embeddable":true,"href":"https:\/\/www.dravivianloureiro.com.br\/blog\/wp-json\/wp\/v2\/users\/1"}],"replies":[{"embeddable":true,"href":"https:\/\/www.dravivianloureiro.com.br\/blog\/wp-json\/wp\/v2\/comments?post=3413"}],"version-history":[{"count":0,"href":"https:\/\/www.dravivianloureiro.com.br\/blog\/wp-json\/wp\/v2\/posts\/3413\/revisions"}],"wp:featuredmedia":[{"embeddable":true,"href":"https:\/\/www.dravivianloureiro.com.br\/blog\/wp-json\/"}],"wp:attachment":[{"href":"https:\/\/www.dravivianloureiro.com.br\/blog\/wp-json\/wp\/v2\/media?parent=3413"}],"wp:term":[{"taxonomy":"category","embeddable":true,"href":"https:\/\/www.dravivianloureiro.com.br\/blog\/wp-json\/wp\/v2\/categories?post=3413"},{"taxonomy":"post_tag","embeddable":true,"href":"https:\/\/www.dravivianloureiro.com.br\/blog\/wp-json\/wp\/v2\/tags?post=3413"}],"curies":[{"name":"wp","href":"https:\/\/api.w.org\/{rel}","templated":true}]}}