{"id":3410,"date":"2011-10-28T13:05:19","date_gmt":"2011-10-28T13:05:19","guid":{"rendered":"http:\/\/www.gabrielacasabona.com.br\/blog\/?p=61"},"modified":"2011-10-28T13:05:19","modified_gmt":"2011-10-28T13:05:19","slug":"aprenda-a-nao-ressecar-os-labios","status":"publish","type":"post","link":"https:\/\/www.dravivianloureiro.com.br\/blog\/aprenda-a-nao-ressecar-os-labios\/","title":{"rendered":"Aprenda a n\u00e3o ressecar os l\u00e1bios"},"content":{"rendered":"<p class=\"estimated-read-time\">Tempo de leitura:<small> menos de 1 minuto<\/small><\/p> <p>Para evitar que seus l\u00e1bios ressequem, al\u00e9m de tomar muita \u00e1gua, procure aplicar diariamente protetor solar em bast\u00e3o, com fator de prote\u00e7\u00e3o 30, antes de aplicar o batom ou o gloss.<\/p>\n<p>\u00c0 noite, distribua uma boa camada de creme reparador \u00e0 base de lanolina antes de dormir. Voc\u00ea vai acordar com os l\u00e1bios macios e hidratados.<\/p>\n<p>Fonte: Programa 10 anos + Jovem.<\/p>\n","protected":false},"excerpt":{"rendered":"<p><small> menos de 1 minuto<\/small> Para evitar que seus l\u00e1bios ressequem, al\u00e9m de tomar muita \u00e1gua, procure aplicar diariamente protetor solar em bast\u00e3o, com fator de prote\u00e7\u00e3o 30, antes de aplicar o batom ou o gloss. \u00c0 noite, distribua uma boa camada de creme reparador \u00e0 base de lanolina antes de dormir. Voc\u00ea vai acordar com os l\u00e1bios macios e hidratados. Fonte: Programa 10 anos + Jovem.<\/p>\n","protected":false},"author":1,"featured_media":3512,"comment_status":"open","ping_status":"open","sticky":false,"template":"","format":"standard","meta":[],"categories":[363,368],"tags":[389,445],"yoast_head":"<!-- This site is optimized with the Yoast SEO plugin v20.6 - https:\/\/yoast.com\/wordpress\/plugins\/seo\/ -->\n<title>Dica para n\u00e3o ressecar os l\u00e1bios - Beauty Beyond Skin Dermatologia Especializada<\/title>\n<meta name=\"description\" content=\"Para evitar que seus l\u00e1bios ressequem, al\u00e9m de tomar muita \u00e1gua, procure aplicar diariamente protetor solar em bast\u00e3o, com fator de prote\u00e7\u00e3o 30. Gabriela Casabona Dermatologista Especialista em Tratamentos da Pele em S\u00e3o Paulo. Telefones: 11 3668-5910 ou 11 3661-9502\" \/>\n<meta name=\"robots\" content=\"index, follow, max-snippet:-1, max-image-preview:large, max-video-preview:-1\" \/>\n<link rel=\"canonical\" href=\"https:\/\/www.dravivianloureiro.com.br\/blog\/aprenda-a-nao-ressecar-os-labios\/\" \/>\n<meta property=\"og:locale\" content=\"pt_BR\" \/>\n<meta property=\"og:type\" content=\"article\" \/>\n<meta property=\"og:title\" content=\"Dica para n\u00e3o ressecar os l\u00e1bios - Beauty Beyond Skin Dermatologia Especializada\" \/>\n<meta property=\"og:description\" content=\"Para evitar que seus l\u00e1bios ressequem, al\u00e9m de tomar muita \u00e1gua, procure aplicar diariamente protetor solar em bast\u00e3o, com fator de prote\u00e7\u00e3o 30. Gabriela Casabona Dermatologista Especialista em Tratamentos da Pele em S\u00e3o Paulo. Telefones: 11 3668-5910 ou 11 3661-9502\" \/>\n<meta property=\"og:url\" content=\"https:\/\/www.dravivianloureiro.com.br\/blog\/aprenda-a-nao-ressecar-os-labios\/\" \/>\n<meta property=\"og:site_name\" content=\"Dra. Vivian Loureiro\" \/>\n<meta property=\"article:publisher\" content=\"https:\/\/pt-br.facebook.com\/vivianloureirodermatologia\/\" \/>\n<meta property=\"article:author\" content=\"https:\/\/pt-br.facebook.com\/vivianloureirodermatologia\/\" \/>\n<meta property=\"article:published_time\" content=\"2011-10-28T13:05:19+00:00\" \/>\n<meta name=\"author\" content=\"Vivian Loureiro\" \/>\n<meta name=\"twitter:card\" content=\"summary_large_image\" \/>\n<meta name=\"twitter:label1\" content=\"Escrito por\" \/>\n\t<meta name=\"twitter:data1\" content=\"Vivian Loureiro\" \/>\n<script type=\"application\/ld+json\" class=\"yoast-schema-graph\">{\"@context\":\"https:\/\/schema.org\",\"@graph\":[{\"@type\":\"Article\",\"@id\":\"https:\/\/www.dravivianloureiro.com.br\/blog\/aprenda-a-nao-ressecar-os-labios\/#article\",\"isPartOf\":{\"@id\":\"https:\/\/www.dravivianloureiro.com.br\/blog\/aprenda-a-nao-ressecar-os-labios\/\"},\"author\":{\"name\":\"Vivian Loureiro\",\"@id\":\"https:\/\/www.dravivianloureiro.com.br\/blog\/#\/schema\/person\/f6272c0e48dae4364ef626c598c5cb84\"},\"headline\":\"Aprenda a n\u00e3o ressecar os l\u00e1bios\",\"datePublished\":\"2011-10-28T13:05:19+00:00\",\"dateModified\":\"2011-10-28T13:05:19+00:00\",\"mainEntityOfPage\":{\"@id\":\"https:\/\/www.dravivianloureiro.com.br\/blog\/aprenda-a-nao-ressecar-os-labios\/\"},\"wordCount\":70,\"commentCount\":0,\"publisher\":{\"@id\":\"https:\/\/www.dravivianloureiro.com.br\/blog\/#organization\"},\"keywords\":[\"dicas\",\"labios\"],\"articleSection\":[\"Dicas\",\"Est\u00e9ticos\"],\"inLanguage\":\"pt-BR\",\"potentialAction\":[{\"@type\":\"CommentAction\",\"name\":\"Comment\",\"target\":[\"https:\/\/www.dravivianloureiro.com.br\/blog\/aprenda-a-nao-ressecar-os-labios\/#respond\"]}]},{\"@type\":\"WebPage\",\"@id\":\"https:\/\/www.dravivianloureiro.com.br\/blog\/aprenda-a-nao-ressecar-os-labios\/\",\"url\":\"https:\/\/www.dravivianloureiro.com.br\/blog\/aprenda-a-nao-ressecar-os-labios\/\",\"name\":\"Dica para n\u00e3o ressecar os l\u00e1bios - Beauty Beyond Skin Dermatologia Especializada\",\"isPartOf\":{\"@id\":\"https:\/\/www.dravivianloureiro.com.br\/blog\/#website\"},\"datePublished\":\"2011-10-28T13:05:19+00:00\",\"dateModified\":\"2011-10-28T13:05:19+00:00\",\"description\":\"Para evitar que seus l\u00e1bios ressequem, al\u00e9m de tomar muita \u00e1gua, procure aplicar diariamente protetor solar em bast\u00e3o, com fator de prote\u00e7\u00e3o 30. Gabriela Casabona Dermatologista Especialista em Tratamentos da Pele em S\u00e3o Paulo. Telefones: 11 3668-5910 ou 11 3661-9502\",\"breadcrumb\":{\"@id\":\"https:\/\/www.dravivianloureiro.com.br\/blog\/aprenda-a-nao-ressecar-os-labios\/#breadcrumb\"},\"inLanguage\":\"pt-BR\",\"potentialAction\":[{\"@type\":\"ReadAction\",\"target\":[\"https:\/\/www.dravivianloureiro.com.br\/blog\/aprenda-a-nao-ressecar-os-labios\/\"]}]},{\"@type\":\"BreadcrumbList\",\"@id\":\"https:\/\/www.dravivianloureiro.com.br\/blog\/aprenda-a-nao-ressecar-os-labios\/#breadcrumb\",\"itemListElement\":[{\"@type\":\"ListItem\",\"position\":1,\"name\":\"In\u00edcio\",\"item\":\"https:\/\/www.dravivianloureiro.com.br\/blog\/\"},{\"@type\":\"ListItem\",\"position\":2,\"name\":\"Aprenda a n\u00e3o ressecar os l\u00e1bios\"}]},{\"@type\":\"WebSite\",\"@id\":\"https:\/\/www.dravivianloureiro.com.br\/blog\/#website\",\"url\":\"https:\/\/www.dravivianloureiro.com.br\/blog\/\",\"name\":\"Dermatologista Vivian Loureiro\",\"description\":\"\",\"publisher\":{\"@id\":\"https:\/\/www.dravivianloureiro.com.br\/blog\/#organization\"},\"potentialAction\":[{\"@type\":\"SearchAction\",\"target\":{\"@type\":\"EntryPoint\",\"urlTemplate\":\"https:\/\/www.dravivianloureiro.com.br\/blog\/?s={search_term_string}\"},\"query-input\":\"required name=search_term_string\"}],\"inLanguage\":\"pt-BR\"},{\"@type\":\"Organization\",\"@id\":\"https:\/\/www.dravivianloureiro.com.br\/blog\/#organization\",\"name\":\"Dra. Vivian Loureiro - Dermatologista Em S\u00e3o Paulo\",\"url\":\"https:\/\/www.dravivianloureiro.com.br\/blog\/\",\"logo\":{\"@type\":\"ImageObject\",\"inLanguage\":\"pt-BR\",\"@id\":\"https:\/\/www.dravivianloureiro.com.br\/blog\/#\/schema\/logo\/image\/\",\"url\":\"https:\/\/www.dravivianloureiro.com.br\/blog\/wp-content\/uploads\/2018\/08\/favicon.jpg\",\"contentUrl\":\"https:\/\/www.dravivianloureiro.com.br\/blog\/wp-content\/uploads\/2018\/08\/favicon.jpg\",\"width\":112,\"height\":112,\"caption\":\"Dra. Vivian Loureiro - Dermatologista Em S\u00e3o Paulo\"},\"image\":{\"@id\":\"https:\/\/www.dravivianloureiro.com.br\/blog\/#\/schema\/logo\/image\/\"},\"sameAs\":[\"https:\/\/pt-br.facebook.com\/vivianloureirodermatologia\/\",\"https:\/\/www.instagram.com\/vivianloureirodermatologia\/\",\"https:\/\/www.linkedin.com\/in\/vivian-barzi-loureiro-a6412887\/\"]},{\"@type\":\"Person\",\"@id\":\"https:\/\/www.dravivianloureiro.com.br\/blog\/#\/schema\/person\/f6272c0e48dae4364ef626c598c5cb84\",\"name\":\"Vivian Loureiro\",\"image\":{\"@type\":\"ImageObject\",\"inLanguage\":\"pt-BR\",\"@id\":\"https:\/\/www.dravivianloureiro.com.br\/blog\/#\/schema\/person\/image\/\",\"url\":\"https:\/\/secure.gravatar.com\/avatar\/8ee2b0fae98657240c77e822ae139ad3?s=96&d=wp_user_avatar&r=g\",\"contentUrl\":\"https:\/\/secure.gravatar.com\/avatar\/8ee2b0fae98657240c77e822ae139ad3?s=96&d=wp_user_avatar&r=g\",\"caption\":\"Vivian Loureiro\"},\"description\":\"M\u00e9dica formada pela Universidade de S\u00e3o Paulo (USP). Realizou resid\u00eancia m\u00e9dica em Dermatologia e complementa\u00e7\u00e3o em Cosmiatria e Laser pelo departamento de Dermatologia do Hospital das Cl\u00ednicas da Faculdade de Medicina da Universidade de S\u00e3o Paulo (USP). Possui t\u00edtulo de especialista em Dermatologia. \u00c9 membro da Sociedade Brasileira de Dermatologia (SBD) e Sociedade Brasileira de Cirurgia Dermatol\u00f3gica (SBCD) e m\u00e9dica do grupo Fleury. Atua nas \u00e1reas de Dermatologia Cl\u00ednica, Cir\u00fargica, Pedi\u00e1trica e Est\u00e9tica. Frequenta e palestra nos principais cursos e congressos de dermatologia, nacionais e internacionais, a fim de se manter em constante atualiza\u00e7\u00e3o.\",\"sameAs\":[\"https:\/\/www.dravivianloureiro.com.br\/\",\"https:\/\/pt-br.facebook.com\/vivianloureirodermatologia\/\",\"https:\/\/www.instagram.com\/vivianloureirodermatologia\/\",\"https:\/\/www.linkedin.com\/in\/vivian-barzi-loureiro-a6412887\/\"]}]}<\/script>\n<!-- \/ Yoast SEO plugin. -->","yoast_head_json":{"title":"Dica para n\u00e3o ressecar os l\u00e1bios - Beauty Beyond Skin Dermatologia Especializada","description":"Para evitar que seus l\u00e1bios ressequem, al\u00e9m de tomar muita \u00e1gua, procure aplicar diariamente protetor solar em bast\u00e3o, com fator de prote\u00e7\u00e3o 30. Gabriela Casabona Dermatologista Especialista em Tratamentos da Pele em S\u00e3o Paulo. Telefones: 11 3668-5910 ou 11 3661-9502","robots":{"index":"index","follow":"follow","max-snippet":"max-snippet:-1","max-image-preview":"max-image-preview:large","max-video-preview":"max-video-preview:-1"},"canonical":"https:\/\/www.dravivianloureiro.com.br\/blog\/aprenda-a-nao-ressecar-os-labios\/","og_locale":"pt_BR","og_type":"article","og_title":"Dica para n\u00e3o ressecar os l\u00e1bios - Beauty Beyond Skin Dermatologia Especializada","og_description":"Para evitar que seus l\u00e1bios ressequem, al\u00e9m de tomar muita \u00e1gua, procure aplicar diariamente protetor solar em bast\u00e3o, com fator de prote\u00e7\u00e3o 30. Gabriela Casabona Dermatologista Especialista em Tratamentos da Pele em S\u00e3o Paulo. Telefones: 11 3668-5910 ou 11 3661-9502","og_url":"https:\/\/www.dravivianloureiro.com.br\/blog\/aprenda-a-nao-ressecar-os-labios\/","og_site_name":"Dra. Vivian Loureiro","article_publisher":"https:\/\/pt-br.facebook.com\/vivianloureirodermatologia\/","article_author":"https:\/\/pt-br.facebook.com\/vivianloureirodermatologia\/","article_published_time":"2011-10-28T13:05:19+00:00","author":"Vivian Loureiro","twitter_card":"summary_large_image","twitter_misc":{"Escrito por":"Vivian Loureiro"},"schema":{"@context":"https:\/\/schema.org","@graph":[{"@type":"Article","@id":"https:\/\/www.dravivianloureiro.com.br\/blog\/aprenda-a-nao-ressecar-os-labios\/#article","isPartOf":{"@id":"https:\/\/www.dravivianloureiro.com.br\/blog\/aprenda-a-nao-ressecar-os-labios\/"},"author":{"name":"Vivian Loureiro","@id":"https:\/\/www.dravivianloureiro.com.br\/blog\/#\/schema\/person\/f6272c0e48dae4364ef626c598c5cb84"},"headline":"Aprenda a n\u00e3o ressecar os l\u00e1bios","datePublished":"2011-10-28T13:05:19+00:00","dateModified":"2011-10-28T13:05:19+00:00","mainEntityOfPage":{"@id":"https:\/\/www.dravivianloureiro.com.br\/blog\/aprenda-a-nao-ressecar-os-labios\/"},"wordCount":70,"commentCount":0,"publisher":{"@id":"https:\/\/www.dravivianloureiro.com.br\/blog\/#organization"},"keywords":["dicas","labios"],"articleSection":["Dicas","Est\u00e9ticos"],"inLanguage":"pt-BR","potentialAction":[{"@type":"CommentAction","name":"Comment","target":["https:\/\/www.dravivianloureiro.com.br\/blog\/aprenda-a-nao-ressecar-os-labios\/#respond"]}]},{"@type":"WebPage","@id":"https:\/\/www.dravivianloureiro.com.br\/blog\/aprenda-a-nao-ressecar-os-labios\/","url":"https:\/\/www.dravivianloureiro.com.br\/blog\/aprenda-a-nao-ressecar-os-labios\/","name":"Dica para n\u00e3o ressecar os l\u00e1bios - Beauty Beyond Skin Dermatologia Especializada","isPartOf":{"@id":"https:\/\/www.dravivianloureiro.com.br\/blog\/#website"},"datePublished":"2011-10-28T13:05:19+00:00","dateModified":"2011-10-28T13:05:19+00:00","description":"Para evitar que seus l\u00e1bios ressequem, al\u00e9m de tomar muita \u00e1gua, procure aplicar diariamente protetor solar em bast\u00e3o, com fator de prote\u00e7\u00e3o 30. Gabriela Casabona Dermatologista Especialista em Tratamentos da Pele em S\u00e3o Paulo. Telefones: 11 3668-5910 ou 11 3661-9502","breadcrumb":{"@id":"https:\/\/www.dravivianloureiro.com.br\/blog\/aprenda-a-nao-ressecar-os-labios\/#breadcrumb"},"inLanguage":"pt-BR","potentialAction":[{"@type":"ReadAction","target":["https:\/\/www.dravivianloureiro.com.br\/blog\/aprenda-a-nao-ressecar-os-labios\/"]}]},{"@type":"BreadcrumbList","@id":"https:\/\/www.dravivianloureiro.com.br\/blog\/aprenda-a-nao-ressecar-os-labios\/#breadcrumb","itemListElement":[{"@type":"ListItem","position":1,"name":"In\u00edcio","item":"https:\/\/www.dravivianloureiro.com.br\/blog\/"},{"@type":"ListItem","position":2,"name":"Aprenda a n\u00e3o ressecar os l\u00e1bios"}]},{"@type":"WebSite","@id":"https:\/\/www.dravivianloureiro.com.br\/blog\/#website","url":"https:\/\/www.dravivianloureiro.com.br\/blog\/","name":"Dermatologista Vivian Loureiro","description":"","publisher":{"@id":"https:\/\/www.dravivianloureiro.com.br\/blog\/#organization"},"potentialAction":[{"@type":"SearchAction","target":{"@type":"EntryPoint","urlTemplate":"https:\/\/www.dravivianloureiro.com.br\/blog\/?s={search_term_string}"},"query-input":"required name=search_term_string"}],"inLanguage":"pt-BR"},{"@type":"Organization","@id":"https:\/\/www.dravivianloureiro.com.br\/blog\/#organization","name":"Dra. Vivian Loureiro - Dermatologista Em S\u00e3o Paulo","url":"https:\/\/www.dravivianloureiro.com.br\/blog\/","logo":{"@type":"ImageObject","inLanguage":"pt-BR","@id":"https:\/\/www.dravivianloureiro.com.br\/blog\/#\/schema\/logo\/image\/","url":"https:\/\/www.dravivianloureiro.com.br\/blog\/wp-content\/uploads\/2018\/08\/favicon.jpg","contentUrl":"https:\/\/www.dravivianloureiro.com.br\/blog\/wp-content\/uploads\/2018\/08\/favicon.jpg","width":112,"height":112,"caption":"Dra. Vivian Loureiro - Dermatologista Em S\u00e3o Paulo"},"image":{"@id":"https:\/\/www.dravivianloureiro.com.br\/blog\/#\/schema\/logo\/image\/"},"sameAs":["https:\/\/pt-br.facebook.com\/vivianloureirodermatologia\/","https:\/\/www.instagram.com\/vivianloureirodermatologia\/","https:\/\/www.linkedin.com\/in\/vivian-barzi-loureiro-a6412887\/"]},{"@type":"Person","@id":"https:\/\/www.dravivianloureiro.com.br\/blog\/#\/schema\/person\/f6272c0e48dae4364ef626c598c5cb84","name":"Vivian Loureiro","image":{"@type":"ImageObject","inLanguage":"pt-BR","@id":"https:\/\/www.dravivianloureiro.com.br\/blog\/#\/schema\/person\/image\/","url":"https:\/\/secure.gravatar.com\/avatar\/8ee2b0fae98657240c77e822ae139ad3?s=96&d=wp_user_avatar&r=g","contentUrl":"https:\/\/secure.gravatar.com\/avatar\/8ee2b0fae98657240c77e822ae139ad3?s=96&d=wp_user_avatar&r=g","caption":"Vivian Loureiro"},"description":"M\u00e9dica formada pela Universidade de S\u00e3o Paulo (USP). Realizou resid\u00eancia m\u00e9dica em Dermatologia e complementa\u00e7\u00e3o em Cosmiatria e Laser pelo departamento de Dermatologia do Hospital das Cl\u00ednicas da Faculdade de Medicina da Universidade de S\u00e3o Paulo (USP). Possui t\u00edtulo de especialista em Dermatologia. \u00c9 membro da Sociedade Brasileira de Dermatologia (SBD) e Sociedade Brasileira de Cirurgia Dermatol\u00f3gica (SBCD) e m\u00e9dica do grupo Fleury. Atua nas \u00e1reas de Dermatologia Cl\u00ednica, Cir\u00fargica, Pedi\u00e1trica e Est\u00e9tica. Frequenta e palestra nos principais cursos e congressos de dermatologia, nacionais e internacionais, a fim de se manter em constante atualiza\u00e7\u00e3o.","sameAs":["https:\/\/www.dravivianloureiro.com.br\/","https:\/\/pt-br.facebook.com\/vivianloureirodermatologia\/","https:\/\/www.instagram.com\/vivianloureirodermatologia\/","https:\/\/www.linkedin.com\/in\/vivian-barzi-loureiro-a6412887\/"]}]}},"amp_enabled":true,"_links":{"self":[{"href":"https:\/\/www.dravivianloureiro.com.br\/blog\/wp-json\/wp\/v2\/posts\/3410"}],"collection":[{"href":"https:\/\/www.dravivianloureiro.com.br\/blog\/wp-json\/wp\/v2\/posts"}],"about":[{"href":"https:\/\/www.dravivianloureiro.com.br\/blog\/wp-json\/wp\/v2\/types\/post"}],"author":[{"embeddable":true,"href":"https:\/\/www.dravivianloureiro.com.br\/blog\/wp-json\/wp\/v2\/users\/1"}],"replies":[{"embeddable":true,"href":"https:\/\/www.dravivianloureiro.com.br\/blog\/wp-json\/wp\/v2\/comments?post=3410"}],"version-history":[{"count":0,"href":"https:\/\/www.dravivianloureiro.com.br\/blog\/wp-json\/wp\/v2\/posts\/3410\/revisions"}],"wp:featuredmedia":[{"embeddable":true,"href":"https:\/\/www.dravivianloureiro.com.br\/blog\/wp-json\/"}],"wp:attachment":[{"href":"https:\/\/www.dravivianloureiro.com.br\/blog\/wp-json\/wp\/v2\/media?parent=3410"}],"wp:term":[{"taxonomy":"category","embeddable":true,"href":"https:\/\/www.dravivianloureiro.com.br\/blog\/wp-json\/wp\/v2\/categories?post=3410"},{"taxonomy":"post_tag","embeddable":true,"href":"https:\/\/www.dravivianloureiro.com.br\/blog\/wp-json\/wp\/v2\/tags?post=3410"}],"curies":[{"name":"wp","href":"https:\/\/api.w.org\/{rel}","templated":true}]}}