{"id":3409,"date":"2011-10-28T12:56:58","date_gmt":"2011-10-28T12:56:58","guid":{"rendered":"http:\/\/www.gabrielacasabona.com.br\/blog\/?p=53"},"modified":"2011-10-28T12:56:58","modified_gmt":"2011-10-28T12:56:58","slug":"cancer-de-pele","status":"publish","type":"post","link":"https:\/\/www.dravivianloureiro.com.br\/blog\/cancer-de-pele\/","title":{"rendered":"C\u00e2ncer da pele"},"content":{"rendered":"<p class=\"estimated-read-time\">Tempo de leitura:<small> 1 minuto<\/small><\/p> <h2>Uma de minhas pintas tem crescido e mudado de forma o que devo fazer?<\/h2>\n<p>Os Melanomas s\u00e3o les\u00f5es que normalmente se originam de pintas j\u00e1 existentes que freq\u00fcentemente se transformam com rapidez e os sinais mais precoces seriam detectados atrav\u00e9s da regra ABCD:<\/p>\n<ul>\n<li>Assimetria: uma metade da pinta \u00e9 diferente da outra.<\/li>\n<li>Borda irregular: contornos mal definidos.<\/li>\n<li>Cor vari\u00e1vel: muitas tonalidades numa mesma les\u00e3o (preta, castanha, branca, vermelha, azulada).<\/li>\n<li>Di\u00e2metro: maior que 6,0 mm\/ (di\u00e2metro de um l\u00e1pis).<\/li>\n<\/ul>\n<p>O diagn\u00f3stico final se d\u00e1 por bi\u00f3psia local. Como \u00e9 um tipo de c\u00e2ncer com grande poder de metastatiza\u00e7\u00e3o. Deve ser diagnosticado e tratado no inicio. Paralelamente deve ser feito estadiamento f\u00edsico geral.<\/p>\n<h2>Tenho uma espinha no nariz que nunca cicatriza. Devo me preocupar?<\/h2>\n<p>Os tipos N\u00e3o Melanomas (mais freq\u00fcentes s\u00e3o Carcinomas espino e basocelular) se originam, em sua maioria, em \u00e1reas de exposi\u00e7\u00e3o solar ou de trauma constante.<\/p>\n<p>Alguns fatores s\u00e3o associados com aumento do risco como fumo, uso de drogas imussupressoras, uso pr\u00f3teses dent\u00e1rias e exposi\u00e7\u00e3o solar sem prote\u00e7\u00e3o cumulativa.<\/p>\n<p>O tratamento de escolha \u00e9 a cirurgia convencional, mas em alguns casos pode ser feita quimioterapia t\u00f3pica com PDT \u2013\u00a0 Metvix.<\/p>\n","protected":false},"excerpt":{"rendered":"<p><small> 1 minuto<\/small> Uma de minhas pintas tem crescido e mudado de forma o que devo fazer? Os Melanomas s\u00e3o les\u00f5es que normalmente se originam de pintas j\u00e1 existentes que freq\u00fcentemente se transformam com rapidez e os sinais mais precoces seriam detectados atrav\u00e9s da regra ABCD: Assimetria: uma metade da pinta \u00e9 diferente da outra. Borda irregular: contornos mal definidos. Cor vari\u00e1vel: muitas tonalidades numa mesma les\u00e3o (preta, castanha, branca, vermelha, azulada). Di\u00e2metro: maior que 6,0 mm\/ (di\u00e2metro de um l\u00e1pis). O diagn\u00f3stico final se <a href=\"https:\/\/www.dravivianloureiro.com.br\/blog\/cancer-de-pele\/\" class=\"more-link\"><span>Continue lendo<\/span>\u2192<\/a><\/p>\n","protected":false},"author":1,"featured_media":3498,"comment_status":"open","ping_status":"open","sticky":false,"template":"","format":"standard","meta":[],"categories":[436,437],"tags":[435,253,438,206,439],"yoast_head":"<!-- This site is optimized with the Yoast SEO plugin v20.6 - https:\/\/yoast.com\/wordpress\/plugins\/seo\/ -->\n<title>Perguntas e Respostas sobre C\u00e2ncer de Pele - Beauty Beyond Skin Dermatologia Especializada<\/title>\n<meta name=\"description\" content=\"Altera\u00e7\u00f5es corporais que podem estar relacionadas ao c\u00e2ncer da pele. Entenda como perguntas comuns do dia-a-dia podem ajudar voc\u00ea e esclarecer suas d\u00favidas sobre o c\u00e2ncer de pele. Gabriela Casabona Dermatologista Cirurgi\u00e3 Especialista em C\u00e2ncer da Pele em S\u00e3o Paulo. Telefone: 11 3668-5910\" \/>\n<meta name=\"robots\" content=\"index, follow, max-snippet:-1, max-image-preview:large, max-video-preview:-1\" \/>\n<link rel=\"canonical\" href=\"https:\/\/www.dravivianloureiro.com.br\/blog\/cancer-de-pele\/\" \/>\n<meta property=\"og:locale\" content=\"pt_BR\" \/>\n<meta property=\"og:type\" content=\"article\" \/>\n<meta property=\"og:title\" content=\"Perguntas e Respostas sobre C\u00e2ncer de Pele - Beauty Beyond Skin Dermatologia Especializada\" \/>\n<meta property=\"og:description\" content=\"Altera\u00e7\u00f5es corporais que podem estar relacionadas ao c\u00e2ncer da pele. Entenda como perguntas comuns do dia-a-dia podem ajudar voc\u00ea e esclarecer suas d\u00favidas sobre o c\u00e2ncer de pele. Gabriela Casabona Dermatologista Cirurgi\u00e3 Especialista em C\u00e2ncer da Pele em S\u00e3o Paulo. Telefone: 11 3668-5910\" \/>\n<meta property=\"og:url\" content=\"https:\/\/www.dravivianloureiro.com.br\/blog\/cancer-de-pele\/\" \/>\n<meta property=\"og:site_name\" content=\"Dra. Vivian Loureiro\" \/>\n<meta property=\"article:publisher\" content=\"https:\/\/pt-br.facebook.com\/vivianloureirodermatologia\/\" \/>\n<meta property=\"article:author\" content=\"https:\/\/pt-br.facebook.com\/vivianloureirodermatologia\/\" \/>\n<meta property=\"article:published_time\" content=\"2011-10-28T12:56:58+00:00\" \/>\n<meta name=\"author\" content=\"Vivian Loureiro\" \/>\n<meta name=\"twitter:card\" content=\"summary_large_image\" \/>\n<meta name=\"twitter:label1\" content=\"Escrito por\" \/>\n\t<meta name=\"twitter:data1\" content=\"Vivian Loureiro\" \/>\n\t<meta name=\"twitter:label2\" content=\"Est. tempo de leitura\" \/>\n\t<meta name=\"twitter:data2\" content=\"1 minuto\" \/>\n<script type=\"application\/ld+json\" class=\"yoast-schema-graph\">{\"@context\":\"https:\/\/schema.org\",\"@graph\":[{\"@type\":\"Article\",\"@id\":\"https:\/\/www.dravivianloureiro.com.br\/blog\/cancer-de-pele\/#article\",\"isPartOf\":{\"@id\":\"https:\/\/www.dravivianloureiro.com.br\/blog\/cancer-de-pele\/\"},\"author\":{\"name\":\"Vivian Loureiro\",\"@id\":\"https:\/\/www.dravivianloureiro.com.br\/blog\/#\/schema\/person\/f6272c0e48dae4364ef626c598c5cb84\"},\"headline\":\"C\u00e2ncer da pele\",\"datePublished\":\"2011-10-28T12:56:58+00:00\",\"dateModified\":\"2011-10-28T12:56:58+00:00\",\"mainEntityOfPage\":{\"@id\":\"https:\/\/www.dravivianloureiro.com.br\/blog\/cancer-de-pele\/\"},\"wordCount\":214,\"commentCount\":0,\"publisher\":{\"@id\":\"https:\/\/www.dravivianloureiro.com.br\/blog\/#organization\"},\"keywords\":[\"cancer da pele\",\"dezembro laranja\",\"lesoes pre malignas\",\"prote\u00e7\u00e3o solar\",\"verao laranja\"],\"articleSection\":[\"C\u00e2ncer de Pele e Les\u00f5es Pr\u00e9 Malignas\",\"Cir\u00fargicos\"],\"inLanguage\":\"pt-BR\",\"potentialAction\":[{\"@type\":\"CommentAction\",\"name\":\"Comment\",\"target\":[\"https:\/\/www.dravivianloureiro.com.br\/blog\/cancer-de-pele\/#respond\"]}]},{\"@type\":\"WebPage\",\"@id\":\"https:\/\/www.dravivianloureiro.com.br\/blog\/cancer-de-pele\/\",\"url\":\"https:\/\/www.dravivianloureiro.com.br\/blog\/cancer-de-pele\/\",\"name\":\"Perguntas e Respostas sobre C\u00e2ncer de Pele - Beauty Beyond Skin Dermatologia Especializada\",\"isPartOf\":{\"@id\":\"https:\/\/www.dravivianloureiro.com.br\/blog\/#website\"},\"datePublished\":\"2011-10-28T12:56:58+00:00\",\"dateModified\":\"2011-10-28T12:56:58+00:00\",\"description\":\"Altera\u00e7\u00f5es corporais que podem estar relacionadas ao c\u00e2ncer da pele. Entenda como perguntas comuns do dia-a-dia podem ajudar voc\u00ea e esclarecer suas d\u00favidas sobre o c\u00e2ncer de pele. Gabriela Casabona Dermatologista Cirurgi\u00e3 Especialista em C\u00e2ncer da Pele em S\u00e3o Paulo. Telefone: 11 3668-5910\",\"breadcrumb\":{\"@id\":\"https:\/\/www.dravivianloureiro.com.br\/blog\/cancer-de-pele\/#breadcrumb\"},\"inLanguage\":\"pt-BR\",\"potentialAction\":[{\"@type\":\"ReadAction\",\"target\":[\"https:\/\/www.dravivianloureiro.com.br\/blog\/cancer-de-pele\/\"]}]},{\"@type\":\"BreadcrumbList\",\"@id\":\"https:\/\/www.dravivianloureiro.com.br\/blog\/cancer-de-pele\/#breadcrumb\",\"itemListElement\":[{\"@type\":\"ListItem\",\"position\":1,\"name\":\"In\u00edcio\",\"item\":\"https:\/\/www.dravivianloureiro.com.br\/blog\/\"},{\"@type\":\"ListItem\",\"position\":2,\"name\":\"C\u00e2ncer da pele\"}]},{\"@type\":\"WebSite\",\"@id\":\"https:\/\/www.dravivianloureiro.com.br\/blog\/#website\",\"url\":\"https:\/\/www.dravivianloureiro.com.br\/blog\/\",\"name\":\"Dermatologista Vivian Loureiro\",\"description\":\"\",\"publisher\":{\"@id\":\"https:\/\/www.dravivianloureiro.com.br\/blog\/#organization\"},\"potentialAction\":[{\"@type\":\"SearchAction\",\"target\":{\"@type\":\"EntryPoint\",\"urlTemplate\":\"https:\/\/www.dravivianloureiro.com.br\/blog\/?s={search_term_string}\"},\"query-input\":\"required name=search_term_string\"}],\"inLanguage\":\"pt-BR\"},{\"@type\":\"Organization\",\"@id\":\"https:\/\/www.dravivianloureiro.com.br\/blog\/#organization\",\"name\":\"Dra. Vivian Loureiro - Dermatologista Em S\u00e3o Paulo\",\"url\":\"https:\/\/www.dravivianloureiro.com.br\/blog\/\",\"logo\":{\"@type\":\"ImageObject\",\"inLanguage\":\"pt-BR\",\"@id\":\"https:\/\/www.dravivianloureiro.com.br\/blog\/#\/schema\/logo\/image\/\",\"url\":\"https:\/\/www.dravivianloureiro.com.br\/blog\/wp-content\/uploads\/2018\/08\/favicon.jpg\",\"contentUrl\":\"https:\/\/www.dravivianloureiro.com.br\/blog\/wp-content\/uploads\/2018\/08\/favicon.jpg\",\"width\":112,\"height\":112,\"caption\":\"Dra. Vivian Loureiro - Dermatologista Em S\u00e3o Paulo\"},\"image\":{\"@id\":\"https:\/\/www.dravivianloureiro.com.br\/blog\/#\/schema\/logo\/image\/\"},\"sameAs\":[\"https:\/\/pt-br.facebook.com\/vivianloureirodermatologia\/\",\"https:\/\/www.instagram.com\/vivianloureirodermatologia\/\",\"https:\/\/www.linkedin.com\/in\/vivian-barzi-loureiro-a6412887\/\"]},{\"@type\":\"Person\",\"@id\":\"https:\/\/www.dravivianloureiro.com.br\/blog\/#\/schema\/person\/f6272c0e48dae4364ef626c598c5cb84\",\"name\":\"Vivian Loureiro\",\"image\":{\"@type\":\"ImageObject\",\"inLanguage\":\"pt-BR\",\"@id\":\"https:\/\/www.dravivianloureiro.com.br\/blog\/#\/schema\/person\/image\/\",\"url\":\"https:\/\/secure.gravatar.com\/avatar\/8ee2b0fae98657240c77e822ae139ad3?s=96&d=wp_user_avatar&r=g\",\"contentUrl\":\"https:\/\/secure.gravatar.com\/avatar\/8ee2b0fae98657240c77e822ae139ad3?s=96&d=wp_user_avatar&r=g\",\"caption\":\"Vivian Loureiro\"},\"description\":\"M\u00e9dica formada pela Universidade de S\u00e3o Paulo (USP). Realizou resid\u00eancia m\u00e9dica em Dermatologia e complementa\u00e7\u00e3o em Cosmiatria e Laser pelo departamento de Dermatologia do Hospital das Cl\u00ednicas da Faculdade de Medicina da Universidade de S\u00e3o Paulo (USP). Possui t\u00edtulo de especialista em Dermatologia. \u00c9 membro da Sociedade Brasileira de Dermatologia (SBD) e Sociedade Brasileira de Cirurgia Dermatol\u00f3gica (SBCD) e m\u00e9dica do grupo Fleury. Atua nas \u00e1reas de Dermatologia Cl\u00ednica, Cir\u00fargica, Pedi\u00e1trica e Est\u00e9tica. Frequenta e palestra nos principais cursos e congressos de dermatologia, nacionais e internacionais, a fim de se manter em constante atualiza\u00e7\u00e3o.\",\"sameAs\":[\"https:\/\/www.dravivianloureiro.com.br\/\",\"https:\/\/pt-br.facebook.com\/vivianloureirodermatologia\/\",\"https:\/\/www.instagram.com\/vivianloureirodermatologia\/\",\"https:\/\/www.linkedin.com\/in\/vivian-barzi-loureiro-a6412887\/\"]}]}<\/script>\n<!-- \/ Yoast SEO plugin. -->","yoast_head_json":{"title":"Perguntas e Respostas sobre C\u00e2ncer de Pele - Beauty Beyond Skin Dermatologia Especializada","description":"Altera\u00e7\u00f5es corporais que podem estar relacionadas ao c\u00e2ncer da pele. Entenda como perguntas comuns do dia-a-dia podem ajudar voc\u00ea e esclarecer suas d\u00favidas sobre o c\u00e2ncer de pele. Gabriela Casabona Dermatologista Cirurgi\u00e3 Especialista em C\u00e2ncer da Pele em S\u00e3o Paulo. Telefone: 11 3668-5910","robots":{"index":"index","follow":"follow","max-snippet":"max-snippet:-1","max-image-preview":"max-image-preview:large","max-video-preview":"max-video-preview:-1"},"canonical":"https:\/\/www.dravivianloureiro.com.br\/blog\/cancer-de-pele\/","og_locale":"pt_BR","og_type":"article","og_title":"Perguntas e Respostas sobre C\u00e2ncer de Pele - Beauty Beyond Skin Dermatologia Especializada","og_description":"Altera\u00e7\u00f5es corporais que podem estar relacionadas ao c\u00e2ncer da pele. Entenda como perguntas comuns do dia-a-dia podem ajudar voc\u00ea e esclarecer suas d\u00favidas sobre o c\u00e2ncer de pele. Gabriela Casabona Dermatologista Cirurgi\u00e3 Especialista em C\u00e2ncer da Pele em S\u00e3o Paulo. Telefone: 11 3668-5910","og_url":"https:\/\/www.dravivianloureiro.com.br\/blog\/cancer-de-pele\/","og_site_name":"Dra. Vivian Loureiro","article_publisher":"https:\/\/pt-br.facebook.com\/vivianloureirodermatologia\/","article_author":"https:\/\/pt-br.facebook.com\/vivianloureirodermatologia\/","article_published_time":"2011-10-28T12:56:58+00:00","author":"Vivian Loureiro","twitter_card":"summary_large_image","twitter_misc":{"Escrito por":"Vivian Loureiro","Est. tempo de leitura":"1 minuto"},"schema":{"@context":"https:\/\/schema.org","@graph":[{"@type":"Article","@id":"https:\/\/www.dravivianloureiro.com.br\/blog\/cancer-de-pele\/#article","isPartOf":{"@id":"https:\/\/www.dravivianloureiro.com.br\/blog\/cancer-de-pele\/"},"author":{"name":"Vivian Loureiro","@id":"https:\/\/www.dravivianloureiro.com.br\/blog\/#\/schema\/person\/f6272c0e48dae4364ef626c598c5cb84"},"headline":"C\u00e2ncer da pele","datePublished":"2011-10-28T12:56:58+00:00","dateModified":"2011-10-28T12:56:58+00:00","mainEntityOfPage":{"@id":"https:\/\/www.dravivianloureiro.com.br\/blog\/cancer-de-pele\/"},"wordCount":214,"commentCount":0,"publisher":{"@id":"https:\/\/www.dravivianloureiro.com.br\/blog\/#organization"},"keywords":["cancer da pele","dezembro laranja","lesoes pre malignas","prote\u00e7\u00e3o solar","verao laranja"],"articleSection":["C\u00e2ncer de Pele e Les\u00f5es Pr\u00e9 Malignas","Cir\u00fargicos"],"inLanguage":"pt-BR","potentialAction":[{"@type":"CommentAction","name":"Comment","target":["https:\/\/www.dravivianloureiro.com.br\/blog\/cancer-de-pele\/#respond"]}]},{"@type":"WebPage","@id":"https:\/\/www.dravivianloureiro.com.br\/blog\/cancer-de-pele\/","url":"https:\/\/www.dravivianloureiro.com.br\/blog\/cancer-de-pele\/","name":"Perguntas e Respostas sobre C\u00e2ncer de Pele - Beauty Beyond Skin Dermatologia Especializada","isPartOf":{"@id":"https:\/\/www.dravivianloureiro.com.br\/blog\/#website"},"datePublished":"2011-10-28T12:56:58+00:00","dateModified":"2011-10-28T12:56:58+00:00","description":"Altera\u00e7\u00f5es corporais que podem estar relacionadas ao c\u00e2ncer da pele. Entenda como perguntas comuns do dia-a-dia podem ajudar voc\u00ea e esclarecer suas d\u00favidas sobre o c\u00e2ncer de pele. Gabriela Casabona Dermatologista Cirurgi\u00e3 Especialista em C\u00e2ncer da Pele em S\u00e3o Paulo. Telefone: 11 3668-5910","breadcrumb":{"@id":"https:\/\/www.dravivianloureiro.com.br\/blog\/cancer-de-pele\/#breadcrumb"},"inLanguage":"pt-BR","potentialAction":[{"@type":"ReadAction","target":["https:\/\/www.dravivianloureiro.com.br\/blog\/cancer-de-pele\/"]}]},{"@type":"BreadcrumbList","@id":"https:\/\/www.dravivianloureiro.com.br\/blog\/cancer-de-pele\/#breadcrumb","itemListElement":[{"@type":"ListItem","position":1,"name":"In\u00edcio","item":"https:\/\/www.dravivianloureiro.com.br\/blog\/"},{"@type":"ListItem","position":2,"name":"C\u00e2ncer da pele"}]},{"@type":"WebSite","@id":"https:\/\/www.dravivianloureiro.com.br\/blog\/#website","url":"https:\/\/www.dravivianloureiro.com.br\/blog\/","name":"Dermatologista Vivian Loureiro","description":"","publisher":{"@id":"https:\/\/www.dravivianloureiro.com.br\/blog\/#organization"},"potentialAction":[{"@type":"SearchAction","target":{"@type":"EntryPoint","urlTemplate":"https:\/\/www.dravivianloureiro.com.br\/blog\/?s={search_term_string}"},"query-input":"required name=search_term_string"}],"inLanguage":"pt-BR"},{"@type":"Organization","@id":"https:\/\/www.dravivianloureiro.com.br\/blog\/#organization","name":"Dra. Vivian Loureiro - Dermatologista Em S\u00e3o Paulo","url":"https:\/\/www.dravivianloureiro.com.br\/blog\/","logo":{"@type":"ImageObject","inLanguage":"pt-BR","@id":"https:\/\/www.dravivianloureiro.com.br\/blog\/#\/schema\/logo\/image\/","url":"https:\/\/www.dravivianloureiro.com.br\/blog\/wp-content\/uploads\/2018\/08\/favicon.jpg","contentUrl":"https:\/\/www.dravivianloureiro.com.br\/blog\/wp-content\/uploads\/2018\/08\/favicon.jpg","width":112,"height":112,"caption":"Dra. Vivian Loureiro - Dermatologista Em S\u00e3o Paulo"},"image":{"@id":"https:\/\/www.dravivianloureiro.com.br\/blog\/#\/schema\/logo\/image\/"},"sameAs":["https:\/\/pt-br.facebook.com\/vivianloureirodermatologia\/","https:\/\/www.instagram.com\/vivianloureirodermatologia\/","https:\/\/www.linkedin.com\/in\/vivian-barzi-loureiro-a6412887\/"]},{"@type":"Person","@id":"https:\/\/www.dravivianloureiro.com.br\/blog\/#\/schema\/person\/f6272c0e48dae4364ef626c598c5cb84","name":"Vivian Loureiro","image":{"@type":"ImageObject","inLanguage":"pt-BR","@id":"https:\/\/www.dravivianloureiro.com.br\/blog\/#\/schema\/person\/image\/","url":"https:\/\/secure.gravatar.com\/avatar\/8ee2b0fae98657240c77e822ae139ad3?s=96&d=wp_user_avatar&r=g","contentUrl":"https:\/\/secure.gravatar.com\/avatar\/8ee2b0fae98657240c77e822ae139ad3?s=96&d=wp_user_avatar&r=g","caption":"Vivian Loureiro"},"description":"M\u00e9dica formada pela Universidade de S\u00e3o Paulo (USP). Realizou resid\u00eancia m\u00e9dica em Dermatologia e complementa\u00e7\u00e3o em Cosmiatria e Laser pelo departamento de Dermatologia do Hospital das Cl\u00ednicas da Faculdade de Medicina da Universidade de S\u00e3o Paulo (USP). Possui t\u00edtulo de especialista em Dermatologia. \u00c9 membro da Sociedade Brasileira de Dermatologia (SBD) e Sociedade Brasileira de Cirurgia Dermatol\u00f3gica (SBCD) e m\u00e9dica do grupo Fleury. Atua nas \u00e1reas de Dermatologia Cl\u00ednica, Cir\u00fargica, Pedi\u00e1trica e Est\u00e9tica. Frequenta e palestra nos principais cursos e congressos de dermatologia, nacionais e internacionais, a fim de se manter em constante atualiza\u00e7\u00e3o.","sameAs":["https:\/\/www.dravivianloureiro.com.br\/","https:\/\/pt-br.facebook.com\/vivianloureirodermatologia\/","https:\/\/www.instagram.com\/vivianloureirodermatologia\/","https:\/\/www.linkedin.com\/in\/vivian-barzi-loureiro-a6412887\/"]}]}},"amp_enabled":true,"_links":{"self":[{"href":"https:\/\/www.dravivianloureiro.com.br\/blog\/wp-json\/wp\/v2\/posts\/3409"}],"collection":[{"href":"https:\/\/www.dravivianloureiro.com.br\/blog\/wp-json\/wp\/v2\/posts"}],"about":[{"href":"https:\/\/www.dravivianloureiro.com.br\/blog\/wp-json\/wp\/v2\/types\/post"}],"author":[{"embeddable":true,"href":"https:\/\/www.dravivianloureiro.com.br\/blog\/wp-json\/wp\/v2\/users\/1"}],"replies":[{"embeddable":true,"href":"https:\/\/www.dravivianloureiro.com.br\/blog\/wp-json\/wp\/v2\/comments?post=3409"}],"version-history":[{"count":0,"href":"https:\/\/www.dravivianloureiro.com.br\/blog\/wp-json\/wp\/v2\/posts\/3409\/revisions"}],"wp:featuredmedia":[{"embeddable":true,"href":"https:\/\/www.dravivianloureiro.com.br\/blog\/wp-json\/"}],"wp:attachment":[{"href":"https:\/\/www.dravivianloureiro.com.br\/blog\/wp-json\/wp\/v2\/media?parent=3409"}],"wp:term":[{"taxonomy":"category","embeddable":true,"href":"https:\/\/www.dravivianloureiro.com.br\/blog\/wp-json\/wp\/v2\/categories?post=3409"},{"taxonomy":"post_tag","embeddable":true,"href":"https:\/\/www.dravivianloureiro.com.br\/blog\/wp-json\/wp\/v2\/tags?post=3409"}],"curies":[{"name":"wp","href":"https:\/\/api.w.org\/{rel}","templated":true}]}}