{"id":3408,"date":"2011-10-28T12:55:31","date_gmt":"2011-10-28T12:55:31","guid":{"rendered":"http:\/\/www.gabrielacasabona.com.br\/blog\/?p=51"},"modified":"2011-10-28T12:55:31","modified_gmt":"2011-10-28T12:55:31","slug":"alteracoes-corporais","status":"publish","type":"post","link":"https:\/\/www.dravivianloureiro.com.br\/blog\/alteracoes-corporais\/","title":{"rendered":"Altera\u00e7\u00f5es corporais"},"content":{"rendered":"<p class=\"estimated-read-time\">Tempo de leitura:<small> 2 minutos<\/small><\/p> <h2>Tenho muitas estrias, elas t\u00eam tratamento?<\/h2>\n<p>Estrias \u2013 Altera\u00e7\u00e3o associada a distens\u00e3o ou falta prote\u00ednas na alimenta\u00e7\u00e3o. Ocorre com crescimento intenso, aumento muscular, perda de peso, gesta\u00e7\u00e3o e algumas drogas. \u00c9 a forma\u00e7\u00e3o de uma regi\u00e3o atr\u00f3fica com perda de quebra das fibras el\u00e1sticas. S\u00e3o vermelhas ou brancas dependendo do tempo de aparecimento. Tratamento consiste em renovar esta pele desorganizada e sem vida atrav\u00e9s de lasers trazendo um aumento das fibras el\u00e1sticas e col\u00e1genas: laser n\u00e3o ablativo fracionado Lux 1540 nm\u00a0 combinado com luz infravermelha Lux IRDeep. Devem ser feitas v\u00e1rias sess\u00f5es.<\/p>\n<h2>Meu culote me incomoda muito. Que tratamentos s\u00e3o realmente efetivos?<\/h2>\n<p>O culote \u00e9 um tipo de gordura Localizada- Acumulo de gordura localizado que se d\u00e1 por fatores gen\u00e9tico-hormonais e \u00e9 piorado pelo sedentarismo. Tratamento deve sempre ser multidisciplinar para mudan\u00e7a de h\u00e1bito alimentar e atividade f\u00edsica orientada al\u00e9m de massagem redutora combinada com drenagem, Mesoterapia e Manthus.<\/p>\n<h2>\u00c9 verdade que celulite n\u00e3o tem cura?<\/h2>\n<p>O quadro de Celulite \u00e9 causado por associa\u00e7\u00e3o de v\u00e1rios fatores como gordura localizada, altera\u00e7\u00e3o da vasculariza\u00e7\u00e3o local e forma\u00e7\u00e3o fibrose localizada. Realmente ela n\u00e3o tem cura s\u00f3 controle.<\/p>\n<p>Ao tratar temos que agir em todos os fatores, dependendo do grau. Sempre associado a mudan\u00e7a de h\u00e1bito como alimenta\u00e7\u00e3o errada e sedentarismo que v\u00e3o agir na circula\u00e7\u00e3o local e ac\u00famulo de gordura e \u00e1gua diminuindo-os. Pode ser usada drenagem, modeladora, laser infravermelho com radiofreq\u00fc\u00eancia &#8211; Vela Shape, para quebrar a fibrose e estimular remodela\u00e7\u00e3o local e Mesoterapia para aumentar o metabolismo celular local que normalmente \u00e9 bem lento.<\/p>\n<h2>Tenho a coxa muito fl\u00e1cida isto tem tratamento?<\/h2>\n<p>A Flacidez \u00e9 muitas vezes confundida com celulite ou flacidez muscular. Ocorre pela diminui\u00e7\u00e3o do col\u00e1geno e das fibras el\u00e1sticas principalmente por envelhecimento cut\u00e2neo e distens\u00e3o excessiva. Os lasers infravermelhos fracionados como Lux IRDeep e a radiofreq\u00eancia como Thermacool, s\u00e3o uma op\u00e7\u00e3o excelente e devem ser feitas 1 a 5 sess\u00f5es dependendo do grau e aparelho usado.ura e \u00e1gua diminuindo-os. Pode ser usada drenagem, modeladora, laser infravermelho com radiofreq\u00fc\u00eancia &#8211; Vela Shape, para quebrar a fibrose e estimular remodela\u00e7\u00e3o local e Mesoterapia para aumentar o metabolismo celular local que normalmente \u00e9 bem lento.<\/p>\n","protected":false},"excerpt":{"rendered":"<p><small> 2 minutos<\/small> Tenho muitas estrias, elas t\u00eam tratamento? Estrias \u2013 Altera\u00e7\u00e3o associada a distens\u00e3o ou falta prote\u00ednas na alimenta\u00e7\u00e3o. Ocorre com crescimento intenso, aumento muscular, perda de peso, gesta\u00e7\u00e3o e algumas drogas. \u00c9 a forma\u00e7\u00e3o de uma regi\u00e3o atr\u00f3fica com perda de quebra das fibras el\u00e1sticas. S\u00e3o vermelhas ou brancas dependendo do tempo de aparecimento. Tratamento consiste em renovar esta pele desorganizada e sem vida atrav\u00e9s de lasers trazendo um aumento das fibras el\u00e1sticas e col\u00e1genas: laser n\u00e3o ablativo fracionado Lux 1540 nm\u00a0 combinado <a href=\"https:\/\/www.dravivianloureiro.com.br\/blog\/alteracoes-corporais\/\" class=\"more-link\"><span>Continue lendo<\/span>\u2192<\/a><\/p>\n","protected":false},"author":1,"featured_media":3510,"comment_status":"open","ping_status":"open","sticky":false,"template":"","format":"standard","meta":[],"categories":[375,368,432,5,404],"tags":[430,431,433,214,434,426],"yoast_head":"<!-- This site is optimized with the Yoast SEO plugin v20.6 - https:\/\/yoast.com\/wordpress\/plugins\/seo\/ -->\n<title>Perguntas e Respostas sobre Altera\u00e7\u00f5es Corporais - Entenda Seu Corpo - Beauty Beyond Skin<\/title>\n<meta name=\"description\" content=\"Entenda como funciona o corpo e as principais altera\u00e7\u00f5es corporais que podem surgir ao longo da vida. Estrias, celulite, pele fl\u00e1cida, gordura localizada. Gabriela Casabona Dermatologista Especialista em Tratamento de Celulite, Estrias, Est\u00e9tica Corporal em S\u00e3o Paulo. Telefones: 11 3668-5910 ou 11 3661-9502\" \/>\n<meta name=\"robots\" content=\"index, follow, max-snippet:-1, max-image-preview:large, max-video-preview:-1\" \/>\n<link rel=\"canonical\" href=\"https:\/\/www.dravivianloureiro.com.br\/blog\/alteracoes-corporais\/\" \/>\n<meta property=\"og:locale\" content=\"pt_BR\" \/>\n<meta property=\"og:type\" content=\"article\" \/>\n<meta property=\"og:title\" content=\"Perguntas e Respostas sobre Altera\u00e7\u00f5es Corporais - Entenda Seu Corpo - Beauty Beyond Skin\" \/>\n<meta property=\"og:description\" content=\"Entenda como funciona o corpo e as principais altera\u00e7\u00f5es corporais que podem surgir ao longo da vida. Estrias, celulite, pele fl\u00e1cida, gordura localizada. Gabriela Casabona Dermatologista Especialista em Tratamento de Celulite, Estrias, Est\u00e9tica Corporal em S\u00e3o Paulo. Telefones: 11 3668-5910 ou 11 3661-9502\" \/>\n<meta property=\"og:url\" content=\"https:\/\/www.dravivianloureiro.com.br\/blog\/alteracoes-corporais\/\" \/>\n<meta property=\"og:site_name\" content=\"Dra. Vivian Loureiro\" \/>\n<meta property=\"article:publisher\" content=\"https:\/\/pt-br.facebook.com\/vivianloureirodermatologia\/\" \/>\n<meta property=\"article:author\" content=\"https:\/\/pt-br.facebook.com\/vivianloureirodermatologia\/\" \/>\n<meta property=\"article:published_time\" content=\"2011-10-28T12:55:31+00:00\" \/>\n<meta name=\"author\" content=\"Vivian Loureiro\" \/>\n<meta name=\"twitter:card\" content=\"summary_large_image\" \/>\n<meta name=\"twitter:label1\" content=\"Escrito por\" \/>\n\t<meta name=\"twitter:data1\" content=\"Vivian Loureiro\" \/>\n\t<meta name=\"twitter:label2\" content=\"Est. tempo de leitura\" \/>\n\t<meta name=\"twitter:data2\" content=\"2 minutos\" \/>\n<script type=\"application\/ld+json\" class=\"yoast-schema-graph\">{\"@context\":\"https:\/\/schema.org\",\"@graph\":[{\"@type\":\"Article\",\"@id\":\"https:\/\/www.dravivianloureiro.com.br\/blog\/alteracoes-corporais\/#article\",\"isPartOf\":{\"@id\":\"https:\/\/www.dravivianloureiro.com.br\/blog\/alteracoes-corporais\/\"},\"author\":{\"name\":\"Vivian Loureiro\",\"@id\":\"https:\/\/www.dravivianloureiro.com.br\/blog\/#\/schema\/person\/f6272c0e48dae4364ef626c598c5cb84\"},\"headline\":\"Altera\u00e7\u00f5es corporais\",\"datePublished\":\"2011-10-28T12:55:31+00:00\",\"dateModified\":\"2011-10-28T12:55:31+00:00\",\"mainEntityOfPage\":{\"@id\":\"https:\/\/www.dravivianloureiro.com.br\/blog\/alteracoes-corporais\/\"},\"wordCount\":397,\"commentCount\":0,\"publisher\":{\"@id\":\"https:\/\/www.dravivianloureiro.com.br\/blog\/#organization\"},\"keywords\":[\"altera\u00e7\u00f5es corporais\",\"celulite\",\"estrias\",\"gordura localizada\",\"pele fl\u00e1cida\",\"tratamentos\"],\"articleSection\":[\"Celulite\",\"Est\u00e9ticos\",\"Estrias\",\"Flacidez\",\"Laser\"],\"inLanguage\":\"pt-BR\",\"potentialAction\":[{\"@type\":\"CommentAction\",\"name\":\"Comment\",\"target\":[\"https:\/\/www.dravivianloureiro.com.br\/blog\/alteracoes-corporais\/#respond\"]}]},{\"@type\":\"WebPage\",\"@id\":\"https:\/\/www.dravivianloureiro.com.br\/blog\/alteracoes-corporais\/\",\"url\":\"https:\/\/www.dravivianloureiro.com.br\/blog\/alteracoes-corporais\/\",\"name\":\"Perguntas e Respostas sobre Altera\u00e7\u00f5es Corporais - Entenda Seu Corpo - Beauty Beyond Skin\",\"isPartOf\":{\"@id\":\"https:\/\/www.dravivianloureiro.com.br\/blog\/#website\"},\"datePublished\":\"2011-10-28T12:55:31+00:00\",\"dateModified\":\"2011-10-28T12:55:31+00:00\",\"description\":\"Entenda como funciona o corpo e as principais altera\u00e7\u00f5es corporais que podem surgir ao longo da vida. Estrias, celulite, pele fl\u00e1cida, gordura localizada. Gabriela Casabona Dermatologista Especialista em Tratamento de Celulite, Estrias, Est\u00e9tica Corporal em S\u00e3o Paulo. Telefones: 11 3668-5910 ou 11 3661-9502\",\"breadcrumb\":{\"@id\":\"https:\/\/www.dravivianloureiro.com.br\/blog\/alteracoes-corporais\/#breadcrumb\"},\"inLanguage\":\"pt-BR\",\"potentialAction\":[{\"@type\":\"ReadAction\",\"target\":[\"https:\/\/www.dravivianloureiro.com.br\/blog\/alteracoes-corporais\/\"]}]},{\"@type\":\"BreadcrumbList\",\"@id\":\"https:\/\/www.dravivianloureiro.com.br\/blog\/alteracoes-corporais\/#breadcrumb\",\"itemListElement\":[{\"@type\":\"ListItem\",\"position\":1,\"name\":\"In\u00edcio\",\"item\":\"https:\/\/www.dravivianloureiro.com.br\/blog\/\"},{\"@type\":\"ListItem\",\"position\":2,\"name\":\"Altera\u00e7\u00f5es corporais\"}]},{\"@type\":\"WebSite\",\"@id\":\"https:\/\/www.dravivianloureiro.com.br\/blog\/#website\",\"url\":\"https:\/\/www.dravivianloureiro.com.br\/blog\/\",\"name\":\"Dermatologista Vivian Loureiro\",\"description\":\"\",\"publisher\":{\"@id\":\"https:\/\/www.dravivianloureiro.com.br\/blog\/#organization\"},\"potentialAction\":[{\"@type\":\"SearchAction\",\"target\":{\"@type\":\"EntryPoint\",\"urlTemplate\":\"https:\/\/www.dravivianloureiro.com.br\/blog\/?s={search_term_string}\"},\"query-input\":\"required name=search_term_string\"}],\"inLanguage\":\"pt-BR\"},{\"@type\":\"Organization\",\"@id\":\"https:\/\/www.dravivianloureiro.com.br\/blog\/#organization\",\"name\":\"Dra. Vivian Loureiro - Dermatologista Em S\u00e3o Paulo\",\"url\":\"https:\/\/www.dravivianloureiro.com.br\/blog\/\",\"logo\":{\"@type\":\"ImageObject\",\"inLanguage\":\"pt-BR\",\"@id\":\"https:\/\/www.dravivianloureiro.com.br\/blog\/#\/schema\/logo\/image\/\",\"url\":\"https:\/\/www.dravivianloureiro.com.br\/blog\/wp-content\/uploads\/2018\/08\/favicon.jpg\",\"contentUrl\":\"https:\/\/www.dravivianloureiro.com.br\/blog\/wp-content\/uploads\/2018\/08\/favicon.jpg\",\"width\":112,\"height\":112,\"caption\":\"Dra. Vivian Loureiro - Dermatologista Em S\u00e3o Paulo\"},\"image\":{\"@id\":\"https:\/\/www.dravivianloureiro.com.br\/blog\/#\/schema\/logo\/image\/\"},\"sameAs\":[\"https:\/\/pt-br.facebook.com\/vivianloureirodermatologia\/\",\"https:\/\/www.instagram.com\/vivianloureirodermatologia\/\",\"https:\/\/www.linkedin.com\/in\/vivian-barzi-loureiro-a6412887\/\"]},{\"@type\":\"Person\",\"@id\":\"https:\/\/www.dravivianloureiro.com.br\/blog\/#\/schema\/person\/f6272c0e48dae4364ef626c598c5cb84\",\"name\":\"Vivian Loureiro\",\"image\":{\"@type\":\"ImageObject\",\"inLanguage\":\"pt-BR\",\"@id\":\"https:\/\/www.dravivianloureiro.com.br\/blog\/#\/schema\/person\/image\/\",\"url\":\"https:\/\/secure.gravatar.com\/avatar\/8ee2b0fae98657240c77e822ae139ad3?s=96&d=wp_user_avatar&r=g\",\"contentUrl\":\"https:\/\/secure.gravatar.com\/avatar\/8ee2b0fae98657240c77e822ae139ad3?s=96&d=wp_user_avatar&r=g\",\"caption\":\"Vivian Loureiro\"},\"description\":\"M\u00e9dica formada pela Universidade de S\u00e3o Paulo (USP). Realizou resid\u00eancia m\u00e9dica em Dermatologia e complementa\u00e7\u00e3o em Cosmiatria e Laser pelo departamento de Dermatologia do Hospital das Cl\u00ednicas da Faculdade de Medicina da Universidade de S\u00e3o Paulo (USP). Possui t\u00edtulo de especialista em Dermatologia. \u00c9 membro da Sociedade Brasileira de Dermatologia (SBD) e Sociedade Brasileira de Cirurgia Dermatol\u00f3gica (SBCD) e m\u00e9dica do grupo Fleury. Atua nas \u00e1reas de Dermatologia Cl\u00ednica, Cir\u00fargica, Pedi\u00e1trica e Est\u00e9tica. Frequenta e palestra nos principais cursos e congressos de dermatologia, nacionais e internacionais, a fim de se manter em constante atualiza\u00e7\u00e3o.\",\"sameAs\":[\"https:\/\/www.dravivianloureiro.com.br\/\",\"https:\/\/pt-br.facebook.com\/vivianloureirodermatologia\/\",\"https:\/\/www.instagram.com\/vivianloureirodermatologia\/\",\"https:\/\/www.linkedin.com\/in\/vivian-barzi-loureiro-a6412887\/\"]}]}<\/script>\n<!-- \/ Yoast SEO plugin. -->","yoast_head_json":{"title":"Perguntas e Respostas sobre Altera\u00e7\u00f5es Corporais - Entenda Seu Corpo - Beauty Beyond Skin","description":"Entenda como funciona o corpo e as principais altera\u00e7\u00f5es corporais que podem surgir ao longo da vida. Estrias, celulite, pele fl\u00e1cida, gordura localizada. Gabriela Casabona Dermatologista Especialista em Tratamento de Celulite, Estrias, Est\u00e9tica Corporal em S\u00e3o Paulo. Telefones: 11 3668-5910 ou 11 3661-9502","robots":{"index":"index","follow":"follow","max-snippet":"max-snippet:-1","max-image-preview":"max-image-preview:large","max-video-preview":"max-video-preview:-1"},"canonical":"https:\/\/www.dravivianloureiro.com.br\/blog\/alteracoes-corporais\/","og_locale":"pt_BR","og_type":"article","og_title":"Perguntas e Respostas sobre Altera\u00e7\u00f5es Corporais - Entenda Seu Corpo - Beauty Beyond Skin","og_description":"Entenda como funciona o corpo e as principais altera\u00e7\u00f5es corporais que podem surgir ao longo da vida. Estrias, celulite, pele fl\u00e1cida, gordura localizada. Gabriela Casabona Dermatologista Especialista em Tratamento de Celulite, Estrias, Est\u00e9tica Corporal em S\u00e3o Paulo. Telefones: 11 3668-5910 ou 11 3661-9502","og_url":"https:\/\/www.dravivianloureiro.com.br\/blog\/alteracoes-corporais\/","og_site_name":"Dra. Vivian Loureiro","article_publisher":"https:\/\/pt-br.facebook.com\/vivianloureirodermatologia\/","article_author":"https:\/\/pt-br.facebook.com\/vivianloureirodermatologia\/","article_published_time":"2011-10-28T12:55:31+00:00","author":"Vivian Loureiro","twitter_card":"summary_large_image","twitter_misc":{"Escrito por":"Vivian Loureiro","Est. tempo de leitura":"2 minutos"},"schema":{"@context":"https:\/\/schema.org","@graph":[{"@type":"Article","@id":"https:\/\/www.dravivianloureiro.com.br\/blog\/alteracoes-corporais\/#article","isPartOf":{"@id":"https:\/\/www.dravivianloureiro.com.br\/blog\/alteracoes-corporais\/"},"author":{"name":"Vivian Loureiro","@id":"https:\/\/www.dravivianloureiro.com.br\/blog\/#\/schema\/person\/f6272c0e48dae4364ef626c598c5cb84"},"headline":"Altera\u00e7\u00f5es corporais","datePublished":"2011-10-28T12:55:31+00:00","dateModified":"2011-10-28T12:55:31+00:00","mainEntityOfPage":{"@id":"https:\/\/www.dravivianloureiro.com.br\/blog\/alteracoes-corporais\/"},"wordCount":397,"commentCount":0,"publisher":{"@id":"https:\/\/www.dravivianloureiro.com.br\/blog\/#organization"},"keywords":["altera\u00e7\u00f5es corporais","celulite","estrias","gordura localizada","pele fl\u00e1cida","tratamentos"],"articleSection":["Celulite","Est\u00e9ticos","Estrias","Flacidez","Laser"],"inLanguage":"pt-BR","potentialAction":[{"@type":"CommentAction","name":"Comment","target":["https:\/\/www.dravivianloureiro.com.br\/blog\/alteracoes-corporais\/#respond"]}]},{"@type":"WebPage","@id":"https:\/\/www.dravivianloureiro.com.br\/blog\/alteracoes-corporais\/","url":"https:\/\/www.dravivianloureiro.com.br\/blog\/alteracoes-corporais\/","name":"Perguntas e Respostas sobre Altera\u00e7\u00f5es Corporais - Entenda Seu Corpo - Beauty Beyond Skin","isPartOf":{"@id":"https:\/\/www.dravivianloureiro.com.br\/blog\/#website"},"datePublished":"2011-10-28T12:55:31+00:00","dateModified":"2011-10-28T12:55:31+00:00","description":"Entenda como funciona o corpo e as principais altera\u00e7\u00f5es corporais que podem surgir ao longo da vida. Estrias, celulite, pele fl\u00e1cida, gordura localizada. Gabriela Casabona Dermatologista Especialista em Tratamento de Celulite, Estrias, Est\u00e9tica Corporal em S\u00e3o Paulo. Telefones: 11 3668-5910 ou 11 3661-9502","breadcrumb":{"@id":"https:\/\/www.dravivianloureiro.com.br\/blog\/alteracoes-corporais\/#breadcrumb"},"inLanguage":"pt-BR","potentialAction":[{"@type":"ReadAction","target":["https:\/\/www.dravivianloureiro.com.br\/blog\/alteracoes-corporais\/"]}]},{"@type":"BreadcrumbList","@id":"https:\/\/www.dravivianloureiro.com.br\/blog\/alteracoes-corporais\/#breadcrumb","itemListElement":[{"@type":"ListItem","position":1,"name":"In\u00edcio","item":"https:\/\/www.dravivianloureiro.com.br\/blog\/"},{"@type":"ListItem","position":2,"name":"Altera\u00e7\u00f5es corporais"}]},{"@type":"WebSite","@id":"https:\/\/www.dravivianloureiro.com.br\/blog\/#website","url":"https:\/\/www.dravivianloureiro.com.br\/blog\/","name":"Dermatologista Vivian Loureiro","description":"","publisher":{"@id":"https:\/\/www.dravivianloureiro.com.br\/blog\/#organization"},"potentialAction":[{"@type":"SearchAction","target":{"@type":"EntryPoint","urlTemplate":"https:\/\/www.dravivianloureiro.com.br\/blog\/?s={search_term_string}"},"query-input":"required name=search_term_string"}],"inLanguage":"pt-BR"},{"@type":"Organization","@id":"https:\/\/www.dravivianloureiro.com.br\/blog\/#organization","name":"Dra. Vivian Loureiro - Dermatologista Em S\u00e3o Paulo","url":"https:\/\/www.dravivianloureiro.com.br\/blog\/","logo":{"@type":"ImageObject","inLanguage":"pt-BR","@id":"https:\/\/www.dravivianloureiro.com.br\/blog\/#\/schema\/logo\/image\/","url":"https:\/\/www.dravivianloureiro.com.br\/blog\/wp-content\/uploads\/2018\/08\/favicon.jpg","contentUrl":"https:\/\/www.dravivianloureiro.com.br\/blog\/wp-content\/uploads\/2018\/08\/favicon.jpg","width":112,"height":112,"caption":"Dra. Vivian Loureiro - Dermatologista Em S\u00e3o Paulo"},"image":{"@id":"https:\/\/www.dravivianloureiro.com.br\/blog\/#\/schema\/logo\/image\/"},"sameAs":["https:\/\/pt-br.facebook.com\/vivianloureirodermatologia\/","https:\/\/www.instagram.com\/vivianloureirodermatologia\/","https:\/\/www.linkedin.com\/in\/vivian-barzi-loureiro-a6412887\/"]},{"@type":"Person","@id":"https:\/\/www.dravivianloureiro.com.br\/blog\/#\/schema\/person\/f6272c0e48dae4364ef626c598c5cb84","name":"Vivian Loureiro","image":{"@type":"ImageObject","inLanguage":"pt-BR","@id":"https:\/\/www.dravivianloureiro.com.br\/blog\/#\/schema\/person\/image\/","url":"https:\/\/secure.gravatar.com\/avatar\/8ee2b0fae98657240c77e822ae139ad3?s=96&d=wp_user_avatar&r=g","contentUrl":"https:\/\/secure.gravatar.com\/avatar\/8ee2b0fae98657240c77e822ae139ad3?s=96&d=wp_user_avatar&r=g","caption":"Vivian Loureiro"},"description":"M\u00e9dica formada pela Universidade de S\u00e3o Paulo (USP). Realizou resid\u00eancia m\u00e9dica em Dermatologia e complementa\u00e7\u00e3o em Cosmiatria e Laser pelo departamento de Dermatologia do Hospital das Cl\u00ednicas da Faculdade de Medicina da Universidade de S\u00e3o Paulo (USP). Possui t\u00edtulo de especialista em Dermatologia. \u00c9 membro da Sociedade Brasileira de Dermatologia (SBD) e Sociedade Brasileira de Cirurgia Dermatol\u00f3gica (SBCD) e m\u00e9dica do grupo Fleury. Atua nas \u00e1reas de Dermatologia Cl\u00ednica, Cir\u00fargica, Pedi\u00e1trica e Est\u00e9tica. Frequenta e palestra nos principais cursos e congressos de dermatologia, nacionais e internacionais, a fim de se manter em constante atualiza\u00e7\u00e3o.","sameAs":["https:\/\/www.dravivianloureiro.com.br\/","https:\/\/pt-br.facebook.com\/vivianloureirodermatologia\/","https:\/\/www.instagram.com\/vivianloureirodermatologia\/","https:\/\/www.linkedin.com\/in\/vivian-barzi-loureiro-a6412887\/"]}]}},"amp_enabled":true,"_links":{"self":[{"href":"https:\/\/www.dravivianloureiro.com.br\/blog\/wp-json\/wp\/v2\/posts\/3408"}],"collection":[{"href":"https:\/\/www.dravivianloureiro.com.br\/blog\/wp-json\/wp\/v2\/posts"}],"about":[{"href":"https:\/\/www.dravivianloureiro.com.br\/blog\/wp-json\/wp\/v2\/types\/post"}],"author":[{"embeddable":true,"href":"https:\/\/www.dravivianloureiro.com.br\/blog\/wp-json\/wp\/v2\/users\/1"}],"replies":[{"embeddable":true,"href":"https:\/\/www.dravivianloureiro.com.br\/blog\/wp-json\/wp\/v2\/comments?post=3408"}],"version-history":[{"count":0,"href":"https:\/\/www.dravivianloureiro.com.br\/blog\/wp-json\/wp\/v2\/posts\/3408\/revisions"}],"wp:featuredmedia":[{"embeddable":true,"href":"https:\/\/www.dravivianloureiro.com.br\/blog\/wp-json\/"}],"wp:attachment":[{"href":"https:\/\/www.dravivianloureiro.com.br\/blog\/wp-json\/wp\/v2\/media?parent=3408"}],"wp:term":[{"taxonomy":"category","embeddable":true,"href":"https:\/\/www.dravivianloureiro.com.br\/blog\/wp-json\/wp\/v2\/categories?post=3408"},{"taxonomy":"post_tag","embeddable":true,"href":"https:\/\/www.dravivianloureiro.com.br\/blog\/wp-json\/wp\/v2\/tags?post=3408"}],"curies":[{"name":"wp","href":"https:\/\/api.w.org\/{rel}","templated":true}]}}