{"id":3407,"date":"2011-10-28T12:45:07","date_gmt":"2011-10-28T12:45:07","guid":{"rendered":"http:\/\/www.gabrielacasabona.com.br\/blog\/?p=37"},"modified":"2011-10-28T12:45:07","modified_gmt":"2011-10-28T12:45:07","slug":"cabelos","status":"publish","type":"post","link":"https:\/\/www.dravivianloureiro.com.br\/blog\/cabelos\/","title":{"rendered":"Cabelos"},"content":{"rendered":"<p class=\"estimated-read-time\">Tempo de leitura:<small> 4 minutos<\/small><\/p> <h2>Por que meu couro cabeludo descama? Tenho caspa?<\/h2>\n<p>A causa mais freq\u00fcente de descama\u00e7\u00e3o do couro cabeludo \u00e9 a dermatite seborreica. \u00c9 uma doen\u00e7a cr\u00f4nica com altera\u00e7\u00f5es na gl\u00e2ndula seb\u00e1cea e frequentemente se associa a infec\u00e7\u00e3o por fungos diversos. Ela causa placas de escamas e inflama\u00e7\u00e3o n\u00e3o s\u00f3 no couro cabeludo, nas orelhas, superc\u00edlios, \u00e1rea nasal, umbigo, dobras e t\u00f3rax. A dermatite piora com o calor, suor excessivo, \u00e1lcool, ingest\u00e3o de muito carboidrato e alimentos apimentados. O tratamento da crise \u00e9 com medicamentos que devem ser retirados gradualmente. Em alguns casos resistentes pode se usar vacinas para estimular imunidade.<\/p>\n<h2>Tenho queda de cabelo. Isso tem cura?<\/h2>\n<p>Queda de cabelo tem duas causas principais:<\/p>\n<p style=\"padding-left: 30px;\"><strong>a) Alop\u00e9cia Androgen\u00e9tica<\/strong> \u2013 \u00e9 uma altera\u00e7\u00e3o gen\u00e9tica de evolu\u00e7\u00e3o lenta. Os cabelos come\u00e7am a ficar finos e rarefeitos e pode iniciar pelas laterais (entradas) ou topo do couro cabeludo (coroinha). Pode aparecer em homens ou mulheres mesmo sem altera\u00e7\u00f5es hormonais. O tratamento mais eficaz s\u00e3o lo\u00e7\u00f5es que aumentam a vasculariza\u00e7\u00e3o do couro cabeludo, finasterida oral que inibe a a\u00e7\u00e3o dos horm\u00f4nios nos fol\u00edculos atrav\u00e9s do\u00a0 bloqueio de enzimas, vitaminas\u00a0 via oral e atrav\u00e9s de mesoterapia capilar para a melhora da nutri\u00e7\u00e3o e crescimento do fio.<\/p>\n<p style=\"padding-left: 30px;\"><strong>b) Efl\u00favio Tel\u00f3geno<\/strong> \u2013 a queda acontece por v\u00e1rias causas:<br \/>\nIn\u00edcio ou parada de anticoncepcional, regime com emagrecimento excessivo (cirurgia do est\u00f4mago), defici\u00eancia na ingesta de alimentos que cont\u00e9m ferro, stress e outras doen\u00e7as (anemia, altera\u00e7\u00e3o da tireoide, l\u00fapus). Portanto a avalia\u00e7\u00e3o dever ser local mas e atrav\u00e9s de exames de sangue que ajudam no descoberta da causa.<\/p>\n<p>Teste em casa = Passe a m\u00e3o levemente nos cabelos e fa\u00e7a\u00a0 tra\u00e7\u00e3o leve. Se sa\u00edrem facilmente mais de cinco fios deve ser avaliado pelo dermatologista.<\/p>\n<p>O tratamento \u00e9 com vitaminas e medicamentos em lo\u00e7\u00e3o e xampus. Algumas vezes associa-se a mesoterapia e peelings capilares. Todo tratamento demora em m\u00e9dia tr\u00eas e seis meses, j\u00e1 que os cabelos crescem +\/- 1cm por m\u00eas.<\/p>\n<h2>Dermatite seborreica \u2013 o que \u00e9 e como cuidar?<\/h2>\n<p>Tamb\u00e9m gen\u00e9tica, \u00e9 uma disfun\u00e7\u00e3o relacionada a um fungo e \u00e0 produ\u00e7\u00e3o de \u00f3leo da pele. Manifesta-se mais em \u00e1reas com maior produ\u00e7\u00e3o de sebo, e a pele descama e forma crostas brancas.<\/p>\n<p>O que fazer: Para tratar a dermatite seborreica, o uso de anti-inflamat\u00f3rios e antif\u00fangicos espec\u00edficos pode ser necess\u00e1rio<\/p>\n<h2>Cabelos<\/h2>\n<p>O cabelo \u00e9 uma estrutura simples, mas de comportamento \u00fanico, pois pode mudar a cada dia mesmo sem corte ou tintura. Sua estrutura \u00e9 composta de uma prote\u00edna chamada Queratina. Essas prote\u00ednas se ligam umas \u00e0s outras atrav\u00e9s dos seus amino\u00e1cidos. Os Amino\u00e1cidos s\u00e3o os &#8216;tijolos&#8217; com os quais se constroem as prote\u00ednas, e a ciste\u00edna \u00e9 o \u00fanico que possui enxofre (simbolizado pelo S). Quando dois S est\u00e3o pr\u00f3ximos, eles formam uma liga\u00e7\u00e3o (S-S), com aspecto de tran\u00e7a, que \u00e9 a matriz do cabelo. Como uma espiral e uma tran\u00e7a de verdade, o cabelo acaba ganhando elasticidade e flexibilidade. A umidade \u00e9 a principal raz\u00e3o porque a \u201cdias de cabelo bom e dias de cabelo ruim.\u201d Quanto mais pontes S-S, mais apertada \u00e9 a tran\u00e7a e menos \u00e1gua consegue penetrar na trama. Quanto menos pontes S-S, portanto, mais hidratado fica o cabelo, ganhando mais peso e volume. O fio de cabelo tem essa matriz, mas \u00e9 recoberto de escamas ( cut\u00edcula).\u00a0 Quando o cabelo resseca, as escamas se abrem como se pass\u00e1ssemos a m\u00e3o contra as escamas de um peixe.<\/p>\n<p>Os cabelos n\u00e3o crescem continuamente, eles seguem um ciclo de crescimento e repouso. Existem cerca de 100 a 150 mil fios no couro cabeludo em diferentes fases do crescimento. Este ciclo apresenta 3 fases:<\/p>\n<p style=\"padding-left: 30px;\">&#8211; an\u00e1gena, crescimento que dura cerca de 2 a 5 anos;<br \/>\n&#8211; cat\u00e1gena, interrup\u00e7\u00e3o do crescimento, na qual os fol\u00edculos se reduzem a 1\/3 de seu tamanho com dura\u00e7\u00e3o 3 semanas;<br \/>\n&#8211; tel\u00f3gena, queda que dura cerca de 3 a 4 meses.<\/p>\n<p>\u00c9 normal uma queda de 70 a 100 fios por dia crescendo em media 0,5 mm \/d. O cabelo \u00e9 \u201cmorto\u201d, mas isso n\u00e3o quer dizer que voc\u00ea pode colocar qualquer coisa nele, pois sua estrutura sofre. Al\u00e9m disso, o couro cabeludo tem um papel crucial na sa\u00fade do fio. A \u201cvida\u201d esta nele. Doen\u00e7as do couro cabeludo afetam a qualidade do fio e seu crescimento.<\/p>\n<p>Al\u00e9m do fio temos que de avaliar a sa\u00fade do corpo (como reserva de ferro e horm\u00f4nios tireoideanos) que influencia diretamente neste processo. Por isso, devemos cuidar da estrutura do cabelo como um todo, afinal um cabelo saud\u00e1vel tamb\u00e9m \u00e9 reflexo de boa sa\u00fade.<\/p>\n<h2>Cuidados:<\/h2>\n<p style=\"padding-left: 30px;\">1) Lavagem do couro cabeludo = massageando fora do chuveiro o couro cabeludo, de prefer\u00eancia com shampoos transparentes, e depois enxaguar;<br \/>\n2)Lavagem do fio = massagear o couro cabeludo e o fio, de prefer\u00eancia com shampoos nutritivos, e enxaguar.<br \/>\n3) Secagem sem torcer os fios<br \/>\n4) Pode usar secador sem deixar o bocal queimar o fio. Limitar o uso de chapinha.<br \/>\n5) Cabelos com tintura devem fazer hidrata\u00e7\u00e3o pelo menos 1 x por m\u00eas.<\/p>\n","protected":false},"excerpt":{"rendered":"<p><small> 4 minutos<\/small> Por que meu couro cabeludo descama? Tenho caspa? A causa mais freq\u00fcente de descama\u00e7\u00e3o do couro cabeludo \u00e9 a dermatite seborreica. \u00c9 uma doen\u00e7a cr\u00f4nica com altera\u00e7\u00f5es na gl\u00e2ndula seb\u00e1cea e frequentemente se associa a infec\u00e7\u00e3o por fungos diversos. Ela causa placas de escamas e inflama\u00e7\u00e3o n\u00e3o s\u00f3 no couro cabeludo, nas orelhas, superc\u00edlios, \u00e1rea nasal, umbigo, dobras e t\u00f3rax. A dermatite piora com o calor, suor excessivo, \u00e1lcool, ingest\u00e3o de muito carboidrato e alimentos apimentados. O tratamento da crise \u00e9 com <a href=\"https:\/\/www.dravivianloureiro.com.br\/blog\/cabelos\/\" class=\"more-link\"><span>Continue lendo<\/span>\u2192<\/a><\/p>\n","protected":false},"author":1,"featured_media":3517,"comment_status":"open","ping_status":"open","sticky":false,"template":"","format":"standard","meta":[],"categories":[374,365],"tags":[427,428,429],"yoast_head":"<!-- This site is optimized with the Yoast SEO plugin v20.6 - https:\/\/yoast.com\/wordpress\/plugins\/seo\/ -->\n<title>Queda de Cabelo, Caspa, Descama\u00e7\u00e3o e outras d\u00favidas sobre Cabelos - Beauty Beyond Skin Dermatologia Especializada[:en]Perguntas e respostas sobre cabelos - Gabriela Casabona[:es]Perguntas e respostas sobre cabelos - Gabriela Casabona[:]<\/title>\n<meta name=\"description\" content=\"Veja aqui as principais d\u00favidas sobre cabelos e saiba como cuidar de seu cabelo em algumas situa\u00e7\u00f5es. Gabriela Casabona Dermatologista Especialista em Cabelos em S\u00e3o Paulo. Telefones: 11 3668-5910 ou 11 3661-9502\" \/>\n<meta name=\"robots\" content=\"index, follow, max-snippet:-1, max-image-preview:large, max-video-preview:-1\" \/>\n<link rel=\"canonical\" href=\"https:\/\/www.dravivianloureiro.com.br\/blog\/cabelos\/\" \/>\n<meta property=\"og:locale\" content=\"pt_BR\" \/>\n<meta property=\"og:type\" content=\"article\" \/>\n<meta property=\"og:title\" content=\"Queda de Cabelo, Caspa, Descama\u00e7\u00e3o e outras d\u00favidas sobre Cabelos - Beauty Beyond Skin Dermatologia Especializada[:en]Perguntas e respostas sobre cabelos - Gabriela Casabona[:es]Perguntas e respostas sobre cabelos - Gabriela Casabona[:]\" \/>\n<meta property=\"og:description\" content=\"Veja aqui as principais d\u00favidas sobre cabelos e saiba como cuidar de seu cabelo em algumas situa\u00e7\u00f5es. Gabriela Casabona Dermatologista Especialista em Cabelos em S\u00e3o Paulo. Telefones: 11 3668-5910 ou 11 3661-9502\" \/>\n<meta property=\"og:url\" content=\"https:\/\/www.dravivianloureiro.com.br\/blog\/cabelos\/\" \/>\n<meta property=\"og:site_name\" content=\"Dra. Vivian Loureiro\" \/>\n<meta property=\"article:publisher\" content=\"https:\/\/pt-br.facebook.com\/vivianloureirodermatologia\/\" \/>\n<meta property=\"article:author\" content=\"https:\/\/pt-br.facebook.com\/vivianloureirodermatologia\/\" \/>\n<meta property=\"article:published_time\" content=\"2011-10-28T12:45:07+00:00\" \/>\n<meta name=\"author\" content=\"Vivian Loureiro\" \/>\n<meta name=\"twitter:card\" content=\"summary_large_image\" \/>\n<meta name=\"twitter:label1\" content=\"Escrito por\" \/>\n\t<meta name=\"twitter:data1\" content=\"Vivian Loureiro\" \/>\n\t<meta name=\"twitter:label2\" content=\"Est. tempo de leitura\" \/>\n\t<meta name=\"twitter:data2\" content=\"4 minutos\" \/>\n<script type=\"application\/ld+json\" class=\"yoast-schema-graph\">{\"@context\":\"https:\/\/schema.org\",\"@graph\":[{\"@type\":\"Article\",\"@id\":\"https:\/\/www.dravivianloureiro.com.br\/blog\/cabelos\/#article\",\"isPartOf\":{\"@id\":\"https:\/\/www.dravivianloureiro.com.br\/blog\/cabelos\/\"},\"author\":{\"name\":\"Vivian Loureiro\",\"@id\":\"https:\/\/www.dravivianloureiro.com.br\/blog\/#\/schema\/person\/f6272c0e48dae4364ef626c598c5cb84\"},\"headline\":\"Cabelos\",\"datePublished\":\"2011-10-28T12:45:07+00:00\",\"dateModified\":\"2011-10-28T12:45:07+00:00\",\"mainEntityOfPage\":{\"@id\":\"https:\/\/www.dravivianloureiro.com.br\/blog\/cabelos\/\"},\"wordCount\":879,\"commentCount\":0,\"publisher\":{\"@id\":\"https:\/\/www.dravivianloureiro.com.br\/blog\/#organization\"},\"keywords\":[\"cabelo\",\"cuidados com o cabelo\",\"perguntas e respostas sobre cabelo\"],\"articleSection\":[\"Cabelos\",\"Terap\u00eauticos\"],\"inLanguage\":\"pt-BR\",\"potentialAction\":[{\"@type\":\"CommentAction\",\"name\":\"Comment\",\"target\":[\"https:\/\/www.dravivianloureiro.com.br\/blog\/cabelos\/#respond\"]}]},{\"@type\":\"WebPage\",\"@id\":\"https:\/\/www.dravivianloureiro.com.br\/blog\/cabelos\/\",\"url\":\"https:\/\/www.dravivianloureiro.com.br\/blog\/cabelos\/\",\"name\":\"Queda de Cabelo, Caspa, Descama\u00e7\u00e3o e outras d\u00favidas sobre Cabelos - Beauty Beyond Skin Dermatologia Especializada[:en]Perguntas e respostas sobre cabelos - Gabriela Casabona[:es]Perguntas e respostas sobre cabelos - Gabriela Casabona[:]\",\"isPartOf\":{\"@id\":\"https:\/\/www.dravivianloureiro.com.br\/blog\/#website\"},\"datePublished\":\"2011-10-28T12:45:07+00:00\",\"dateModified\":\"2011-10-28T12:45:07+00:00\",\"description\":\"Veja aqui as principais d\u00favidas sobre cabelos e saiba como cuidar de seu cabelo em algumas situa\u00e7\u00f5es. Gabriela Casabona Dermatologista Especialista em Cabelos em S\u00e3o Paulo. Telefones: 11 3668-5910 ou 11 3661-9502\",\"breadcrumb\":{\"@id\":\"https:\/\/www.dravivianloureiro.com.br\/blog\/cabelos\/#breadcrumb\"},\"inLanguage\":\"pt-BR\",\"potentialAction\":[{\"@type\":\"ReadAction\",\"target\":[\"https:\/\/www.dravivianloureiro.com.br\/blog\/cabelos\/\"]}]},{\"@type\":\"BreadcrumbList\",\"@id\":\"https:\/\/www.dravivianloureiro.com.br\/blog\/cabelos\/#breadcrumb\",\"itemListElement\":[{\"@type\":\"ListItem\",\"position\":1,\"name\":\"In\u00edcio\",\"item\":\"https:\/\/www.dravivianloureiro.com.br\/blog\/\"},{\"@type\":\"ListItem\",\"position\":2,\"name\":\"Cabelos\"}]},{\"@type\":\"WebSite\",\"@id\":\"https:\/\/www.dravivianloureiro.com.br\/blog\/#website\",\"url\":\"https:\/\/www.dravivianloureiro.com.br\/blog\/\",\"name\":\"Dermatologista Vivian Loureiro\",\"description\":\"\",\"publisher\":{\"@id\":\"https:\/\/www.dravivianloureiro.com.br\/blog\/#organization\"},\"potentialAction\":[{\"@type\":\"SearchAction\",\"target\":{\"@type\":\"EntryPoint\",\"urlTemplate\":\"https:\/\/www.dravivianloureiro.com.br\/blog\/?s={search_term_string}\"},\"query-input\":\"required name=search_term_string\"}],\"inLanguage\":\"pt-BR\"},{\"@type\":\"Organization\",\"@id\":\"https:\/\/www.dravivianloureiro.com.br\/blog\/#organization\",\"name\":\"Dra. Vivian Loureiro - Dermatologista Em S\u00e3o Paulo\",\"url\":\"https:\/\/www.dravivianloureiro.com.br\/blog\/\",\"logo\":{\"@type\":\"ImageObject\",\"inLanguage\":\"pt-BR\",\"@id\":\"https:\/\/www.dravivianloureiro.com.br\/blog\/#\/schema\/logo\/image\/\",\"url\":\"https:\/\/www.dravivianloureiro.com.br\/blog\/wp-content\/uploads\/2018\/08\/favicon.jpg\",\"contentUrl\":\"https:\/\/www.dravivianloureiro.com.br\/blog\/wp-content\/uploads\/2018\/08\/favicon.jpg\",\"width\":112,\"height\":112,\"caption\":\"Dra. Vivian Loureiro - Dermatologista Em S\u00e3o Paulo\"},\"image\":{\"@id\":\"https:\/\/www.dravivianloureiro.com.br\/blog\/#\/schema\/logo\/image\/\"},\"sameAs\":[\"https:\/\/pt-br.facebook.com\/vivianloureirodermatologia\/\",\"https:\/\/www.instagram.com\/vivianloureirodermatologia\/\",\"https:\/\/www.linkedin.com\/in\/vivian-barzi-loureiro-a6412887\/\"]},{\"@type\":\"Person\",\"@id\":\"https:\/\/www.dravivianloureiro.com.br\/blog\/#\/schema\/person\/f6272c0e48dae4364ef626c598c5cb84\",\"name\":\"Vivian Loureiro\",\"image\":{\"@type\":\"ImageObject\",\"inLanguage\":\"pt-BR\",\"@id\":\"https:\/\/www.dravivianloureiro.com.br\/blog\/#\/schema\/person\/image\/\",\"url\":\"https:\/\/secure.gravatar.com\/avatar\/8ee2b0fae98657240c77e822ae139ad3?s=96&d=wp_user_avatar&r=g\",\"contentUrl\":\"https:\/\/secure.gravatar.com\/avatar\/8ee2b0fae98657240c77e822ae139ad3?s=96&d=wp_user_avatar&r=g\",\"caption\":\"Vivian Loureiro\"},\"description\":\"M\u00e9dica formada pela Universidade de S\u00e3o Paulo (USP). Realizou resid\u00eancia m\u00e9dica em Dermatologia e complementa\u00e7\u00e3o em Cosmiatria e Laser pelo departamento de Dermatologia do Hospital das Cl\u00ednicas da Faculdade de Medicina da Universidade de S\u00e3o Paulo (USP). Possui t\u00edtulo de especialista em Dermatologia. \u00c9 membro da Sociedade Brasileira de Dermatologia (SBD) e Sociedade Brasileira de Cirurgia Dermatol\u00f3gica (SBCD) e m\u00e9dica do grupo Fleury. Atua nas \u00e1reas de Dermatologia Cl\u00ednica, Cir\u00fargica, Pedi\u00e1trica e Est\u00e9tica. Frequenta e palestra nos principais cursos e congressos de dermatologia, nacionais e internacionais, a fim de se manter em constante atualiza\u00e7\u00e3o.\",\"sameAs\":[\"https:\/\/www.dravivianloureiro.com.br\/\",\"https:\/\/pt-br.facebook.com\/vivianloureirodermatologia\/\",\"https:\/\/www.instagram.com\/vivianloureirodermatologia\/\",\"https:\/\/www.linkedin.com\/in\/vivian-barzi-loureiro-a6412887\/\"]}]}<\/script>\n<!-- \/ Yoast SEO plugin. -->","yoast_head_json":{"title":"Queda de Cabelo, Caspa, Descama\u00e7\u00e3o e outras d\u00favidas sobre Cabelos - Beauty Beyond Skin Dermatologia Especializada[:en]Perguntas e respostas sobre cabelos - Gabriela Casabona[:es]Perguntas e respostas sobre cabelos - Gabriela Casabona[:]","description":"Veja aqui as principais d\u00favidas sobre cabelos e saiba como cuidar de seu cabelo em algumas situa\u00e7\u00f5es. Gabriela Casabona Dermatologista Especialista em Cabelos em S\u00e3o Paulo. Telefones: 11 3668-5910 ou 11 3661-9502","robots":{"index":"index","follow":"follow","max-snippet":"max-snippet:-1","max-image-preview":"max-image-preview:large","max-video-preview":"max-video-preview:-1"},"canonical":"https:\/\/www.dravivianloureiro.com.br\/blog\/cabelos\/","og_locale":"pt_BR","og_type":"article","og_title":"Queda de Cabelo, Caspa, Descama\u00e7\u00e3o e outras d\u00favidas sobre Cabelos - Beauty Beyond Skin Dermatologia Especializada[:en]Perguntas e respostas sobre cabelos - Gabriela Casabona[:es]Perguntas e respostas sobre cabelos - Gabriela Casabona[:]","og_description":"Veja aqui as principais d\u00favidas sobre cabelos e saiba como cuidar de seu cabelo em algumas situa\u00e7\u00f5es. Gabriela Casabona Dermatologista Especialista em Cabelos em S\u00e3o Paulo. Telefones: 11 3668-5910 ou 11 3661-9502","og_url":"https:\/\/www.dravivianloureiro.com.br\/blog\/cabelos\/","og_site_name":"Dra. Vivian Loureiro","article_publisher":"https:\/\/pt-br.facebook.com\/vivianloureirodermatologia\/","article_author":"https:\/\/pt-br.facebook.com\/vivianloureirodermatologia\/","article_published_time":"2011-10-28T12:45:07+00:00","author":"Vivian Loureiro","twitter_card":"summary_large_image","twitter_misc":{"Escrito por":"Vivian Loureiro","Est. tempo de leitura":"4 minutos"},"schema":{"@context":"https:\/\/schema.org","@graph":[{"@type":"Article","@id":"https:\/\/www.dravivianloureiro.com.br\/blog\/cabelos\/#article","isPartOf":{"@id":"https:\/\/www.dravivianloureiro.com.br\/blog\/cabelos\/"},"author":{"name":"Vivian Loureiro","@id":"https:\/\/www.dravivianloureiro.com.br\/blog\/#\/schema\/person\/f6272c0e48dae4364ef626c598c5cb84"},"headline":"Cabelos","datePublished":"2011-10-28T12:45:07+00:00","dateModified":"2011-10-28T12:45:07+00:00","mainEntityOfPage":{"@id":"https:\/\/www.dravivianloureiro.com.br\/blog\/cabelos\/"},"wordCount":879,"commentCount":0,"publisher":{"@id":"https:\/\/www.dravivianloureiro.com.br\/blog\/#organization"},"keywords":["cabelo","cuidados com o cabelo","perguntas e respostas sobre cabelo"],"articleSection":["Cabelos","Terap\u00eauticos"],"inLanguage":"pt-BR","potentialAction":[{"@type":"CommentAction","name":"Comment","target":["https:\/\/www.dravivianloureiro.com.br\/blog\/cabelos\/#respond"]}]},{"@type":"WebPage","@id":"https:\/\/www.dravivianloureiro.com.br\/blog\/cabelos\/","url":"https:\/\/www.dravivianloureiro.com.br\/blog\/cabelos\/","name":"Queda de Cabelo, Caspa, Descama\u00e7\u00e3o e outras d\u00favidas sobre Cabelos - Beauty Beyond Skin Dermatologia Especializada[:en]Perguntas e respostas sobre cabelos - Gabriela Casabona[:es]Perguntas e respostas sobre cabelos - Gabriela Casabona[:]","isPartOf":{"@id":"https:\/\/www.dravivianloureiro.com.br\/blog\/#website"},"datePublished":"2011-10-28T12:45:07+00:00","dateModified":"2011-10-28T12:45:07+00:00","description":"Veja aqui as principais d\u00favidas sobre cabelos e saiba como cuidar de seu cabelo em algumas situa\u00e7\u00f5es. Gabriela Casabona Dermatologista Especialista em Cabelos em S\u00e3o Paulo. Telefones: 11 3668-5910 ou 11 3661-9502","breadcrumb":{"@id":"https:\/\/www.dravivianloureiro.com.br\/blog\/cabelos\/#breadcrumb"},"inLanguage":"pt-BR","potentialAction":[{"@type":"ReadAction","target":["https:\/\/www.dravivianloureiro.com.br\/blog\/cabelos\/"]}]},{"@type":"BreadcrumbList","@id":"https:\/\/www.dravivianloureiro.com.br\/blog\/cabelos\/#breadcrumb","itemListElement":[{"@type":"ListItem","position":1,"name":"In\u00edcio","item":"https:\/\/www.dravivianloureiro.com.br\/blog\/"},{"@type":"ListItem","position":2,"name":"Cabelos"}]},{"@type":"WebSite","@id":"https:\/\/www.dravivianloureiro.com.br\/blog\/#website","url":"https:\/\/www.dravivianloureiro.com.br\/blog\/","name":"Dermatologista Vivian Loureiro","description":"","publisher":{"@id":"https:\/\/www.dravivianloureiro.com.br\/blog\/#organization"},"potentialAction":[{"@type":"SearchAction","target":{"@type":"EntryPoint","urlTemplate":"https:\/\/www.dravivianloureiro.com.br\/blog\/?s={search_term_string}"},"query-input":"required name=search_term_string"}],"inLanguage":"pt-BR"},{"@type":"Organization","@id":"https:\/\/www.dravivianloureiro.com.br\/blog\/#organization","name":"Dra. Vivian Loureiro - Dermatologista Em S\u00e3o Paulo","url":"https:\/\/www.dravivianloureiro.com.br\/blog\/","logo":{"@type":"ImageObject","inLanguage":"pt-BR","@id":"https:\/\/www.dravivianloureiro.com.br\/blog\/#\/schema\/logo\/image\/","url":"https:\/\/www.dravivianloureiro.com.br\/blog\/wp-content\/uploads\/2018\/08\/favicon.jpg","contentUrl":"https:\/\/www.dravivianloureiro.com.br\/blog\/wp-content\/uploads\/2018\/08\/favicon.jpg","width":112,"height":112,"caption":"Dra. Vivian Loureiro - Dermatologista Em S\u00e3o Paulo"},"image":{"@id":"https:\/\/www.dravivianloureiro.com.br\/blog\/#\/schema\/logo\/image\/"},"sameAs":["https:\/\/pt-br.facebook.com\/vivianloureirodermatologia\/","https:\/\/www.instagram.com\/vivianloureirodermatologia\/","https:\/\/www.linkedin.com\/in\/vivian-barzi-loureiro-a6412887\/"]},{"@type":"Person","@id":"https:\/\/www.dravivianloureiro.com.br\/blog\/#\/schema\/person\/f6272c0e48dae4364ef626c598c5cb84","name":"Vivian Loureiro","image":{"@type":"ImageObject","inLanguage":"pt-BR","@id":"https:\/\/www.dravivianloureiro.com.br\/blog\/#\/schema\/person\/image\/","url":"https:\/\/secure.gravatar.com\/avatar\/8ee2b0fae98657240c77e822ae139ad3?s=96&d=wp_user_avatar&r=g","contentUrl":"https:\/\/secure.gravatar.com\/avatar\/8ee2b0fae98657240c77e822ae139ad3?s=96&d=wp_user_avatar&r=g","caption":"Vivian Loureiro"},"description":"M\u00e9dica formada pela Universidade de S\u00e3o Paulo (USP). Realizou resid\u00eancia m\u00e9dica em Dermatologia e complementa\u00e7\u00e3o em Cosmiatria e Laser pelo departamento de Dermatologia do Hospital das Cl\u00ednicas da Faculdade de Medicina da Universidade de S\u00e3o Paulo (USP). Possui t\u00edtulo de especialista em Dermatologia. \u00c9 membro da Sociedade Brasileira de Dermatologia (SBD) e Sociedade Brasileira de Cirurgia Dermatol\u00f3gica (SBCD) e m\u00e9dica do grupo Fleury. Atua nas \u00e1reas de Dermatologia Cl\u00ednica, Cir\u00fargica, Pedi\u00e1trica e Est\u00e9tica. Frequenta e palestra nos principais cursos e congressos de dermatologia, nacionais e internacionais, a fim de se manter em constante atualiza\u00e7\u00e3o.","sameAs":["https:\/\/www.dravivianloureiro.com.br\/","https:\/\/pt-br.facebook.com\/vivianloureirodermatologia\/","https:\/\/www.instagram.com\/vivianloureirodermatologia\/","https:\/\/www.linkedin.com\/in\/vivian-barzi-loureiro-a6412887\/"]}]}},"amp_enabled":true,"_links":{"self":[{"href":"https:\/\/www.dravivianloureiro.com.br\/blog\/wp-json\/wp\/v2\/posts\/3407"}],"collection":[{"href":"https:\/\/www.dravivianloureiro.com.br\/blog\/wp-json\/wp\/v2\/posts"}],"about":[{"href":"https:\/\/www.dravivianloureiro.com.br\/blog\/wp-json\/wp\/v2\/types\/post"}],"author":[{"embeddable":true,"href":"https:\/\/www.dravivianloureiro.com.br\/blog\/wp-json\/wp\/v2\/users\/1"}],"replies":[{"embeddable":true,"href":"https:\/\/www.dravivianloureiro.com.br\/blog\/wp-json\/wp\/v2\/comments?post=3407"}],"version-history":[{"count":0,"href":"https:\/\/www.dravivianloureiro.com.br\/blog\/wp-json\/wp\/v2\/posts\/3407\/revisions"}],"wp:featuredmedia":[{"embeddable":true,"href":"https:\/\/www.dravivianloureiro.com.br\/blog\/wp-json\/"}],"wp:attachment":[{"href":"https:\/\/www.dravivianloureiro.com.br\/blog\/wp-json\/wp\/v2\/media?parent=3407"}],"wp:term":[{"taxonomy":"category","embeddable":true,"href":"https:\/\/www.dravivianloureiro.com.br\/blog\/wp-json\/wp\/v2\/categories?post=3407"},{"taxonomy":"post_tag","embeddable":true,"href":"https:\/\/www.dravivianloureiro.com.br\/blog\/wp-json\/wp\/v2\/tags?post=3407"}],"curies":[{"name":"wp","href":"https:\/\/api.w.org\/{rel}","templated":true}]}}