{"id":339,"date":"2011-10-28T12:13:40","date_gmt":"2011-10-28T12:13:40","guid":{"rendered":"http:\/\/www.gabrielacasabona.com.br\/blog\/?p=23"},"modified":"2011-10-28T12:13:40","modified_gmt":"2011-10-28T12:13:40","slug":"beleza-em-todas-as-idades","status":"publish","type":"post","link":"https:\/\/www.dravivianloureiro.com.br\/blog\/beleza-em-todas-as-idades\/","title":{"rendered":"Beleza em Todas as Idades"},"content":{"rendered":"<p class=\"estimated-read-time\">Tempo de leitura:<small> 3 minutos<\/small><\/p> <p>Beleza em todas as idades e seus respectivos tratamentos!<\/p>\n<p>Seja na adolesc\u00eancia, fase adulta ou na maturidade, precisamos de tratamentos espec\u00edficos.<\/p>\n<p>Se, a cada idade, voc\u00ea tem necessidades diferentes, nada mais natural que sua pele tamb\u00e9m tenha. Da adolesc\u00eancia \u00e0 idade madura, a \u00fanica coincid\u00eancia \u00e9: dar aten\u00e7\u00e3o especial \u00e0 pele do rosto e do corpo, mantendo a longevidade.<\/p>\n<p>A preven\u00e7\u00e3o \u00e9 a base de todo crescimento organizado ou de um cuidado saud\u00e1vel para todas as idades. A pele n\u00e3o \u00e9 diferente. A cada idade e a cada \u00e9poca do ano temos cuidados especiais e uma aten\u00e7\u00e3o especial com as diferentes partes do \u00f3rg\u00e3o pele.<\/p>\n<h2>Fase da adolesc\u00eancia:<\/h2>\n<p>Na adolesc\u00eancia o rosto, normalmente est\u00e1 com a estrutura intacta e o m\u00fasculo e gordura est\u00e3o fazendo sua fun\u00e7\u00e3o de sustenta\u00e7\u00e3o, portanto o foco tem que ser a pele e si, a superf\u00edcie. Nesta fase \u00e9 preciso fazer a pele entrar em equil\u00edbrio com o meio externo e interno (horm\u00f4nios). Esta \u00e9 a fase onde a pele vai mudar e ficar mais oleosa e muitas vezes com acne e comed\u00f5es. Raras vezes manchas aparecem nesta fase, mas quando acontecem est\u00e3o relacionadas com sol e horm\u00f4nios como p\u00edlulas anticoncepcionais. O importante \u00e9 avaliar a necessidade para cada tipo de pele e utilizar cremes e vitaminas para manter o equil\u00edbrio evitando efeitos de envelhecimento precoce e marcas que depois ser\u00e3o bem mais dif\u00edceis de tratar.<\/p>\n<h2>Fase intermedi\u00e1ria:<\/h2>\n<p>Na idade entre 25 &#8211; 35 anos o importante \u00e9 ficar de olho na estrutura \u00f3ssea, pois muitas disfun\u00e7\u00f5es dentais ou de mastiga\u00e7\u00e3o ou mesmo o formato de rosto podem levar ao aparecimento precoce de rugas na regi\u00e3o do sulco nasogeniano e glabela (entre superc\u00edlios). Nesta fase \u00e9 a preven\u00e7\u00e3o com uso de cremes, limpeza de pele e em alguns casos toxina botul\u00ednica profil\u00e1tica, preenchimento superficiais e peelings. O uso de laser se reserva para os casos de estimulo profil\u00e1tico de col\u00e1geno ou para o tratamento de manchas.<\/p>\n<h2>Fase adulta:<\/h2>\n<p>J\u00e1 com a idade de 35 &#8211; 45 anos a estrutura de gordura come\u00e7a a ser reabsorvida e os m\u00fasculos come\u00e7am a perder o t\u00f4nus e a face come\u00e7a a ter certa ptose (queda da p\u00e1lpebra superior) por conta disso. A aten\u00e7\u00e3o ainda deve ser na estrutura \u00f3ssea e, principalmente, nos olhos, local por onde o envelhecimento mais comumente inicia ( bolsas de gordura proeminentes ou olhos fundos ). Em muitos casos as manchas se associam a perda de volume facial e a\u00ed entram os lasers, luzes pulsadas e peelings m\u00e9dios. J\u00e1 para perda de volume o mais comum \u00e9 usarmos os preenchedores, que fazem bioestimula\u00e7\u00e3o ou estimulo de col\u00e1geno pr\u00f3prio no local da aplica\u00e7\u00e3o combinado com os preenchedores superficiais para rugas mais finas e superficiais. Ainda nesta fase temos que nos pr\u00e9 ocupar com a hidrata\u00e7\u00e3o, controle oleosidade e uso de antiradicais livres e estimuladores de elastina e col\u00e1geno internos e externos.<\/p>\n<p style=\"padding-left: 30px;\"><strong>Associa\u00e7\u00f5es com:<\/strong><\/p>\n<p style=\"padding-left: 30px;\">1. Limpeza, tonifica\u00e7\u00e3o e hidrata\u00e7\u00e3o di\u00e1rias;<br \/>\n2. Hidrata\u00e7\u00e3o di\u00e1ria do colo e do pesco\u00e7o;<br \/>\n3. Esfolia\u00e7\u00e3o de uma a duas vezes por semana;<br \/>\n4. Protetor solar com FPS 15 passado pela manh\u00e3 e repetido na hora do almo\u00e7o;<\/p>\n<h2>Fase madura:<\/h2>\n<p>J\u00e1 na fase dos 45 em diante, temos mais preocupa\u00e7\u00e3o com a ptose (queda) facial que normalmente se associa com flacidez muscular e pele do pesco\u00e7o, colo e m\u00e3os. Neste caso algumas vezes s\u00e3o indicadas cirurgias ocular ou facial, mas em muitos casos conseguimos ser resolutivos com invas\u00e3o m\u00ednima, como: lipo mento (corre\u00e7\u00e3o de excessos no queixo) preenchimento volume facial, bioestimula\u00e7\u00e3o, <em>peelings<\/em> profundos e lasers ablativos, preenchimento para m\u00e3os e toxina <em>lifting<\/em> para face, colo e pesco\u00e7o. Enfim, temos tratamentos para todas as idades, mas o maravilhoso \u00e9 ver algu\u00e9m que na adolesc\u00eancia decidiu se cuidar e chegar aos 40 anos muito equilibradamente sem a menor necessidade de cirurgias maiores ou corre\u00e7\u00f5es que muitas vezes mudam um olhar ou mesmo a propor\u00e7\u00e3o facial.<\/p>\n","protected":false},"excerpt":{"rendered":"<p><small> 3 minutos<\/small> Beleza em todas as idades e seus respectivos tratamentos! Seja na adolesc\u00eancia, fase adulta ou na maturidade, precisamos de tratamentos espec\u00edficos. Se, a cada idade, voc\u00ea tem necessidades diferentes, nada mais natural que sua pele tamb\u00e9m tenha. Da adolesc\u00eancia \u00e0 idade madura, a \u00fanica coincid\u00eancia \u00e9: dar aten\u00e7\u00e3o especial \u00e0 pele do rosto e do corpo, mantendo a longevidade. A preven\u00e7\u00e3o \u00e9 a base de todo crescimento organizado ou de um cuidado saud\u00e1vel para todas as idades. A pele n\u00e3o \u00e9 diferente. <a href=\"https:\/\/www.dravivianloureiro.com.br\/blog\/beleza-em-todas-as-idades\/\" class=\"more-link\"><span>Continue lendo<\/span>\u2192<\/a><\/p>\n","protected":false},"author":1,"featured_media":3514,"comment_status":"open","ping_status":"open","sticky":false,"template":"","format":"standard","meta":[],"categories":[363,368,395],"tags":[393,394,396,397],"yoast_head":"<!-- This site is optimized with the Yoast SEO plugin v20.6 - https:\/\/yoast.com\/wordpress\/plugins\/seo\/ -->\n<title>Beleza em Todas as Idades - Beauty Beyond Skin Dermatologia Especializada<\/title>\n<meta name=\"description\" content=\"Se a cada idade voc\u00ea tem necessidades diferentes, \u00e9 natural que sua pele tamb\u00e9m tenha. Veja o que fazer para manter a beleza da pele em todas as idades. Gabriela Casabona Dermatologista em S\u00e3o Paulo, especialista em Rejuvenescimento para todas as idades. Telefones: 11 3668-5910 ou 11 3661-9502\" \/>\n<meta name=\"robots\" content=\"index, follow, max-snippet:-1, max-image-preview:large, max-video-preview:-1\" \/>\n<link rel=\"canonical\" href=\"https:\/\/www.dravivianloureiro.com.br\/blog\/beleza-em-todas-as-idades\/\" \/>\n<meta property=\"og:locale\" content=\"pt_BR\" \/>\n<meta property=\"og:type\" content=\"article\" \/>\n<meta property=\"og:title\" content=\"Beleza em Todas as Idades - Beauty Beyond Skin Dermatologia Especializada\" \/>\n<meta property=\"og:description\" content=\"Se a cada idade voc\u00ea tem necessidades diferentes, \u00e9 natural que sua pele tamb\u00e9m tenha. Veja o que fazer para manter a beleza da pele em todas as idades. Gabriela Casabona Dermatologista em S\u00e3o Paulo, especialista em Rejuvenescimento para todas as idades. Telefones: 11 3668-5910 ou 11 3661-9502\" \/>\n<meta property=\"og:url\" content=\"https:\/\/www.dravivianloureiro.com.br\/blog\/beleza-em-todas-as-idades\/\" \/>\n<meta property=\"og:site_name\" content=\"Dra. Vivian Loureiro\" \/>\n<meta property=\"article:publisher\" content=\"https:\/\/pt-br.facebook.com\/vivianloureirodermatologia\/\" \/>\n<meta property=\"article:author\" content=\"https:\/\/pt-br.facebook.com\/vivianloureirodermatologia\/\" \/>\n<meta property=\"article:published_time\" content=\"2011-10-28T12:13:40+00:00\" \/>\n<meta name=\"author\" content=\"Vivian Loureiro\" \/>\n<meta name=\"twitter:card\" content=\"summary_large_image\" \/>\n<meta name=\"twitter:label1\" content=\"Escrito por\" \/>\n\t<meta name=\"twitter:data1\" content=\"Vivian Loureiro\" \/>\n\t<meta name=\"twitter:label2\" content=\"Est. tempo de leitura\" \/>\n\t<meta name=\"twitter:data2\" content=\"3 minutos\" \/>\n<script type=\"application\/ld+json\" class=\"yoast-schema-graph\">{\"@context\":\"https:\/\/schema.org\",\"@graph\":[{\"@type\":\"Article\",\"@id\":\"https:\/\/www.dravivianloureiro.com.br\/blog\/beleza-em-todas-as-idades\/#article\",\"isPartOf\":{\"@id\":\"https:\/\/www.dravivianloureiro.com.br\/blog\/beleza-em-todas-as-idades\/\"},\"author\":{\"name\":\"Vivian Loureiro\",\"@id\":\"https:\/\/www.dravivianloureiro.com.br\/blog\/#\/schema\/person\/f6272c0e48dae4364ef626c598c5cb84\"},\"headline\":\"Beleza em Todas as Idades\",\"datePublished\":\"2011-10-28T12:13:40+00:00\",\"dateModified\":\"2011-10-28T12:13:40+00:00\",\"mainEntityOfPage\":{\"@id\":\"https:\/\/www.dravivianloureiro.com.br\/blog\/beleza-em-todas-as-idades\/\"},\"wordCount\":695,\"commentCount\":0,\"publisher\":{\"@id\":\"https:\/\/www.dravivianloureiro.com.br\/blog\/#organization\"},\"keywords\":[\"beleza\",\"idade\",\"rejuvenescimento\",\"tratamento pele\"],\"articleSection\":[\"Dicas\",\"Est\u00e9ticos\",\"Pele: Idade\"],\"inLanguage\":\"pt-BR\",\"potentialAction\":[{\"@type\":\"CommentAction\",\"name\":\"Comment\",\"target\":[\"https:\/\/www.dravivianloureiro.com.br\/blog\/beleza-em-todas-as-idades\/#respond\"]}]},{\"@type\":\"WebPage\",\"@id\":\"https:\/\/www.dravivianloureiro.com.br\/blog\/beleza-em-todas-as-idades\/\",\"url\":\"https:\/\/www.dravivianloureiro.com.br\/blog\/beleza-em-todas-as-idades\/\",\"name\":\"Beleza em Todas as Idades - Beauty Beyond Skin Dermatologia Especializada\",\"isPartOf\":{\"@id\":\"https:\/\/www.dravivianloureiro.com.br\/blog\/#website\"},\"datePublished\":\"2011-10-28T12:13:40+00:00\",\"dateModified\":\"2011-10-28T12:13:40+00:00\",\"description\":\"Se a cada idade voc\u00ea tem necessidades diferentes, \u00e9 natural que sua pele tamb\u00e9m tenha. Veja o que fazer para manter a beleza da pele em todas as idades. Gabriela Casabona Dermatologista em S\u00e3o Paulo, especialista em Rejuvenescimento para todas as idades. Telefones: 11 3668-5910 ou 11 3661-9502\",\"breadcrumb\":{\"@id\":\"https:\/\/www.dravivianloureiro.com.br\/blog\/beleza-em-todas-as-idades\/#breadcrumb\"},\"inLanguage\":\"pt-BR\",\"potentialAction\":[{\"@type\":\"ReadAction\",\"target\":[\"https:\/\/www.dravivianloureiro.com.br\/blog\/beleza-em-todas-as-idades\/\"]}]},{\"@type\":\"BreadcrumbList\",\"@id\":\"https:\/\/www.dravivianloureiro.com.br\/blog\/beleza-em-todas-as-idades\/#breadcrumb\",\"itemListElement\":[{\"@type\":\"ListItem\",\"position\":1,\"name\":\"In\u00edcio\",\"item\":\"https:\/\/www.dravivianloureiro.com.br\/blog\/\"},{\"@type\":\"ListItem\",\"position\":2,\"name\":\"Beleza em Todas as Idades\"}]},{\"@type\":\"WebSite\",\"@id\":\"https:\/\/www.dravivianloureiro.com.br\/blog\/#website\",\"url\":\"https:\/\/www.dravivianloureiro.com.br\/blog\/\",\"name\":\"Dermatologista Vivian Loureiro\",\"description\":\"\",\"publisher\":{\"@id\":\"https:\/\/www.dravivianloureiro.com.br\/blog\/#organization\"},\"potentialAction\":[{\"@type\":\"SearchAction\",\"target\":{\"@type\":\"EntryPoint\",\"urlTemplate\":\"https:\/\/www.dravivianloureiro.com.br\/blog\/?s={search_term_string}\"},\"query-input\":\"required name=search_term_string\"}],\"inLanguage\":\"pt-BR\"},{\"@type\":\"Organization\",\"@id\":\"https:\/\/www.dravivianloureiro.com.br\/blog\/#organization\",\"name\":\"Dra. Vivian Loureiro - Dermatologista Em S\u00e3o Paulo\",\"url\":\"https:\/\/www.dravivianloureiro.com.br\/blog\/\",\"logo\":{\"@type\":\"ImageObject\",\"inLanguage\":\"pt-BR\",\"@id\":\"https:\/\/www.dravivianloureiro.com.br\/blog\/#\/schema\/logo\/image\/\",\"url\":\"https:\/\/www.dravivianloureiro.com.br\/blog\/wp-content\/uploads\/2018\/08\/favicon.jpg\",\"contentUrl\":\"https:\/\/www.dravivianloureiro.com.br\/blog\/wp-content\/uploads\/2018\/08\/favicon.jpg\",\"width\":112,\"height\":112,\"caption\":\"Dra. Vivian Loureiro - Dermatologista Em S\u00e3o Paulo\"},\"image\":{\"@id\":\"https:\/\/www.dravivianloureiro.com.br\/blog\/#\/schema\/logo\/image\/\"},\"sameAs\":[\"https:\/\/pt-br.facebook.com\/vivianloureirodermatologia\/\",\"https:\/\/www.instagram.com\/vivianloureirodermatologia\/\",\"https:\/\/www.linkedin.com\/in\/vivian-barzi-loureiro-a6412887\/\"]},{\"@type\":\"Person\",\"@id\":\"https:\/\/www.dravivianloureiro.com.br\/blog\/#\/schema\/person\/f6272c0e48dae4364ef626c598c5cb84\",\"name\":\"Vivian Loureiro\",\"image\":{\"@type\":\"ImageObject\",\"inLanguage\":\"pt-BR\",\"@id\":\"https:\/\/www.dravivianloureiro.com.br\/blog\/#\/schema\/person\/image\/\",\"url\":\"https:\/\/secure.gravatar.com\/avatar\/8ee2b0fae98657240c77e822ae139ad3?s=96&d=wp_user_avatar&r=g\",\"contentUrl\":\"https:\/\/secure.gravatar.com\/avatar\/8ee2b0fae98657240c77e822ae139ad3?s=96&d=wp_user_avatar&r=g\",\"caption\":\"Vivian Loureiro\"},\"description\":\"M\u00e9dica formada pela Universidade de S\u00e3o Paulo (USP). Realizou resid\u00eancia m\u00e9dica em Dermatologia e complementa\u00e7\u00e3o em Cosmiatria e Laser pelo departamento de Dermatologia do Hospital das Cl\u00ednicas da Faculdade de Medicina da Universidade de S\u00e3o Paulo (USP). Possui t\u00edtulo de especialista em Dermatologia. \u00c9 membro da Sociedade Brasileira de Dermatologia (SBD) e Sociedade Brasileira de Cirurgia Dermatol\u00f3gica (SBCD) e m\u00e9dica do grupo Fleury. Atua nas \u00e1reas de Dermatologia Cl\u00ednica, Cir\u00fargica, Pedi\u00e1trica e Est\u00e9tica. Frequenta e palestra nos principais cursos e congressos de dermatologia, nacionais e internacionais, a fim de se manter em constante atualiza\u00e7\u00e3o.\",\"sameAs\":[\"https:\/\/www.dravivianloureiro.com.br\/\",\"https:\/\/pt-br.facebook.com\/vivianloureirodermatologia\/\",\"https:\/\/www.instagram.com\/vivianloureirodermatologia\/\",\"https:\/\/www.linkedin.com\/in\/vivian-barzi-loureiro-a6412887\/\"]}]}<\/script>\n<!-- \/ Yoast SEO plugin. -->","yoast_head_json":{"title":"Beleza em Todas as Idades - Beauty Beyond Skin Dermatologia Especializada","description":"Se a cada idade voc\u00ea tem necessidades diferentes, \u00e9 natural que sua pele tamb\u00e9m tenha. Veja o que fazer para manter a beleza da pele em todas as idades. Gabriela Casabona Dermatologista em S\u00e3o Paulo, especialista em Rejuvenescimento para todas as idades. Telefones: 11 3668-5910 ou 11 3661-9502","robots":{"index":"index","follow":"follow","max-snippet":"max-snippet:-1","max-image-preview":"max-image-preview:large","max-video-preview":"max-video-preview:-1"},"canonical":"https:\/\/www.dravivianloureiro.com.br\/blog\/beleza-em-todas-as-idades\/","og_locale":"pt_BR","og_type":"article","og_title":"Beleza em Todas as Idades - Beauty Beyond Skin Dermatologia Especializada","og_description":"Se a cada idade voc\u00ea tem necessidades diferentes, \u00e9 natural que sua pele tamb\u00e9m tenha. Veja o que fazer para manter a beleza da pele em todas as idades. Gabriela Casabona Dermatologista em S\u00e3o Paulo, especialista em Rejuvenescimento para todas as idades. Telefones: 11 3668-5910 ou 11 3661-9502","og_url":"https:\/\/www.dravivianloureiro.com.br\/blog\/beleza-em-todas-as-idades\/","og_site_name":"Dra. Vivian Loureiro","article_publisher":"https:\/\/pt-br.facebook.com\/vivianloureirodermatologia\/","article_author":"https:\/\/pt-br.facebook.com\/vivianloureirodermatologia\/","article_published_time":"2011-10-28T12:13:40+00:00","author":"Vivian Loureiro","twitter_card":"summary_large_image","twitter_misc":{"Escrito por":"Vivian Loureiro","Est. tempo de leitura":"3 minutos"},"schema":{"@context":"https:\/\/schema.org","@graph":[{"@type":"Article","@id":"https:\/\/www.dravivianloureiro.com.br\/blog\/beleza-em-todas-as-idades\/#article","isPartOf":{"@id":"https:\/\/www.dravivianloureiro.com.br\/blog\/beleza-em-todas-as-idades\/"},"author":{"name":"Vivian Loureiro","@id":"https:\/\/www.dravivianloureiro.com.br\/blog\/#\/schema\/person\/f6272c0e48dae4364ef626c598c5cb84"},"headline":"Beleza em Todas as Idades","datePublished":"2011-10-28T12:13:40+00:00","dateModified":"2011-10-28T12:13:40+00:00","mainEntityOfPage":{"@id":"https:\/\/www.dravivianloureiro.com.br\/blog\/beleza-em-todas-as-idades\/"},"wordCount":695,"commentCount":0,"publisher":{"@id":"https:\/\/www.dravivianloureiro.com.br\/blog\/#organization"},"keywords":["beleza","idade","rejuvenescimento","tratamento pele"],"articleSection":["Dicas","Est\u00e9ticos","Pele: Idade"],"inLanguage":"pt-BR","potentialAction":[{"@type":"CommentAction","name":"Comment","target":["https:\/\/www.dravivianloureiro.com.br\/blog\/beleza-em-todas-as-idades\/#respond"]}]},{"@type":"WebPage","@id":"https:\/\/www.dravivianloureiro.com.br\/blog\/beleza-em-todas-as-idades\/","url":"https:\/\/www.dravivianloureiro.com.br\/blog\/beleza-em-todas-as-idades\/","name":"Beleza em Todas as Idades - Beauty Beyond Skin Dermatologia Especializada","isPartOf":{"@id":"https:\/\/www.dravivianloureiro.com.br\/blog\/#website"},"datePublished":"2011-10-28T12:13:40+00:00","dateModified":"2011-10-28T12:13:40+00:00","description":"Se a cada idade voc\u00ea tem necessidades diferentes, \u00e9 natural que sua pele tamb\u00e9m tenha. Veja o que fazer para manter a beleza da pele em todas as idades. Gabriela Casabona Dermatologista em S\u00e3o Paulo, especialista em Rejuvenescimento para todas as idades. Telefones: 11 3668-5910 ou 11 3661-9502","breadcrumb":{"@id":"https:\/\/www.dravivianloureiro.com.br\/blog\/beleza-em-todas-as-idades\/#breadcrumb"},"inLanguage":"pt-BR","potentialAction":[{"@type":"ReadAction","target":["https:\/\/www.dravivianloureiro.com.br\/blog\/beleza-em-todas-as-idades\/"]}]},{"@type":"BreadcrumbList","@id":"https:\/\/www.dravivianloureiro.com.br\/blog\/beleza-em-todas-as-idades\/#breadcrumb","itemListElement":[{"@type":"ListItem","position":1,"name":"In\u00edcio","item":"https:\/\/www.dravivianloureiro.com.br\/blog\/"},{"@type":"ListItem","position":2,"name":"Beleza em Todas as Idades"}]},{"@type":"WebSite","@id":"https:\/\/www.dravivianloureiro.com.br\/blog\/#website","url":"https:\/\/www.dravivianloureiro.com.br\/blog\/","name":"Dermatologista Vivian Loureiro","description":"","publisher":{"@id":"https:\/\/www.dravivianloureiro.com.br\/blog\/#organization"},"potentialAction":[{"@type":"SearchAction","target":{"@type":"EntryPoint","urlTemplate":"https:\/\/www.dravivianloureiro.com.br\/blog\/?s={search_term_string}"},"query-input":"required name=search_term_string"}],"inLanguage":"pt-BR"},{"@type":"Organization","@id":"https:\/\/www.dravivianloureiro.com.br\/blog\/#organization","name":"Dra. Vivian Loureiro - Dermatologista Em S\u00e3o Paulo","url":"https:\/\/www.dravivianloureiro.com.br\/blog\/","logo":{"@type":"ImageObject","inLanguage":"pt-BR","@id":"https:\/\/www.dravivianloureiro.com.br\/blog\/#\/schema\/logo\/image\/","url":"https:\/\/www.dravivianloureiro.com.br\/blog\/wp-content\/uploads\/2018\/08\/favicon.jpg","contentUrl":"https:\/\/www.dravivianloureiro.com.br\/blog\/wp-content\/uploads\/2018\/08\/favicon.jpg","width":112,"height":112,"caption":"Dra. Vivian Loureiro - Dermatologista Em S\u00e3o Paulo"},"image":{"@id":"https:\/\/www.dravivianloureiro.com.br\/blog\/#\/schema\/logo\/image\/"},"sameAs":["https:\/\/pt-br.facebook.com\/vivianloureirodermatologia\/","https:\/\/www.instagram.com\/vivianloureirodermatologia\/","https:\/\/www.linkedin.com\/in\/vivian-barzi-loureiro-a6412887\/"]},{"@type":"Person","@id":"https:\/\/www.dravivianloureiro.com.br\/blog\/#\/schema\/person\/f6272c0e48dae4364ef626c598c5cb84","name":"Vivian Loureiro","image":{"@type":"ImageObject","inLanguage":"pt-BR","@id":"https:\/\/www.dravivianloureiro.com.br\/blog\/#\/schema\/person\/image\/","url":"https:\/\/secure.gravatar.com\/avatar\/8ee2b0fae98657240c77e822ae139ad3?s=96&d=wp_user_avatar&r=g","contentUrl":"https:\/\/secure.gravatar.com\/avatar\/8ee2b0fae98657240c77e822ae139ad3?s=96&d=wp_user_avatar&r=g","caption":"Vivian Loureiro"},"description":"M\u00e9dica formada pela Universidade de S\u00e3o Paulo (USP). Realizou resid\u00eancia m\u00e9dica em Dermatologia e complementa\u00e7\u00e3o em Cosmiatria e Laser pelo departamento de Dermatologia do Hospital das Cl\u00ednicas da Faculdade de Medicina da Universidade de S\u00e3o Paulo (USP). Possui t\u00edtulo de especialista em Dermatologia. \u00c9 membro da Sociedade Brasileira de Dermatologia (SBD) e Sociedade Brasileira de Cirurgia Dermatol\u00f3gica (SBCD) e m\u00e9dica do grupo Fleury. Atua nas \u00e1reas de Dermatologia Cl\u00ednica, Cir\u00fargica, Pedi\u00e1trica e Est\u00e9tica. Frequenta e palestra nos principais cursos e congressos de dermatologia, nacionais e internacionais, a fim de se manter em constante atualiza\u00e7\u00e3o.","sameAs":["https:\/\/www.dravivianloureiro.com.br\/","https:\/\/pt-br.facebook.com\/vivianloureirodermatologia\/","https:\/\/www.instagram.com\/vivianloureirodermatologia\/","https:\/\/www.linkedin.com\/in\/vivian-barzi-loureiro-a6412887\/"]}]}},"amp_enabled":true,"_links":{"self":[{"href":"https:\/\/www.dravivianloureiro.com.br\/blog\/wp-json\/wp\/v2\/posts\/339"}],"collection":[{"href":"https:\/\/www.dravivianloureiro.com.br\/blog\/wp-json\/wp\/v2\/posts"}],"about":[{"href":"https:\/\/www.dravivianloureiro.com.br\/blog\/wp-json\/wp\/v2\/types\/post"}],"author":[{"embeddable":true,"href":"https:\/\/www.dravivianloureiro.com.br\/blog\/wp-json\/wp\/v2\/users\/1"}],"replies":[{"embeddable":true,"href":"https:\/\/www.dravivianloureiro.com.br\/blog\/wp-json\/wp\/v2\/comments?post=339"}],"version-history":[{"count":0,"href":"https:\/\/www.dravivianloureiro.com.br\/blog\/wp-json\/wp\/v2\/posts\/339\/revisions"}],"wp:featuredmedia":[{"embeddable":true,"href":"https:\/\/www.dravivianloureiro.com.br\/blog\/wp-json\/"}],"wp:attachment":[{"href":"https:\/\/www.dravivianloureiro.com.br\/blog\/wp-json\/wp\/v2\/media?parent=339"}],"wp:term":[{"taxonomy":"category","embeddable":true,"href":"https:\/\/www.dravivianloureiro.com.br\/blog\/wp-json\/wp\/v2\/categories?post=339"},{"taxonomy":"post_tag","embeddable":true,"href":"https:\/\/www.dravivianloureiro.com.br\/blog\/wp-json\/wp\/v2\/tags?post=339"}],"curies":[{"name":"wp","href":"https:\/\/api.w.org\/{rel}","templated":true}]}}