{"id":33,"date":"2011-10-28T12:42:49","date_gmt":"2011-10-28T12:42:49","guid":{"rendered":"http:\/\/www.gabrielacasabona.com.br\/blog\/?p=33"},"modified":"2011-10-28T12:42:49","modified_gmt":"2011-10-28T12:42:49","slug":"rosacea","status":"publish","type":"post","link":"https:\/\/www.dravivianloureiro.com.br\/blog\/rosacea\/","title":{"rendered":"Ros\u00e1cea"},"content":{"rendered":"<p class=\"estimated-read-time\">Tempo de leitura:<small> 3 minutos<\/small><\/p> <h2>Por que tenho vasinhos e meu rosto est\u00e1 sempre vermelho e com bolinhas?<\/h2>\n<p>A Ros\u00e1cea \u00e9 um quadro de fundo gen\u00e9tico que tem a participa\u00e7\u00e3o de um \u00e1caro o Dermodex foliculorum. Pode apresentar v\u00e1rios graus desde apenas vasinhos e vermelhid\u00e3o como acne (p\u00fastulas ) e at\u00e9 uma pele mais grossa que fica com apar\u00eancia de deformidade como rinofima. A doen\u00e7a piora com exposi\u00e7\u00e3o ao sol e normalmente a pele \u00e9 bem sens\u00edvel. Seu tratamento \u00e9 atrav\u00e9s de antibi\u00f3ticos via oral e na forma de cremes, prote\u00e7\u00e3o solar associados ou n\u00e3o \u00e0 peelings superficiais. Muitas vezes o uso dos laseres, do tipo luz pulsada Starlux G ou at\u00e9 Nd YAG Lux 1064, \u00e9 necess\u00e1rio para tratar os vasos . Em alguns casos mais resistentes, segundo Nybaek, podemos usar tamb\u00e9m a PDT ALA que funcionaria como adjuvante no tratamento convencional.<\/p>\n<h2>Como saber se tenho Ros\u00e1cea?<\/h2>\n<p>Por causa da irrita\u00e7\u00e3o ocasionada pela gordura produzida pelas gl\u00e2ndulas seb\u00e1ceas e por um \u00e1caro, a pele fica seca, aparecem vasos finos e bolinhas de pus principalmente no rosto -em casos graves o nariz pode inchar. A sensibilidade ao sol e a vermelhid\u00e3o na pele ap\u00f3s consumir alimentos quentes, vinho ou pimenta tamb\u00e9m s\u00e3o ind\u00edcios do problema.<\/p>\n<p>O que fazer: Para minimizar as crises, deve-se evitar o contato com gatos e cachorros e ter cuidado extra com os cosm\u00e9ticos utilizados. O uso do filtro solar \u00e9 obrigat\u00f3rio em qualquer \u00e9poca do ano. Casos mais graves podem exigir antibi\u00f3ticos orais.<\/p>\n<h2>Pele Oriental<\/h2>\n<p>A pele oriental \u00e9 mais espessa e apresenta maior tend\u00eancia a ser ressecada e a produzir cravos. Uma boa dica \u00e9 realizar uma esfolia\u00e7\u00e3o caseira e usar hidratantes espec\u00edficos em gel ou em gel creme. (Dra. Gabriela Casabona)<\/p>\n<h2>Cuidados com a pele negra<\/h2>\n<p>Peles negras envelhecem mais lentamente pois t\u00eam grande quantidade de um tipo de col\u00e1geno que a deixa mais resistente. Apesar disso, as peles negras tamb\u00e9m inspiram cuidados como o uso de protetor solar\u00a0 (fator 30 \u00e9 o suficiente) e hidrata\u00e7\u00e3o caprichada. (Dra. Gabriela Casabona)<\/p>\n<h2>Peeling Caseiro<\/h2>\n<p>\u00c9 poss\u00edvel se fazer um peeling com clareamento seguro em casa mesmo, em duas etapas:<\/p>\n<p style=\"padding-left: 30px;\">1) Peeling &#8211; misture germen de trigo ou flocos de aveia a uma colher (sobremesa) de mel. Aplique no rosto limpo friccionando a mistura contra a pele por alguns minutos. Lave em seguida.<\/p>\n<p style=\"padding-left: 30px;\">2) M\u00e1scara antimanchas &#8211; Misture levemente aveia em p\u00f3 a uma colher (sopa) de mam\u00e3o papaia passado pela peneira e a um copo de iogurte. Aplique uma camada espessa dessa mistura no rosto e cubra com folhas de alecrim. Repouse por 20 minutos, com os p\u00e9s ligeiramente acima do n\u00edvel da cabe\u00e7a. Retire a m\u00e1scara com \u00e1gua fria, enxaguando bem. Enxugue e complemente o tratamento aplicando uma boa camada de hidratante espec\u00edfico para o seu tipo de pele.<\/p>\n<h2>Como otimizar a hidrata\u00e7\u00e3o da sua pele?<\/h2>\n<p>&#8220;Peles ressecadas absorvem mais os cremes hidratantes quando submetidas a uma esfolia\u00e7\u00e3o antes. Essa esfolia\u00e7\u00e3o deve ser feita uma vez por semana utilizando-se, no corpo, uma mistura de \u00f3leo de am\u00eandoas com a\u00e7\u00facar e, no rosto, uma mistura de fub\u00e1 com mel, em suaves movimentos circulares&#8221;<\/p>\n<p>&nbsp;<\/p>\n","protected":false},"excerpt":{"rendered":"<p><small> 3 minutos<\/small> Por que tenho vasinhos e meu rosto est\u00e1 sempre vermelho e com bolinhas? A Ros\u00e1cea \u00e9 um quadro de fundo gen\u00e9tico que tem a participa\u00e7\u00e3o de um \u00e1caro o Dermodex foliculorum. Pode apresentar v\u00e1rios graus desde apenas vasinhos e vermelhid\u00e3o como acne (p\u00fastulas ) e at\u00e9 uma pele mais grossa que fica com apar\u00eancia de deformidade como rinofima. A doen\u00e7a piora com exposi\u00e7\u00e3o ao sol e normalmente a pele \u00e9 bem sens\u00edvel. Seu tratamento \u00e9 atrav\u00e9s de antibi\u00f3ticos via oral e na <a href=\"https:\/\/www.dravivianloureiro.com.br\/blog\/rosacea\/\" class=\"more-link\"><span>Continue lendo<\/span>\u2192<\/a><\/p>\n","protected":false},"author":1,"featured_media":4266,"comment_status":"open","ping_status":"open","sticky":false,"template":"","format":"standard","meta":[],"categories":[368,401],"tags":[410,411,412,413,414],"yoast_head":"<!-- This site is optimized with the Yoast SEO plugin v20.6 - https:\/\/yoast.com\/wordpress\/plugins\/seo\/ -->\n<title>Ros\u00e1cea - Dra. Vivian Loureiro<\/title>\n<meta name=\"description\" content=\"A Ros\u00e1cea \u00e9 um quadro de fundo gen\u00e9tico que tem a participa\u00e7\u00e3o de um \u00e1caro o (Dermodex foliculorum). Saiba mais sobre a Ros\u00e1cea. Dra Gabriela Casabona \u00e9 Dermatologista Especialista em Ros\u00e1cea em S\u00e3o Paulo - tel: +55 11 3668-5910 - R. Dr Veiga Filho, 350 \u2013 1 andar Higien\u00f3polis \u2013 S\u00e3o Paulo CEP: 01229-000\" \/>\n<meta name=\"robots\" content=\"index, follow, max-snippet:-1, max-image-preview:large, max-video-preview:-1\" \/>\n<link rel=\"canonical\" href=\"https:\/\/www.dravivianloureiro.com.br\/blog\/rosacea\/\" \/>\n<meta property=\"og:locale\" content=\"pt_BR\" \/>\n<meta property=\"og:type\" content=\"article\" \/>\n<meta property=\"og:title\" content=\"Ros\u00e1cea - Dra. Vivian Loureiro\" \/>\n<meta property=\"og:description\" content=\"A Ros\u00e1cea \u00e9 um quadro de fundo gen\u00e9tico que tem a participa\u00e7\u00e3o de um \u00e1caro o (Dermodex foliculorum). Saiba mais sobre a Ros\u00e1cea. Dra Gabriela Casabona \u00e9 Dermatologista Especialista em Ros\u00e1cea em S\u00e3o Paulo - tel: +55 11 3668-5910 - R. Dr Veiga Filho, 350 \u2013 1 andar Higien\u00f3polis \u2013 S\u00e3o Paulo CEP: 01229-000\" \/>\n<meta property=\"og:url\" content=\"https:\/\/www.dravivianloureiro.com.br\/blog\/rosacea\/\" \/>\n<meta property=\"og:site_name\" content=\"Dra. Vivian Loureiro\" \/>\n<meta property=\"article:publisher\" content=\"https:\/\/pt-br.facebook.com\/vivianloureirodermatologia\/\" \/>\n<meta property=\"article:author\" content=\"https:\/\/pt-br.facebook.com\/vivianloureirodermatologia\/\" \/>\n<meta property=\"article:published_time\" content=\"2011-10-28T12:42:49+00:00\" \/>\n<meta name=\"author\" content=\"Vivian Loureiro\" \/>\n<meta name=\"twitter:card\" content=\"summary_large_image\" \/>\n<meta name=\"twitter:label1\" content=\"Escrito por\" \/>\n\t<meta name=\"twitter:data1\" content=\"Vivian Loureiro\" \/>\n\t<meta name=\"twitter:label2\" content=\"Est. tempo de leitura\" \/>\n\t<meta name=\"twitter:data2\" content=\"3 minutos\" \/>\n<script type=\"application\/ld+json\" class=\"yoast-schema-graph\">{\"@context\":\"https:\/\/schema.org\",\"@graph\":[{\"@type\":\"Article\",\"@id\":\"https:\/\/www.dravivianloureiro.com.br\/blog\/rosacea\/#article\",\"isPartOf\":{\"@id\":\"https:\/\/www.dravivianloureiro.com.br\/blog\/rosacea\/\"},\"author\":{\"name\":\"Vivian Loureiro\",\"@id\":\"https:\/\/www.dravivianloureiro.com.br\/blog\/#\/schema\/person\/f6272c0e48dae4364ef626c598c5cb84\"},\"headline\":\"Ros\u00e1cea\",\"datePublished\":\"2011-10-28T12:42:49+00:00\",\"dateModified\":\"2011-10-28T12:42:49+00:00\",\"mainEntityOfPage\":{\"@id\":\"https:\/\/www.dravivianloureiro.com.br\/blog\/rosacea\/\"},\"wordCount\":546,\"commentCount\":0,\"publisher\":{\"@id\":\"https:\/\/www.dravivianloureiro.com.br\/blog\/#organization\"},\"keywords\":[\"bochechas rosa\",\"cuidados pele rosacea\",\"dermatite\",\"pele rosada\",\"rosacea\"],\"articleSection\":[\"Est\u00e9ticos\",\"Ros\u00e1cea\"],\"inLanguage\":\"pt-BR\",\"potentialAction\":[{\"@type\":\"CommentAction\",\"name\":\"Comment\",\"target\":[\"https:\/\/www.dravivianloureiro.com.br\/blog\/rosacea\/#respond\"]}]},{\"@type\":\"WebPage\",\"@id\":\"https:\/\/www.dravivianloureiro.com.br\/blog\/rosacea\/\",\"url\":\"https:\/\/www.dravivianloureiro.com.br\/blog\/rosacea\/\",\"name\":\"Ros\u00e1cea - Dra. Vivian Loureiro\",\"isPartOf\":{\"@id\":\"https:\/\/www.dravivianloureiro.com.br\/blog\/#website\"},\"datePublished\":\"2011-10-28T12:42:49+00:00\",\"dateModified\":\"2011-10-28T12:42:49+00:00\",\"description\":\"A Ros\u00e1cea \u00e9 um quadro de fundo gen\u00e9tico que tem a participa\u00e7\u00e3o de um \u00e1caro o (Dermodex foliculorum). Saiba mais sobre a Ros\u00e1cea. Dra Gabriela Casabona \u00e9 Dermatologista Especialista em Ros\u00e1cea em S\u00e3o Paulo - tel: +55 11 3668-5910 - R. Dr Veiga Filho, 350 \u2013 1 andar Higien\u00f3polis \u2013 S\u00e3o Paulo CEP: 01229-000\",\"breadcrumb\":{\"@id\":\"https:\/\/www.dravivianloureiro.com.br\/blog\/rosacea\/#breadcrumb\"},\"inLanguage\":\"pt-BR\",\"potentialAction\":[{\"@type\":\"ReadAction\",\"target\":[\"https:\/\/www.dravivianloureiro.com.br\/blog\/rosacea\/\"]}]},{\"@type\":\"BreadcrumbList\",\"@id\":\"https:\/\/www.dravivianloureiro.com.br\/blog\/rosacea\/#breadcrumb\",\"itemListElement\":[{\"@type\":\"ListItem\",\"position\":1,\"name\":\"In\u00edcio\",\"item\":\"https:\/\/www.dravivianloureiro.com.br\/blog\/\"},{\"@type\":\"ListItem\",\"position\":2,\"name\":\"Ros\u00e1cea\"}]},{\"@type\":\"WebSite\",\"@id\":\"https:\/\/www.dravivianloureiro.com.br\/blog\/#website\",\"url\":\"https:\/\/www.dravivianloureiro.com.br\/blog\/\",\"name\":\"Dermatologista Vivian Loureiro\",\"description\":\"\",\"publisher\":{\"@id\":\"https:\/\/www.dravivianloureiro.com.br\/blog\/#organization\"},\"potentialAction\":[{\"@type\":\"SearchAction\",\"target\":{\"@type\":\"EntryPoint\",\"urlTemplate\":\"https:\/\/www.dravivianloureiro.com.br\/blog\/?s={search_term_string}\"},\"query-input\":\"required name=search_term_string\"}],\"inLanguage\":\"pt-BR\"},{\"@type\":\"Organization\",\"@id\":\"https:\/\/www.dravivianloureiro.com.br\/blog\/#organization\",\"name\":\"Dra. Vivian Loureiro - Dermatologista Em S\u00e3o Paulo\",\"url\":\"https:\/\/www.dravivianloureiro.com.br\/blog\/\",\"logo\":{\"@type\":\"ImageObject\",\"inLanguage\":\"pt-BR\",\"@id\":\"https:\/\/www.dravivianloureiro.com.br\/blog\/#\/schema\/logo\/image\/\",\"url\":\"https:\/\/www.dravivianloureiro.com.br\/blog\/wp-content\/uploads\/2018\/08\/favicon.jpg\",\"contentUrl\":\"https:\/\/www.dravivianloureiro.com.br\/blog\/wp-content\/uploads\/2018\/08\/favicon.jpg\",\"width\":112,\"height\":112,\"caption\":\"Dra. Vivian Loureiro - Dermatologista Em S\u00e3o Paulo\"},\"image\":{\"@id\":\"https:\/\/www.dravivianloureiro.com.br\/blog\/#\/schema\/logo\/image\/\"},\"sameAs\":[\"https:\/\/pt-br.facebook.com\/vivianloureirodermatologia\/\",\"https:\/\/www.instagram.com\/vivianloureirodermatologia\/\",\"https:\/\/www.linkedin.com\/in\/vivian-barzi-loureiro-a6412887\/\"]},{\"@type\":\"Person\",\"@id\":\"https:\/\/www.dravivianloureiro.com.br\/blog\/#\/schema\/person\/f6272c0e48dae4364ef626c598c5cb84\",\"name\":\"Vivian Loureiro\",\"image\":{\"@type\":\"ImageObject\",\"inLanguage\":\"pt-BR\",\"@id\":\"https:\/\/www.dravivianloureiro.com.br\/blog\/#\/schema\/person\/image\/\",\"url\":\"https:\/\/secure.gravatar.com\/avatar\/8ee2b0fae98657240c77e822ae139ad3?s=96&d=wp_user_avatar&r=g\",\"contentUrl\":\"https:\/\/secure.gravatar.com\/avatar\/8ee2b0fae98657240c77e822ae139ad3?s=96&d=wp_user_avatar&r=g\",\"caption\":\"Vivian Loureiro\"},\"description\":\"M\u00e9dica formada pela Universidade de S\u00e3o Paulo (USP). Realizou resid\u00eancia m\u00e9dica em Dermatologia e complementa\u00e7\u00e3o em Cosmiatria e Laser pelo departamento de Dermatologia do Hospital das Cl\u00ednicas da Faculdade de Medicina da Universidade de S\u00e3o Paulo (USP). Possui t\u00edtulo de especialista em Dermatologia. \u00c9 membro da Sociedade Brasileira de Dermatologia (SBD) e Sociedade Brasileira de Cirurgia Dermatol\u00f3gica (SBCD) e m\u00e9dica do grupo Fleury. Atua nas \u00e1reas de Dermatologia Cl\u00ednica, Cir\u00fargica, Pedi\u00e1trica e Est\u00e9tica. Frequenta e palestra nos principais cursos e congressos de dermatologia, nacionais e internacionais, a fim de se manter em constante atualiza\u00e7\u00e3o.\",\"sameAs\":[\"https:\/\/www.dravivianloureiro.com.br\/\",\"https:\/\/pt-br.facebook.com\/vivianloureirodermatologia\/\",\"https:\/\/www.instagram.com\/vivianloureirodermatologia\/\",\"https:\/\/www.linkedin.com\/in\/vivian-barzi-loureiro-a6412887\/\"]}]}<\/script>\n<!-- \/ Yoast SEO plugin. -->","yoast_head_json":{"title":"Ros\u00e1cea - Dra. Vivian Loureiro","description":"A Ros\u00e1cea \u00e9 um quadro de fundo gen\u00e9tico que tem a participa\u00e7\u00e3o de um \u00e1caro o (Dermodex foliculorum). Saiba mais sobre a Ros\u00e1cea. Dra Gabriela Casabona \u00e9 Dermatologista Especialista em Ros\u00e1cea em S\u00e3o Paulo - tel: +55 11 3668-5910 - R. Dr Veiga Filho, 350 \u2013 1 andar Higien\u00f3polis \u2013 S\u00e3o Paulo CEP: 01229-000","robots":{"index":"index","follow":"follow","max-snippet":"max-snippet:-1","max-image-preview":"max-image-preview:large","max-video-preview":"max-video-preview:-1"},"canonical":"https:\/\/www.dravivianloureiro.com.br\/blog\/rosacea\/","og_locale":"pt_BR","og_type":"article","og_title":"Ros\u00e1cea - Dra. Vivian Loureiro","og_description":"A Ros\u00e1cea \u00e9 um quadro de fundo gen\u00e9tico que tem a participa\u00e7\u00e3o de um \u00e1caro o (Dermodex foliculorum). Saiba mais sobre a Ros\u00e1cea. Dra Gabriela Casabona \u00e9 Dermatologista Especialista em Ros\u00e1cea em S\u00e3o Paulo - tel: +55 11 3668-5910 - R. Dr Veiga Filho, 350 \u2013 1 andar Higien\u00f3polis \u2013 S\u00e3o Paulo CEP: 01229-000","og_url":"https:\/\/www.dravivianloureiro.com.br\/blog\/rosacea\/","og_site_name":"Dra. Vivian Loureiro","article_publisher":"https:\/\/pt-br.facebook.com\/vivianloureirodermatologia\/","article_author":"https:\/\/pt-br.facebook.com\/vivianloureirodermatologia\/","article_published_time":"2011-10-28T12:42:49+00:00","author":"Vivian Loureiro","twitter_card":"summary_large_image","twitter_misc":{"Escrito por":"Vivian Loureiro","Est. tempo de leitura":"3 minutos"},"schema":{"@context":"https:\/\/schema.org","@graph":[{"@type":"Article","@id":"https:\/\/www.dravivianloureiro.com.br\/blog\/rosacea\/#article","isPartOf":{"@id":"https:\/\/www.dravivianloureiro.com.br\/blog\/rosacea\/"},"author":{"name":"Vivian Loureiro","@id":"https:\/\/www.dravivianloureiro.com.br\/blog\/#\/schema\/person\/f6272c0e48dae4364ef626c598c5cb84"},"headline":"Ros\u00e1cea","datePublished":"2011-10-28T12:42:49+00:00","dateModified":"2011-10-28T12:42:49+00:00","mainEntityOfPage":{"@id":"https:\/\/www.dravivianloureiro.com.br\/blog\/rosacea\/"},"wordCount":546,"commentCount":0,"publisher":{"@id":"https:\/\/www.dravivianloureiro.com.br\/blog\/#organization"},"keywords":["bochechas rosa","cuidados pele rosacea","dermatite","pele rosada","rosacea"],"articleSection":["Est\u00e9ticos","Ros\u00e1cea"],"inLanguage":"pt-BR","potentialAction":[{"@type":"CommentAction","name":"Comment","target":["https:\/\/www.dravivianloureiro.com.br\/blog\/rosacea\/#respond"]}]},{"@type":"WebPage","@id":"https:\/\/www.dravivianloureiro.com.br\/blog\/rosacea\/","url":"https:\/\/www.dravivianloureiro.com.br\/blog\/rosacea\/","name":"Ros\u00e1cea - Dra. Vivian Loureiro","isPartOf":{"@id":"https:\/\/www.dravivianloureiro.com.br\/blog\/#website"},"datePublished":"2011-10-28T12:42:49+00:00","dateModified":"2011-10-28T12:42:49+00:00","description":"A Ros\u00e1cea \u00e9 um quadro de fundo gen\u00e9tico que tem a participa\u00e7\u00e3o de um \u00e1caro o (Dermodex foliculorum). Saiba mais sobre a Ros\u00e1cea. Dra Gabriela Casabona \u00e9 Dermatologista Especialista em Ros\u00e1cea em S\u00e3o Paulo - tel: +55 11 3668-5910 - R. Dr Veiga Filho, 350 \u2013 1 andar Higien\u00f3polis \u2013 S\u00e3o Paulo CEP: 01229-000","breadcrumb":{"@id":"https:\/\/www.dravivianloureiro.com.br\/blog\/rosacea\/#breadcrumb"},"inLanguage":"pt-BR","potentialAction":[{"@type":"ReadAction","target":["https:\/\/www.dravivianloureiro.com.br\/blog\/rosacea\/"]}]},{"@type":"BreadcrumbList","@id":"https:\/\/www.dravivianloureiro.com.br\/blog\/rosacea\/#breadcrumb","itemListElement":[{"@type":"ListItem","position":1,"name":"In\u00edcio","item":"https:\/\/www.dravivianloureiro.com.br\/blog\/"},{"@type":"ListItem","position":2,"name":"Ros\u00e1cea"}]},{"@type":"WebSite","@id":"https:\/\/www.dravivianloureiro.com.br\/blog\/#website","url":"https:\/\/www.dravivianloureiro.com.br\/blog\/","name":"Dermatologista Vivian Loureiro","description":"","publisher":{"@id":"https:\/\/www.dravivianloureiro.com.br\/blog\/#organization"},"potentialAction":[{"@type":"SearchAction","target":{"@type":"EntryPoint","urlTemplate":"https:\/\/www.dravivianloureiro.com.br\/blog\/?s={search_term_string}"},"query-input":"required name=search_term_string"}],"inLanguage":"pt-BR"},{"@type":"Organization","@id":"https:\/\/www.dravivianloureiro.com.br\/blog\/#organization","name":"Dra. Vivian Loureiro - Dermatologista Em S\u00e3o Paulo","url":"https:\/\/www.dravivianloureiro.com.br\/blog\/","logo":{"@type":"ImageObject","inLanguage":"pt-BR","@id":"https:\/\/www.dravivianloureiro.com.br\/blog\/#\/schema\/logo\/image\/","url":"https:\/\/www.dravivianloureiro.com.br\/blog\/wp-content\/uploads\/2018\/08\/favicon.jpg","contentUrl":"https:\/\/www.dravivianloureiro.com.br\/blog\/wp-content\/uploads\/2018\/08\/favicon.jpg","width":112,"height":112,"caption":"Dra. Vivian Loureiro - Dermatologista Em S\u00e3o Paulo"},"image":{"@id":"https:\/\/www.dravivianloureiro.com.br\/blog\/#\/schema\/logo\/image\/"},"sameAs":["https:\/\/pt-br.facebook.com\/vivianloureirodermatologia\/","https:\/\/www.instagram.com\/vivianloureirodermatologia\/","https:\/\/www.linkedin.com\/in\/vivian-barzi-loureiro-a6412887\/"]},{"@type":"Person","@id":"https:\/\/www.dravivianloureiro.com.br\/blog\/#\/schema\/person\/f6272c0e48dae4364ef626c598c5cb84","name":"Vivian Loureiro","image":{"@type":"ImageObject","inLanguage":"pt-BR","@id":"https:\/\/www.dravivianloureiro.com.br\/blog\/#\/schema\/person\/image\/","url":"https:\/\/secure.gravatar.com\/avatar\/8ee2b0fae98657240c77e822ae139ad3?s=96&d=wp_user_avatar&r=g","contentUrl":"https:\/\/secure.gravatar.com\/avatar\/8ee2b0fae98657240c77e822ae139ad3?s=96&d=wp_user_avatar&r=g","caption":"Vivian Loureiro"},"description":"M\u00e9dica formada pela Universidade de S\u00e3o Paulo (USP). Realizou resid\u00eancia m\u00e9dica em Dermatologia e complementa\u00e7\u00e3o em Cosmiatria e Laser pelo departamento de Dermatologia do Hospital das Cl\u00ednicas da Faculdade de Medicina da Universidade de S\u00e3o Paulo (USP). Possui t\u00edtulo de especialista em Dermatologia. \u00c9 membro da Sociedade Brasileira de Dermatologia (SBD) e Sociedade Brasileira de Cirurgia Dermatol\u00f3gica (SBCD) e m\u00e9dica do grupo Fleury. Atua nas \u00e1reas de Dermatologia Cl\u00ednica, Cir\u00fargica, Pedi\u00e1trica e Est\u00e9tica. Frequenta e palestra nos principais cursos e congressos de dermatologia, nacionais e internacionais, a fim de se manter em constante atualiza\u00e7\u00e3o.","sameAs":["https:\/\/www.dravivianloureiro.com.br\/","https:\/\/pt-br.facebook.com\/vivianloureirodermatologia\/","https:\/\/www.instagram.com\/vivianloureirodermatologia\/","https:\/\/www.linkedin.com\/in\/vivian-barzi-loureiro-a6412887\/"]}]}},"amp_enabled":true,"_links":{"self":[{"href":"https:\/\/www.dravivianloureiro.com.br\/blog\/wp-json\/wp\/v2\/posts\/33"}],"collection":[{"href":"https:\/\/www.dravivianloureiro.com.br\/blog\/wp-json\/wp\/v2\/posts"}],"about":[{"href":"https:\/\/www.dravivianloureiro.com.br\/blog\/wp-json\/wp\/v2\/types\/post"}],"author":[{"embeddable":true,"href":"https:\/\/www.dravivianloureiro.com.br\/blog\/wp-json\/wp\/v2\/users\/1"}],"replies":[{"embeddable":true,"href":"https:\/\/www.dravivianloureiro.com.br\/blog\/wp-json\/wp\/v2\/comments?post=33"}],"version-history":[{"count":0,"href":"https:\/\/www.dravivianloureiro.com.br\/blog\/wp-json\/wp\/v2\/posts\/33\/revisions"}],"wp:featuredmedia":[{"embeddable":true,"href":"https:\/\/www.dravivianloureiro.com.br\/blog\/wp-json\/"}],"wp:attachment":[{"href":"https:\/\/www.dravivianloureiro.com.br\/blog\/wp-json\/wp\/v2\/media?parent=33"}],"wp:term":[{"taxonomy":"category","embeddable":true,"href":"https:\/\/www.dravivianloureiro.com.br\/blog\/wp-json\/wp\/v2\/categories?post=33"},{"taxonomy":"post_tag","embeddable":true,"href":"https:\/\/www.dravivianloureiro.com.br\/blog\/wp-json\/wp\/v2\/tags?post=33"}],"curies":[{"name":"wp","href":"https:\/\/api.w.org\/{rel}","templated":true}]}}