{"id":3290,"date":"2017-11-19T21:06:08","date_gmt":"2017-11-20T00:06:08","guid":{"rendered":"https:\/\/gabrielacasabona.com.br\/?p=3290"},"modified":"2017-11-19T21:06:08","modified_gmt":"2017-11-20T00:06:08","slug":"preenchimento-nariz-e-queixo-em-busca-da-harmonia-na-face","status":"publish","type":"post","link":"https:\/\/www.dravivianloureiro.com.br\/blog\/preenchimento-nariz-e-queixo-em-busca-da-harmonia-na-face\/","title":{"rendered":"Preenchimento Nariz e Queixo em busca da harmonia na face"},"content":{"rendered":"<p class=\"estimated-read-time\">Tempo de leitura:<small> 2 minutos<\/small><\/p> <p>Vamos falar hoje de um velho conhecido, mas com uma abordagem diferente: o <strong>Preenchimento com \u00c1cido Hialur\u00f4nico<\/strong>.<\/p>\n<p>J\u00e1 bem consolidado no universo da medicina est\u00e9tica, o preenchimento com \u00e1cido hialur\u00f4nico era muito utilizado para corre\u00e7\u00e3o de rugas como o \u201cbigode chin\u00eas\u201d, atualmente \u00e9 indicado para diversos outros tratamentos.<\/p>\n<p>No texto de hoje abordo duas \u00e1reas bem interessantes para o uso do preenchimento: <strong>o nariz e o queixo<\/strong>. As duas \u00e1reas n\u00e3o s\u00f3 se correlacionam, como mudam suavemente a apar\u00eancia do rosto e\u00a0 trazem mais harmonia ao conjunto quando s\u00e3o bem trabalhadas.<\/p>\n<p>Um bom exemplo que pode ser utilizado na utiliza\u00e7\u00e3o das t\u00e9cnicas de preenchimento \u00e9 quando existe a queixa sobre a apar\u00eancia de nariz longo, muitas vezes o que falta \u00e9 o trabalho no ter\u00e7o inferior da face e no queixo.<br \/>\nOutra situa\u00e7\u00e3o semelhante \u00e9 quando a papada aparece e queremos tirar a gordura, em parte dos casos um procedimento no queixo resolve isso muito bem quando h\u00e1 indica\u00e7\u00e3o.<\/p>\n<p>&nbsp;<\/p>\n<h3>Nariz, L\u00e1bio e Injet\u00e1veis<\/h3>\n<p>Por ser uma \u00e1rea muito delicada, o nariz requer n\u00e3o s\u00f3 muita <strong>experi\u00eancia<\/strong> como tamb\u00e9m <strong>arte<\/strong> quando trabalhado com injet\u00e1veis. A famosa queixa <em>\u201cmeu nariz caiu com a idade\u201d<\/em> pode muito bem ser tratada com preenchedores, proporcionando uma apar\u00eancia mais jovem \u00e0 <strong>transi\u00e7\u00e3o nariz &#8211; l\u00e1bio,<\/strong>\u00a0tamb\u00e9m uma ponta mais bem destacada, al\u00e9m das altera\u00e7\u00f5es do dorso como a giba, que podem ser bem suavizadas.<\/p>\n<p>&nbsp;<\/p>\n<h3>O Preenchimento Substitui a Cirurgia Pl\u00e1stica?<\/h3>\n<p>A cirurgia pl\u00e1stica tem o poder de trabalhar a forma das cartilagens, utilizar enxertos para dar suporte e realizar altera\u00e7\u00f5es estruturais que nem sempre s\u00e3o poss\u00edveis por meio de injet\u00e1veis. Pode ser uma op\u00e7\u00e3o para quem busca uma mudan\u00e7a mais radical e definitiva.<\/p>\n<p>J\u00e1 o preenchimento surge como alternativa para casos em que h\u00e1 resist\u00eancia \u00e0 cirurgia, tamb\u00e9m quando a busca \u00e9 por corre\u00e7\u00f5es minuciosas que n\u00e3o exigem uma altera\u00e7\u00e3o estrutural t\u00e3o grande.<\/p>\n<p>Procedimentos minimamente invasivos ganharam espa\u00e7o nos \u00faltimos anos e de acordo com uma <a href=\"http:\/\/veja.abril.com.br\/saude\/estetica-procura-por-procedimentos-nao-cirurgicos-aumenta-390\/\" target=\"_blank\" rel=\"noopener\">mat\u00e9ria da Veja<\/a>, a busca por procedimentos n\u00e3o-cir\u00fargicos cresceu significativamente nos \u00faltimos 2 anos.<\/p>\n<p>&nbsp;<\/p>\n<p><strong>Propor\u00e7\u00f5es bem trabalhadas embelezam a face.<\/strong><\/p>\n","protected":false},"excerpt":{"rendered":"<p><small> 2 minutos<\/small> Vamos falar hoje de um velho conhecido, mas com uma abordagem diferente: o Preenchimento com \u00c1cido Hialur\u00f4nico. J\u00e1 bem consolidado no universo da medicina est\u00e9tica, o preenchimento com \u00e1cido hialur\u00f4nico era muito utilizado para corre\u00e7\u00e3o de rugas como o \u201cbigode chin\u00eas\u201d, atualmente \u00e9 indicado para diversos outros tratamentos. No texto de hoje abordo duas \u00e1reas bem interessantes para o uso do preenchimento: o nariz e o queixo. As duas \u00e1reas n\u00e3o s\u00f3 se correlacionam, como mudam suavemente a apar\u00eancia do rosto e\u00a0 <a href=\"https:\/\/www.dravivianloureiro.com.br\/blog\/preenchimento-nariz-e-queixo-em-busca-da-harmonia-na-face\/\" class=\"more-link\"><span>Continue lendo<\/span>\u2192<\/a><\/p>\n","protected":false},"author":1,"featured_media":3461,"comment_status":"open","ping_status":"open","sticky":false,"template":"","format":"standard","meta":[],"categories":[584,134],"tags":[598,175,599,600,118,601,120,119,602],"yoast_head":"<!-- This site is optimized with the Yoast SEO plugin v20.6 - https:\/\/yoast.com\/wordpress\/plugins\/seo\/ -->\n<title>Preenchimento Nariz e Quexo - Harmoniza\u00e7\u00e3o Utilizando Injet\u00e1veis<\/title>\n<meta name=\"description\" content=\"Como o preenchimento com \u00e1cido hialur\u00f4nico no nariz e no queixo pode, muitas vezes, atuar em corre\u00e7\u00f5es que fazem toda diferen\u00e7a para a harmonia da face.\" \/>\n<meta name=\"robots\" content=\"index, follow, max-snippet:-1, max-image-preview:large, max-video-preview:-1\" \/>\n<link rel=\"canonical\" href=\"https:\/\/www.dravivianloureiro.com.br\/blog\/preenchimento-nariz-e-queixo-em-busca-da-harmonia-na-face\/\" \/>\n<meta property=\"og:locale\" content=\"pt_BR\" \/>\n<meta property=\"og:type\" content=\"article\" \/>\n<meta property=\"og:title\" content=\"Preenchimento Nariz e Quexo - Harmoniza\u00e7\u00e3o Utilizando Injet\u00e1veis\" \/>\n<meta property=\"og:description\" content=\"Como o preenchimento com \u00e1cido hialur\u00f4nico no nariz e no queixo pode, muitas vezes, atuar em corre\u00e7\u00f5es que fazem toda diferen\u00e7a para a harmonia da face.\" \/>\n<meta property=\"og:url\" content=\"https:\/\/www.dravivianloureiro.com.br\/blog\/preenchimento-nariz-e-queixo-em-busca-da-harmonia-na-face\/\" \/>\n<meta property=\"og:site_name\" content=\"Dra. Vivian Loureiro\" \/>\n<meta property=\"article:publisher\" content=\"https:\/\/pt-br.facebook.com\/vivianloureirodermatologia\/\" \/>\n<meta property=\"article:author\" content=\"https:\/\/pt-br.facebook.com\/vivianloureirodermatologia\/\" \/>\n<meta property=\"article:published_time\" content=\"2017-11-20T00:06:08+00:00\" \/>\n<meta name=\"author\" content=\"Vivian Loureiro\" \/>\n<meta name=\"twitter:card\" content=\"summary_large_image\" \/>\n<meta name=\"twitter:label1\" content=\"Escrito por\" \/>\n\t<meta name=\"twitter:data1\" content=\"Vivian Loureiro\" \/>\n\t<meta name=\"twitter:label2\" content=\"Est. tempo de leitura\" \/>\n\t<meta name=\"twitter:data2\" content=\"2 minutos\" \/>\n<script type=\"application\/ld+json\" class=\"yoast-schema-graph\">{\"@context\":\"https:\/\/schema.org\",\"@graph\":[{\"@type\":\"Article\",\"@id\":\"https:\/\/www.dravivianloureiro.com.br\/blog\/preenchimento-nariz-e-queixo-em-busca-da-harmonia-na-face\/#article\",\"isPartOf\":{\"@id\":\"https:\/\/www.dravivianloureiro.com.br\/blog\/preenchimento-nariz-e-queixo-em-busca-da-harmonia-na-face\/\"},\"author\":{\"name\":\"Vivian Loureiro\",\"@id\":\"https:\/\/www.dravivianloureiro.com.br\/blog\/#\/schema\/person\/f6272c0e48dae4364ef626c598c5cb84\"},\"headline\":\"Preenchimento Nariz e Queixo em busca da harmonia na face\",\"datePublished\":\"2017-11-20T00:06:08+00:00\",\"dateModified\":\"2017-11-20T00:06:08+00:00\",\"mainEntityOfPage\":{\"@id\":\"https:\/\/www.dravivianloureiro.com.br\/blog\/preenchimento-nariz-e-queixo-em-busca-da-harmonia-na-face\/\"},\"wordCount\":390,\"commentCount\":0,\"publisher\":{\"@id\":\"https:\/\/www.dravivianloureiro.com.br\/blog\/#organization\"},\"keywords\":[\"cirurgia pl\u00e1stica\",\"dermatologia\",\"estrutura facial\",\"harmoniza\u00e7\u00e3o\",\"injet\u00e1veis\",\"nariz queixo\",\"preenchedores\",\"preenchimento\",\"volumiza\u00e7\u00e3o\"],\"articleSection\":[\"Preenchimento\",\"Rejuvenescimento\"],\"inLanguage\":\"pt-BR\",\"potentialAction\":[{\"@type\":\"CommentAction\",\"name\":\"Comment\",\"target\":[\"https:\/\/www.dravivianloureiro.com.br\/blog\/preenchimento-nariz-e-queixo-em-busca-da-harmonia-na-face\/#respond\"]}]},{\"@type\":\"WebPage\",\"@id\":\"https:\/\/www.dravivianloureiro.com.br\/blog\/preenchimento-nariz-e-queixo-em-busca-da-harmonia-na-face\/\",\"url\":\"https:\/\/www.dravivianloureiro.com.br\/blog\/preenchimento-nariz-e-queixo-em-busca-da-harmonia-na-face\/\",\"name\":\"Preenchimento Nariz e Quexo - Harmoniza\u00e7\u00e3o Utilizando Injet\u00e1veis\",\"isPartOf\":{\"@id\":\"https:\/\/www.dravivianloureiro.com.br\/blog\/#website\"},\"datePublished\":\"2017-11-20T00:06:08+00:00\",\"dateModified\":\"2017-11-20T00:06:08+00:00\",\"description\":\"Como o preenchimento com \u00e1cido hialur\u00f4nico no nariz e no queixo pode, muitas vezes, atuar em corre\u00e7\u00f5es que fazem toda diferen\u00e7a para a harmonia da face.\",\"breadcrumb\":{\"@id\":\"https:\/\/www.dravivianloureiro.com.br\/blog\/preenchimento-nariz-e-queixo-em-busca-da-harmonia-na-face\/#breadcrumb\"},\"inLanguage\":\"pt-BR\",\"potentialAction\":[{\"@type\":\"ReadAction\",\"target\":[\"https:\/\/www.dravivianloureiro.com.br\/blog\/preenchimento-nariz-e-queixo-em-busca-da-harmonia-na-face\/\"]}]},{\"@type\":\"BreadcrumbList\",\"@id\":\"https:\/\/www.dravivianloureiro.com.br\/blog\/preenchimento-nariz-e-queixo-em-busca-da-harmonia-na-face\/#breadcrumb\",\"itemListElement\":[{\"@type\":\"ListItem\",\"position\":1,\"name\":\"In\u00edcio\",\"item\":\"https:\/\/www.dravivianloureiro.com.br\/blog\/\"},{\"@type\":\"ListItem\",\"position\":2,\"name\":\"Preenchimento Nariz e Queixo em busca da harmonia na face\"}]},{\"@type\":\"WebSite\",\"@id\":\"https:\/\/www.dravivianloureiro.com.br\/blog\/#website\",\"url\":\"https:\/\/www.dravivianloureiro.com.br\/blog\/\",\"name\":\"Dermatologista Vivian Loureiro\",\"description\":\"\",\"publisher\":{\"@id\":\"https:\/\/www.dravivianloureiro.com.br\/blog\/#organization\"},\"potentialAction\":[{\"@type\":\"SearchAction\",\"target\":{\"@type\":\"EntryPoint\",\"urlTemplate\":\"https:\/\/www.dravivianloureiro.com.br\/blog\/?s={search_term_string}\"},\"query-input\":\"required name=search_term_string\"}],\"inLanguage\":\"pt-BR\"},{\"@type\":\"Organization\",\"@id\":\"https:\/\/www.dravivianloureiro.com.br\/blog\/#organization\",\"name\":\"Dra. Vivian Loureiro - Dermatologista Em S\u00e3o Paulo\",\"url\":\"https:\/\/www.dravivianloureiro.com.br\/blog\/\",\"logo\":{\"@type\":\"ImageObject\",\"inLanguage\":\"pt-BR\",\"@id\":\"https:\/\/www.dravivianloureiro.com.br\/blog\/#\/schema\/logo\/image\/\",\"url\":\"https:\/\/www.dravivianloureiro.com.br\/blog\/wp-content\/uploads\/2018\/08\/favicon.jpg\",\"contentUrl\":\"https:\/\/www.dravivianloureiro.com.br\/blog\/wp-content\/uploads\/2018\/08\/favicon.jpg\",\"width\":112,\"height\":112,\"caption\":\"Dra. Vivian Loureiro - Dermatologista Em S\u00e3o Paulo\"},\"image\":{\"@id\":\"https:\/\/www.dravivianloureiro.com.br\/blog\/#\/schema\/logo\/image\/\"},\"sameAs\":[\"https:\/\/pt-br.facebook.com\/vivianloureirodermatologia\/\",\"https:\/\/www.instagram.com\/vivianloureirodermatologia\/\",\"https:\/\/www.linkedin.com\/in\/vivian-barzi-loureiro-a6412887\/\"]},{\"@type\":\"Person\",\"@id\":\"https:\/\/www.dravivianloureiro.com.br\/blog\/#\/schema\/person\/f6272c0e48dae4364ef626c598c5cb84\",\"name\":\"Vivian Loureiro\",\"image\":{\"@type\":\"ImageObject\",\"inLanguage\":\"pt-BR\",\"@id\":\"https:\/\/www.dravivianloureiro.com.br\/blog\/#\/schema\/person\/image\/\",\"url\":\"https:\/\/secure.gravatar.com\/avatar\/8ee2b0fae98657240c77e822ae139ad3?s=96&d=wp_user_avatar&r=g\",\"contentUrl\":\"https:\/\/secure.gravatar.com\/avatar\/8ee2b0fae98657240c77e822ae139ad3?s=96&d=wp_user_avatar&r=g\",\"caption\":\"Vivian Loureiro\"},\"description\":\"M\u00e9dica formada pela Universidade de S\u00e3o Paulo (USP). Realizou resid\u00eancia m\u00e9dica em Dermatologia e complementa\u00e7\u00e3o em Cosmiatria e Laser pelo departamento de Dermatologia do Hospital das Cl\u00ednicas da Faculdade de Medicina da Universidade de S\u00e3o Paulo (USP). Possui t\u00edtulo de especialista em Dermatologia. \u00c9 membro da Sociedade Brasileira de Dermatologia (SBD) e Sociedade Brasileira de Cirurgia Dermatol\u00f3gica (SBCD) e m\u00e9dica do grupo Fleury. Atua nas \u00e1reas de Dermatologia Cl\u00ednica, Cir\u00fargica, Pedi\u00e1trica e Est\u00e9tica. Frequenta e palestra nos principais cursos e congressos de dermatologia, nacionais e internacionais, a fim de se manter em constante atualiza\u00e7\u00e3o.\",\"sameAs\":[\"https:\/\/www.dravivianloureiro.com.br\/\",\"https:\/\/pt-br.facebook.com\/vivianloureirodermatologia\/\",\"https:\/\/www.instagram.com\/vivianloureirodermatologia\/\",\"https:\/\/www.linkedin.com\/in\/vivian-barzi-loureiro-a6412887\/\"]}]}<\/script>\n<!-- \/ Yoast SEO plugin. -->","yoast_head_json":{"title":"Preenchimento Nariz e Quexo - Harmoniza\u00e7\u00e3o Utilizando Injet\u00e1veis","description":"Como o preenchimento com \u00e1cido hialur\u00f4nico no nariz e no queixo pode, muitas vezes, atuar em corre\u00e7\u00f5es que fazem toda diferen\u00e7a para a harmonia da face.","robots":{"index":"index","follow":"follow","max-snippet":"max-snippet:-1","max-image-preview":"max-image-preview:large","max-video-preview":"max-video-preview:-1"},"canonical":"https:\/\/www.dravivianloureiro.com.br\/blog\/preenchimento-nariz-e-queixo-em-busca-da-harmonia-na-face\/","og_locale":"pt_BR","og_type":"article","og_title":"Preenchimento Nariz e Quexo - Harmoniza\u00e7\u00e3o Utilizando Injet\u00e1veis","og_description":"Como o preenchimento com \u00e1cido hialur\u00f4nico no nariz e no queixo pode, muitas vezes, atuar em corre\u00e7\u00f5es que fazem toda diferen\u00e7a para a harmonia da face.","og_url":"https:\/\/www.dravivianloureiro.com.br\/blog\/preenchimento-nariz-e-queixo-em-busca-da-harmonia-na-face\/","og_site_name":"Dra. Vivian Loureiro","article_publisher":"https:\/\/pt-br.facebook.com\/vivianloureirodermatologia\/","article_author":"https:\/\/pt-br.facebook.com\/vivianloureirodermatologia\/","article_published_time":"2017-11-20T00:06:08+00:00","author":"Vivian Loureiro","twitter_card":"summary_large_image","twitter_misc":{"Escrito por":"Vivian Loureiro","Est. tempo de leitura":"2 minutos"},"schema":{"@context":"https:\/\/schema.org","@graph":[{"@type":"Article","@id":"https:\/\/www.dravivianloureiro.com.br\/blog\/preenchimento-nariz-e-queixo-em-busca-da-harmonia-na-face\/#article","isPartOf":{"@id":"https:\/\/www.dravivianloureiro.com.br\/blog\/preenchimento-nariz-e-queixo-em-busca-da-harmonia-na-face\/"},"author":{"name":"Vivian Loureiro","@id":"https:\/\/www.dravivianloureiro.com.br\/blog\/#\/schema\/person\/f6272c0e48dae4364ef626c598c5cb84"},"headline":"Preenchimento Nariz e Queixo em busca da harmonia na face","datePublished":"2017-11-20T00:06:08+00:00","dateModified":"2017-11-20T00:06:08+00:00","mainEntityOfPage":{"@id":"https:\/\/www.dravivianloureiro.com.br\/blog\/preenchimento-nariz-e-queixo-em-busca-da-harmonia-na-face\/"},"wordCount":390,"commentCount":0,"publisher":{"@id":"https:\/\/www.dravivianloureiro.com.br\/blog\/#organization"},"keywords":["cirurgia pl\u00e1stica","dermatologia","estrutura facial","harmoniza\u00e7\u00e3o","injet\u00e1veis","nariz queixo","preenchedores","preenchimento","volumiza\u00e7\u00e3o"],"articleSection":["Preenchimento","Rejuvenescimento"],"inLanguage":"pt-BR","potentialAction":[{"@type":"CommentAction","name":"Comment","target":["https:\/\/www.dravivianloureiro.com.br\/blog\/preenchimento-nariz-e-queixo-em-busca-da-harmonia-na-face\/#respond"]}]},{"@type":"WebPage","@id":"https:\/\/www.dravivianloureiro.com.br\/blog\/preenchimento-nariz-e-queixo-em-busca-da-harmonia-na-face\/","url":"https:\/\/www.dravivianloureiro.com.br\/blog\/preenchimento-nariz-e-queixo-em-busca-da-harmonia-na-face\/","name":"Preenchimento Nariz e Quexo - Harmoniza\u00e7\u00e3o Utilizando Injet\u00e1veis","isPartOf":{"@id":"https:\/\/www.dravivianloureiro.com.br\/blog\/#website"},"datePublished":"2017-11-20T00:06:08+00:00","dateModified":"2017-11-20T00:06:08+00:00","description":"Como o preenchimento com \u00e1cido hialur\u00f4nico no nariz e no queixo pode, muitas vezes, atuar em corre\u00e7\u00f5es que fazem toda diferen\u00e7a para a harmonia da face.","breadcrumb":{"@id":"https:\/\/www.dravivianloureiro.com.br\/blog\/preenchimento-nariz-e-queixo-em-busca-da-harmonia-na-face\/#breadcrumb"},"inLanguage":"pt-BR","potentialAction":[{"@type":"ReadAction","target":["https:\/\/www.dravivianloureiro.com.br\/blog\/preenchimento-nariz-e-queixo-em-busca-da-harmonia-na-face\/"]}]},{"@type":"BreadcrumbList","@id":"https:\/\/www.dravivianloureiro.com.br\/blog\/preenchimento-nariz-e-queixo-em-busca-da-harmonia-na-face\/#breadcrumb","itemListElement":[{"@type":"ListItem","position":1,"name":"In\u00edcio","item":"https:\/\/www.dravivianloureiro.com.br\/blog\/"},{"@type":"ListItem","position":2,"name":"Preenchimento Nariz e Queixo em busca da harmonia na face"}]},{"@type":"WebSite","@id":"https:\/\/www.dravivianloureiro.com.br\/blog\/#website","url":"https:\/\/www.dravivianloureiro.com.br\/blog\/","name":"Dermatologista Vivian Loureiro","description":"","publisher":{"@id":"https:\/\/www.dravivianloureiro.com.br\/blog\/#organization"},"potentialAction":[{"@type":"SearchAction","target":{"@type":"EntryPoint","urlTemplate":"https:\/\/www.dravivianloureiro.com.br\/blog\/?s={search_term_string}"},"query-input":"required name=search_term_string"}],"inLanguage":"pt-BR"},{"@type":"Organization","@id":"https:\/\/www.dravivianloureiro.com.br\/blog\/#organization","name":"Dra. Vivian Loureiro - Dermatologista Em S\u00e3o Paulo","url":"https:\/\/www.dravivianloureiro.com.br\/blog\/","logo":{"@type":"ImageObject","inLanguage":"pt-BR","@id":"https:\/\/www.dravivianloureiro.com.br\/blog\/#\/schema\/logo\/image\/","url":"https:\/\/www.dravivianloureiro.com.br\/blog\/wp-content\/uploads\/2018\/08\/favicon.jpg","contentUrl":"https:\/\/www.dravivianloureiro.com.br\/blog\/wp-content\/uploads\/2018\/08\/favicon.jpg","width":112,"height":112,"caption":"Dra. Vivian Loureiro - Dermatologista Em S\u00e3o Paulo"},"image":{"@id":"https:\/\/www.dravivianloureiro.com.br\/blog\/#\/schema\/logo\/image\/"},"sameAs":["https:\/\/pt-br.facebook.com\/vivianloureirodermatologia\/","https:\/\/www.instagram.com\/vivianloureirodermatologia\/","https:\/\/www.linkedin.com\/in\/vivian-barzi-loureiro-a6412887\/"]},{"@type":"Person","@id":"https:\/\/www.dravivianloureiro.com.br\/blog\/#\/schema\/person\/f6272c0e48dae4364ef626c598c5cb84","name":"Vivian Loureiro","image":{"@type":"ImageObject","inLanguage":"pt-BR","@id":"https:\/\/www.dravivianloureiro.com.br\/blog\/#\/schema\/person\/image\/","url":"https:\/\/secure.gravatar.com\/avatar\/8ee2b0fae98657240c77e822ae139ad3?s=96&d=wp_user_avatar&r=g","contentUrl":"https:\/\/secure.gravatar.com\/avatar\/8ee2b0fae98657240c77e822ae139ad3?s=96&d=wp_user_avatar&r=g","caption":"Vivian Loureiro"},"description":"M\u00e9dica formada pela Universidade de S\u00e3o Paulo (USP). Realizou resid\u00eancia m\u00e9dica em Dermatologia e complementa\u00e7\u00e3o em Cosmiatria e Laser pelo departamento de Dermatologia do Hospital das Cl\u00ednicas da Faculdade de Medicina da Universidade de S\u00e3o Paulo (USP). Possui t\u00edtulo de especialista em Dermatologia. \u00c9 membro da Sociedade Brasileira de Dermatologia (SBD) e Sociedade Brasileira de Cirurgia Dermatol\u00f3gica (SBCD) e m\u00e9dica do grupo Fleury. Atua nas \u00e1reas de Dermatologia Cl\u00ednica, Cir\u00fargica, Pedi\u00e1trica e Est\u00e9tica. Frequenta e palestra nos principais cursos e congressos de dermatologia, nacionais e internacionais, a fim de se manter em constante atualiza\u00e7\u00e3o.","sameAs":["https:\/\/www.dravivianloureiro.com.br\/","https:\/\/pt-br.facebook.com\/vivianloureirodermatologia\/","https:\/\/www.instagram.com\/vivianloureirodermatologia\/","https:\/\/www.linkedin.com\/in\/vivian-barzi-loureiro-a6412887\/"]}]}},"amp_enabled":true,"_links":{"self":[{"href":"https:\/\/www.dravivianloureiro.com.br\/blog\/wp-json\/wp\/v2\/posts\/3290"}],"collection":[{"href":"https:\/\/www.dravivianloureiro.com.br\/blog\/wp-json\/wp\/v2\/posts"}],"about":[{"href":"https:\/\/www.dravivianloureiro.com.br\/blog\/wp-json\/wp\/v2\/types\/post"}],"author":[{"embeddable":true,"href":"https:\/\/www.dravivianloureiro.com.br\/blog\/wp-json\/wp\/v2\/users\/1"}],"replies":[{"embeddable":true,"href":"https:\/\/www.dravivianloureiro.com.br\/blog\/wp-json\/wp\/v2\/comments?post=3290"}],"version-history":[{"count":0,"href":"https:\/\/www.dravivianloureiro.com.br\/blog\/wp-json\/wp\/v2\/posts\/3290\/revisions"}],"wp:featuredmedia":[{"embeddable":true,"href":"https:\/\/www.dravivianloureiro.com.br\/blog\/wp-json\/"}],"wp:attachment":[{"href":"https:\/\/www.dravivianloureiro.com.br\/blog\/wp-json\/wp\/v2\/media?parent=3290"}],"wp:term":[{"taxonomy":"category","embeddable":true,"href":"https:\/\/www.dravivianloureiro.com.br\/blog\/wp-json\/wp\/v2\/categories?post=3290"},{"taxonomy":"post_tag","embeddable":true,"href":"https:\/\/www.dravivianloureiro.com.br\/blog\/wp-json\/wp\/v2\/tags?post=3290"}],"curies":[{"name":"wp","href":"https:\/\/api.w.org\/{rel}","templated":true}]}}