{"id":3201,"date":"2017-02-27T15:42:56","date_gmt":"2017-02-27T18:42:56","guid":{"rendered":"https:\/\/gabrielacasabona.com.br\/?p=3201"},"modified":"2017-02-27T15:42:56","modified_gmt":"2017-02-27T18:42:56","slug":"ultrassom-microfocado-e-preenchimento-conheca-essa-incrivel-combinacao","status":"publish","type":"post","link":"https:\/\/www.dravivianloureiro.com.br\/blog\/ultrassom-microfocado-e-preenchimento-conheca-essa-incrivel-combinacao\/","title":{"rendered":"Ultrassom Microfocado e Preenchimento &#8211; Conhe\u00e7a Essa Incr\u00edvel Combina\u00e7\u00e3o"},"content":{"rendered":"<p class=\"estimated-read-time\">Tempo de leitura:<small> 1 minuto<\/small><\/p> <p><strong>Se voc\u00ea j\u00e1 leu algo por aqui, sabe que adoro expor novidades em procedimentos combinados, j\u00e1 falei <a href=\"https:\/\/gabrielacasabona.com.br\/ultrassom-microfocado-e-suas-diversas-combinacoes-fantasticas\/\">em outro post<\/a>\u00a0as incr\u00edveis combina\u00e7\u00f5es que podem ser feitas com o <a href=\"https:\/\/gabrielacasabona.com.br\/?s=ultrassom+microfocado\" target=\"_blank\" rel=\"noopener\">Ultrassom Microfocado<\/a>, venho agora trazer mais uma t\u00e9cnica combinada que proporciona excelentes resultados.<\/strong><\/p>\n<h3>Complementando o Ultrassom Microfocado<\/h3>\n<p>A combina\u00e7\u00e3o entre <strong>Ulthera e Preenchimento\u00a0com hidroxylapatita de c\u00e1lcios ( bioestimulador )<\/strong> tem como principal objetivo melhorar ainda mais o efeito lifting proporcionado pelo Ultrassom Microfocado. Na pr\u00e1tica, enquanto o Ultrassom Microfocado melhora a sustenta\u00e7\u00e3o fazendo um resurfacing dos tecidos pele profunda e abaixo da pele, o bioestimulador deixa a regi\u00e3o mais firme, em sinergia por um segundo mecanismo, aumentando o n\u00famero de fibras de colagens e elastina, otimizando o efeito visual do tratamento.<\/p>\n<h3>Em quais situa\u00e7\u00f5es a combina\u00e7\u00e3o \u00e9 indicada?<\/h3>\n<p>O preenchimento com bioestimulador atua como complemento \u00e0s sess\u00f5es de Ulthera, sendo indicado quando a regi\u00e3o da sess\u00e3o apresenta grau moderado a severo de imperfei\u00e7\u00f5es ( rugas ou flacidez ) , aqui o preenchimento \u00e9 feito no intuito de fazer uma sinergia e potencializar a forma\u00e7\u00e3o de colagens e elastina e trazer em uma sess\u00e3o uma melhoria consider\u00e1vel do aspecto da pele.<\/p>\n<h3>Em qual regi\u00e3o a combina\u00e7\u00e3o pode ser feita?<\/h3>\n<p>A combina\u00e7\u00e3o pode ser feita em todas as regi\u00f5es em que temos protocolos de aplica\u00e7\u00e3o do Ultrasssom Microfocado, as regi\u00f5es s\u00e3o: Face, Pesco\u00e7o, Colo, Gl\u00fateos, Bra\u00e7os, Abdome.<\/p>\n<p>A associa\u00e7\u00e3o com outros tratamentos deve ser avaliada caso a caso, pois dependendo da situa\u00e7\u00e3o pode ser indicado outro procedimento ou combina\u00e7\u00e3o.<\/p>\n<p>Espero que tenha gostado da novidade, comente com suas d\u00favidas\u00a0aqui no post, compartilhe a novidade nas redes sociais. \ud83d\ude42<\/p>\n","protected":false},"excerpt":{"rendered":"<p><small> 1 minuto<\/small> Se voc\u00ea j\u00e1 leu algo por aqui, sabe que adoro expor novidades em procedimentos combinados, j\u00e1 falei em outro post\u00a0as incr\u00edveis combina\u00e7\u00f5es que podem ser feitas com o Ultrassom Microfocado, venho agora trazer mais uma t\u00e9cnica combinada que proporciona excelentes resultados. Complementando o Ultrassom Microfocado A combina\u00e7\u00e3o entre Ulthera e Preenchimento\u00a0com hidroxylapatita de c\u00e1lcios ( bioestimulador ) tem como principal objetivo melhorar ainda mais o efeito lifting proporcionado pelo Ultrassom Microfocado. Na pr\u00e1tica, enquanto o Ultrassom Microfocado melhora a sustenta\u00e7\u00e3o fazendo um <a href=\"https:\/\/www.dravivianloureiro.com.br\/blog\/ultrassom-microfocado-e-preenchimento-conheca-essa-incrivel-combinacao\/\" class=\"more-link\"><span>Continue lendo<\/span>\u2192<\/a><\/p>\n","protected":false},"author":1,"featured_media":3458,"comment_status":"open","ping_status":"open","sticky":false,"template":"","format":"standard","meta":[],"categories":[584,566],"tags":[119,585,421,586,348],"yoast_head":"<!-- This site is optimized with the Yoast SEO plugin v20.6 - https:\/\/yoast.com\/wordpress\/plugins\/seo\/ -->\n<title>Ultrassom Microfocado e Preenchimento - Conhe\u00e7a a Combina\u00e7\u00e3o<\/title>\n<meta name=\"description\" content=\"Saiba mais sobre a combina\u00e7\u00e3o de Ultrassom Microfocado e Preenchimento, entenda como a combina\u00e7\u00e3o pode melhorar os resultados do Ultrassom Microfocado.\" \/>\n<meta name=\"robots\" content=\"index, follow, max-snippet:-1, max-image-preview:large, max-video-preview:-1\" \/>\n<link rel=\"canonical\" href=\"https:\/\/www.dravivianloureiro.com.br\/blog\/ultrassom-microfocado-e-preenchimento-conheca-essa-incrivel-combinacao\/\" \/>\n<meta property=\"og:locale\" content=\"pt_BR\" \/>\n<meta property=\"og:type\" content=\"article\" \/>\n<meta property=\"og:title\" content=\"Ultrassom Microfocado e Preenchimento - Conhe\u00e7a a Combina\u00e7\u00e3o\" \/>\n<meta property=\"og:description\" content=\"Saiba mais sobre a combina\u00e7\u00e3o de Ultrassom Microfocado e Preenchimento, entenda como a combina\u00e7\u00e3o pode melhorar os resultados do Ultrassom Microfocado.\" \/>\n<meta property=\"og:url\" content=\"https:\/\/www.dravivianloureiro.com.br\/blog\/ultrassom-microfocado-e-preenchimento-conheca-essa-incrivel-combinacao\/\" \/>\n<meta property=\"og:site_name\" content=\"Dra. Vivian Loureiro\" \/>\n<meta property=\"article:publisher\" content=\"https:\/\/pt-br.facebook.com\/vivianloureirodermatologia\/\" \/>\n<meta property=\"article:author\" content=\"https:\/\/pt-br.facebook.com\/vivianloureirodermatologia\/\" \/>\n<meta property=\"article:published_time\" content=\"2017-02-27T18:42:56+00:00\" \/>\n<meta name=\"author\" content=\"Vivian Loureiro\" \/>\n<meta name=\"twitter:card\" content=\"summary_large_image\" \/>\n<meta name=\"twitter:label1\" content=\"Escrito por\" \/>\n\t<meta name=\"twitter:data1\" content=\"Vivian Loureiro\" \/>\n\t<meta name=\"twitter:label2\" content=\"Est. tempo de leitura\" \/>\n\t<meta name=\"twitter:data2\" content=\"1 minuto\" \/>\n<script type=\"application\/ld+json\" class=\"yoast-schema-graph\">{\"@context\":\"https:\/\/schema.org\",\"@graph\":[{\"@type\":\"Article\",\"@id\":\"https:\/\/www.dravivianloureiro.com.br\/blog\/ultrassom-microfocado-e-preenchimento-conheca-essa-incrivel-combinacao\/#article\",\"isPartOf\":{\"@id\":\"https:\/\/www.dravivianloureiro.com.br\/blog\/ultrassom-microfocado-e-preenchimento-conheca-essa-incrivel-combinacao\/\"},\"author\":{\"name\":\"Vivian Loureiro\",\"@id\":\"https:\/\/www.dravivianloureiro.com.br\/blog\/#\/schema\/person\/f6272c0e48dae4364ef626c598c5cb84\"},\"headline\":\"Ultrassom Microfocado e Preenchimento &#8211; Conhe\u00e7a Essa Incr\u00edvel Combina\u00e7\u00e3o\",\"datePublished\":\"2017-02-27T18:42:56+00:00\",\"dateModified\":\"2017-02-27T18:42:56+00:00\",\"mainEntityOfPage\":{\"@id\":\"https:\/\/www.dravivianloureiro.com.br\/blog\/ultrassom-microfocado-e-preenchimento-conheca-essa-incrivel-combinacao\/\"},\"wordCount\":303,\"commentCount\":0,\"publisher\":{\"@id\":\"https:\/\/www.dravivianloureiro.com.br\/blog\/#organization\"},\"keywords\":[\"preenchimento\",\"procedimentos combinados\",\"rejuvenescimento 3d\",\"tratamento de pele\",\"ultrassom microfocado\"],\"articleSection\":[\"Preenchimento\",\"Ultrassom Microfocado\"],\"inLanguage\":\"pt-BR\",\"potentialAction\":[{\"@type\":\"CommentAction\",\"name\":\"Comment\",\"target\":[\"https:\/\/www.dravivianloureiro.com.br\/blog\/ultrassom-microfocado-e-preenchimento-conheca-essa-incrivel-combinacao\/#respond\"]}]},{\"@type\":\"WebPage\",\"@id\":\"https:\/\/www.dravivianloureiro.com.br\/blog\/ultrassom-microfocado-e-preenchimento-conheca-essa-incrivel-combinacao\/\",\"url\":\"https:\/\/www.dravivianloureiro.com.br\/blog\/ultrassom-microfocado-e-preenchimento-conheca-essa-incrivel-combinacao\/\",\"name\":\"Ultrassom Microfocado e Preenchimento - Conhe\u00e7a a Combina\u00e7\u00e3o\",\"isPartOf\":{\"@id\":\"https:\/\/www.dravivianloureiro.com.br\/blog\/#website\"},\"datePublished\":\"2017-02-27T18:42:56+00:00\",\"dateModified\":\"2017-02-27T18:42:56+00:00\",\"description\":\"Saiba mais sobre a combina\u00e7\u00e3o de Ultrassom Microfocado e Preenchimento, entenda como a combina\u00e7\u00e3o pode melhorar os resultados do Ultrassom Microfocado.\",\"breadcrumb\":{\"@id\":\"https:\/\/www.dravivianloureiro.com.br\/blog\/ultrassom-microfocado-e-preenchimento-conheca-essa-incrivel-combinacao\/#breadcrumb\"},\"inLanguage\":\"pt-BR\",\"potentialAction\":[{\"@type\":\"ReadAction\",\"target\":[\"https:\/\/www.dravivianloureiro.com.br\/blog\/ultrassom-microfocado-e-preenchimento-conheca-essa-incrivel-combinacao\/\"]}]},{\"@type\":\"BreadcrumbList\",\"@id\":\"https:\/\/www.dravivianloureiro.com.br\/blog\/ultrassom-microfocado-e-preenchimento-conheca-essa-incrivel-combinacao\/#breadcrumb\",\"itemListElement\":[{\"@type\":\"ListItem\",\"position\":1,\"name\":\"In\u00edcio\",\"item\":\"https:\/\/www.dravivianloureiro.com.br\/blog\/\"},{\"@type\":\"ListItem\",\"position\":2,\"name\":\"Ultrassom Microfocado e Preenchimento &#8211; Conhe\u00e7a Essa Incr\u00edvel Combina\u00e7\u00e3o\"}]},{\"@type\":\"WebSite\",\"@id\":\"https:\/\/www.dravivianloureiro.com.br\/blog\/#website\",\"url\":\"https:\/\/www.dravivianloureiro.com.br\/blog\/\",\"name\":\"Dermatologista Vivian Loureiro\",\"description\":\"\",\"publisher\":{\"@id\":\"https:\/\/www.dravivianloureiro.com.br\/blog\/#organization\"},\"potentialAction\":[{\"@type\":\"SearchAction\",\"target\":{\"@type\":\"EntryPoint\",\"urlTemplate\":\"https:\/\/www.dravivianloureiro.com.br\/blog\/?s={search_term_string}\"},\"query-input\":\"required name=search_term_string\"}],\"inLanguage\":\"pt-BR\"},{\"@type\":\"Organization\",\"@id\":\"https:\/\/www.dravivianloureiro.com.br\/blog\/#organization\",\"name\":\"Dra. Vivian Loureiro - Dermatologista Em S\u00e3o Paulo\",\"url\":\"https:\/\/www.dravivianloureiro.com.br\/blog\/\",\"logo\":{\"@type\":\"ImageObject\",\"inLanguage\":\"pt-BR\",\"@id\":\"https:\/\/www.dravivianloureiro.com.br\/blog\/#\/schema\/logo\/image\/\",\"url\":\"https:\/\/www.dravivianloureiro.com.br\/blog\/wp-content\/uploads\/2018\/08\/favicon.jpg\",\"contentUrl\":\"https:\/\/www.dravivianloureiro.com.br\/blog\/wp-content\/uploads\/2018\/08\/favicon.jpg\",\"width\":112,\"height\":112,\"caption\":\"Dra. Vivian Loureiro - Dermatologista Em S\u00e3o Paulo\"},\"image\":{\"@id\":\"https:\/\/www.dravivianloureiro.com.br\/blog\/#\/schema\/logo\/image\/\"},\"sameAs\":[\"https:\/\/pt-br.facebook.com\/vivianloureirodermatologia\/\",\"https:\/\/www.instagram.com\/vivianloureirodermatologia\/\",\"https:\/\/www.linkedin.com\/in\/vivian-barzi-loureiro-a6412887\/\"]},{\"@type\":\"Person\",\"@id\":\"https:\/\/www.dravivianloureiro.com.br\/blog\/#\/schema\/person\/f6272c0e48dae4364ef626c598c5cb84\",\"name\":\"Vivian Loureiro\",\"image\":{\"@type\":\"ImageObject\",\"inLanguage\":\"pt-BR\",\"@id\":\"https:\/\/www.dravivianloureiro.com.br\/blog\/#\/schema\/person\/image\/\",\"url\":\"https:\/\/secure.gravatar.com\/avatar\/8ee2b0fae98657240c77e822ae139ad3?s=96&d=wp_user_avatar&r=g\",\"contentUrl\":\"https:\/\/secure.gravatar.com\/avatar\/8ee2b0fae98657240c77e822ae139ad3?s=96&d=wp_user_avatar&r=g\",\"caption\":\"Vivian Loureiro\"},\"description\":\"M\u00e9dica formada pela Universidade de S\u00e3o Paulo (USP). Realizou resid\u00eancia m\u00e9dica em Dermatologia e complementa\u00e7\u00e3o em Cosmiatria e Laser pelo departamento de Dermatologia do Hospital das Cl\u00ednicas da Faculdade de Medicina da Universidade de S\u00e3o Paulo (USP). Possui t\u00edtulo de especialista em Dermatologia. \u00c9 membro da Sociedade Brasileira de Dermatologia (SBD) e Sociedade Brasileira de Cirurgia Dermatol\u00f3gica (SBCD) e m\u00e9dica do grupo Fleury. Atua nas \u00e1reas de Dermatologia Cl\u00ednica, Cir\u00fargica, Pedi\u00e1trica e Est\u00e9tica. Frequenta e palestra nos principais cursos e congressos de dermatologia, nacionais e internacionais, a fim de se manter em constante atualiza\u00e7\u00e3o.\",\"sameAs\":[\"https:\/\/www.dravivianloureiro.com.br\/\",\"https:\/\/pt-br.facebook.com\/vivianloureirodermatologia\/\",\"https:\/\/www.instagram.com\/vivianloureirodermatologia\/\",\"https:\/\/www.linkedin.com\/in\/vivian-barzi-loureiro-a6412887\/\"]}]}<\/script>\n<!-- \/ Yoast SEO plugin. -->","yoast_head_json":{"title":"Ultrassom Microfocado e Preenchimento - Conhe\u00e7a a Combina\u00e7\u00e3o","description":"Saiba mais sobre a combina\u00e7\u00e3o de Ultrassom Microfocado e Preenchimento, entenda como a combina\u00e7\u00e3o pode melhorar os resultados do Ultrassom Microfocado.","robots":{"index":"index","follow":"follow","max-snippet":"max-snippet:-1","max-image-preview":"max-image-preview:large","max-video-preview":"max-video-preview:-1"},"canonical":"https:\/\/www.dravivianloureiro.com.br\/blog\/ultrassom-microfocado-e-preenchimento-conheca-essa-incrivel-combinacao\/","og_locale":"pt_BR","og_type":"article","og_title":"Ultrassom Microfocado e Preenchimento - Conhe\u00e7a a Combina\u00e7\u00e3o","og_description":"Saiba mais sobre a combina\u00e7\u00e3o de Ultrassom Microfocado e Preenchimento, entenda como a combina\u00e7\u00e3o pode melhorar os resultados do Ultrassom Microfocado.","og_url":"https:\/\/www.dravivianloureiro.com.br\/blog\/ultrassom-microfocado-e-preenchimento-conheca-essa-incrivel-combinacao\/","og_site_name":"Dra. Vivian Loureiro","article_publisher":"https:\/\/pt-br.facebook.com\/vivianloureirodermatologia\/","article_author":"https:\/\/pt-br.facebook.com\/vivianloureirodermatologia\/","article_published_time":"2017-02-27T18:42:56+00:00","author":"Vivian Loureiro","twitter_card":"summary_large_image","twitter_misc":{"Escrito por":"Vivian Loureiro","Est. tempo de leitura":"1 minuto"},"schema":{"@context":"https:\/\/schema.org","@graph":[{"@type":"Article","@id":"https:\/\/www.dravivianloureiro.com.br\/blog\/ultrassom-microfocado-e-preenchimento-conheca-essa-incrivel-combinacao\/#article","isPartOf":{"@id":"https:\/\/www.dravivianloureiro.com.br\/blog\/ultrassom-microfocado-e-preenchimento-conheca-essa-incrivel-combinacao\/"},"author":{"name":"Vivian Loureiro","@id":"https:\/\/www.dravivianloureiro.com.br\/blog\/#\/schema\/person\/f6272c0e48dae4364ef626c598c5cb84"},"headline":"Ultrassom Microfocado e Preenchimento &#8211; Conhe\u00e7a Essa Incr\u00edvel Combina\u00e7\u00e3o","datePublished":"2017-02-27T18:42:56+00:00","dateModified":"2017-02-27T18:42:56+00:00","mainEntityOfPage":{"@id":"https:\/\/www.dravivianloureiro.com.br\/blog\/ultrassom-microfocado-e-preenchimento-conheca-essa-incrivel-combinacao\/"},"wordCount":303,"commentCount":0,"publisher":{"@id":"https:\/\/www.dravivianloureiro.com.br\/blog\/#organization"},"keywords":["preenchimento","procedimentos combinados","rejuvenescimento 3d","tratamento de pele","ultrassom microfocado"],"articleSection":["Preenchimento","Ultrassom Microfocado"],"inLanguage":"pt-BR","potentialAction":[{"@type":"CommentAction","name":"Comment","target":["https:\/\/www.dravivianloureiro.com.br\/blog\/ultrassom-microfocado-e-preenchimento-conheca-essa-incrivel-combinacao\/#respond"]}]},{"@type":"WebPage","@id":"https:\/\/www.dravivianloureiro.com.br\/blog\/ultrassom-microfocado-e-preenchimento-conheca-essa-incrivel-combinacao\/","url":"https:\/\/www.dravivianloureiro.com.br\/blog\/ultrassom-microfocado-e-preenchimento-conheca-essa-incrivel-combinacao\/","name":"Ultrassom Microfocado e Preenchimento - Conhe\u00e7a a Combina\u00e7\u00e3o","isPartOf":{"@id":"https:\/\/www.dravivianloureiro.com.br\/blog\/#website"},"datePublished":"2017-02-27T18:42:56+00:00","dateModified":"2017-02-27T18:42:56+00:00","description":"Saiba mais sobre a combina\u00e7\u00e3o de Ultrassom Microfocado e Preenchimento, entenda como a combina\u00e7\u00e3o pode melhorar os resultados do Ultrassom Microfocado.","breadcrumb":{"@id":"https:\/\/www.dravivianloureiro.com.br\/blog\/ultrassom-microfocado-e-preenchimento-conheca-essa-incrivel-combinacao\/#breadcrumb"},"inLanguage":"pt-BR","potentialAction":[{"@type":"ReadAction","target":["https:\/\/www.dravivianloureiro.com.br\/blog\/ultrassom-microfocado-e-preenchimento-conheca-essa-incrivel-combinacao\/"]}]},{"@type":"BreadcrumbList","@id":"https:\/\/www.dravivianloureiro.com.br\/blog\/ultrassom-microfocado-e-preenchimento-conheca-essa-incrivel-combinacao\/#breadcrumb","itemListElement":[{"@type":"ListItem","position":1,"name":"In\u00edcio","item":"https:\/\/www.dravivianloureiro.com.br\/blog\/"},{"@type":"ListItem","position":2,"name":"Ultrassom Microfocado e Preenchimento &#8211; Conhe\u00e7a Essa Incr\u00edvel Combina\u00e7\u00e3o"}]},{"@type":"WebSite","@id":"https:\/\/www.dravivianloureiro.com.br\/blog\/#website","url":"https:\/\/www.dravivianloureiro.com.br\/blog\/","name":"Dermatologista Vivian Loureiro","description":"","publisher":{"@id":"https:\/\/www.dravivianloureiro.com.br\/blog\/#organization"},"potentialAction":[{"@type":"SearchAction","target":{"@type":"EntryPoint","urlTemplate":"https:\/\/www.dravivianloureiro.com.br\/blog\/?s={search_term_string}"},"query-input":"required name=search_term_string"}],"inLanguage":"pt-BR"},{"@type":"Organization","@id":"https:\/\/www.dravivianloureiro.com.br\/blog\/#organization","name":"Dra. Vivian Loureiro - Dermatologista Em S\u00e3o Paulo","url":"https:\/\/www.dravivianloureiro.com.br\/blog\/","logo":{"@type":"ImageObject","inLanguage":"pt-BR","@id":"https:\/\/www.dravivianloureiro.com.br\/blog\/#\/schema\/logo\/image\/","url":"https:\/\/www.dravivianloureiro.com.br\/blog\/wp-content\/uploads\/2018\/08\/favicon.jpg","contentUrl":"https:\/\/www.dravivianloureiro.com.br\/blog\/wp-content\/uploads\/2018\/08\/favicon.jpg","width":112,"height":112,"caption":"Dra. Vivian Loureiro - Dermatologista Em S\u00e3o Paulo"},"image":{"@id":"https:\/\/www.dravivianloureiro.com.br\/blog\/#\/schema\/logo\/image\/"},"sameAs":["https:\/\/pt-br.facebook.com\/vivianloureirodermatologia\/","https:\/\/www.instagram.com\/vivianloureirodermatologia\/","https:\/\/www.linkedin.com\/in\/vivian-barzi-loureiro-a6412887\/"]},{"@type":"Person","@id":"https:\/\/www.dravivianloureiro.com.br\/blog\/#\/schema\/person\/f6272c0e48dae4364ef626c598c5cb84","name":"Vivian Loureiro","image":{"@type":"ImageObject","inLanguage":"pt-BR","@id":"https:\/\/www.dravivianloureiro.com.br\/blog\/#\/schema\/person\/image\/","url":"https:\/\/secure.gravatar.com\/avatar\/8ee2b0fae98657240c77e822ae139ad3?s=96&d=wp_user_avatar&r=g","contentUrl":"https:\/\/secure.gravatar.com\/avatar\/8ee2b0fae98657240c77e822ae139ad3?s=96&d=wp_user_avatar&r=g","caption":"Vivian Loureiro"},"description":"M\u00e9dica formada pela Universidade de S\u00e3o Paulo (USP). Realizou resid\u00eancia m\u00e9dica em Dermatologia e complementa\u00e7\u00e3o em Cosmiatria e Laser pelo departamento de Dermatologia do Hospital das Cl\u00ednicas da Faculdade de Medicina da Universidade de S\u00e3o Paulo (USP). Possui t\u00edtulo de especialista em Dermatologia. \u00c9 membro da Sociedade Brasileira de Dermatologia (SBD) e Sociedade Brasileira de Cirurgia Dermatol\u00f3gica (SBCD) e m\u00e9dica do grupo Fleury. Atua nas \u00e1reas de Dermatologia Cl\u00ednica, Cir\u00fargica, Pedi\u00e1trica e Est\u00e9tica. Frequenta e palestra nos principais cursos e congressos de dermatologia, nacionais e internacionais, a fim de se manter em constante atualiza\u00e7\u00e3o.","sameAs":["https:\/\/www.dravivianloureiro.com.br\/","https:\/\/pt-br.facebook.com\/vivianloureirodermatologia\/","https:\/\/www.instagram.com\/vivianloureirodermatologia\/","https:\/\/www.linkedin.com\/in\/vivian-barzi-loureiro-a6412887\/"]}]}},"amp_enabled":true,"_links":{"self":[{"href":"https:\/\/www.dravivianloureiro.com.br\/blog\/wp-json\/wp\/v2\/posts\/3201"}],"collection":[{"href":"https:\/\/www.dravivianloureiro.com.br\/blog\/wp-json\/wp\/v2\/posts"}],"about":[{"href":"https:\/\/www.dravivianloureiro.com.br\/blog\/wp-json\/wp\/v2\/types\/post"}],"author":[{"embeddable":true,"href":"https:\/\/www.dravivianloureiro.com.br\/blog\/wp-json\/wp\/v2\/users\/1"}],"replies":[{"embeddable":true,"href":"https:\/\/www.dravivianloureiro.com.br\/blog\/wp-json\/wp\/v2\/comments?post=3201"}],"version-history":[{"count":0,"href":"https:\/\/www.dravivianloureiro.com.br\/blog\/wp-json\/wp\/v2\/posts\/3201\/revisions"}],"wp:featuredmedia":[{"embeddable":true,"href":"https:\/\/www.dravivianloureiro.com.br\/blog\/wp-json\/"}],"wp:attachment":[{"href":"https:\/\/www.dravivianloureiro.com.br\/blog\/wp-json\/wp\/v2\/media?parent=3201"}],"wp:term":[{"taxonomy":"category","embeddable":true,"href":"https:\/\/www.dravivianloureiro.com.br\/blog\/wp-json\/wp\/v2\/categories?post=3201"},{"taxonomy":"post_tag","embeddable":true,"href":"https:\/\/www.dravivianloureiro.com.br\/blog\/wp-json\/wp\/v2\/tags?post=3201"}],"curies":[{"name":"wp","href":"https:\/\/api.w.org\/{rel}","templated":true}]}}