{"id":3153,"date":"2017-01-26T14:58:41","date_gmt":"2017-01-26T17:58:41","guid":{"rendered":"https:\/\/gabrielacasabona.com.br\/?p=3153"},"modified":"2017-01-26T14:58:41","modified_gmt":"2017-01-26T17:58:41","slug":"tratamentos-para-o-carnaval-ainda-da-tempo","status":"publish","type":"post","link":"https:\/\/www.dravivianloureiro.com.br\/blog\/tratamentos-para-o-carnaval-ainda-da-tempo\/","title":{"rendered":"Tratamentos para o Carnaval \u2013 Ainda d\u00e1 tempo?"},"content":{"rendered":"<p class=\"estimated-read-time\">Tempo de leitura:<small> 1 minuto<\/small><\/p> <h2>Iniciamos 2017 e com ele iniciamos tamb\u00e9m novas metas, novos projetos e aquela sensa\u00e7\u00e3o de mudan\u00e7a no t\u00e9rmino do per\u00edodo de f\u00e9rias.<\/h2>\n<p>Com o clima de vida nova, pode tamb\u00e9m surgir algumas insatisfa\u00e7\u00f5es com o corpo ou rosto, e ainda temos o carnaval chegando e o restante do ver\u00e3o para curtir.<\/p>\n<p>Independente de seus planos para o carnaval, \u00e9 sempre bom chegar no feriado com a autoestima \u201cl\u00e1 em cima\u201d e se divertir sem ter medo de ser feliz!<\/p>\n<h3>A quest\u00e3o aqui \u00e9: Ainda d\u00e1 tempo de se cuidar?<\/h3>\n<p>Realizar procedimentos est\u00e9ticos com bons resultados ainda pro carnaval?? Sim! Dentro dessas 4 semanas que ainda temos at\u00e9 o carnaval \u00e9 poss\u00edvel cuidar do Rosto e do Corpo com procedimentos eficientes.<\/p>\n<p><strong>Nossa recomenda\u00e7\u00e3o para Redu\u00e7\u00e3o de Medidas e Modelagem Corporal:<\/strong><\/p>\n<ul>\n<li>Sess\u00f5es de Exilis (Radiofrequ\u00eancia) com massagem ativadora<\/li>\n<li>Sess\u00f5es de drenagem e massagem modeladora<\/li>\n<\/ul>\n<p><strong>A recomenda\u00e7\u00e3o para tratamentos faciais fica por conta dos procedimentos:<\/strong><\/p>\n<ul>\n<li>Sess\u00e3o de <a href=\"https:\/\/gabrielacasabona.com.br\/hydra-facial\/\">HydraFacial<\/a><\/li>\n<li>Limpeza de pele com peelings superficiais<\/li>\n<li>Hidrata\u00e7\u00e3o facial com m\u00e1scara de ouro<\/li>\n<\/ul>\n<p><strong>Para Flacidez e com protocolo facial e corporal ainda temos os benef\u00edcios do <a href=\"https:\/\/gabrielacasabona.com.br\/ultrassom-microfocado-e-suas-diversas-combinacoes-fantasticas\/\">Ultrassom Microfocado<\/a><\/strong><\/p>\n<p>Consulte-nos sobre disponibilidade de agenda e valores e curta o carnaval com a autoestima brilhando.<\/p>\n<p>J\u00falia Sant&#8217;Anna &#8211; Equipe Beauty Beyond Skin<\/p>\n","protected":false},"excerpt":{"rendered":"<p><small> 1 minuto<\/small> Iniciamos 2017 e com ele iniciamos tamb\u00e9m novas metas, novos projetos e aquela sensa\u00e7\u00e3o de mudan\u00e7a no t\u00e9rmino do per\u00edodo de f\u00e9rias. Com o clima de vida nova, pode tamb\u00e9m surgir algumas insatisfa\u00e7\u00f5es com o corpo ou rosto, e ainda temos o carnaval chegando e o restante do ver\u00e3o para curtir. Independente de seus planos para o carnaval, \u00e9 sempre bom chegar no feriado com a autoestima \u201cl\u00e1 em cima\u201d e se divertir sem ter medo de ser feliz! A quest\u00e3o aqui <a href=\"https:\/\/www.dravivianloureiro.com.br\/blog\/tratamentos-para-o-carnaval-ainda-da-tempo\/\" class=\"more-link\"><span>Continue lendo<\/span>\u2192<\/a><\/p>\n","protected":false},"author":1,"featured_media":3644,"comment_status":"open","ping_status":"open","sticky":false,"template":"","format":"standard","meta":[],"categories":[368,405,134],"tags":[580,581,492,442,582,583],"yoast_head":"<!-- This site is optimized with the Yoast SEO plugin v20.6 - https:\/\/yoast.com\/wordpress\/plugins\/seo\/ -->\n<title>Tratamentos para o Carnaval \u2013 Ainda d\u00e1 tempo? - Equipe BBS<\/title>\n<meta name=\"description\" content=\"\u00c9 sempre bom chegar no feriado com a autoestima \u201cl\u00e1 em cima\u201d e se divertir sem ter medo de ser feliz! A quest\u00e3o aqui \u00e9: Ainda d\u00e1 tempo de se cuidar? Sim! Gabriela Casabona Dermatologista Especialista em Tratamentos Est\u00e9ticos em S\u00e3o Paulo. Telefones: 11 3668-5910 ou 11 3661-9502\" \/>\n<meta name=\"robots\" content=\"index, follow, max-snippet:-1, max-image-preview:large, max-video-preview:-1\" \/>\n<link rel=\"canonical\" href=\"https:\/\/www.dravivianloureiro.com.br\/blog\/tratamentos-para-o-carnaval-ainda-da-tempo\/\" \/>\n<meta property=\"og:locale\" content=\"pt_BR\" \/>\n<meta property=\"og:type\" content=\"article\" \/>\n<meta property=\"og:title\" content=\"Tratamentos para o Carnaval \u2013 Ainda d\u00e1 tempo? - Equipe BBS\" \/>\n<meta property=\"og:description\" content=\"\u00c9 sempre bom chegar no feriado com a autoestima \u201cl\u00e1 em cima\u201d e se divertir sem ter medo de ser feliz! A quest\u00e3o aqui \u00e9: Ainda d\u00e1 tempo de se cuidar? Sim! Gabriela Casabona Dermatologista Especialista em Tratamentos Est\u00e9ticos em S\u00e3o Paulo. Telefones: 11 3668-5910 ou 11 3661-9502\" \/>\n<meta property=\"og:url\" content=\"https:\/\/www.dravivianloureiro.com.br\/blog\/tratamentos-para-o-carnaval-ainda-da-tempo\/\" \/>\n<meta property=\"og:site_name\" content=\"Dra. Vivian Loureiro\" \/>\n<meta property=\"article:publisher\" content=\"https:\/\/pt-br.facebook.com\/vivianloureirodermatologia\/\" \/>\n<meta property=\"article:author\" content=\"https:\/\/pt-br.facebook.com\/vivianloureirodermatologia\/\" \/>\n<meta property=\"article:published_time\" content=\"2017-01-26T17:58:41+00:00\" \/>\n<meta name=\"author\" content=\"Vivian Loureiro\" \/>\n<meta name=\"twitter:card\" content=\"summary_large_image\" \/>\n<meta name=\"twitter:label1\" content=\"Escrito por\" \/>\n\t<meta name=\"twitter:data1\" content=\"Vivian Loureiro\" \/>\n\t<meta name=\"twitter:label2\" content=\"Est. tempo de leitura\" \/>\n\t<meta name=\"twitter:data2\" content=\"1 minuto\" \/>\n<script type=\"application\/ld+json\" class=\"yoast-schema-graph\">{\"@context\":\"https:\/\/schema.org\",\"@graph\":[{\"@type\":\"Article\",\"@id\":\"https:\/\/www.dravivianloureiro.com.br\/blog\/tratamentos-para-o-carnaval-ainda-da-tempo\/#article\",\"isPartOf\":{\"@id\":\"https:\/\/www.dravivianloureiro.com.br\/blog\/tratamentos-para-o-carnaval-ainda-da-tempo\/\"},\"author\":{\"name\":\"Vivian Loureiro\",\"@id\":\"https:\/\/www.dravivianloureiro.com.br\/blog\/#\/schema\/person\/f6272c0e48dae4364ef626c598c5cb84\"},\"headline\":\"Tratamentos para o Carnaval \u2013 Ainda d\u00e1 tempo?\",\"datePublished\":\"2017-01-26T17:58:41+00:00\",\"dateModified\":\"2017-01-26T17:58:41+00:00\",\"mainEntityOfPage\":{\"@id\":\"https:\/\/www.dravivianloureiro.com.br\/blog\/tratamentos-para-o-carnaval-ainda-da-tempo\/\"},\"wordCount\":229,\"commentCount\":0,\"publisher\":{\"@id\":\"https:\/\/www.dravivianloureiro.com.br\/blog\/#organization\"},\"keywords\":[\"exilis\",\"hydrafacial\",\"Limpeza facial\",\"peeling\",\"radiofrequencia\",\"tratamentos para o carnaval\"],\"articleSection\":[\"Est\u00e9ticos\",\"Peeling\",\"Rejuvenescimento\"],\"inLanguage\":\"pt-BR\",\"potentialAction\":[{\"@type\":\"CommentAction\",\"name\":\"Comment\",\"target\":[\"https:\/\/www.dravivianloureiro.com.br\/blog\/tratamentos-para-o-carnaval-ainda-da-tempo\/#respond\"]}]},{\"@type\":\"WebPage\",\"@id\":\"https:\/\/www.dravivianloureiro.com.br\/blog\/tratamentos-para-o-carnaval-ainda-da-tempo\/\",\"url\":\"https:\/\/www.dravivianloureiro.com.br\/blog\/tratamentos-para-o-carnaval-ainda-da-tempo\/\",\"name\":\"Tratamentos para o Carnaval \u2013 Ainda d\u00e1 tempo? - Equipe BBS\",\"isPartOf\":{\"@id\":\"https:\/\/www.dravivianloureiro.com.br\/blog\/#website\"},\"datePublished\":\"2017-01-26T17:58:41+00:00\",\"dateModified\":\"2017-01-26T17:58:41+00:00\",\"description\":\"\u00c9 sempre bom chegar no feriado com a autoestima \u201cl\u00e1 em cima\u201d e se divertir sem ter medo de ser feliz! A quest\u00e3o aqui \u00e9: Ainda d\u00e1 tempo de se cuidar? Sim! Gabriela Casabona Dermatologista Especialista em Tratamentos Est\u00e9ticos em S\u00e3o Paulo. Telefones: 11 3668-5910 ou 11 3661-9502\",\"breadcrumb\":{\"@id\":\"https:\/\/www.dravivianloureiro.com.br\/blog\/tratamentos-para-o-carnaval-ainda-da-tempo\/#breadcrumb\"},\"inLanguage\":\"pt-BR\",\"potentialAction\":[{\"@type\":\"ReadAction\",\"target\":[\"https:\/\/www.dravivianloureiro.com.br\/blog\/tratamentos-para-o-carnaval-ainda-da-tempo\/\"]}]},{\"@type\":\"BreadcrumbList\",\"@id\":\"https:\/\/www.dravivianloureiro.com.br\/blog\/tratamentos-para-o-carnaval-ainda-da-tempo\/#breadcrumb\",\"itemListElement\":[{\"@type\":\"ListItem\",\"position\":1,\"name\":\"In\u00edcio\",\"item\":\"https:\/\/www.dravivianloureiro.com.br\/blog\/\"},{\"@type\":\"ListItem\",\"position\":2,\"name\":\"Tratamentos para o Carnaval \u2013 Ainda d\u00e1 tempo?\"}]},{\"@type\":\"WebSite\",\"@id\":\"https:\/\/www.dravivianloureiro.com.br\/blog\/#website\",\"url\":\"https:\/\/www.dravivianloureiro.com.br\/blog\/\",\"name\":\"Dermatologista Vivian Loureiro\",\"description\":\"\",\"publisher\":{\"@id\":\"https:\/\/www.dravivianloureiro.com.br\/blog\/#organization\"},\"potentialAction\":[{\"@type\":\"SearchAction\",\"target\":{\"@type\":\"EntryPoint\",\"urlTemplate\":\"https:\/\/www.dravivianloureiro.com.br\/blog\/?s={search_term_string}\"},\"query-input\":\"required name=search_term_string\"}],\"inLanguage\":\"pt-BR\"},{\"@type\":\"Organization\",\"@id\":\"https:\/\/www.dravivianloureiro.com.br\/blog\/#organization\",\"name\":\"Dra. Vivian Loureiro - Dermatologista Em S\u00e3o Paulo\",\"url\":\"https:\/\/www.dravivianloureiro.com.br\/blog\/\",\"logo\":{\"@type\":\"ImageObject\",\"inLanguage\":\"pt-BR\",\"@id\":\"https:\/\/www.dravivianloureiro.com.br\/blog\/#\/schema\/logo\/image\/\",\"url\":\"https:\/\/www.dravivianloureiro.com.br\/blog\/wp-content\/uploads\/2018\/08\/favicon.jpg\",\"contentUrl\":\"https:\/\/www.dravivianloureiro.com.br\/blog\/wp-content\/uploads\/2018\/08\/favicon.jpg\",\"width\":112,\"height\":112,\"caption\":\"Dra. Vivian Loureiro - Dermatologista Em S\u00e3o Paulo\"},\"image\":{\"@id\":\"https:\/\/www.dravivianloureiro.com.br\/blog\/#\/schema\/logo\/image\/\"},\"sameAs\":[\"https:\/\/pt-br.facebook.com\/vivianloureirodermatologia\/\",\"https:\/\/www.instagram.com\/vivianloureirodermatologia\/\",\"https:\/\/www.linkedin.com\/in\/vivian-barzi-loureiro-a6412887\/\"]},{\"@type\":\"Person\",\"@id\":\"https:\/\/www.dravivianloureiro.com.br\/blog\/#\/schema\/person\/f6272c0e48dae4364ef626c598c5cb84\",\"name\":\"Vivian Loureiro\",\"image\":{\"@type\":\"ImageObject\",\"inLanguage\":\"pt-BR\",\"@id\":\"https:\/\/www.dravivianloureiro.com.br\/blog\/#\/schema\/person\/image\/\",\"url\":\"https:\/\/secure.gravatar.com\/avatar\/8ee2b0fae98657240c77e822ae139ad3?s=96&d=wp_user_avatar&r=g\",\"contentUrl\":\"https:\/\/secure.gravatar.com\/avatar\/8ee2b0fae98657240c77e822ae139ad3?s=96&d=wp_user_avatar&r=g\",\"caption\":\"Vivian Loureiro\"},\"description\":\"M\u00e9dica formada pela Universidade de S\u00e3o Paulo (USP). Realizou resid\u00eancia m\u00e9dica em Dermatologia e complementa\u00e7\u00e3o em Cosmiatria e Laser pelo departamento de Dermatologia do Hospital das Cl\u00ednicas da Faculdade de Medicina da Universidade de S\u00e3o Paulo (USP). Possui t\u00edtulo de especialista em Dermatologia. \u00c9 membro da Sociedade Brasileira de Dermatologia (SBD) e Sociedade Brasileira de Cirurgia Dermatol\u00f3gica (SBCD) e m\u00e9dica do grupo Fleury. Atua nas \u00e1reas de Dermatologia Cl\u00ednica, Cir\u00fargica, Pedi\u00e1trica e Est\u00e9tica. Frequenta e palestra nos principais cursos e congressos de dermatologia, nacionais e internacionais, a fim de se manter em constante atualiza\u00e7\u00e3o.\",\"sameAs\":[\"https:\/\/www.dravivianloureiro.com.br\/\",\"https:\/\/pt-br.facebook.com\/vivianloureirodermatologia\/\",\"https:\/\/www.instagram.com\/vivianloureirodermatologia\/\",\"https:\/\/www.linkedin.com\/in\/vivian-barzi-loureiro-a6412887\/\"]}]}<\/script>\n<!-- \/ Yoast SEO plugin. -->","yoast_head_json":{"title":"Tratamentos para o Carnaval \u2013 Ainda d\u00e1 tempo? - Equipe BBS","description":"\u00c9 sempre bom chegar no feriado com a autoestima \u201cl\u00e1 em cima\u201d e se divertir sem ter medo de ser feliz! A quest\u00e3o aqui \u00e9: Ainda d\u00e1 tempo de se cuidar? Sim! Gabriela Casabona Dermatologista Especialista em Tratamentos Est\u00e9ticos em S\u00e3o Paulo. Telefones: 11 3668-5910 ou 11 3661-9502","robots":{"index":"index","follow":"follow","max-snippet":"max-snippet:-1","max-image-preview":"max-image-preview:large","max-video-preview":"max-video-preview:-1"},"canonical":"https:\/\/www.dravivianloureiro.com.br\/blog\/tratamentos-para-o-carnaval-ainda-da-tempo\/","og_locale":"pt_BR","og_type":"article","og_title":"Tratamentos para o Carnaval \u2013 Ainda d\u00e1 tempo? - Equipe BBS","og_description":"\u00c9 sempre bom chegar no feriado com a autoestima \u201cl\u00e1 em cima\u201d e se divertir sem ter medo de ser feliz! A quest\u00e3o aqui \u00e9: Ainda d\u00e1 tempo de se cuidar? Sim! Gabriela Casabona Dermatologista Especialista em Tratamentos Est\u00e9ticos em S\u00e3o Paulo. Telefones: 11 3668-5910 ou 11 3661-9502","og_url":"https:\/\/www.dravivianloureiro.com.br\/blog\/tratamentos-para-o-carnaval-ainda-da-tempo\/","og_site_name":"Dra. Vivian Loureiro","article_publisher":"https:\/\/pt-br.facebook.com\/vivianloureirodermatologia\/","article_author":"https:\/\/pt-br.facebook.com\/vivianloureirodermatologia\/","article_published_time":"2017-01-26T17:58:41+00:00","author":"Vivian Loureiro","twitter_card":"summary_large_image","twitter_misc":{"Escrito por":"Vivian Loureiro","Est. tempo de leitura":"1 minuto"},"schema":{"@context":"https:\/\/schema.org","@graph":[{"@type":"Article","@id":"https:\/\/www.dravivianloureiro.com.br\/blog\/tratamentos-para-o-carnaval-ainda-da-tempo\/#article","isPartOf":{"@id":"https:\/\/www.dravivianloureiro.com.br\/blog\/tratamentos-para-o-carnaval-ainda-da-tempo\/"},"author":{"name":"Vivian Loureiro","@id":"https:\/\/www.dravivianloureiro.com.br\/blog\/#\/schema\/person\/f6272c0e48dae4364ef626c598c5cb84"},"headline":"Tratamentos para o Carnaval \u2013 Ainda d\u00e1 tempo?","datePublished":"2017-01-26T17:58:41+00:00","dateModified":"2017-01-26T17:58:41+00:00","mainEntityOfPage":{"@id":"https:\/\/www.dravivianloureiro.com.br\/blog\/tratamentos-para-o-carnaval-ainda-da-tempo\/"},"wordCount":229,"commentCount":0,"publisher":{"@id":"https:\/\/www.dravivianloureiro.com.br\/blog\/#organization"},"keywords":["exilis","hydrafacial","Limpeza facial","peeling","radiofrequencia","tratamentos para o carnaval"],"articleSection":["Est\u00e9ticos","Peeling","Rejuvenescimento"],"inLanguage":"pt-BR","potentialAction":[{"@type":"CommentAction","name":"Comment","target":["https:\/\/www.dravivianloureiro.com.br\/blog\/tratamentos-para-o-carnaval-ainda-da-tempo\/#respond"]}]},{"@type":"WebPage","@id":"https:\/\/www.dravivianloureiro.com.br\/blog\/tratamentos-para-o-carnaval-ainda-da-tempo\/","url":"https:\/\/www.dravivianloureiro.com.br\/blog\/tratamentos-para-o-carnaval-ainda-da-tempo\/","name":"Tratamentos para o Carnaval \u2013 Ainda d\u00e1 tempo? - Equipe BBS","isPartOf":{"@id":"https:\/\/www.dravivianloureiro.com.br\/blog\/#website"},"datePublished":"2017-01-26T17:58:41+00:00","dateModified":"2017-01-26T17:58:41+00:00","description":"\u00c9 sempre bom chegar no feriado com a autoestima \u201cl\u00e1 em cima\u201d e se divertir sem ter medo de ser feliz! A quest\u00e3o aqui \u00e9: Ainda d\u00e1 tempo de se cuidar? Sim! Gabriela Casabona Dermatologista Especialista em Tratamentos Est\u00e9ticos em S\u00e3o Paulo. Telefones: 11 3668-5910 ou 11 3661-9502","breadcrumb":{"@id":"https:\/\/www.dravivianloureiro.com.br\/blog\/tratamentos-para-o-carnaval-ainda-da-tempo\/#breadcrumb"},"inLanguage":"pt-BR","potentialAction":[{"@type":"ReadAction","target":["https:\/\/www.dravivianloureiro.com.br\/blog\/tratamentos-para-o-carnaval-ainda-da-tempo\/"]}]},{"@type":"BreadcrumbList","@id":"https:\/\/www.dravivianloureiro.com.br\/blog\/tratamentos-para-o-carnaval-ainda-da-tempo\/#breadcrumb","itemListElement":[{"@type":"ListItem","position":1,"name":"In\u00edcio","item":"https:\/\/www.dravivianloureiro.com.br\/blog\/"},{"@type":"ListItem","position":2,"name":"Tratamentos para o Carnaval \u2013 Ainda d\u00e1 tempo?"}]},{"@type":"WebSite","@id":"https:\/\/www.dravivianloureiro.com.br\/blog\/#website","url":"https:\/\/www.dravivianloureiro.com.br\/blog\/","name":"Dermatologista Vivian Loureiro","description":"","publisher":{"@id":"https:\/\/www.dravivianloureiro.com.br\/blog\/#organization"},"potentialAction":[{"@type":"SearchAction","target":{"@type":"EntryPoint","urlTemplate":"https:\/\/www.dravivianloureiro.com.br\/blog\/?s={search_term_string}"},"query-input":"required name=search_term_string"}],"inLanguage":"pt-BR"},{"@type":"Organization","@id":"https:\/\/www.dravivianloureiro.com.br\/blog\/#organization","name":"Dra. Vivian Loureiro - Dermatologista Em S\u00e3o Paulo","url":"https:\/\/www.dravivianloureiro.com.br\/blog\/","logo":{"@type":"ImageObject","inLanguage":"pt-BR","@id":"https:\/\/www.dravivianloureiro.com.br\/blog\/#\/schema\/logo\/image\/","url":"https:\/\/www.dravivianloureiro.com.br\/blog\/wp-content\/uploads\/2018\/08\/favicon.jpg","contentUrl":"https:\/\/www.dravivianloureiro.com.br\/blog\/wp-content\/uploads\/2018\/08\/favicon.jpg","width":112,"height":112,"caption":"Dra. Vivian Loureiro - Dermatologista Em S\u00e3o Paulo"},"image":{"@id":"https:\/\/www.dravivianloureiro.com.br\/blog\/#\/schema\/logo\/image\/"},"sameAs":["https:\/\/pt-br.facebook.com\/vivianloureirodermatologia\/","https:\/\/www.instagram.com\/vivianloureirodermatologia\/","https:\/\/www.linkedin.com\/in\/vivian-barzi-loureiro-a6412887\/"]},{"@type":"Person","@id":"https:\/\/www.dravivianloureiro.com.br\/blog\/#\/schema\/person\/f6272c0e48dae4364ef626c598c5cb84","name":"Vivian Loureiro","image":{"@type":"ImageObject","inLanguage":"pt-BR","@id":"https:\/\/www.dravivianloureiro.com.br\/blog\/#\/schema\/person\/image\/","url":"https:\/\/secure.gravatar.com\/avatar\/8ee2b0fae98657240c77e822ae139ad3?s=96&d=wp_user_avatar&r=g","contentUrl":"https:\/\/secure.gravatar.com\/avatar\/8ee2b0fae98657240c77e822ae139ad3?s=96&d=wp_user_avatar&r=g","caption":"Vivian Loureiro"},"description":"M\u00e9dica formada pela Universidade de S\u00e3o Paulo (USP). Realizou resid\u00eancia m\u00e9dica em Dermatologia e complementa\u00e7\u00e3o em Cosmiatria e Laser pelo departamento de Dermatologia do Hospital das Cl\u00ednicas da Faculdade de Medicina da Universidade de S\u00e3o Paulo (USP). Possui t\u00edtulo de especialista em Dermatologia. \u00c9 membro da Sociedade Brasileira de Dermatologia (SBD) e Sociedade Brasileira de Cirurgia Dermatol\u00f3gica (SBCD) e m\u00e9dica do grupo Fleury. Atua nas \u00e1reas de Dermatologia Cl\u00ednica, Cir\u00fargica, Pedi\u00e1trica e Est\u00e9tica. Frequenta e palestra nos principais cursos e congressos de dermatologia, nacionais e internacionais, a fim de se manter em constante atualiza\u00e7\u00e3o.","sameAs":["https:\/\/www.dravivianloureiro.com.br\/","https:\/\/pt-br.facebook.com\/vivianloureirodermatologia\/","https:\/\/www.instagram.com\/vivianloureirodermatologia\/","https:\/\/www.linkedin.com\/in\/vivian-barzi-loureiro-a6412887\/"]}]}},"amp_enabled":true,"_links":{"self":[{"href":"https:\/\/www.dravivianloureiro.com.br\/blog\/wp-json\/wp\/v2\/posts\/3153"}],"collection":[{"href":"https:\/\/www.dravivianloureiro.com.br\/blog\/wp-json\/wp\/v2\/posts"}],"about":[{"href":"https:\/\/www.dravivianloureiro.com.br\/blog\/wp-json\/wp\/v2\/types\/post"}],"author":[{"embeddable":true,"href":"https:\/\/www.dravivianloureiro.com.br\/blog\/wp-json\/wp\/v2\/users\/1"}],"replies":[{"embeddable":true,"href":"https:\/\/www.dravivianloureiro.com.br\/blog\/wp-json\/wp\/v2\/comments?post=3153"}],"version-history":[{"count":0,"href":"https:\/\/www.dravivianloureiro.com.br\/blog\/wp-json\/wp\/v2\/posts\/3153\/revisions"}],"wp:featuredmedia":[{"embeddable":true,"href":"https:\/\/www.dravivianloureiro.com.br\/blog\/wp-json\/"}],"wp:attachment":[{"href":"https:\/\/www.dravivianloureiro.com.br\/blog\/wp-json\/wp\/v2\/media?parent=3153"}],"wp:term":[{"taxonomy":"category","embeddable":true,"href":"https:\/\/www.dravivianloureiro.com.br\/blog\/wp-json\/wp\/v2\/categories?post=3153"},{"taxonomy":"post_tag","embeddable":true,"href":"https:\/\/www.dravivianloureiro.com.br\/blog\/wp-json\/wp\/v2\/tags?post=3153"}],"curies":[{"name":"wp","href":"https:\/\/api.w.org\/{rel}","templated":true}]}}