{"id":315,"date":"2020-12-04T14:26:00","date_gmt":"2020-12-04T17:26:00","guid":{"rendered":"https:\/\/www.dravivianloureiro.com.br\/blog\/?p=315"},"modified":"2021-03-04T14:43:12","modified_gmt":"2021-03-04T17:43:12","slug":"ulthera-e-seu-poder-no-rejuvenescimento","status":"publish","type":"post","link":"https:\/\/www.dravivianloureiro.com.br\/blog\/ulthera-e-seu-poder-no-rejuvenescimento\/","title":{"rendered":"Ulthera e seu Poder no Rejuvenescimento"},"content":{"rendered":"<p class=\"estimated-read-time\">Tempo de leitura:<small> 1 minuto<\/small><\/p> \n<p>Efeito Lifting de forma n\u00e3o-invasiva com o Ulthera: \u00e9 poss\u00edvel?\u2800<br>\u2800<br>Sim, \u00e9 poss\u00edvel com o Ulthera, uma tecnologia inovadora que veio para revolucionar o rejuvenescimento minimamente invasivo de diferentes regi\u00f5es corporais e at\u00e9 mesmo faciais. Com o avan\u00e7o recorrente da medicina e tecnologia, temos alcan\u00e7ado cada vez mais bons resultados com aparelhos para rejuvenescimento, como com o Ulthera.<\/p>\n\n\n\n<h2>O que \u00e9 o Ulthera?<\/h2>\n\n\n\n<p>O Ulthera \u00e9 o Ultrassom Microfocado que estimula a produ\u00e7\u00e3o de col\u00e1geno desde as camadas mais profundas, prevenindo e tratando a flacidez da pele e promovendo um efeito lifting. \u2800<br>\u2800<br>O ultrassom atinge at\u00e9 a camada muscular (f\u00e1scia ou SMAS) e, portanto, age na profundidade e n\u00e3o apenas na superf\u00edcie da pele.<\/p>\n\n\n\n<h2>A Partir de Qual Idade \u00e9 Indicado\u2800<\/h2>\n\n\n\n<p>A partir dos 25 anos de idade, a nossa produ\u00e7\u00e3o de col\u00e1geno vai diminuindo e isso \u00e9 progressivo. Pela a\u00e7\u00e3o preventiva, o tratamento pode ser indicado a partir dos 30 anos e deve ser repetido anualmente. \u2800<\/p>\n\n\n\n<p>Justamente por n\u00e3o ser um procedimento invasivo, o paciente n\u00e3o precisa se afastar das atividades di\u00e1rias, o que \u00e9 uma grande vantagem em rela\u00e7\u00e3o \u00e0s t\u00e9cnicas cir\u00fargicas. Al\u00e9m disso, o resultado \u00e9 mais natural e menos dr\u00e1stico que uma cirurgia pl\u00e1stica.\u2800<\/p>\n\n\n\n<h2>Em Quais Regi\u00f5es Pode-se Aplicar o Ulthera?<\/h2>\n\n\n\n<p>O tratamento com o Ulthera, carinhosamente chamado de Ultherapy, pode ser realizado na face (bochechas, ao redor dos olhos e da boca, pesco\u00e7o \/ papada) e em algumas regi\u00f5es corporais, como abd\u00f4men, coxas, gl\u00fateos, bra\u00e7os e joelhos. \u2800<\/p>\n\n\n\n<p>\u00c9 sempre v\u00e1lido ressaltar que a indica\u00e7\u00e3o \u00e9 feita de forma individualizada, de acordo com as necessidades do paciente e ap\u00f3s avalia\u00e7\u00e3o minuciosa do caso. Por isso, pesquise com carinho e com calma quem vai cuidar da sua pele. Lembre-se de escolher um profissional qualificado neste tipo de procedimento e registrado na <a href=\"http:\/\/sbd.org.br\/\">Sociedade Brasileira de Dermatologia<\/a>.<\/p>\n\n\n\n<p>Possui alguma d\u00favida sobre o Ulthera-Ultrassom Microfocado? Deixe nos coment\u00e1rios!\u2800<\/p>\n\n\n\n<p>\u2800<\/p>\n","protected":false},"excerpt":{"rendered":"<p><small> 1 minuto<\/small> Efeito Lifting de forma n\u00e3o-invasiva com o Ulthera: \u00e9 poss\u00edvel?\u2800\u2800Sim, \u00e9 poss\u00edvel com o Ulthera, uma tecnologia inovadora que veio para revolucionar o rejuvenescimento minimamente invasivo de diferentes regi\u00f5es corporais e at\u00e9 mesmo faciais. Com o avan\u00e7o recorrente da medicina e tecnologia, temos alcan\u00e7ado cada vez mais bons resultados com aparelhos para rejuvenescimento, como com o Ulthera. O que \u00e9 o Ulthera? O Ulthera \u00e9 o Ultrassom Microfocado que estimula a produ\u00e7\u00e3o de col\u00e1geno desde as camadas mais profundas, prevenindo e tratando <a href=\"https:\/\/www.dravivianloureiro.com.br\/blog\/ulthera-e-seu-poder-no-rejuvenescimento\/\" class=\"more-link\"><span>Continue lendo<\/span>\u2192<\/a><\/p>\n","protected":false},"author":1,"featured_media":316,"comment_status":"open","ping_status":"open","sticky":false,"template":"","format":"standard","meta":[],"categories":[5],"tags":[316,312,308,317,175,311,313,318,315,154,349,319,350,137,351,352,310,309,346,347,348,167,314],"yoast_head":"<!-- This site is optimized with the Yoast SEO plugin v20.6 - https:\/\/yoast.com\/wordpress\/plugins\/seo\/ -->\n<title>Ulthera e seu Poder no Rejuvenescimento - Dra. Vivian Loureiro<\/title>\n<meta name=\"description\" content=\"Dra. Vivian Loureiro \u00e9 Dermatologista em SP, Especialista no Tratamento com o Ulthera. Contato (11) 3071.1033 \/ 3168.0534\" \/>\n<meta name=\"robots\" content=\"index, follow, max-snippet:-1, max-image-preview:large, max-video-preview:-1\" \/>\n<link rel=\"canonical\" href=\"https:\/\/www.dravivianloureiro.com.br\/blog\/ulthera-e-seu-poder-no-rejuvenescimento\/\" \/>\n<meta property=\"og:locale\" content=\"pt_BR\" \/>\n<meta property=\"og:type\" content=\"article\" \/>\n<meta property=\"og:title\" content=\"Ulthera e seu Poder no Rejuvenescimento - Dra. Vivian Loureiro\" \/>\n<meta property=\"og:description\" content=\"Dra. Vivian Loureiro \u00e9 Dermatologista em SP, Especialista no Tratamento com o Ulthera. Contato (11) 3071.1033 \/ 3168.0534\" \/>\n<meta property=\"og:url\" content=\"https:\/\/www.dravivianloureiro.com.br\/blog\/ulthera-e-seu-poder-no-rejuvenescimento\/\" \/>\n<meta property=\"og:site_name\" content=\"Dra. Vivian Loureiro\" \/>\n<meta property=\"article:publisher\" content=\"https:\/\/pt-br.facebook.com\/vivianloureirodermatologia\/\" \/>\n<meta property=\"article:author\" content=\"https:\/\/pt-br.facebook.com\/vivianloureirodermatologia\/\" \/>\n<meta property=\"article:published_time\" content=\"2020-12-04T17:26:00+00:00\" \/>\n<meta property=\"article:modified_time\" content=\"2021-03-04T17:43:12+00:00\" \/>\n<meta property=\"og:image\" content=\"https:\/\/www.dravivianloureiro.com.br\/blog\/wp-content\/uploads\/2021\/03\/ulthera-e-seu-poder-no-rejuvenescimento.jpg\" \/>\n\t<meta property=\"og:image:width\" content=\"1200\" \/>\n\t<meta property=\"og:image:height\" content=\"750\" \/>\n\t<meta property=\"og:image:type\" content=\"image\/jpeg\" \/>\n<meta name=\"author\" content=\"Vivian Loureiro\" \/>\n<meta name=\"twitter:card\" content=\"summary_large_image\" \/>\n<meta name=\"twitter:label1\" content=\"Escrito por\" \/>\n\t<meta name=\"twitter:data1\" content=\"Vivian Loureiro\" \/>\n\t<meta name=\"twitter:label2\" content=\"Est. tempo de leitura\" \/>\n\t<meta name=\"twitter:data2\" content=\"2 minutos\" \/>\n<script type=\"application\/ld+json\" class=\"yoast-schema-graph\">{\"@context\":\"https:\/\/schema.org\",\"@graph\":[{\"@type\":\"Article\",\"@id\":\"https:\/\/www.dravivianloureiro.com.br\/blog\/ulthera-e-seu-poder-no-rejuvenescimento\/#article\",\"isPartOf\":{\"@id\":\"https:\/\/www.dravivianloureiro.com.br\/blog\/ulthera-e-seu-poder-no-rejuvenescimento\/\"},\"author\":{\"name\":\"Vivian Loureiro\",\"@id\":\"https:\/\/www.dravivianloureiro.com.br\/blog\/#\/schema\/person\/f6272c0e48dae4364ef626c598c5cb84\"},\"headline\":\"Ulthera e seu Poder no Rejuvenescimento\",\"datePublished\":\"2020-12-04T17:26:00+00:00\",\"dateModified\":\"2021-03-04T17:43:12+00:00\",\"mainEntityOfPage\":{\"@id\":\"https:\/\/www.dravivianloureiro.com.br\/blog\/ulthera-e-seu-poder-no-rejuvenescimento\/\"},\"wordCount\":336,\"commentCount\":0,\"publisher\":{\"@id\":\"https:\/\/www.dravivianloureiro.com.br\/blog\/#organization\"},\"keywords\":[\"autoestima\",\"bem estar\",\"dermato\",\"dermato sp\",\"dermatologia\",\"dermatologia cl\u00ednica em sp\",\"dermatologia especializada\",\"dermatologista\",\"dermatologista em sp\",\"dermatologista itaim\",\"flacidez\",\"qualidade de vida\",\"redu\u00e7\u00e3o da flacidez\",\"rejuvenescimento\",\"rejuvenescimento corporal\",\"rejuvenescimento facial\",\"saude\",\"saude da pele\",\"ulthera\",\"ultherapy\",\"ultrassom microfocado\",\"vivian loureiro\",\"vivian loureiro dermatologia\"],\"articleSection\":[\"Flacidez\"],\"inLanguage\":\"pt-BR\",\"potentialAction\":[{\"@type\":\"CommentAction\",\"name\":\"Comment\",\"target\":[\"https:\/\/www.dravivianloureiro.com.br\/blog\/ulthera-e-seu-poder-no-rejuvenescimento\/#respond\"]}]},{\"@type\":\"WebPage\",\"@id\":\"https:\/\/www.dravivianloureiro.com.br\/blog\/ulthera-e-seu-poder-no-rejuvenescimento\/\",\"url\":\"https:\/\/www.dravivianloureiro.com.br\/blog\/ulthera-e-seu-poder-no-rejuvenescimento\/\",\"name\":\"Ulthera e seu Poder no Rejuvenescimento - Dra. Vivian Loureiro\",\"isPartOf\":{\"@id\":\"https:\/\/www.dravivianloureiro.com.br\/blog\/#website\"},\"datePublished\":\"2020-12-04T17:26:00+00:00\",\"dateModified\":\"2021-03-04T17:43:12+00:00\",\"description\":\"Dra. Vivian Loureiro \u00e9 Dermatologista em SP, Especialista no Tratamento com o Ulthera. Contato (11) 3071.1033 \/ 3168.0534\",\"breadcrumb\":{\"@id\":\"https:\/\/www.dravivianloureiro.com.br\/blog\/ulthera-e-seu-poder-no-rejuvenescimento\/#breadcrumb\"},\"inLanguage\":\"pt-BR\",\"potentialAction\":[{\"@type\":\"ReadAction\",\"target\":[\"https:\/\/www.dravivianloureiro.com.br\/blog\/ulthera-e-seu-poder-no-rejuvenescimento\/\"]}]},{\"@type\":\"BreadcrumbList\",\"@id\":\"https:\/\/www.dravivianloureiro.com.br\/blog\/ulthera-e-seu-poder-no-rejuvenescimento\/#breadcrumb\",\"itemListElement\":[{\"@type\":\"ListItem\",\"position\":1,\"name\":\"In\u00edcio\",\"item\":\"https:\/\/www.dravivianloureiro.com.br\/blog\/\"},{\"@type\":\"ListItem\",\"position\":2,\"name\":\"Ulthera e seu Poder no Rejuvenescimento\"}]},{\"@type\":\"WebSite\",\"@id\":\"https:\/\/www.dravivianloureiro.com.br\/blog\/#website\",\"url\":\"https:\/\/www.dravivianloureiro.com.br\/blog\/\",\"name\":\"Dermatologista Vivian Loureiro\",\"description\":\"\",\"publisher\":{\"@id\":\"https:\/\/www.dravivianloureiro.com.br\/blog\/#organization\"},\"potentialAction\":[{\"@type\":\"SearchAction\",\"target\":{\"@type\":\"EntryPoint\",\"urlTemplate\":\"https:\/\/www.dravivianloureiro.com.br\/blog\/?s={search_term_string}\"},\"query-input\":\"required name=search_term_string\"}],\"inLanguage\":\"pt-BR\"},{\"@type\":\"Organization\",\"@id\":\"https:\/\/www.dravivianloureiro.com.br\/blog\/#organization\",\"name\":\"Dra. Vivian Loureiro - Dermatologista Em S\u00e3o Paulo\",\"url\":\"https:\/\/www.dravivianloureiro.com.br\/blog\/\",\"logo\":{\"@type\":\"ImageObject\",\"inLanguage\":\"pt-BR\",\"@id\":\"https:\/\/www.dravivianloureiro.com.br\/blog\/#\/schema\/logo\/image\/\",\"url\":\"https:\/\/www.dravivianloureiro.com.br\/blog\/wp-content\/uploads\/2018\/08\/favicon.jpg\",\"contentUrl\":\"https:\/\/www.dravivianloureiro.com.br\/blog\/wp-content\/uploads\/2018\/08\/favicon.jpg\",\"width\":112,\"height\":112,\"caption\":\"Dra. Vivian Loureiro - Dermatologista Em S\u00e3o Paulo\"},\"image\":{\"@id\":\"https:\/\/www.dravivianloureiro.com.br\/blog\/#\/schema\/logo\/image\/\"},\"sameAs\":[\"https:\/\/pt-br.facebook.com\/vivianloureirodermatologia\/\",\"https:\/\/www.instagram.com\/vivianloureirodermatologia\/\",\"https:\/\/www.linkedin.com\/in\/vivian-barzi-loureiro-a6412887\/\"]},{\"@type\":\"Person\",\"@id\":\"https:\/\/www.dravivianloureiro.com.br\/blog\/#\/schema\/person\/f6272c0e48dae4364ef626c598c5cb84\",\"name\":\"Vivian Loureiro\",\"image\":{\"@type\":\"ImageObject\",\"inLanguage\":\"pt-BR\",\"@id\":\"https:\/\/www.dravivianloureiro.com.br\/blog\/#\/schema\/person\/image\/\",\"url\":\"https:\/\/secure.gravatar.com\/avatar\/8ee2b0fae98657240c77e822ae139ad3?s=96&d=wp_user_avatar&r=g\",\"contentUrl\":\"https:\/\/secure.gravatar.com\/avatar\/8ee2b0fae98657240c77e822ae139ad3?s=96&d=wp_user_avatar&r=g\",\"caption\":\"Vivian Loureiro\"},\"description\":\"M\u00e9dica formada pela Universidade de S\u00e3o Paulo (USP). Realizou resid\u00eancia m\u00e9dica em Dermatologia e complementa\u00e7\u00e3o em Cosmiatria e Laser pelo departamento de Dermatologia do Hospital das Cl\u00ednicas da Faculdade de Medicina da Universidade de S\u00e3o Paulo (USP). Possui t\u00edtulo de especialista em Dermatologia. \u00c9 membro da Sociedade Brasileira de Dermatologia (SBD) e Sociedade Brasileira de Cirurgia Dermatol\u00f3gica (SBCD) e m\u00e9dica do grupo Fleury. Atua nas \u00e1reas de Dermatologia Cl\u00ednica, Cir\u00fargica, Pedi\u00e1trica e Est\u00e9tica. Frequenta e palestra nos principais cursos e congressos de dermatologia, nacionais e internacionais, a fim de se manter em constante atualiza\u00e7\u00e3o.\",\"sameAs\":[\"https:\/\/www.dravivianloureiro.com.br\/\",\"https:\/\/pt-br.facebook.com\/vivianloureirodermatologia\/\",\"https:\/\/www.instagram.com\/vivianloureirodermatologia\/\",\"https:\/\/www.linkedin.com\/in\/vivian-barzi-loureiro-a6412887\/\"]}]}<\/script>\n<!-- \/ Yoast SEO plugin. -->","yoast_head_json":{"title":"Ulthera e seu Poder no Rejuvenescimento - Dra. Vivian Loureiro","description":"Dra. Vivian Loureiro \u00e9 Dermatologista em SP, Especialista no Tratamento com o Ulthera. Contato (11) 3071.1033 \/ 3168.0534","robots":{"index":"index","follow":"follow","max-snippet":"max-snippet:-1","max-image-preview":"max-image-preview:large","max-video-preview":"max-video-preview:-1"},"canonical":"https:\/\/www.dravivianloureiro.com.br\/blog\/ulthera-e-seu-poder-no-rejuvenescimento\/","og_locale":"pt_BR","og_type":"article","og_title":"Ulthera e seu Poder no Rejuvenescimento - Dra. Vivian Loureiro","og_description":"Dra. Vivian Loureiro \u00e9 Dermatologista em SP, Especialista no Tratamento com o Ulthera. Contato (11) 3071.1033 \/ 3168.0534","og_url":"https:\/\/www.dravivianloureiro.com.br\/blog\/ulthera-e-seu-poder-no-rejuvenescimento\/","og_site_name":"Dra. Vivian Loureiro","article_publisher":"https:\/\/pt-br.facebook.com\/vivianloureirodermatologia\/","article_author":"https:\/\/pt-br.facebook.com\/vivianloureirodermatologia\/","article_published_time":"2020-12-04T17:26:00+00:00","article_modified_time":"2021-03-04T17:43:12+00:00","og_image":[{"width":1200,"height":750,"url":"https:\/\/www.dravivianloureiro.com.br\/blog\/wp-content\/uploads\/2021\/03\/ulthera-e-seu-poder-no-rejuvenescimento.jpg","type":"image\/jpeg"}],"author":"Vivian Loureiro","twitter_card":"summary_large_image","twitter_misc":{"Escrito por":"Vivian Loureiro","Est. tempo de leitura":"2 minutos"},"schema":{"@context":"https:\/\/schema.org","@graph":[{"@type":"Article","@id":"https:\/\/www.dravivianloureiro.com.br\/blog\/ulthera-e-seu-poder-no-rejuvenescimento\/#article","isPartOf":{"@id":"https:\/\/www.dravivianloureiro.com.br\/blog\/ulthera-e-seu-poder-no-rejuvenescimento\/"},"author":{"name":"Vivian Loureiro","@id":"https:\/\/www.dravivianloureiro.com.br\/blog\/#\/schema\/person\/f6272c0e48dae4364ef626c598c5cb84"},"headline":"Ulthera e seu Poder no Rejuvenescimento","datePublished":"2020-12-04T17:26:00+00:00","dateModified":"2021-03-04T17:43:12+00:00","mainEntityOfPage":{"@id":"https:\/\/www.dravivianloureiro.com.br\/blog\/ulthera-e-seu-poder-no-rejuvenescimento\/"},"wordCount":336,"commentCount":0,"publisher":{"@id":"https:\/\/www.dravivianloureiro.com.br\/blog\/#organization"},"keywords":["autoestima","bem estar","dermato","dermato sp","dermatologia","dermatologia cl\u00ednica em sp","dermatologia especializada","dermatologista","dermatologista em sp","dermatologista itaim","flacidez","qualidade de vida","redu\u00e7\u00e3o da flacidez","rejuvenescimento","rejuvenescimento corporal","rejuvenescimento facial","saude","saude da pele","ulthera","ultherapy","ultrassom microfocado","vivian loureiro","vivian loureiro dermatologia"],"articleSection":["Flacidez"],"inLanguage":"pt-BR","potentialAction":[{"@type":"CommentAction","name":"Comment","target":["https:\/\/www.dravivianloureiro.com.br\/blog\/ulthera-e-seu-poder-no-rejuvenescimento\/#respond"]}]},{"@type":"WebPage","@id":"https:\/\/www.dravivianloureiro.com.br\/blog\/ulthera-e-seu-poder-no-rejuvenescimento\/","url":"https:\/\/www.dravivianloureiro.com.br\/blog\/ulthera-e-seu-poder-no-rejuvenescimento\/","name":"Ulthera e seu Poder no Rejuvenescimento - Dra. Vivian Loureiro","isPartOf":{"@id":"https:\/\/www.dravivianloureiro.com.br\/blog\/#website"},"datePublished":"2020-12-04T17:26:00+00:00","dateModified":"2021-03-04T17:43:12+00:00","description":"Dra. Vivian Loureiro \u00e9 Dermatologista em SP, Especialista no Tratamento com o Ulthera. Contato (11) 3071.1033 \/ 3168.0534","breadcrumb":{"@id":"https:\/\/www.dravivianloureiro.com.br\/blog\/ulthera-e-seu-poder-no-rejuvenescimento\/#breadcrumb"},"inLanguage":"pt-BR","potentialAction":[{"@type":"ReadAction","target":["https:\/\/www.dravivianloureiro.com.br\/blog\/ulthera-e-seu-poder-no-rejuvenescimento\/"]}]},{"@type":"BreadcrumbList","@id":"https:\/\/www.dravivianloureiro.com.br\/blog\/ulthera-e-seu-poder-no-rejuvenescimento\/#breadcrumb","itemListElement":[{"@type":"ListItem","position":1,"name":"In\u00edcio","item":"https:\/\/www.dravivianloureiro.com.br\/blog\/"},{"@type":"ListItem","position":2,"name":"Ulthera e seu Poder no Rejuvenescimento"}]},{"@type":"WebSite","@id":"https:\/\/www.dravivianloureiro.com.br\/blog\/#website","url":"https:\/\/www.dravivianloureiro.com.br\/blog\/","name":"Dermatologista Vivian Loureiro","description":"","publisher":{"@id":"https:\/\/www.dravivianloureiro.com.br\/blog\/#organization"},"potentialAction":[{"@type":"SearchAction","target":{"@type":"EntryPoint","urlTemplate":"https:\/\/www.dravivianloureiro.com.br\/blog\/?s={search_term_string}"},"query-input":"required name=search_term_string"}],"inLanguage":"pt-BR"},{"@type":"Organization","@id":"https:\/\/www.dravivianloureiro.com.br\/blog\/#organization","name":"Dra. Vivian Loureiro - Dermatologista Em S\u00e3o Paulo","url":"https:\/\/www.dravivianloureiro.com.br\/blog\/","logo":{"@type":"ImageObject","inLanguage":"pt-BR","@id":"https:\/\/www.dravivianloureiro.com.br\/blog\/#\/schema\/logo\/image\/","url":"https:\/\/www.dravivianloureiro.com.br\/blog\/wp-content\/uploads\/2018\/08\/favicon.jpg","contentUrl":"https:\/\/www.dravivianloureiro.com.br\/blog\/wp-content\/uploads\/2018\/08\/favicon.jpg","width":112,"height":112,"caption":"Dra. Vivian Loureiro - Dermatologista Em S\u00e3o Paulo"},"image":{"@id":"https:\/\/www.dravivianloureiro.com.br\/blog\/#\/schema\/logo\/image\/"},"sameAs":["https:\/\/pt-br.facebook.com\/vivianloureirodermatologia\/","https:\/\/www.instagram.com\/vivianloureirodermatologia\/","https:\/\/www.linkedin.com\/in\/vivian-barzi-loureiro-a6412887\/"]},{"@type":"Person","@id":"https:\/\/www.dravivianloureiro.com.br\/blog\/#\/schema\/person\/f6272c0e48dae4364ef626c598c5cb84","name":"Vivian Loureiro","image":{"@type":"ImageObject","inLanguage":"pt-BR","@id":"https:\/\/www.dravivianloureiro.com.br\/blog\/#\/schema\/person\/image\/","url":"https:\/\/secure.gravatar.com\/avatar\/8ee2b0fae98657240c77e822ae139ad3?s=96&d=wp_user_avatar&r=g","contentUrl":"https:\/\/secure.gravatar.com\/avatar\/8ee2b0fae98657240c77e822ae139ad3?s=96&d=wp_user_avatar&r=g","caption":"Vivian Loureiro"},"description":"M\u00e9dica formada pela Universidade de S\u00e3o Paulo (USP). Realizou resid\u00eancia m\u00e9dica em Dermatologia e complementa\u00e7\u00e3o em Cosmiatria e Laser pelo departamento de Dermatologia do Hospital das Cl\u00ednicas da Faculdade de Medicina da Universidade de S\u00e3o Paulo (USP). Possui t\u00edtulo de especialista em Dermatologia. \u00c9 membro da Sociedade Brasileira de Dermatologia (SBD) e Sociedade Brasileira de Cirurgia Dermatol\u00f3gica (SBCD) e m\u00e9dica do grupo Fleury. Atua nas \u00e1reas de Dermatologia Cl\u00ednica, Cir\u00fargica, Pedi\u00e1trica e Est\u00e9tica. Frequenta e palestra nos principais cursos e congressos de dermatologia, nacionais e internacionais, a fim de se manter em constante atualiza\u00e7\u00e3o.","sameAs":["https:\/\/www.dravivianloureiro.com.br\/","https:\/\/pt-br.facebook.com\/vivianloureirodermatologia\/","https:\/\/www.instagram.com\/vivianloureirodermatologia\/","https:\/\/www.linkedin.com\/in\/vivian-barzi-loureiro-a6412887\/"]}]}},"amp_enabled":true,"_links":{"self":[{"href":"https:\/\/www.dravivianloureiro.com.br\/blog\/wp-json\/wp\/v2\/posts\/315"}],"collection":[{"href":"https:\/\/www.dravivianloureiro.com.br\/blog\/wp-json\/wp\/v2\/posts"}],"about":[{"href":"https:\/\/www.dravivianloureiro.com.br\/blog\/wp-json\/wp\/v2\/types\/post"}],"author":[{"embeddable":true,"href":"https:\/\/www.dravivianloureiro.com.br\/blog\/wp-json\/wp\/v2\/users\/1"}],"replies":[{"embeddable":true,"href":"https:\/\/www.dravivianloureiro.com.br\/blog\/wp-json\/wp\/v2\/comments?post=315"}],"version-history":[{"count":0,"href":"https:\/\/www.dravivianloureiro.com.br\/blog\/wp-json\/wp\/v2\/posts\/315\/revisions"}],"wp:featuredmedia":[{"embeddable":true,"href":"https:\/\/www.dravivianloureiro.com.br\/blog\/wp-json\/wp\/v2\/media\/316"}],"wp:attachment":[{"href":"https:\/\/www.dravivianloureiro.com.br\/blog\/wp-json\/wp\/v2\/media?parent=315"}],"wp:term":[{"taxonomy":"category","embeddable":true,"href":"https:\/\/www.dravivianloureiro.com.br\/blog\/wp-json\/wp\/v2\/categories?post=315"},{"taxonomy":"post_tag","embeddable":true,"href":"https:\/\/www.dravivianloureiro.com.br\/blog\/wp-json\/wp\/v2\/tags?post=315"}],"curies":[{"name":"wp","href":"https:\/\/api.w.org\/{rel}","templated":true}]}}