{"id":3106,"date":"2016-12-12T10:31:42","date_gmt":"2016-12-12T13:31:42","guid":{"rendered":"https:\/\/gabrielacasabona.com.br\/?p=3106"},"modified":"2016-12-12T10:31:42","modified_gmt":"2016-12-12T13:31:42","slug":"dezembro-laranja-e-protecao-solar","status":"publish","type":"post","link":"https:\/\/www.dravivianloureiro.com.br\/blog\/dezembro-laranja-e-protecao-solar\/","title":{"rendered":"Ver\u00e3o Laranja e a Prote\u00e7\u00e3o Solar"},"content":{"rendered":"<p class=\"estimated-read-time\">Tempo de leitura:<small> 2 minutos<\/small><\/p> <h2>O clima quente do ver\u00e3o com altas temperaturas favorecem no m\u00eas de Dezembro as atividades ao ar livre e maior exposi\u00e7\u00e3o ao sol.<\/h2>\n<p>A campanha #Ver\u00e3oLaranja vem para alertar sobre os riscos do C\u00e2ncer de Pele e principalmente conscientizar para a import\u00e2ncia da prote\u00e7\u00e3o solar. Embora a discuss\u00e3o sobre o tema seja maior nos meses mais quentes do ano, o uso do filtro solar deve se tornar um h\u00e1bito.<\/p>\n<h2>Qual a Rela\u00e7\u00e3o entre C\u00e2ncer de Pele e Exposi\u00e7\u00e3o aos Raios de Sol?<\/h2>\n<p>A exposi\u00e7\u00e3o \u00e0 Radia\u00e7\u00e3o Ultravioleta (Raios UV) causa o desenvolvimento de tumores cut\u00e2neos, radia\u00e7\u00e3o essa que \u00e9 emitida pelo sol e c\u00e2maras de bronzeamento.<br \/>\nPor ter rela\u00e7\u00e3o direta com o desenvolvimento dos principais tipos de c\u00e2ncer de pele, o alerta para o uso de filtro solar e evitar a exposi\u00e7\u00e3o ao sol em excesso s\u00e3o t\u00f3picos frequentemente abordados na campanha Dezembro Laranja.<\/p>\n<h2>Apenas o uso do Filtro Solar \u00e9 o suficiente?<\/h2>\n<p>Nos \u00faltimos anos outras radia\u00e7\u00f5es (UVC, Infravermelto e a Luz Vis\u00edvel) t\u00eam se tornado importantes na genese de doen\u00e7as de pele, n\u00e3o s\u00f3 o c\u00e2ncer.<br \/>\nInfelizmente ainda n\u00e3o temos protetores solares espec\u00edficos para as radia\u00e7\u00f5es aqui listadas, o que torna importante o uso de roupas e chap\u00e9us como colaboradores na Prote\u00e7\u00e3o Solar.<\/p>\n<h2>Para que o uso do protetor solar seja mais efetivo, existem tr\u00eas regrinhas que devemos seguir<\/h2>\n<ul>\n<li>Ser aplicado 30 minutos antes da exposi\u00e7\u00e3o, na pele seca para que a qu\u00edmica tenha tempo de ser absorvida pela pele.<\/li>\n<li>A quantidade a ser aplicada \u00e9 1 colher de ch\u00e1 para face, pesco\u00e7o e colo.<\/li>\n<li>O ideal \u00e9 que o protetor tenha no m\u00ednimo 30FPS e a reaplica\u00e7\u00e3o a cada 2-3 hrs, dependendo da situa\u00e7\u00e3o, pois se voc\u00ea vai se exercitar e suar muito a reaplica\u00e7\u00e3o deve ser feita com menor intervalo.<\/li>\n<\/ul>\n<h2>Em dias nublados, preciso usar o Filtro Solar?<\/h2>\n<p>Justamente quando o sol n\u00e3o se apresenta forte e radiante \u00e9 quando devemos nos atentar \u00e0 prote\u00e7\u00e3o, a sensa\u00e7\u00e3o t\u00e9rmica n\u00e3o inc\u00f4moda em dias nublados passa uma falsa impress\u00e3o de \u201csol fraco\u201d, quando na verdade os raios UV continuam ali, atingindo sua pele, que deve estar sempre protegida.<\/p>\n<h2>Mudan\u00e7a de H\u00e1bitos<\/h2>\n<p>Se voc\u00ea ainda n\u00e3o \u00e9 adepto \u00e0 utiliza\u00e7\u00e3o do Filtro Solar no seu dia-a-dia, aproveite a campanha Dezembro Laranja para mudar seus h\u00e1bitos e fazer o uso constante do Filtro Solar, espalhe para as pessoas essa dica valiosa, que al\u00e9m de ajudar na preven\u00e7\u00e3o do C\u00e2ncer de Pele, tamb\u00e9m \u00e9 uma \u00f3tima ferramenta no rejuvenescimento.<\/p>\n","protected":false},"excerpt":{"rendered":"<p><small> 2 minutos<\/small> O clima quente do ver\u00e3o com altas temperaturas favorecem no m\u00eas de Dezembro as atividades ao ar livre e maior exposi\u00e7\u00e3o ao sol. A campanha #Ver\u00e3oLaranja vem para alertar sobre os riscos do C\u00e2ncer de Pele e principalmente conscientizar para a import\u00e2ncia da prote\u00e7\u00e3o solar. Embora a discuss\u00e3o sobre o tema seja maior nos meses mais quentes do ano, o uso do filtro solar deve se tornar um h\u00e1bito. Qual a Rela\u00e7\u00e3o entre C\u00e2ncer de Pele e Exposi\u00e7\u00e3o aos Raios de Sol? <a href=\"https:\/\/www.dravivianloureiro.com.br\/blog\/dezembro-laranja-e-protecao-solar\/\" class=\"more-link\"><span>Continue lendo<\/span>\u2192<\/a><\/p>\n","protected":false},"author":1,"featured_media":3576,"comment_status":"open","ping_status":"open","sticky":false,"template":"","format":"standard","meta":[],"categories":[577],"tags":[504,94,122,253,223,206,396],"yoast_head":"<!-- This site is optimized with the Yoast SEO plugin v20.6 - https:\/\/yoast.com\/wordpress\/plugins\/seo\/ -->\n<title>Ver\u00e3o Laranja e Prote\u00e7\u00e3o Solar - Beauty Beyond Skin Dermatologia Especializada<\/title>\n<meta name=\"description\" content=\"As altas temperaturas favorecem as atividades ao ar livre e maior exposi\u00e7\u00e3o ao sol. Entenda a rela\u00e7\u00e3o entre o Sol e o C\u00e2ncer de Pele no Dezembro Laranja. Gabriela Casabona Dermatologista Especialista em Fotoprote\u00e7\u00e3o em S\u00e3o Paulo. Telefones: 11 3668-5910 ou 11 3661-9502\" \/>\n<meta name=\"robots\" content=\"index, follow, max-snippet:-1, max-image-preview:large, max-video-preview:-1\" \/>\n<link rel=\"canonical\" href=\"https:\/\/www.dravivianloureiro.com.br\/blog\/dezembro-laranja-e-protecao-solar\/\" \/>\n<meta property=\"og:locale\" content=\"pt_BR\" \/>\n<meta property=\"og:type\" content=\"article\" \/>\n<meta property=\"og:title\" content=\"Ver\u00e3o Laranja e Prote\u00e7\u00e3o Solar - Beauty Beyond Skin Dermatologia Especializada\" \/>\n<meta property=\"og:description\" content=\"As altas temperaturas favorecem as atividades ao ar livre e maior exposi\u00e7\u00e3o ao sol. Entenda a rela\u00e7\u00e3o entre o Sol e o C\u00e2ncer de Pele no Dezembro Laranja. Gabriela Casabona Dermatologista Especialista em Fotoprote\u00e7\u00e3o em S\u00e3o Paulo. Telefones: 11 3668-5910 ou 11 3661-9502\" \/>\n<meta property=\"og:url\" content=\"https:\/\/www.dravivianloureiro.com.br\/blog\/dezembro-laranja-e-protecao-solar\/\" \/>\n<meta property=\"og:site_name\" content=\"Dra. Vivian Loureiro\" \/>\n<meta property=\"article:publisher\" content=\"https:\/\/pt-br.facebook.com\/vivianloureirodermatologia\/\" \/>\n<meta property=\"article:author\" content=\"https:\/\/pt-br.facebook.com\/vivianloureirodermatologia\/\" \/>\n<meta property=\"article:published_time\" content=\"2016-12-12T13:31:42+00:00\" \/>\n<meta name=\"author\" content=\"Vivian Loureiro\" \/>\n<meta name=\"twitter:card\" content=\"summary_large_image\" \/>\n<meta name=\"twitter:label1\" content=\"Escrito por\" \/>\n\t<meta name=\"twitter:data1\" content=\"Vivian Loureiro\" \/>\n\t<meta name=\"twitter:label2\" content=\"Est. tempo de leitura\" \/>\n\t<meta name=\"twitter:data2\" content=\"2 minutos\" \/>\n<script type=\"application\/ld+json\" class=\"yoast-schema-graph\">{\"@context\":\"https:\/\/schema.org\",\"@graph\":[{\"@type\":\"Article\",\"@id\":\"https:\/\/www.dravivianloureiro.com.br\/blog\/dezembro-laranja-e-protecao-solar\/#article\",\"isPartOf\":{\"@id\":\"https:\/\/www.dravivianloureiro.com.br\/blog\/dezembro-laranja-e-protecao-solar\/\"},\"author\":{\"name\":\"Vivian Loureiro\",\"@id\":\"https:\/\/www.dravivianloureiro.com.br\/blog\/#\/schema\/person\/f6272c0e48dae4364ef626c598c5cb84\"},\"headline\":\"Ver\u00e3o Laranja e a Prote\u00e7\u00e3o Solar\",\"datePublished\":\"2016-12-12T13:31:42+00:00\",\"dateModified\":\"2016-12-12T13:31:42+00:00\",\"mainEntityOfPage\":{\"@id\":\"https:\/\/www.dravivianloureiro.com.br\/blog\/dezembro-laranja-e-protecao-solar\/\"},\"wordCount\":461,\"commentCount\":0,\"publisher\":{\"@id\":\"https:\/\/www.dravivianloureiro.com.br\/blog\/#organization\"},\"keywords\":[\"bronzeamento\",\"c\u00e2ncer de pele\",\"cuidados com a pele\",\"dezembro laranja\",\"filtro solar\",\"prote\u00e7\u00e3o solar\",\"rejuvenescimento\"],\"articleSection\":[\"Cancer de Pele\"],\"inLanguage\":\"pt-BR\",\"potentialAction\":[{\"@type\":\"CommentAction\",\"name\":\"Comment\",\"target\":[\"https:\/\/www.dravivianloureiro.com.br\/blog\/dezembro-laranja-e-protecao-solar\/#respond\"]}]},{\"@type\":\"WebPage\",\"@id\":\"https:\/\/www.dravivianloureiro.com.br\/blog\/dezembro-laranja-e-protecao-solar\/\",\"url\":\"https:\/\/www.dravivianloureiro.com.br\/blog\/dezembro-laranja-e-protecao-solar\/\",\"name\":\"Ver\u00e3o Laranja e Prote\u00e7\u00e3o Solar - Beauty Beyond Skin Dermatologia Especializada\",\"isPartOf\":{\"@id\":\"https:\/\/www.dravivianloureiro.com.br\/blog\/#website\"},\"datePublished\":\"2016-12-12T13:31:42+00:00\",\"dateModified\":\"2016-12-12T13:31:42+00:00\",\"description\":\"As altas temperaturas favorecem as atividades ao ar livre e maior exposi\u00e7\u00e3o ao sol. Entenda a rela\u00e7\u00e3o entre o Sol e o C\u00e2ncer de Pele no Dezembro Laranja. Gabriela Casabona Dermatologista Especialista em Fotoprote\u00e7\u00e3o em S\u00e3o Paulo. Telefones: 11 3668-5910 ou 11 3661-9502\",\"breadcrumb\":{\"@id\":\"https:\/\/www.dravivianloureiro.com.br\/blog\/dezembro-laranja-e-protecao-solar\/#breadcrumb\"},\"inLanguage\":\"pt-BR\",\"potentialAction\":[{\"@type\":\"ReadAction\",\"target\":[\"https:\/\/www.dravivianloureiro.com.br\/blog\/dezembro-laranja-e-protecao-solar\/\"]}]},{\"@type\":\"BreadcrumbList\",\"@id\":\"https:\/\/www.dravivianloureiro.com.br\/blog\/dezembro-laranja-e-protecao-solar\/#breadcrumb\",\"itemListElement\":[{\"@type\":\"ListItem\",\"position\":1,\"name\":\"In\u00edcio\",\"item\":\"https:\/\/www.dravivianloureiro.com.br\/blog\/\"},{\"@type\":\"ListItem\",\"position\":2,\"name\":\"Ver\u00e3o Laranja e a Prote\u00e7\u00e3o Solar\"}]},{\"@type\":\"WebSite\",\"@id\":\"https:\/\/www.dravivianloureiro.com.br\/blog\/#website\",\"url\":\"https:\/\/www.dravivianloureiro.com.br\/blog\/\",\"name\":\"Dermatologista Vivian Loureiro\",\"description\":\"\",\"publisher\":{\"@id\":\"https:\/\/www.dravivianloureiro.com.br\/blog\/#organization\"},\"potentialAction\":[{\"@type\":\"SearchAction\",\"target\":{\"@type\":\"EntryPoint\",\"urlTemplate\":\"https:\/\/www.dravivianloureiro.com.br\/blog\/?s={search_term_string}\"},\"query-input\":\"required name=search_term_string\"}],\"inLanguage\":\"pt-BR\"},{\"@type\":\"Organization\",\"@id\":\"https:\/\/www.dravivianloureiro.com.br\/blog\/#organization\",\"name\":\"Dra. Vivian Loureiro - Dermatologista Em S\u00e3o Paulo\",\"url\":\"https:\/\/www.dravivianloureiro.com.br\/blog\/\",\"logo\":{\"@type\":\"ImageObject\",\"inLanguage\":\"pt-BR\",\"@id\":\"https:\/\/www.dravivianloureiro.com.br\/blog\/#\/schema\/logo\/image\/\",\"url\":\"https:\/\/www.dravivianloureiro.com.br\/blog\/wp-content\/uploads\/2018\/08\/favicon.jpg\",\"contentUrl\":\"https:\/\/www.dravivianloureiro.com.br\/blog\/wp-content\/uploads\/2018\/08\/favicon.jpg\",\"width\":112,\"height\":112,\"caption\":\"Dra. Vivian Loureiro - Dermatologista Em S\u00e3o Paulo\"},\"image\":{\"@id\":\"https:\/\/www.dravivianloureiro.com.br\/blog\/#\/schema\/logo\/image\/\"},\"sameAs\":[\"https:\/\/pt-br.facebook.com\/vivianloureirodermatologia\/\",\"https:\/\/www.instagram.com\/vivianloureirodermatologia\/\",\"https:\/\/www.linkedin.com\/in\/vivian-barzi-loureiro-a6412887\/\"]},{\"@type\":\"Person\",\"@id\":\"https:\/\/www.dravivianloureiro.com.br\/blog\/#\/schema\/person\/f6272c0e48dae4364ef626c598c5cb84\",\"name\":\"Vivian Loureiro\",\"image\":{\"@type\":\"ImageObject\",\"inLanguage\":\"pt-BR\",\"@id\":\"https:\/\/www.dravivianloureiro.com.br\/blog\/#\/schema\/person\/image\/\",\"url\":\"https:\/\/secure.gravatar.com\/avatar\/8ee2b0fae98657240c77e822ae139ad3?s=96&d=wp_user_avatar&r=g\",\"contentUrl\":\"https:\/\/secure.gravatar.com\/avatar\/8ee2b0fae98657240c77e822ae139ad3?s=96&d=wp_user_avatar&r=g\",\"caption\":\"Vivian Loureiro\"},\"description\":\"M\u00e9dica formada pela Universidade de S\u00e3o Paulo (USP). Realizou resid\u00eancia m\u00e9dica em Dermatologia e complementa\u00e7\u00e3o em Cosmiatria e Laser pelo departamento de Dermatologia do Hospital das Cl\u00ednicas da Faculdade de Medicina da Universidade de S\u00e3o Paulo (USP). Possui t\u00edtulo de especialista em Dermatologia. \u00c9 membro da Sociedade Brasileira de Dermatologia (SBD) e Sociedade Brasileira de Cirurgia Dermatol\u00f3gica (SBCD) e m\u00e9dica do grupo Fleury. Atua nas \u00e1reas de Dermatologia Cl\u00ednica, Cir\u00fargica, Pedi\u00e1trica e Est\u00e9tica. Frequenta e palestra nos principais cursos e congressos de dermatologia, nacionais e internacionais, a fim de se manter em constante atualiza\u00e7\u00e3o.\",\"sameAs\":[\"https:\/\/www.dravivianloureiro.com.br\/\",\"https:\/\/pt-br.facebook.com\/vivianloureirodermatologia\/\",\"https:\/\/www.instagram.com\/vivianloureirodermatologia\/\",\"https:\/\/www.linkedin.com\/in\/vivian-barzi-loureiro-a6412887\/\"]}]}<\/script>\n<!-- \/ Yoast SEO plugin. -->","yoast_head_json":{"title":"Ver\u00e3o Laranja e Prote\u00e7\u00e3o Solar - Beauty Beyond Skin Dermatologia Especializada","description":"As altas temperaturas favorecem as atividades ao ar livre e maior exposi\u00e7\u00e3o ao sol. Entenda a rela\u00e7\u00e3o entre o Sol e o C\u00e2ncer de Pele no Dezembro Laranja. Gabriela Casabona Dermatologista Especialista em Fotoprote\u00e7\u00e3o em S\u00e3o Paulo. Telefones: 11 3668-5910 ou 11 3661-9502","robots":{"index":"index","follow":"follow","max-snippet":"max-snippet:-1","max-image-preview":"max-image-preview:large","max-video-preview":"max-video-preview:-1"},"canonical":"https:\/\/www.dravivianloureiro.com.br\/blog\/dezembro-laranja-e-protecao-solar\/","og_locale":"pt_BR","og_type":"article","og_title":"Ver\u00e3o Laranja e Prote\u00e7\u00e3o Solar - Beauty Beyond Skin Dermatologia Especializada","og_description":"As altas temperaturas favorecem as atividades ao ar livre e maior exposi\u00e7\u00e3o ao sol. Entenda a rela\u00e7\u00e3o entre o Sol e o C\u00e2ncer de Pele no Dezembro Laranja. Gabriela Casabona Dermatologista Especialista em Fotoprote\u00e7\u00e3o em S\u00e3o Paulo. Telefones: 11 3668-5910 ou 11 3661-9502","og_url":"https:\/\/www.dravivianloureiro.com.br\/blog\/dezembro-laranja-e-protecao-solar\/","og_site_name":"Dra. Vivian Loureiro","article_publisher":"https:\/\/pt-br.facebook.com\/vivianloureirodermatologia\/","article_author":"https:\/\/pt-br.facebook.com\/vivianloureirodermatologia\/","article_published_time":"2016-12-12T13:31:42+00:00","author":"Vivian Loureiro","twitter_card":"summary_large_image","twitter_misc":{"Escrito por":"Vivian Loureiro","Est. tempo de leitura":"2 minutos"},"schema":{"@context":"https:\/\/schema.org","@graph":[{"@type":"Article","@id":"https:\/\/www.dravivianloureiro.com.br\/blog\/dezembro-laranja-e-protecao-solar\/#article","isPartOf":{"@id":"https:\/\/www.dravivianloureiro.com.br\/blog\/dezembro-laranja-e-protecao-solar\/"},"author":{"name":"Vivian Loureiro","@id":"https:\/\/www.dravivianloureiro.com.br\/blog\/#\/schema\/person\/f6272c0e48dae4364ef626c598c5cb84"},"headline":"Ver\u00e3o Laranja e a Prote\u00e7\u00e3o Solar","datePublished":"2016-12-12T13:31:42+00:00","dateModified":"2016-12-12T13:31:42+00:00","mainEntityOfPage":{"@id":"https:\/\/www.dravivianloureiro.com.br\/blog\/dezembro-laranja-e-protecao-solar\/"},"wordCount":461,"commentCount":0,"publisher":{"@id":"https:\/\/www.dravivianloureiro.com.br\/blog\/#organization"},"keywords":["bronzeamento","c\u00e2ncer de pele","cuidados com a pele","dezembro laranja","filtro solar","prote\u00e7\u00e3o solar","rejuvenescimento"],"articleSection":["Cancer de Pele"],"inLanguage":"pt-BR","potentialAction":[{"@type":"CommentAction","name":"Comment","target":["https:\/\/www.dravivianloureiro.com.br\/blog\/dezembro-laranja-e-protecao-solar\/#respond"]}]},{"@type":"WebPage","@id":"https:\/\/www.dravivianloureiro.com.br\/blog\/dezembro-laranja-e-protecao-solar\/","url":"https:\/\/www.dravivianloureiro.com.br\/blog\/dezembro-laranja-e-protecao-solar\/","name":"Ver\u00e3o Laranja e Prote\u00e7\u00e3o Solar - Beauty Beyond Skin Dermatologia Especializada","isPartOf":{"@id":"https:\/\/www.dravivianloureiro.com.br\/blog\/#website"},"datePublished":"2016-12-12T13:31:42+00:00","dateModified":"2016-12-12T13:31:42+00:00","description":"As altas temperaturas favorecem as atividades ao ar livre e maior exposi\u00e7\u00e3o ao sol. Entenda a rela\u00e7\u00e3o entre o Sol e o C\u00e2ncer de Pele no Dezembro Laranja. Gabriela Casabona Dermatologista Especialista em Fotoprote\u00e7\u00e3o em S\u00e3o Paulo. Telefones: 11 3668-5910 ou 11 3661-9502","breadcrumb":{"@id":"https:\/\/www.dravivianloureiro.com.br\/blog\/dezembro-laranja-e-protecao-solar\/#breadcrumb"},"inLanguage":"pt-BR","potentialAction":[{"@type":"ReadAction","target":["https:\/\/www.dravivianloureiro.com.br\/blog\/dezembro-laranja-e-protecao-solar\/"]}]},{"@type":"BreadcrumbList","@id":"https:\/\/www.dravivianloureiro.com.br\/blog\/dezembro-laranja-e-protecao-solar\/#breadcrumb","itemListElement":[{"@type":"ListItem","position":1,"name":"In\u00edcio","item":"https:\/\/www.dravivianloureiro.com.br\/blog\/"},{"@type":"ListItem","position":2,"name":"Ver\u00e3o Laranja e a Prote\u00e7\u00e3o Solar"}]},{"@type":"WebSite","@id":"https:\/\/www.dravivianloureiro.com.br\/blog\/#website","url":"https:\/\/www.dravivianloureiro.com.br\/blog\/","name":"Dermatologista Vivian Loureiro","description":"","publisher":{"@id":"https:\/\/www.dravivianloureiro.com.br\/blog\/#organization"},"potentialAction":[{"@type":"SearchAction","target":{"@type":"EntryPoint","urlTemplate":"https:\/\/www.dravivianloureiro.com.br\/blog\/?s={search_term_string}"},"query-input":"required name=search_term_string"}],"inLanguage":"pt-BR"},{"@type":"Organization","@id":"https:\/\/www.dravivianloureiro.com.br\/blog\/#organization","name":"Dra. Vivian Loureiro - Dermatologista Em S\u00e3o Paulo","url":"https:\/\/www.dravivianloureiro.com.br\/blog\/","logo":{"@type":"ImageObject","inLanguage":"pt-BR","@id":"https:\/\/www.dravivianloureiro.com.br\/blog\/#\/schema\/logo\/image\/","url":"https:\/\/www.dravivianloureiro.com.br\/blog\/wp-content\/uploads\/2018\/08\/favicon.jpg","contentUrl":"https:\/\/www.dravivianloureiro.com.br\/blog\/wp-content\/uploads\/2018\/08\/favicon.jpg","width":112,"height":112,"caption":"Dra. Vivian Loureiro - Dermatologista Em S\u00e3o Paulo"},"image":{"@id":"https:\/\/www.dravivianloureiro.com.br\/blog\/#\/schema\/logo\/image\/"},"sameAs":["https:\/\/pt-br.facebook.com\/vivianloureirodermatologia\/","https:\/\/www.instagram.com\/vivianloureirodermatologia\/","https:\/\/www.linkedin.com\/in\/vivian-barzi-loureiro-a6412887\/"]},{"@type":"Person","@id":"https:\/\/www.dravivianloureiro.com.br\/blog\/#\/schema\/person\/f6272c0e48dae4364ef626c598c5cb84","name":"Vivian Loureiro","image":{"@type":"ImageObject","inLanguage":"pt-BR","@id":"https:\/\/www.dravivianloureiro.com.br\/blog\/#\/schema\/person\/image\/","url":"https:\/\/secure.gravatar.com\/avatar\/8ee2b0fae98657240c77e822ae139ad3?s=96&d=wp_user_avatar&r=g","contentUrl":"https:\/\/secure.gravatar.com\/avatar\/8ee2b0fae98657240c77e822ae139ad3?s=96&d=wp_user_avatar&r=g","caption":"Vivian Loureiro"},"description":"M\u00e9dica formada pela Universidade de S\u00e3o Paulo (USP). Realizou resid\u00eancia m\u00e9dica em Dermatologia e complementa\u00e7\u00e3o em Cosmiatria e Laser pelo departamento de Dermatologia do Hospital das Cl\u00ednicas da Faculdade de Medicina da Universidade de S\u00e3o Paulo (USP). Possui t\u00edtulo de especialista em Dermatologia. \u00c9 membro da Sociedade Brasileira de Dermatologia (SBD) e Sociedade Brasileira de Cirurgia Dermatol\u00f3gica (SBCD) e m\u00e9dica do grupo Fleury. Atua nas \u00e1reas de Dermatologia Cl\u00ednica, Cir\u00fargica, Pedi\u00e1trica e Est\u00e9tica. Frequenta e palestra nos principais cursos e congressos de dermatologia, nacionais e internacionais, a fim de se manter em constante atualiza\u00e7\u00e3o.","sameAs":["https:\/\/www.dravivianloureiro.com.br\/","https:\/\/pt-br.facebook.com\/vivianloureirodermatologia\/","https:\/\/www.instagram.com\/vivianloureirodermatologia\/","https:\/\/www.linkedin.com\/in\/vivian-barzi-loureiro-a6412887\/"]}]}},"amp_enabled":true,"_links":{"self":[{"href":"https:\/\/www.dravivianloureiro.com.br\/blog\/wp-json\/wp\/v2\/posts\/3106"}],"collection":[{"href":"https:\/\/www.dravivianloureiro.com.br\/blog\/wp-json\/wp\/v2\/posts"}],"about":[{"href":"https:\/\/www.dravivianloureiro.com.br\/blog\/wp-json\/wp\/v2\/types\/post"}],"author":[{"embeddable":true,"href":"https:\/\/www.dravivianloureiro.com.br\/blog\/wp-json\/wp\/v2\/users\/1"}],"replies":[{"embeddable":true,"href":"https:\/\/www.dravivianloureiro.com.br\/blog\/wp-json\/wp\/v2\/comments?post=3106"}],"version-history":[{"count":0,"href":"https:\/\/www.dravivianloureiro.com.br\/blog\/wp-json\/wp\/v2\/posts\/3106\/revisions"}],"wp:featuredmedia":[{"embeddable":true,"href":"https:\/\/www.dravivianloureiro.com.br\/blog\/wp-json\/"}],"wp:attachment":[{"href":"https:\/\/www.dravivianloureiro.com.br\/blog\/wp-json\/wp\/v2\/media?parent=3106"}],"wp:term":[{"taxonomy":"category","embeddable":true,"href":"https:\/\/www.dravivianloureiro.com.br\/blog\/wp-json\/wp\/v2\/categories?post=3106"},{"taxonomy":"post_tag","embeddable":true,"href":"https:\/\/www.dravivianloureiro.com.br\/blog\/wp-json\/wp\/v2\/tags?post=3106"}],"curies":[{"name":"wp","href":"https:\/\/api.w.org\/{rel}","templated":true}]}}