{"id":31,"date":"2011-10-28T12:42:03","date_gmt":"2011-10-28T12:42:03","guid":{"rendered":"http:\/\/www.gabrielacasabona.com.br\/blog\/?p=31"},"modified":"2011-10-28T12:42:03","modified_gmt":"2011-10-28T12:42:03","slug":"acne","status":"publish","type":"post","link":"https:\/\/www.dravivianloureiro.com.br\/blog\/acne\/","title":{"rendered":"Acne"},"content":{"rendered":"<p class=\"estimated-read-time\">Tempo de leitura:<small> 3 minutos<\/small><\/p> <p><strong>Tenho quadro de acne desde a adolesc\u00eancia e j\u00e1 usei v\u00e1rios produtos o que devo fazer?<\/strong><\/p>\n<p>A Acne \u00e9 um problema multifatorial de fundo gen\u00e9tico que atinge, na sua maioria, jovens entre 13 &#8211; 20 anos. As gl\u00e2ndulas, que na inf\u00e2ncia permanecem em repouso, nesta fase s\u00e3o estimuladas pelos horm\u00f4nios sexuais. S\u00e3o quatro os fatores principais que favorecem o seu aparecimento: gl\u00e2ndula seb\u00e1cea, considerando a quantidade e tipo de sebo produzido, bact\u00e9ria p acnes, espessamento pele ao redor do fol\u00edculo e a sensibilidade a horm\u00f4nios. Podemos ter v\u00e1rios graus de acne: cravos (comed\u00f5es), bolinhas com pus (p\u00fastulas) e ate cistos. Infelizmente n\u00e3o um medicamento ou laser ou outra tecnologia que trate todos os fatores e muitas vezes o tratamento falha.O tratamento deve ser iniciado precocemente para evitar cicatrizes que s\u00e3o de dif\u00edcil manuseio. O tratamento de elei\u00e7\u00e3o da acne, mesmo a resistente, ainda \u00e9 atrav\u00e9s de antibi\u00f3ticos, isotretinoina (Roacutan) e cremes espec\u00edficos. O paciente sempre deve se submeter a uma limpeza de pele com profissional capacitado para estes casos. Pode &#8211; se usar tamb\u00e9m outras tecnologias em casos espec\u00edficos como: Luz azul (Clear Light), PDT ALA (peeling que trata bact\u00e9rias e afina a pele) e peelings superficiais.<\/p>\n<p><strong>Depois de melhorar as minhas espinhas ficaram muitos buraquinhos no rosto como posso trat\u00e1-los?<\/strong><\/p>\n<p>As cicatrizes de acne podem assumir v\u00e1rias formas dependendo do grau e tipo de inflama\u00e7\u00e3o do quadro de acne. As v\u00e1rias formas s\u00e3o:<\/p>\n<p>Cada forma tem uma maneira ideal de tratamento e o segredo \u00e9 sempre particularizar cada uma delas. Normalmente nunca v\u00eaem isoladas, mas agrupadas e nunca s\u00e3o de um s\u00f3 tipo sempre tem pelo menos dois tipos combinados num s\u00f3 paciente, portanto o melhor tratamento \u00e9 combina\u00e7\u00e3o de t\u00e9cnicas. S\u00e3o usada t\u00e9cnica de punch ou subcis\u00e3o para as mais profundas e deprimidas, laseres como fracionado n\u00e3o ablativo Lux 1540nm e o ablativo Lux 2940nm ou CO2 fracionado Active Deep FX, peelings profundos (Blue peel ou Fenol) ou at\u00e9 preenchimento com hydroxiapatita de c\u00e1lcio (dura\u00e7\u00e3o 2 anos) ou ac hialur\u00f4nico (dura\u00e7\u00e3o 1 ano).<\/p>\n<p><strong>Se tomar sol, melhoro minha acne?<\/strong><\/p>\n<p>O sol disfar\u00e7a o quadro de acne, pois desidrata as gl\u00e2ndulas e parece melhorar o quadro geral. Contudo, o sol tamb\u00e9m causa agress\u00e3o aos fol\u00edculos e causa entupimento dos poros, resultando em mais acne, o que ocorre de 3 a 4 semanas ap\u00f3s exposi\u00e7\u00e3o \u00e0 luz solar.<\/p>\n<p><strong>Quando como chocolate tenho mais acne devo parar de comer para melhorar?<\/strong><\/p>\n<p>N\u00e3o h\u00e1 comprova\u00e7\u00e3o cient\u00edfica que relacione alimenta\u00e7\u00e3o com quadro de acne. Apenas nos casos de ingesta excessiva de leite e derivados quando associada a quadros de atopia (alergia alimentar, rinite e bronquite) mostrou-se que a ingest\u00e3o destes alimentos mant\u00e9m a acne ativa. Sabe-se tamb\u00e9m que uma dieta com muitas calorias (hipercal\u00f3rica) libera testosterona, o que estimula acne. Uma dieta rica em legumes, verduras e equilibrada combate radicais livres e melhora a acne por trazer sa\u00fade para todo o corpo e n\u00e3o especificamente \u00e0 pele.<\/p>\n<p>Fonte: Folha Online 24\/07\/2009<\/p>\n<p><strong>Dica para peles acneicas<\/strong><\/p>\n<p>Para tratar peles cansadas e com acne, uma boa dica \u00e9 aplicar uma mistura de pepino, ginseng e folhas de hamamelis, batidos no liquidificador, no rosto por dez minutos, durante cinco dias.<\/p>\n<p>Fonte : Programa 10 anos + Jovem<\/p>\n","protected":false},"excerpt":{"rendered":"<p><small> 3 minutos<\/small> Tenho quadro de acne desde a adolesc\u00eancia e j\u00e1 usei v\u00e1rios produtos o que devo fazer? A Acne \u00e9 um problema multifatorial de fundo gen\u00e9tico que atinge, na sua maioria, jovens entre 13 &#8211; 20 anos. As gl\u00e2ndulas, que na inf\u00e2ncia permanecem em repouso, nesta fase s\u00e3o estimuladas pelos horm\u00f4nios sexuais. S\u00e3o quatro os fatores principais que favorecem o seu aparecimento: gl\u00e2ndula seb\u00e1cea, considerando a quantidade e tipo de sebo produzido, bact\u00e9ria p acnes, espessamento pele ao redor do fol\u00edculo e a <a href=\"https:\/\/www.dravivianloureiro.com.br\/blog\/acne\/\" class=\"more-link\"><span>Continue lendo<\/span>\u2192<\/a><\/p>\n","protected":false},"author":1,"featured_media":3507,"comment_status":"open","ping_status":"open","sticky":false,"template":"","format":"standard","meta":[],"categories":[322,365],"tags":[325,407,408,409],"yoast_head":"<!-- This site is optimized with the Yoast SEO plugin v20.6 - https:\/\/yoast.com\/wordpress\/plugins\/seo\/ -->\n<title>O que fazer para tratar Acne? - Beauty Beyond Skin Dermatologia Especializada<\/title>\n<meta name=\"description\" content=\"Tenho quadro de acne desde a adolesc\u00eancia e j\u00e1 usei v\u00e1rios produtos o que devo fazer? Veja alguns procedimentos indicados no tratamento de Acne. Gabriela Casabona Dermatologista Especialista em Acne em S\u00e3o Paulo\" \/>\n<meta name=\"robots\" content=\"index, follow, max-snippet:-1, max-image-preview:large, max-video-preview:-1\" \/>\n<link rel=\"canonical\" href=\"https:\/\/www.dravivianloureiro.com.br\/blog\/acne\/\" \/>\n<meta property=\"og:locale\" content=\"pt_BR\" \/>\n<meta property=\"og:type\" content=\"article\" \/>\n<meta property=\"og:title\" content=\"O que fazer para tratar Acne? - Beauty Beyond Skin Dermatologia Especializada\" \/>\n<meta property=\"og:description\" content=\"Tenho quadro de acne desde a adolesc\u00eancia e j\u00e1 usei v\u00e1rios produtos o que devo fazer? Veja alguns procedimentos indicados no tratamento de Acne. Gabriela Casabona Dermatologista Especialista em Acne em S\u00e3o Paulo\" \/>\n<meta property=\"og:url\" content=\"https:\/\/www.dravivianloureiro.com.br\/blog\/acne\/\" \/>\n<meta property=\"og:site_name\" content=\"Dra. Vivian Loureiro\" \/>\n<meta property=\"article:publisher\" content=\"https:\/\/pt-br.facebook.com\/vivianloureirodermatologia\/\" \/>\n<meta property=\"article:author\" content=\"https:\/\/pt-br.facebook.com\/vivianloureirodermatologia\/\" \/>\n<meta property=\"article:published_time\" content=\"2011-10-28T12:42:03+00:00\" \/>\n<meta name=\"author\" content=\"Vivian Loureiro\" \/>\n<meta name=\"twitter:card\" content=\"summary_large_image\" \/>\n<meta name=\"twitter:label1\" content=\"Escrito por\" \/>\n\t<meta name=\"twitter:data1\" content=\"Vivian Loureiro\" \/>\n\t<meta name=\"twitter:label2\" content=\"Est. tempo de leitura\" \/>\n\t<meta name=\"twitter:data2\" content=\"3 minutos\" \/>\n<script type=\"application\/ld+json\" class=\"yoast-schema-graph\">{\"@context\":\"https:\/\/schema.org\",\"@graph\":[{\"@type\":\"Article\",\"@id\":\"https:\/\/www.dravivianloureiro.com.br\/blog\/acne\/#article\",\"isPartOf\":{\"@id\":\"https:\/\/www.dravivianloureiro.com.br\/blog\/acne\/\"},\"author\":{\"name\":\"Vivian Loureiro\",\"@id\":\"https:\/\/www.dravivianloureiro.com.br\/blog\/#\/schema\/person\/f6272c0e48dae4364ef626c598c5cb84\"},\"headline\":\"Acne\",\"datePublished\":\"2011-10-28T12:42:03+00:00\",\"dateModified\":\"2011-10-28T12:42:03+00:00\",\"mainEntityOfPage\":{\"@id\":\"https:\/\/www.dravivianloureiro.com.br\/blog\/acne\/\"},\"wordCount\":576,\"commentCount\":0,\"publisher\":{\"@id\":\"https:\/\/www.dravivianloureiro.com.br\/blog\/#organization\"},\"keywords\":[\"acne\",\"como tratar acne\",\"duvidas sobre acne\",\"melhor tratamento acne\"],\"articleSection\":[\"Acne\",\"Terap\u00eauticos\"],\"inLanguage\":\"pt-BR\",\"potentialAction\":[{\"@type\":\"CommentAction\",\"name\":\"Comment\",\"target\":[\"https:\/\/www.dravivianloureiro.com.br\/blog\/acne\/#respond\"]}]},{\"@type\":\"WebPage\",\"@id\":\"https:\/\/www.dravivianloureiro.com.br\/blog\/acne\/\",\"url\":\"https:\/\/www.dravivianloureiro.com.br\/blog\/acne\/\",\"name\":\"O que fazer para tratar Acne? - Beauty Beyond Skin Dermatologia Especializada\",\"isPartOf\":{\"@id\":\"https:\/\/www.dravivianloureiro.com.br\/blog\/#website\"},\"datePublished\":\"2011-10-28T12:42:03+00:00\",\"dateModified\":\"2011-10-28T12:42:03+00:00\",\"description\":\"Tenho quadro de acne desde a adolesc\u00eancia e j\u00e1 usei v\u00e1rios produtos o que devo fazer? Veja alguns procedimentos indicados no tratamento de Acne. Gabriela Casabona Dermatologista Especialista em Acne em S\u00e3o Paulo\",\"breadcrumb\":{\"@id\":\"https:\/\/www.dravivianloureiro.com.br\/blog\/acne\/#breadcrumb\"},\"inLanguage\":\"pt-BR\",\"potentialAction\":[{\"@type\":\"ReadAction\",\"target\":[\"https:\/\/www.dravivianloureiro.com.br\/blog\/acne\/\"]}]},{\"@type\":\"BreadcrumbList\",\"@id\":\"https:\/\/www.dravivianloureiro.com.br\/blog\/acne\/#breadcrumb\",\"itemListElement\":[{\"@type\":\"ListItem\",\"position\":1,\"name\":\"In\u00edcio\",\"item\":\"https:\/\/www.dravivianloureiro.com.br\/blog\/\"},{\"@type\":\"ListItem\",\"position\":2,\"name\":\"Acne\"}]},{\"@type\":\"WebSite\",\"@id\":\"https:\/\/www.dravivianloureiro.com.br\/blog\/#website\",\"url\":\"https:\/\/www.dravivianloureiro.com.br\/blog\/\",\"name\":\"Dermatologista Vivian Loureiro\",\"description\":\"\",\"publisher\":{\"@id\":\"https:\/\/www.dravivianloureiro.com.br\/blog\/#organization\"},\"potentialAction\":[{\"@type\":\"SearchAction\",\"target\":{\"@type\":\"EntryPoint\",\"urlTemplate\":\"https:\/\/www.dravivianloureiro.com.br\/blog\/?s={search_term_string}\"},\"query-input\":\"required name=search_term_string\"}],\"inLanguage\":\"pt-BR\"},{\"@type\":\"Organization\",\"@id\":\"https:\/\/www.dravivianloureiro.com.br\/blog\/#organization\",\"name\":\"Dra. Vivian Loureiro - Dermatologista Em S\u00e3o Paulo\",\"url\":\"https:\/\/www.dravivianloureiro.com.br\/blog\/\",\"logo\":{\"@type\":\"ImageObject\",\"inLanguage\":\"pt-BR\",\"@id\":\"https:\/\/www.dravivianloureiro.com.br\/blog\/#\/schema\/logo\/image\/\",\"url\":\"https:\/\/www.dravivianloureiro.com.br\/blog\/wp-content\/uploads\/2018\/08\/favicon.jpg\",\"contentUrl\":\"https:\/\/www.dravivianloureiro.com.br\/blog\/wp-content\/uploads\/2018\/08\/favicon.jpg\",\"width\":112,\"height\":112,\"caption\":\"Dra. Vivian Loureiro - Dermatologista Em S\u00e3o Paulo\"},\"image\":{\"@id\":\"https:\/\/www.dravivianloureiro.com.br\/blog\/#\/schema\/logo\/image\/\"},\"sameAs\":[\"https:\/\/pt-br.facebook.com\/vivianloureirodermatologia\/\",\"https:\/\/www.instagram.com\/vivianloureirodermatologia\/\",\"https:\/\/www.linkedin.com\/in\/vivian-barzi-loureiro-a6412887\/\"]},{\"@type\":\"Person\",\"@id\":\"https:\/\/www.dravivianloureiro.com.br\/blog\/#\/schema\/person\/f6272c0e48dae4364ef626c598c5cb84\",\"name\":\"Vivian Loureiro\",\"image\":{\"@type\":\"ImageObject\",\"inLanguage\":\"pt-BR\",\"@id\":\"https:\/\/www.dravivianloureiro.com.br\/blog\/#\/schema\/person\/image\/\",\"url\":\"https:\/\/secure.gravatar.com\/avatar\/8ee2b0fae98657240c77e822ae139ad3?s=96&d=wp_user_avatar&r=g\",\"contentUrl\":\"https:\/\/secure.gravatar.com\/avatar\/8ee2b0fae98657240c77e822ae139ad3?s=96&d=wp_user_avatar&r=g\",\"caption\":\"Vivian Loureiro\"},\"description\":\"M\u00e9dica formada pela Universidade de S\u00e3o Paulo (USP). Realizou resid\u00eancia m\u00e9dica em Dermatologia e complementa\u00e7\u00e3o em Cosmiatria e Laser pelo departamento de Dermatologia do Hospital das Cl\u00ednicas da Faculdade de Medicina da Universidade de S\u00e3o Paulo (USP). Possui t\u00edtulo de especialista em Dermatologia. \u00c9 membro da Sociedade Brasileira de Dermatologia (SBD) e Sociedade Brasileira de Cirurgia Dermatol\u00f3gica (SBCD) e m\u00e9dica do grupo Fleury. Atua nas \u00e1reas de Dermatologia Cl\u00ednica, Cir\u00fargica, Pedi\u00e1trica e Est\u00e9tica. Frequenta e palestra nos principais cursos e congressos de dermatologia, nacionais e internacionais, a fim de se manter em constante atualiza\u00e7\u00e3o.\",\"sameAs\":[\"https:\/\/www.dravivianloureiro.com.br\/\",\"https:\/\/pt-br.facebook.com\/vivianloureirodermatologia\/\",\"https:\/\/www.instagram.com\/vivianloureirodermatologia\/\",\"https:\/\/www.linkedin.com\/in\/vivian-barzi-loureiro-a6412887\/\"]}]}<\/script>\n<!-- \/ Yoast SEO plugin. -->","yoast_head_json":{"title":"O que fazer para tratar Acne? - Beauty Beyond Skin Dermatologia Especializada","description":"Tenho quadro de acne desde a adolesc\u00eancia e j\u00e1 usei v\u00e1rios produtos o que devo fazer? Veja alguns procedimentos indicados no tratamento de Acne. Gabriela Casabona Dermatologista Especialista em Acne em S\u00e3o Paulo","robots":{"index":"index","follow":"follow","max-snippet":"max-snippet:-1","max-image-preview":"max-image-preview:large","max-video-preview":"max-video-preview:-1"},"canonical":"https:\/\/www.dravivianloureiro.com.br\/blog\/acne\/","og_locale":"pt_BR","og_type":"article","og_title":"O que fazer para tratar Acne? - Beauty Beyond Skin Dermatologia Especializada","og_description":"Tenho quadro de acne desde a adolesc\u00eancia e j\u00e1 usei v\u00e1rios produtos o que devo fazer? Veja alguns procedimentos indicados no tratamento de Acne. Gabriela Casabona Dermatologista Especialista em Acne em S\u00e3o Paulo","og_url":"https:\/\/www.dravivianloureiro.com.br\/blog\/acne\/","og_site_name":"Dra. Vivian Loureiro","article_publisher":"https:\/\/pt-br.facebook.com\/vivianloureirodermatologia\/","article_author":"https:\/\/pt-br.facebook.com\/vivianloureirodermatologia\/","article_published_time":"2011-10-28T12:42:03+00:00","author":"Vivian Loureiro","twitter_card":"summary_large_image","twitter_misc":{"Escrito por":"Vivian Loureiro","Est. tempo de leitura":"3 minutos"},"schema":{"@context":"https:\/\/schema.org","@graph":[{"@type":"Article","@id":"https:\/\/www.dravivianloureiro.com.br\/blog\/acne\/#article","isPartOf":{"@id":"https:\/\/www.dravivianloureiro.com.br\/blog\/acne\/"},"author":{"name":"Vivian Loureiro","@id":"https:\/\/www.dravivianloureiro.com.br\/blog\/#\/schema\/person\/f6272c0e48dae4364ef626c598c5cb84"},"headline":"Acne","datePublished":"2011-10-28T12:42:03+00:00","dateModified":"2011-10-28T12:42:03+00:00","mainEntityOfPage":{"@id":"https:\/\/www.dravivianloureiro.com.br\/blog\/acne\/"},"wordCount":576,"commentCount":0,"publisher":{"@id":"https:\/\/www.dravivianloureiro.com.br\/blog\/#organization"},"keywords":["acne","como tratar acne","duvidas sobre acne","melhor tratamento acne"],"articleSection":["Acne","Terap\u00eauticos"],"inLanguage":"pt-BR","potentialAction":[{"@type":"CommentAction","name":"Comment","target":["https:\/\/www.dravivianloureiro.com.br\/blog\/acne\/#respond"]}]},{"@type":"WebPage","@id":"https:\/\/www.dravivianloureiro.com.br\/blog\/acne\/","url":"https:\/\/www.dravivianloureiro.com.br\/blog\/acne\/","name":"O que fazer para tratar Acne? - Beauty Beyond Skin Dermatologia Especializada","isPartOf":{"@id":"https:\/\/www.dravivianloureiro.com.br\/blog\/#website"},"datePublished":"2011-10-28T12:42:03+00:00","dateModified":"2011-10-28T12:42:03+00:00","description":"Tenho quadro de acne desde a adolesc\u00eancia e j\u00e1 usei v\u00e1rios produtos o que devo fazer? Veja alguns procedimentos indicados no tratamento de Acne. Gabriela Casabona Dermatologista Especialista em Acne em S\u00e3o Paulo","breadcrumb":{"@id":"https:\/\/www.dravivianloureiro.com.br\/blog\/acne\/#breadcrumb"},"inLanguage":"pt-BR","potentialAction":[{"@type":"ReadAction","target":["https:\/\/www.dravivianloureiro.com.br\/blog\/acne\/"]}]},{"@type":"BreadcrumbList","@id":"https:\/\/www.dravivianloureiro.com.br\/blog\/acne\/#breadcrumb","itemListElement":[{"@type":"ListItem","position":1,"name":"In\u00edcio","item":"https:\/\/www.dravivianloureiro.com.br\/blog\/"},{"@type":"ListItem","position":2,"name":"Acne"}]},{"@type":"WebSite","@id":"https:\/\/www.dravivianloureiro.com.br\/blog\/#website","url":"https:\/\/www.dravivianloureiro.com.br\/blog\/","name":"Dermatologista Vivian Loureiro","description":"","publisher":{"@id":"https:\/\/www.dravivianloureiro.com.br\/blog\/#organization"},"potentialAction":[{"@type":"SearchAction","target":{"@type":"EntryPoint","urlTemplate":"https:\/\/www.dravivianloureiro.com.br\/blog\/?s={search_term_string}"},"query-input":"required name=search_term_string"}],"inLanguage":"pt-BR"},{"@type":"Organization","@id":"https:\/\/www.dravivianloureiro.com.br\/blog\/#organization","name":"Dra. Vivian Loureiro - Dermatologista Em S\u00e3o Paulo","url":"https:\/\/www.dravivianloureiro.com.br\/blog\/","logo":{"@type":"ImageObject","inLanguage":"pt-BR","@id":"https:\/\/www.dravivianloureiro.com.br\/blog\/#\/schema\/logo\/image\/","url":"https:\/\/www.dravivianloureiro.com.br\/blog\/wp-content\/uploads\/2018\/08\/favicon.jpg","contentUrl":"https:\/\/www.dravivianloureiro.com.br\/blog\/wp-content\/uploads\/2018\/08\/favicon.jpg","width":112,"height":112,"caption":"Dra. Vivian Loureiro - Dermatologista Em S\u00e3o Paulo"},"image":{"@id":"https:\/\/www.dravivianloureiro.com.br\/blog\/#\/schema\/logo\/image\/"},"sameAs":["https:\/\/pt-br.facebook.com\/vivianloureirodermatologia\/","https:\/\/www.instagram.com\/vivianloureirodermatologia\/","https:\/\/www.linkedin.com\/in\/vivian-barzi-loureiro-a6412887\/"]},{"@type":"Person","@id":"https:\/\/www.dravivianloureiro.com.br\/blog\/#\/schema\/person\/f6272c0e48dae4364ef626c598c5cb84","name":"Vivian Loureiro","image":{"@type":"ImageObject","inLanguage":"pt-BR","@id":"https:\/\/www.dravivianloureiro.com.br\/blog\/#\/schema\/person\/image\/","url":"https:\/\/secure.gravatar.com\/avatar\/8ee2b0fae98657240c77e822ae139ad3?s=96&d=wp_user_avatar&r=g","contentUrl":"https:\/\/secure.gravatar.com\/avatar\/8ee2b0fae98657240c77e822ae139ad3?s=96&d=wp_user_avatar&r=g","caption":"Vivian Loureiro"},"description":"M\u00e9dica formada pela Universidade de S\u00e3o Paulo (USP). Realizou resid\u00eancia m\u00e9dica em Dermatologia e complementa\u00e7\u00e3o em Cosmiatria e Laser pelo departamento de Dermatologia do Hospital das Cl\u00ednicas da Faculdade de Medicina da Universidade de S\u00e3o Paulo (USP). Possui t\u00edtulo de especialista em Dermatologia. \u00c9 membro da Sociedade Brasileira de Dermatologia (SBD) e Sociedade Brasileira de Cirurgia Dermatol\u00f3gica (SBCD) e m\u00e9dica do grupo Fleury. Atua nas \u00e1reas de Dermatologia Cl\u00ednica, Cir\u00fargica, Pedi\u00e1trica e Est\u00e9tica. Frequenta e palestra nos principais cursos e congressos de dermatologia, nacionais e internacionais, a fim de se manter em constante atualiza\u00e7\u00e3o.","sameAs":["https:\/\/www.dravivianloureiro.com.br\/","https:\/\/pt-br.facebook.com\/vivianloureirodermatologia\/","https:\/\/www.instagram.com\/vivianloureirodermatologia\/","https:\/\/www.linkedin.com\/in\/vivian-barzi-loureiro-a6412887\/"]}]}},"amp_enabled":true,"_links":{"self":[{"href":"https:\/\/www.dravivianloureiro.com.br\/blog\/wp-json\/wp\/v2\/posts\/31"}],"collection":[{"href":"https:\/\/www.dravivianloureiro.com.br\/blog\/wp-json\/wp\/v2\/posts"}],"about":[{"href":"https:\/\/www.dravivianloureiro.com.br\/blog\/wp-json\/wp\/v2\/types\/post"}],"author":[{"embeddable":true,"href":"https:\/\/www.dravivianloureiro.com.br\/blog\/wp-json\/wp\/v2\/users\/1"}],"replies":[{"embeddable":true,"href":"https:\/\/www.dravivianloureiro.com.br\/blog\/wp-json\/wp\/v2\/comments?post=31"}],"version-history":[{"count":0,"href":"https:\/\/www.dravivianloureiro.com.br\/blog\/wp-json\/wp\/v2\/posts\/31\/revisions"}],"wp:featuredmedia":[{"embeddable":true,"href":"https:\/\/www.dravivianloureiro.com.br\/blog\/wp-json\/"}],"wp:attachment":[{"href":"https:\/\/www.dravivianloureiro.com.br\/blog\/wp-json\/wp\/v2\/media?parent=31"}],"wp:term":[{"taxonomy":"category","embeddable":true,"href":"https:\/\/www.dravivianloureiro.com.br\/blog\/wp-json\/wp\/v2\/categories?post=31"},{"taxonomy":"post_tag","embeddable":true,"href":"https:\/\/www.dravivianloureiro.com.br\/blog\/wp-json\/wp\/v2\/tags?post=31"}],"curies":[{"name":"wp","href":"https:\/\/api.w.org\/{rel}","templated":true}]}}