{"id":3098,"date":"2016-12-09T19:15:54","date_gmt":"2016-12-09T22:15:54","guid":{"rendered":"https:\/\/gabrielacasabona.com.br\/?p=3098"},"modified":"2016-12-09T19:15:54","modified_gmt":"2016-12-09T22:15:54","slug":"dezembro-laranja-mes-da-conscientizacao-sobre-o-cancer-de-pele","status":"publish","type":"post","link":"https:\/\/www.dravivianloureiro.com.br\/blog\/dezembro-laranja-mes-da-conscientizacao-sobre-o-cancer-de-pele\/","title":{"rendered":"Dezembro Laranja, M\u00eas Da Conscientiza\u00e7\u00e3o Sobre o C\u00e2ncer de Pele"},"content":{"rendered":"<p class=\"estimated-read-time\">Tempo de leitura:<small> 2 minutos<\/small><\/p> <h2>Dezembro \u00e9 o m\u00eas do #DezembroLaranja e mesmo com toda campanha de conscientiza\u00e7\u00e3o, muitas pessoas ainda possuem d\u00favidas que cercam o assunto.<\/h2>\n<p>O C\u00e2ncer de Pele \u00e9 muitas vezes diagnosticado utilizando seus sin\u00f4nimos, quando falamos de Melanoma, Carcinoma Espinocelular, Carcinoma Basocelular, estamos falando de C\u00e2ncer de Pele.<\/p>\n<h2>Conhela os Tipos de C\u00e2ncer de Pele<\/h2>\n<h3>Melanoma<\/h3>\n<p>Se origina dos Melan\u00f3citos (c\u00e9lulas respons\u00e1veis pela produ\u00e7\u00e3o de pigmento), \u00e9 um tumor maligno que pode atingir partes como olhos, orelhas, pele, trato gastrointestinal, membranas mucosas e genitais.<br \/>\nA incid\u00eancia do melanoma vem aumentando no mundo todo nos \u00faltimos anos, o diagn\u00f3stico ainda no in\u00edcio \u00e9 ideal para o sucesso no tratamento.<\/p>\n<h3>Carcinoma Basocelular<\/h3>\n<p>Considerado o tipo mais comum de c\u00e2ncer e tamb\u00e9m o menos agressivo, o nome deve-se ao tumor que se constitui de c\u00e9lulas basais, o comportamento das c\u00e9lulas muda e ao se multiplicar de forma desordenada origina-se o tumor.<br \/>\nCom maior frequ\u00eancia no nariz, o tipo de tumor pode tamb\u00e9m surgir na orelha e outras partes da pele.<br \/>\nO r\u00e1pido diagn\u00f3stico e remo\u00e7\u00e3o do tumor faz com que as chances de cura aumentem significativamente.<\/p>\n<h3>Carcinoma espinocelular<\/h3>\n<p>Sendo o segundo tipo mais comum de c\u00e2ncer de pele, entra na lista dos tumores cut\u00e2neos n\u00e3o melanoma.<br \/>\nOs locais mais comuns para o aparecimento do Carcinoma Espinocelular s\u00e3o partes com maior exposi\u00e7\u00e3o solar como couro cabeludo e orelha.<br \/>\nCom evolu\u00e7\u00e3o agressiva, a remo\u00e7\u00e3o deve ser feita antes que atinja outros \u00f3rg\u00e3os.<\/p>\n<h3>Como Evitar e Identificar<\/h3>\n<p>A prote\u00e7\u00e3o solar ainda \u00e9 a melhor forma de preven\u00e7\u00e3o contra o C\u00e2ncer de Pele, usar filtro solar sempre que exposto ao sol e mesmo em dias nublados ajuda n\u00e3o s\u00f3 na preven\u00e7\u00e3o contra o C\u00e2ncer de Pele, como no rejuvenescimento cut\u00e2neo.<br \/>\nVoc\u00ea pode identificar o c\u00e2ncer de pele por meio do autoexame, a recomenda\u00e7\u00e3o \u00e9 fazer o autoexame uma vez por m\u00eas.<\/p>\n<p>O autoexame do C\u00e2ncer de Pele \u00e9 simples, procurar pintas ou les\u00f5es cr\u00f4nicas que n\u00e3o cicatrizam pelo corpo \u00e9 o primeiro passo, voc\u00ea pode identificar um poss\u00edvel C\u00e2ncer de Pele observando se apresenta alguma assimetria, bordas e cores irregulares e di\u00e2metro superior aos 6mm.<\/p>\n<p>Fique ligado tamb\u00e9m em altera\u00e7\u00f5es na \u00e1rea como aumento de vermelhid\u00e3o, mudan\u00e7as da superf\u00edcie, secre\u00e7\u00f5es, sangramentos e aparecimento de les\u00f5es similares.<\/p>\n","protected":false},"excerpt":{"rendered":"<p><small> 2 minutos<\/small> Dezembro \u00e9 o m\u00eas do #DezembroLaranja e mesmo com toda campanha de conscientiza\u00e7\u00e3o, muitas pessoas ainda possuem d\u00favidas que cercam o assunto. O C\u00e2ncer de Pele \u00e9 muitas vezes diagnosticado utilizando seus sin\u00f4nimos, quando falamos de Melanoma, Carcinoma Espinocelular, Carcinoma Basocelular, estamos falando de C\u00e2ncer de Pele. Conhela os Tipos de C\u00e2ncer de Pele Melanoma Se origina dos Melan\u00f3citos (c\u00e9lulas respons\u00e1veis pela produ\u00e7\u00e3o de pigmento), \u00e9 um tumor maligno que pode atingir partes como olhos, orelhas, pele, trato gastrointestinal, membranas mucosas e <a href=\"https:\/\/www.dravivianloureiro.com.br\/blog\/dezembro-laranja-mes-da-conscientizacao-sobre-o-cancer-de-pele\/\" class=\"more-link\"><span>Continue lendo<\/span>\u2192<\/a><\/p>\n","protected":false},"author":1,"featured_media":3577,"comment_status":"open","ping_status":"open","sticky":false,"template":"","format":"standard","meta":[],"categories":[577],"tags":[94,578,253,579,206],"yoast_head":"<!-- This site is optimized with the Yoast SEO plugin v20.6 - https:\/\/yoast.com\/wordpress\/plugins\/seo\/ -->\n<title>Dezembro Laranja, M\u00eas Da Conscientiza\u00e7\u00e3o Sobre o Cancer de Pele<\/title>\n<meta name=\"description\" content=\"Prote\u00e7\u00e3o solar \u00e9 a melhor forma de preven\u00e7\u00e3o contra o C\u00e2ncer de Pele, usar filtro solar sempre que exposto ao sol mesmo em dias nublados ajuda na preven\u00e7\u00e3o\" \/>\n<meta name=\"robots\" content=\"index, follow, max-snippet:-1, max-image-preview:large, max-video-preview:-1\" \/>\n<link rel=\"canonical\" href=\"https:\/\/www.dravivianloureiro.com.br\/blog\/dezembro-laranja-mes-da-conscientizacao-sobre-o-cancer-de-pele\/\" \/>\n<meta property=\"og:locale\" content=\"pt_BR\" \/>\n<meta property=\"og:type\" content=\"article\" \/>\n<meta property=\"og:title\" content=\"Dezembro Laranja, M\u00eas Da Conscientiza\u00e7\u00e3o Sobre o Cancer de Pele\" \/>\n<meta property=\"og:description\" content=\"Prote\u00e7\u00e3o solar \u00e9 a melhor forma de preven\u00e7\u00e3o contra o C\u00e2ncer de Pele, usar filtro solar sempre que exposto ao sol mesmo em dias nublados ajuda na preven\u00e7\u00e3o\" \/>\n<meta property=\"og:url\" content=\"https:\/\/www.dravivianloureiro.com.br\/blog\/dezembro-laranja-mes-da-conscientizacao-sobre-o-cancer-de-pele\/\" \/>\n<meta property=\"og:site_name\" content=\"Dra. Vivian Loureiro\" \/>\n<meta property=\"article:publisher\" content=\"https:\/\/pt-br.facebook.com\/vivianloureirodermatologia\/\" \/>\n<meta property=\"article:author\" content=\"https:\/\/pt-br.facebook.com\/vivianloureirodermatologia\/\" \/>\n<meta property=\"article:published_time\" content=\"2016-12-09T22:15:54+00:00\" \/>\n<meta name=\"author\" content=\"Vivian Loureiro\" \/>\n<meta name=\"twitter:card\" content=\"summary_large_image\" \/>\n<meta name=\"twitter:label1\" content=\"Escrito por\" \/>\n\t<meta name=\"twitter:data1\" content=\"Vivian Loureiro\" \/>\n\t<meta name=\"twitter:label2\" content=\"Est. tempo de leitura\" \/>\n\t<meta name=\"twitter:data2\" content=\"2 minutos\" \/>\n<script type=\"application\/ld+json\" class=\"yoast-schema-graph\">{\"@context\":\"https:\/\/schema.org\",\"@graph\":[{\"@type\":\"Article\",\"@id\":\"https:\/\/www.dravivianloureiro.com.br\/blog\/dezembro-laranja-mes-da-conscientizacao-sobre-o-cancer-de-pele\/#article\",\"isPartOf\":{\"@id\":\"https:\/\/www.dravivianloureiro.com.br\/blog\/dezembro-laranja-mes-da-conscientizacao-sobre-o-cancer-de-pele\/\"},\"author\":{\"name\":\"Vivian Loureiro\",\"@id\":\"https:\/\/www.dravivianloureiro.com.br\/blog\/#\/schema\/person\/f6272c0e48dae4364ef626c598c5cb84\"},\"headline\":\"Dezembro Laranja, M\u00eas Da Conscientiza\u00e7\u00e3o Sobre o C\u00e2ncer de Pele\",\"datePublished\":\"2016-12-09T22:15:54+00:00\",\"dateModified\":\"2016-12-09T22:15:54+00:00\",\"mainEntityOfPage\":{\"@id\":\"https:\/\/www.dravivianloureiro.com.br\/blog\/dezembro-laranja-mes-da-conscientizacao-sobre-o-cancer-de-pele\/\"},\"wordCount\":428,\"commentCount\":0,\"publisher\":{\"@id\":\"https:\/\/www.dravivianloureiro.com.br\/blog\/#organization\"},\"keywords\":[\"c\u00e2ncer de pele\",\"conscientiza\u00e7\u00e3o\",\"dezembro laranja\",\"preven\u00e7\u00e3o contra o cancer\",\"prote\u00e7\u00e3o solar\"],\"articleSection\":[\"Cancer de Pele\"],\"inLanguage\":\"pt-BR\",\"potentialAction\":[{\"@type\":\"CommentAction\",\"name\":\"Comment\",\"target\":[\"https:\/\/www.dravivianloureiro.com.br\/blog\/dezembro-laranja-mes-da-conscientizacao-sobre-o-cancer-de-pele\/#respond\"]}]},{\"@type\":\"WebPage\",\"@id\":\"https:\/\/www.dravivianloureiro.com.br\/blog\/dezembro-laranja-mes-da-conscientizacao-sobre-o-cancer-de-pele\/\",\"url\":\"https:\/\/www.dravivianloureiro.com.br\/blog\/dezembro-laranja-mes-da-conscientizacao-sobre-o-cancer-de-pele\/\",\"name\":\"Dezembro Laranja, M\u00eas Da Conscientiza\u00e7\u00e3o Sobre o Cancer de Pele\",\"isPartOf\":{\"@id\":\"https:\/\/www.dravivianloureiro.com.br\/blog\/#website\"},\"datePublished\":\"2016-12-09T22:15:54+00:00\",\"dateModified\":\"2016-12-09T22:15:54+00:00\",\"description\":\"Prote\u00e7\u00e3o solar \u00e9 a melhor forma de preven\u00e7\u00e3o contra o C\u00e2ncer de Pele, usar filtro solar sempre que exposto ao sol mesmo em dias nublados ajuda na preven\u00e7\u00e3o\",\"breadcrumb\":{\"@id\":\"https:\/\/www.dravivianloureiro.com.br\/blog\/dezembro-laranja-mes-da-conscientizacao-sobre-o-cancer-de-pele\/#breadcrumb\"},\"inLanguage\":\"pt-BR\",\"potentialAction\":[{\"@type\":\"ReadAction\",\"target\":[\"https:\/\/www.dravivianloureiro.com.br\/blog\/dezembro-laranja-mes-da-conscientizacao-sobre-o-cancer-de-pele\/\"]}]},{\"@type\":\"BreadcrumbList\",\"@id\":\"https:\/\/www.dravivianloureiro.com.br\/blog\/dezembro-laranja-mes-da-conscientizacao-sobre-o-cancer-de-pele\/#breadcrumb\",\"itemListElement\":[{\"@type\":\"ListItem\",\"position\":1,\"name\":\"In\u00edcio\",\"item\":\"https:\/\/www.dravivianloureiro.com.br\/blog\/\"},{\"@type\":\"ListItem\",\"position\":2,\"name\":\"Dezembro Laranja, M\u00eas Da Conscientiza\u00e7\u00e3o Sobre o C\u00e2ncer de Pele\"}]},{\"@type\":\"WebSite\",\"@id\":\"https:\/\/www.dravivianloureiro.com.br\/blog\/#website\",\"url\":\"https:\/\/www.dravivianloureiro.com.br\/blog\/\",\"name\":\"Dermatologista Vivian Loureiro\",\"description\":\"\",\"publisher\":{\"@id\":\"https:\/\/www.dravivianloureiro.com.br\/blog\/#organization\"},\"potentialAction\":[{\"@type\":\"SearchAction\",\"target\":{\"@type\":\"EntryPoint\",\"urlTemplate\":\"https:\/\/www.dravivianloureiro.com.br\/blog\/?s={search_term_string}\"},\"query-input\":\"required name=search_term_string\"}],\"inLanguage\":\"pt-BR\"},{\"@type\":\"Organization\",\"@id\":\"https:\/\/www.dravivianloureiro.com.br\/blog\/#organization\",\"name\":\"Dra. Vivian Loureiro - Dermatologista Em S\u00e3o Paulo\",\"url\":\"https:\/\/www.dravivianloureiro.com.br\/blog\/\",\"logo\":{\"@type\":\"ImageObject\",\"inLanguage\":\"pt-BR\",\"@id\":\"https:\/\/www.dravivianloureiro.com.br\/blog\/#\/schema\/logo\/image\/\",\"url\":\"https:\/\/www.dravivianloureiro.com.br\/blog\/wp-content\/uploads\/2018\/08\/favicon.jpg\",\"contentUrl\":\"https:\/\/www.dravivianloureiro.com.br\/blog\/wp-content\/uploads\/2018\/08\/favicon.jpg\",\"width\":112,\"height\":112,\"caption\":\"Dra. Vivian Loureiro - Dermatologista Em S\u00e3o Paulo\"},\"image\":{\"@id\":\"https:\/\/www.dravivianloureiro.com.br\/blog\/#\/schema\/logo\/image\/\"},\"sameAs\":[\"https:\/\/pt-br.facebook.com\/vivianloureirodermatologia\/\",\"https:\/\/www.instagram.com\/vivianloureirodermatologia\/\",\"https:\/\/www.linkedin.com\/in\/vivian-barzi-loureiro-a6412887\/\"]},{\"@type\":\"Person\",\"@id\":\"https:\/\/www.dravivianloureiro.com.br\/blog\/#\/schema\/person\/f6272c0e48dae4364ef626c598c5cb84\",\"name\":\"Vivian Loureiro\",\"image\":{\"@type\":\"ImageObject\",\"inLanguage\":\"pt-BR\",\"@id\":\"https:\/\/www.dravivianloureiro.com.br\/blog\/#\/schema\/person\/image\/\",\"url\":\"https:\/\/secure.gravatar.com\/avatar\/8ee2b0fae98657240c77e822ae139ad3?s=96&d=wp_user_avatar&r=g\",\"contentUrl\":\"https:\/\/secure.gravatar.com\/avatar\/8ee2b0fae98657240c77e822ae139ad3?s=96&d=wp_user_avatar&r=g\",\"caption\":\"Vivian Loureiro\"},\"description\":\"M\u00e9dica formada pela Universidade de S\u00e3o Paulo (USP). Realizou resid\u00eancia m\u00e9dica em Dermatologia e complementa\u00e7\u00e3o em Cosmiatria e Laser pelo departamento de Dermatologia do Hospital das Cl\u00ednicas da Faculdade de Medicina da Universidade de S\u00e3o Paulo (USP). Possui t\u00edtulo de especialista em Dermatologia. \u00c9 membro da Sociedade Brasileira de Dermatologia (SBD) e Sociedade Brasileira de Cirurgia Dermatol\u00f3gica (SBCD) e m\u00e9dica do grupo Fleury. Atua nas \u00e1reas de Dermatologia Cl\u00ednica, Cir\u00fargica, Pedi\u00e1trica e Est\u00e9tica. Frequenta e palestra nos principais cursos e congressos de dermatologia, nacionais e internacionais, a fim de se manter em constante atualiza\u00e7\u00e3o.\",\"sameAs\":[\"https:\/\/www.dravivianloureiro.com.br\/\",\"https:\/\/pt-br.facebook.com\/vivianloureirodermatologia\/\",\"https:\/\/www.instagram.com\/vivianloureirodermatologia\/\",\"https:\/\/www.linkedin.com\/in\/vivian-barzi-loureiro-a6412887\/\"]}]}<\/script>\n<!-- \/ Yoast SEO plugin. -->","yoast_head_json":{"title":"Dezembro Laranja, M\u00eas Da Conscientiza\u00e7\u00e3o Sobre o Cancer de Pele","description":"Prote\u00e7\u00e3o solar \u00e9 a melhor forma de preven\u00e7\u00e3o contra o C\u00e2ncer de Pele, usar filtro solar sempre que exposto ao sol mesmo em dias nublados ajuda na preven\u00e7\u00e3o","robots":{"index":"index","follow":"follow","max-snippet":"max-snippet:-1","max-image-preview":"max-image-preview:large","max-video-preview":"max-video-preview:-1"},"canonical":"https:\/\/www.dravivianloureiro.com.br\/blog\/dezembro-laranja-mes-da-conscientizacao-sobre-o-cancer-de-pele\/","og_locale":"pt_BR","og_type":"article","og_title":"Dezembro Laranja, M\u00eas Da Conscientiza\u00e7\u00e3o Sobre o Cancer de Pele","og_description":"Prote\u00e7\u00e3o solar \u00e9 a melhor forma de preven\u00e7\u00e3o contra o C\u00e2ncer de Pele, usar filtro solar sempre que exposto ao sol mesmo em dias nublados ajuda na preven\u00e7\u00e3o","og_url":"https:\/\/www.dravivianloureiro.com.br\/blog\/dezembro-laranja-mes-da-conscientizacao-sobre-o-cancer-de-pele\/","og_site_name":"Dra. Vivian Loureiro","article_publisher":"https:\/\/pt-br.facebook.com\/vivianloureirodermatologia\/","article_author":"https:\/\/pt-br.facebook.com\/vivianloureirodermatologia\/","article_published_time":"2016-12-09T22:15:54+00:00","author":"Vivian Loureiro","twitter_card":"summary_large_image","twitter_misc":{"Escrito por":"Vivian Loureiro","Est. tempo de leitura":"2 minutos"},"schema":{"@context":"https:\/\/schema.org","@graph":[{"@type":"Article","@id":"https:\/\/www.dravivianloureiro.com.br\/blog\/dezembro-laranja-mes-da-conscientizacao-sobre-o-cancer-de-pele\/#article","isPartOf":{"@id":"https:\/\/www.dravivianloureiro.com.br\/blog\/dezembro-laranja-mes-da-conscientizacao-sobre-o-cancer-de-pele\/"},"author":{"name":"Vivian Loureiro","@id":"https:\/\/www.dravivianloureiro.com.br\/blog\/#\/schema\/person\/f6272c0e48dae4364ef626c598c5cb84"},"headline":"Dezembro Laranja, M\u00eas Da Conscientiza\u00e7\u00e3o Sobre o C\u00e2ncer de Pele","datePublished":"2016-12-09T22:15:54+00:00","dateModified":"2016-12-09T22:15:54+00:00","mainEntityOfPage":{"@id":"https:\/\/www.dravivianloureiro.com.br\/blog\/dezembro-laranja-mes-da-conscientizacao-sobre-o-cancer-de-pele\/"},"wordCount":428,"commentCount":0,"publisher":{"@id":"https:\/\/www.dravivianloureiro.com.br\/blog\/#organization"},"keywords":["c\u00e2ncer de pele","conscientiza\u00e7\u00e3o","dezembro laranja","preven\u00e7\u00e3o contra o cancer","prote\u00e7\u00e3o solar"],"articleSection":["Cancer de Pele"],"inLanguage":"pt-BR","potentialAction":[{"@type":"CommentAction","name":"Comment","target":["https:\/\/www.dravivianloureiro.com.br\/blog\/dezembro-laranja-mes-da-conscientizacao-sobre-o-cancer-de-pele\/#respond"]}]},{"@type":"WebPage","@id":"https:\/\/www.dravivianloureiro.com.br\/blog\/dezembro-laranja-mes-da-conscientizacao-sobre-o-cancer-de-pele\/","url":"https:\/\/www.dravivianloureiro.com.br\/blog\/dezembro-laranja-mes-da-conscientizacao-sobre-o-cancer-de-pele\/","name":"Dezembro Laranja, M\u00eas Da Conscientiza\u00e7\u00e3o Sobre o Cancer de Pele","isPartOf":{"@id":"https:\/\/www.dravivianloureiro.com.br\/blog\/#website"},"datePublished":"2016-12-09T22:15:54+00:00","dateModified":"2016-12-09T22:15:54+00:00","description":"Prote\u00e7\u00e3o solar \u00e9 a melhor forma de preven\u00e7\u00e3o contra o C\u00e2ncer de Pele, usar filtro solar sempre que exposto ao sol mesmo em dias nublados ajuda na preven\u00e7\u00e3o","breadcrumb":{"@id":"https:\/\/www.dravivianloureiro.com.br\/blog\/dezembro-laranja-mes-da-conscientizacao-sobre-o-cancer-de-pele\/#breadcrumb"},"inLanguage":"pt-BR","potentialAction":[{"@type":"ReadAction","target":["https:\/\/www.dravivianloureiro.com.br\/blog\/dezembro-laranja-mes-da-conscientizacao-sobre-o-cancer-de-pele\/"]}]},{"@type":"BreadcrumbList","@id":"https:\/\/www.dravivianloureiro.com.br\/blog\/dezembro-laranja-mes-da-conscientizacao-sobre-o-cancer-de-pele\/#breadcrumb","itemListElement":[{"@type":"ListItem","position":1,"name":"In\u00edcio","item":"https:\/\/www.dravivianloureiro.com.br\/blog\/"},{"@type":"ListItem","position":2,"name":"Dezembro Laranja, M\u00eas Da Conscientiza\u00e7\u00e3o Sobre o C\u00e2ncer de Pele"}]},{"@type":"WebSite","@id":"https:\/\/www.dravivianloureiro.com.br\/blog\/#website","url":"https:\/\/www.dravivianloureiro.com.br\/blog\/","name":"Dermatologista Vivian Loureiro","description":"","publisher":{"@id":"https:\/\/www.dravivianloureiro.com.br\/blog\/#organization"},"potentialAction":[{"@type":"SearchAction","target":{"@type":"EntryPoint","urlTemplate":"https:\/\/www.dravivianloureiro.com.br\/blog\/?s={search_term_string}"},"query-input":"required name=search_term_string"}],"inLanguage":"pt-BR"},{"@type":"Organization","@id":"https:\/\/www.dravivianloureiro.com.br\/blog\/#organization","name":"Dra. Vivian Loureiro - Dermatologista Em S\u00e3o Paulo","url":"https:\/\/www.dravivianloureiro.com.br\/blog\/","logo":{"@type":"ImageObject","inLanguage":"pt-BR","@id":"https:\/\/www.dravivianloureiro.com.br\/blog\/#\/schema\/logo\/image\/","url":"https:\/\/www.dravivianloureiro.com.br\/blog\/wp-content\/uploads\/2018\/08\/favicon.jpg","contentUrl":"https:\/\/www.dravivianloureiro.com.br\/blog\/wp-content\/uploads\/2018\/08\/favicon.jpg","width":112,"height":112,"caption":"Dra. Vivian Loureiro - Dermatologista Em S\u00e3o Paulo"},"image":{"@id":"https:\/\/www.dravivianloureiro.com.br\/blog\/#\/schema\/logo\/image\/"},"sameAs":["https:\/\/pt-br.facebook.com\/vivianloureirodermatologia\/","https:\/\/www.instagram.com\/vivianloureirodermatologia\/","https:\/\/www.linkedin.com\/in\/vivian-barzi-loureiro-a6412887\/"]},{"@type":"Person","@id":"https:\/\/www.dravivianloureiro.com.br\/blog\/#\/schema\/person\/f6272c0e48dae4364ef626c598c5cb84","name":"Vivian Loureiro","image":{"@type":"ImageObject","inLanguage":"pt-BR","@id":"https:\/\/www.dravivianloureiro.com.br\/blog\/#\/schema\/person\/image\/","url":"https:\/\/secure.gravatar.com\/avatar\/8ee2b0fae98657240c77e822ae139ad3?s=96&d=wp_user_avatar&r=g","contentUrl":"https:\/\/secure.gravatar.com\/avatar\/8ee2b0fae98657240c77e822ae139ad3?s=96&d=wp_user_avatar&r=g","caption":"Vivian Loureiro"},"description":"M\u00e9dica formada pela Universidade de S\u00e3o Paulo (USP). Realizou resid\u00eancia m\u00e9dica em Dermatologia e complementa\u00e7\u00e3o em Cosmiatria e Laser pelo departamento de Dermatologia do Hospital das Cl\u00ednicas da Faculdade de Medicina da Universidade de S\u00e3o Paulo (USP). Possui t\u00edtulo de especialista em Dermatologia. \u00c9 membro da Sociedade Brasileira de Dermatologia (SBD) e Sociedade Brasileira de Cirurgia Dermatol\u00f3gica (SBCD) e m\u00e9dica do grupo Fleury. Atua nas \u00e1reas de Dermatologia Cl\u00ednica, Cir\u00fargica, Pedi\u00e1trica e Est\u00e9tica. Frequenta e palestra nos principais cursos e congressos de dermatologia, nacionais e internacionais, a fim de se manter em constante atualiza\u00e7\u00e3o.","sameAs":["https:\/\/www.dravivianloureiro.com.br\/","https:\/\/pt-br.facebook.com\/vivianloureirodermatologia\/","https:\/\/www.instagram.com\/vivianloureirodermatologia\/","https:\/\/www.linkedin.com\/in\/vivian-barzi-loureiro-a6412887\/"]}]}},"amp_enabled":true,"_links":{"self":[{"href":"https:\/\/www.dravivianloureiro.com.br\/blog\/wp-json\/wp\/v2\/posts\/3098"}],"collection":[{"href":"https:\/\/www.dravivianloureiro.com.br\/blog\/wp-json\/wp\/v2\/posts"}],"about":[{"href":"https:\/\/www.dravivianloureiro.com.br\/blog\/wp-json\/wp\/v2\/types\/post"}],"author":[{"embeddable":true,"href":"https:\/\/www.dravivianloureiro.com.br\/blog\/wp-json\/wp\/v2\/users\/1"}],"replies":[{"embeddable":true,"href":"https:\/\/www.dravivianloureiro.com.br\/blog\/wp-json\/wp\/v2\/comments?post=3098"}],"version-history":[{"count":0,"href":"https:\/\/www.dravivianloureiro.com.br\/blog\/wp-json\/wp\/v2\/posts\/3098\/revisions"}],"wp:featuredmedia":[{"embeddable":true,"href":"https:\/\/www.dravivianloureiro.com.br\/blog\/wp-json\/"}],"wp:attachment":[{"href":"https:\/\/www.dravivianloureiro.com.br\/blog\/wp-json\/wp\/v2\/media?parent=3098"}],"wp:term":[{"taxonomy":"category","embeddable":true,"href":"https:\/\/www.dravivianloureiro.com.br\/blog\/wp-json\/wp\/v2\/categories?post=3098"},{"taxonomy":"post_tag","embeddable":true,"href":"https:\/\/www.dravivianloureiro.com.br\/blog\/wp-json\/wp\/v2\/tags?post=3098"}],"curies":[{"name":"wp","href":"https:\/\/api.w.org\/{rel}","templated":true}]}}