{"id":303,"date":"2020-11-03T20:54:23","date_gmt":"2020-11-03T23:54:23","guid":{"rendered":"https:\/\/www.dravivianloureiro.com.br\/blog\/?p=303"},"modified":"2021-03-04T14:42:44","modified_gmt":"2021-03-04T17:42:44","slug":"mascne-o-que-e-e-como-evita-la","status":"publish","type":"post","link":"https:\/\/www.dravivianloureiro.com.br\/blog\/mascne-o-que-e-e-como-evita-la\/","title":{"rendered":"Mascne: o que \u00e9 e como evit\u00e1-la?"},"content":{"rendered":"<p class=\"estimated-read-time\">Tempo de leitura:<small> 1 minuto<\/small><\/p> \n<p>Voc\u00ea sabe o que \u00e9 a Mascne?<\/p>\n\n\n\n<p>Devido a pandemia da COVID-19, a m\u00e1scara se tornou um acess\u00f3rio completamente indispens\u00e1vel para que possamos nos proteger e proteger o pr\u00f3ximo. Por\u00e9m, o uso da m\u00e1scara trouxe algumas complica\u00e7\u00f5es para a pele, infelizmente. Uma delas \u00e9 a apari\u00e7\u00e3o repentina da Acne.<\/p>\n\n\n\n<h2>Afinal, o que \u00e9 a Mascne?<\/h2>\n\n\n\n<p>Mascne \u00e9 a combina\u00e7\u00e3o das palavras m\u00e1scara e acne. O termo descreve a piora da acne associada ao uso das m\u00e1scaras de prote\u00e7\u00e3o.<\/p>\n\n\n\n<p>O uso constante e prolongado da m\u00e1scara gera atrito na pele, que causa a obstru\u00e7\u00e3o dos poros. Al\u00e9m disso, respirar dentro da m\u00e1scara, cria um ambiente quente e \u00famido, aumentando a produ\u00e7\u00e3o de sebo e a prolifera\u00e7\u00e3o de bact\u00e9rias.<\/p>\n\n\n\n<p>Todos esses fatores, associados ao estresse da pandemia, levam \u00e0 piora da oleosidade e ao aparecimento de espinhas.<\/p>\n\n\n\n<h2>\u00c9 Pior em Quem tem Pele Oleosa?<\/h2>\n\n\n\n<p>Isso \u00e9 ainda mais frequente em quem j\u00e1 tem tend\u00eancia a pele oleosa ou acneica, em especial mulheres, pois a m\u00e1scara fica nas regi\u00f5es mais afetadas pela acne da mulher adulta: queixo e mand\u00edbula.<\/p>\n\n\n\n<h2>Como Posso Evitar a Mascne?<\/h2>\n\n\n\n<p>Para evitar a apari\u00e7\u00e3o da Mascne, algumas medidas preventivas podem ser adotadas:<\/p>\n\n\n\n<ul><li>d\u00ea prefer\u00eancia \u00e0s m\u00e1scaras de algod\u00e3o, pois elas s\u00e3o menos agressivas para a pele;<\/li><li>lave o rosto 2 vezes ao dia com os produtos indicados<\/li><li>tenha produtos de skincare adequados, incluindo um hidratante, protetor solar e um \u00e1cido, preferencialmente indicados por um especialista<\/li><li>utilize esfoliante 1 vez por semana<\/li><li>fa\u00e7a limpeza de pele regularmente<\/li><li>evite usar base \/ corretivo sob a m\u00e1scara<\/li><li>jamais durma com maquiagem (essa dica vale para evitar acne no geral e para preservar a sa\u00fade e beleza da sua pele).<\/li><\/ul>\n\n\n\n<p>Percebam que as dicas s\u00e3o simples, facilmente adequadas \u00e0 rotina e n\u00e3o exigem tanto tempo.<\/p>\n\n\n\n<p>Para um tratamento efetivo e para a escolha adequada dos produtos de skincare, consulte o seu dermatologista, preferencialmente registrado na <a href=\"http:\/\/sbd.org.br\">Sociedade Brasileira de Dermatologia<\/a>.<\/p>\n","protected":false},"excerpt":{"rendered":"<p><small> 1 minuto<\/small> Voc\u00ea sabe o que \u00e9 a Mascne? Devido a pandemia da COVID-19, a m\u00e1scara se tornou um acess\u00f3rio completamente indispens\u00e1vel para que possamos nos proteger e proteger o pr\u00f3ximo. Por\u00e9m, o uso da m\u00e1scara trouxe algumas complica\u00e7\u00f5es para a pele, infelizmente. Uma delas \u00e9 a apari\u00e7\u00e3o repentina da Acne. Afinal, o que \u00e9 a Mascne? Mascne \u00e9 a combina\u00e7\u00e3o das palavras m\u00e1scara e acne. O termo descreve a piora da acne associada ao uso das m\u00e1scaras de prote\u00e7\u00e3o. O uso constante e <a href=\"https:\/\/www.dravivianloureiro.com.br\/blog\/mascne-o-que-e-e-como-evita-la\/\" class=\"more-link\"><span>Continue lendo<\/span>\u2192<\/a><\/p>\n","protected":false},"author":1,"featured_media":320,"comment_status":"open","ping_status":"open","sticky":false,"template":"","format":"standard","meta":[],"categories":[322,7],"tags":[325,316,312,337,335,308,175,311,313,318,315,154,324,323,334,336,319,137,310,309,167,314],"yoast_head":"<!-- This site is optimized with the Yoast SEO plugin v20.6 - https:\/\/yoast.com\/wordpress\/plugins\/seo\/ -->\n<title>MASCNE: O que \u00e9 e como Evit\u00e1-la? - Dra. Vivian Loureiro<\/title>\n<meta name=\"description\" content=\"Dra. Vivian Loureiro \u00e9 Dermatologista em SP. Entenda o que \u00e9 a Mascne e como Evitar a Mascne. Contato (11) 3071.1033 \/ 3168.0534\" \/>\n<meta name=\"robots\" content=\"index, follow, max-snippet:-1, max-image-preview:large, max-video-preview:-1\" \/>\n<link rel=\"canonical\" href=\"https:\/\/www.dravivianloureiro.com.br\/blog\/mascne-o-que-e-e-como-evita-la\/\" \/>\n<meta property=\"og:locale\" content=\"pt_BR\" \/>\n<meta property=\"og:type\" content=\"article\" \/>\n<meta property=\"og:title\" content=\"MASCNE: O que \u00e9 e como Evit\u00e1-la? - Dra. Vivian Loureiro\" \/>\n<meta property=\"og:description\" content=\"Dra. Vivian Loureiro \u00e9 Dermatologista em SP. Entenda o que \u00e9 a Mascne e como Evitar a Mascne. Contato (11) 3071.1033 \/ 3168.0534\" \/>\n<meta property=\"og:url\" content=\"https:\/\/www.dravivianloureiro.com.br\/blog\/mascne-o-que-e-e-como-evita-la\/\" \/>\n<meta property=\"og:site_name\" content=\"Dra. Vivian Loureiro\" \/>\n<meta property=\"article:publisher\" content=\"https:\/\/pt-br.facebook.com\/vivianloureirodermatologia\/\" \/>\n<meta property=\"article:author\" content=\"https:\/\/pt-br.facebook.com\/vivianloureirodermatologia\/\" \/>\n<meta property=\"article:published_time\" content=\"2020-11-03T23:54:23+00:00\" \/>\n<meta property=\"article:modified_time\" content=\"2021-03-04T17:42:44+00:00\" \/>\n<meta property=\"og:image\" content=\"https:\/\/www.dravivianloureiro.com.br\/blog\/wp-content\/uploads\/2020\/11\/mascne-o-que-e-e-como-evita-la.jpg\" \/>\n\t<meta property=\"og:image:width\" content=\"1200\" \/>\n\t<meta property=\"og:image:height\" content=\"750\" \/>\n\t<meta property=\"og:image:type\" content=\"image\/jpeg\" \/>\n<meta name=\"author\" content=\"Vivian Loureiro\" \/>\n<meta name=\"twitter:card\" content=\"summary_large_image\" \/>\n<meta name=\"twitter:label1\" content=\"Escrito por\" \/>\n\t<meta name=\"twitter:data1\" content=\"Vivian Loureiro\" \/>\n\t<meta name=\"twitter:label2\" content=\"Est. tempo de leitura\" \/>\n\t<meta name=\"twitter:data2\" content=\"2 minutos\" \/>\n<script type=\"application\/ld+json\" class=\"yoast-schema-graph\">{\"@context\":\"https:\/\/schema.org\",\"@graph\":[{\"@type\":\"Article\",\"@id\":\"https:\/\/www.dravivianloureiro.com.br\/blog\/mascne-o-que-e-e-como-evita-la\/#article\",\"isPartOf\":{\"@id\":\"https:\/\/www.dravivianloureiro.com.br\/blog\/mascne-o-que-e-e-como-evita-la\/\"},\"author\":{\"name\":\"Vivian Loureiro\",\"@id\":\"https:\/\/www.dravivianloureiro.com.br\/blog\/#\/schema\/person\/f6272c0e48dae4364ef626c598c5cb84\"},\"headline\":\"Mascne: o que \u00e9 e como evit\u00e1-la?\",\"datePublished\":\"2020-11-03T23:54:23+00:00\",\"dateModified\":\"2021-03-04T17:42:44+00:00\",\"mainEntityOfPage\":{\"@id\":\"https:\/\/www.dravivianloureiro.com.br\/blog\/mascne-o-que-e-e-como-evita-la\/\"},\"wordCount\":345,\"commentCount\":0,\"publisher\":{\"@id\":\"https:\/\/www.dravivianloureiro.com.br\/blog\/#organization\"},\"keywords\":[\"acne\",\"autoestima\",\"bem estar\",\"coronavirus\",\"covid 19\",\"dermato\",\"dermatologia\",\"dermatologia cl\u00ednica em sp\",\"dermatologia especializada\",\"dermatologista\",\"dermatologista em sp\",\"dermatologista itaim\",\"mascaras\",\"mascne\",\"o que \u00e9 a mascne\",\"pandemia\",\"qualidade de vida\",\"rejuvenescimento\",\"saude\",\"saude da pele\",\"vivian loureiro\",\"vivian loureiro dermatologia\"],\"articleSection\":[\"Acne\",\"Dicas e Cuidados\"],\"inLanguage\":\"pt-BR\",\"potentialAction\":[{\"@type\":\"CommentAction\",\"name\":\"Comment\",\"target\":[\"https:\/\/www.dravivianloureiro.com.br\/blog\/mascne-o-que-e-e-como-evita-la\/#respond\"]}]},{\"@type\":\"WebPage\",\"@id\":\"https:\/\/www.dravivianloureiro.com.br\/blog\/mascne-o-que-e-e-como-evita-la\/\",\"url\":\"https:\/\/www.dravivianloureiro.com.br\/blog\/mascne-o-que-e-e-como-evita-la\/\",\"name\":\"MASCNE: O que \u00e9 e como Evit\u00e1-la? - Dra. Vivian Loureiro\",\"isPartOf\":{\"@id\":\"https:\/\/www.dravivianloureiro.com.br\/blog\/#website\"},\"datePublished\":\"2020-11-03T23:54:23+00:00\",\"dateModified\":\"2021-03-04T17:42:44+00:00\",\"description\":\"Dra. Vivian Loureiro \u00e9 Dermatologista em SP. Entenda o que \u00e9 a Mascne e como Evitar a Mascne. Contato (11) 3071.1033 \/ 3168.0534\",\"breadcrumb\":{\"@id\":\"https:\/\/www.dravivianloureiro.com.br\/blog\/mascne-o-que-e-e-como-evita-la\/#breadcrumb\"},\"inLanguage\":\"pt-BR\",\"potentialAction\":[{\"@type\":\"ReadAction\",\"target\":[\"https:\/\/www.dravivianloureiro.com.br\/blog\/mascne-o-que-e-e-como-evita-la\/\"]}]},{\"@type\":\"BreadcrumbList\",\"@id\":\"https:\/\/www.dravivianloureiro.com.br\/blog\/mascne-o-que-e-e-como-evita-la\/#breadcrumb\",\"itemListElement\":[{\"@type\":\"ListItem\",\"position\":1,\"name\":\"In\u00edcio\",\"item\":\"https:\/\/www.dravivianloureiro.com.br\/blog\/\"},{\"@type\":\"ListItem\",\"position\":2,\"name\":\"Mascne: o que \u00e9 e como evit\u00e1-la?\"}]},{\"@type\":\"WebSite\",\"@id\":\"https:\/\/www.dravivianloureiro.com.br\/blog\/#website\",\"url\":\"https:\/\/www.dravivianloureiro.com.br\/blog\/\",\"name\":\"Dermatologista Vivian Loureiro\",\"description\":\"\",\"publisher\":{\"@id\":\"https:\/\/www.dravivianloureiro.com.br\/blog\/#organization\"},\"potentialAction\":[{\"@type\":\"SearchAction\",\"target\":{\"@type\":\"EntryPoint\",\"urlTemplate\":\"https:\/\/www.dravivianloureiro.com.br\/blog\/?s={search_term_string}\"},\"query-input\":\"required name=search_term_string\"}],\"inLanguage\":\"pt-BR\"},{\"@type\":\"Organization\",\"@id\":\"https:\/\/www.dravivianloureiro.com.br\/blog\/#organization\",\"name\":\"Dra. Vivian Loureiro - Dermatologista Em S\u00e3o Paulo\",\"url\":\"https:\/\/www.dravivianloureiro.com.br\/blog\/\",\"logo\":{\"@type\":\"ImageObject\",\"inLanguage\":\"pt-BR\",\"@id\":\"https:\/\/www.dravivianloureiro.com.br\/blog\/#\/schema\/logo\/image\/\",\"url\":\"https:\/\/www.dravivianloureiro.com.br\/blog\/wp-content\/uploads\/2018\/08\/favicon.jpg\",\"contentUrl\":\"https:\/\/www.dravivianloureiro.com.br\/blog\/wp-content\/uploads\/2018\/08\/favicon.jpg\",\"width\":112,\"height\":112,\"caption\":\"Dra. Vivian Loureiro - Dermatologista Em S\u00e3o Paulo\"},\"image\":{\"@id\":\"https:\/\/www.dravivianloureiro.com.br\/blog\/#\/schema\/logo\/image\/\"},\"sameAs\":[\"https:\/\/pt-br.facebook.com\/vivianloureirodermatologia\/\",\"https:\/\/www.instagram.com\/vivianloureirodermatologia\/\",\"https:\/\/www.linkedin.com\/in\/vivian-barzi-loureiro-a6412887\/\"]},{\"@type\":\"Person\",\"@id\":\"https:\/\/www.dravivianloureiro.com.br\/blog\/#\/schema\/person\/f6272c0e48dae4364ef626c598c5cb84\",\"name\":\"Vivian Loureiro\",\"image\":{\"@type\":\"ImageObject\",\"inLanguage\":\"pt-BR\",\"@id\":\"https:\/\/www.dravivianloureiro.com.br\/blog\/#\/schema\/person\/image\/\",\"url\":\"https:\/\/secure.gravatar.com\/avatar\/8ee2b0fae98657240c77e822ae139ad3?s=96&d=wp_user_avatar&r=g\",\"contentUrl\":\"https:\/\/secure.gravatar.com\/avatar\/8ee2b0fae98657240c77e822ae139ad3?s=96&d=wp_user_avatar&r=g\",\"caption\":\"Vivian Loureiro\"},\"description\":\"M\u00e9dica formada pela Universidade de S\u00e3o Paulo (USP). Realizou resid\u00eancia m\u00e9dica em Dermatologia e complementa\u00e7\u00e3o em Cosmiatria e Laser pelo departamento de Dermatologia do Hospital das Cl\u00ednicas da Faculdade de Medicina da Universidade de S\u00e3o Paulo (USP). Possui t\u00edtulo de especialista em Dermatologia. \u00c9 membro da Sociedade Brasileira de Dermatologia (SBD) e Sociedade Brasileira de Cirurgia Dermatol\u00f3gica (SBCD) e m\u00e9dica do grupo Fleury. Atua nas \u00e1reas de Dermatologia Cl\u00ednica, Cir\u00fargica, Pedi\u00e1trica e Est\u00e9tica. Frequenta e palestra nos principais cursos e congressos de dermatologia, nacionais e internacionais, a fim de se manter em constante atualiza\u00e7\u00e3o.\",\"sameAs\":[\"https:\/\/www.dravivianloureiro.com.br\/\",\"https:\/\/pt-br.facebook.com\/vivianloureirodermatologia\/\",\"https:\/\/www.instagram.com\/vivianloureirodermatologia\/\",\"https:\/\/www.linkedin.com\/in\/vivian-barzi-loureiro-a6412887\/\"]}]}<\/script>\n<!-- \/ Yoast SEO plugin. -->","yoast_head_json":{"title":"MASCNE: O que \u00e9 e como Evit\u00e1-la? - Dra. Vivian Loureiro","description":"Dra. Vivian Loureiro \u00e9 Dermatologista em SP. Entenda o que \u00e9 a Mascne e como Evitar a Mascne. Contato (11) 3071.1033 \/ 3168.0534","robots":{"index":"index","follow":"follow","max-snippet":"max-snippet:-1","max-image-preview":"max-image-preview:large","max-video-preview":"max-video-preview:-1"},"canonical":"https:\/\/www.dravivianloureiro.com.br\/blog\/mascne-o-que-e-e-como-evita-la\/","og_locale":"pt_BR","og_type":"article","og_title":"MASCNE: O que \u00e9 e como Evit\u00e1-la? - Dra. Vivian Loureiro","og_description":"Dra. Vivian Loureiro \u00e9 Dermatologista em SP. Entenda o que \u00e9 a Mascne e como Evitar a Mascne. Contato (11) 3071.1033 \/ 3168.0534","og_url":"https:\/\/www.dravivianloureiro.com.br\/blog\/mascne-o-que-e-e-como-evita-la\/","og_site_name":"Dra. Vivian Loureiro","article_publisher":"https:\/\/pt-br.facebook.com\/vivianloureirodermatologia\/","article_author":"https:\/\/pt-br.facebook.com\/vivianloureirodermatologia\/","article_published_time":"2020-11-03T23:54:23+00:00","article_modified_time":"2021-03-04T17:42:44+00:00","og_image":[{"width":1200,"height":750,"url":"https:\/\/www.dravivianloureiro.com.br\/blog\/wp-content\/uploads\/2020\/11\/mascne-o-que-e-e-como-evita-la.jpg","type":"image\/jpeg"}],"author":"Vivian Loureiro","twitter_card":"summary_large_image","twitter_misc":{"Escrito por":"Vivian Loureiro","Est. tempo de leitura":"2 minutos"},"schema":{"@context":"https:\/\/schema.org","@graph":[{"@type":"Article","@id":"https:\/\/www.dravivianloureiro.com.br\/blog\/mascne-o-que-e-e-como-evita-la\/#article","isPartOf":{"@id":"https:\/\/www.dravivianloureiro.com.br\/blog\/mascne-o-que-e-e-como-evita-la\/"},"author":{"name":"Vivian Loureiro","@id":"https:\/\/www.dravivianloureiro.com.br\/blog\/#\/schema\/person\/f6272c0e48dae4364ef626c598c5cb84"},"headline":"Mascne: o que \u00e9 e como evit\u00e1-la?","datePublished":"2020-11-03T23:54:23+00:00","dateModified":"2021-03-04T17:42:44+00:00","mainEntityOfPage":{"@id":"https:\/\/www.dravivianloureiro.com.br\/blog\/mascne-o-que-e-e-como-evita-la\/"},"wordCount":345,"commentCount":0,"publisher":{"@id":"https:\/\/www.dravivianloureiro.com.br\/blog\/#organization"},"keywords":["acne","autoestima","bem estar","coronavirus","covid 19","dermato","dermatologia","dermatologia cl\u00ednica em sp","dermatologia especializada","dermatologista","dermatologista em sp","dermatologista itaim","mascaras","mascne","o que \u00e9 a mascne","pandemia","qualidade de vida","rejuvenescimento","saude","saude da pele","vivian loureiro","vivian loureiro dermatologia"],"articleSection":["Acne","Dicas e Cuidados"],"inLanguage":"pt-BR","potentialAction":[{"@type":"CommentAction","name":"Comment","target":["https:\/\/www.dravivianloureiro.com.br\/blog\/mascne-o-que-e-e-como-evita-la\/#respond"]}]},{"@type":"WebPage","@id":"https:\/\/www.dravivianloureiro.com.br\/blog\/mascne-o-que-e-e-como-evita-la\/","url":"https:\/\/www.dravivianloureiro.com.br\/blog\/mascne-o-que-e-e-como-evita-la\/","name":"MASCNE: O que \u00e9 e como Evit\u00e1-la? - Dra. Vivian Loureiro","isPartOf":{"@id":"https:\/\/www.dravivianloureiro.com.br\/blog\/#website"},"datePublished":"2020-11-03T23:54:23+00:00","dateModified":"2021-03-04T17:42:44+00:00","description":"Dra. Vivian Loureiro \u00e9 Dermatologista em SP. Entenda o que \u00e9 a Mascne e como Evitar a Mascne. Contato (11) 3071.1033 \/ 3168.0534","breadcrumb":{"@id":"https:\/\/www.dravivianloureiro.com.br\/blog\/mascne-o-que-e-e-como-evita-la\/#breadcrumb"},"inLanguage":"pt-BR","potentialAction":[{"@type":"ReadAction","target":["https:\/\/www.dravivianloureiro.com.br\/blog\/mascne-o-que-e-e-como-evita-la\/"]}]},{"@type":"BreadcrumbList","@id":"https:\/\/www.dravivianloureiro.com.br\/blog\/mascne-o-que-e-e-como-evita-la\/#breadcrumb","itemListElement":[{"@type":"ListItem","position":1,"name":"In\u00edcio","item":"https:\/\/www.dravivianloureiro.com.br\/blog\/"},{"@type":"ListItem","position":2,"name":"Mascne: o que \u00e9 e como evit\u00e1-la?"}]},{"@type":"WebSite","@id":"https:\/\/www.dravivianloureiro.com.br\/blog\/#website","url":"https:\/\/www.dravivianloureiro.com.br\/blog\/","name":"Dermatologista Vivian Loureiro","description":"","publisher":{"@id":"https:\/\/www.dravivianloureiro.com.br\/blog\/#organization"},"potentialAction":[{"@type":"SearchAction","target":{"@type":"EntryPoint","urlTemplate":"https:\/\/www.dravivianloureiro.com.br\/blog\/?s={search_term_string}"},"query-input":"required name=search_term_string"}],"inLanguage":"pt-BR"},{"@type":"Organization","@id":"https:\/\/www.dravivianloureiro.com.br\/blog\/#organization","name":"Dra. Vivian Loureiro - Dermatologista Em S\u00e3o Paulo","url":"https:\/\/www.dravivianloureiro.com.br\/blog\/","logo":{"@type":"ImageObject","inLanguage":"pt-BR","@id":"https:\/\/www.dravivianloureiro.com.br\/blog\/#\/schema\/logo\/image\/","url":"https:\/\/www.dravivianloureiro.com.br\/blog\/wp-content\/uploads\/2018\/08\/favicon.jpg","contentUrl":"https:\/\/www.dravivianloureiro.com.br\/blog\/wp-content\/uploads\/2018\/08\/favicon.jpg","width":112,"height":112,"caption":"Dra. Vivian Loureiro - Dermatologista Em S\u00e3o Paulo"},"image":{"@id":"https:\/\/www.dravivianloureiro.com.br\/blog\/#\/schema\/logo\/image\/"},"sameAs":["https:\/\/pt-br.facebook.com\/vivianloureirodermatologia\/","https:\/\/www.instagram.com\/vivianloureirodermatologia\/","https:\/\/www.linkedin.com\/in\/vivian-barzi-loureiro-a6412887\/"]},{"@type":"Person","@id":"https:\/\/www.dravivianloureiro.com.br\/blog\/#\/schema\/person\/f6272c0e48dae4364ef626c598c5cb84","name":"Vivian Loureiro","image":{"@type":"ImageObject","inLanguage":"pt-BR","@id":"https:\/\/www.dravivianloureiro.com.br\/blog\/#\/schema\/person\/image\/","url":"https:\/\/secure.gravatar.com\/avatar\/8ee2b0fae98657240c77e822ae139ad3?s=96&d=wp_user_avatar&r=g","contentUrl":"https:\/\/secure.gravatar.com\/avatar\/8ee2b0fae98657240c77e822ae139ad3?s=96&d=wp_user_avatar&r=g","caption":"Vivian Loureiro"},"description":"M\u00e9dica formada pela Universidade de S\u00e3o Paulo (USP). Realizou resid\u00eancia m\u00e9dica em Dermatologia e complementa\u00e7\u00e3o em Cosmiatria e Laser pelo departamento de Dermatologia do Hospital das Cl\u00ednicas da Faculdade de Medicina da Universidade de S\u00e3o Paulo (USP). Possui t\u00edtulo de especialista em Dermatologia. \u00c9 membro da Sociedade Brasileira de Dermatologia (SBD) e Sociedade Brasileira de Cirurgia Dermatol\u00f3gica (SBCD) e m\u00e9dica do grupo Fleury. Atua nas \u00e1reas de Dermatologia Cl\u00ednica, Cir\u00fargica, Pedi\u00e1trica e Est\u00e9tica. Frequenta e palestra nos principais cursos e congressos de dermatologia, nacionais e internacionais, a fim de se manter em constante atualiza\u00e7\u00e3o.","sameAs":["https:\/\/www.dravivianloureiro.com.br\/","https:\/\/pt-br.facebook.com\/vivianloureirodermatologia\/","https:\/\/www.instagram.com\/vivianloureirodermatologia\/","https:\/\/www.linkedin.com\/in\/vivian-barzi-loureiro-a6412887\/"]}]}},"amp_enabled":true,"_links":{"self":[{"href":"https:\/\/www.dravivianloureiro.com.br\/blog\/wp-json\/wp\/v2\/posts\/303"}],"collection":[{"href":"https:\/\/www.dravivianloureiro.com.br\/blog\/wp-json\/wp\/v2\/posts"}],"about":[{"href":"https:\/\/www.dravivianloureiro.com.br\/blog\/wp-json\/wp\/v2\/types\/post"}],"author":[{"embeddable":true,"href":"https:\/\/www.dravivianloureiro.com.br\/blog\/wp-json\/wp\/v2\/users\/1"}],"replies":[{"embeddable":true,"href":"https:\/\/www.dravivianloureiro.com.br\/blog\/wp-json\/wp\/v2\/comments?post=303"}],"version-history":[{"count":0,"href":"https:\/\/www.dravivianloureiro.com.br\/blog\/wp-json\/wp\/v2\/posts\/303\/revisions"}],"wp:featuredmedia":[{"embeddable":true,"href":"https:\/\/www.dravivianloureiro.com.br\/blog\/wp-json\/wp\/v2\/media\/320"}],"wp:attachment":[{"href":"https:\/\/www.dravivianloureiro.com.br\/blog\/wp-json\/wp\/v2\/media?parent=303"}],"wp:term":[{"taxonomy":"category","embeddable":true,"href":"https:\/\/www.dravivianloureiro.com.br\/blog\/wp-json\/wp\/v2\/categories?post=303"},{"taxonomy":"post_tag","embeddable":true,"href":"https:\/\/www.dravivianloureiro.com.br\/blog\/wp-json\/wp\/v2\/tags?post=303"}],"curies":[{"name":"wp","href":"https:\/\/api.w.org\/{rel}","templated":true}]}}