{"id":2996,"date":"2016-08-31T11:26:22","date_gmt":"2016-08-31T14:26:22","guid":{"rendered":"https:\/\/gabrielacasabona.com.br\/?p=2996"},"modified":"2021-04-24T09:15:45","modified_gmt":"2021-04-24T12:15:45","slug":"o-papel-da-nutricao-no-combate-celulite","status":"publish","type":"post","link":"https:\/\/www.dravivianloureiro.com.br\/blog\/o-papel-da-nutricao-no-combate-celulite\/","title":{"rendered":"O Papel da Nutri\u00e7\u00e3o no Combate \u00e0 Celulite"},"content":{"rendered":"<p class=\"estimated-read-time\">Tempo de leitura:<small> 5 minutos<\/small><\/p> <p>Os famosos \u201cfurinhos\u201d est\u00e3o diretamente relacionados a uma alimenta\u00e7\u00e3o com alto \u00edndice glic\u00eamico, agravando ainda mais o caso quando somado ao sedentarismo.<\/p>\n<h2>Entendendo o alto \u00cdndice Glic\u00eamico<\/h2>\n<p>Sabendo que o carboidrato \u00e9 uma fonte de energia fundamental para nosso corpo, o segredo aqui \u00e9 saber como o corpo absorve a subst\u00e2ncia, isso vai lhe dar um melhor entendimento de como fazer o controle do \u00edndice glic\u00eamico na sua alimenta\u00e7\u00e3o di\u00e1ria.<\/p>\n<p>Alimentos de r\u00e1pida ingest\u00e3o (os que n\u00e3o possuem fibras) transformam-se rapidamente em a\u00e7\u00facar, resumindo: quanto mais r\u00e1pida a convers\u00e3o do carboidrato em glicose, maior o \u00edndice glic\u00eamico. Como consequ\u00eancia seu c\u00e9rebro responde com a fome, o que leva voc\u00ea a comer mais. Al\u00e9m disso o alto \u00edndice glic\u00eamico provoca uma eleva\u00e7\u00e3o r\u00e1pida da taxa de a\u00e7\u00facar no sangue, causando assim um processo inflamat\u00f3rio e libera\u00e7\u00e3o de radicais livres, o que colabora para o processo de inflama\u00e7\u00e3o tecidual ligado \u00e0 celulite.<\/p>\n<p>A combina\u00e7\u00e3o e forma de preparo nos alimentos \u00e9 fundamental para equilibrar o n\u00edvel glic\u00eamico, uma alimenta\u00e7\u00e3o rica em fibras tende a resultar em um \u00edndice glic\u00eamico menor do que quando h\u00e1 escassez de fibras.<\/p>\n<h2>O papel da Atividade F\u00edsica<\/h2>\n<p>As c\u00e9lulas\u00a0de gordura tem receptores para adrenalina liberada pelo exerc\u00edcio, o mecanismo aumenta a queima da gordura localizada e melhora da vasculariza\u00e7\u00e3o e drenagem do local com\u00a0<a href=\"https:\/\/gabrielacasabona.com.br\/varias-combinacoes-com-excelentes-resultados\/\" target=\"_blank\" rel=\"noopener\">Celulite<\/a>, desta forma o est\u00edmulo n\u00e3o precisa ser muito longo mas constante.<\/p>\n<p>A recomenda\u00e7\u00e3o na pr\u00e1tica de exerc\u00edcios \u00e9:<br \/>\n<strong>25-35 anos &gt;&gt;\u00a03hrs por semana;<\/strong><br \/>\n<strong>35-45 anos &gt;&gt; 4 hrs por semana;<\/strong><br \/>\n<strong>Mais\u00a0de 45 anos &gt;&gt; 5 hrs por semana<\/strong><\/p>\n<p>A indica\u00e7\u00e3o \u00e9 para manter o metabolismo funcionando e melhorar a qualidade local.<\/p>\n<p>\u00c9 sempre bom lembrar tamb\u00e9m que \u201cSe alimentar bem\u201d, \u00e9 diferente de \u201cComer muito\u201d. Antes de se exercitar voc\u00ea deve se alimentar bem, existem muitas dicas de alimenta\u00e7\u00e3o na web, por\u00e9m o ideal \u00e9 ter um nutricionista para montar o card\u00e1pio de acordo com sua rotina de exerc\u00edcios.<\/p>\n<h2>H\u00e1bitos alimentares<\/h2>\n<p>A orienta\u00e7\u00e3o de se fazer uma refei\u00e7\u00e3o a cada tr\u00eas horas n\u00e3o \u00e9 novidade, o que precisamos entender \u00e9 que nessas refei\u00e7\u00f5es deve-se considerar outros pontos importantes al\u00e9m do \u00edndice glic\u00eamico. Sua alimenta\u00e7\u00e3o vai depender muito de suas atividades di\u00e1rias, saber equilibrar os nutrientes de acordo com o consumo energ\u00e9tico do seu corpo em cada momento do seu dia\u00a0\u00e9 o que vai evitar o\u00a0ac\u00famulo de gordura, prevenindo assim o quadro de Celulite, por isso a import\u00e2ncia de um profissional de nutri\u00e7\u00e3o.<\/p>\n<h2>Tratamentos para Celulite e Gordura Corporal<\/h2>\n<p>Antes de realizar tratamentos est\u00e9ticos \u00e9 sempre importante pensar na mudan\u00e7a de h\u00e1bitos, os tratamentos devem servir como parte de uma combina\u00e7\u00e3o\u00a0de h\u00e1bitos saud\u00e1veis. Listei aqui algumas combina\u00e7\u00f5es de tratamentos que indico para\u00a0<a href=\"https:\/\/gabrielacasabona.com.br\/cuidados-com-a-celulite-2\/\">Celulite<\/a>\u00a0e\u00a0<a href=\"https:\/\/gabrielacasabona.com.br\/como-tratar-a-celulite-em-pele-flacida-ou-edematosa\/\">Gordura Corporal<\/a>.<\/p>\n<h3>Gordura Localizada<\/h3>\n<p><a href=\"https:\/\/gabrielacasabona.com.br\/pescoco-jovem-e-magro-sem-cirurgia\/\" target=\"_blank\" rel=\"noopener\">Kybella \u2013\u00a0ATX 101<\/a><br \/>\nMeso Corporal<br \/>\nReaction<br \/>\nDrenagem Modeladora<\/p>\n<h3>Celulite com gordura localizada<\/h3>\n<p>Reaction<br \/>\nMeso Corporal<br \/>\nRadiesse<br \/>\n<a href=\"https:\/\/gabrielacasabona.com.br\/ultrassom-microfocado-e-suas-diversas-combinacoes-fantasticas\/\" target=\"_blank\" rel=\"noopener\">Ulthera<\/a><\/p>\n<h3>Flacidez<\/h3>\n<p>Radiesse<br \/>\nUlthera<br \/>\nReaction<br \/>\nMicroagulhamento<\/p>\n<h3>Se o IMC for menor de 26<\/h3>\n<p>Meso Corporal<br \/>\nReaction<br \/>\nKybella<br \/>\nPersonal \/ atividade f\u00edsica<br \/>\nDieta<\/p>\n<p><strong>E a novidade da cl\u00ednica, Exilis\u00a0facial, corporal e rejuvenescimento \u00edntimo.<\/strong><br \/>\n<strong>Em todos os protocolos podemos utilizar o Exilis, somente em 4 sess\u00f5es temos resultados surpreendentes.<\/strong><\/p>\n<p>Estou deixando aqui uma tabela de alimentos com \u00edndice glic\u00eamico, tamb\u00e9m o canal de contato com a Nutricionista Rebecca Isaac.<\/p>\n<p><a href=\"http:\/\/bit.ly\/1UBlX7o\" target=\"_blank\" rel=\"noopener\">4 Dicas para Evitar A\u00e7\u00facar na Dieta<\/a><br \/>\n<a href=\"https:\/\/www.facebook.com\/rebeccaisaacnutricionista\/\" target=\"_blank\" rel=\"noopener\">Fanpage da Nutricionista Rebecca Isaac<\/a><\/p>\n<h2>Tabela com\u00a0\u00cdndice Glic\u00eamico:<\/h2>\n<p>Os alimentos est\u00e3o divididos em tr\u00eas categorias de \u00edndice glic\u00eamico: baixo (IG menor ou igual a 55); m\u00e9dio (IG de 56 a 69) e alto (IG maior ou igual a 70). Confira na tabela:<\/p>\n<p>[\/et_pb_text][\/et_pb_column][\/et_pb_row][et_pb_row _builder_version=&#8221;3.0.47&#8243; background_size=&#8221;initial&#8221; background_position=&#8221;top_left&#8221; background_repeat=&#8221;repeat&#8221; custom_padding=&#8221;25px|0px|32px|0px&#8221;][et_pb_column type=&#8221;1_3&#8243;][et_pb_text admin_label=&#8221;BAIXO \u00cdNDICE (AT\u00c9 55)&#8221; background_layout=&#8221;dark&#8221; _builder_version=&#8221;3.0.93&#8243; background_color=&#8221;#79c654&#8243; use_background_color_gradient=&#8221;on&#8221; background_color_gradient_start=&#8221;#79c654&#8243; background_color_gradient_end=&#8221;#a4e57e&#8221; background_color_gradient_direction=&#8221;285deg&#8221; border_radii=&#8221;on|10px|10px|10px|10px&#8221; custom_padding=&#8221;20px|15px|20px|15px&#8221; animation_style=&#8221;fade&#8221; box_shadow_style=&#8221;preset2&#8243;]<\/p>\n<h5>BAIXO \u00cdNDICE (AT\u00c9 55)<\/h5>\n<ul>\n<li>Ma\u00e7\u00e3 (52)<\/li>\n<li class=\"\">P\u00eara (54)<\/li>\n<li class=\"\">Damasco seco (44)<\/li>\n<li>Cenoura crua (16)<\/li>\n<li>Nozes (47)<\/li>\n<li>Soja (18)<\/li>\n<li>Ameixa (55)<\/li>\n<li>Cereja (32)<\/li>\n<li>Abobrinha (20)<\/li>\n<li>Couve-flor (20)<\/li>\n<li>Tomate (20)<\/li>\n<li>Leite integral (39)<\/li>\n<li>Gr\u00e3o de cevada (36)<\/li>\n<li>Espinafre (20)<\/li>\n<li>Iogurte light (20)<\/li>\n<li>Alface (20)<\/li>\n<li>Repolho (20)<\/li>\n<li>Br\u00f3colis (20)<\/li>\n<li>Arroz integral (50)<\/li>\n<\/ul>\n<p>[\/et_pb_text][\/et_pb_column][et_pb_column type=&#8221;1_3&#8243;][et_pb_text admin_label=&#8221;MODERADO (56 A 69)&#8221; background_layout=&#8221;dark&#8221; _builder_version=&#8221;3.0.93&#8243; background_color=&#8221;#79c654&#8243; use_background_color_gradient=&#8221;on&#8221; background_color_gradient_start=&#8221;#a38e44&#8243; background_color_gradient_end=&#8221;#d2d374&#8243; background_color_gradient_direction=&#8221;285deg&#8221; border_radii=&#8221;on|10px|10px|10px|10px&#8221; custom_padding=&#8221;20px|15px|20px|15px&#8221; animation_style=&#8221;fade&#8221; box_shadow_style=&#8221;preset3&#8243;]<\/p>\n<h5>MODERADO (56 A 69)<\/h5>\n<ul>\n<li class=\"\">P\u00eassego fresco (60)<\/li>\n<li class=\"\">Suco de abacaxi (66)<\/li>\n<li>Passas (64)<\/li>\n<li>Arroz parabolizado (68)<\/li>\n<li>P\u00e3o de centeio light (68)<\/li>\n<li>Lactose (66)<\/li>\n<li>Biscoito de \u00e1gua (69)<\/li>\n<li>Ervilhas verdes (68)<\/li>\n<li>Feij\u00f5es cozidos (69)<\/li>\n<li>P\u00eassego enlatado (67)<\/li>\n<li>Abacaxi (66)<\/li>\n<li>Suco de laranja (54)<\/li>\n<li>Uvas (66)<\/li>\n<li>Suco de ma\u00e7\u00e3 (58)<\/li>\n<li>Laranja (63)<\/li>\n<li>Bolo de banana (67)<\/li>\n<li>Macarr\u00e3o (64)<\/li>\n<li>All Bran (60)<\/li>\n<li>Ravioli de carne (56)<\/li>\n<\/ul>\n<p>[\/et_pb_text][\/et_pb_column][et_pb_column type=&#8221;1_3&#8243;][et_pb_text admin_label=&#8221;ALTO \u00cdNDICE (70 OU MAIS)&#8221; background_layout=&#8221;dark&#8221; _builder_version=&#8221;3.0.93&#8243; background_color=&#8221;#79c654&#8243; use_background_color_gradient=&#8221;on&#8221; background_color_gradient_start=&#8221;#d17457&#8243; background_color_gradient_end=&#8221;#aa483b&#8221; background_color_gradient_direction=&#8221;277deg&#8221; border_radii=&#8221;on|10px|10px|10px|10px&#8221; custom_padding=&#8221;20px|15px|20px|15px&#8221; animation_style=&#8221;fade&#8221; box_shadow_style=&#8221;preset2&#8243; box_shadow_horizontal=&#8221;-6px&#8221;]<\/p>\n<h5>ALTO \u00cdNDICE (70 OU MAIS)<\/h5>\n<ul>\n<li>Bebidas isot\u00f4nicas (78)<\/li>\n<li>Gel de carboidratos (100)<\/li>\n<li>Batata frita (107)<\/li>\n<li>Mel (104)<\/li>\n<li>Melancia (72)<\/li>\n<li>P\u00e3o branco 1 fatia (73)<\/li>\n<li>Mingau de aveia (87)<\/li>\n<li>Suco de laranja (74)<\/li>\n<li>Banana (83)<\/li>\n<li>Kiwi (75)<\/li>\n<li>Beterraba (88)<\/li>\n<li>Manga (80)<\/li>\n<li>Waffles (76)<\/li>\n<li>Batata cozida (121)<\/li>\n<li>Barra de cereais (94)<\/li>\n<li>Ab\u00f3bora (75)<\/li>\n<li>Corn flakes (83)<\/li>\n<li>Milho (98)<\/li>\n<li>Farinha de trigo (99)<\/li>\n<\/ul>\n<p>[\/et_pb_text][\/et_pb_column][\/et_pb_row][\/et_pb_section]<\/p>\n","protected":false},"excerpt":{"rendered":"<p><small> 5 minutos<\/small> Os famosos \u201cfurinhos\u201d est\u00e3o diretamente relacionados a uma alimenta\u00e7\u00e3o com alto \u00edndice glic\u00eamico, agravando ainda mais o caso quando somado ao sedentarismo. Entendendo o alto \u00cdndice Glic\u00eamico Sabendo que o carboidrato \u00e9 uma fonte de energia fundamental para nosso corpo, o segredo aqui \u00e9 saber como o corpo absorve a subst\u00e2ncia, isso vai lhe dar um melhor entendimento de como fazer o controle do \u00edndice glic\u00eamico na sua alimenta\u00e7\u00e3o di\u00e1ria. Alimentos de r\u00e1pida ingest\u00e3o (os que n\u00e3o possuem fibras) transformam-se rapidamente em <a href=\"https:\/\/www.dravivianloureiro.com.br\/blog\/o-papel-da-nutricao-no-combate-celulite\/\" class=\"more-link\"><span>Continue lendo<\/span>\u2192<\/a><\/p>\n","protected":false},"author":1,"featured_media":3560,"comment_status":"open","ping_status":"open","sticky":false,"template":"","format":"standard","meta":[],"categories":[375,368,5],"tags":[431,572,573,574,575],"yoast_head":"<!-- This site is optimized with the Yoast SEO plugin v20.6 - https:\/\/yoast.com\/wordpress\/plugins\/seo\/ -->\n<title>O Papel da Nutri\u00e7\u00e3o no Combate \u00e0 Celulite - Dra. Vivian Loureiro<\/title>\n<meta name=\"description\" content=\"Al\u00e9m de tratamentos para Celulite, controlar o \u00edndice glic\u00eamico e praticar exerc\u00edcios ajuda a manter os resultados e dizer adeus aos furinhos indesejados.\" \/>\n<meta name=\"robots\" content=\"index, follow, max-snippet:-1, max-image-preview:large, max-video-preview:-1\" \/>\n<link rel=\"canonical\" href=\"https:\/\/www.dravivianloureiro.com.br\/blog\/o-papel-da-nutricao-no-combate-celulite\/\" \/>\n<meta property=\"og:locale\" content=\"pt_BR\" \/>\n<meta property=\"og:type\" content=\"article\" \/>\n<meta property=\"og:title\" content=\"O Papel da Nutri\u00e7\u00e3o no Combate \u00e0 Celulite - Dra. Vivian Loureiro\" \/>\n<meta property=\"og:description\" content=\"Al\u00e9m de tratamentos para Celulite, controlar o \u00edndice glic\u00eamico e praticar exerc\u00edcios ajuda a manter os resultados e dizer adeus aos furinhos indesejados.\" \/>\n<meta property=\"og:url\" content=\"https:\/\/www.dravivianloureiro.com.br\/blog\/o-papel-da-nutricao-no-combate-celulite\/\" \/>\n<meta property=\"og:site_name\" content=\"Dra. Vivian Loureiro\" \/>\n<meta property=\"article:publisher\" content=\"https:\/\/pt-br.facebook.com\/vivianloureirodermatologia\/\" \/>\n<meta property=\"article:author\" content=\"https:\/\/pt-br.facebook.com\/vivianloureirodermatologia\/\" \/>\n<meta property=\"article:published_time\" content=\"2016-08-31T14:26:22+00:00\" \/>\n<meta property=\"article:modified_time\" content=\"2021-04-24T12:15:45+00:00\" \/>\n<meta name=\"author\" content=\"Vivian Loureiro\" \/>\n<meta name=\"twitter:card\" content=\"summary_large_image\" \/>\n<meta name=\"twitter:label1\" content=\"Escrito por\" \/>\n\t<meta name=\"twitter:data1\" content=\"Vivian Loureiro\" \/>\n\t<meta name=\"twitter:label2\" content=\"Est. tempo de leitura\" \/>\n\t<meta name=\"twitter:data2\" content=\"4 minutos\" \/>\n<script type=\"application\/ld+json\" class=\"yoast-schema-graph\">{\"@context\":\"https:\/\/schema.org\",\"@graph\":[{\"@type\":\"Article\",\"@id\":\"https:\/\/www.dravivianloureiro.com.br\/blog\/o-papel-da-nutricao-no-combate-celulite\/#article\",\"isPartOf\":{\"@id\":\"https:\/\/www.dravivianloureiro.com.br\/blog\/o-papel-da-nutricao-no-combate-celulite\/\"},\"author\":{\"name\":\"Vivian Loureiro\",\"@id\":\"https:\/\/www.dravivianloureiro.com.br\/blog\/#\/schema\/person\/f6272c0e48dae4364ef626c598c5cb84\"},\"headline\":\"O Papel da Nutri\u00e7\u00e3o no Combate \u00e0 Celulite\",\"datePublished\":\"2016-08-31T14:26:22+00:00\",\"dateModified\":\"2021-04-24T12:15:45+00:00\",\"mainEntityOfPage\":{\"@id\":\"https:\/\/www.dravivianloureiro.com.br\/blog\/o-papel-da-nutricao-no-combate-celulite\/\"},\"wordCount\":1013,\"commentCount\":0,\"publisher\":{\"@id\":\"https:\/\/www.dravivianloureiro.com.br\/blog\/#organization\"},\"keywords\":[\"celulite\",\"dermatologia tridimensional\",\"gordura corporal\",\"nurti\u00e7\u00e3o\",\"tratamentos esteticos\"],\"articleSection\":[\"Celulite\",\"Est\u00e9ticos\",\"Flacidez\"],\"inLanguage\":\"pt-BR\",\"potentialAction\":[{\"@type\":\"CommentAction\",\"name\":\"Comment\",\"target\":[\"https:\/\/www.dravivianloureiro.com.br\/blog\/o-papel-da-nutricao-no-combate-celulite\/#respond\"]}]},{\"@type\":\"WebPage\",\"@id\":\"https:\/\/www.dravivianloureiro.com.br\/blog\/o-papel-da-nutricao-no-combate-celulite\/\",\"url\":\"https:\/\/www.dravivianloureiro.com.br\/blog\/o-papel-da-nutricao-no-combate-celulite\/\",\"name\":\"O Papel da Nutri\u00e7\u00e3o no Combate \u00e0 Celulite - Dra. Vivian Loureiro\",\"isPartOf\":{\"@id\":\"https:\/\/www.dravivianloureiro.com.br\/blog\/#website\"},\"datePublished\":\"2016-08-31T14:26:22+00:00\",\"dateModified\":\"2021-04-24T12:15:45+00:00\",\"description\":\"Al\u00e9m de tratamentos para Celulite, controlar o \u00edndice glic\u00eamico e praticar exerc\u00edcios ajuda a manter os resultados e dizer adeus aos furinhos indesejados.\",\"breadcrumb\":{\"@id\":\"https:\/\/www.dravivianloureiro.com.br\/blog\/o-papel-da-nutricao-no-combate-celulite\/#breadcrumb\"},\"inLanguage\":\"pt-BR\",\"potentialAction\":[{\"@type\":\"ReadAction\",\"target\":[\"https:\/\/www.dravivianloureiro.com.br\/blog\/o-papel-da-nutricao-no-combate-celulite\/\"]}]},{\"@type\":\"BreadcrumbList\",\"@id\":\"https:\/\/www.dravivianloureiro.com.br\/blog\/o-papel-da-nutricao-no-combate-celulite\/#breadcrumb\",\"itemListElement\":[{\"@type\":\"ListItem\",\"position\":1,\"name\":\"In\u00edcio\",\"item\":\"https:\/\/www.dravivianloureiro.com.br\/blog\/\"},{\"@type\":\"ListItem\",\"position\":2,\"name\":\"O Papel da Nutri\u00e7\u00e3o no Combate \u00e0 Celulite\"}]},{\"@type\":\"WebSite\",\"@id\":\"https:\/\/www.dravivianloureiro.com.br\/blog\/#website\",\"url\":\"https:\/\/www.dravivianloureiro.com.br\/blog\/\",\"name\":\"Dermatologista Vivian Loureiro\",\"description\":\"\",\"publisher\":{\"@id\":\"https:\/\/www.dravivianloureiro.com.br\/blog\/#organization\"},\"potentialAction\":[{\"@type\":\"SearchAction\",\"target\":{\"@type\":\"EntryPoint\",\"urlTemplate\":\"https:\/\/www.dravivianloureiro.com.br\/blog\/?s={search_term_string}\"},\"query-input\":\"required name=search_term_string\"}],\"inLanguage\":\"pt-BR\"},{\"@type\":\"Organization\",\"@id\":\"https:\/\/www.dravivianloureiro.com.br\/blog\/#organization\",\"name\":\"Dra. Vivian Loureiro - Dermatologista Em S\u00e3o Paulo\",\"url\":\"https:\/\/www.dravivianloureiro.com.br\/blog\/\",\"logo\":{\"@type\":\"ImageObject\",\"inLanguage\":\"pt-BR\",\"@id\":\"https:\/\/www.dravivianloureiro.com.br\/blog\/#\/schema\/logo\/image\/\",\"url\":\"https:\/\/www.dravivianloureiro.com.br\/blog\/wp-content\/uploads\/2018\/08\/favicon.jpg\",\"contentUrl\":\"https:\/\/www.dravivianloureiro.com.br\/blog\/wp-content\/uploads\/2018\/08\/favicon.jpg\",\"width\":112,\"height\":112,\"caption\":\"Dra. Vivian Loureiro - Dermatologista Em S\u00e3o Paulo\"},\"image\":{\"@id\":\"https:\/\/www.dravivianloureiro.com.br\/blog\/#\/schema\/logo\/image\/\"},\"sameAs\":[\"https:\/\/pt-br.facebook.com\/vivianloureirodermatologia\/\",\"https:\/\/www.instagram.com\/vivianloureirodermatologia\/\",\"https:\/\/www.linkedin.com\/in\/vivian-barzi-loureiro-a6412887\/\"]},{\"@type\":\"Person\",\"@id\":\"https:\/\/www.dravivianloureiro.com.br\/blog\/#\/schema\/person\/f6272c0e48dae4364ef626c598c5cb84\",\"name\":\"Vivian Loureiro\",\"image\":{\"@type\":\"ImageObject\",\"inLanguage\":\"pt-BR\",\"@id\":\"https:\/\/www.dravivianloureiro.com.br\/blog\/#\/schema\/person\/image\/\",\"url\":\"https:\/\/secure.gravatar.com\/avatar\/8ee2b0fae98657240c77e822ae139ad3?s=96&d=wp_user_avatar&r=g\",\"contentUrl\":\"https:\/\/secure.gravatar.com\/avatar\/8ee2b0fae98657240c77e822ae139ad3?s=96&d=wp_user_avatar&r=g\",\"caption\":\"Vivian Loureiro\"},\"description\":\"M\u00e9dica formada pela Universidade de S\u00e3o Paulo (USP). Realizou resid\u00eancia m\u00e9dica em Dermatologia e complementa\u00e7\u00e3o em Cosmiatria e Laser pelo departamento de Dermatologia do Hospital das Cl\u00ednicas da Faculdade de Medicina da Universidade de S\u00e3o Paulo (USP). Possui t\u00edtulo de especialista em Dermatologia. \u00c9 membro da Sociedade Brasileira de Dermatologia (SBD) e Sociedade Brasileira de Cirurgia Dermatol\u00f3gica (SBCD) e m\u00e9dica do grupo Fleury. Atua nas \u00e1reas de Dermatologia Cl\u00ednica, Cir\u00fargica, Pedi\u00e1trica e Est\u00e9tica. Frequenta e palestra nos principais cursos e congressos de dermatologia, nacionais e internacionais, a fim de se manter em constante atualiza\u00e7\u00e3o.\",\"sameAs\":[\"https:\/\/www.dravivianloureiro.com.br\/\",\"https:\/\/pt-br.facebook.com\/vivianloureirodermatologia\/\",\"https:\/\/www.instagram.com\/vivianloureirodermatologia\/\",\"https:\/\/www.linkedin.com\/in\/vivian-barzi-loureiro-a6412887\/\"]}]}<\/script>\n<!-- \/ Yoast SEO plugin. -->","yoast_head_json":{"title":"O Papel da Nutri\u00e7\u00e3o no Combate \u00e0 Celulite - Dra. Vivian Loureiro","description":"Al\u00e9m de tratamentos para Celulite, controlar o \u00edndice glic\u00eamico e praticar exerc\u00edcios ajuda a manter os resultados e dizer adeus aos furinhos indesejados.","robots":{"index":"index","follow":"follow","max-snippet":"max-snippet:-1","max-image-preview":"max-image-preview:large","max-video-preview":"max-video-preview:-1"},"canonical":"https:\/\/www.dravivianloureiro.com.br\/blog\/o-papel-da-nutricao-no-combate-celulite\/","og_locale":"pt_BR","og_type":"article","og_title":"O Papel da Nutri\u00e7\u00e3o no Combate \u00e0 Celulite - Dra. Vivian Loureiro","og_description":"Al\u00e9m de tratamentos para Celulite, controlar o \u00edndice glic\u00eamico e praticar exerc\u00edcios ajuda a manter os resultados e dizer adeus aos furinhos indesejados.","og_url":"https:\/\/www.dravivianloureiro.com.br\/blog\/o-papel-da-nutricao-no-combate-celulite\/","og_site_name":"Dra. Vivian Loureiro","article_publisher":"https:\/\/pt-br.facebook.com\/vivianloureirodermatologia\/","article_author":"https:\/\/pt-br.facebook.com\/vivianloureirodermatologia\/","article_published_time":"2016-08-31T14:26:22+00:00","article_modified_time":"2021-04-24T12:15:45+00:00","author":"Vivian Loureiro","twitter_card":"summary_large_image","twitter_misc":{"Escrito por":"Vivian Loureiro","Est. tempo de leitura":"4 minutos"},"schema":{"@context":"https:\/\/schema.org","@graph":[{"@type":"Article","@id":"https:\/\/www.dravivianloureiro.com.br\/blog\/o-papel-da-nutricao-no-combate-celulite\/#article","isPartOf":{"@id":"https:\/\/www.dravivianloureiro.com.br\/blog\/o-papel-da-nutricao-no-combate-celulite\/"},"author":{"name":"Vivian Loureiro","@id":"https:\/\/www.dravivianloureiro.com.br\/blog\/#\/schema\/person\/f6272c0e48dae4364ef626c598c5cb84"},"headline":"O Papel da Nutri\u00e7\u00e3o no Combate \u00e0 Celulite","datePublished":"2016-08-31T14:26:22+00:00","dateModified":"2021-04-24T12:15:45+00:00","mainEntityOfPage":{"@id":"https:\/\/www.dravivianloureiro.com.br\/blog\/o-papel-da-nutricao-no-combate-celulite\/"},"wordCount":1013,"commentCount":0,"publisher":{"@id":"https:\/\/www.dravivianloureiro.com.br\/blog\/#organization"},"keywords":["celulite","dermatologia tridimensional","gordura corporal","nurti\u00e7\u00e3o","tratamentos esteticos"],"articleSection":["Celulite","Est\u00e9ticos","Flacidez"],"inLanguage":"pt-BR","potentialAction":[{"@type":"CommentAction","name":"Comment","target":["https:\/\/www.dravivianloureiro.com.br\/blog\/o-papel-da-nutricao-no-combate-celulite\/#respond"]}]},{"@type":"WebPage","@id":"https:\/\/www.dravivianloureiro.com.br\/blog\/o-papel-da-nutricao-no-combate-celulite\/","url":"https:\/\/www.dravivianloureiro.com.br\/blog\/o-papel-da-nutricao-no-combate-celulite\/","name":"O Papel da Nutri\u00e7\u00e3o no Combate \u00e0 Celulite - Dra. Vivian Loureiro","isPartOf":{"@id":"https:\/\/www.dravivianloureiro.com.br\/blog\/#website"},"datePublished":"2016-08-31T14:26:22+00:00","dateModified":"2021-04-24T12:15:45+00:00","description":"Al\u00e9m de tratamentos para Celulite, controlar o \u00edndice glic\u00eamico e praticar exerc\u00edcios ajuda a manter os resultados e dizer adeus aos furinhos indesejados.","breadcrumb":{"@id":"https:\/\/www.dravivianloureiro.com.br\/blog\/o-papel-da-nutricao-no-combate-celulite\/#breadcrumb"},"inLanguage":"pt-BR","potentialAction":[{"@type":"ReadAction","target":["https:\/\/www.dravivianloureiro.com.br\/blog\/o-papel-da-nutricao-no-combate-celulite\/"]}]},{"@type":"BreadcrumbList","@id":"https:\/\/www.dravivianloureiro.com.br\/blog\/o-papel-da-nutricao-no-combate-celulite\/#breadcrumb","itemListElement":[{"@type":"ListItem","position":1,"name":"In\u00edcio","item":"https:\/\/www.dravivianloureiro.com.br\/blog\/"},{"@type":"ListItem","position":2,"name":"O Papel da Nutri\u00e7\u00e3o no Combate \u00e0 Celulite"}]},{"@type":"WebSite","@id":"https:\/\/www.dravivianloureiro.com.br\/blog\/#website","url":"https:\/\/www.dravivianloureiro.com.br\/blog\/","name":"Dermatologista Vivian Loureiro","description":"","publisher":{"@id":"https:\/\/www.dravivianloureiro.com.br\/blog\/#organization"},"potentialAction":[{"@type":"SearchAction","target":{"@type":"EntryPoint","urlTemplate":"https:\/\/www.dravivianloureiro.com.br\/blog\/?s={search_term_string}"},"query-input":"required name=search_term_string"}],"inLanguage":"pt-BR"},{"@type":"Organization","@id":"https:\/\/www.dravivianloureiro.com.br\/blog\/#organization","name":"Dra. Vivian Loureiro - Dermatologista Em S\u00e3o Paulo","url":"https:\/\/www.dravivianloureiro.com.br\/blog\/","logo":{"@type":"ImageObject","inLanguage":"pt-BR","@id":"https:\/\/www.dravivianloureiro.com.br\/blog\/#\/schema\/logo\/image\/","url":"https:\/\/www.dravivianloureiro.com.br\/blog\/wp-content\/uploads\/2018\/08\/favicon.jpg","contentUrl":"https:\/\/www.dravivianloureiro.com.br\/blog\/wp-content\/uploads\/2018\/08\/favicon.jpg","width":112,"height":112,"caption":"Dra. Vivian Loureiro - Dermatologista Em S\u00e3o Paulo"},"image":{"@id":"https:\/\/www.dravivianloureiro.com.br\/blog\/#\/schema\/logo\/image\/"},"sameAs":["https:\/\/pt-br.facebook.com\/vivianloureirodermatologia\/","https:\/\/www.instagram.com\/vivianloureirodermatologia\/","https:\/\/www.linkedin.com\/in\/vivian-barzi-loureiro-a6412887\/"]},{"@type":"Person","@id":"https:\/\/www.dravivianloureiro.com.br\/blog\/#\/schema\/person\/f6272c0e48dae4364ef626c598c5cb84","name":"Vivian Loureiro","image":{"@type":"ImageObject","inLanguage":"pt-BR","@id":"https:\/\/www.dravivianloureiro.com.br\/blog\/#\/schema\/person\/image\/","url":"https:\/\/secure.gravatar.com\/avatar\/8ee2b0fae98657240c77e822ae139ad3?s=96&d=wp_user_avatar&r=g","contentUrl":"https:\/\/secure.gravatar.com\/avatar\/8ee2b0fae98657240c77e822ae139ad3?s=96&d=wp_user_avatar&r=g","caption":"Vivian Loureiro"},"description":"M\u00e9dica formada pela Universidade de S\u00e3o Paulo (USP). Realizou resid\u00eancia m\u00e9dica em Dermatologia e complementa\u00e7\u00e3o em Cosmiatria e Laser pelo departamento de Dermatologia do Hospital das Cl\u00ednicas da Faculdade de Medicina da Universidade de S\u00e3o Paulo (USP). Possui t\u00edtulo de especialista em Dermatologia. \u00c9 membro da Sociedade Brasileira de Dermatologia (SBD) e Sociedade Brasileira de Cirurgia Dermatol\u00f3gica (SBCD) e m\u00e9dica do grupo Fleury. Atua nas \u00e1reas de Dermatologia Cl\u00ednica, Cir\u00fargica, Pedi\u00e1trica e Est\u00e9tica. Frequenta e palestra nos principais cursos e congressos de dermatologia, nacionais e internacionais, a fim de se manter em constante atualiza\u00e7\u00e3o.","sameAs":["https:\/\/www.dravivianloureiro.com.br\/","https:\/\/pt-br.facebook.com\/vivianloureirodermatologia\/","https:\/\/www.instagram.com\/vivianloureirodermatologia\/","https:\/\/www.linkedin.com\/in\/vivian-barzi-loureiro-a6412887\/"]}]}},"amp_enabled":true,"_links":{"self":[{"href":"https:\/\/www.dravivianloureiro.com.br\/blog\/wp-json\/wp\/v2\/posts\/2996"}],"collection":[{"href":"https:\/\/www.dravivianloureiro.com.br\/blog\/wp-json\/wp\/v2\/posts"}],"about":[{"href":"https:\/\/www.dravivianloureiro.com.br\/blog\/wp-json\/wp\/v2\/types\/post"}],"author":[{"embeddable":true,"href":"https:\/\/www.dravivianloureiro.com.br\/blog\/wp-json\/wp\/v2\/users\/1"}],"replies":[{"embeddable":true,"href":"https:\/\/www.dravivianloureiro.com.br\/blog\/wp-json\/wp\/v2\/comments?post=2996"}],"version-history":[{"count":0,"href":"https:\/\/www.dravivianloureiro.com.br\/blog\/wp-json\/wp\/v2\/posts\/2996\/revisions"}],"wp:featuredmedia":[{"embeddable":true,"href":"https:\/\/www.dravivianloureiro.com.br\/blog\/wp-json\/"}],"wp:attachment":[{"href":"https:\/\/www.dravivianloureiro.com.br\/blog\/wp-json\/wp\/v2\/media?parent=2996"}],"wp:term":[{"taxonomy":"category","embeddable":true,"href":"https:\/\/www.dravivianloureiro.com.br\/blog\/wp-json\/wp\/v2\/categories?post=2996"},{"taxonomy":"post_tag","embeddable":true,"href":"https:\/\/www.dravivianloureiro.com.br\/blog\/wp-json\/wp\/v2\/tags?post=2996"}],"curies":[{"name":"wp","href":"https:\/\/api.w.org\/{rel}","templated":true}]}}